{"id":175410,"date":"2016-04-24T03:27:19","date_gmt":"2016-04-24T03:27:19","guid":{"rendered":"https:\/\/www.meydan.tv\/article\/azerbaycan-zulmetinde-bir-cigir\/"},"modified":"2016-04-24T03:27:19","modified_gmt":"2016-04-24T03:27:19","slug":"azerbaycan-zulmetinde-bir-cigir","status":"publish","type":"post","link":"https:\/\/www.meydan.tv\/az\/article\/azerbaycan-zulmetinde-bir-cigir\/","title":{"rendered":"Az\u0259rbaycan z\u00fclm\u0259tind\u0259 bir c\u0131\u011f\u0131r"},"content":{"rendered":"<figure class=\"wp-block-image size-large\">\n  <img decoding=\"async\" src=\"https:\/\/www.meydan.tv\/az\/55590\/\" alt=\"\" class=\"wp-image-55590\"\/><figcaption><\/figcaption><\/figure>\n<figure class=\"wp-block-image size-large\">\n  <img decoding=\"async\" src=\"https:\/\/www.meydan.tv\/az\/orxan-qarayev-banner\/\" alt=\"Orxan Qarayev &#8211; Banner\" class=\"wp-image-55584\"\/><figcaption><\/figcaption><\/figure>\n<p>\n  \u018fkr\u0259m \u018fylislinin yazd\u0131\u011f\u0131 \u201cDa\u015f yuxular\u201d \u00e7ap edildikd\u0259n sonra Az\u0259rbaycan\u0131n ictimai h\u0259yat\u0131na da\u015f kimi d\u00fc\u015fd\u00fc v\u0259 yaz\u0131\u00e7\u0131n\u0131n \u00f6z\u00fcn\u0259 m\u00fcxt\u0259lif probleml\u0259r yaratd\u0131, t\u0259zyiql\u0259r oldu v\u0259 b\u00fct\u00fcn bunlar azm\u0131\u015f kimi, yax\u0131n g\u00fcnl\u0259rd\u0259 \u00f6lk\u0259d\u0259n \u00e7\u0131x\u0131\u015f\u0131n\u0131n qar\u015f\u0131s\u0131 al\u0131nd\u0131, cinay\u0259t i\u015fi ba\u015fland\u0131. \u018f.\u018fylisliy\u0259 qar\u015f\u0131 \u0259vv\u0259lc\u0259 CM-nin 221.1-ci madd\u0259si \u00fczr\u0259 ittiham ir\u0259li s\u00fcr\u00fclm\u00fc\u015fd\u00fc. H\u0259min ittihamda 320 saatdan 400 saatad\u0259k ictimai i\u015fl\u0259r, bir il islah i\u015fl\u0259ri v\u0259 ya bir il\u0259d\u0259k h\u0259bs c\u0259zas\u0131 n\u0259z\u0259rd\u0259 tutulurdu. Daha sonra is\u0259 prezident\u0259 yazd\u0131\u011f\u0131 a\u00e7\u0131q m\u0259ktuba g\u00f6r\u0259 ittiham a\u011f\u0131rla\u015fd\u0131r\u0131laraq Cinay\u0259t M\u0259c\u0259ll\u0259sinin 315.1-ci madd\u0259si il\u0259 ittiham edilir v\u0259 burda yaln\u0131zca 3 (\u00fc\u00e7) il\u0259d\u0259k h\u0259bs c\u0259zas\u0131 var. Ta \u0259vv\u0259lind\u0259n haqq\u0131nda \u00e7e\u015fitli ittihamlarla t\u0259zyiq\u0259 m\u0259ruz qalan, kitablar\u0131 yand\u0131r\u0131lan \u018fylislinin \u201cDa\u015f Yuxular\u201d\u0131 n\u0259ymi\u015f ki, bel\u0259 hadis\u0259l\u0259r ba\u015f verdi? G\u0259lin biraz bunu ayd\u0131nla\u015fd\u0131raq.\n<\/p>\n<p>\n  \u201cDa\u015f yuxular\u201d sovetl\u0259rin da\u011f\u0131lmas\u0131 \u0259r\u0259f\u0259sind\u0259 Az\u0259rbaycan-Erm\u0259nistan aras\u0131ndak\u0131 konfliktl\u0259r fonunda insan \u0259zablar\u0131n\u0131n v\u0259 xatir\u0259l\u0259rinin t\u0259c\u0259ss\u00fcm\u00fcd\u00fcr. S\u0131nmaz, \u0259yilm\u0259z Saday Sad\u0131ql\u0131n\u0131n \u00f6l\u00fcm yata\u011f\u0131nda ik\u0259n a\u011fl\u0131ndan ke\u00e7\u0259nl\u0259r, \u015f\u00fcurunda iz buraxm\u0131\u015f hadis\u0259l\u0259r n\u0259ql olunur, eyni zamanda Doktor F\u0259rzaninin t\u0259nhal\u0131\u011f\u0131 \u00fcz\u0259rind\u0259n d\u00f6vr\u00fcn Bak\u0131s\u0131, ona dair d\u00fc\u015f\u00fcnc\u0259l\u0259ri, m\u00fc\u015fahid\u0259l\u0259ri g\u00f6st\u0259rilir.\n<\/p>\n<p>\n  \u0130nsanlarda q\u0131c\u0131q yaradan m\u0259s\u0259l\u0259 \u018fylislinin Bak\u0131da erm\u0259nil\u0259rin t\u0259qibi, d\u00f6y\u00fclm\u0259si v\u0259 s. m\u00f6vzular\u0131na toxunmas\u0131, ayr\u0131ca \u018fylisin erm\u0259ni sakinl\u0259ri haqda i\u015fl\u0259tdiyi xo\u015f , az\u0259ril\u0259r haqq\u0131nda dediyi pis s\u00f6zl\u0259rdir. G\u0259lin, ilk \u00f6nc\u0259 birinci iddiaya ayd\u0131nl\u0131q g\u0259tir\u0259k. Az\u0259rbaycanl\u0131lar\u0131n Erm\u0259nistandan deportasiya olundu\u011fu d\u00f6vrd\u0259 eyni t\u0259rzd\u0259 h\u0259r\u0259k\u0259tl\u0259r Bak\u0131da da olurdu, evl\u0259r\u0259 gir\u0259r\u0259k m\u0259nzill\u0259ri q\u0259sb edir, yiy\u0259l\u0259nirdil\u0259r. Bir g\u00fcn evin\u0259 qay\u0131dan \u201cbak\u0131l\u0131 erm\u0259ni\u201dnin ill\u0259rdir ya\u015fad\u0131\u011f\u0131, x\u0259yallar\u0131 il\u0259 dolu oldu\u011fu evinin \u0259slind\u0259 olmad\u0131\u011f\u0131n\u0131 g\u00f6rm\u0259si nec\u0259 d\u0259 k\u0259d\u0259rli m\u0259nz\u0259r\u0259dir. \u201cEv\u201d h\u0259m d\u0259 v\u0259t\u0259ndir, \u00e7\u00fcnki s\u0259n orda \u00f6z\u00fcn\u00fc daha \u00e7ox etibarl\u0131 yerd\u0259 imi\u015f kimi hiss edirs\u0259n.\n<\/p>\n<p>\n  Tan\u0131d\u0131\u011f\u0131m insanlar aras\u0131nda da erm\u0259nil\u0259rin evin\u0259 gir\u0259r\u0259k, oran\u0131 z\u0259bt ed\u0259r\u0259k \u201cev sahibi\u201d olan \u015f\u0259xsl\u0259r var v\u0259 bundan b\u0259z\u0259n utansalar da, he\u00e7n\u0259 unudulmur. \u018flb\u0259tt\u0259, \u00f6z evl\u0259rind\u0259n uzaq d\u00fc\u015fm\u00fc\u015f t\u0259kc\u0259 erm\u0259nil\u0259r deyil, h\u0259m d\u0259 Q\u0259rbi Az\u0259rbaycandan deportasiya olunmu\u015f insanlard\u0131r, lakin ikincil\u0259ri vur\u011fulay\u0131b, birincil\u0259rin is\u0259 bel\u0259 bir \u0259ziyy\u0259t g\u00f6rm\u0259diyini iddia etm\u0259k sad\u0259c\u0259 insanl\u0131qdan k\u0259nar h\u0259r\u0259k\u0259tdir v\u0259 \u0259limizi vicdan\u0131m\u0131za qoyaraq dan\u0131\u015fmaq laz\u0131md\u0131r. Az\u0259ri-erm\u0259ni konflikti t\u0259kc\u0259 s\u0259ks\u0259nl\u0259rin sonunda olmay\u0131b, daha \u0259vv\u0259l d\u0259 ba\u015f verib v\u0259 1905-1907-ci ill\u0259rd\u0259ki hadis\u0259l\u0259r zaman\u0131 b\u00f6y\u00fck \u0259dibimiz C\u0259lil M\u0259mm\u0259dquluzad\u0259nin \u201cMolla N\u0259sr\u0259ddin\u201d jurnal\u0131n\u0131n 17 sentyabr 1907 tarixind\u0259 yazd\u0131\u011f\u0131 \u201cYolda\u015f\u201d yaz\u0131s\u0131nda n\u0259 yazd\u0131\u011f\u0131na diqq\u0259t ed\u0259k:\n<\/p>\n<p>\n  \u201c\u2026 s\u00f6z\u00fcn do\u011frusu budur ki, erm\u0259ni d\u0259 \u00f6z xeyrini qan\u0131r, m\u00fcs\u0259lman da \u00f6z xeyrini qan\u0131r. Allah erm\u0259ni v\u0259 m\u00fcs\u0259lman davas\u0131na b\u0259r\u0259k\u0259t versin. \u018fg\u0259r erm\u0259ni m\u00fcs\u0259lman davas\u0131 olmasayd\u0131, n\u0259 erm\u0259nil\u0259r Qaraba\u011fda Xank\u0259ndini da\u011f\u0131d\u0131b m\u00fcs\u0259lman\u0131n var-yoxuna sahib ola bil\u0259rdi, n\u0259 d\u0259 Nax\u00e7\u0131vanda m\u00fcs\u0259lmanlar erm\u0259nil\u0259rin d\u00fckanlar\u0131n\u0131 da\u011f\u0131d\u0131b top-top \u00e7itl\u0259rini evl\u0259rin\u0259 da\u015f\u0131ya bil\u0259rdil\u0259r. Laz\u0131md\u0131r m\u00fclahiz\u0259 etm\u0259k ki, m\u0259s\u0259l\u0259n, Xank\u0259ndind\u0259 n\u0259 q\u0259d\u0259r erm\u0259ni yox yerd\u0259n bir sat\u0131n i\u00e7ind\u0259 d\u00f6vl\u0259t\u0259 \u00e7atd\u0131 v\u0259 n\u0259 q\u0259d\u0259r m\u00fcs\u0259lman Nax\u00e7\u0131vanda bir saat\u0131n m\u00fcdd\u0259tind\u0259 d\u00f6vl\u0259t sahibi oldu?\u201d\n<\/p>\n<p>\n  Aradan 100 il ke\u00e7mi\u015f v\u0259 he\u00e7n\u0259 d\u0259yi\u015fm\u0259mi\u015fs\u0259, bunlar\u0131 yenid\u0259n dil\u0259 g\u0259tir\u0259n \u018fylislid\u0259 g\u00fcnah daha \u00e7oxdur, yoxsa ba\u015f\u0131n\u0131 d\u0259v\u0259qu\u015fu kimi torpa\u011f\u0131n alt\u0131nda gizl\u0259d\u0259n bizl\u0259rd\u0259?\n<\/p>\n<p>\n  \u0130kinci m\u0259s\u0259l\u0259d\u0259 az\u0259rbaycanl\u0131lar q\u0131c\u0131qlan\u0131r ki, nec\u0259 olur az\u0259ril\u0259r pisdir, amma erm\u0259nil\u0259r yax\u015f\u0131d\u0131r? Bel\u0259 bir \u015fey m\u00fcmk\u00fcnd\u00fcrm\u00fc? Xalq\u0131m\u0131z onlara doza-doza, ampula-ampula yeridil\u0259n nifr\u0259t\u0259 g\u00f6r\u0259 \u00f6zl\u0259rinin h\u0259r zaman yax\u015f\u0131, erm\u0259nil\u0259rin is\u0259 h\u0259r zaman pis oldu\u011funu d\u00fc\u015f\u00fcn\u00fcr. \u018fylisli Haykanu\u015f adl\u0131 bir obraz yarad\u0131b ki, h\u0259min obraz yetim qalm\u0131\u015f u\u015fa\u011f\u0131 (Camal\u0131) \u00e7imdir\u0259n erm\u0259nidir v\u0259 \u0259s\u0259rin \u0259n t\u0259sirli s\u0259hn\u0259l\u0259rind\u0259n biridir. Yetim Camal n\u0259n\u0259si \u018fzran\u0131n g\u00f6z\u00fc tutulandan sonra ba\u015f\u0131na su d\u0259ym\u0259y\u0259n, bu s\u0259b\u0259bd\u0259n d\u0259 h\u0259r zaman ba\u015f\u0131nda kepka il\u0259 g\u0259z\u0259n bir o\u011fland\u0131r. Camal\u0131 m\u0259kt\u0259bd\u0259 d\u0259 kepkan\u0131 ba\u015f\u0131ndan \u00e7\u0131xarmad\u0131\u011f\u0131 \u00fc\u00e7\u00fcn danlay\u0131rlar, ancaq bunun s\u0259b\u0259bini he\u00e7 kim duymur, ya da duymaq ist\u0259mir, yaln\u0131z Haykanu\u015f onu \u00e7imdirdikd\u0259n sonra y\u0131\u011f\u0131\u015f\u0131b g\u0259l\u0259n az\u0259rbaycanl\u0131 qad\u0131nlar aras\u0131nda ke\u00e7\u0259n bu dialoq h\u0259r \u015feyi ifad\u0259 edir:\n<\/p>\n<p>\n  \u201c- K\u00fcl bizim m\u00fcs\u0259lman ba\u015f\u0131m\u0131za, bir yetimin ba\u015f\u0131n yuma\u011fa da qeyr\u0259timiz \u00e7atmad\u0131.<br \/>\n  <br \/>\n  &#8211; Yuyub da, erm\u0259ni olanda n\u0259 olar. Haykanu\u015f g\u00f6yd\u0259n g\u0259lm\u0259yib ki! O da bu k\u0259ndin adam\u0131d\u0131r.\u201d\n<\/p>\n<p>\n  \u018fylislinin dialoq i\u00e7ind\u0259 vur\u011fulad\u0131\u011f\u0131 n\u00f6qt\u0259 he\u00e7 d\u0259 b\u00fct\u00fcn m\u00fcs\u0259lmanlar\u0131n pis, erm\u0259nil\u0259rin yax\u015f\u0131 oldu\u011fu deyil, \u0259ksin\u0259 b\u0259\u015f\u0259ri d\u0259y\u0259rl\u0259rin ist\u0259nil\u0259n xalq \u00fc\u00e7\u00fcn ke\u00e7\u0259rli oldu\u011fu; yax\u015f\u0131l\u0131\u011f\u0131n, \u015f\u0259fq\u0259tin v\u0259 sevginin he\u00e7 bir irqi, dini f\u0259rq k\u0259sb etm\u0259m\u0259sidir. O, ham\u0131 \u00fc\u00e7\u00fcnd\u00fcr v\u0259 burda he\u00e7 bir ayr\u0131se\u00e7kiliy\u0259 yol verm\u0259k olmaz. Saday Sad\u0131ql\u0131n\u0131n \u018fylis k\u0259ndin\u0259 olan sevgisi d\u0259 el\u0259 insanl\u0131\u011fa v\u0259 m\u0259rh\u0259m\u0259t\u0259, sevgiy\u0259, \u015f\u0259fq\u0259t\u0259 olan t\u0259zah\u00fcr\u00fcyd\u00fc. \u201cOnun \u018fylis\u0259 vur\u011funlu\u011funun, b\u0259lk\u0259 d\u0259, n\u0259 erm\u0259niy\u0259, n\u0259 m\u00fcs\u0259lmana d\u0259xli vard\u0131. \u0130nsan\u0131n haqq-h\u0259qiq\u0259t\u0259 sadiqliyini bu da bel\u0259 bir ali \u2013 v\u0259 a\u011fayana- t\u0259zah\u00fcr\u00fcyd\u00fc.\u201d\n<\/p>\n<p>\n  \u018fylisli \u0259s\u0259r boyunca iki paralel x\u0259tt apar\u0131r; ger\u00e7\u0259klik v\u0259 yuxu. Ger\u00e7\u0259klikd\u0259n qopmu\u015f, \u00f6lm\u0259kd\u0259 olan Saday Sad\u0131ql\u0131 \u015f\u00fcurunun d\u0259rinlikl\u0259rind\u0259 iz qoymu\u015f b\u00fct\u00fcn hadis\u0259l\u0259ri, u\u015faql\u0131\u011f\u0131n\u0131, \u018fylisi xat\u0131rlay\u0131r, onlarla yenid\u0259n qar\u015f\u0131la\u015f\u0131r, eyni zamanda ger\u00e7\u0259klikd\u0259n daha \u00e7ox qopur, batd\u0131\u011f\u0131 \u201cda\u015f yuxusundan\u201d he\u00e7 c\u00fcr ay\u0131la bilmir. \u201cDa\u015f yuxular\u201d metaforu t\u0259kc\u0259 Saday Budaql\u0131n\u0131 \u201c\u00f6l\u00fcm\u0259\u201d aparm\u0131r, eyni zamanda c\u0259miyy\u0259tin i\u00e7ind\u0259 yarad\u0131lan kin, nifr\u0259t \u00fcns\u00fcrl\u0259rinin d\u0259 m\u0259n\u0259vi \u00f6l\u00fcm\u0259 apard\u0131\u011f\u0131n\u0131 g\u00f6st\u0259rir.\n<\/p>\n<p>\n  Doktor F\u0259rzaninin g\u00f6z\u00fcnd\u0259n h\u0259min d\u00f6vr\u00fcn Bak\u0131s\u0131na n\u0259z\u0259r salaq: \u201cQ\u0259rib\u0259ydi, art\u0131q bir ne\u00e7\u0259 ayd\u0131 ki, n\u0259inki gec\u0259l\u0259r, h\u0259tta g\u00fcnd\u00fczl\u0259r d\u0259 Bak\u0131n\u0131n k\u00fc\u00e7\u0259l\u0259rind\u0259 t\u0259k-t\u0259k, yaxud c\u00fct-c\u00fct g\u0259z\u0259n adamlar he\u00e7 yerd\u0259 g\u00f6z\u0259 d\u0259ymirdi. \u0130ndi bu \u015f\u0259h\u0259rd\u0259 insanlar s\u00fcr\u00fc-s\u00fcr\u00fc, d\u0259st\u0259-d\u0259st\u0259 g\u0259zirdil\u0259r. V\u0259 dan\u0131\u015fma\u011f\u0131n, s\u00f6z dem\u0259yin k\u00fclli-ixtiyar\u0131 da sanki yaln\u0131z s\u00fcr\u00fc-s\u00fcr\u00fc, d\u0259st\u0259-d\u0259st\u0259 g\u0259z\u0259n bu insanlara verilmi\u015fdi. Sanki bu \u015f\u0259h\u0259rd\u0259 daha he\u00e7 k\u0259s \u00f6z\u00fc deyildi. El\u0259 bil 5-10 n\u0259f\u0259r \u00fcr\u0259ksiz, beyinsiz, allahs\u0131z v\u0259 \u015f\u0259xsiyy\u0259tsizin minl\u0259rl\u0259 n\u00fcsx\u0259sini \u00e7\u0131xar\u0131b, \u015f\u0259h\u0259rin can\u0131na buraxm\u0131\u015fd\u0131lar v\u0259 maraql\u0131 buras\u0131yd\u0131 ki, bu adamlar\u0131n gec\u0259li-g\u00fcnd\u00fczl\u00fc ba\u011f\u0131ra-ba\u011f\u0131ra dediyi s\u00f6zl\u0259rin miqdar\u0131 da, t\u0259xmin\u0259n, ibtidai insanlar\u0131n ov vaxt\u0131 i\u015fl\u0259tdiyi s\u00f6zl\u0259rin say\u0131 q\u0259d\u0259rind\u0259ydi:\n<\/p>\n<p>\n  A- zad-l\u0131q!<br \/>\n  <br \/>\n  \u0130s-te-fa!<br \/>\n  <br \/>\n  Qa-ra-ba\u011f!\u201d\n<\/p>\n<p>\n  B\u0259li, aprelin \u0259vv\u0259lind\u0259 ba\u015f ver\u0259n hadis\u0259l\u0259rd\u0259 yen\u0259 minl\u0259rl\u0259 n\u00fcsx\u0259 insan\u0131n eyni h\u0259r\u0259k\u0259tl\u0259ri \u015f\u00fcursuz \u015f\u0259kild\u0259 t\u0259krar etdiyini, qana susad\u0131\u011f\u0131n\u0131, y\u0131\u011f\u0131lan enerjini m\u00fcxt\u0259lif yollarla canlar\u0131ndan \u00e7\u0131xarma\u011fa \u00e7al\u0131\u015fd\u0131\u011f\u0131n\u0131 g\u00f6r\u00fcrd\u00fck. Bu n\u00fcsx\u0259l\u0259r ill\u0259rl\u0259 i\u015fl\u0259nmi\u015f, haz\u0131rlanm\u0131\u015f, iqtidar\u0131n \u00fcmumi s\u0259yl\u0259rinin n\u0259tic\u0259si idi v\u0259 yarad\u0131lan g\u0259rginlikd\u0259n maksimum d\u0259r\u0259c\u0259d\u0259 istifad\u0259 edildi. Halbuki h\u0259r iki t\u0259r\u0259fd\u0259n \u00f6l\u0259nl\u0259rin say\u0131 qorxunc d\u0259r\u0259c\u0259 idi, sosial mediada g\u00f6rd\u00fcy\u00fcm\u00fcz \u015f\u0259kill\u0259r insan\u0131 d\u0259h\u015f\u0259t\u0259 g\u0259tirir, nifr\u0259tin n\u0259 q\u0259d\u0259r \u00fcr\u0259kbuland\u0131r\u0131c\u0131 bir hiss oldu\u011funu g\u00f6st\u0259rirdi, ancaq bunu g\u00f6r\u0259c\u0259k g\u00f6zl\u0259r varm\u0131? \u201cDa\u015f yuxular\u201d\u0131n \u201cD\u00f6rd\u00fcnc\u00fc f\u0259sil\u201dinin ba\u015flan\u011f\u0131c\u0131ndaki s\u00f6zl\u0259r\u0259 diqq\u0259t ed\u0259k:\n<\/p>\n<p>\n  \u201cBu f\u0259sild\u0259 doktor Abas\u0259liyev deyir ki, d\u00fcnyada g\u00fcnahs\u0131z m\u0259hv edilmi\u015f qocalar\u0131n, qad\u0131n v\u0259 u\u015faqlar\u0131n h\u0259r birin\u0259 birc\u0259 \u015fam yand\u0131r\u0131b qoysayd\u0131lar, o \u015famlar\u0131n i\u015f\u0131\u011f\u0131 g\u00f6yd\u0259ki Ay\u0131n i\u015f\u0131\u011f\u0131ndan bir xeyli g\u00fcr olard\u0131.\u201d\n<\/p>\n<p>\n  B\u0259s do\u011frudan da m\u0131, Az\u0259rbaycan reall\u0131\u011f\u0131nda \u201cqaranl\u0131\u011f\u0131 l\u0259n\u0259tl\u0259m\u0259yib, bir \u015fam yand\u0131racaq\u201d ziyal\u0131lar, \u015f\u0259xsl\u0259r varm\u0131? Xeyr, yoxdur, \u0259v\u0259zind\u0259 ham\u0131 sonuna q\u0259d\u0259r qana susay\u0131b, \u00f6ld\u00fcrm\u0259y\u0259 haz\u0131rd\u0131r. Olanlar\u0131 da he\u00e7 kim q\u0259bul etm\u0259k ist\u0259mir, \u0259v\u0259zind\u0259 \u201cerm\u0259ni d\u0259yirman\u0131na su t\u00f6k\u0259n\u201d, v\u0259t\u0259n xaini kimi etiketl\u0259rl\u0259 dam\u011falay\u0131r, d\u00fc\u015fm\u0259n\u0259 olan nifr\u0259tind\u0259n \u00f6z h\u0259myerlil\u0259rin\u0259 d\u0259 pay verirl\u0259r, \u00e7\u00fcnki sistem bunun \u00fcz\u0259rind\u0259n qurulub, insanlar buna uy\u011funla\u015fd\u0131r\u0131l\u0131b. G\u00fcnahs\u0131z insanlar (ist\u0259r h\u0259rb\u00e7i, ist\u0259r m\u00fclki v\u0259t\u0259nda\u015flar) siyasi intriqalar\u0131n, iqtidar\u0131n qurban\u0131 olur v\u0259 \u018fkr\u0259m \u018fylisli d\u0259 h\u0259min qurbanlardan birin\u0259 \u00e7evrilm\u0259k \u00fczr\u0259dir. B\u00fct\u00fcn bunlar\u0131n fonunda \u018fkr\u0259m \u018fylisli is\u0259 prezident\u0259 a\u00e7\u0131q m\u0259ktubunda bel\u0259 yaz\u0131r: \u201cM\u0259nim \u0259qid\u0259m\u0259 g\u00f6r\u0259, q\u0259lbind\u0259 &#8211; dinind\u0259n v\u0259 milli m\u0259nsubiyy\u0259tind\u0259n as\u0131l\u0131 olmayaraq &#8211; h\u0259r k\u0259s\u0259 m\u0259rh\u0259m\u0259t hissi ya\u015fadan Saday Sad\u0131ql\u0131, doktor Abas\u0259liyev, doktor F\u0259rzani kimi y\u00fcks\u0259k m\u0259n\u0259viyyatl\u0131 v\u0259 b\u00f6y\u00fck \u00fcr\u0259kli Az\u0259rbaycan ziyal\u0131lar\u0131n\u0131n t\u0259svir edildiyi bir \u0259s\u0259r Az\u0259rbaycan xalq\u0131n\u0131 al\u00e7alda bilm\u0259z.\u201d\n<\/p>\n<p>\n  Biz\u0259 bel\u0259 ziyal\u0131lar\u0131n laz\u0131m oldu\u011fu, daha humanist, m\u00fcharib\u0259y\u0259 qar\u015f\u0131 \u015f\u0259xsl\u0259r g\u0259r\u0259kli oldu\u011fu halda, bu m\u0259ktubun cavab\u0131nda \u018fylisli n\u0259 cavab al\u0131r? Daha da a\u011f\u0131r ittihamla g\u00fcnahland\u0131r\u0131l\u0131r. 80 ya\u015f\u0131na \u00e7atm\u0131\u015f, h\u0259yat\u0131n\u0131 \u0259d\u0259biyyata h\u0259sr etmi\u015f, \u0259d\u0259biyyat\u0131m\u0131zda kifay\u0259t q\u0259d\u0259r yax\u015f\u0131 \u0259s\u0259rl\u0259r yaratm\u0131\u015f \u015f\u0259xs\u0259 qar\u015f\u0131 olan qaralama, pisl\u0259m\u0259 kampaniyas\u0131na s\u0259s \u00e7\u0131xaran yoxdur. S\u00f6z \u0259b\u0259didir v\u0259 yax\u015f\u0131l\u0131q \u00fc\u00e7\u00fcn deyilmi\u015f he\u00e7 bir s\u00f6z unudulmur.\n<\/p>\n<p>\n  Bu r\u0259zilliy\u0259 bir son qoymaq v\u0259 \u018fkr\u0259m \u018fylisliy\u0259 qar\u015f\u0131 cinay\u0259t i\u015fini saxlamaq laz\u0131md\u0131r. Unutmaq laz\u0131m deyil ki, n\u0259 olmasa da, zaman\u0131n \u0259dal\u0259ti b\u00fct\u00fcn \u0259dal\u0259tl\u0259rd\u0259n daha y\u00fcks\u0259kd\u0259dir v\u0259 o, hans\u0131sa d\u00f6vl\u0259tin, \u015f\u0259xsin, qurumun t\u0259sirin\u0259 d\u00fc\u015f\u0259c\u0259k m\u0259hk\u0259m\u0259 sistemi deyil. Yaz\u0131n\u0131 \u018fylislinin \u201cDa\u015f yuxular\u201dda Osip Mandel\u015ftamdan g\u0259tirdiyi sitatla ba\u015fa vurmaq ist\u0259yir\u0259m. Ha\u015fiy\u0259y\u0259 \u00e7\u0131xaraq deyim ki, Mandel\u015ftam\u0131 m\u0259hkum ed\u0259n hakimi he\u00e7 kim tan\u0131m\u0131r, amma indi m\u0259n ondan sitat g\u0259tirir\u0259m. Bu, \u00f6zl\u00fcy\u00fcnd\u0259 \u00e7ox \u015feyi ifad\u0259 edir.\n<\/p>\n<p>\n  \u201cG\u00fcnahs\u0131z \u00f6ld\u00fcr\u00fclm\u00fc\u015f milyonlarla insan z\u00fclm\u0259t qaranl\u0131qda c\u0131\u011f\u0131r sal\u0131rd\u0131.\u201d\n<\/p>\n<p>\n  <b><br \/>\n    Yaz\u0131 m\u00fc\u0259llifin \u015f\u0259xsi m\u00f6vqeyini \u0259ks etdirir. M\u00fc\u0259llifin m\u00f6vqeyi Meydan.Tv-nin m\u00f6vqeyi il\u0259 \u00fcst-\u00fcst\u0259 d\u00fc\u015fm\u0259y\u0259 bil\u0259r.<br \/>\n  <\/b><\/p>\n","protected":false},"excerpt":{"rendered":"<p>\u018fkr\u0259m \u018fylislinin da\u015fa d\u00f6nm\u00fc\u015f yuxular\u0131<\/p>\n","protected":false},"author":11,"featured_media":55590,"comment_status":"closed","ping_status":"open","sticky":false,"template":"","format":"standard","meta":{"_acf_changed":false,"_sitemap_exclude":false,"_sitemap_priority":"","_sitemap_frequency":"","footnotes":""},"categories":[57],"tags":[],"class_list":["post-175410","post","type-post","status-publish","format-standard","has-post-thumbnail","hentry","category-menim-fikrimce","infinite-scroll-item","generate-columns","tablet-grid-50","mobile-grid-100","grid-parent","grid-33","no-featured-image-padding"],"acf":[],"yoast_head":"<!-- This site is optimized with the Yoast SEO plugin v27.5 - https:\/\/yoast.com\/product\/yoast-seo-wordpress\/ -->\n<title>Az\u0259rbaycan z\u00fclm\u0259tind\u0259 bir c\u0131\u011f\u0131r - MEYDAN.TV<\/title>\n<meta name=\"robots\" content=\"index, follow, max-snippet:-1, max-image-preview:large, max-video-preview:-1\" \/>\n<link rel=\"canonical\" href=\"https:\/\/www.meydan.tv\/az\/article\/azerbaycan-zulmetinde-bir-cigir\/\" \/>\n<meta property=\"og:locale\" content=\"az_AZ\" \/>\n<meta property=\"og:type\" content=\"article\" \/>\n<meta property=\"og:title\" content=\"Az\u0259rbaycan z\u00fclm\u0259tind\u0259 bir c\u0131\u011f\u0131r - MEYDAN.TV\" \/>\n<meta property=\"og:description\" content=\"\u018fkr\u0259m \u018fylislinin da\u015fa d\u00f6nm\u00fc\u015f yuxular\u0131\" \/>\n<meta property=\"og:url\" content=\"https:\/\/www.meydan.tv\/az\/article\/azerbaycan-zulmetinde-bir-cigir\/\" \/>\n<meta property=\"og:site_name\" content=\"MEYDAN.TV\" \/>\n<meta property=\"article:published_time\" content=\"2016-04-24T03:27:19+00:00\" \/>\n<meta property=\"og:image\" content=\"https:\/\/www.meydan.tv\/wp-content\/uploads\/21012.jpg\" \/>\n\t<meta property=\"og:image:width\" content=\"700\" \/>\n\t<meta property=\"og:image:height\" content=\"700\" \/>\n\t<meta property=\"og:image:type\" content=\"image\/jpeg\" \/>\n<meta name=\"author\" content=\"user-manager\" \/>\n<meta name=\"twitter:card\" content=\"summary_large_image\" \/>\n<script type=\"application\/ld+json\" class=\"yoast-schema-graph\">{\"@context\":\"https:\\\/\\\/schema.org\",\"@graph\":[{\"@type\":\"Article\",\"@id\":\"https:\\\/\\\/www.meydan.tv\\\/az\\\/article\\\/azerbaycan-zulmetinde-bir-cigir\\\/#article\",\"isPartOf\":{\"@id\":\"https:\\\/\\\/www.meydan.tv\\\/az\\\/article\\\/azerbaycan-zulmetinde-bir-cigir\\\/\"},\"author\":{\"name\":\"user-manager\",\"@id\":\"https:\\\/\\\/www.meydan.tv\\\/az\\\/#\\\/schema\\\/person\\\/10d11eccf6da3662cf5fdab9806ea91a\"},\"headline\":\"Az\u0259rbaycan z\u00fclm\u0259tind\u0259 bir c\u0131\u011f\u0131r\",\"datePublished\":\"2016-04-24T03:27:19+00:00\",\"mainEntityOfPage\":{\"@id\":\"https:\\\/\\\/www.meydan.tv\\\/az\\\/article\\\/azerbaycan-zulmetinde-bir-cigir\\\/\"},\"wordCount\":2151,\"publisher\":{\"@id\":\"https:\\\/\\\/www.meydan.tv\\\/az\\\/#organization\"},\"image\":{\"@id\":\"https:\\\/\\\/www.meydan.tv\\\/az\\\/article\\\/azerbaycan-zulmetinde-bir-cigir\\\/#primaryimage\"},\"thumbnailUrl\":\"https:\\\/\\\/www.meydan.tv\\\/wp-content\\\/uploads\\\/21012.jpg\",\"articleSection\":[\"M\u0259nim Fikrimc\u0259\"],\"inLanguage\":\"az\"},{\"@type\":\"WebPage\",\"@id\":\"https:\\\/\\\/www.meydan.tv\\\/az\\\/article\\\/azerbaycan-zulmetinde-bir-cigir\\\/\",\"url\":\"https:\\\/\\\/www.meydan.tv\\\/az\\\/article\\\/azerbaycan-zulmetinde-bir-cigir\\\/\",\"name\":\"Az\u0259rbaycan z\u00fclm\u0259tind\u0259 bir c\u0131\u011f\u0131r - MEYDAN.TV\",\"isPartOf\":{\"@id\":\"https:\\\/\\\/www.meydan.tv\\\/az\\\/#website\"},\"primaryImageOfPage\":{\"@id\":\"https:\\\/\\\/www.meydan.tv\\\/az\\\/article\\\/azerbaycan-zulmetinde-bir-cigir\\\/#primaryimage\"},\"image\":{\"@id\":\"https:\\\/\\\/www.meydan.tv\\\/az\\\/article\\\/azerbaycan-zulmetinde-bir-cigir\\\/#primaryimage\"},\"thumbnailUrl\":\"https:\\\/\\\/www.meydan.tv\\\/wp-content\\\/uploads\\\/21012.jpg\",\"datePublished\":\"2016-04-24T03:27:19+00:00\",\"breadcrumb\":{\"@id\":\"https:\\\/\\\/www.meydan.tv\\\/az\\\/article\\\/azerbaycan-zulmetinde-bir-cigir\\\/#breadcrumb\"},\"inLanguage\":\"az\",\"potentialAction\":[{\"@type\":\"ReadAction\",\"target\":[\"https:\\\/\\\/www.meydan.tv\\\/az\\\/article\\\/azerbaycan-zulmetinde-bir-cigir\\\/\"]}]},{\"@type\":\"ImageObject\",\"inLanguage\":\"az\",\"@id\":\"https:\\\/\\\/www.meydan.tv\\\/az\\\/article\\\/azerbaycan-zulmetinde-bir-cigir\\\/#primaryimage\",\"url\":\"https:\\\/\\\/www.meydan.tv\\\/wp-content\\\/uploads\\\/21012.jpg\",\"contentUrl\":\"https:\\\/\\\/www.meydan.tv\\\/wp-content\\\/uploads\\\/21012.jpg\",\"width\":700,\"height\":700,\"caption\":\"Source:\"},{\"@type\":\"BreadcrumbList\",\"@id\":\"https:\\\/\\\/www.meydan.tv\\\/az\\\/article\\\/azerbaycan-zulmetinde-bir-cigir\\\/#breadcrumb\",\"itemListElement\":[{\"@type\":\"ListItem\",\"position\":1,\"name\":\"Ana s\u0259hif\u0259\",\"item\":\"https:\\\/\\\/www.meydan.tv\\\/az\\\/\"},{\"@type\":\"ListItem\",\"position\":2,\"name\":\"M\u0259nim Fikrimc\u0259\",\"item\":\"https:\\\/\\\/www.meydan.tv\\\/az\\\/section\\\/menim-fikrimce\\\/\"},{\"@type\":\"ListItem\",\"position\":3,\"name\":\"Az\u0259rbaycan z\u00fclm\u0259tind\u0259 bir c\u0131\u011f\u0131r\"}]},{\"@type\":\"WebSite\",\"@id\":\"https:\\\/\\\/www.meydan.tv\\\/az\\\/#website\",\"url\":\"https:\\\/\\\/www.meydan.tv\\\/az\\\/\",\"name\":\"MEYDAN.TV\",\"description\":\"Meydan TV Az\u0259rbaycan\u0131n media m\u0259kan\u0131ndak\u0131 alternativ s\u0259sidir\",\"publisher\":{\"@id\":\"https:\\\/\\\/www.meydan.tv\\\/az\\\/#organization\"},\"potentialAction\":[{\"@type\":\"SearchAction\",\"target\":{\"@type\":\"EntryPoint\",\"urlTemplate\":\"https:\\\/\\\/www.meydan.tv\\\/az\\\/?s={search_term_string}\"},\"query-input\":{\"@type\":\"PropertyValueSpecification\",\"valueRequired\":true,\"valueName\":\"search_term_string\"}}],\"inLanguage\":\"az\"},{\"@type\":\"Organization\",\"@id\":\"https:\\\/\\\/www.meydan.tv\\\/az\\\/#organization\",\"name\":\"Meydan TV\",\"url\":\"https:\\\/\\\/www.meydan.tv\\\/az\\\/\",\"logo\":{\"@type\":\"ImageObject\",\"inLanguage\":\"az\",\"@id\":\"https:\\\/\\\/www.meydan.tv\\\/az\\\/#\\\/schema\\\/logo\\\/image\\\/\",\"url\":\"https:\\\/\\\/www.meydan.tv\\\/wp-content\\\/uploads\\\/2021\\\/07\\\/meydan-logo.svg\",\"contentUrl\":\"https:\\\/\\\/www.meydan.tv\\\/wp-content\\\/uploads\\\/2021\\\/07\\\/meydan-logo.svg\",\"width\":195,\"height\":46,\"caption\":\"Meydan TV\"},\"image\":{\"@id\":\"https:\\\/\\\/www.meydan.tv\\\/az\\\/#\\\/schema\\\/logo\\\/image\\\/\"}},{\"@type\":\"Person\",\"@id\":\"https:\\\/\\\/www.meydan.tv\\\/az\\\/#\\\/schema\\\/person\\\/10d11eccf6da3662cf5fdab9806ea91a\",\"name\":\"user-manager\"}]}<\/script>\n<!-- \/ Yoast SEO plugin. -->","yoast_head_json":{"title":"Az\u0259rbaycan z\u00fclm\u0259tind\u0259 bir c\u0131\u011f\u0131r - MEYDAN.TV","robots":{"index":"index","follow":"follow","max-snippet":"max-snippet:-1","max-image-preview":"max-image-preview:large","max-video-preview":"max-video-preview:-1"},"canonical":"https:\/\/www.meydan.tv\/az\/article\/azerbaycan-zulmetinde-bir-cigir\/","og_locale":"az_AZ","og_type":"article","og_title":"Az\u0259rbaycan z\u00fclm\u0259tind\u0259 bir c\u0131\u011f\u0131r - MEYDAN.TV","og_description":"\u018fkr\u0259m \u018fylislinin da\u015fa d\u00f6nm\u00fc\u015f yuxular\u0131","og_url":"https:\/\/www.meydan.tv\/az\/article\/azerbaycan-zulmetinde-bir-cigir\/","og_site_name":"MEYDAN.TV","article_published_time":"2016-04-24T03:27:19+00:00","og_image":[{"width":700,"height":700,"url":"https:\/\/www.meydan.tv\/wp-content\/uploads\/21012.jpg","type":"image\/jpeg"}],"author":"user-manager","twitter_card":"summary_large_image","schema":{"@context":"https:\/\/schema.org","@graph":[{"@type":"Article","@id":"https:\/\/www.meydan.tv\/az\/article\/azerbaycan-zulmetinde-bir-cigir\/#article","isPartOf":{"@id":"https:\/\/www.meydan.tv\/az\/article\/azerbaycan-zulmetinde-bir-cigir\/"},"author":{"name":"user-manager","@id":"https:\/\/www.meydan.tv\/az\/#\/schema\/person\/10d11eccf6da3662cf5fdab9806ea91a"},"headline":"Az\u0259rbaycan z\u00fclm\u0259tind\u0259 bir c\u0131\u011f\u0131r","datePublished":"2016-04-24T03:27:19+00:00","mainEntityOfPage":{"@id":"https:\/\/www.meydan.tv\/az\/article\/azerbaycan-zulmetinde-bir-cigir\/"},"wordCount":2151,"publisher":{"@id":"https:\/\/www.meydan.tv\/az\/#organization"},"image":{"@id":"https:\/\/www.meydan.tv\/az\/article\/azerbaycan-zulmetinde-bir-cigir\/#primaryimage"},"thumbnailUrl":"https:\/\/www.meydan.tv\/wp-content\/uploads\/21012.jpg","articleSection":["M\u0259nim Fikrimc\u0259"],"inLanguage":"az"},{"@type":"WebPage","@id":"https:\/\/www.meydan.tv\/az\/article\/azerbaycan-zulmetinde-bir-cigir\/","url":"https:\/\/www.meydan.tv\/az\/article\/azerbaycan-zulmetinde-bir-cigir\/","name":"Az\u0259rbaycan z\u00fclm\u0259tind\u0259 bir c\u0131\u011f\u0131r - MEYDAN.TV","isPartOf":{"@id":"https:\/\/www.meydan.tv\/az\/#website"},"primaryImageOfPage":{"@id":"https:\/\/www.meydan.tv\/az\/article\/azerbaycan-zulmetinde-bir-cigir\/#primaryimage"},"image":{"@id":"https:\/\/www.meydan.tv\/az\/article\/azerbaycan-zulmetinde-bir-cigir\/#primaryimage"},"thumbnailUrl":"https:\/\/www.meydan.tv\/wp-content\/uploads\/21012.jpg","datePublished":"2016-04-24T03:27:19+00:00","breadcrumb":{"@id":"https:\/\/www.meydan.tv\/az\/article\/azerbaycan-zulmetinde-bir-cigir\/#breadcrumb"},"inLanguage":"az","potentialAction":[{"@type":"ReadAction","target":["https:\/\/www.meydan.tv\/az\/article\/azerbaycan-zulmetinde-bir-cigir\/"]}]},{"@type":"ImageObject","inLanguage":"az","@id":"https:\/\/www.meydan.tv\/az\/article\/azerbaycan-zulmetinde-bir-cigir\/#primaryimage","url":"https:\/\/www.meydan.tv\/wp-content\/uploads\/21012.jpg","contentUrl":"https:\/\/www.meydan.tv\/wp-content\/uploads\/21012.jpg","width":700,"height":700,"caption":"Source:"},{"@type":"BreadcrumbList","@id":"https:\/\/www.meydan.tv\/az\/article\/azerbaycan-zulmetinde-bir-cigir\/#breadcrumb","itemListElement":[{"@type":"ListItem","position":1,"name":"Ana s\u0259hif\u0259","item":"https:\/\/www.meydan.tv\/az\/"},{"@type":"ListItem","position":2,"name":"M\u0259nim Fikrimc\u0259","item":"https:\/\/www.meydan.tv\/az\/section\/menim-fikrimce\/"},{"@type":"ListItem","position":3,"name":"Az\u0259rbaycan z\u00fclm\u0259tind\u0259 bir c\u0131\u011f\u0131r"}]},{"@type":"WebSite","@id":"https:\/\/www.meydan.tv\/az\/#website","url":"https:\/\/www.meydan.tv\/az\/","name":"MEYDAN.TV","description":"Meydan TV Az\u0259rbaycan\u0131n media m\u0259kan\u0131ndak\u0131 alternativ s\u0259sidir","publisher":{"@id":"https:\/\/www.meydan.tv\/az\/#organization"},"potentialAction":[{"@type":"SearchAction","target":{"@type":"EntryPoint","urlTemplate":"https:\/\/www.meydan.tv\/az\/?s={search_term_string}"},"query-input":{"@type":"PropertyValueSpecification","valueRequired":true,"valueName":"search_term_string"}}],"inLanguage":"az"},{"@type":"Organization","@id":"https:\/\/www.meydan.tv\/az\/#organization","name":"Meydan TV","url":"https:\/\/www.meydan.tv\/az\/","logo":{"@type":"ImageObject","inLanguage":"az","@id":"https:\/\/www.meydan.tv\/az\/#\/schema\/logo\/image\/","url":"https:\/\/www.meydan.tv\/wp-content\/uploads\/2021\/07\/meydan-logo.svg","contentUrl":"https:\/\/www.meydan.tv\/wp-content\/uploads\/2021\/07\/meydan-logo.svg","width":195,"height":46,"caption":"Meydan TV"},"image":{"@id":"https:\/\/www.meydan.tv\/az\/#\/schema\/logo\/image\/"}},{"@type":"Person","@id":"https:\/\/www.meydan.tv\/az\/#\/schema\/person\/10d11eccf6da3662cf5fdab9806ea91a","name":"user-manager"}]}},"_links":{"self":[{"href":"https:\/\/www.meydan.tv\/az\/wp-json\/wp\/v2\/posts\/175410","targetHints":{"allow":["GET"]}}],"collection":[{"href":"https:\/\/www.meydan.tv\/az\/wp-json\/wp\/v2\/posts"}],"about":[{"href":"https:\/\/www.meydan.tv\/az\/wp-json\/wp\/v2\/types\/post"}],"author":[{"embeddable":true,"href":"https:\/\/www.meydan.tv\/az\/wp-json\/wp\/v2\/users\/11"}],"replies":[{"embeddable":true,"href":"https:\/\/www.meydan.tv\/az\/wp-json\/wp\/v2\/comments?post=175410"}],"version-history":[{"count":0,"href":"https:\/\/www.meydan.tv\/az\/wp-json\/wp\/v2\/posts\/175410\/revisions"}],"wp:featuredmedia":[{"embeddable":true,"href":"https:\/\/www.meydan.tv\/az\/wp-json\/wp\/v2\/media\/55590"}],"wp:attachment":[{"href":"https:\/\/www.meydan.tv\/az\/wp-json\/wp\/v2\/media?parent=175410"}],"wp:term":[{"taxonomy":"category","embeddable":true,"href":"https:\/\/www.meydan.tv\/az\/wp-json\/wp\/v2\/categories?post=175410"},{"taxonomy":"post_tag","embeddable":true,"href":"https:\/\/www.meydan.tv\/az\/wp-json\/wp\/v2\/tags?post=175410"}],"curies":[{"name":"wp","href":"https:\/\/api.w.org\/{rel}","templated":true}]}}