{"id":175400,"date":"2016-04-22T22:12:23","date_gmt":"2016-04-22T22:12:23","guid":{"rendered":"https:\/\/www.meydan.tv\/article\/kimler-sehid-hesab-olunur-cavab-veririk-1\/"},"modified":"2016-04-22T22:12:23","modified_gmt":"2016-04-22T22:12:23","slug":"kimler-sehid-hesab-olunur-cavab-veririk-1","status":"publish","type":"post","link":"https:\/\/www.meydan.tv\/az\/article\/kimler-sehid-hesab-olunur-cavab-veririk-1\/","title":{"rendered":"Kiml\u0259r \u015f\u0259hid hesab olunur? &#8211; Cavab veririk #1"},"content":{"rendered":"<p>\n  <i><br \/>\n    <b><br \/>\n      Aprelin 2-d\u0259n 5-d\u0259k c\u0259bh\u0259 x\u0259ttind\u0259 v\u0259ziyy\u0259t g\u0259rgin olub. \u015e\u0259hid say\u0131 il\u0259 ba\u011fl\u0131 r\u0259smi m\u0259lumatlarla qeyri &#8211; r\u0259smi m\u0259lumatlar \u00fcst \u00fcst\u0259 d\u00fc\u015fm\u00fcr. B\u0259s kiml\u0259r \u015f\u0259hid hesab olunur? \u015e\u0259hid statusu \u00fc\u00e7\u00fcn ail\u0259l\u0259r m\u00fcraci\u0259t ed\u0259 bil\u0259rmi? N\u0259hay\u0259t, \u015f\u0259hid ail\u0259l\u0259rin\u0259 hans\u0131 g\u00fcz\u0259\u015ftl\u0259r t\u0259tbiq edilir? Bu suallara q\u0131sa m\u00fcdd\u0259td\u0259 cavab tapma\u011fa \u00e7al\u0131\u015faca\u011f\u0131q.<br \/>\n    <\/b><br \/>\n  <\/i>\n<\/p>\n<\/p>\n<figure class=\"wp-block-image size-large\">\n  <img decoding=\"async\" src=\"https:\/\/www.meydan.tv\/az\/55359\/\" alt=\"\" class=\"wp-image-55359\"\/><figcaption><\/figcaption><\/figure>\n<p>\n  Qanunvericiliy\u0259 g\u00f6r\u0259, \u00f6lk\u0259nin azadl\u0131\u011f\u0131, s\u00fcverenliyi v\u0259 \u0259razi b\u00fct\u00f6vl\u00fcy\u00fc u\u011frunda h\u0259lak olan \u015f\u0259xs \u015f\u0259hid say\u0131l\u0131r. \u00a0At\u0259\u015fk\u0259s d\u00f6vr\u00fcnd\u0259 d\u00f6y\u00fc\u015f \u015f\u0259raitind\u0259 olan h\u0259rbi hiss\u0259l\u0259rd\u0259 v\u0259 ya daxili i\u015fl\u0259r, milli t\u0259hl\u00fck\u0259sizlik orqanlar\u0131nda d\u00f6y\u00fc\u015f tap\u015f\u0131r\u0131\u011f\u0131n\u0131 yerin\u0259 yetir\u0259rk\u0259n h\u0259lak olan, itkin d\u00fc\u015f\u0259n v\u0259 m\u0259hk\u0259m\u0259 q\u0259rar\u0131 il\u0259 \u00f6lm\u00fc\u015f hesab edil\u0259n \u015f\u0259xsl\u0259r d\u0259 \u015e\u0259hid hesab edilir. Bundan ba\u015fqa d\u00f6vl\u0259t s\u0259rh\u0259ddinin m\u00fchafiz\u0259si zaman\u0131 h\u0259lak olan v\u0259 itkin d\u00fc\u015f\u0259n h\u0259rbi qulluq\u00e7ular da \u015f\u0259hid statusu al\u0131r.\n<\/p>\n<figure class=\"wp-block-image size-large\">\n  <img decoding=\"async\" src=\"https:\/\/www.meydan.tv\/az\/55362\/\" alt=\"\" class=\"wp-image-55362\"\/><figcaption><\/figcaption><\/figure>\n<p>\n  <br \/>\n  Qanunvericilikd\u0259 \u015f\u0259hid ail\u0259si dedikd\u0259 \u015f\u0259hidin h\u0259yat yolda\u015f\u0131, u\u015faqlar\u0131, bac\u0131-qarda\u015f\u0131, valideynl\u0259ri v\u0259 qanunla onlar\u0131 saxlamal\u0131 \u015f\u0259xs yoxdursa, n\u0259n\u0259 v\u0259 babas\u0131 n\u0259z\u0259rd\u0259 tutulur. &#8220;\u015e\u0259hid ad\u0131n\u0131n \u0259b\u0259dil\u0259\u015fdirilm\u0259si v\u0259 \u015f\u0259hid ail\u0259l\u0259rin\u0259 edil\u0259n g\u00fcz\u0259\u015ftl\u0259r haqq\u0131nda&#8221; qanuna g\u00f6r\u0259 \u015f\u0259hid ail\u0259sin\u0259 ail\u0259 ba\u015f\u00e7\u0131s\u0131n\u0131 itirm\u0259y\u0259 g\u00f6r\u0259 m\u00fcavin\u0259t verilir, i\u015f yerl\u0259rind\u0259 ixtisar zaman\u0131 i\u015fd\u0259 saxlanmaqda onlara \u00fcst\u00fcnl\u00fck verilir; Bundan ba\u015fqa \u015f\u0259hid ail\u0259l\u0259rin\u0259 h\u0259m d\u0259 bu m\u00fcavin\u0259tl\u0259r verilir:<\/p>\n<p>  \u2022 M\u0259nzil, kommunal xidm\u0259tl\u0259rind\u0259n, telefondan, s\u0259rni\u015fin n\u0259qliyyat\u0131n\u0131n b\u00fct\u00fcn n\u00f6vl\u0259rind\u0259n (taksid\u0259n ba\u015fqa) istifad\u0259 haqq\u0131n\u0131 \u00f6d\u0259m\u0259k \u00fc\u00e7\u00fcn m\u00fcvafiq icra hakimiyy\u0259ti orqan\u0131 t\u0259r\u0259find\u0259n m\u00fc\u0259yy\u0259n olunmu\u015f qaydada v\u0259 m\u0259bl\u0259\u011fd\u0259 m\u00fcavin\u0259t;<br \/>\n  <br \/>\n  \u2022 Tibb m\u00fc\u0259ssis\u0259l\u0259rinin g\u00f6nd\u0259ri\u015fi il\u0259 \u00f6lk\u0259 daxilind\u0259ki sanatoriya-kurortda m\u00fcalic\u0259;<br \/>\n  <br \/>\n  \u2022 H\u0259kim reseptl\u0259ri \u00fczr\u0259 d\u0259rman almaq \u00fc\u00e7\u00fcn icra hakimiyy\u0259ti orqan\u0131n\u0131n m\u00fc\u0259yy\u0259n etdiyi qaydada v\u0259 m\u0259bl\u0259\u011fd\u0259 m\u00fcavin\u0259t;<br \/>\n  <br \/>\n  \u2022 D\u00f6vl\u0259t ali v\u0259 orta pe\u015f\u0259-ixtisas t\u0259hsili m\u00fc\u0259ssis\u0259l\u0259rind\u0259 t\u0259hsil haqq\u0131ndan azad olunma.\n<\/p>\n<\/p>\n<figure class=\"wp-block-image size-large\">\n  <img decoding=\"async\" src=\"https:\/\/www.meydan.tv\/az\/55365\/\" alt=\"\" class=\"wp-image-55365\"\/><figcaption><\/figcaption><\/figure>\n<p>\n  <br \/>\n  \u015e\u0259hidl\u0259r v\u0259 \u015f\u0259hid ail\u0259l\u0259ri \u00fc\u00e7\u00fcn x\u0259rcl\u0259r d\u00f6vl\u0259t b\u00fcdc\u0259sind\u0259n, m\u00fcxt\u0259lif ian\u0259l\u0259r v\u0259 \u00a0yard\u0131m fondlar\u0131ndan \u00f6d\u0259nilir. \u00a0\u201cH\u0259rbi qulluq\u00e7ular\u0131n d\u00f6vl\u0259t icbari \u015f\u0259xsi s\u0131\u011fortas\u0131 haqq\u0131nda\u201d Qanuna \u0259sas\u0259n, h\u0259r bir h\u0259rbi qulluq\u00e7u d\u00f6vl\u0259t t\u0259r\u0259find\u0259n 11 min manat m\u0259bl\u0259\u011find\u0259 s\u0131\u011forta edilir. Bu da o dem\u0259kdir ki, \u015f\u0259hid olan h\u0259rbi qulluq\u00e7uya g\u00f6r\u0259 ail\u0259sin\u0259 11 min manat v\u0259sait \u00f6d\u0259nilir.<br \/>\n  <br \/>\n  Bird\u0259f\u0259lik m\u00fcavin\u0259td\u0259n \u0259lav\u0259 \u015f\u0259hid ail\u0259l\u0259rin\u0259 ayl\u0131q m\u00fcavin\u0259tl\u0259r d\u0259 verilir. Qanunvericiliy\u0259 g\u00f6r\u0259, \u015f\u0259hid ail\u0259l\u0259rin\u0259 220 manat prezident t\u0259qa\u00fcd\u00fc, ail\u0259 ba\u015f\u00e7\u0131s\u0131n\u0131 itirm\u0259y\u0259 g\u00f6r\u0259 180-200 manat aras\u0131 m\u00fcavin\u0259t verilir. Ail\u0259 ba\u015f\u00e7\u0131s\u0131n\u0131 itirm\u0259y\u0259 g\u00f6r\u0259 m\u00fcavin\u0259t \u201c\u018fm\u0259k pensiyas\u0131 haqq\u0131nda\u201d Qanunla t\u0259nziml\u0259nir. Bundan ba\u015fqa \u015f\u0259hid \u00f6vladlar\u0131na 16 v\u0259 18 ya\u015flar\u0131na q\u0259d\u0259r sosial m\u00fcavin\u0259t, \u0259m\u0259k pensiyas\u0131 h\u00fcququ olmayan ail\u0259l\u0259r\u0259 kommunal xidm\u0259tl\u0259rinin \u00f6d\u0259nilm\u0259si \u00fc\u00e7\u00fcn m\u00fcavin\u0259t \u00f6d\u0259nilir.<\/p>\n<figure class=\"wp-block-image size-large\">\n  <img decoding=\"async\" src=\"https:\/\/www.meydan.tv\/az\/55368\/\" alt=\"\" class=\"wp-image-55368\"\/><figcaption><\/figcaption><\/figure>\n<p>\n  <br \/>\n  \u00d6lk\u0259 prezidenti \u0130lham \u018fliyevin 2014-c\u00fc ilin 18 martda imzalad\u0131\u011f\u0131 s\u0259r\u0259ncama \u0259sas\u0259n ali t\u0259hsil m\u00fc\u0259ssis\u0259l\u0259rind\u0259 bakalavriat v\u0259 magistratura (tibb t\u0259hsilind\u0259 \u0259sas v\u0259 rezidentura) t\u0259hsil s\u0259viyy\u0259l\u0259rind\u0259 v\u0259 orta ixtisas t\u0259hsili m\u00fc\u0259ssis\u0259l\u0259rind\u0259 \u00f6d\u0259ni\u015fli \u0259saslarla t\u0259hsil alan \u015f\u0259hid u\u015faqlar\u0131n\u0131n t\u0259hsil haqq\u0131 d\u00f6vl\u0259t b\u00fcdc\u0259sind\u0259n \u00f6d\u0259nilir.\n<\/p>\n<\/p>\n<figure class=\"wp-block-image size-large\">\n  <img decoding=\"async\" src=\"https:\/\/www.meydan.tv\/az\/55371\/\" alt=\"\" class=\"wp-image-55371\"\/><figcaption><\/figcaption><\/figure>\n<p>\n  <br \/>\n  \u015e\u0259xsin \u015f\u0259hid hesab edilm\u0259si \u00f6l\u00fcm haqq\u0131nda \u015f\u0259had\u0259tnam\u0259, m\u0259hk\u0259m\u0259 q\u0259tnam\u0259si, h\u0259rbi hiss\u0259nin aray\u0131\u015f\u0131 \u0259sas\u0131nda t\u0259sdiq olunur. \u201c\u015e\u0259hid ad\u0131n\u0131n \u0259b\u0259dil\u0259\u015fdirilm\u0259si v\u0259 \u015f\u0259hid ail\u0259l\u0259rin\u0259 edil\u0259n g\u00fcz\u0259\u015ftl\u0259r haqq\u0131nda\u201d Qanuna g\u00f6r\u0259 \u015f\u0259hid v\u0259 ya \u015f\u0259hid ail\u0259si statusu verilm\u0259si \u00fc\u00e7\u00fcn onun mara\u011f\u0131 olan \u015f\u0259xs m\u00fcvafiq d\u00f6vl\u0259t orqanlar\u0131na m\u00fcraci\u0259t edir. \u00a0M\u00fcdafi\u0259 Nazirliyi, Daxili \u0130\u015fl\u0259r Nazirliyi, Milli T\u0259hl\u00fck\u0259sizlik Nazirliyi, D\u00f6vl\u0259t S\u0259rh\u0259d Xidm\u0259ti v\u0259 \u00a0rayon (\u015f\u0259h\u0259r) icra hakimiyy\u0259ti orqanlar\u0131 \u015f\u0259hid v\u0259 \u015f\u0259hid ail\u0259si hesab edilm\u0259si \u00fc\u00e7\u00fcn m\u00fcraci\u0259t v\u0259 v\u0259sat\u0259tl\u0259ri d\u0259rhal q\u0259bul edib, bir aydan gec olmayaraq aray\u0131\u015f verm\u0259lidir. \u00a0Gizir v\u0259 zabit hey\u0259ti \u00fc\u00e7\u00fcn \u015e\u0259hid ail\u0259si statusu yuxar\u0131da ad\u0131 \u00e7\u0259kil\u0259n nazirlikl\u0259rin kadrlar idar\u0259si nin verdiyi aray\u0131\u015fla t\u0259sdiq olunur. Dig\u0259r h\u0259rbi qulluq\u00e7ulara h\u0259rbi qeydiyyatda olduqlar\u0131 S\u0259f\u0259rb\u0259rlik v\u0259 H\u0259rbi Xidm\u0259t\u0259 \u00c7a\u011f\u0131r\u0131\u015f \u00fczr\u0259 D\u00f6vl\u0259t Xidm\u0259tinin m\u00fcvafiq olaraq yerli idar\u0259, \u015f\u00f6b\u0259 v\u0259 b\u00f6lm\u0259l\u0259ri t\u0259r\u0259find\u0259n aray\u0131\u015f verilm\u0259lidir. M\u00fclki v\u0259t\u0259nda\u015flara is\u0259 rayon (\u015f\u0259h\u0259r) icra hakimiyy\u0259ti orqanlar\u0131n\u0131n verdiyi aray\u0131\u015f laz\u0131md\u0131r.\n<\/p>\n<\/p><\/p>\n","protected":false},"excerpt":{"rendered":"<p>Kiml\u0259r \u015f\u0259hid hesab olunur? \u015e\u0259hid statusu \u00fc\u00e7\u00fcn ail\u0259l\u0259r m\u00fcraci\u0259t ed\u0259 bil\u0259rmi? N\u0259hay\u0259t, \u015f\u0259hid ail\u0259l\u0259rin\u0259 hans\u0131 g\u00fcz\u0259\u015ftl\u0259r t\u0259tbiq edilir?<\/p>\n","protected":false},"author":11,"featured_media":55380,"comment_status":"closed","ping_status":"open","sticky":false,"template":"","format":"standard","meta":{"_acf_changed":false,"_sitemap_exclude":false,"_sitemap_priority":"","_sitemap_frequency":"","footnotes":""},"categories":[51],"tags":[],"class_list":["post-175400","post","type-post","status-publish","format-standard","has-post-thumbnail","hentry","category-analitika","infinite-scroll-item","generate-columns","tablet-grid-50","mobile-grid-100","grid-parent","grid-33","no-featured-image-padding"],"acf":[],"yoast_head":"<!-- This site is optimized with the Yoast SEO plugin v27.5 - https:\/\/yoast.com\/product\/yoast-seo-wordpress\/ -->\n<title>Kiml\u0259r \u015f\u0259hid hesab olunur? - Cavab veririk #1 - MEYDAN.TV<\/title>\n<meta name=\"robots\" content=\"index, follow, max-snippet:-1, max-image-preview:large, max-video-preview:-1\" \/>\n<link rel=\"canonical\" href=\"https:\/\/www.meydan.tv\/az\/article\/kimler-sehid-hesab-olunur-cavab-veririk-1\/\" \/>\n<meta property=\"og:locale\" content=\"az_AZ\" \/>\n<meta property=\"og:type\" content=\"article\" \/>\n<meta property=\"og:title\" content=\"Kiml\u0259r \u015f\u0259hid hesab olunur? - Cavab veririk #1 - MEYDAN.TV\" \/>\n<meta property=\"og:description\" content=\"Kiml\u0259r \u015f\u0259hid hesab olunur? \u015e\u0259hid statusu \u00fc\u00e7\u00fcn ail\u0259l\u0259r m\u00fcraci\u0259t ed\u0259 bil\u0259rmi? N\u0259hay\u0259t, \u015f\u0259hid ail\u0259l\u0259rin\u0259 hans\u0131 g\u00fcz\u0259\u015ftl\u0259r t\u0259tbiq edilir?\" \/>\n<meta property=\"og:url\" content=\"https:\/\/www.meydan.tv\/az\/article\/kimler-sehid-hesab-olunur-cavab-veririk-1\/\" \/>\n<meta property=\"og:site_name\" content=\"MEYDAN.TV\" \/>\n<meta property=\"article:published_time\" content=\"2016-04-22T22:12:23+00:00\" \/>\n<meta property=\"og:image\" content=\"https:\/\/www.meydan.tv\/wp-content\/uploads\/20923-scaled.jpg\" \/>\n\t<meta property=\"og:image:width\" content=\"2560\" \/>\n\t<meta property=\"og:image:height\" content=\"1439\" \/>\n\t<meta property=\"og:image:type\" content=\"image\/jpeg\" \/>\n<meta name=\"author\" content=\"user-manager\" \/>\n<meta name=\"twitter:card\" content=\"summary_large_image\" \/>\n<script type=\"application\/ld+json\" class=\"yoast-schema-graph\">{\"@context\":\"https:\\\/\\\/schema.org\",\"@graph\":[{\"@type\":\"Article\",\"@id\":\"https:\\\/\\\/www.meydan.tv\\\/az\\\/article\\\/kimler-sehid-hesab-olunur-cavab-veririk-1\\\/#article\",\"isPartOf\":{\"@id\":\"https:\\\/\\\/www.meydan.tv\\\/az\\\/article\\\/kimler-sehid-hesab-olunur-cavab-veririk-1\\\/\"},\"author\":{\"name\":\"user-manager\",\"@id\":\"https:\\\/\\\/www.meydan.tv\\\/az\\\/#\\\/schema\\\/person\\\/10d11eccf6da3662cf5fdab9806ea91a\"},\"headline\":\"Kiml\u0259r \u015f\u0259hid hesab olunur? &#8211; Cavab veririk #1\",\"datePublished\":\"2016-04-22T22:12:23+00:00\",\"mainEntityOfPage\":{\"@id\":\"https:\\\/\\\/www.meydan.tv\\\/az\\\/article\\\/kimler-sehid-hesab-olunur-cavab-veririk-1\\\/\"},\"wordCount\":911,\"publisher\":{\"@id\":\"https:\\\/\\\/www.meydan.tv\\\/az\\\/#organization\"},\"image\":{\"@id\":\"https:\\\/\\\/www.meydan.tv\\\/az\\\/article\\\/kimler-sehid-hesab-olunur-cavab-veririk-1\\\/#primaryimage\"},\"thumbnailUrl\":\"https:\\\/\\\/www.meydan.tv\\\/wp-content\\\/uploads\\\/20923-scaled.jpg\",\"articleSection\":[\"Analitika\"],\"inLanguage\":\"az\"},{\"@type\":\"WebPage\",\"@id\":\"https:\\\/\\\/www.meydan.tv\\\/az\\\/article\\\/kimler-sehid-hesab-olunur-cavab-veririk-1\\\/\",\"url\":\"https:\\\/\\\/www.meydan.tv\\\/az\\\/article\\\/kimler-sehid-hesab-olunur-cavab-veririk-1\\\/\",\"name\":\"Kiml\u0259r \u015f\u0259hid hesab olunur? - Cavab veririk #1 - MEYDAN.TV\",\"isPartOf\":{\"@id\":\"https:\\\/\\\/www.meydan.tv\\\/az\\\/#website\"},\"primaryImageOfPage\":{\"@id\":\"https:\\\/\\\/www.meydan.tv\\\/az\\\/article\\\/kimler-sehid-hesab-olunur-cavab-veririk-1\\\/#primaryimage\"},\"image\":{\"@id\":\"https:\\\/\\\/www.meydan.tv\\\/az\\\/article\\\/kimler-sehid-hesab-olunur-cavab-veririk-1\\\/#primaryimage\"},\"thumbnailUrl\":\"https:\\\/\\\/www.meydan.tv\\\/wp-content\\\/uploads\\\/20923-scaled.jpg\",\"datePublished\":\"2016-04-22T22:12:23+00:00\",\"breadcrumb\":{\"@id\":\"https:\\\/\\\/www.meydan.tv\\\/az\\\/article\\\/kimler-sehid-hesab-olunur-cavab-veririk-1\\\/#breadcrumb\"},\"inLanguage\":\"az\",\"potentialAction\":[{\"@type\":\"ReadAction\",\"target\":[\"https:\\\/\\\/www.meydan.tv\\\/az\\\/article\\\/kimler-sehid-hesab-olunur-cavab-veririk-1\\\/\"]}]},{\"@type\":\"ImageObject\",\"inLanguage\":\"az\",\"@id\":\"https:\\\/\\\/www.meydan.tv\\\/az\\\/article\\\/kimler-sehid-hesab-olunur-cavab-veririk-1\\\/#primaryimage\",\"url\":\"https:\\\/\\\/www.meydan.tv\\\/wp-content\\\/uploads\\\/20923-scaled.jpg\",\"contentUrl\":\"https:\\\/\\\/www.meydan.tv\\\/wp-content\\\/uploads\\\/20923-scaled.jpg\",\"width\":2560,\"height\":1439,\"caption\":\"Source:\"},{\"@type\":\"BreadcrumbList\",\"@id\":\"https:\\\/\\\/www.meydan.tv\\\/az\\\/article\\\/kimler-sehid-hesab-olunur-cavab-veririk-1\\\/#breadcrumb\",\"itemListElement\":[{\"@type\":\"ListItem\",\"position\":1,\"name\":\"Ana s\u0259hif\u0259\",\"item\":\"https:\\\/\\\/www.meydan.tv\\\/az\\\/\"},{\"@type\":\"ListItem\",\"position\":2,\"name\":\"Analitika\",\"item\":\"https:\\\/\\\/www.meydan.tv\\\/az\\\/section\\\/analitika\\\/\"},{\"@type\":\"ListItem\",\"position\":3,\"name\":\"Kiml\u0259r \u015f\u0259hid hesab olunur? &#8211; Cavab veririk #1\"}]},{\"@type\":\"WebSite\",\"@id\":\"https:\\\/\\\/www.meydan.tv\\\/az\\\/#website\",\"url\":\"https:\\\/\\\/www.meydan.tv\\\/az\\\/\",\"name\":\"MEYDAN.TV\",\"description\":\"Meydan TV Az\u0259rbaycan\u0131n media m\u0259kan\u0131ndak\u0131 alternativ s\u0259sidir\",\"publisher\":{\"@id\":\"https:\\\/\\\/www.meydan.tv\\\/az\\\/#organization\"},\"potentialAction\":[{\"@type\":\"SearchAction\",\"target\":{\"@type\":\"EntryPoint\",\"urlTemplate\":\"https:\\\/\\\/www.meydan.tv\\\/az\\\/?s={search_term_string}\"},\"query-input\":{\"@type\":\"PropertyValueSpecification\",\"valueRequired\":true,\"valueName\":\"search_term_string\"}}],\"inLanguage\":\"az\"},{\"@type\":\"Organization\",\"@id\":\"https:\\\/\\\/www.meydan.tv\\\/az\\\/#organization\",\"name\":\"Meydan TV\",\"url\":\"https:\\\/\\\/www.meydan.tv\\\/az\\\/\",\"logo\":{\"@type\":\"ImageObject\",\"inLanguage\":\"az\",\"@id\":\"https:\\\/\\\/www.meydan.tv\\\/az\\\/#\\\/schema\\\/logo\\\/image\\\/\",\"url\":\"https:\\\/\\\/www.meydan.tv\\\/wp-content\\\/uploads\\\/2021\\\/07\\\/meydan-logo.svg\",\"contentUrl\":\"https:\\\/\\\/www.meydan.tv\\\/wp-content\\\/uploads\\\/2021\\\/07\\\/meydan-logo.svg\",\"width\":195,\"height\":46,\"caption\":\"Meydan TV\"},\"image\":{\"@id\":\"https:\\\/\\\/www.meydan.tv\\\/az\\\/#\\\/schema\\\/logo\\\/image\\\/\"}},{\"@type\":\"Person\",\"@id\":\"https:\\\/\\\/www.meydan.tv\\\/az\\\/#\\\/schema\\\/person\\\/10d11eccf6da3662cf5fdab9806ea91a\",\"name\":\"user-manager\"}]}<\/script>\n<!-- \/ Yoast SEO plugin. -->","yoast_head_json":{"title":"Kiml\u0259r \u015f\u0259hid hesab olunur? - Cavab veririk #1 - MEYDAN.TV","robots":{"index":"index","follow":"follow","max-snippet":"max-snippet:-1","max-image-preview":"max-image-preview:large","max-video-preview":"max-video-preview:-1"},"canonical":"https:\/\/www.meydan.tv\/az\/article\/kimler-sehid-hesab-olunur-cavab-veririk-1\/","og_locale":"az_AZ","og_type":"article","og_title":"Kiml\u0259r \u015f\u0259hid hesab olunur? - Cavab veririk #1 - MEYDAN.TV","og_description":"Kiml\u0259r \u015f\u0259hid hesab olunur? \u015e\u0259hid statusu \u00fc\u00e7\u00fcn ail\u0259l\u0259r m\u00fcraci\u0259t ed\u0259 bil\u0259rmi? N\u0259hay\u0259t, \u015f\u0259hid ail\u0259l\u0259rin\u0259 hans\u0131 g\u00fcz\u0259\u015ftl\u0259r t\u0259tbiq edilir?","og_url":"https:\/\/www.meydan.tv\/az\/article\/kimler-sehid-hesab-olunur-cavab-veririk-1\/","og_site_name":"MEYDAN.TV","article_published_time":"2016-04-22T22:12:23+00:00","og_image":[{"width":2560,"height":1439,"url":"https:\/\/www.meydan.tv\/wp-content\/uploads\/20923-scaled.jpg","type":"image\/jpeg"}],"author":"user-manager","twitter_card":"summary_large_image","schema":{"@context":"https:\/\/schema.org","@graph":[{"@type":"Article","@id":"https:\/\/www.meydan.tv\/az\/article\/kimler-sehid-hesab-olunur-cavab-veririk-1\/#article","isPartOf":{"@id":"https:\/\/www.meydan.tv\/az\/article\/kimler-sehid-hesab-olunur-cavab-veririk-1\/"},"author":{"name":"user-manager","@id":"https:\/\/www.meydan.tv\/az\/#\/schema\/person\/10d11eccf6da3662cf5fdab9806ea91a"},"headline":"Kiml\u0259r \u015f\u0259hid hesab olunur? &#8211; Cavab veririk #1","datePublished":"2016-04-22T22:12:23+00:00","mainEntityOfPage":{"@id":"https:\/\/www.meydan.tv\/az\/article\/kimler-sehid-hesab-olunur-cavab-veririk-1\/"},"wordCount":911,"publisher":{"@id":"https:\/\/www.meydan.tv\/az\/#organization"},"image":{"@id":"https:\/\/www.meydan.tv\/az\/article\/kimler-sehid-hesab-olunur-cavab-veririk-1\/#primaryimage"},"thumbnailUrl":"https:\/\/www.meydan.tv\/wp-content\/uploads\/20923-scaled.jpg","articleSection":["Analitika"],"inLanguage":"az"},{"@type":"WebPage","@id":"https:\/\/www.meydan.tv\/az\/article\/kimler-sehid-hesab-olunur-cavab-veririk-1\/","url":"https:\/\/www.meydan.tv\/az\/article\/kimler-sehid-hesab-olunur-cavab-veririk-1\/","name":"Kiml\u0259r \u015f\u0259hid hesab olunur? - Cavab veririk #1 - MEYDAN.TV","isPartOf":{"@id":"https:\/\/www.meydan.tv\/az\/#website"},"primaryImageOfPage":{"@id":"https:\/\/www.meydan.tv\/az\/article\/kimler-sehid-hesab-olunur-cavab-veririk-1\/#primaryimage"},"image":{"@id":"https:\/\/www.meydan.tv\/az\/article\/kimler-sehid-hesab-olunur-cavab-veririk-1\/#primaryimage"},"thumbnailUrl":"https:\/\/www.meydan.tv\/wp-content\/uploads\/20923-scaled.jpg","datePublished":"2016-04-22T22:12:23+00:00","breadcrumb":{"@id":"https:\/\/www.meydan.tv\/az\/article\/kimler-sehid-hesab-olunur-cavab-veririk-1\/#breadcrumb"},"inLanguage":"az","potentialAction":[{"@type":"ReadAction","target":["https:\/\/www.meydan.tv\/az\/article\/kimler-sehid-hesab-olunur-cavab-veririk-1\/"]}]},{"@type":"ImageObject","inLanguage":"az","@id":"https:\/\/www.meydan.tv\/az\/article\/kimler-sehid-hesab-olunur-cavab-veririk-1\/#primaryimage","url":"https:\/\/www.meydan.tv\/wp-content\/uploads\/20923-scaled.jpg","contentUrl":"https:\/\/www.meydan.tv\/wp-content\/uploads\/20923-scaled.jpg","width":2560,"height":1439,"caption":"Source:"},{"@type":"BreadcrumbList","@id":"https:\/\/www.meydan.tv\/az\/article\/kimler-sehid-hesab-olunur-cavab-veririk-1\/#breadcrumb","itemListElement":[{"@type":"ListItem","position":1,"name":"Ana s\u0259hif\u0259","item":"https:\/\/www.meydan.tv\/az\/"},{"@type":"ListItem","position":2,"name":"Analitika","item":"https:\/\/www.meydan.tv\/az\/section\/analitika\/"},{"@type":"ListItem","position":3,"name":"Kiml\u0259r \u015f\u0259hid hesab olunur? &#8211; Cavab veririk #1"}]},{"@type":"WebSite","@id":"https:\/\/www.meydan.tv\/az\/#website","url":"https:\/\/www.meydan.tv\/az\/","name":"MEYDAN.TV","description":"Meydan TV Az\u0259rbaycan\u0131n media m\u0259kan\u0131ndak\u0131 alternativ s\u0259sidir","publisher":{"@id":"https:\/\/www.meydan.tv\/az\/#organization"},"potentialAction":[{"@type":"SearchAction","target":{"@type":"EntryPoint","urlTemplate":"https:\/\/www.meydan.tv\/az\/?s={search_term_string}"},"query-input":{"@type":"PropertyValueSpecification","valueRequired":true,"valueName":"search_term_string"}}],"inLanguage":"az"},{"@type":"Organization","@id":"https:\/\/www.meydan.tv\/az\/#organization","name":"Meydan TV","url":"https:\/\/www.meydan.tv\/az\/","logo":{"@type":"ImageObject","inLanguage":"az","@id":"https:\/\/www.meydan.tv\/az\/#\/schema\/logo\/image\/","url":"https:\/\/www.meydan.tv\/wp-content\/uploads\/2021\/07\/meydan-logo.svg","contentUrl":"https:\/\/www.meydan.tv\/wp-content\/uploads\/2021\/07\/meydan-logo.svg","width":195,"height":46,"caption":"Meydan TV"},"image":{"@id":"https:\/\/www.meydan.tv\/az\/#\/schema\/logo\/image\/"}},{"@type":"Person","@id":"https:\/\/www.meydan.tv\/az\/#\/schema\/person\/10d11eccf6da3662cf5fdab9806ea91a","name":"user-manager"}]}},"_links":{"self":[{"href":"https:\/\/www.meydan.tv\/az\/wp-json\/wp\/v2\/posts\/175400","targetHints":{"allow":["GET"]}}],"collection":[{"href":"https:\/\/www.meydan.tv\/az\/wp-json\/wp\/v2\/posts"}],"about":[{"href":"https:\/\/www.meydan.tv\/az\/wp-json\/wp\/v2\/types\/post"}],"author":[{"embeddable":true,"href":"https:\/\/www.meydan.tv\/az\/wp-json\/wp\/v2\/users\/11"}],"replies":[{"embeddable":true,"href":"https:\/\/www.meydan.tv\/az\/wp-json\/wp\/v2\/comments?post=175400"}],"version-history":[{"count":0,"href":"https:\/\/www.meydan.tv\/az\/wp-json\/wp\/v2\/posts\/175400\/revisions"}],"wp:featuredmedia":[{"embeddable":true,"href":"https:\/\/www.meydan.tv\/az\/wp-json\/wp\/v2\/media\/55380"}],"wp:attachment":[{"href":"https:\/\/www.meydan.tv\/az\/wp-json\/wp\/v2\/media?parent=175400"}],"wp:term":[{"taxonomy":"category","embeddable":true,"href":"https:\/\/www.meydan.tv\/az\/wp-json\/wp\/v2\/categories?post=175400"},{"taxonomy":"post_tag","embeddable":true,"href":"https:\/\/www.meydan.tv\/az\/wp-json\/wp\/v2\/tags?post=175400"}],"curies":[{"name":"wp","href":"https:\/\/api.w.org\/{rel}","templated":true}]}}