{"id":175385,"date":"2016-04-22T19:15:01","date_gmt":"2016-04-22T19:15:01","guid":{"rendered":"https:\/\/www.meydan.tv\/article\/ilqar-velizade-ermenistanin-gundeliyi-deyismesine-yol-verilmemelidir\/"},"modified":"2016-04-22T19:15:01","modified_gmt":"2016-04-22T19:15:01","slug":"ilqar-velizade-ermenistanin-gundeliyi-deyismesine-yol-verilmemelidir","status":"publish","type":"post","link":"https:\/\/www.meydan.tv\/az\/article\/ilqar-velizade-ermenistanin-gundeliyi-deyismesine-yol-verilmemelidir\/","title":{"rendered":"\u0130lqar V\u0259lizad\u0259: &#8221;Erm\u0259nistan\u0131n g\u00fcnd\u0259liyi d\u0259yi\u015fm\u0259sin\u0259 yol verilm\u0259m\u0259lidir&#8221;"},"content":{"rendered":"<figure class=\"wp-block-image size-large\">\n  <img decoding=\"async\" src=\"https:\/\/www.meydan.tv\/az\/55491\/\" alt=\"\" class=\"wp-image-55491\"\/><figcaption><\/figcaption><\/figure>\n<p>\n  <i><br \/>\n    &#8221;Kreml regionda geosiyasi durumun d\u0259yi\u015fdiyini g\u00f6rm\u0259lidir&#8221;<br \/>\n  <\/i>\n<\/p>\n<p>\n  \u201cSon ill\u0259r Rusiyan\u0131n vasit\u0259\u00e7iliyi il\u0259 bir s\u0131ra add\u0131mlar raz\u0131la\u015fd\u0131r\u0131l\u0131b ki, bunlar\u0131 h\u0259yata ke\u00e7irm\u0259k laz\u0131md\u0131r\u201d.\n<\/p>\n<p>\n  Bu s\u00f6zl\u0259ri Rusiyan\u0131n xarici i\u015fl\u0259r naziri Sergey Lavrov Erm\u0259nistanda h\u0259mkar\u0131 Edvard Nalbandyanla g\u00f6r\u00fc\u015fd\u0259n sonra ke\u00e7iril\u0259n m\u0259tbuat konfrans\u0131nda deyib. O bildirib ki, h\u0259min add\u0131mlara insidentl\u0259rin ara\u015fd\u0131r\u0131lmas\u0131 v\u0259 dig\u0259r etimad t\u0259dbirl\u0259ri daxildir: \u201cAT\u018fT praktik planda nec\u0259 h\u0259r\u0259k\u0259t etm\u0259yin vacibliyi il\u0259 ba\u011fl\u0131 \u00e7oxdan yol x\u0259rit\u0259si haz\u0131rlay\u0131b. Biz hesab edirik ki, AT\u018fT m\u0259kan\u0131nda m\u00fcxt\u0259lif m\u00fcnaqi\u015f\u0259l\u0259rin h\u0259llin\u0259 maraq g\u00f6st\u0259r\u0259n Almaniya s\u0259drliyi fikrini buna k\u00f6kl\u0259m\u0259lidir, AT\u018fT-in s\u0259dri s\u0259lahiyy\u0259tl\u0259rini burada n\u00fcmayi\u015f etdirm\u0259lidir. Berlinin bu sah\u0259d\u0259 \u00f6z m\u0259suliyy\u0259tini anlamas\u0131 \u00fc\u00e7\u00fcn h\u0259r c\u00fcr k\u00f6m\u0259k etm\u0259y\u0259 haz\u0131r\u0131q\u201d.\n<\/p>\n<p>\n  Kazan s\u0259n\u0259di il\u0259 ba\u011fl\u0131 jurnalistin sual\u0131na S. Lavrov bel\u0259 cavab verib: &#8220;Dan\u0131\u015f\u0131qlar\u0131n bilavasit\u0259 i\u015ftirak\u00e7\u0131s\u0131 kimi dey\u0259 bil\u0259r\u0259m ki, Erm\u0259nistan Kazan s\u0259n\u0259dini r\u0259dd etm\u0259yib&#8221;.\n<\/p>\n<p>\n  S.Lavrovun a\u00e7\u0131qlamas\u0131n\u0131 Meydan TV-y\u0259 \u015f\u0259rh ed\u0259n siyasi \u015f\u0259rh\u00e7i \u0130lqar V\u0259lizad\u0259 bildirib ki, Az\u0259rbaycan siyasi dair\u0259l\u0259ri v\u0259 ictimaiyy\u0259ti Kazan s\u0259n\u0259di haqda m\u0259lumat\u0131 daha \u00e7ox Erm\u0259nistan m\u0259tbuat\u0131ndan v\u0259 r\u0259smil\u0259rind\u0259n e\u015fidir. Onlar\u0131n dediyind\u0259n bel\u0259 \u00e7\u0131x\u0131r ki, Kazan s\u0259n\u0259di Madrid Prinsipl\u0259rin\u0259 \u0259saslan\u0131r v\u0259 \u0259traf rayonlar bo\u015fald\u0131landan sonra Az\u0259rbaycan \u00fcz\u0259rin\u0259 g\u00fcc t\u0259tbiq etm\u0259m\u0259k prinsipini g\u00f6t\u00fcr\u00fcr. V\u0259 bu raz\u0131la\u015fma x\u00fcsusi s\u0259n\u0259dl\u0259 t\u0259sbit olunmal\u0131 v\u0259 n\u0259tic\u0259d\u0259 Da\u011fl\u0131q Qaraba\u011fda referendum ke\u00e7irilm\u0259lidir. Amma Az\u0259rbaycan bu t\u0259klifl\u0259ri r\u0259dd edib: &#8220;D\u00fczd\u00fcr, 1994-c\u00fc il at\u0259\u015fk\u0259sind\u0259n sonra Az\u0259rbaycandan g\u00fcc t\u0259tbiq etm\u0259m\u0259si v\u0259 problemin yar\u0131m\u00e7\u0131q h\u0259lli t\u0259l\u0259b edilib. Az\u0259rbaycan bununla raz\u0131la\u015fsayd\u0131, he\u00e7 n\u0259y\u0259 nail olmayacaqd\u0131 v\u0259 Erm\u0259nistan dan\u0131\u015f\u0131qlardak\u0131 \u00fcst\u00fcnl\u00fcy\u00fcn\u00fc r\u0259smil\u0259\u015fdirirdi. Erm\u0259nistan\u0131n Rusiyayla birg\u0259 Kazan s\u0259n\u0259dini g\u00fcnd\u0259m\u0259 g\u0259tirm\u0259kd\u0259 m\u0259qs\u0259di yenid\u0259n h\u0259min qaralaman\u0131 m\u00fczakir\u0259 predmetin\u0259 \u00e7evirm\u0259kdir. Az\u0259rbaycan is\u0259 bununla raz\u0131la\u015fa bilm\u0259z. S\u0259b\u0259b is\u0259 odur ki, aprelin \u0259vv\u0259lind\u0259ki h\u0259rbi \u0259m\u0259liyyatlar \u00fcst\u00fcnl\u00fcy\u00fcm\u00fcz\u00fc tam \u0259ks etdirib v\u0259 siyasi v\u0259ziyy\u0259t d\u0259 d\u0259yi\u015fib. M\u0259s\u0259l\u0259n, Kollektiv T\u0259hl\u00fck\u0259sizlik M\u00fcqavil\u0259si T\u0259\u015fkilat\u0131n\u0131n (KTMT) b\u0259zi \u00fczvl\u0259ri Az\u0259rbaycana d\u0259st\u0259k verirl\u0259r v\u0259 bu, Rusiya \u00fc\u00e7\u00fcn d\u0259 bir mesajd\u0131r. Kreml regionda geosiyasi durumun d\u0259yi\u015fdiyini g\u00f6rm\u0259lidir. Bel\u0259 bir v\u0259ziyy\u0259td\u0259 Erm\u0259nistan\u0131n g\u00fcnd\u0259liyi d\u0259yi\u015fm\u0259sin\u0259 yol verilm\u0259m\u0259lidir. R\u0259smi Bak\u0131n\u0131n t\u0259l\u0259bi 5 yox, 7 rayonun qaytar\u0131lmas\u0131d\u0131r. Yaln\u0131z La\u00e7\u0131n d\u0259hlizi m\u00fczakir\u0259 predmeti ola bil\u0259r, humanitar d\u0259hliz kimi. Erm\u0259nil\u0259r is\u0259 bununla raz\u0131la\u015fm\u0131rlar, s\u0259b\u0259b d\u0259 odur ki, 7 rayon qaytar\u0131lsa, status-kvo d\u0259yi\u015f\u0259c\u0259k&#8221;.\n<\/p>\n<figure class=\"wp-block-image size-large\">\n  <img decoding=\"async\" src=\"https:\/\/www.meydan.tv\/az\/55494\/\" alt=\"\" class=\"wp-image-55494\"\/><figcaption>\n    \u0130lqar V\u0259lizad\u0259<br \/>\n  <\/figcaption><\/figure>\n<p>\n  \u0130lqar V\u0259lizad\u0259 Lavrovun &#8220;Son ill\u0259r Rusiyan\u0131n vasit\u0259\u00e7iliyi il\u0259 bir s\u0131ra add\u0131mlar raz\u0131la\u015fd\u0131r\u0131l\u0131b ki, bunlar\u0131 h\u0259yata ke\u00e7irm\u0259k laz\u0131md\u0131r&#8221; a\u00e7\u0131qlamas\u0131n\u0131 bel\u0259 \u015f\u0259rh etdi: &#8220;M\u00fcnaqi\u015f\u0259nin t\u0259nziml\u0259nm\u0259si y\u00f6n\u00fcnd\u0259 haz\u0131rda t\u0259\u015f\u0259bb\u00fcs obyektiv v\u0259 subyektiv s\u0259b\u0259bl\u0259rd\u0259n Rusiya t\u0259r\u0259fd\u0259dir. Kreml bu t\u0259\u015f\u0259bb\u00fcs\u00fc saxlamaq niyy\u0259tind\u0259dir. \u00c7ox t\u0259\u0259ss\u00fcf ki, Minsk Qrupunun dig\u0259r h\u0259ms\u0259drl\u0259ri m\u0259s\u0259l\u0259y\u0259 \u00e7ox passiv yana\u015f\u0131r v\u0259 sanki t\u0259\u015f\u0259bb\u00fcs\u00fc \u00f6zl\u0259ri Rusiyaya veribl\u0259r. Bununla da deyirl\u0259r ki, AT\u018fT \u00e7\u0259r\u00e7iv\u0259sind\u0259 h\u0259r hans\u0131 s\u0259n\u0259d imzalansa, o da Rusiyan\u0131n vasit\u0259\u00e7iliyi il\u0259 ba\u015f ver\u0259c\u0259k. Az\u0259rbaycan\u0131n \u015f\u0259rtl\u0259ri ayd\u0131n oldu\u011fundan bu, prinsipial m\u0259s\u0259l\u0259 deyil. Lakin bir m\u0259qam vur\u011fulan\u0131r ki, \u0259g\u0259r Rusiyan\u0131n vasit\u0259\u00e7iliyi il\u0259 m\u0259s\u0259l\u0259 h\u0259ll olunsa, Moskva s\u00fclhm\u0259raml\u0131 qo\u015funlar\u0131n\u0131 b\u00f6lg\u0259y\u0259 g\u0259tirsin. Bax, onda f\u0259rqli situasiya yaran\u0131r. Amma Lissabon raz\u0131la\u015fmas\u0131na \u0259sas\u0259n, hans\u0131sa d\u00f6vl\u0259tin s\u00fclhm\u0259raml\u0131lar\u0131 \u00fcmumi qo\u015funlar\u0131n say\u0131ndan 30 faizd\u0259n \u00e7ox olmamal\u0131d\u0131r. Az\u0259rbaycan v\u0259 Minsk Qrupunun dig\u0259r h\u0259ms\u0259drl\u0259ri dan\u0131\u015f\u0131qlarda s\u00fclhm\u0259raml\u0131lar m\u0259s\u0259l\u0259si g\u00fcnd\u0259m\u0259 g\u0259l\u0259nd\u0259 Lissabon Sammitind\u0259ki raz\u0131la\u015fman\u0131 xat\u0131rlada bil\u0259r. \u0130ndiki m\u0259rh\u0259l\u0259d\u0259 \u0259sas m\u0259s\u0259l\u0259 7 rayonun qeyd-\u015f\u0259rtsiz bo\u015fald\u0131lmas\u0131d\u0131r, Erm\u0259nistan\u0131n buna raz\u0131la\u015fmas\u0131na g\u0259linc\u0259, onlar Rusiyan\u0131n g\u00f6st\u0259ri\u015fi il\u0259 h\u0259r\u0259k\u0259t edir. \u018fg\u0259r \u0130r\u0259van raz\u0131la\u015fmasa, Erm\u0259nistan-Rusiya m\u00fcnasib\u0259tl\u0259rind\u0259 g\u0259rginlik ya\u015fanar. \u00c7\u00fcnki Az\u0259rbaycan \u00f6z m\u00f6vqeyini \u00e7\u0259kinm\u0259d\u0259n ortaya qoyub, Erm\u0259nistan \u00fc\u00e7\u00fcn ba\u015fqa variant qalmay\u0131b. Ya yenid\u0259n m\u00fcharib\u0259y\u0259 getm\u0259lidirl\u0259r, Rusiya is\u0259 buna yol verm\u0259z, ya da Az\u0259rbaycan\u0131n \u015f\u0259rtl\u0259ri q\u0259bul olunmal\u0131d\u0131r&#8221;.\n<\/p>\n<p>\n  Siyasi \u015f\u0259rh\u00e7i Rusiya X\u0130N r\u0259hb\u0259rinin \u0130r\u0259vanda s\u0259sl\u0259ndirdiyi fikirl\u0259ri Bak\u0131 s\u0259f\u0259rind\u0259 d\u0259 dil\u0259 g\u0259tir\u0259c\u0259yini dedi: &#8220;Amma Bak\u0131n\u0131n m\u00f6vqeyi ona ayd\u0131nd\u0131r. G\u00fcman ki, o, \u0130r\u0259vanda bunlar\u0131 deyib, indi qar\u015f\u0131 t\u0259r\u0259fin cavab\u0131n\u0131 g\u0259tirir. \u018flb\u0259tt\u0259, Rusiya 5 rayonun da qaytar\u0131lmas\u0131yla prosesin getm\u0259sini ist\u0259y\u0259r, amma Az\u0259rbaycan bununla raz\u0131la\u015fmayacaq. Y\u0259qin ki, Lavrov Erm\u0259nistan r\u0259smil\u0259rind\u0259n ba\u015fqa yana\u015fma alma\u011fa \u00e7al\u0131\u015facaq&#8221;.\n<\/p><\/p>\n","protected":false},"excerpt":{"rendered":"<p>&#8221;Kreml regionda geosiyasi durumun d\u0259yi\u015fdiyini g\u00f6rm\u0259lidir&#8221;<\/p>\n","protected":false},"author":11,"featured_media":55491,"comment_status":"closed","ping_status":"open","sticky":false,"template":"","format":"standard","meta":{"_acf_changed":false,"_sitemap_exclude":false,"_sitemap_priority":"","_sitemap_frequency":"","footnotes":""},"categories":[51],"tags":[],"class_list":["post-175385","post","type-post","status-publish","format-standard","has-post-thumbnail","hentry","category-analitika","infinite-scroll-item","generate-columns","tablet-grid-50","mobile-grid-100","grid-parent","grid-33","no-featured-image-padding"],"acf":[],"yoast_head":"<!-- This site is optimized with the Yoast SEO plugin v27.5 - https:\/\/yoast.com\/product\/yoast-seo-wordpress\/ -->\n<title>\u0130lqar V\u0259lizad\u0259: &#039;&#039;Erm\u0259nistan\u0131n g\u00fcnd\u0259liyi d\u0259yi\u015fm\u0259sin\u0259 yol verilm\u0259m\u0259lidir&#039;&#039; - MEYDAN.TV<\/title>\n<meta name=\"robots\" content=\"index, follow, max-snippet:-1, max-image-preview:large, max-video-preview:-1\" \/>\n<link rel=\"canonical\" href=\"https:\/\/www.meydan.tv\/az\/article\/ilqar-velizade-ermenistanin-gundeliyi-deyismesine-yol-verilmemelidir\/\" \/>\n<meta property=\"og:locale\" content=\"az_AZ\" \/>\n<meta property=\"og:type\" content=\"article\" \/>\n<meta property=\"og:title\" content=\"\u0130lqar V\u0259lizad\u0259: &#039;&#039;Erm\u0259nistan\u0131n g\u00fcnd\u0259liyi d\u0259yi\u015fm\u0259sin\u0259 yol verilm\u0259m\u0259lidir&#039;&#039; - MEYDAN.TV\" \/>\n<meta property=\"og:description\" content=\"&#039;&#039;Kreml regionda geosiyasi durumun d\u0259yi\u015fdiyini g\u00f6rm\u0259lidir&#039;&#039;\" \/>\n<meta property=\"og:url\" content=\"https:\/\/www.meydan.tv\/az\/article\/ilqar-velizade-ermenistanin-gundeliyi-deyismesine-yol-verilmemelidir\/\" \/>\n<meta property=\"og:site_name\" content=\"MEYDAN.TV\" \/>\n<meta property=\"article:published_time\" content=\"2016-04-22T19:15:01+00:00\" \/>\n<meta property=\"og:image\" content=\"https:\/\/www.meydan.tv\/wp-content\/uploads\/20952.jpg\" \/>\n\t<meta property=\"og:image:width\" content=\"658\" \/>\n\t<meta property=\"og:image:height\" content=\"433\" \/>\n\t<meta property=\"og:image:type\" content=\"image\/jpeg\" \/>\n<meta name=\"author\" content=\"user-manager\" \/>\n<meta name=\"twitter:card\" content=\"summary_large_image\" \/>\n<script type=\"application\/ld+json\" class=\"yoast-schema-graph\">{\"@context\":\"https:\\\/\\\/schema.org\",\"@graph\":[{\"@type\":\"Article\",\"@id\":\"https:\\\/\\\/www.meydan.tv\\\/az\\\/article\\\/ilqar-velizade-ermenistanin-gundeliyi-deyismesine-yol-verilmemelidir\\\/#article\",\"isPartOf\":{\"@id\":\"https:\\\/\\\/www.meydan.tv\\\/az\\\/article\\\/ilqar-velizade-ermenistanin-gundeliyi-deyismesine-yol-verilmemelidir\\\/\"},\"author\":{\"name\":\"user-manager\",\"@id\":\"https:\\\/\\\/www.meydan.tv\\\/az\\\/#\\\/schema\\\/person\\\/10d11eccf6da3662cf5fdab9806ea91a\"},\"headline\":\"\u0130lqar V\u0259lizad\u0259: &#8221;Erm\u0259nistan\u0131n g\u00fcnd\u0259liyi d\u0259yi\u015fm\u0259sin\u0259 yol verilm\u0259m\u0259lidir&#8221;\",\"datePublished\":\"2016-04-22T19:15:01+00:00\",\"mainEntityOfPage\":{\"@id\":\"https:\\\/\\\/www.meydan.tv\\\/az\\\/article\\\/ilqar-velizade-ermenistanin-gundeliyi-deyismesine-yol-verilmemelidir\\\/\"},\"wordCount\":1055,\"publisher\":{\"@id\":\"https:\\\/\\\/www.meydan.tv\\\/az\\\/#organization\"},\"image\":{\"@id\":\"https:\\\/\\\/www.meydan.tv\\\/az\\\/article\\\/ilqar-velizade-ermenistanin-gundeliyi-deyismesine-yol-verilmemelidir\\\/#primaryimage\"},\"thumbnailUrl\":\"https:\\\/\\\/www.meydan.tv\\\/wp-content\\\/uploads\\\/20952.jpg\",\"articleSection\":[\"Analitika\"],\"inLanguage\":\"az\"},{\"@type\":\"WebPage\",\"@id\":\"https:\\\/\\\/www.meydan.tv\\\/az\\\/article\\\/ilqar-velizade-ermenistanin-gundeliyi-deyismesine-yol-verilmemelidir\\\/\",\"url\":\"https:\\\/\\\/www.meydan.tv\\\/az\\\/article\\\/ilqar-velizade-ermenistanin-gundeliyi-deyismesine-yol-verilmemelidir\\\/\",\"name\":\"\u0130lqar V\u0259lizad\u0259: ''Erm\u0259nistan\u0131n g\u00fcnd\u0259liyi d\u0259yi\u015fm\u0259sin\u0259 yol verilm\u0259m\u0259lidir'' - MEYDAN.TV\",\"isPartOf\":{\"@id\":\"https:\\\/\\\/www.meydan.tv\\\/az\\\/#website\"},\"primaryImageOfPage\":{\"@id\":\"https:\\\/\\\/www.meydan.tv\\\/az\\\/article\\\/ilqar-velizade-ermenistanin-gundeliyi-deyismesine-yol-verilmemelidir\\\/#primaryimage\"},\"image\":{\"@id\":\"https:\\\/\\\/www.meydan.tv\\\/az\\\/article\\\/ilqar-velizade-ermenistanin-gundeliyi-deyismesine-yol-verilmemelidir\\\/#primaryimage\"},\"thumbnailUrl\":\"https:\\\/\\\/www.meydan.tv\\\/wp-content\\\/uploads\\\/20952.jpg\",\"datePublished\":\"2016-04-22T19:15:01+00:00\",\"breadcrumb\":{\"@id\":\"https:\\\/\\\/www.meydan.tv\\\/az\\\/article\\\/ilqar-velizade-ermenistanin-gundeliyi-deyismesine-yol-verilmemelidir\\\/#breadcrumb\"},\"inLanguage\":\"az\",\"potentialAction\":[{\"@type\":\"ReadAction\",\"target\":[\"https:\\\/\\\/www.meydan.tv\\\/az\\\/article\\\/ilqar-velizade-ermenistanin-gundeliyi-deyismesine-yol-verilmemelidir\\\/\"]}]},{\"@type\":\"ImageObject\",\"inLanguage\":\"az\",\"@id\":\"https:\\\/\\\/www.meydan.tv\\\/az\\\/article\\\/ilqar-velizade-ermenistanin-gundeliyi-deyismesine-yol-verilmemelidir\\\/#primaryimage\",\"url\":\"https:\\\/\\\/www.meydan.tv\\\/wp-content\\\/uploads\\\/20952.jpg\",\"contentUrl\":\"https:\\\/\\\/www.meydan.tv\\\/wp-content\\\/uploads\\\/20952.jpg\",\"width\":658,\"height\":433,\"caption\":\"Source:\"},{\"@type\":\"BreadcrumbList\",\"@id\":\"https:\\\/\\\/www.meydan.tv\\\/az\\\/article\\\/ilqar-velizade-ermenistanin-gundeliyi-deyismesine-yol-verilmemelidir\\\/#breadcrumb\",\"itemListElement\":[{\"@type\":\"ListItem\",\"position\":1,\"name\":\"Ana s\u0259hif\u0259\",\"item\":\"https:\\\/\\\/www.meydan.tv\\\/az\\\/\"},{\"@type\":\"ListItem\",\"position\":2,\"name\":\"Analitika\",\"item\":\"https:\\\/\\\/www.meydan.tv\\\/az\\\/section\\\/analitika\\\/\"},{\"@type\":\"ListItem\",\"position\":3,\"name\":\"\u0130lqar V\u0259lizad\u0259: &#8221;Erm\u0259nistan\u0131n g\u00fcnd\u0259liyi d\u0259yi\u015fm\u0259sin\u0259 yol verilm\u0259m\u0259lidir&#8221;\"}]},{\"@type\":\"WebSite\",\"@id\":\"https:\\\/\\\/www.meydan.tv\\\/az\\\/#website\",\"url\":\"https:\\\/\\\/www.meydan.tv\\\/az\\\/\",\"name\":\"MEYDAN.TV\",\"description\":\"Meydan TV Az\u0259rbaycan\u0131n media m\u0259kan\u0131ndak\u0131 alternativ s\u0259sidir\",\"publisher\":{\"@id\":\"https:\\\/\\\/www.meydan.tv\\\/az\\\/#organization\"},\"potentialAction\":[{\"@type\":\"SearchAction\",\"target\":{\"@type\":\"EntryPoint\",\"urlTemplate\":\"https:\\\/\\\/www.meydan.tv\\\/az\\\/?s={search_term_string}\"},\"query-input\":{\"@type\":\"PropertyValueSpecification\",\"valueRequired\":true,\"valueName\":\"search_term_string\"}}],\"inLanguage\":\"az\"},{\"@type\":\"Organization\",\"@id\":\"https:\\\/\\\/www.meydan.tv\\\/az\\\/#organization\",\"name\":\"Meydan TV\",\"url\":\"https:\\\/\\\/www.meydan.tv\\\/az\\\/\",\"logo\":{\"@type\":\"ImageObject\",\"inLanguage\":\"az\",\"@id\":\"https:\\\/\\\/www.meydan.tv\\\/az\\\/#\\\/schema\\\/logo\\\/image\\\/\",\"url\":\"https:\\\/\\\/www.meydan.tv\\\/wp-content\\\/uploads\\\/2021\\\/07\\\/meydan-logo.svg\",\"contentUrl\":\"https:\\\/\\\/www.meydan.tv\\\/wp-content\\\/uploads\\\/2021\\\/07\\\/meydan-logo.svg\",\"width\":195,\"height\":46,\"caption\":\"Meydan TV\"},\"image\":{\"@id\":\"https:\\\/\\\/www.meydan.tv\\\/az\\\/#\\\/schema\\\/logo\\\/image\\\/\"}},{\"@type\":\"Person\",\"@id\":\"https:\\\/\\\/www.meydan.tv\\\/az\\\/#\\\/schema\\\/person\\\/10d11eccf6da3662cf5fdab9806ea91a\",\"name\":\"user-manager\"}]}<\/script>\n<!-- \/ Yoast SEO plugin. -->","yoast_head_json":{"title":"\u0130lqar V\u0259lizad\u0259: ''Erm\u0259nistan\u0131n g\u00fcnd\u0259liyi d\u0259yi\u015fm\u0259sin\u0259 yol verilm\u0259m\u0259lidir'' - MEYDAN.TV","robots":{"index":"index","follow":"follow","max-snippet":"max-snippet:-1","max-image-preview":"max-image-preview:large","max-video-preview":"max-video-preview:-1"},"canonical":"https:\/\/www.meydan.tv\/az\/article\/ilqar-velizade-ermenistanin-gundeliyi-deyismesine-yol-verilmemelidir\/","og_locale":"az_AZ","og_type":"article","og_title":"\u0130lqar V\u0259lizad\u0259: ''Erm\u0259nistan\u0131n g\u00fcnd\u0259liyi d\u0259yi\u015fm\u0259sin\u0259 yol verilm\u0259m\u0259lidir'' - MEYDAN.TV","og_description":"''Kreml regionda geosiyasi durumun d\u0259yi\u015fdiyini g\u00f6rm\u0259lidir''","og_url":"https:\/\/www.meydan.tv\/az\/article\/ilqar-velizade-ermenistanin-gundeliyi-deyismesine-yol-verilmemelidir\/","og_site_name":"MEYDAN.TV","article_published_time":"2016-04-22T19:15:01+00:00","og_image":[{"width":658,"height":433,"url":"https:\/\/www.meydan.tv\/wp-content\/uploads\/20952.jpg","type":"image\/jpeg"}],"author":"user-manager","twitter_card":"summary_large_image","schema":{"@context":"https:\/\/schema.org","@graph":[{"@type":"Article","@id":"https:\/\/www.meydan.tv\/az\/article\/ilqar-velizade-ermenistanin-gundeliyi-deyismesine-yol-verilmemelidir\/#article","isPartOf":{"@id":"https:\/\/www.meydan.tv\/az\/article\/ilqar-velizade-ermenistanin-gundeliyi-deyismesine-yol-verilmemelidir\/"},"author":{"name":"user-manager","@id":"https:\/\/www.meydan.tv\/az\/#\/schema\/person\/10d11eccf6da3662cf5fdab9806ea91a"},"headline":"\u0130lqar V\u0259lizad\u0259: &#8221;Erm\u0259nistan\u0131n g\u00fcnd\u0259liyi d\u0259yi\u015fm\u0259sin\u0259 yol verilm\u0259m\u0259lidir&#8221;","datePublished":"2016-04-22T19:15:01+00:00","mainEntityOfPage":{"@id":"https:\/\/www.meydan.tv\/az\/article\/ilqar-velizade-ermenistanin-gundeliyi-deyismesine-yol-verilmemelidir\/"},"wordCount":1055,"publisher":{"@id":"https:\/\/www.meydan.tv\/az\/#organization"},"image":{"@id":"https:\/\/www.meydan.tv\/az\/article\/ilqar-velizade-ermenistanin-gundeliyi-deyismesine-yol-verilmemelidir\/#primaryimage"},"thumbnailUrl":"https:\/\/www.meydan.tv\/wp-content\/uploads\/20952.jpg","articleSection":["Analitika"],"inLanguage":"az"},{"@type":"WebPage","@id":"https:\/\/www.meydan.tv\/az\/article\/ilqar-velizade-ermenistanin-gundeliyi-deyismesine-yol-verilmemelidir\/","url":"https:\/\/www.meydan.tv\/az\/article\/ilqar-velizade-ermenistanin-gundeliyi-deyismesine-yol-verilmemelidir\/","name":"\u0130lqar V\u0259lizad\u0259: ''Erm\u0259nistan\u0131n g\u00fcnd\u0259liyi d\u0259yi\u015fm\u0259sin\u0259 yol verilm\u0259m\u0259lidir'' - MEYDAN.TV","isPartOf":{"@id":"https:\/\/www.meydan.tv\/az\/#website"},"primaryImageOfPage":{"@id":"https:\/\/www.meydan.tv\/az\/article\/ilqar-velizade-ermenistanin-gundeliyi-deyismesine-yol-verilmemelidir\/#primaryimage"},"image":{"@id":"https:\/\/www.meydan.tv\/az\/article\/ilqar-velizade-ermenistanin-gundeliyi-deyismesine-yol-verilmemelidir\/#primaryimage"},"thumbnailUrl":"https:\/\/www.meydan.tv\/wp-content\/uploads\/20952.jpg","datePublished":"2016-04-22T19:15:01+00:00","breadcrumb":{"@id":"https:\/\/www.meydan.tv\/az\/article\/ilqar-velizade-ermenistanin-gundeliyi-deyismesine-yol-verilmemelidir\/#breadcrumb"},"inLanguage":"az","potentialAction":[{"@type":"ReadAction","target":["https:\/\/www.meydan.tv\/az\/article\/ilqar-velizade-ermenistanin-gundeliyi-deyismesine-yol-verilmemelidir\/"]}]},{"@type":"ImageObject","inLanguage":"az","@id":"https:\/\/www.meydan.tv\/az\/article\/ilqar-velizade-ermenistanin-gundeliyi-deyismesine-yol-verilmemelidir\/#primaryimage","url":"https:\/\/www.meydan.tv\/wp-content\/uploads\/20952.jpg","contentUrl":"https:\/\/www.meydan.tv\/wp-content\/uploads\/20952.jpg","width":658,"height":433,"caption":"Source:"},{"@type":"BreadcrumbList","@id":"https:\/\/www.meydan.tv\/az\/article\/ilqar-velizade-ermenistanin-gundeliyi-deyismesine-yol-verilmemelidir\/#breadcrumb","itemListElement":[{"@type":"ListItem","position":1,"name":"Ana s\u0259hif\u0259","item":"https:\/\/www.meydan.tv\/az\/"},{"@type":"ListItem","position":2,"name":"Analitika","item":"https:\/\/www.meydan.tv\/az\/section\/analitika\/"},{"@type":"ListItem","position":3,"name":"\u0130lqar V\u0259lizad\u0259: &#8221;Erm\u0259nistan\u0131n g\u00fcnd\u0259liyi d\u0259yi\u015fm\u0259sin\u0259 yol verilm\u0259m\u0259lidir&#8221;"}]},{"@type":"WebSite","@id":"https:\/\/www.meydan.tv\/az\/#website","url":"https:\/\/www.meydan.tv\/az\/","name":"MEYDAN.TV","description":"Meydan TV Az\u0259rbaycan\u0131n media m\u0259kan\u0131ndak\u0131 alternativ s\u0259sidir","publisher":{"@id":"https:\/\/www.meydan.tv\/az\/#organization"},"potentialAction":[{"@type":"SearchAction","target":{"@type":"EntryPoint","urlTemplate":"https:\/\/www.meydan.tv\/az\/?s={search_term_string}"},"query-input":{"@type":"PropertyValueSpecification","valueRequired":true,"valueName":"search_term_string"}}],"inLanguage":"az"},{"@type":"Organization","@id":"https:\/\/www.meydan.tv\/az\/#organization","name":"Meydan TV","url":"https:\/\/www.meydan.tv\/az\/","logo":{"@type":"ImageObject","inLanguage":"az","@id":"https:\/\/www.meydan.tv\/az\/#\/schema\/logo\/image\/","url":"https:\/\/www.meydan.tv\/wp-content\/uploads\/2021\/07\/meydan-logo.svg","contentUrl":"https:\/\/www.meydan.tv\/wp-content\/uploads\/2021\/07\/meydan-logo.svg","width":195,"height":46,"caption":"Meydan TV"},"image":{"@id":"https:\/\/www.meydan.tv\/az\/#\/schema\/logo\/image\/"}},{"@type":"Person","@id":"https:\/\/www.meydan.tv\/az\/#\/schema\/person\/10d11eccf6da3662cf5fdab9806ea91a","name":"user-manager"}]}},"_links":{"self":[{"href":"https:\/\/www.meydan.tv\/az\/wp-json\/wp\/v2\/posts\/175385","targetHints":{"allow":["GET"]}}],"collection":[{"href":"https:\/\/www.meydan.tv\/az\/wp-json\/wp\/v2\/posts"}],"about":[{"href":"https:\/\/www.meydan.tv\/az\/wp-json\/wp\/v2\/types\/post"}],"author":[{"embeddable":true,"href":"https:\/\/www.meydan.tv\/az\/wp-json\/wp\/v2\/users\/11"}],"replies":[{"embeddable":true,"href":"https:\/\/www.meydan.tv\/az\/wp-json\/wp\/v2\/comments?post=175385"}],"version-history":[{"count":0,"href":"https:\/\/www.meydan.tv\/az\/wp-json\/wp\/v2\/posts\/175385\/revisions"}],"wp:featuredmedia":[{"embeddable":true,"href":"https:\/\/www.meydan.tv\/az\/wp-json\/wp\/v2\/media\/55491"}],"wp:attachment":[{"href":"https:\/\/www.meydan.tv\/az\/wp-json\/wp\/v2\/media?parent=175385"}],"wp:term":[{"taxonomy":"category","embeddable":true,"href":"https:\/\/www.meydan.tv\/az\/wp-json\/wp\/v2\/categories?post=175385"},{"taxonomy":"post_tag","embeddable":true,"href":"https:\/\/www.meydan.tv\/az\/wp-json\/wp\/v2\/tags?post=175385"}],"curies":[{"name":"wp","href":"https:\/\/api.w.org\/{rel}","templated":true}]}}