{"id":175381,"date":"2016-04-22T16:34:26","date_gmt":"2016-04-22T16:34:26","guid":{"rendered":"https:\/\/www.meydan.tv\/article\/pasa-dayinin-sirri\/"},"modified":"2016-04-22T16:34:26","modified_gmt":"2016-04-22T16:34:26","slug":"pasa-dayinin-sirri","status":"publish","type":"post","link":"https:\/\/www.meydan.tv\/az\/article\/pasa-dayinin-sirri\/","title":{"rendered":"Pa\u015fa day\u0131n\u0131n sirri"},"content":{"rendered":"<figure class=\"wp-block-image size-large\">\n  <img decoding=\"async\" src=\"https:\/\/www.meydan.tv\/az\/55431\/\" alt=\"\" class=\"wp-image-55431\"\/><figcaption><\/figcaption><\/figure>\n<figure class=\"wp-block-image size-large\">\n  <img decoding=\"async\" src=\"https:\/\/www.meydan.tv\/az\/55437\/\" alt=\"\" class=\"wp-image-55437\"\/><figcaption><\/figcaption><\/figure>\n<p>\n  A\u00e7\u0131qlamaq ist\u0259m\u0259diyim s\u0259b\u0259bl\u0259rd\u0259n bu yaz\u0131 el\u0259 arxivimd\u0259 qalacaqd\u0131. T\u0259sad\u00fcf\u0259n u\u015faql\u0131q ideal\u0131m olan bir m\u00fc\u0259llimimin \u201cQ\u0259b\u0259l\u0259nin bu g\u00fcn\u00fc, d\u00fcn\u0259ni v\u0259 sabah\u0131\u201d adl\u0131 kitab\u0131na istinad\u0259n bu m\u00f6vzuya \u201caid\u201d bir yaz\u0131 oxumasayd\u0131m. Y\u0259ni, bir faci\u0259nin \u00fcst\u00fcnd\u0259n s\u00fckutla ke\u00e7il\u0259r\u0259k: \u201cOnun xidm\u0259tl\u0259ri laz\u0131m\u0131nca qiym\u0259tl\u0259ndirilmi\u015fdir\u201d kimi rahat c\u00fcml\u0259y\u0259 rast g\u0259lm\u0259s\u0259ydim. V\u0259 yax\u015f\u0131 bilir\u0259m ki, a\u015fa\u011f\u0131dak\u0131 s\u0259rt h\u0259yat hekay\u0259sind\u0259n sonra \u0259n az\u0131ndan susa bilm\u0259diyim\u0259 g\u00f6r\u0259 \u00e7oxlar\u0131 m\u0259nd\u0259n \u00fcz d\u00f6nd\u0259r\u0259c\u0259k.\n<\/p>\n<p>\n  \u0130ctimaiyy\u0259t\u0259 v\u0259 g\u0259nc n\u0259sl\u0259 hamar, nikbin bir tarix\u00e7\u0259 il\u0259 t\u0259qdim olunmu\u015f B\u0259yal\u0131 Xitilovun yax\u0131nlar\u0131 m\u0259ni ba\u011f\u0131\u015flamayacaqlar.<br \/>\n  <br \/>\n  Biz\u0259 daim d\u00fcr\u00fcstl\u00fck, c\u0259sar\u0259t a\u015f\u0131layan m\u00fc\u0259llimim is\u0259 qiym\u0259timi yen\u0259 k\u0259s\u0259c\u0259k&#8230; \u00c7\u00fcnki, h\u0259l\u0259 d\u0259 q\u00fcvv\u0259d\u0259 olan yax\u0131n ke\u00e7mi\u015fin ac\u0131 h\u0259qiq\u0259tl\u0259rind\u0259ns\u0259 \u201cg\u00f6yd\u0259n \u00fc\u00e7 alma d\u00fc\u015fd\u00fc\u201d sonlu\u011fuyla bit\u0259n Az\u0259rbaycan na\u011f\u0131l\u0131 qorxusuz v\u0259 \u015firindir.\n<\/p>\n<p>\n  B\u0259s onda m\u0259n d\u00fcnyas\u0131n\u0131 \u00e7oxdan d\u0259yi\u015fmi\u015f adamlardan niy\u0259 yazm\u0131\u015fd\u0131m? B\u0259lk\u0259 ist\u0259r \u015f\u0259xsi, ist\u0259r ictimai m\u0259nada he\u00e7 bir mifin h\u0259yat pe\u015fke\u015f edil\u0259c\u0259k q\u0259d\u0259r \u00f6n\u0259mli olmad\u0131\u011f\u0131n\u0131 \u00f6z\u00fcm d\u0259 son vaxtlar anlam\u0131\u015fam? B\u0259lk\u0259 d\u0259 sad\u0259, dan\u0131lmaz xatir\u0259l\u0259rl\u0259 dolu ke\u00e7mi\u015fd\u0259n he\u00e7 c\u00fcr qopub ayr\u0131la bilmir\u0259m&#8230;\n<\/p>\n<p>\n  B\u00fct\u00fcn hallarda g\u00f6r\u00fcb-bildiyim h\u0259qiq\u0259tl\u0259r\u0259 k\u00f6kl\u0259n\u0259n bu hekay\u0259ti k\u0259nd\u00e7imiz r\u0259hm\u0259tlik Pa\u015fa day\u0131n\u0131n simas\u0131nda b\u00fct\u00fcn sad\u0259l\u00f6vh adamlara h\u0259sr el\u0259yir\u0259m. R\u0259hm\u0259tlik B\u0259yal\u0131 Xitilovun \u00f6vladlar\u0131, n\u0259v\u0259l\u0259ri facebookda onun ad\u0131na layiq g\u00f6z\u0259l bir s\u0259hif\u0259 a\u00e7\u0131blar. Kim bilir, b\u0259lk\u0259 bir g\u00fcn bizim hekay\u0259mizi d\u0259 h\u00f6rm\u0259tl\u0259 izl\u0259diyim h\u0259min o s\u0259hif\u0259y\u0259 qoyacaqlar.\n<\/p>\n<p>\n  Pa\u015fa day\u0131n\u0131n na\u011f\u0131l\u0131\n<\/p>\n<p>\n  Bizim k\u0259ndd\u0259 bir zamanlar bir Pa\u015fa day\u0131 vard\u0131. \u0130ndiki m\u0259nim ya\u015f\u0131mdan xeyli cavan. Sovetin sovet vaxt\u0131 Mi\u00e7urin ad\u0131na kolxozun k\u0259ndimizd\u0259 yerl\u0259\u015f\u0259n \u00fc\u00e7 min ba\u015fl\u0131q cins mal fermas\u0131n\u0131n \u00e7oban\u0131yd\u0131&#8230;\n<\/p>\n<p>\n  Heyd\u0259r \u018fliyevin Az\u0259rbaycana birinci r\u0259hb\u0259rliyinin \u015f\u0131d\u0131r\u011f\u0131 d\u00f6vr\u00fcnd\u0259 qurultaylar\u0131n g\u00f6z\u00fc, be\u015fillikl\u0259rin ulduzu qabaqc\u0131l Mi\u00e7urun kolxozu q\u0259fil qara siyah\u0131ya d\u00fc\u015fd\u00fc. Respublikan\u0131n tan\u0131nm\u0131\u015f orden-medall\u0131 \u00f6tk\u0259m kolxoz s\u0259dri B\u0259yal\u0131 Xitilov h\u0259bs olundu.<br \/>\n  <br \/>\n  Yuxar\u0131dan t\u0259limatland\u0131r\u0131lm\u0131\u015f x\u00fcsusi komissiya o boyda kolxozda e\u015fib-e\u015f\u0259l\u0259m\u0259diyi yer qoymad\u0131qca tutulanlar\u0131n say\u0131 artd\u0131. O vaxtk\u0131 Qutqa\u015f\u0131n\u0131n axar-baxarl\u0131 V\u0259ndam k\u0259ndi v\u0259 biri bizim olmaqla daha d\u00f6rd x\u0131rda-para k\u0259nd ne\u00e7\u0259 aylar vahim\u0259 i\u00e7ind\u0259 ya\u015fad\u0131. \u0130stintaqda kimin a\u011fz\u0131ndan kimin ad\u0131 \u00e7\u0131xsayd\u0131 d\u0259rhal g\u0259lib apar\u0131rd\u0131lar. \u00c7ox ill\u0259r \u0259vv\u0259ld\u0259n atam me\u015f\u0259b\u0259yi i\u015fl\u0259yirdi dey\u0259 k\u0259ndd\u0259 kolxozla \u0259laq\u0259si olmayan yegan\u0259 ail\u0259 biz idik. Y\u0259ni, azca t\u00fct\u00fcnd\u0259n-zaddan \u0259kirdik ki, o da \u201cmaxinasiyaya\u201d d\u00fc\u015fm\u0259mi\u015fdi.\n<\/p>\n<p>\n  \u018fsas v\u0259 n\u0259h\u0259ng obyekt bizim k\u0259ndd\u0259 oldu\u011fundan \u0259n ciddi v\u0259 qorxulu yoxlamalara da bizimkil\u0259r c\u0259lb olunurdu. He\u00e7 dem\u0259 ferman\u0131n \u201cqabaqc\u0131l\u201d olmas\u0131 namin\u0259 bu adamlar\u0131n adlar\u0131na tonlarla s\u00fcd, \u0259t yaz\u0131l\u0131b, qaba\u011f\u0131ndan da qol \u00e7\u0259kilibmi\u015f. \u00d6mr\u00fcnd\u0259 m\u00fcs\u0259ntiq g\u00f6rm\u0259y\u0259n t\u00fcrk\u0259saya, z\u0259hm\u0259tke\u015f adamlar tam x\u0259b\u0259rsiz olduqlar\u0131 h\u0259min imzalardan imtina etdil\u0259r. Ba\u015fqa \u00e7ar\u0259l\u0259ri d\u0259 yox idi. Yoxsa Xitilovun d\u0259mir z\u0259hmind\u0259n v\u0259 h\u00fcdudsuz \u015f\u00f6hr\u0259tind\u0259n ke\u00e7\u0259 bilm\u0259zdil\u0259r.\n<\/p>\n<p>\n  G\u00f6r\u00fcn\u00fcr, s\u0259drin komandas\u0131 bu imzalar\u0131n alt\u0131ndak\u0131 minl\u0259rl\u0259 manatlar\u0131 (indiki kursla milyonlarla) m\u0259hz toxunulmazl\u0131qlar\u0131na \u0259minlikl\u0259 laz\u0131mi yerl\u0259rl\u0259 b\u00f6l\u00fc\u015fd\u00fcrm\u00fc\u015fd\u00fc. Amma h\u0259min komandan\u0131 yeti\u015fdirib bu m\u0259qama \u00e7atd\u0131ran etibars\u0131z yuxar\u0131lar ist\u0259nil\u0259n anda \u00f6z donorlar\u0131n\u0131 qurban verirdil\u0259r. H\u0259r\u00e7\u0259nd ad\u0131-san\u0131 b\u00fct\u00fcn \u00f6lk\u0259y\u0259 yay\u0131lm\u0131\u015f \u0259fsan\u0259vi s\u0259drin ail\u0259sinin dolan\u0131\u015f\u0131\u011f\u0131 ba\u015fqalar\u0131na nisb\u0259td\u0259 el\u0259 d\u0259 a\u015f\u0131b da\u015fm\u0131rd\u0131. Sad\u0259c\u0259 hesabda qonaq-qara qar\u015f\u0131lamaq, yuxar\u0131-a\u015fa\u011f\u0131 \u0259hat\u0259 dair\u0259sini yola verm\u0259k vard\u0131.\n<\/p>\n<p>\n  \u00dcst\u0259lik, \u00f6vladlar\u0131 bir-bir paytaxtda ali t\u0259hsil al\u0131rd\u0131lar ki, bunun ad\u0131na da o zamanlar \u201cu\u015faq oxutdurmaq\u201d dey\u0259rdil\u0259r. Amma el\u0259 ya bel\u0259 n\u0259 olur-olsun, art\u0131q h\u0259d\u0259f inzibati r\u0259hb\u0259rlik idi. Yuxar\u0131lar\u0131 \u0259li qabarl\u0131 k\u0259ndlil\u0259r n\u0259 insan kimi, n\u0259 d\u0259 cinay\u0259tkar kimi maraqland\u0131r\u0131rd\u0131. Kolxoz\u00e7ular\u0131 m\u00fcasir ifad\u0259 il\u0259 des\u0259k, \u201cm\u0131rta\u201d get-g\u0259l\u0259 sal\u0131b dindirir, qorxudur, onlardan s\u00f6z al\u0131rd\u0131lar.\n<\/p>\n<p>\n  \u018fhvalat\u0131n bu yerind\u0259 bizim Pa\u015fa day\u0131 meydana \u00e7\u0131x\u0131b dedi ki, istintaq s\u0259n\u0259dl\u0259rind\u0259ki \u201cimzalar\u0131m\u0131n\u201d arxas\u0131ndayam. M\u00fcst\u0259ntiq b\u0259lk\u0259 o vaxta q\u0259d\u0259r bel\u0259 q\u0259rib\u0259 hala rast g\u0259lm\u0259mi\u015fdi. R\u0259hm\u0259tlik Pa\u015fa day\u0131n\u0131n yax\u0131nlar\u0131 da m\u0259s\u0259l\u0259d\u0259n \u015foka d\u00fc\u015fd\u00fcl\u0259r. Xitilovun k\u00f6lg\u0259sind\u0259 \u201cb\u00f6y\u00fcy\u0259nl\u0259r\u201d, \u0259linin alt\u0131nda \u201cki\u015fi\u201d olanlar, ondan istifad\u0259 edib mal-m\u00fclk qazananlar ilk f\u00fcrs\u0259td\u0259 onun \u00fcz\u00fcn\u0259 durduqlar\u0131 halda bu t\u00fcrk\u0259saya adam niy\u0259 patriotluq el\u0259sin ax\u0131?\n<\/p>\n<p>\n  Bir k\u0259nd oldu, bir yetimlikl\u0259 b\u00f6y\u00fcy\u00fcb art\u0131q \u00f6z\u00fc d\u0259 bir \u00e7\u0259t\u0259n k\u00fclf\u0259t yiy\u0259si olmu\u015f Pa\u015fa day\u0131 oldu, onu yolundan d\u00f6nd\u0259r\u0259 bilm\u0259dil\u0259r. Bel\u0259c\u0259, \u00f6mr\u00fcnd\u0259 birc\u0259 d\u0259f\u0259 h\u0259ms\u00f6hb\u0259t olmad\u0131\u011f\u0131, \u015f\u0259xsi diqq\u0259tini, qay\u011f\u0131s\u0131n\u0131 g\u00f6rm\u0259diyi v\u0259 b\u0259lk\u0259 onun varl\u0131\u011f\u0131n\u0131 bel\u0259 f\u0259rq etm\u0259y\u0259n bir adamdan \u00f6tr\u00fc \u00f6z\u00fcn\u00fc m\u0259chul taley\u0259 t\u0259slim etdi.\n<\/p>\n<p>\n  O vaxtk\u0131 Qutqa\u015f\u0131nda Xitilov t\u0259zadlarla dolu b\u00f6y\u00fck bir mif idi, bunu danmaq olmaz. \u00d6lk\u0259nin \u0259n istedadl\u0131 v\u0259 m\u0259\u015fhur s\u0259n\u0259t adamlar\u0131n\u0131n, y\u00fcks\u0259k v\u0259zif\u0259li \u015f\u0259xsl\u0259rin onunla \u00e7ox isti m\u00fcnasib\u0259tl\u0259ri vard\u0131. \u0130ndiki icra ba\u015f\u00e7\u0131s\u0131 statusunda olan raykom katibl\u0259ri onun n\u00fcfuzundan a\u00e7\u0131q-a\u015fkar \u00e7\u0259kinirdil\u0259r. Bir s\u00f6zl\u0259, adam \u00f6z dair\u0259sind\u0259 hakimi-m\u00fctl\u0259q idi.\n<\/p>\n<p>\n  Amma \u00e7\u00f6r\u0259yini al\u0131n t\u0259riyl\u0259 qazanan sad\u0259 bir kolxoz\u00e7unun inad\u0131n\u0131n b\u00fct\u00fcn bunlara n\u0259 d\u0259xli vard\u0131? He\u00e7 olmasa m\u0259hk\u0259m\u0259 zal\u0131nda onunla eyni taleyi b\u00f6l\u00fc\u015fm\u0259k ist\u0259yirdimi? V\u0259 yaxud Xitilovun m\u00f6ht\u0259\u015f\u0259m qay\u0131d\u0131\u015f\u0131na inan\u0131rd\u0131m\u0131 v\u0259 o zaman \u00fc\u00e7\u00fcn x\u0259yallar qurmu\u015fdumu? N\u0259 sirri-xudad\u0131rsa bil\u0259n olmad\u0131&#8230; \u0130stantaq qrupu ad\u0131n\u0131 yazmaqdan o yana bilik almam\u0131\u015f sad\u0259, kas\u0131b adam\u0131 dola\u015fd\u0131rma\u011fa \u00e7al\u0131\u015fd\u0131. Qorxutdular, tovlatd\u0131lar. Pa\u015fa day\u0131 t\u00fcrm\u0259ni g\u00f6z\u00fcn\u00fcn alt\u0131na ald\u0131, yen\u0259 s\u00f6z\u00fcn\u00fc \u00e7evirm\u0259di.\n<\/p>\n<p>\n  \u00d6lk\u0259d\u0259 \u0259ks-s\u0259da yaradan m\u0259\u015fhur \u201ccinay\u0259t i\u015fi\u201dnin t\u0259dqiqat\u0131 yuxar\u0131n\u0131n eyni ssenarisi \u0259sas\u0131nda asanl\u0131qla yekunla\u015fd\u0131. \u201cM\u00fct\u0259\u015f\u0259kkil cinay\u0259tkar d\u0259st\u0259\u201dd\u0259 Pa\u015fa day\u0131dan ba\u015fqa s\u0131ravi adam olmad\u0131. M\u0259hk\u0259m\u0259d\u0259 ondan soru\u015fdular:\n<\/p>\n<p>\n  \u2013 Siz ad\u0131n\u0131za yaz\u0131lan bir ton s\u00fcd\u00fc neyl\u0259diniz?\n<\/p>\n<p>\n  Pa\u015fa day\u0131 \u00e7\u0259kinm\u0259d\u0259n cavab verdi:\n<\/p>\n<p>\n  \u2013 Apar\u0131b h\u0259y\u0259timd\u0259ki Bozdar itin qaba\u011f\u0131na t\u00f6kd\u00fcm, s\u00f6z\u00fcn\u00fcz n\u0259dir?\n<\/p>\n<p>\n  S\u00f6zl\u0259ri o oldu ki, o m\u00fctt\u0259him bu cavab\u0131 verdiyi son prosesd\u0259n sonra birba\u015fa h\u0259bs\u0259 g\u00f6nd\u0259rildi.\n<\/p>\n<p>\n  Bir ne\u00e7\u0259 illik m\u0259hbusluqdan sonra Pa\u015fa day\u0131 \u201cvolna\u201dya \u00e7\u0131xd\u0131 v\u0259 h\u0259min \u0259r\u0259f\u0259d\u0259 d\u00fcnyas\u0131n\u0131 d\u0259yi\u015fdi. B\u0259yal\u0131 Xitilov da t\u0259xmin\u0259n o vaxtlar h\u0259bsxanada v\u0259fat etdi.\n<\/p>\n<p>\n  Bizim k\u0259ndd\u0259 Pa\u015fa day\u0131dan sa\u011flam, ondan boylu-buxunlu adam yoxuydu&#8230;\n<\/p>\n<p>\n  <b><br \/>\n    Yaz\u0131 m\u00fc\u0259llifin \u015f\u0259xsi m\u00f6vqeyini \u0259ks etdirir. M\u00fc\u0259llifin m\u00f6vqeyi Meydan.Tv-nin m\u00f6vqeyi il\u0259 \u00fcst-\u00fcst\u0259 d\u00fc\u015fm\u0259y\u0259 bil\u0259r.<br \/>\n  <\/b><\/p>\n","protected":false},"excerpt":{"rendered":"<p>\u00d6lk\u0259 k\u00f6hn\u0259 \u00f6lk\u0259di, a\u011fr\u0131lar\u0131 t\u0259z\u0259di&#8230;<\/p>\n","protected":false},"author":11,"featured_media":55431,"comment_status":"closed","ping_status":"open","sticky":false,"template":"","format":"standard","meta":{"_acf_changed":false,"_sitemap_exclude":false,"_sitemap_priority":"","_sitemap_frequency":"","footnotes":""},"categories":[57],"tags":[],"class_list":["post-175381","post","type-post","status-publish","format-standard","has-post-thumbnail","hentry","category-menim-fikrimce","infinite-scroll-item","generate-columns","tablet-grid-50","mobile-grid-100","grid-parent","grid-33","no-featured-image-padding"],"acf":[],"yoast_head":"<!-- This site is optimized with the Yoast SEO plugin v27.5 - https:\/\/yoast.com\/product\/yoast-seo-wordpress\/ -->\n<title>Pa\u015fa day\u0131n\u0131n sirri - MEYDAN.TV<\/title>\n<meta name=\"robots\" content=\"index, follow, max-snippet:-1, max-image-preview:large, max-video-preview:-1\" \/>\n<link rel=\"canonical\" href=\"https:\/\/www.meydan.tv\/az\/article\/pasa-dayinin-sirri\/\" \/>\n<meta property=\"og:locale\" content=\"az_AZ\" \/>\n<meta property=\"og:type\" content=\"article\" \/>\n<meta property=\"og:title\" content=\"Pa\u015fa day\u0131n\u0131n sirri - MEYDAN.TV\" \/>\n<meta property=\"og:description\" content=\"\u00d6lk\u0259 k\u00f6hn\u0259 \u00f6lk\u0259di, a\u011fr\u0131lar\u0131 t\u0259z\u0259di...\" \/>\n<meta property=\"og:url\" content=\"https:\/\/www.meydan.tv\/az\/article\/pasa-dayinin-sirri\/\" \/>\n<meta property=\"og:site_name\" content=\"MEYDAN.TV\" \/>\n<meta property=\"article:published_time\" content=\"2016-04-22T16:34:26+00:00\" \/>\n<meta property=\"og:image\" content=\"https:\/\/www.meydan.tv\/wp-content\/uploads\/20942.jpg\" \/>\n\t<meta property=\"og:image:width\" content=\"500\" \/>\n\t<meta property=\"og:image:height\" content=\"500\" \/>\n\t<meta property=\"og:image:type\" content=\"image\/jpeg\" \/>\n<meta name=\"author\" content=\"user-manager\" \/>\n<meta name=\"twitter:card\" content=\"summary_large_image\" \/>\n<script type=\"application\/ld+json\" class=\"yoast-schema-graph\">{\"@context\":\"https:\\\/\\\/schema.org\",\"@graph\":[{\"@type\":\"Article\",\"@id\":\"https:\\\/\\\/www.meydan.tv\\\/az\\\/article\\\/pasa-dayinin-sirri\\\/#article\",\"isPartOf\":{\"@id\":\"https:\\\/\\\/www.meydan.tv\\\/az\\\/article\\\/pasa-dayinin-sirri\\\/\"},\"author\":{\"name\":\"user-manager\",\"@id\":\"https:\\\/\\\/www.meydan.tv\\\/az\\\/#\\\/schema\\\/person\\\/10d11eccf6da3662cf5fdab9806ea91a\"},\"headline\":\"Pa\u015fa day\u0131n\u0131n sirri\",\"datePublished\":\"2016-04-22T16:34:26+00:00\",\"mainEntityOfPage\":{\"@id\":\"https:\\\/\\\/www.meydan.tv\\\/az\\\/article\\\/pasa-dayinin-sirri\\\/\"},\"wordCount\":1411,\"publisher\":{\"@id\":\"https:\\\/\\\/www.meydan.tv\\\/az\\\/#organization\"},\"image\":{\"@id\":\"https:\\\/\\\/www.meydan.tv\\\/az\\\/article\\\/pasa-dayinin-sirri\\\/#primaryimage\"},\"thumbnailUrl\":\"https:\\\/\\\/www.meydan.tv\\\/wp-content\\\/uploads\\\/20942.jpg\",\"articleSection\":[\"M\u0259nim Fikrimc\u0259\"],\"inLanguage\":\"az\"},{\"@type\":\"WebPage\",\"@id\":\"https:\\\/\\\/www.meydan.tv\\\/az\\\/article\\\/pasa-dayinin-sirri\\\/\",\"url\":\"https:\\\/\\\/www.meydan.tv\\\/az\\\/article\\\/pasa-dayinin-sirri\\\/\",\"name\":\"Pa\u015fa day\u0131n\u0131n sirri - MEYDAN.TV\",\"isPartOf\":{\"@id\":\"https:\\\/\\\/www.meydan.tv\\\/az\\\/#website\"},\"primaryImageOfPage\":{\"@id\":\"https:\\\/\\\/www.meydan.tv\\\/az\\\/article\\\/pasa-dayinin-sirri\\\/#primaryimage\"},\"image\":{\"@id\":\"https:\\\/\\\/www.meydan.tv\\\/az\\\/article\\\/pasa-dayinin-sirri\\\/#primaryimage\"},\"thumbnailUrl\":\"https:\\\/\\\/www.meydan.tv\\\/wp-content\\\/uploads\\\/20942.jpg\",\"datePublished\":\"2016-04-22T16:34:26+00:00\",\"breadcrumb\":{\"@id\":\"https:\\\/\\\/www.meydan.tv\\\/az\\\/article\\\/pasa-dayinin-sirri\\\/#breadcrumb\"},\"inLanguage\":\"az\",\"potentialAction\":[{\"@type\":\"ReadAction\",\"target\":[\"https:\\\/\\\/www.meydan.tv\\\/az\\\/article\\\/pasa-dayinin-sirri\\\/\"]}]},{\"@type\":\"ImageObject\",\"inLanguage\":\"az\",\"@id\":\"https:\\\/\\\/www.meydan.tv\\\/az\\\/article\\\/pasa-dayinin-sirri\\\/#primaryimage\",\"url\":\"https:\\\/\\\/www.meydan.tv\\\/wp-content\\\/uploads\\\/20942.jpg\",\"contentUrl\":\"https:\\\/\\\/www.meydan.tv\\\/wp-content\\\/uploads\\\/20942.jpg\",\"width\":500,\"height\":500,\"caption\":\"Source:\"},{\"@type\":\"BreadcrumbList\",\"@id\":\"https:\\\/\\\/www.meydan.tv\\\/az\\\/article\\\/pasa-dayinin-sirri\\\/#breadcrumb\",\"itemListElement\":[{\"@type\":\"ListItem\",\"position\":1,\"name\":\"Ana s\u0259hif\u0259\",\"item\":\"https:\\\/\\\/www.meydan.tv\\\/az\\\/\"},{\"@type\":\"ListItem\",\"position\":2,\"name\":\"M\u0259nim Fikrimc\u0259\",\"item\":\"https:\\\/\\\/www.meydan.tv\\\/az\\\/section\\\/menim-fikrimce\\\/\"},{\"@type\":\"ListItem\",\"position\":3,\"name\":\"Pa\u015fa day\u0131n\u0131n sirri\"}]},{\"@type\":\"WebSite\",\"@id\":\"https:\\\/\\\/www.meydan.tv\\\/az\\\/#website\",\"url\":\"https:\\\/\\\/www.meydan.tv\\\/az\\\/\",\"name\":\"MEYDAN.TV\",\"description\":\"Meydan TV Az\u0259rbaycan\u0131n media m\u0259kan\u0131ndak\u0131 alternativ s\u0259sidir\",\"publisher\":{\"@id\":\"https:\\\/\\\/www.meydan.tv\\\/az\\\/#organization\"},\"potentialAction\":[{\"@type\":\"SearchAction\",\"target\":{\"@type\":\"EntryPoint\",\"urlTemplate\":\"https:\\\/\\\/www.meydan.tv\\\/az\\\/?s={search_term_string}\"},\"query-input\":{\"@type\":\"PropertyValueSpecification\",\"valueRequired\":true,\"valueName\":\"search_term_string\"}}],\"inLanguage\":\"az\"},{\"@type\":\"Organization\",\"@id\":\"https:\\\/\\\/www.meydan.tv\\\/az\\\/#organization\",\"name\":\"Meydan TV\",\"url\":\"https:\\\/\\\/www.meydan.tv\\\/az\\\/\",\"logo\":{\"@type\":\"ImageObject\",\"inLanguage\":\"az\",\"@id\":\"https:\\\/\\\/www.meydan.tv\\\/az\\\/#\\\/schema\\\/logo\\\/image\\\/\",\"url\":\"https:\\\/\\\/www.meydan.tv\\\/wp-content\\\/uploads\\\/2021\\\/07\\\/meydan-logo.svg\",\"contentUrl\":\"https:\\\/\\\/www.meydan.tv\\\/wp-content\\\/uploads\\\/2021\\\/07\\\/meydan-logo.svg\",\"width\":195,\"height\":46,\"caption\":\"Meydan TV\"},\"image\":{\"@id\":\"https:\\\/\\\/www.meydan.tv\\\/az\\\/#\\\/schema\\\/logo\\\/image\\\/\"}},{\"@type\":\"Person\",\"@id\":\"https:\\\/\\\/www.meydan.tv\\\/az\\\/#\\\/schema\\\/person\\\/10d11eccf6da3662cf5fdab9806ea91a\",\"name\":\"user-manager\"}]}<\/script>\n<!-- \/ Yoast SEO plugin. -->","yoast_head_json":{"title":"Pa\u015fa day\u0131n\u0131n sirri - MEYDAN.TV","robots":{"index":"index","follow":"follow","max-snippet":"max-snippet:-1","max-image-preview":"max-image-preview:large","max-video-preview":"max-video-preview:-1"},"canonical":"https:\/\/www.meydan.tv\/az\/article\/pasa-dayinin-sirri\/","og_locale":"az_AZ","og_type":"article","og_title":"Pa\u015fa day\u0131n\u0131n sirri - MEYDAN.TV","og_description":"\u00d6lk\u0259 k\u00f6hn\u0259 \u00f6lk\u0259di, a\u011fr\u0131lar\u0131 t\u0259z\u0259di...","og_url":"https:\/\/www.meydan.tv\/az\/article\/pasa-dayinin-sirri\/","og_site_name":"MEYDAN.TV","article_published_time":"2016-04-22T16:34:26+00:00","og_image":[{"width":500,"height":500,"url":"https:\/\/www.meydan.tv\/wp-content\/uploads\/20942.jpg","type":"image\/jpeg"}],"author":"user-manager","twitter_card":"summary_large_image","schema":{"@context":"https:\/\/schema.org","@graph":[{"@type":"Article","@id":"https:\/\/www.meydan.tv\/az\/article\/pasa-dayinin-sirri\/#article","isPartOf":{"@id":"https:\/\/www.meydan.tv\/az\/article\/pasa-dayinin-sirri\/"},"author":{"name":"user-manager","@id":"https:\/\/www.meydan.tv\/az\/#\/schema\/person\/10d11eccf6da3662cf5fdab9806ea91a"},"headline":"Pa\u015fa day\u0131n\u0131n sirri","datePublished":"2016-04-22T16:34:26+00:00","mainEntityOfPage":{"@id":"https:\/\/www.meydan.tv\/az\/article\/pasa-dayinin-sirri\/"},"wordCount":1411,"publisher":{"@id":"https:\/\/www.meydan.tv\/az\/#organization"},"image":{"@id":"https:\/\/www.meydan.tv\/az\/article\/pasa-dayinin-sirri\/#primaryimage"},"thumbnailUrl":"https:\/\/www.meydan.tv\/wp-content\/uploads\/20942.jpg","articleSection":["M\u0259nim Fikrimc\u0259"],"inLanguage":"az"},{"@type":"WebPage","@id":"https:\/\/www.meydan.tv\/az\/article\/pasa-dayinin-sirri\/","url":"https:\/\/www.meydan.tv\/az\/article\/pasa-dayinin-sirri\/","name":"Pa\u015fa day\u0131n\u0131n sirri - MEYDAN.TV","isPartOf":{"@id":"https:\/\/www.meydan.tv\/az\/#website"},"primaryImageOfPage":{"@id":"https:\/\/www.meydan.tv\/az\/article\/pasa-dayinin-sirri\/#primaryimage"},"image":{"@id":"https:\/\/www.meydan.tv\/az\/article\/pasa-dayinin-sirri\/#primaryimage"},"thumbnailUrl":"https:\/\/www.meydan.tv\/wp-content\/uploads\/20942.jpg","datePublished":"2016-04-22T16:34:26+00:00","breadcrumb":{"@id":"https:\/\/www.meydan.tv\/az\/article\/pasa-dayinin-sirri\/#breadcrumb"},"inLanguage":"az","potentialAction":[{"@type":"ReadAction","target":["https:\/\/www.meydan.tv\/az\/article\/pasa-dayinin-sirri\/"]}]},{"@type":"ImageObject","inLanguage":"az","@id":"https:\/\/www.meydan.tv\/az\/article\/pasa-dayinin-sirri\/#primaryimage","url":"https:\/\/www.meydan.tv\/wp-content\/uploads\/20942.jpg","contentUrl":"https:\/\/www.meydan.tv\/wp-content\/uploads\/20942.jpg","width":500,"height":500,"caption":"Source:"},{"@type":"BreadcrumbList","@id":"https:\/\/www.meydan.tv\/az\/article\/pasa-dayinin-sirri\/#breadcrumb","itemListElement":[{"@type":"ListItem","position":1,"name":"Ana s\u0259hif\u0259","item":"https:\/\/www.meydan.tv\/az\/"},{"@type":"ListItem","position":2,"name":"M\u0259nim Fikrimc\u0259","item":"https:\/\/www.meydan.tv\/az\/section\/menim-fikrimce\/"},{"@type":"ListItem","position":3,"name":"Pa\u015fa day\u0131n\u0131n sirri"}]},{"@type":"WebSite","@id":"https:\/\/www.meydan.tv\/az\/#website","url":"https:\/\/www.meydan.tv\/az\/","name":"MEYDAN.TV","description":"Meydan TV Az\u0259rbaycan\u0131n media m\u0259kan\u0131ndak\u0131 alternativ s\u0259sidir","publisher":{"@id":"https:\/\/www.meydan.tv\/az\/#organization"},"potentialAction":[{"@type":"SearchAction","target":{"@type":"EntryPoint","urlTemplate":"https:\/\/www.meydan.tv\/az\/?s={search_term_string}"},"query-input":{"@type":"PropertyValueSpecification","valueRequired":true,"valueName":"search_term_string"}}],"inLanguage":"az"},{"@type":"Organization","@id":"https:\/\/www.meydan.tv\/az\/#organization","name":"Meydan TV","url":"https:\/\/www.meydan.tv\/az\/","logo":{"@type":"ImageObject","inLanguage":"az","@id":"https:\/\/www.meydan.tv\/az\/#\/schema\/logo\/image\/","url":"https:\/\/www.meydan.tv\/wp-content\/uploads\/2021\/07\/meydan-logo.svg","contentUrl":"https:\/\/www.meydan.tv\/wp-content\/uploads\/2021\/07\/meydan-logo.svg","width":195,"height":46,"caption":"Meydan TV"},"image":{"@id":"https:\/\/www.meydan.tv\/az\/#\/schema\/logo\/image\/"}},{"@type":"Person","@id":"https:\/\/www.meydan.tv\/az\/#\/schema\/person\/10d11eccf6da3662cf5fdab9806ea91a","name":"user-manager"}]}},"_links":{"self":[{"href":"https:\/\/www.meydan.tv\/az\/wp-json\/wp\/v2\/posts\/175381","targetHints":{"allow":["GET"]}}],"collection":[{"href":"https:\/\/www.meydan.tv\/az\/wp-json\/wp\/v2\/posts"}],"about":[{"href":"https:\/\/www.meydan.tv\/az\/wp-json\/wp\/v2\/types\/post"}],"author":[{"embeddable":true,"href":"https:\/\/www.meydan.tv\/az\/wp-json\/wp\/v2\/users\/11"}],"replies":[{"embeddable":true,"href":"https:\/\/www.meydan.tv\/az\/wp-json\/wp\/v2\/comments?post=175381"}],"version-history":[{"count":0,"href":"https:\/\/www.meydan.tv\/az\/wp-json\/wp\/v2\/posts\/175381\/revisions"}],"wp:featuredmedia":[{"embeddable":true,"href":"https:\/\/www.meydan.tv\/az\/wp-json\/wp\/v2\/media\/55431"}],"wp:attachment":[{"href":"https:\/\/www.meydan.tv\/az\/wp-json\/wp\/v2\/media?parent=175381"}],"wp:term":[{"taxonomy":"category","embeddable":true,"href":"https:\/\/www.meydan.tv\/az\/wp-json\/wp\/v2\/categories?post=175381"},{"taxonomy":"post_tag","embeddable":true,"href":"https:\/\/www.meydan.tv\/az\/wp-json\/wp\/v2\/tags?post=175381"}],"curies":[{"name":"wp","href":"https:\/\/api.w.org\/{rel}","templated":true}]}}