{"id":175371,"date":"2016-04-22T00:32:41","date_gmt":"2016-04-22T00:32:41","guid":{"rendered":"https:\/\/www.meydan.tv\/article\/indi-oldu-qus\/"},"modified":"2016-04-22T00:32:41","modified_gmt":"2016-04-22T00:32:41","slug":"indi-oldu-qus","status":"publish","type":"post","link":"https:\/\/www.meydan.tv\/az\/article\/indi-oldu-qus\/","title":{"rendered":"\u0130ndi oldu qu\u015f!"},"content":{"rendered":"<figure class=\"wp-block-image size-large\">\n  <img decoding=\"async\" src=\"https:\/\/www.meydan.tv\/az\/55428\/\" alt=\"\" class=\"wp-image-55428\"\/><figcaption><\/figcaption><\/figure>\n<figure class=\"wp-block-image size-large\">\n  <img decoding=\"async\" src=\"https:\/\/www.meydan.tv\/az\/55434\/\" alt=\"\" class=\"wp-image-55434\"\/><figcaption><\/figcaption><\/figure>\n<p>\n  Aprelin 19-da \u0259la bir t\u0259dbir\u0259 qat\u0131lm\u0131\u015fd\u0131m. Yeriniz m\u0259lum olsun, v\u0259t\u0259nda\u015f c\u0259miyy\u0259tinin v\u0259ziyy\u0259ti m\u00fczakir\u0259 olunurdu. Bu c\u0259miyy\u0259tin ulduzlar\u0131 Qubad \u0130bado\u011flu, \u018fl\u0259sk\u0259r M\u0259mm\u0259dli, Mehman \u018fliyev v\u0259 Arzu xan\u0131m Abdullayeva bu v\u0259ziyy\u0259ti el\u0259 t\u0259svir etdil\u0259r ki, duy\u011fulu insan g\u0259r\u0259k d\u0259smal g\u00f6t\u00fcr\u00fcb a\u011flayayd\u0131. N\u0259z\u0259r\u0259 alsaq ki, zala duy\u011fusuz, daha a\u00e7\u0131q des\u0259k, Az\u0259rbaycan hakimiyy\u0259tinin yaratd\u0131\u011f\u0131 m\u00fchit\u0259 al\u0131\u015fm\u0131\u015f insanlar topla\u015fm\u0131\u015fd\u0131, he\u00e7 k\u0259s d\u0259smal g\u00f6t\u00fcrm\u0259di v\u0259 a\u011flamad\u0131.\n<\/p>\n<p>\n  \u018f, b\u0259 n\u0259 etdi? M\u00fczakir\u0259 apard\u0131.\n<\/p>\n<p>\n  Hakimiyy\u0259t bu t\u0259hl\u00fck\u0259li v\u0259t\u0259nda\u015f c\u0259miyy\u0259tini ram etm\u0259k, ram olmayanlar\u0131 m\u0259hv etm\u0259k \u00fc\u00e7\u00fcn hans\u0131 h\u00fcquqi, maliyy\u0259 v\u0259 inzibat\u0131 oyunlardan \u00e7\u0131x\u0131b, bu yetim-yesir QHT f\u0259allar\u0131n\u0131n ba\u015f\u0131na hans\u0131 h\u0259ngam\u0259l\u0259ri a\u00e7\u0131b, m\u0259ruz\u0259\u00e7il\u0259r \u00f6z \u00e7\u0131x\u0131\u015flar\u0131nda at\u00fcst\u00fc t\u0259svir etdil\u0259r. At\u00fcst\u00fc ona g\u00f6r\u0259 deyir\u0259m ki, hakimiyy\u0259timizin bu n\u0259h\u0259ng i\u015fini dol\u011fun t\u0259svir etm\u0259k \u00fc\u00e7\u00fcn h\u0259r bir m\u0259ruz\u0259\u00e7i g\u0259r\u0259k az\u0131 bir saat dan\u0131\u015fayd\u0131. Bak\u0131 M\u0259tbuat M\u0259rk\u0259zinin (BMM) bir saatl\u0131q icar\u0259 pulu is\u0259, Qubad b\u0259yin m\u0259lumat\u0131na g\u00f6r\u0259, 30 manatd\u0131r. B\u00fcdc\u0259nin q\u0131tl\u0131\u011f\u0131na g\u00f6r\u0259 hakimiyy\u0259tin bu sah\u0259d\u0259 \u0259z\u0259m\u0259tli i\u015fi yaln\u0131z tezis \u015f\u0259klind\u0259 t\u0259svir edildi.\n<\/p>\n<p>\n  Tezisl\u0259rd\u0259 qanunlara edilmi\u015f antikonstitusion 26 m\u00fcrt\u0259ce \u0259lav\u0259 v\u0259 d\u0259yi\u015fiklik, kas\u0131b QHT-l\u0259rin hesablar\u0131n\u0131n dondurulmas\u0131, donor t\u0259\u015fkilatlar\u0131na qar\u015f\u0131 qada\u011fa v\u0259 m\u0259hdudiyy\u0259tl\u0259r, art\u0131q-\u0259skik dan\u0131\u015fan ictimai f\u0259allar\u0131n v\u0259 jurnaistl\u0259rin, h\u0259m\u00e7inin onlar\u0131n qohumlar\u0131n\u0131n h\u0259bsi, onlara qar\u015f\u0131 cinay\u0259t i\u015fl\u0259rinin a\u00e7\u0131lmas\u0131, onlar\u0131n iqtisadi blokadaya al\u0131nmas\u0131, c\u0259miyy\u0259tin g\u00f6z\u00fcnd\u0259n sal\u0131nmas\u0131 m\u0259qs\u0259dil\u0259 m\u00fcxt\u0259lif t\u0259xribat s\u0259ciyy\u0259li t\u0259dbirl\u0259rin t\u0259\u015fkili, y\u0259ni milli hakimiyy\u0259timizin cahan\u015f\u00fcmul f\u0259aliyy\u0259ti \u0259sla tam olmayan \u015f\u0259kild\u0259 t\u0259svir edildi.\n<\/p>\n<p>\n  Bu t\u0259svir Prezident Aparat\u0131n\u0131n ictimai v\u0259 siyasi t\u0259\u015fkilatlarla i\u015f \u015f\u00f6b\u0259sinin \u0259m\u0259kda\u015f\u0131, vaxtil\u0259 QHT sah\u0259sind\u0259 \u00e7al\u0131\u015fm\u0131\u015f, xaricd\u0259 t\u0259hsil alm\u0131\u015f v\u0259 xarici dil bil\u0259n \u0259m\u0259kda\u015f\u0131 G\u00fcls\u0259r xan\u0131m\u0131 r\u0259ncid\u0259 etdi. G\u00fcls\u0259r xan\u0131m hakimiyy\u0259tin total m\u00fcdafi\u0259sin\u0259 qalxd\u0131. Hakimiyy\u0259tin incitdiyi f\u0259allar da onu \u00f6z ac\u0131 qism\u0259tl\u0259rinin n\u00fcmun\u0259si il\u0259 m\u0259z\u0259mm\u0259t etm\u0259y\u0259 ba\u015flad\u0131lar.<br \/>\n  <br \/>\n  Sizin h\u0259qir b\u0259nd\u0259niz d\u0259 bu vur-\u00e7atlas\u0131na bax\u0131b d\u00fc\u015f\u00fcn\u00fcrd\u00fc: n\u0259yin m\u00fczakir\u0259sini apar\u0131rs\u0131n\u0131z? 2&#215;2 ed\u0259r 4. Bunumu m\u00fczakir\u0259 edirsiniz?\n<\/p>\n<p>\n  Ax\u0131 QHT n\u0259dir? M\u0259rhum Ulu \u00d6nd\u0259r, yax\u015f\u0131 yad\u0131mdad\u0131r, hakimiyy\u0259td\u0259 m\u00f6hk\u0259ml\u0259n\u0259nd\u0259n sonra \u015eura h\u00f6kum\u0259tinin b\u00fct\u00fcn qaydalar\u0131n\u0131 t\u0259tbiq etm\u0259y\u0259 \u00e7al\u0131\u015fd\u0131. Bir d\u0259 g\u00f6rd\u00fc ki, onun bu n\u0259cib i\u015fin\u0259 ciddi \u0259ng\u0259l t\u00f6r\u0259d\u0259n t\u0259\u015fklatlar var. \u018fs\u0259bil\u0259\u015fib televiziyada \u0259traf\u0131ndan soru\u015fdu ki, \u201cBu v\u0259t\u0259nda\u015f c\u0259miyy\u0259ti n\u0259dir?\u201d T\u0259bii ki, onun \u0259traf\u0131nda savadl\u0131 adamlar var idi (S\u0259fa Mirz\u0259yev, \u015eahin \u018fliyev v\u0259 s.), onlar ah\u0259st\u0259 p\u0131\u00e7\u0131ldad\u0131lar ki, \u201cC\u0259nab Prezident, post\u015f\u00fcra d\u00f6vr\u00fcnd\u0259 bu QHT-lar xo\u015fag\u0259lm\u0259z, lakin qa\u00e7\u0131lmaz bir ger\u00e7\u0259klikdir.\u201d\n<\/p>\n<p>\n  Onda da Ulu \u00d6nd\u0259r laz\u0131mi adamlara tap\u015f\u0131rd\u0131 ki, bu xo\u015fag\u0259lm\u0259z ger\u00e7\u0259kliyi bizim milli h\u00f6kum\u0259tin meyarlar\u0131na uy\u011fun t\u0259nziml\u0259sinl\u0259r. Laz\u0131mi adamlar da bu i\u015fl\u0259 art\u0131q 20 ildir ki, m\u0259\u015f\u011ful olur. Kim des\u0259 ki, onlar \u00e7\u00f6r\u0259kl\u0259rini nahaq yeyirl\u0259r, inanmay\u0131n. Yer\u0259 hals\u0131z s\u0259rilib, x\u0131r\u0131ldayan v\u0259t\u0259nda\u015f c\u0259miyy\u0259timiz el\u0259 bu adamlar\u0131n \u0259z\u0259m\u0259tli \u0259m\u0259yinin n\u0259tic\u0259sidir.<br \/>\n  <br \/>\n  Demokratik c\u0259miyy\u0259tl\u0259rd\u0259 QHT-lara \u201cwatch dog\u201d, y\u0259ni \u201cke\u015fik k\u00f6p\u0259yi\u201d deyirl\u0259r. Bu t\u0259\u015fbihd\u0259 he\u00e7 bir t\u0259hqir yoxdur, \u0259ksin\u0259, t\u0259rif var. Nec\u0259 ki, q\u0259dim Roman\u0131 d\u00fc\u015fm\u0259nl\u0259rd\u0259n qorumu\u015f ay\u0131q qazlara bu \u015f\u0259h\u0259rd\u0259 heyk\u0259l qoyublar, demokratik \u00f6lk\u0259l\u0259rd\u0259 d\u0259 v\u0259t\u0259nda\u015f c\u0259miyy\u0259ti v\u0259 onlar\u0131n \u201cke\u015fik k\u00f6p\u0259yi\u201d v\u0259zif\u0259si \u00fclvi bir m\u0259fhuma \u00e7evrilib. Bu k\u00f6p\u0259kl\u0259r c\u0259miyy\u0259tin v\u0259 d\u00f6vl\u0259tin maraqlar\u0131n\u0131n ke\u015fiyind\u0259 durub hans\u0131sa bir pozuntunu g\u00f6r\u0259nd\u0259 ucadan h\u00fcrm\u0259y\u0259 ba\u015flay\u0131rlar, c\u0259miyy\u0259t oyan\u0131r v\u0259 nad\u00fcr\u00fcst\u00fcn qula\u011f\u0131ndan tutub dart\u0131r, c\u0259miyy\u0259tin sa\u011flam qalmas\u0131na nail olur.\n<\/p>\n<p>\n  Nec\u0259 ki, \u201cO olmas\u0131n bu olsun\u201dda bazardak\u0131 tacir Qo\u00e7u \u018fsk\u0259rin ke\u00e7isinin qula\u011f\u0131ndan tutub onu ki\u015fmi\u015f torbas\u0131ndan ay\u0131rm\u0131\u015fd\u0131. D\u00fczd\u00fcr, antidemokratik Bak\u0131 m\u00fchitind\u0259 Qo\u00e7u \u018fsk\u0259r g\u0259lib onun ke\u00e7isin\u0259 \u0259l qald\u0131rm\u0131\u015f tacir\u0259 qulaqburmas\u0131 vermi\u015fdi, ancaq demokratik Avropa v\u0259 ya Amerikada he\u00e7 bir demokratik partiya v\u0259 lider he\u00e7 vaxt v\u0259t\u0259nda\u015f c\u0259miyy\u0259ti \u00f6z\u0259kl\u0259rin\u0259 qar\u015f\u0131 bir add\u0131m bel\u0259 atma\u011fa c\u00fcr\u0259t etm\u0259z. Ets\u0259, evi y\u0131x\u0131lar.\n<\/p>\n<p>\n  Nec\u0259 ki, m\u00fcv\u0259ff\u0259qiyy\u0259td\u0259n ba\u015f\u0131 gic\u0259ll\u0259nmi\u015f Mixail Saaka\u015fvili onu hakimiyy\u0259t\u0259 g\u0259tirmi\u015f g\u00fcrc\u00fc QHT-lar\u0131na nankorluq etdi, a\u015f\u0131r\u0131ld\u0131 v\u0259 \u00f6lk\u0259d\u0259n getm\u0259li oldu.\n<\/p>\n<p>\n  V\u0259t\u0259nda\u015f c\u0259miyy\u0259tin\u0259 m\u0259tbuat, ictimai birlikl\u0259r v\u0259 m\u00fcxalif\u0259t partiyalar\u0131 daxildir. Onlar\u0131n ham\u0131s\u0131n\u0131 c\u0259miyy\u0259tin sa\u011flaml\u0131\u011f\u0131n\u0131 qoruyan \u201cke\u015fik k\u00f6p\u0259yi\u201d adland\u0131rmaq olar . Ke\u015fik k\u00f6p\u0259yi n\u0259 edir? Ev-e\u015fiyi qoruyur. Kimd\u0259n? O\u011frudan, haram\u0131dan, yad adamdan. Yax\u015f\u0131 ke\u015fik k\u00f6p\u0259yi olan yerd\u0259 he\u00e7 bir o\u011fru evi yara bilm\u0259z, evin s\u0259rv\u0259tini da\u015f\u0131ya bilm\u0259z. K\u00f6p\u0259k qoymaz, h\u00fcr\u0259r, s\u0259s salar, ail\u0259ni, qon\u015fular\u0131, c\u0259miyy\u0259ti duyuq salar.\n<\/p>\n<p>\n  Bizim QHT-lar n\u0259 il\u0259 m\u0259\u015f\u011ful idi? Avtoritar qurulu\u015fun fil qula\u011f\u0131nda yatm\u0131\u015f v\u0259t\u0259nda\u015flar\u0131na onlar\u0131n v\u0259t\u0259nda\u015f v\u0259 insan h\u00fcquqlar\u0131n\u0131 izah edib onlar\u0131 oyad\u0131rd\u0131lar.\n<\/p>\n<p>\n  Bel\u0259 i\u015f bizim hakimiyy\u0259t\u0259 g\u0259r\u0259k idimi? \u018fsla yox. Hakimiyy\u0259t\u0259 cahil v\u0259 m\u00fcti k\u00fctl\u0259 xeyirdir. \u201cB\u00f6y\u00fck-ki\u00e7ik\u201d bil\u0259n, \u201cba\u015fqa ki\u015finin cibind\u0259ki pulu saymayan\u201d cahil m\u0259xluqat xeyirdir. Saxta se\u00e7kil\u0259rin n\u0259tic\u0259si il\u0259 bar\u0131\u015f\u0131b \u201cba\u015f\u0131n\u0131 a\u015fa\u011f\u0131 sal\u0131b fa\u011f\u0131r dolanan\u201d ikiayaql\u0131 dikg\u0259z\u0259n m\u0259m\u0259li v\u00fccudlar xeyirdir.\n<\/p>\n<p>\n  M\u0259s\u0259l\u0259n, hakimiyy\u0259tin \u201cke\u015fik k\u00f6p\u0259yi\u201d Qubad \u0130bado\u011flunun \u201c\u0130qtisadi t\u0259dqiqatlar birliyi\u201dnd\u0259n z\u0259ndeyi-z\u0259hl\u0259si gedir. Niy\u0259? Bu m\u0259rd\u00fcm\u0259zar t\u0259\u015fkilat ara\u015fd\u0131rma apar\u0131b v\u0259 c\u0259mi \u0259hli-Az\u0259rbaycana g\u00f6st\u0259rib ki, bizim \u015fanl\u0131 G\u00f6mr\u00fck Komit\u0259miz son on be\u015f ild\u0259 az\u0131 13 milyard manat h\u0259cmind\u0259 mal\u0131 qeydiyyatdan ke\u00e7irm\u0259yib. Loru dill\u0259 des\u0259k, \u201c\u00e7\u0131rp\u0131\u015fd\u0131r\u0131b.\u201d\n<\/p>\n<p>\n  D\u00fczd\u00fcr, bu m\u0259lumat h\u0259min bu c\u0259mi \u0259hli-Az\u0259rbaycan\u0131n he\u00e7 t\u00fck\u00fcn\u00fc bel\u0259 t\u0259rp\u0259tm\u0259yib, zira bu xalq \u0259mindir ki, bu \u00f6lk\u0259d\u0259 onluq he\u00e7 n\u0259 yoxdur. Amma bel\u0259 \u0259d\u0259bsiz h\u0259r\u0259k\u0259t bizim h\u0259ssas hakimiyy\u0259ti q\u0259z\u0259bl\u0259ndirib. Nec\u0259 y\u0259ni, m\u0259n bas\u0131b yeyir\u0259m v\u0259 kims\u0259 c\u00fcr\u0259t edib bunu dilin\u0259 g\u0259tirir?\n<\/p>\n<p>\n  Yaxud, bu z\u0131qq\u0131 Soros Fondu jurnalistl\u0259r aras\u0131nda ara\u015fd\u0131rma m\u00fcsabiq\u0259si ke\u00e7irimi\u015fdi v\u0259 onlar da r\u0259q\u0259ml\u0259rl\u0259 ortaya qoymu\u015fdular ki, hakimiyy\u0259tin xalq namin\u0259 milyardlar x\u0259cl\u0259yib, h\u0259yata ke\u00e7irdiyi B\u00dcT\u00dcN layih\u0259l\u0259rd\u0259 bizim cibgir m\u0259murlar g\u00f6zg\u00f6r\u0259si milyonlar o\u011furlay\u0131blar v\u0259 layih\u0259l\u0259rin HAMISI iqtisadi c\u0259h\u0259rd\u0259n ziyanl\u0131d\u0131r.<br \/>\n  <br \/>\n  Hans\u0131 \u00f6z\u00fcn\u0259 h\u00f6rm\u0259t ed\u0259n ki\u015fi buna d\u00f6z\u0259r? He\u00e7 bir. Buna g\u00f6r\u0259 Soros Fondunu ba\u011flatd\u0131lar v\u0259 onun bar\u0259sind\u0259 \u00e7irkin \u015fayi\u0259 kampaniyas\u0131 apar\u0131d\u0131lar.\n<\/p>\n<p>\n  N\u0259 is\u0259, hal-q\u0259ziyy\u0259 bel\u0259dir. Bu d\u00f6vl\u0259t bir n\u0259sl\u0259 qalan s\u0259rv\u0259tdir, onu kim v\u0259 nec\u0259 bas\u0131b-yeyir, he\u00e7 k\u0259s\u0259 d\u0259xli yoxdur. O c\u00fcml\u0259d\u0259n, bu k\u00f6p\u0259k u\u015fa\u011f\u0131 ke\u015fik k\u00f6p\u0259kl\u0259rin\u0259.\n<\/p>\n<p>\n  Az\u0259rbaycanda v\u0259t\u0259nda\u015f c\u0259miyy\u0259tinin g\u0259l\u0259c\u0259yi parlaqd\u0131r. Onun milli ruhda t\u0259rbiy\u0259si il\u0259 ciddi adamlar m\u0259\u015f\u011ful olur. Burada m\u0259nim yad\u0131ma Molla \u0259minin bir l\u0259tif\u0259si d\u00fc\u015f\u00fcr:\n<\/p>\n<p>\n  \u201cK\u0259ndlil\u0259r bir hac\u0131leyl\u0259k tuturlar. He\u00e7 k\u0259s bilmir bu n\u0259dir. G\u0259tirirl\u0259r onu Molla N\u0259sr\u0259ddinin yan\u0131na v\u0259 soru\u015furlar:<br \/>\n  <br \/>\n  -Molla \u0259mi, bu n\u0259 olan \u015feydir?<br \/>\n  <br \/>\n  Molla \u0259mi bax\u0131r hac\u0131leyl\u0259y\u0259, he\u00e7 n\u0259 anlam\u0131r. Bir az fikirl\u0259\u015fir, g\u00f6t\u00fcr\u00fcr z\u0131rp\u0131 bir qay\u00e7\u0131n\u0131, hac\u0131leyl\u0259yin uzun ayaqlar\u0131n\u0131n yar\u0131s\u0131n\u0131 v\u0259 uzun boynunun yar\u0131s\u0131n\u0131 k\u0259sir, sonra k\u0259ndlil\u0259r\u0259 g\u00f6st\u0259rib deyir:<br \/>\n  <br \/>\n  -\u0130ndi oldu qu\u015f!\u201d\n<\/p>\n<p>\n  \u0130ndi d\u0259 hakimiyy\u0259t v\u0259t\u0259nda\u015f c\u0259miyy\u0259tinin onun \u00f6z\u0259l milli standartlar\u0131na uy\u011fun olmayan hiss\u0259l\u0259rini k\u0259sm\u0259kl\u0259, QHT-lar\u0131n \u201ckonstruktivl\u0259\u015fdirm\u0259\u201d \u0259m\u0259liyyat\u0131 il\u0259 m\u0259\u015f\u011fuldur.\n<\/p>\n<p>\n  \u018fm\u0259liyyat u\u011furlu al\u0131nsa, zavall\u0131 v\u0259t\u0259nda\u015f c\u0259miyy\u0259ti \u00f6z\u0259kl\u0259ri d\u00fc\u015f\u0259c\u0259k zavall\u0131 \u201cm\u00fcxalif\u0259t\u201d partiyalar\u0131n\u0131n k\u00f6k\u00fcn\u0259.<br \/>\n  <br \/>\n  Zavall\u0131 Az\u0259rbaycan hans\u0131 k\u00f6kd\u0259dir v\u0259 bundan sonra hans\u0131 k\u00f6k\u0259 d\u00fc\u015f\u0259c\u0259k, d\u0259xi onu demir\u0259m ki, ba\u015f\u0131m a\u011fr\u0131mas\u0131n.\n<\/p>\n<p>\n  <b><br \/>\n    Yaz\u0131 m\u00fc\u0259llifin \u015f\u0259xsi m\u00f6vqeyini \u0259ks etdirir. M\u00fc\u0259llifin m\u00f6vqeyi Meydan.Tv-nin m\u00f6vqeyi il\u0259 \u00fcst-\u00fcst\u0259 d\u00fc\u015fm\u0259y\u0259 bil\u0259r.<br \/>\n  <\/b><\/p>\n","protected":false},"excerpt":{"rendered":"<p>Zavall\u0131 k\u00f6p\u0259kl\u0259r<\/p>\n","protected":false},"author":11,"featured_media":55428,"comment_status":"closed","ping_status":"open","sticky":false,"template":"","format":"standard","meta":{"_acf_changed":false,"_sitemap_exclude":false,"_sitemap_priority":"","_sitemap_frequency":"","footnotes":""},"categories":[57],"tags":[],"class_list":["post-175371","post","type-post","status-publish","format-standard","has-post-thumbnail","hentry","category-menim-fikrimce","infinite-scroll-item","generate-columns","tablet-grid-50","mobile-grid-100","grid-parent","grid-33","no-featured-image-padding"],"acf":[],"yoast_head":"<!-- This site is optimized with the Yoast SEO plugin v27.5 - https:\/\/yoast.com\/product\/yoast-seo-wordpress\/ -->\n<title>\u0130ndi oldu qu\u015f! - MEYDAN.TV<\/title>\n<meta name=\"robots\" content=\"index, follow, max-snippet:-1, max-image-preview:large, max-video-preview:-1\" \/>\n<link rel=\"canonical\" href=\"https:\/\/www.meydan.tv\/az\/article\/indi-oldu-qus\/\" \/>\n<meta property=\"og:locale\" content=\"az_AZ\" \/>\n<meta property=\"og:type\" content=\"article\" \/>\n<meta property=\"og:title\" content=\"\u0130ndi oldu qu\u015f! - MEYDAN.TV\" \/>\n<meta property=\"og:description\" content=\"Zavall\u0131 k\u00f6p\u0259kl\u0259r\" \/>\n<meta property=\"og:url\" content=\"https:\/\/www.meydan.tv\/az\/article\/indi-oldu-qus\/\" \/>\n<meta property=\"og:site_name\" content=\"MEYDAN.TV\" \/>\n<meta property=\"article:published_time\" content=\"2016-04-22T00:32:41+00:00\" \/>\n<meta property=\"og:image\" content=\"https:\/\/www.meydan.tv\/wp-content\/uploads\/20919.jpg\" \/>\n\t<meta property=\"og:image:width\" content=\"500\" \/>\n\t<meta property=\"og:image:height\" content=\"500\" \/>\n\t<meta property=\"og:image:type\" content=\"image\/jpeg\" \/>\n<meta name=\"author\" content=\"user-manager\" \/>\n<meta name=\"twitter:card\" content=\"summary_large_image\" \/>\n<script type=\"application\/ld+json\" class=\"yoast-schema-graph\">{\"@context\":\"https:\\\/\\\/schema.org\",\"@graph\":[{\"@type\":\"Article\",\"@id\":\"https:\\\/\\\/www.meydan.tv\\\/az\\\/article\\\/indi-oldu-qus\\\/#article\",\"isPartOf\":{\"@id\":\"https:\\\/\\\/www.meydan.tv\\\/az\\\/article\\\/indi-oldu-qus\\\/\"},\"author\":{\"name\":\"user-manager\",\"@id\":\"https:\\\/\\\/www.meydan.tv\\\/az\\\/#\\\/schema\\\/person\\\/10d11eccf6da3662cf5fdab9806ea91a\"},\"headline\":\"\u0130ndi oldu qu\u015f!\",\"datePublished\":\"2016-04-22T00:32:41+00:00\",\"mainEntityOfPage\":{\"@id\":\"https:\\\/\\\/www.meydan.tv\\\/az\\\/article\\\/indi-oldu-qus\\\/\"},\"wordCount\":1692,\"publisher\":{\"@id\":\"https:\\\/\\\/www.meydan.tv\\\/az\\\/#organization\"},\"image\":{\"@id\":\"https:\\\/\\\/www.meydan.tv\\\/az\\\/article\\\/indi-oldu-qus\\\/#primaryimage\"},\"thumbnailUrl\":\"https:\\\/\\\/www.meydan.tv\\\/wp-content\\\/uploads\\\/20919.jpg\",\"articleSection\":[\"M\u0259nim Fikrimc\u0259\"],\"inLanguage\":\"az\"},{\"@type\":\"WebPage\",\"@id\":\"https:\\\/\\\/www.meydan.tv\\\/az\\\/article\\\/indi-oldu-qus\\\/\",\"url\":\"https:\\\/\\\/www.meydan.tv\\\/az\\\/article\\\/indi-oldu-qus\\\/\",\"name\":\"\u0130ndi oldu qu\u015f! - MEYDAN.TV\",\"isPartOf\":{\"@id\":\"https:\\\/\\\/www.meydan.tv\\\/az\\\/#website\"},\"primaryImageOfPage\":{\"@id\":\"https:\\\/\\\/www.meydan.tv\\\/az\\\/article\\\/indi-oldu-qus\\\/#primaryimage\"},\"image\":{\"@id\":\"https:\\\/\\\/www.meydan.tv\\\/az\\\/article\\\/indi-oldu-qus\\\/#primaryimage\"},\"thumbnailUrl\":\"https:\\\/\\\/www.meydan.tv\\\/wp-content\\\/uploads\\\/20919.jpg\",\"datePublished\":\"2016-04-22T00:32:41+00:00\",\"breadcrumb\":{\"@id\":\"https:\\\/\\\/www.meydan.tv\\\/az\\\/article\\\/indi-oldu-qus\\\/#breadcrumb\"},\"inLanguage\":\"az\",\"potentialAction\":[{\"@type\":\"ReadAction\",\"target\":[\"https:\\\/\\\/www.meydan.tv\\\/az\\\/article\\\/indi-oldu-qus\\\/\"]}]},{\"@type\":\"ImageObject\",\"inLanguage\":\"az\",\"@id\":\"https:\\\/\\\/www.meydan.tv\\\/az\\\/article\\\/indi-oldu-qus\\\/#primaryimage\",\"url\":\"https:\\\/\\\/www.meydan.tv\\\/wp-content\\\/uploads\\\/20919.jpg\",\"contentUrl\":\"https:\\\/\\\/www.meydan.tv\\\/wp-content\\\/uploads\\\/20919.jpg\",\"width\":500,\"height\":500,\"caption\":\"Source:\"},{\"@type\":\"BreadcrumbList\",\"@id\":\"https:\\\/\\\/www.meydan.tv\\\/az\\\/article\\\/indi-oldu-qus\\\/#breadcrumb\",\"itemListElement\":[{\"@type\":\"ListItem\",\"position\":1,\"name\":\"Ana s\u0259hif\u0259\",\"item\":\"https:\\\/\\\/www.meydan.tv\\\/az\\\/\"},{\"@type\":\"ListItem\",\"position\":2,\"name\":\"M\u0259nim Fikrimc\u0259\",\"item\":\"https:\\\/\\\/www.meydan.tv\\\/az\\\/section\\\/menim-fikrimce\\\/\"},{\"@type\":\"ListItem\",\"position\":3,\"name\":\"\u0130ndi oldu qu\u015f!\"}]},{\"@type\":\"WebSite\",\"@id\":\"https:\\\/\\\/www.meydan.tv\\\/az\\\/#website\",\"url\":\"https:\\\/\\\/www.meydan.tv\\\/az\\\/\",\"name\":\"MEYDAN.TV\",\"description\":\"Meydan TV Az\u0259rbaycan\u0131n media m\u0259kan\u0131ndak\u0131 alternativ s\u0259sidir\",\"publisher\":{\"@id\":\"https:\\\/\\\/www.meydan.tv\\\/az\\\/#organization\"},\"potentialAction\":[{\"@type\":\"SearchAction\",\"target\":{\"@type\":\"EntryPoint\",\"urlTemplate\":\"https:\\\/\\\/www.meydan.tv\\\/az\\\/?s={search_term_string}\"},\"query-input\":{\"@type\":\"PropertyValueSpecification\",\"valueRequired\":true,\"valueName\":\"search_term_string\"}}],\"inLanguage\":\"az\"},{\"@type\":\"Organization\",\"@id\":\"https:\\\/\\\/www.meydan.tv\\\/az\\\/#organization\",\"name\":\"Meydan TV\",\"url\":\"https:\\\/\\\/www.meydan.tv\\\/az\\\/\",\"logo\":{\"@type\":\"ImageObject\",\"inLanguage\":\"az\",\"@id\":\"https:\\\/\\\/www.meydan.tv\\\/az\\\/#\\\/schema\\\/logo\\\/image\\\/\",\"url\":\"https:\\\/\\\/www.meydan.tv\\\/wp-content\\\/uploads\\\/2021\\\/07\\\/meydan-logo.svg\",\"contentUrl\":\"https:\\\/\\\/www.meydan.tv\\\/wp-content\\\/uploads\\\/2021\\\/07\\\/meydan-logo.svg\",\"width\":195,\"height\":46,\"caption\":\"Meydan TV\"},\"image\":{\"@id\":\"https:\\\/\\\/www.meydan.tv\\\/az\\\/#\\\/schema\\\/logo\\\/image\\\/\"}},{\"@type\":\"Person\",\"@id\":\"https:\\\/\\\/www.meydan.tv\\\/az\\\/#\\\/schema\\\/person\\\/10d11eccf6da3662cf5fdab9806ea91a\",\"name\":\"user-manager\"}]}<\/script>\n<!-- \/ Yoast SEO plugin. -->","yoast_head_json":{"title":"\u0130ndi oldu qu\u015f! - MEYDAN.TV","robots":{"index":"index","follow":"follow","max-snippet":"max-snippet:-1","max-image-preview":"max-image-preview:large","max-video-preview":"max-video-preview:-1"},"canonical":"https:\/\/www.meydan.tv\/az\/article\/indi-oldu-qus\/","og_locale":"az_AZ","og_type":"article","og_title":"\u0130ndi oldu qu\u015f! - MEYDAN.TV","og_description":"Zavall\u0131 k\u00f6p\u0259kl\u0259r","og_url":"https:\/\/www.meydan.tv\/az\/article\/indi-oldu-qus\/","og_site_name":"MEYDAN.TV","article_published_time":"2016-04-22T00:32:41+00:00","og_image":[{"width":500,"height":500,"url":"https:\/\/www.meydan.tv\/wp-content\/uploads\/20919.jpg","type":"image\/jpeg"}],"author":"user-manager","twitter_card":"summary_large_image","schema":{"@context":"https:\/\/schema.org","@graph":[{"@type":"Article","@id":"https:\/\/www.meydan.tv\/az\/article\/indi-oldu-qus\/#article","isPartOf":{"@id":"https:\/\/www.meydan.tv\/az\/article\/indi-oldu-qus\/"},"author":{"name":"user-manager","@id":"https:\/\/www.meydan.tv\/az\/#\/schema\/person\/10d11eccf6da3662cf5fdab9806ea91a"},"headline":"\u0130ndi oldu qu\u015f!","datePublished":"2016-04-22T00:32:41+00:00","mainEntityOfPage":{"@id":"https:\/\/www.meydan.tv\/az\/article\/indi-oldu-qus\/"},"wordCount":1692,"publisher":{"@id":"https:\/\/www.meydan.tv\/az\/#organization"},"image":{"@id":"https:\/\/www.meydan.tv\/az\/article\/indi-oldu-qus\/#primaryimage"},"thumbnailUrl":"https:\/\/www.meydan.tv\/wp-content\/uploads\/20919.jpg","articleSection":["M\u0259nim Fikrimc\u0259"],"inLanguage":"az"},{"@type":"WebPage","@id":"https:\/\/www.meydan.tv\/az\/article\/indi-oldu-qus\/","url":"https:\/\/www.meydan.tv\/az\/article\/indi-oldu-qus\/","name":"\u0130ndi oldu qu\u015f! - MEYDAN.TV","isPartOf":{"@id":"https:\/\/www.meydan.tv\/az\/#website"},"primaryImageOfPage":{"@id":"https:\/\/www.meydan.tv\/az\/article\/indi-oldu-qus\/#primaryimage"},"image":{"@id":"https:\/\/www.meydan.tv\/az\/article\/indi-oldu-qus\/#primaryimage"},"thumbnailUrl":"https:\/\/www.meydan.tv\/wp-content\/uploads\/20919.jpg","datePublished":"2016-04-22T00:32:41+00:00","breadcrumb":{"@id":"https:\/\/www.meydan.tv\/az\/article\/indi-oldu-qus\/#breadcrumb"},"inLanguage":"az","potentialAction":[{"@type":"ReadAction","target":["https:\/\/www.meydan.tv\/az\/article\/indi-oldu-qus\/"]}]},{"@type":"ImageObject","inLanguage":"az","@id":"https:\/\/www.meydan.tv\/az\/article\/indi-oldu-qus\/#primaryimage","url":"https:\/\/www.meydan.tv\/wp-content\/uploads\/20919.jpg","contentUrl":"https:\/\/www.meydan.tv\/wp-content\/uploads\/20919.jpg","width":500,"height":500,"caption":"Source:"},{"@type":"BreadcrumbList","@id":"https:\/\/www.meydan.tv\/az\/article\/indi-oldu-qus\/#breadcrumb","itemListElement":[{"@type":"ListItem","position":1,"name":"Ana s\u0259hif\u0259","item":"https:\/\/www.meydan.tv\/az\/"},{"@type":"ListItem","position":2,"name":"M\u0259nim Fikrimc\u0259","item":"https:\/\/www.meydan.tv\/az\/section\/menim-fikrimce\/"},{"@type":"ListItem","position":3,"name":"\u0130ndi oldu qu\u015f!"}]},{"@type":"WebSite","@id":"https:\/\/www.meydan.tv\/az\/#website","url":"https:\/\/www.meydan.tv\/az\/","name":"MEYDAN.TV","description":"Meydan TV Az\u0259rbaycan\u0131n media m\u0259kan\u0131ndak\u0131 alternativ s\u0259sidir","publisher":{"@id":"https:\/\/www.meydan.tv\/az\/#organization"},"potentialAction":[{"@type":"SearchAction","target":{"@type":"EntryPoint","urlTemplate":"https:\/\/www.meydan.tv\/az\/?s={search_term_string}"},"query-input":{"@type":"PropertyValueSpecification","valueRequired":true,"valueName":"search_term_string"}}],"inLanguage":"az"},{"@type":"Organization","@id":"https:\/\/www.meydan.tv\/az\/#organization","name":"Meydan TV","url":"https:\/\/www.meydan.tv\/az\/","logo":{"@type":"ImageObject","inLanguage":"az","@id":"https:\/\/www.meydan.tv\/az\/#\/schema\/logo\/image\/","url":"https:\/\/www.meydan.tv\/wp-content\/uploads\/2021\/07\/meydan-logo.svg","contentUrl":"https:\/\/www.meydan.tv\/wp-content\/uploads\/2021\/07\/meydan-logo.svg","width":195,"height":46,"caption":"Meydan TV"},"image":{"@id":"https:\/\/www.meydan.tv\/az\/#\/schema\/logo\/image\/"}},{"@type":"Person","@id":"https:\/\/www.meydan.tv\/az\/#\/schema\/person\/10d11eccf6da3662cf5fdab9806ea91a","name":"user-manager"}]}},"_links":{"self":[{"href":"https:\/\/www.meydan.tv\/az\/wp-json\/wp\/v2\/posts\/175371","targetHints":{"allow":["GET"]}}],"collection":[{"href":"https:\/\/www.meydan.tv\/az\/wp-json\/wp\/v2\/posts"}],"about":[{"href":"https:\/\/www.meydan.tv\/az\/wp-json\/wp\/v2\/types\/post"}],"author":[{"embeddable":true,"href":"https:\/\/www.meydan.tv\/az\/wp-json\/wp\/v2\/users\/11"}],"replies":[{"embeddable":true,"href":"https:\/\/www.meydan.tv\/az\/wp-json\/wp\/v2\/comments?post=175371"}],"version-history":[{"count":0,"href":"https:\/\/www.meydan.tv\/az\/wp-json\/wp\/v2\/posts\/175371\/revisions"}],"wp:featuredmedia":[{"embeddable":true,"href":"https:\/\/www.meydan.tv\/az\/wp-json\/wp\/v2\/media\/55428"}],"wp:attachment":[{"href":"https:\/\/www.meydan.tv\/az\/wp-json\/wp\/v2\/media?parent=175371"}],"wp:term":[{"taxonomy":"category","embeddable":true,"href":"https:\/\/www.meydan.tv\/az\/wp-json\/wp\/v2\/categories?post=175371"},{"taxonomy":"post_tag","embeddable":true,"href":"https:\/\/www.meydan.tv\/az\/wp-json\/wp\/v2\/tags?post=175371"}],"curies":[{"name":"wp","href":"https:\/\/api.w.org\/{rel}","templated":true}]}}