{"id":175314,"date":"2016-04-20T02:35:25","date_gmt":"2016-04-20T02:35:25","guid":{"rendered":"https:\/\/www.meydan.tv\/article\/sistem-yoxsa-ferd\/"},"modified":"2016-04-20T02:35:25","modified_gmt":"2016-04-20T02:35:25","slug":"sistem-yoxsa-ferd","status":"publish","type":"post","link":"https:\/\/www.meydan.tv\/az\/article\/sistem-yoxsa-ferd\/","title":{"rendered":"Sistem, yoxsa f\u0259rd?"},"content":{"rendered":"<figure class=\"wp-block-image size-large\">\n  <img decoding=\"async\" src=\"https:\/\/www.meydan.tv\/az\/55188\/\" alt=\"\" class=\"wp-image-55188\"\/><figcaption><\/figcaption><\/figure>\n<figure class=\"wp-block-image size-large\">\n  <img decoding=\"async\" src=\"https:\/\/www.meydan.tv\/az\/55191\/\" alt=\"\" class=\"wp-image-55191\"\/><figcaption><\/figcaption><\/figure>\n<p>\n  <b><br \/>\n    Bu g\u00fcnl\u0259rd\u0259 Nicat Qarayevin &#8220;ASAN xidm\u0259t, ADA Universiteti v\u0259 Xaricd\u0259 T\u0259hsil Proqram\u0131 haqq\u0131nda qeydl\u0259r&#8221; yaz\u0131s\u0131 \u00e7ox yay\u0131ld\u0131, \u00e7ox insanlar t\u0259r\u0259find\u0259n oxundu v\u0259 t\u0259qdir edildi. Do\u011frudan da bu yaz\u0131 y\u00fcks\u0259k t\u0259hsilli v\u0259 analitik qabiliyy\u0259tli g\u0259nc t\u0259r\u0259find\u0259n yaz\u0131lm\u0131\u015fd\u0131 v\u0259 \u00e7ox m\u0259tl\u0259bl\u0259r\u0259 ayd\u0131nl\u0131q g\u0259tirirdi. Lakin onun ictimai fayda \u0259msal\u0131 n\u0259 q\u0259d\u0259r idi?<br \/>\n  <\/b>\n<\/p>\n<p>\n  Fikrimc\u0259 he\u00e7 n\u0259 q\u0259d\u0259r, \u00e7ox t\u0259\u0259ss\u00fcf ki, buna h\u0259tta \u0259min\u0259m.\n<\/p>\n<p>\n  Niy\u0259? \u00c7\u00fcnki m\u00fc\u0259llif, bizim olmayan c\u0259miyy\u0259timiz\u0259 (eyn\u0259n bizim ham\u0131m\u0131z\u0131n \u00e7ox uzun ill\u0259r tamamil\u0259 n\u0259tic\u0259siz \u00e7al\u0131\u015fmalar\u0131m\u0131z t\u0259kin) 2+2=4 kimi \u00e7ox-\u00e7ox sad\u0259 bir h\u0259qiq\u0259ti ayan etm\u0259k ist\u0259yirdi. Az qala ne\u00e7\u0259 illl\u0259r s\u00fcrm\u00fc\u015f Mikay\u0131l Cabbarov m\u00fcbahis\u0259sind\u0259n tutmu\u015f, ASAN xidm\u0259t s\u00f6hb\u0259tin\u0259 q\u0259d\u0259r ba\u015f ver\u0259nl\u0259rin ham\u0131s\u0131 bunun bariz s\u00fcbutudur. O ged\u0259c\u0259k, bu g\u0259l\u0259c\u0259k, o ke\u00e7\u0259c\u0259k, bu ged\u0259c\u0259k s\u00f6hb\u0259tl\u0259rinin \u00f6lk\u0259d\u0259 c\u0259r\u0259yan ed\u0259n ba\u015fl\u0131ca prosesl\u0259r\u0259 t\u0259siri 0,0001% ola bil\u0259r, ya olmaz.\n<\/p>\n<p>\n  Son aylar istehza m\u0259nb\u0259yi olmu\u015f Artur R\u0259sizad\u0259 s\u00f6hb\u0259ti d\u0259 bu q\u0259bild\u0259ndir. \u00c7ox g\u00fclm\u0259li v\u0259 haql\u0131 iradlar bir k\u0259nara, amma dey\u0259s\u0259n ki, bizd\u0259 o &#8220;Brejnev&#8221; obrazl\u0131 m\u00fc\u0259llim gedib d\u0259, yerin\u0259 kimis\u0259, lap el\u0259 Cameronu g\u0259tir, xeyri olmayacaq, kim inanar? Dey\u0259c\u0259kl\u0259r ki, yox e, bu cavan adamd\u0131r, bu n\u0259s\u0259 el\u0259m\u0259y\u0259 \u00e7al\u0131\u015facaq, havas\u0131 ba\u015fqad\u0131r v\u0259 s.\n<\/p>\n<p>\n  \u0130ndi daha nec\u0259, hans\u0131 dill\u0259 izah etm\u0259y\u0259 \u00e7al\u0131\u015fasan ki, sabah \u0130san\u0131 dirildib, g\u0259tirib bizim S\u0259hiyy\u0259 Nazirliyin\u0259 nazir qoysan, xeyri olmayacaq. Aristoteli g\u0259tirib universitet\u0259 rektor t\u0259yin el\u0259s\u0259n d\u0259 m\u0259nas\u0131 yoxdur. Son olaylarla \u0259laq\u0259li is\u0259, n\u0259inki Zakir H\u0259s\u0259nov, h\u0259tta tarixi z\u0259f\u0259rl\u0259rl\u0259 z\u0259ngin Q\u0259dim Roman\u0131n m\u00fcharib\u0259 allah\u0131 Mars\u0131 da g\u00f6yd\u0259n endirib yer\u0259 g\u0259tirs\u0259n, \u00e7ox d\u0259rin m\u0259nan\u0131 ehtiva etm\u0259y\u0259c\u0259k. \u00c7\u00fcnki onlar da (o biri d\u00fcnyadan g\u0259lmi\u015f tam x\u0259b\u0259rsizl\u0259r kimi) hans\u0131sa faydal\u0131 f\u0259aliyy\u0259t g\u00f6st\u0259rm\u0259k ist\u0259s\u0259l\u0259r, h\u00f6km\u0259n S\u0130STEM il\u0259 \u00fczl\u0259\u015f\u0259c\u0259kl\u0259r, v\u0259 \u015f\u00fcbh\u0259siz ki, o qar\u015f\u0131durmada m\u00fctl\u0259q S\u0130STEM qalib olacaqd\u0131r, ba\u015fqa kims\u0259 yox!<br \/>\n  <br \/>\n  Bizim c\u0259miyy\u0259td\u0259 is\u0259 insanlar\u0131n b\u00f6y\u00fck hiss\u0259si \u00f6z\u00fcn\u00fc sanki &#8220;inoplanetyan&#8221; (yadplanetli) kimi aparmaqdad\u0131r. Anlay\u0131ram ki, bu da t\u0259kam\u00fcl prosesinin verdiyi t\u00f6hf\u0259dir, ist\u0259nil\u0259n halda sa\u011f \u00e7\u0131xmaq v\u0259zif\u0259si.\n<\/p>\n<p>\n  Yeri g\u0259lmi\u015fk\u0259n, bir q\u0259d\u0259r d\u0259 sa\u011f \u00e7\u0131xmaq haqda. Seymur Baycan tam haql\u0131d\u0131r. Son \u00fc\u00e7g\u00fcnl\u00fck m\u00fcharib\u0259 s\u00f6hb\u0259tind\u0259n 5-10 n\u0259f\u0259r sa\u011f \u00e7\u0131xa bildi. Bu olay minl\u0259rl\u0259 insan\u0131n h\u0259qiqi mahiyy\u0259tini ortaya qoydu. X\u00fcsusil\u0259 bizim &#8220;ziyal\u0131&#8221; adlanan, yaz\u0131\u00e7\u0131-maz\u0131\u00e7\u0131-\u015fair-mirz\u0259 d\u0259st\u0259sinin.\n<\/p>\n<p>\n  Maraql\u0131d\u0131r ki, bunlar\u0131n \u00e7oxu istifad\u0259 etdikl\u0259ri ksenofobik, seksist, h\u0259rd\u0259n h\u0259tta irq\u00e7i s\u00f6hb\u0259tl\u0259rind\u0259 yolda\u015f Stalinin d\u0259 ad\u0131n\u0131 \u00e7\u0259kirdil\u0259r. Deyirdil\u0259r ki, almanlarla m\u00fcharib\u0259 vaxt\u0131 ba\u015fqa s\u00f6hb\u0259t ola bilm\u0259zdi. Amma \u00e7ox-\u00e7ox maraql\u0131d\u0131r ki, onlardan he\u00e7 biri m\u00fcharib\u0259nin ilk g\u00fcnl\u0259rind\u0259 c\u0259bh\u0259y\u0259 g\u00f6nd\u0259rilmi\u015f v\u0259 sonra Sachsenhausen d\u00fc\u015f\u0259rg\u0259sind\u0259 d\u00fcnyas\u0131n\u0131 d\u0259yi\u015fmi\u015f ba\u015f leytinant Yakov Cuqa\u015fvili (Stalinin b\u00f6y\u00fck o\u011flu) haqda dan\u0131\u015fm\u0131rd\u0131lar. Sovetl\u0259rin ba\u015fqa r\u0259hb\u0259ri, SSR\u0130-nin n\u00f6vb\u0259ti ba\u015f katibi olacaq Nikita Xru\u015f\u015fovun o\u011flu, Leonid Xru\u015f\u015fov da o m\u00fcharib\u0259d\u0259 t\u0259yyar\u0259\u00e7i kimi i\u015ftirak etmi\u015f, 1943-c\u00fc ild\u0259 hava d\u00f6y\u00fc\u015fl\u0259rind\u0259 25 ya\u015f\u0131nda h\u0259lak olmu\u015fdu.\n<\/p>\n<p>\n  Eyni zamanda h\u0259min o m\u00fcharib\u0259 zaman\u0131 Az\u0259rbaycana r\u0259hb\u0259rlik etmi\u015f Mir C\u0259f\u0259r Ba\u011f\u0131rovun b\u00f6y\u00fck o\u011flu Cahangir Ba\u011f\u0131rov (v\u0259 ya Vladimir Ba\u011f\u0131rov) haqda da bu g\u00fcnl\u0259rd\u0259 bir k\u0259lm\u0259 k\u0259s\u0259n olmad\u0131. Cahangir Ba\u011f\u0131rov \u0130kinci D\u00fcnya M\u00fcharib\u0259sind\u0259 H\u0259rbi Hava Q\u00fcvv\u0259l\u0259rind\u0259 leytenant r\u00fctb\u0259sind\u0259 q\u0131r\u0131c\u0131 t\u0259yyar\u0259\u00e7i olaraq i\u015ftirak edib v\u0259 1943-c\u00fc ild\u0259 vuru\u015flarda 23 ya\u015f\u0131nda h\u0259lak olub. Atas\u0131 sovet qurulu\u015funda \u00e7ox y\u00fcks\u0259k m\u0259qama sahib olmu\u015f N\u0259riman N\u0259rimanovun o\u011flu N\u0259c\u0259f N\u0259rimanov da b\u00fc m\u00fcharib\u0259d\u0259 ta\u011f\u0131m komandiri kimi qulluq etmi\u015f v\u0259 1943-c\u00fc ild\u0259 h\u0259lak olmu\u015fdur. Diqq\u0259t edin ki, bunlar h\u0259l\u0259 \u0259n ali r\u0259hb\u0259rlikd\u0259n \u00e7\u0259kilmi\u015f misallard\u0131r, bizd\u0259 is\u0259 h\u0259tta orta s\u0259viyy\u0259li m\u0259murlar\u0131n \u00f6vladlar\u0131n\u0131n bel\u0259 c\u0259hb\u0259d\u0259 i\u015ftirak\u0131ndan he\u00e7 bir s\u00f6hb\u0259t ged\u0259 biim\u0259z.\n<\/p>\n<p>\n  Bel\u0259 misallar \u0259slind\u0259, d\u00fcnya tarixind\u0259 \u00e7oxdur. \u018flb\u0259tt\u0259, \u0259g\u0259r bizd\u0259 son ba\u015f vermi\u015f \u00fc\u00e7g\u00fcnl\u00fck m\u00fcharib\u0259ni istisna ets\u0259k. Orada bel\u0259 hallara rast g\u0259lin\u0259 bilm\u0259zdi v\u0259 t\u0259bii ki, ba\u015f verm\u0259di.\n<\/p>\n<p>\n  Anlay\u0131ram ki, indi yen\u0259 hay-k\u00fcy, q\u0131\u015fq\u0131r\u0131q ba\u015flanacaq, l\u00fctf\u0259n, bu sad\u0259c\u0259 tarixi m\u0259lumatlar idi, v\u0259ssalam. Yuxar\u0131da isiml\u0259ri \u00e7\u0259kilmi\u015f f\u0259rdl\u0259r q\u0259hr\u0259man olsalar da, yaz\u0131n\u0131n ba\u015fl\u0131\u011f\u0131ndan g\u00f6r\u00fcnd\u00fcy\u00fc kimi ictimai qurulu\u015fda ba\u015fl\u0131ca prioritet f\u0259rd deyil, sistemdir. Bizd\u0259ki oturu\u015fmu\u015f S\u0130STEM d\u0259 kiml\u0259rin, hans\u0131 sosial t\u0259b\u0259q\u0259nin m\u00fcharib\u0259d\u0259 istirak\u00e7\u0131 olaca\u011f\u0131n\u0131 lap \u00f6nc\u0259d\u0259n m\u00fc\u0259yy\u0259nl\u0259\u015fdirib, burada art\u0131q \u015f\u0259rh\u0259 ehtiyac yoxdur.\n<\/p>\n<p>\n  P.S. Son m\u0259lumat: M\u00fcdafi\u0259 Nazirliyi x\u0259b\u0259r verir ki, &#8220;M\u00fcasir silah v\u0259 texnika al\u0131nmas\u0131 \u00fc\u00e7\u00fcn bu g\u00fcnl\u0259rd\u0259 k\u00fclli miqdarda maliyy\u0259 v\u0259saiti ayr\u0131lacaq&#8221;. Ham\u0131n\u0131 t\u0259brik edir\u0259m, xeyirli olsun.\n<\/p>\n<p>\n  <b><br \/>\n    Yaz\u0131 m\u00fc\u0259llifin \u015f\u0259xsi m\u00f6vqeyini \u0259ks etdirir. M\u00fc\u0259llifin m\u00f6vqeyi Meydan.Tv-nin m\u00f6vqeyi il\u0259 \u00fcst-\u00fcst\u0259 d\u00fc\u015fm\u0259y\u0259 bil\u0259r.<br \/>\n  <\/b><\/p>\n","protected":false},"excerpt":{"rendered":"<p>Nicat\u0131n yaz\u0131s\u0131ndan sonra<\/p>\n","protected":false},"author":11,"featured_media":55188,"comment_status":"closed","ping_status":"open","sticky":false,"template":"","format":"standard","meta":{"_acf_changed":false,"_sitemap_exclude":false,"_sitemap_priority":"","_sitemap_frequency":"","footnotes":""},"categories":[57],"tags":[],"class_list":["post-175314","post","type-post","status-publish","format-standard","has-post-thumbnail","hentry","category-menim-fikrimce","infinite-scroll-item","generate-columns","tablet-grid-50","mobile-grid-100","grid-parent","grid-33","no-featured-image-padding"],"acf":[],"yoast_head":"<!-- This site is optimized with the Yoast SEO plugin v27.5 - https:\/\/yoast.com\/product\/yoast-seo-wordpress\/ -->\n<title>Sistem, yoxsa f\u0259rd? - MEYDAN.TV<\/title>\n<meta name=\"robots\" content=\"index, follow, max-snippet:-1, max-image-preview:large, max-video-preview:-1\" \/>\n<link rel=\"canonical\" href=\"https:\/\/www.meydan.tv\/az\/article\/sistem-yoxsa-ferd\/\" \/>\n<meta property=\"og:locale\" content=\"az_AZ\" \/>\n<meta property=\"og:type\" content=\"article\" \/>\n<meta property=\"og:title\" content=\"Sistem, yoxsa f\u0259rd? - MEYDAN.TV\" \/>\n<meta property=\"og:description\" content=\"Nicat\u0131n yaz\u0131s\u0131ndan sonra\" \/>\n<meta property=\"og:url\" content=\"https:\/\/www.meydan.tv\/az\/article\/sistem-yoxsa-ferd\/\" \/>\n<meta property=\"og:site_name\" content=\"MEYDAN.TV\" \/>\n<meta property=\"article:published_time\" content=\"2016-04-20T02:35:25+00:00\" \/>\n<meta property=\"og:image\" content=\"https:\/\/www.meydan.tv\/wp-content\/uploads\/20842.jpg\" \/>\n\t<meta property=\"og:image:width\" content=\"500\" \/>\n\t<meta property=\"og:image:height\" content=\"500\" \/>\n\t<meta property=\"og:image:type\" content=\"image\/jpeg\" \/>\n<meta name=\"author\" content=\"user-manager\" \/>\n<meta name=\"twitter:card\" content=\"summary_large_image\" \/>\n<script type=\"application\/ld+json\" class=\"yoast-schema-graph\">{\"@context\":\"https:\\\/\\\/schema.org\",\"@graph\":[{\"@type\":\"Article\",\"@id\":\"https:\\\/\\\/www.meydan.tv\\\/az\\\/article\\\/sistem-yoxsa-ferd\\\/#article\",\"isPartOf\":{\"@id\":\"https:\\\/\\\/www.meydan.tv\\\/az\\\/article\\\/sistem-yoxsa-ferd\\\/\"},\"author\":{\"name\":\"user-manager\",\"@id\":\"https:\\\/\\\/www.meydan.tv\\\/az\\\/#\\\/schema\\\/person\\\/10d11eccf6da3662cf5fdab9806ea91a\"},\"headline\":\"Sistem, yoxsa f\u0259rd?\",\"datePublished\":\"2016-04-20T02:35:25+00:00\",\"mainEntityOfPage\":{\"@id\":\"https:\\\/\\\/www.meydan.tv\\\/az\\\/article\\\/sistem-yoxsa-ferd\\\/\"},\"wordCount\":1054,\"publisher\":{\"@id\":\"https:\\\/\\\/www.meydan.tv\\\/az\\\/#organization\"},\"image\":{\"@id\":\"https:\\\/\\\/www.meydan.tv\\\/az\\\/article\\\/sistem-yoxsa-ferd\\\/#primaryimage\"},\"thumbnailUrl\":\"https:\\\/\\\/www.meydan.tv\\\/wp-content\\\/uploads\\\/20842.jpg\",\"articleSection\":[\"M\u0259nim Fikrimc\u0259\"],\"inLanguage\":\"az\"},{\"@type\":\"WebPage\",\"@id\":\"https:\\\/\\\/www.meydan.tv\\\/az\\\/article\\\/sistem-yoxsa-ferd\\\/\",\"url\":\"https:\\\/\\\/www.meydan.tv\\\/az\\\/article\\\/sistem-yoxsa-ferd\\\/\",\"name\":\"Sistem, yoxsa f\u0259rd? - MEYDAN.TV\",\"isPartOf\":{\"@id\":\"https:\\\/\\\/www.meydan.tv\\\/az\\\/#website\"},\"primaryImageOfPage\":{\"@id\":\"https:\\\/\\\/www.meydan.tv\\\/az\\\/article\\\/sistem-yoxsa-ferd\\\/#primaryimage\"},\"image\":{\"@id\":\"https:\\\/\\\/www.meydan.tv\\\/az\\\/article\\\/sistem-yoxsa-ferd\\\/#primaryimage\"},\"thumbnailUrl\":\"https:\\\/\\\/www.meydan.tv\\\/wp-content\\\/uploads\\\/20842.jpg\",\"datePublished\":\"2016-04-20T02:35:25+00:00\",\"breadcrumb\":{\"@id\":\"https:\\\/\\\/www.meydan.tv\\\/az\\\/article\\\/sistem-yoxsa-ferd\\\/#breadcrumb\"},\"inLanguage\":\"az\",\"potentialAction\":[{\"@type\":\"ReadAction\",\"target\":[\"https:\\\/\\\/www.meydan.tv\\\/az\\\/article\\\/sistem-yoxsa-ferd\\\/\"]}]},{\"@type\":\"ImageObject\",\"inLanguage\":\"az\",\"@id\":\"https:\\\/\\\/www.meydan.tv\\\/az\\\/article\\\/sistem-yoxsa-ferd\\\/#primaryimage\",\"url\":\"https:\\\/\\\/www.meydan.tv\\\/wp-content\\\/uploads\\\/20842.jpg\",\"contentUrl\":\"https:\\\/\\\/www.meydan.tv\\\/wp-content\\\/uploads\\\/20842.jpg\",\"width\":500,\"height\":500,\"caption\":\"Source:\"},{\"@type\":\"BreadcrumbList\",\"@id\":\"https:\\\/\\\/www.meydan.tv\\\/az\\\/article\\\/sistem-yoxsa-ferd\\\/#breadcrumb\",\"itemListElement\":[{\"@type\":\"ListItem\",\"position\":1,\"name\":\"Ana s\u0259hif\u0259\",\"item\":\"https:\\\/\\\/www.meydan.tv\\\/az\\\/\"},{\"@type\":\"ListItem\",\"position\":2,\"name\":\"M\u0259nim Fikrimc\u0259\",\"item\":\"https:\\\/\\\/www.meydan.tv\\\/az\\\/section\\\/menim-fikrimce\\\/\"},{\"@type\":\"ListItem\",\"position\":3,\"name\":\"Sistem, yoxsa f\u0259rd?\"}]},{\"@type\":\"WebSite\",\"@id\":\"https:\\\/\\\/www.meydan.tv\\\/az\\\/#website\",\"url\":\"https:\\\/\\\/www.meydan.tv\\\/az\\\/\",\"name\":\"MEYDAN.TV\",\"description\":\"Meydan TV Az\u0259rbaycan\u0131n media m\u0259kan\u0131ndak\u0131 alternativ s\u0259sidir\",\"publisher\":{\"@id\":\"https:\\\/\\\/www.meydan.tv\\\/az\\\/#organization\"},\"potentialAction\":[{\"@type\":\"SearchAction\",\"target\":{\"@type\":\"EntryPoint\",\"urlTemplate\":\"https:\\\/\\\/www.meydan.tv\\\/az\\\/?s={search_term_string}\"},\"query-input\":{\"@type\":\"PropertyValueSpecification\",\"valueRequired\":true,\"valueName\":\"search_term_string\"}}],\"inLanguage\":\"az\"},{\"@type\":\"Organization\",\"@id\":\"https:\\\/\\\/www.meydan.tv\\\/az\\\/#organization\",\"name\":\"Meydan TV\",\"url\":\"https:\\\/\\\/www.meydan.tv\\\/az\\\/\",\"logo\":{\"@type\":\"ImageObject\",\"inLanguage\":\"az\",\"@id\":\"https:\\\/\\\/www.meydan.tv\\\/az\\\/#\\\/schema\\\/logo\\\/image\\\/\",\"url\":\"https:\\\/\\\/www.meydan.tv\\\/wp-content\\\/uploads\\\/2021\\\/07\\\/meydan-logo.svg\",\"contentUrl\":\"https:\\\/\\\/www.meydan.tv\\\/wp-content\\\/uploads\\\/2021\\\/07\\\/meydan-logo.svg\",\"width\":195,\"height\":46,\"caption\":\"Meydan TV\"},\"image\":{\"@id\":\"https:\\\/\\\/www.meydan.tv\\\/az\\\/#\\\/schema\\\/logo\\\/image\\\/\"}},{\"@type\":\"Person\",\"@id\":\"https:\\\/\\\/www.meydan.tv\\\/az\\\/#\\\/schema\\\/person\\\/10d11eccf6da3662cf5fdab9806ea91a\",\"name\":\"user-manager\"}]}<\/script>\n<!-- \/ Yoast SEO plugin. -->","yoast_head_json":{"title":"Sistem, yoxsa f\u0259rd? - MEYDAN.TV","robots":{"index":"index","follow":"follow","max-snippet":"max-snippet:-1","max-image-preview":"max-image-preview:large","max-video-preview":"max-video-preview:-1"},"canonical":"https:\/\/www.meydan.tv\/az\/article\/sistem-yoxsa-ferd\/","og_locale":"az_AZ","og_type":"article","og_title":"Sistem, yoxsa f\u0259rd? - MEYDAN.TV","og_description":"Nicat\u0131n yaz\u0131s\u0131ndan sonra","og_url":"https:\/\/www.meydan.tv\/az\/article\/sistem-yoxsa-ferd\/","og_site_name":"MEYDAN.TV","article_published_time":"2016-04-20T02:35:25+00:00","og_image":[{"width":500,"height":500,"url":"https:\/\/www.meydan.tv\/wp-content\/uploads\/20842.jpg","type":"image\/jpeg"}],"author":"user-manager","twitter_card":"summary_large_image","schema":{"@context":"https:\/\/schema.org","@graph":[{"@type":"Article","@id":"https:\/\/www.meydan.tv\/az\/article\/sistem-yoxsa-ferd\/#article","isPartOf":{"@id":"https:\/\/www.meydan.tv\/az\/article\/sistem-yoxsa-ferd\/"},"author":{"name":"user-manager","@id":"https:\/\/www.meydan.tv\/az\/#\/schema\/person\/10d11eccf6da3662cf5fdab9806ea91a"},"headline":"Sistem, yoxsa f\u0259rd?","datePublished":"2016-04-20T02:35:25+00:00","mainEntityOfPage":{"@id":"https:\/\/www.meydan.tv\/az\/article\/sistem-yoxsa-ferd\/"},"wordCount":1054,"publisher":{"@id":"https:\/\/www.meydan.tv\/az\/#organization"},"image":{"@id":"https:\/\/www.meydan.tv\/az\/article\/sistem-yoxsa-ferd\/#primaryimage"},"thumbnailUrl":"https:\/\/www.meydan.tv\/wp-content\/uploads\/20842.jpg","articleSection":["M\u0259nim Fikrimc\u0259"],"inLanguage":"az"},{"@type":"WebPage","@id":"https:\/\/www.meydan.tv\/az\/article\/sistem-yoxsa-ferd\/","url":"https:\/\/www.meydan.tv\/az\/article\/sistem-yoxsa-ferd\/","name":"Sistem, yoxsa f\u0259rd? - MEYDAN.TV","isPartOf":{"@id":"https:\/\/www.meydan.tv\/az\/#website"},"primaryImageOfPage":{"@id":"https:\/\/www.meydan.tv\/az\/article\/sistem-yoxsa-ferd\/#primaryimage"},"image":{"@id":"https:\/\/www.meydan.tv\/az\/article\/sistem-yoxsa-ferd\/#primaryimage"},"thumbnailUrl":"https:\/\/www.meydan.tv\/wp-content\/uploads\/20842.jpg","datePublished":"2016-04-20T02:35:25+00:00","breadcrumb":{"@id":"https:\/\/www.meydan.tv\/az\/article\/sistem-yoxsa-ferd\/#breadcrumb"},"inLanguage":"az","potentialAction":[{"@type":"ReadAction","target":["https:\/\/www.meydan.tv\/az\/article\/sistem-yoxsa-ferd\/"]}]},{"@type":"ImageObject","inLanguage":"az","@id":"https:\/\/www.meydan.tv\/az\/article\/sistem-yoxsa-ferd\/#primaryimage","url":"https:\/\/www.meydan.tv\/wp-content\/uploads\/20842.jpg","contentUrl":"https:\/\/www.meydan.tv\/wp-content\/uploads\/20842.jpg","width":500,"height":500,"caption":"Source:"},{"@type":"BreadcrumbList","@id":"https:\/\/www.meydan.tv\/az\/article\/sistem-yoxsa-ferd\/#breadcrumb","itemListElement":[{"@type":"ListItem","position":1,"name":"Ana s\u0259hif\u0259","item":"https:\/\/www.meydan.tv\/az\/"},{"@type":"ListItem","position":2,"name":"M\u0259nim Fikrimc\u0259","item":"https:\/\/www.meydan.tv\/az\/section\/menim-fikrimce\/"},{"@type":"ListItem","position":3,"name":"Sistem, yoxsa f\u0259rd?"}]},{"@type":"WebSite","@id":"https:\/\/www.meydan.tv\/az\/#website","url":"https:\/\/www.meydan.tv\/az\/","name":"MEYDAN.TV","description":"Meydan TV Az\u0259rbaycan\u0131n media m\u0259kan\u0131ndak\u0131 alternativ s\u0259sidir","publisher":{"@id":"https:\/\/www.meydan.tv\/az\/#organization"},"potentialAction":[{"@type":"SearchAction","target":{"@type":"EntryPoint","urlTemplate":"https:\/\/www.meydan.tv\/az\/?s={search_term_string}"},"query-input":{"@type":"PropertyValueSpecification","valueRequired":true,"valueName":"search_term_string"}}],"inLanguage":"az"},{"@type":"Organization","@id":"https:\/\/www.meydan.tv\/az\/#organization","name":"Meydan TV","url":"https:\/\/www.meydan.tv\/az\/","logo":{"@type":"ImageObject","inLanguage":"az","@id":"https:\/\/www.meydan.tv\/az\/#\/schema\/logo\/image\/","url":"https:\/\/www.meydan.tv\/wp-content\/uploads\/2021\/07\/meydan-logo.svg","contentUrl":"https:\/\/www.meydan.tv\/wp-content\/uploads\/2021\/07\/meydan-logo.svg","width":195,"height":46,"caption":"Meydan TV"},"image":{"@id":"https:\/\/www.meydan.tv\/az\/#\/schema\/logo\/image\/"}},{"@type":"Person","@id":"https:\/\/www.meydan.tv\/az\/#\/schema\/person\/10d11eccf6da3662cf5fdab9806ea91a","name":"user-manager"}]}},"_links":{"self":[{"href":"https:\/\/www.meydan.tv\/az\/wp-json\/wp\/v2\/posts\/175314","targetHints":{"allow":["GET"]}}],"collection":[{"href":"https:\/\/www.meydan.tv\/az\/wp-json\/wp\/v2\/posts"}],"about":[{"href":"https:\/\/www.meydan.tv\/az\/wp-json\/wp\/v2\/types\/post"}],"author":[{"embeddable":true,"href":"https:\/\/www.meydan.tv\/az\/wp-json\/wp\/v2\/users\/11"}],"replies":[{"embeddable":true,"href":"https:\/\/www.meydan.tv\/az\/wp-json\/wp\/v2\/comments?post=175314"}],"version-history":[{"count":0,"href":"https:\/\/www.meydan.tv\/az\/wp-json\/wp\/v2\/posts\/175314\/revisions"}],"wp:featuredmedia":[{"embeddable":true,"href":"https:\/\/www.meydan.tv\/az\/wp-json\/wp\/v2\/media\/55188"}],"wp:attachment":[{"href":"https:\/\/www.meydan.tv\/az\/wp-json\/wp\/v2\/media?parent=175314"}],"wp:term":[{"taxonomy":"category","embeddable":true,"href":"https:\/\/www.meydan.tv\/az\/wp-json\/wp\/v2\/categories?post=175314"},{"taxonomy":"post_tag","embeddable":true,"href":"https:\/\/www.meydan.tv\/az\/wp-json\/wp\/v2\/tags?post=175314"}],"curies":[{"name":"wp","href":"https:\/\/api.w.org\/{rel}","templated":true}]}}