{"id":175293,"date":"2016-04-19T18:34:54","date_gmt":"2016-04-19T18:34:54","guid":{"rendered":"https:\/\/www.meydan.tv\/article\/qarabag-muharibesine-sozardi-ve-bezi-politoloji-musahideler\/"},"modified":"2016-04-19T18:34:54","modified_gmt":"2016-04-19T18:34:54","slug":"qarabag-muharibesine-sozardi-ve-bezi-politoloji-musahideler","status":"publish","type":"post","link":"https:\/\/www.meydan.tv\/az\/article\/qarabag-muharibesine-sozardi-ve-bezi-politoloji-musahideler\/","title":{"rendered":"Qaraba\u011f m\u00fcharib\u0259sin\u0259 s\u00f6zard\u0131 v\u0259 b\u0259zi politoloji m\u00fc\u015fahid\u0259l\u0259r"},"content":{"rendered":"<figure class=\"wp-block-image size-large\">\n  <img decoding=\"async\" src=\"https:\/\/www.meydan.tv\/az\/rail-sefiyev\/\" alt=\"Rail S\u0259fiyev\" class=\"wp-image-50044\"\/><figcaption>\n    Rail S\u0259fiyev<br \/>\n  <\/figcaption><\/figure>\n<figure class=\"wp-block-image size-large\">\n  <img decoding=\"async\" src=\"https:\/\/www.meydan.tv\/az\/rail-sefiyev-banner\/\" alt=\"Rail S\u0259fiyev &#8211; banner\" class=\"wp-image-50050\"\/><figcaption>\n    Rail S\u0259fiyev &#8211; banner<br \/>\n  <\/figcaption><\/figure>\n<p>\n  Az\u0259rbaycan ordusunun \u0259ks h\u0259ml\u0259 il\u0259 erm\u0259ni silahl\u0131 q\u00fcvv\u0259l\u0259rin\u0259 z\u0259rb\u0259l\u0259r endirm\u0259si son g\u00fcnl\u0259rin s\u00f6hb\u0259ti deyil. Bundan bir az qabaq erm\u0259ni h\u0259rbi birl\u0259\u015fm\u0259l\u0259rinin c\u0259ml\u0259\u015fdiyi \u0259razil\u0259rin havadan artilleriya v\u0259 raket z\u0259rb\u0259l\u0259ri il\u0259 vuruldu\u011funu M\u00fcdafi\u0259 Nazirliyinin yayd\u0131\u011f\u0131 videolarda g\u00f6rm\u00fc\u015fd\u00fck. M\u00fc\u015fahid\u0259 olunan Az\u0259rbaycan\u0131n pilotsuz t\u0259yyar\u0259l\u0259rd\u0259n istifad\u0259ni h\u0259rbi \u00fcst\u00fcnl\u00fcy\u0259 \u00e7evirm\u0259si idi. \u018fslind\u0259 Erm\u0259nistan v\u0259 Az\u0259rbaycan aras\u0131nda m\u00fcharib\u0259 v\u0259ziyy\u0259ti konyunkturada bo\u015fluq yaranan kimi siyas\u0259tin h\u0259rbi \u00fcsulla davam\u0131n\u0131 \u015f\u0259rtl\u0259ndirir.\n<\/p>\n<p>\n  Diqq\u0259t yetirdinizs\u0259, m\u00fcdafi\u0259 naziri Zakir H\u0259s\u0259nov bir ne\u00e7\u0259 d\u0259f\u0259 \u201c<br \/>\n  <a href=\"http:\/\/www.president.az\/articles\/18280\" target=\"_blank\" rel=\"noopener\"><br \/>\n    \u0259m\u0259liyyat \u015f\u0259raiti n\u0259z\u0259r\u0259 almaqla<br \/>\n  <\/a><br \/>\n  \u201d ifad\u0259sini i\u015fl\u0259tdi. B\u0259li, silahl\u0131 toqqu\u015fmalar\u0131n bird\u0259n-bir\u0259 alovlanmas\u0131 el\u0259 bu \u0259lveri\u015fli h\u0259rbi v\u0259ziyy\u0259tin v\u0259 \u0259m\u0259liyyatlar\u0131n effektivliyi n\u0259z\u0259r\u0259 almaqla ba\u015f vermi\u015fdi. Az\u0259rbaycan \u0259razil\u0259rinin i\u015f\u011fal\u0131 il\u0259 permanent t\u0259hl\u00fck\u0259 v\u0259ziyy\u0259tind\u0259 oldu\u011funu n\u0259z\u0259r\u0259 alsaq, silahl\u0131 toqqu\u015fma m\u00fcharib\u0259 v\u0259ziyy\u0259tinin t\u0259rkib hiss\u0259sidir v\u0259 burada t\u0259\u0259cc\u00fcbl\u0259n\u0259c\u0259k bir \u015fey yoxdur.\n<\/p>\n<p>\n  B\u0259s onda f\u0259rqli n\u0259 ba\u015f verdi? \u018flb\u0259tt\u0259, bu d\u0259f\u0259 \u0259halinin daha art\u0131q i\u015ftirak\u00e7\u0131l\u0131\u011f\u0131 h\u0259rbi toqqu\u015fmaya emosional \u00e7alarlar g\u0259tirdi. \u018fsg\u0259r itkil\u0259ri, informasiya m\u00fcharib\u0259sinin alovlanmas\u0131 v\u0259 g\u00f6zl\u0259nilm\u0259d\u0259n d\u00fcnya medias\u0131n\u0131n artan diqq\u0259tini d\u0259 \u0259lav\u0259 ets\u0259k, x\u0131rda m\u00fcharib\u0259 \u0259traf\u0131nda bird\u0259n-bir\u0259 b\u00f6y\u00fck ajiotaj yarand\u0131. H\u0259m d\u0259 at\u0259\u015fk\u0259s anla\u015fmas\u0131ndan b\u0259ri ilk d\u0259f\u0259 idi ki, Az\u0259rbaycan silahl\u0131 q\u00fcvv\u0259l\u0259rinin c\u0259bh\u0259 x\u0259ttind\u0259 ir\u0259lil\u0259m\u0259si ba\u015f verirdi.\n<\/p>\n<p>\n  X\u00fcsus\u0259n d\u00fcnya medias\u0131n\u0131n diqq\u0259tini c\u0259lb etm\u0259yin vacibliyini anlayan, h\u0259rbi z\u0259ifliyini \u00f6z\u00fcn\u00fc m\u00fcdafi\u0259siz g\u00f6st\u0259rm\u0259kl\u0259 \u0259v\u0259zl\u0259m\u0259k ist\u0259y\u0259n Erm\u0259nistana m\u0259s\u0259l\u0259ni daha da \u015fi\u015firtm\u0259k s\u0259rf\u0259 verirdi.\n<\/p>\n<p>\n  Erm\u0259nistan\u0131n v\u0259 onlar\u0131n tutma \u015f\u0259rh\u00e7il\u0259rinin h\u0259rbi \u0259m\u0259liyyatlar\u0131 Rusiya-T\u00fcrkiy\u0259 m\u00fcnaqi\u015f\u0259si \u00e7\u0259r\u00e7iv\u0259sin\u0259 qald\u0131rmalar\u0131n\u0131n arxas\u0131nda Rusiyadan t\u0259hl\u00fck\u0259sizlikl\u0259ri \u00fc\u00e7\u00fcn daha art\u0131q qarantiya almaq ist\u0259yi dayan\u0131r. \u00c7\u00fcnki bel\u0259 halda t\u0259hl\u00fck\u0259 s\u00fcni olaraq b\u00f6y\u00fcd\u00fcl\u00fcr v\u0259 Rusiyaya \u201cxidm\u0259t\u201din qiym\u0259ti d\u0259 qalx\u0131r. Lakin m\u00fc\u015fahid\u0259 olunan Rusiyan\u0131n h\u0259r iki m\u00fcnaqi\u015f\u0259 t\u0259r\u0259fin\u0259 t\u0259xmin\u0259n eyni qaydada yana\u015fmas\u0131d\u0131r. Bel\u0259 q\u00fcvv\u0259l\u0259r pariteti Rusiyaya regionda yet\u0259rinc\u0259 n\u00fcfuz saxlama\u011fa imkan verm\u0259kl\u0259 yana\u015f\u0131, h\u0259m d\u0259 h\u0259r iki t\u0259r\u0259fin etimad\u0131n\u0131 do\u011frultmaq bax\u0131mdan laz\u0131md\u0131r.\n<\/p>\n<p>\n  Rusiyan\u0131n narahat\u00e7\u0131l\u0131\u011f\u0131 v\u0259 konfliktin yarada bil\u0259c\u0259yi risk T\u00fcrkiy\u0259 v\u0259 dig\u0259r m\u00fcs\u0259lman \u00f6lk\u0259l\u0259rind\u0259ki rus \u015f\u0259rh\u00e7il\u0259rinin t\u0259birinc\u0259 des\u0259k, bu, bulanl\u0131q suda bal\u0131q tutmaq ist\u0259m\u0259l\u0259ri ola bil\u0259r. Ona g\u00f6r\u0259 d\u0259 Rusiya indiki h\u0259rt\u0259r\u0259fli h\u0259lq\u0259y\u0259 al\u0131nd\u0131\u011f\u0131 vaxtda Qaraba\u011fda silahl\u0131 m\u00fcharib\u0259 \u015f\u0259raitinin davam etm\u0259sini ist\u0259mir, buna Q\u0259rb\u0259 m\u00fcdaxil\u0259 \u015fans\u0131 verm\u0259k kimi bax\u0131r. Rusiyaya hans\u0131 t\u0259r\u0259fin \u00fcst\u00fcnl\u00fck qazanmas\u0131ndan daha \u00e7ox m\u00fcnaqi\u015f\u0259nin n\u0259zar\u0259td\u0259 saxlan\u0131la bilm\u0259si v\u0259 t\u0259nziml\u0259n\u0259n, \u201cdonu a\u00e7\u0131lmayan\u201d konflikt laz\u0131md\u0131r.\n<\/p>\n<p>\n  M\u00fcharib\u0259 burul\u011fan\u0131\n<\/p>\n<p>\n  \u018fvv\u0259la, h\u00fccum q\u0259rar\u0131 Az\u0259rbaycan ordusunda yekdillik v\u0259 ordu komandanl\u0131\u011f\u0131n\u0131n s\u0131naqdan \u00e7\u0131xar\u0131lm\u0131\u015f vasit\u0259l\u0259ri t\u0259tbiq etm\u0259k bacar\u0131\u011f\u0131n\u0131 g\u00f6st\u0259rdi. H\u0259m d\u0259 onu g\u00f6st\u0259rdi \u00a0ki, Az\u0259rbaycan ordusunda t\u0259lim, texniki haz\u0131rl\u0131\u011fa diqq\u0259t, \u0259mr\u0259 tabelilik v\u0259 sava\u015fmaq \u0259zmi v\u0259 \u0259n \u0259sas\u0131 m\u0259rk\u0259zd\u0259n idar\u0259olunma m\u00f6vcuddur. \u0130kincisi, Qaraba\u011f u\u011frunda \u015f\u0259hid olmaq Az\u0259rbaycan v\u0259t\u0259nda\u015f\u0131 \u00fc\u00e7\u00fcn m\u00fcharib\u0259 sevinci il\u0259 \u00fcst-\u00fcst\u0259 d\u00fc\u015fd\u00fc.\n<\/p>\n<p>\n  Bu m\u00fcharib\u0259dir v\u0259 r\u0259hb\u0259rl\u0259ri t\u0259r\u0259find\u0259n uzun ill\u0259r kollektiv yadda\u015f\u0131nda d\u00fc\u015fm\u0259nl\u0259\u015fdirdiyi mill\u0259tl\u0259 apar\u0131lan m\u00fcbariz\u0259dir. Bu o dem\u0259kdir ki, m\u00fcnaqi\u015f\u0259 yaln\u0131z h\u0259rbi \u0259m\u0259liyyatlarla bitm\u0259y\u0259c\u0259k. \u015e\u00fcbh\u0259siz ki, bu m\u00fcharib\u0259 burul\u011fan\u0131nda h\u0259m o t\u0259r\u0259fd\u0259, h\u0259m biz t\u0259r\u0259fd\u0259 itkil\u0259r olacaq.\n<\/p>\n<p>\n  Az\u0259rbaycan ordusunun g\u00f6zl\u0259nil\u0259nd\u0259n art\u0131q \u015f\u0259hid verm\u0259si h\u0259rbi \u0259m\u0259liyyatlar \u00fczr\u0259 \u0259mrl\u0259rin q\u0131sa zaman k\u0259siyind\u0259 verilm\u0259si, \u0259m\u0259liyyatlar\u0131n yenic\u0259 ba\u015flanmas\u0131, h\u0259m d\u0259 qar\u015f\u0131 t\u0259r\u0259fin b\u00fct\u00fcn q\u00fcvv\u0259si il\u0259 m\u00fcdafi\u0259y\u0259 ke\u00e7m\u0259si il\u0259 izah oluna bil\u0259r. Da\u011fl\u0131q \u015f\u0259raiti, Erm\u0259nistan ordusunun daha \u0259lveri\u015fli m\u00f6vqel\u0259rd\u0259 dayanmas\u0131 x\u0131rda \u0259m\u0259liyyatlar\u0131 \u00e7\u0259tinl\u0259\u015fdirir.\n<\/p>\n<p>\n  Lakin silahl\u0131 toqqu\u015fman\u0131n davam ed\u0259c\u0259yi t\u0259qdird\u0259 h\u0259rbi \u0259m\u0259liyyatlar daha k\u0259s\u0259rli olacaqd\u0131. M\u0259s\u0259l\u0259ni \u00e7\u0259tinl\u0259\u015fdir\u0259n \u00f6lk\u0259 r\u0259hb\u0259rliyinin m\u0259hz x\u0131rda m\u00fcharib\u0259 il\u0259 kifay\u0259tl\u0259nm\u0259k m\u0259cburiyy\u0259ti idi, \u00e7\u00fcnki daha geni\u015fmiqyasl\u0131 \u0259m\u0259liyyatlara Rusiyadan v\u0259 Q\u0259rbd\u0259n mane\u0259l\u0259r peyda olacaqd\u0131. Xarici medialarda m\u00fc\u015fahid\u0259 etdiyimiz co\u015f\u011fulu \u0259ks reaksiyalar da bunu s\u00fcbut edir. Buna g\u00f6r\u0259 d\u0259 Az\u0259rbaycan\u0131n t\u0259kba\u015f\u0131na konflikti h\u0259ll etm\u0259k \u00e7abas\u0131 h\u0259m d\u0259 beyn\u0259lxalq \u015f\u0259raitin yeti\u015fm\u0259sinin vacibliyini g\u00f6st\u0259rir.\n<\/p>\n<p>\n  Q\u0259rb r\u0259smi dair\u0259l\u0259rinin s\u0259ssizliyi\n<\/p>\n<p>\n  Avropada Az\u0259rbaycana m\u00fcnasib\u0259t birm\u0259nal\u0131 deyil, Erm\u0259nistan\u0131n regionda Q\u0259rbin maraqlar\u0131na zidd h\u0259r\u0259k\u0259tl\u0259rin\u0259 baxmayaraq, \u2013 m\u0259s\u0259l\u0259n, Rusiya il\u0259 h\u0259rbi alyans\u0131 &#8211; Az\u0259rbaycan\u0131n m\u00f6vqeyi orada ciddi d\u0259st\u0259k qazanmay\u0131b. R\u0259smi dill\u0259 dem\u0259s\u0259l\u0259r d\u0259, Q\u0259rb dair\u0259l\u0259ri Qaraba\u011f problematikas\u0131n\u0131 ke\u00e7mi\u015f Sovet m\u0259kan\u0131ndak\u0131 dig\u0259r separatist m\u00fcnaqi\u015f\u0259l\u0259rd\u0259n ay\u0131rma\u011fa meyllidirl\u0259r.\n<\/p>\n<p>\n  Demokratiya v\u0259 insan haqlar\u0131 m\u00f6vzusunda t\u0259nqidl\u0259rini qoyuram q\u0131ra\u011fa, Qaraba\u011f m\u00f6vzusu Avropa, AB\u015e administrasiyas\u0131 v\u0259 Rusiya aras\u0131nda \u0259n \u00e7ox anla\u015fd\u0131qlar\u0131, \u0259m\u0259kda\u015fl\u0131q ed\u0259 bildikl\u0259ri m\u00f6vzudur. G\u00fcrc\u00fcstan v\u0259 Ukrayna hallar\u0131nda is\u0259 Q\u0259rb Rusiya il\u0259 a\u00e7\u0131q konfrantasiyaya gedir.\n<\/p>\n<p>\n  T\u00fcrkiy\u0259-Erm\u0259nistan a\u00e7\u0131l\u0131m\u0131 u\u011fursuz bit\u0259nd\u0259n b\u0259ri Q\u0259rbin Qaraba\u011f m\u0259s\u0259l\u0259sin\u0259 t\u0259sir r\u0131\u00e7aqlar\u0131 t\u00fck\u0259nib. Erm\u0259nistan\u0131n Avrasiya \u0130qtisadi \u0130ttifaq\u0131na qo\u015fulmas\u0131, Az\u0259rbaycan\u0131n is\u0259 Avropa \u0130ttifaq\u0131 il\u0259 assosiasiya sazi\u015fl\u0259rini imzalamaq ist\u0259m\u0259m\u0259si il\u0259 bu t\u0259sir minimuma enibdir. Erm\u0259nistan indi Rusiyan\u0131 Q\u0259rbl\u0259 tarazla\u015fd\u0131rmaq ist\u0259yir. Erm\u0259nistan prezidentinin \u00a0Almaniyada olark\u0259n Rusiya haqq\u0131nda t\u0259nqidi fikirl\u0259r s\u0259sl\u0259ndirm\u0259si, Az\u0259rbaycana silah satmas\u0131ndan<br \/>\n  <a href=\"http:\/\/www.dw.com\/de\/armenischer-pr\u00e4sident-moskau-sollte-baku-keine-waffen-verkaufen\/a-19172058\" target=\"_blank\" rel=\"noopener\"><br \/>\n    \u015fikay\u0259tl<br \/>\n  <\/a><br \/>\n  \u0259nm\u0259si bel\u0259 m\u00f6vqenin ilk t\u0259zah\u00fcrl\u0259ri ola bil\u0259r.\n<\/p>\n<p>\n  Az\u0259rbaycan \u00f6z partyornlar\u0131n\u0131, m\u0259s\u0259l\u0259n, Rusiyan\u0131 t\u0259hl\u00fck\u0259y\u0259 salmaq ist\u0259mir. Bu m\u0259nada \u018fli H\u0259s\u0259nov qeyd etdi ki,<br \/>\n  <a href=\"http:\/\/az.trend.az\/azerbaijan\/politics\/2513972.html\" target=\"_blank\" rel=\"noopener\"><br \/>\n    Erm\u0259nistan\u0131n Kollektiv T\u0259hl\u00fck\u0259sizlik M\u00fcqavil\u0259si T\u0259\u015fkilat\u0131 il\u0259 m\u00fcnasib\u0259tl\u0259ri Az\u0259rbaycan\u0131 narahat etmir<br \/>\n  <\/a><br \/>\n  . Rusiyan\u0131 m\u00fcnaqi\u015f\u0259 t\u0259r\u0259fi kimi g\u00f6rm\u0259m\u0259k v\u0259 bu \u00f6lk\u0259 il\u0259 m\u00fcnasib\u0259tl\u0259ri korlamamaq ist\u0259yind\u0259n ir\u0259li g\u0259lir. Rusiya il\u0259 m\u00fcnasib\u0259tl\u0259r \u0259lb\u0259tt\u0259 tam strateji olmasa da, ancaq \u0130lham \u018fliyevin prezidentliyi d\u00f6vr\u00fcnd\u0259 y\u00fcks\u0259l\u0259n x\u0259tt \u00fczr\u0259 v\u0259 h\u0259r iki t\u0259r\u0259f aras\u0131nda ciddi anla\u015f\u0131lmazl\u0131q olmadan s\u00fcr\u00fcbd\u00fcr.\n<\/p>\n<p>\n  Rusiya T\u00fcrkiy\u0259 qar\u015f\u0131durmas\u0131m\u0131?\n<\/p>\n<p>\n  Bir \u00e7ox \u015f\u0259rh\u00e7il\u0259r Erm\u0259nistan\u0131n Rusiyan\u0131n g\u00f6st\u0259ri\u015fi il\u0259 h\u0259r\u0259k\u0259t\u0259 ke\u00e7diyini v\u0259 bird\u0259n-bir\u0259 sava\u015f\u0131n alovlanmas\u0131n\u0131 Az\u0259rbaycan prezidenti \u0130lham \u018fliyevin AB\u015e-a s\u0259f\u0259ri v\u0259 T\u00fcrkiy\u0259 prezidenti R\u0259c\u0259b Tayyip \u018frdo\u011fanla bundan \u0259vv\u0259l apard\u0131\u011f\u0131 g\u00f6r\u00fc\u015fl\u0259rl\u0259 \u0259laq\u0259l\u0259ndirm\u0259y\u0259 \u00e7al\u0131\u015f\u0131rlar. X\u00fcsusil\u0259 \u018frdo\u011fan-Putin \u015f\u0259xsi d\u00fc\u015fm\u0259n\u00e7iliyi fonunda T\u00fcrkiy\u0259nin Rusiya il\u0259 m\u00fcnasib\u0259tl\u0259rini Qafqaz m\u00fcst\u0259visin\u0259 k\u00f6\u00e7\u00fcrm\u0259si b\u0259zil\u0259rin\u0259 a\u011flabatan g\u00f6rs\u0259nir.\n<\/p>\n<p>\n  Bunlar h\u0259qiq\u0259td\u0259n uzaqd\u0131r. Konfliktl\u0259 birba\u015fa \u0259laq\u0259d\u0259 olmayan \u015f\u0259rh\u00e7il\u0259rin \u201cniy\u0259 bird\u0259n-bir\u0259 m\u00fcharib\u0259 q\u0131z\u0131\u015fs\u0131n ki\u201d dey\u0259 t\u0259\u0259cc\u00fcbl\u0259nm\u0259l\u0259ri m\u0259s\u0259l\u0259d\u0259 uzaq m\u0259tl\u0259bl\u0259r axtarmaqd\u0131r. \u00dcmumiyy\u0259tl\u0259, b\u0259zi \u015f\u0259rh\u00e7il\u0259r h\u0259r m\u0259s\u0259l\u0259d\u0259 \u201carxa plan\u201d, \u201ck\u0259nar q\u00fcvv\u0259l\u0259rin \u0259li\u201d, \u201cjest\u201d kimi m\u0259vhumlardan \u00e7ox istifad\u0259 edirl\u0259r v\u0259 h\u0259r siyasi hadis\u0259d\u0259 m\u0259na, qanunauy\u011funluq tapma\u011fa \u00e7al\u0131\u015f\u0131rlar. Yaddan \u00e7\u0131xarmaq laz\u0131m deyil ki, beyn\u0259lxalq siyas\u0259t h\u0259m d\u0259 anarxik bir sistemdir. \u00a0Burada t\u0259nziml\u0259nm\u0259y\u0259n, nizams\u0131z ba\u015f ver\u0259n xeyli sayda m\u0259s\u0259l\u0259l\u0259r v\u0259 hadis\u0259l\u0259r olur.\n<\/p>\n<p>\n  \u018fvv\u0259la, Erm\u0259nistan\u0131n Rusiya il\u0259 Kollektiv T\u0259hl\u00fck\u0259sizlik M\u00fcqavil\u0259si var. Az\u0259rbaycanla T\u00fcrkiy\u0259 aras\u0131nda<br \/>\n  <a href=\"http:\/\/www.eurasianet.org\/node\/62732\" target=\"_blank\" rel=\"noopener\"><br \/>\n    h\u0259rbi m\u00fctt\u0259fiqlik<br \/>\n  <\/a><br \/>\n  is\u0259 2010-cu ild\u0259n b\u0259ri m\u00f6vcud olan Ali Strateji \u018fm\u0259kda\u015fl\u0131q \u015euras\u0131 s\u0259viyy\u0259sind\u0259 m\u0259sl\u0259h\u0259tl\u0259\u015fm\u0259l\u0259r, silah al\u0131\u015f\u0131 v\u0259 zabitl\u0259r haz\u0131rl\u0131\u011f\u0131ndan v\u0259 verbal d\u0259st\u0259kd\u0259n o yana ke\u00e7mir. Bel\u0259likl\u0259, T\u00fcrkiy\u0259nin Az\u0259rbaycan\u0131n \u0259razi b\u00fct\u00f6vl\u00fcy\u00fcn\u0259 z\u0259man\u0259t\u00e7i duraca\u011f\u0131 il\u0259 ba\u011fl\u0131 raz\u0131la\u015fma olmad\u0131\u011f\u0131 bir \u015f\u0259raitd\u0259 sonu bilinm\u0259y\u0259n bir m\u00fcnaqi\u015f\u0259y\u0259 qat\u0131laca\u011f\u0131n\u0131 da dem\u0259k \u00e7\u0259tin olard\u0131. Diplomatiyada bel\u0259 m\u00f6vzular\u0131n d\u00f6vl\u0259tl\u0259raras\u0131 m\u00fcqavil\u0259l\u0259rl\u0259 \u00f6nc\u0259d\u0259n t\u0259nziml\u0259ndiyini yaddan \u00e7\u0131xarmayaq.\n<\/p>\n<p>\n  H\u0259l\u0259lik \u018frdo\u011fan hakimiyy\u0259ti T\u00fcrkiy\u0259 Xarici \u0130\u015fl\u0259r Nazirliyinin Qafqazda ill\u0259rl\u0259 bit\u0259r\u0259f partnyor kimi qurma\u011fa \u00e7al\u0131\u015fd\u0131\u011f\u0131 t\u0259maslar\u0131 alt-\u00fcst etm\u0259kl\u0259 m\u0259\u015f\u011fuldur. Ancaq n\u0259z\u0259r\u0259 almaq laz\u0131md\u0131r ki, T\u00fcrkiy\u0259 il\u0259 Rusiya aras\u0131nda yax\u0131nla\u015fd\u0131r\u0131c\u0131 \u00e7oxlu n\u00fcanslar var, bu da n\u0259qliyyat d\u0259hlizl\u0259ri, vacib iqtisadi ehtiyaclard\u0131r. Gec-tez T\u00fcrkiy\u0259 v\u0259 Rusiya bu vacib m\u00f6vzularda yax\u0131nla\u015fma\u011fa q\u0259d\u0259m qoyacaqlar.\n<\/p>\n<p>\n  M\u00fcnaqi\u015f\u0259 bundan sonra\n<\/p>\n<p>\n  Ayd\u0131nd\u0131r ki, Erm\u0259nistan t\u0259r\u0259fi art\u0131q ne\u00e7\u0259 ill\u0259rdir ki, m\u00fcnaqi\u015f\u0259d\u0259ki dur\u011funluqdan sui-istifad\u0259 etm\u0259y\u0259 \u00e7al\u0131\u015f\u0131rd\u0131. \u0130ndi bel\u0259 ba\u015f\u0131soyuqlulu\u011fun v\u0259 c\u0259zas\u0131zl\u0131\u011f\u0131n hans\u0131 n\u0259tic\u0259l\u0259r ver\u0259c\u0259yini anlayacaqd\u0131r. \u0130ndi dan\u0131\u015f\u0131qlarda s\u00fclh\u00fcn \u0259ld\u0259 oluna bilm\u0259m\u0259sinin g\u00fcnah\u0131 Erm\u0259nistan\u0131n \u00fcz\u0259rind\u0259 olacaqd\u0131r v\u0259 beyn\u0259lxalq t\u0259\u015fkilatlar v\u0259 b\u00f6y\u00fck d\u00f6vl\u0259tl\u0259rin t\u0259zyiq g\u00f6st\u0259rm\u0259l\u0259ri s\u00f6zkonusu ola bil\u0259r.\n<\/p>\n<p>\n  Erm\u0259nistan hakimiyy\u0259ti \u00fc\u00e7\u00fcn iqtisadi blokada t\u0259hl\u00fck\u0259si, regional layih\u0259l\u0259rd\u0259 i\u015ftirak ed\u0259 bilm\u0259m\u0259k \u00f6n\u0259m k\u0259sb etmir. Bir vaxtlar T\u00fcrkiy\u0259 il\u0259 s\u0259rh\u0259dl\u0259rin a\u00e7\u0131lmas\u0131 m\u00f6vzusu G\u00fcrc\u00fcstanla m\u00fcharib\u0259 \u015f\u0259raitind\u0259 olan Rusiyadan aral\u0131 d\u00fc\u015fm\u0259k qorxusundan ir\u0259li g\u0259lmi\u015fdi v\u0259 Erm\u0259nistan yariraz\u0131-yar\u0131naraz\u0131 bu i\u015f\u0259 \u0259l qoymu\u015fdu.\n<\/p>\n<p>\n  H\u0259rbi toqqu\u015fman\u0131 dayand\u0131rma s\u0259yl\u0259rind\u0259n sonra konfliktin h\u0259llind\u0259 h\u0259lledici rol Rusiyan\u0131n \u00fcz\u0259rin\u0259 d\u00fc\u015f\u00fcr. Rusiyan\u0131n \u00f6z\u00fc is\u0259 konflikti nec\u0259 \u00e7\u00f6z\u0259c\u0259yini bilmir. Ola bilsin ki, \u0259vv\u0259lki ill\u0259rd\u0259 oldu\u011fu kimi bu d\u0259f\u0259 d\u0259 t\u0259\u015f\u0259bb\u00fcs\u00fc Minsk Qrupu \u00e7\u0259r\u00e7iv\u0259sind\u0259 f\u0259aliyy\u0259td\u0259 olan dig\u0259r h\u0259ms\u0259dr d\u00f6vl\u0259tl\u0259r\u0259 \u00f6t\u00fcrs\u00fcn.\n<\/p>\n<p>\n  Rusiya Az\u0259rbaycan\u0131n m\u00fc\u0259yy\u0259n h\u0259rbi \u00fcst\u00fcnl\u00fckl\u0259rin\u0259 g\u00f6z yumacaqd\u0131r. Bundan \u0259vv\u0259l d\u0259 Rusiyan\u0131n Az\u0259rbaycan\u0131n Erm\u0259nistana t\u0259zyiq g\u00f6st\u0259rm\u0259sin\u0259 bigan\u0259 m\u00fcnasib\u0259ti il\u0259 dan\u0131\u015f\u0131qlar prosesind\u0259 c\u00fczi d\u0259 olsa d\u0259yi\u015fiklik etm\u0259k ist\u0259diyinin \u015fahidi olmu\u015fuq. \u00c7ox g\u00fcman ki, Erm\u0259nistana ayr\u0131lan h\u0259rbi krediti d\u0259 verm\u0259y\u0259c\u0259kdir. Erm\u0259nistan\u0131n \u0259n b\u00f6y\u00fck s\u0259hvi ruslara G\u00fcmri v\u0259 Erebuni d\u0259 h\u0259rbi bazalar yerl\u0259\u015fdirm\u0259y\u0259 raz\u0131l\u0131q verm\u0259sidir.\n<\/p>\n<p>\n  Son vaxtlarda h\u0259rbi vertolyotlar v\u0259 t\u0259yyar\u0259l\u0259rl\u0259 h\u0259min bazalar daha da g\u00fccl\u0259ndirilmi\u015fdi v\u0259 Erm\u0259nistan\u0131n h\u0259rbi hava m\u0259kan\u0131 b\u00fct\u00f6vl\u00fckd\u0259 Rusiyan\u0131n ixtiyar\u0131ndad\u0131r. Bunlar Erm\u0259nistan\u0131 s\u00f6zd\u0259 d\u00fc\u015fm\u0259nl\u0259rind\u0259n qorunmas\u0131ndan \u00e7ox, \u0259slind\u0259 Rusiyan\u0131n m\u0259nafel\u0259rinin regionda t\u0259msil olunmas\u0131na xidm\u0259t edir. Erm\u0259nistan r\u0259hb\u0259rliyi anlam\u0131r ki, onun \u00f6z\u00fcn\u0259 Az\u0259rbaycan v\u0259 T\u00fcrkiy\u0259 t\u0259r\u0259find\u0259n t\u0259hl\u00fck\u0259 yoxdur, Qaraba\u011fda is\u0259 Rusiya Erm\u0259nistan\u0131 yaln\u0131z \u0259n z\u0259ruri hallarda m\u00fcdafi\u0259 ed\u0259c\u0259k.\n<\/p>\n<p>\n  Belarusun h\u0259rbi toqqu\u015fma ba\u015flark\u0259n<br \/>\n  <a href=\"http:\/\/mfa.gov.by\/press\/news_mfa\/f4b5537fbfd0626f.html\" target=\"_blank\" rel=\"noopener\"><br \/>\n    \u201c\u0259razi b\u00fct\u00f6vl\u00fcy\u00fc\u201d \u00e7a\u011f\u0131r\u0131\u015f\u0131<br \/>\n  <\/a><br \/>\n  v\u0259 Qazax\u0131standan g\u0259l\u0259n Az\u0259rbaycan t\u0259r\u0259fin\u0259 a\u00e7\u0131q d\u0259st\u0259kl\u0259 m\u00fc\u015fahid\u0259 olunan<br \/>\n  <a href=\"http:\/\/eurasianews.info\/en\/node\/10481\" target=\"_blank\" rel=\"noopener\"><br \/>\n    reaksiyalar<br \/>\n  <\/a><br \/>\n  ke\u00e7mi\u015f Sovet \u0130ttifaq\u0131 m\u0259kan\u0131nda inteqrasiya prosesl\u0259rinin yaln\u0131z Rusiyan\u0131n ist\u0259yi il\u0259 ba\u015f verm\u0259diyini, \u0259slind\u0259 m\u00fcnasib\u0259tl\u0259rd\u0259 iqtisadi amill\u0259rin \u00e7\u0259kisinin b\u00f6y\u00fcd\u00fcy\u00fcn\u00fcn g\u00f6st\u0259ricisidir. Rusiya anlamal\u0131d\u0131r ki, onun qon\u015fular\u0131 il\u0259 inteqrasiya m\u00fcnasib\u0259tl\u0259ri iqtisadi z\u0259min\u0259 s\u00f6yk\u0259nm\u0259lidir.\n<\/p>\n<p>\n  Bu m\u0259nada sad\u0259c\u0259 konfliktl\u0259ri dondurmaqla daha \u0259lveri\u015fli iqtisadi layih\u0259l\u0259ri t\u0259hl\u00fck\u0259 alt\u0131na qoyula bil\u0259r. Avrasiya regionunda iqtisadi \u0259m\u0259kda\u015fl\u0131q birt\u0259r\u0259fli ola bilm\u0259z, bunun \u00fc\u00e7\u00fcn regionda iqtisadi potensial\u0131 il\u0259 se\u00e7il\u0259n ciddi inteqrasiya subyektl\u0259ri yaran\u0131bd\u0131r.\n<\/p>\n<p>\n  Az\u0259rbaycan indi Rusiyan\u0131n geostrateji maraqlar\u0131n\u0131 Q\u0259rb\u0259 itirm\u0259m\u0259si bax\u0131mdan \u00f6n\u0259mlidi. Ona g\u00f6r\u0259 d\u0259 Az\u0259rbaycanla m\u00fcnasib\u0259tl\u0259rinin tam strateji partnyor s\u0259viyy\u0259sind\u0259 oldu\u011fu halda, \u0259sl etibarl\u0131 qon\u015fusunu \u201cincitm\u0259kl\u0259\u201d Rusiya s\u0259hv etm\u0259k ist\u0259m\u0259z. Rusiya b\u0259lk\u0259 d\u0259 Az\u0259rbaycana m\u00fcharib\u0259 il\u0259 cavab ver\u0259r, Az\u0259rbaycan\u0131 \u201csakitl\u0259\u015fdirm\u0259y\u0259\u201d c\u0259hd ed\u0259r, ancaq ax\u0131 yax\u0131n \u0259traf\u0131nda n\u0259 q\u0259d\u0259r naraz\u0131\u00e7\u0131l\u0131q yaratmaq olar.\n<\/p>\n<p>\n  Rusiya m\u0259s\u0259l\u0259nin regional m\u00fcst\u0259vid\u0259 T\u00fcrkiy\u0259 il\u0259 birg\u0259 h\u0259llin\u0259 \u00e7al\u0131\u015fa bil\u0259r. \u018frdo\u011fan\u0131n Minsk Qrupunu i\u015fl\u0259m\u0259m\u0259kd\u0259 g\u00fcnahland\u0131rmas\u0131 buna i\u015far\u0259 ola bil\u0259r. Bu halda Rusiya v\u0259 T\u00fcrkiy\u0259 dig\u0259r maraql\u0131 t\u0259r\u0259fl\u0259ri region probleml\u0259rind\u0259n uzaq tutmaq kimi \u0259lveri\u015fli imkan qazana bil\u0259rl\u0259r. Lakin m\u00fcnaqi\u015f\u0259 alovland\u0131\u011f\u0131 vaxt Rusiya v\u0259 AB\u015e aras\u0131nda y\u00fcks\u0259k s\u0259viyy\u0259d\u0259 t\u0259maslarda \u201ck\u0259nar q\u00fcvv\u0259l\u0259rin\u201d m\u00fcnaqi\u015f\u0259ni q\u0131z\u0131\u015fd\u0131rmaq<br \/>\n  <a href=\"http:\/\/news.az\/articles\/karabakh\/106272\" target=\"_blank\" rel=\"noopener\"><br \/>\n    c\u0259hdl\u0259rind\u0259n<br \/>\n  <\/a><br \/>\n  gileyl\u0259nm\u0259l\u0259ri T\u00fcrkiy\u0259nin b\u00f6y\u00fck g\u00fccl\u0259r t\u0259r\u0259find\u0259n bu m\u00f6vzuda ciddiy\u0259 al\u0131nmad\u0131\u011f\u0131 t\u0259sirini ba\u011f\u0131\u015flay\u0131r.<\/p>\n","protected":false},"excerpt":{"rendered":"<p>H\u00fccum \u0259mri h\u0259rbi q\u0259rar idi, siyasi yox<\/p>\n","protected":false},"author":11,"featured_media":50044,"comment_status":"closed","ping_status":"open","sticky":false,"template":"","format":"standard","meta":{"_acf_changed":false,"_sitemap_exclude":false,"_sitemap_priority":"","_sitemap_frequency":"","footnotes":""},"categories":[57],"tags":[],"class_list":["post-175293","post","type-post","status-publish","format-standard","has-post-thumbnail","hentry","category-menim-fikrimce","infinite-scroll-item","generate-columns","tablet-grid-50","mobile-grid-100","grid-parent","grid-33","no-featured-image-padding"],"acf":[],"yoast_head":"<!-- This site is optimized with the Yoast SEO plugin v27.5 - https:\/\/yoast.com\/product\/yoast-seo-wordpress\/ -->\n<title>Qaraba\u011f m\u00fcharib\u0259sin\u0259 s\u00f6zard\u0131 v\u0259 b\u0259zi politoloji m\u00fc\u015fahid\u0259l\u0259r - MEYDAN.TV<\/title>\n<meta name=\"robots\" content=\"index, follow, max-snippet:-1, max-image-preview:large, max-video-preview:-1\" \/>\n<link rel=\"canonical\" href=\"https:\/\/www.meydan.tv\/az\/article\/qarabag-muharibesine-sozardi-ve-bezi-politoloji-musahideler\/\" \/>\n<meta property=\"og:locale\" content=\"az_AZ\" \/>\n<meta property=\"og:type\" content=\"article\" \/>\n<meta property=\"og:title\" content=\"Qaraba\u011f m\u00fcharib\u0259sin\u0259 s\u00f6zard\u0131 v\u0259 b\u0259zi politoloji m\u00fc\u015fahid\u0259l\u0259r - MEYDAN.TV\" \/>\n<meta property=\"og:description\" content=\"H\u00fccum \u0259mri h\u0259rbi q\u0259rar idi, siyasi yox\" \/>\n<meta property=\"og:url\" content=\"https:\/\/www.meydan.tv\/az\/article\/qarabag-muharibesine-sozardi-ve-bezi-politoloji-musahideler\/\" \/>\n<meta property=\"og:site_name\" content=\"MEYDAN.TV\" \/>\n<meta property=\"article:published_time\" content=\"2016-04-19T18:34:54+00:00\" \/>\n<meta property=\"og:image\" content=\"https:\/\/www.meydan.tv\/wp-content\/uploads\/18849.jpg\" \/>\n\t<meta property=\"og:image:width\" content=\"500\" \/>\n\t<meta property=\"og:image:height\" content=\"500\" \/>\n\t<meta property=\"og:image:type\" content=\"image\/jpeg\" \/>\n<meta name=\"author\" content=\"user-manager\" \/>\n<meta name=\"twitter:card\" content=\"summary_large_image\" \/>\n<script type=\"application\/ld+json\" class=\"yoast-schema-graph\">{\"@context\":\"https:\\\/\\\/schema.org\",\"@graph\":[{\"@type\":\"Article\",\"@id\":\"https:\\\/\\\/www.meydan.tv\\\/az\\\/article\\\/qarabag-muharibesine-sozardi-ve-bezi-politoloji-musahideler\\\/#article\",\"isPartOf\":{\"@id\":\"https:\\\/\\\/www.meydan.tv\\\/az\\\/article\\\/qarabag-muharibesine-sozardi-ve-bezi-politoloji-musahideler\\\/\"},\"author\":{\"name\":\"user-manager\",\"@id\":\"https:\\\/\\\/www.meydan.tv\\\/az\\\/#\\\/schema\\\/person\\\/10d11eccf6da3662cf5fdab9806ea91a\"},\"headline\":\"Qaraba\u011f m\u00fcharib\u0259sin\u0259 s\u00f6zard\u0131 v\u0259 b\u0259zi politoloji m\u00fc\u015fahid\u0259l\u0259r\",\"datePublished\":\"2016-04-19T18:34:54+00:00\",\"mainEntityOfPage\":{\"@id\":\"https:\\\/\\\/www.meydan.tv\\\/az\\\/article\\\/qarabag-muharibesine-sozardi-ve-bezi-politoloji-musahideler\\\/\"},\"wordCount\":2592,\"publisher\":{\"@id\":\"https:\\\/\\\/www.meydan.tv\\\/az\\\/#organization\"},\"image\":{\"@id\":\"https:\\\/\\\/www.meydan.tv\\\/az\\\/article\\\/qarabag-muharibesine-sozardi-ve-bezi-politoloji-musahideler\\\/#primaryimage\"},\"thumbnailUrl\":\"https:\\\/\\\/www.meydan.tv\\\/wp-content\\\/uploads\\\/18849.jpg\",\"articleSection\":[\"M\u0259nim Fikrimc\u0259\"],\"inLanguage\":\"az\"},{\"@type\":\"WebPage\",\"@id\":\"https:\\\/\\\/www.meydan.tv\\\/az\\\/article\\\/qarabag-muharibesine-sozardi-ve-bezi-politoloji-musahideler\\\/\",\"url\":\"https:\\\/\\\/www.meydan.tv\\\/az\\\/article\\\/qarabag-muharibesine-sozardi-ve-bezi-politoloji-musahideler\\\/\",\"name\":\"Qaraba\u011f m\u00fcharib\u0259sin\u0259 s\u00f6zard\u0131 v\u0259 b\u0259zi politoloji m\u00fc\u015fahid\u0259l\u0259r - MEYDAN.TV\",\"isPartOf\":{\"@id\":\"https:\\\/\\\/www.meydan.tv\\\/az\\\/#website\"},\"primaryImageOfPage\":{\"@id\":\"https:\\\/\\\/www.meydan.tv\\\/az\\\/article\\\/qarabag-muharibesine-sozardi-ve-bezi-politoloji-musahideler\\\/#primaryimage\"},\"image\":{\"@id\":\"https:\\\/\\\/www.meydan.tv\\\/az\\\/article\\\/qarabag-muharibesine-sozardi-ve-bezi-politoloji-musahideler\\\/#primaryimage\"},\"thumbnailUrl\":\"https:\\\/\\\/www.meydan.tv\\\/wp-content\\\/uploads\\\/18849.jpg\",\"datePublished\":\"2016-04-19T18:34:54+00:00\",\"breadcrumb\":{\"@id\":\"https:\\\/\\\/www.meydan.tv\\\/az\\\/article\\\/qarabag-muharibesine-sozardi-ve-bezi-politoloji-musahideler\\\/#breadcrumb\"},\"inLanguage\":\"az\",\"potentialAction\":[{\"@type\":\"ReadAction\",\"target\":[\"https:\\\/\\\/www.meydan.tv\\\/az\\\/article\\\/qarabag-muharibesine-sozardi-ve-bezi-politoloji-musahideler\\\/\"]}]},{\"@type\":\"ImageObject\",\"inLanguage\":\"az\",\"@id\":\"https:\\\/\\\/www.meydan.tv\\\/az\\\/article\\\/qarabag-muharibesine-sozardi-ve-bezi-politoloji-musahideler\\\/#primaryimage\",\"url\":\"https:\\\/\\\/www.meydan.tv\\\/wp-content\\\/uploads\\\/18849.jpg\",\"contentUrl\":\"https:\\\/\\\/www.meydan.tv\\\/wp-content\\\/uploads\\\/18849.jpg\",\"width\":500,\"height\":500,\"caption\":\"Source:\"},{\"@type\":\"BreadcrumbList\",\"@id\":\"https:\\\/\\\/www.meydan.tv\\\/az\\\/article\\\/qarabag-muharibesine-sozardi-ve-bezi-politoloji-musahideler\\\/#breadcrumb\",\"itemListElement\":[{\"@type\":\"ListItem\",\"position\":1,\"name\":\"Ana s\u0259hif\u0259\",\"item\":\"https:\\\/\\\/www.meydan.tv\\\/az\\\/\"},{\"@type\":\"ListItem\",\"position\":2,\"name\":\"M\u0259nim Fikrimc\u0259\",\"item\":\"https:\\\/\\\/www.meydan.tv\\\/az\\\/section\\\/menim-fikrimce\\\/\"},{\"@type\":\"ListItem\",\"position\":3,\"name\":\"Qaraba\u011f m\u00fcharib\u0259sin\u0259 s\u00f6zard\u0131 v\u0259 b\u0259zi politoloji m\u00fc\u015fahid\u0259l\u0259r\"}]},{\"@type\":\"WebSite\",\"@id\":\"https:\\\/\\\/www.meydan.tv\\\/az\\\/#website\",\"url\":\"https:\\\/\\\/www.meydan.tv\\\/az\\\/\",\"name\":\"MEYDAN.TV\",\"description\":\"Meydan TV Az\u0259rbaycan\u0131n media m\u0259kan\u0131ndak\u0131 alternativ s\u0259sidir\",\"publisher\":{\"@id\":\"https:\\\/\\\/www.meydan.tv\\\/az\\\/#organization\"},\"potentialAction\":[{\"@type\":\"SearchAction\",\"target\":{\"@type\":\"EntryPoint\",\"urlTemplate\":\"https:\\\/\\\/www.meydan.tv\\\/az\\\/?s={search_term_string}\"},\"query-input\":{\"@type\":\"PropertyValueSpecification\",\"valueRequired\":true,\"valueName\":\"search_term_string\"}}],\"inLanguage\":\"az\"},{\"@type\":\"Organization\",\"@id\":\"https:\\\/\\\/www.meydan.tv\\\/az\\\/#organization\",\"name\":\"Meydan TV\",\"url\":\"https:\\\/\\\/www.meydan.tv\\\/az\\\/\",\"logo\":{\"@type\":\"ImageObject\",\"inLanguage\":\"az\",\"@id\":\"https:\\\/\\\/www.meydan.tv\\\/az\\\/#\\\/schema\\\/logo\\\/image\\\/\",\"url\":\"https:\\\/\\\/www.meydan.tv\\\/wp-content\\\/uploads\\\/2021\\\/07\\\/meydan-logo.svg\",\"contentUrl\":\"https:\\\/\\\/www.meydan.tv\\\/wp-content\\\/uploads\\\/2021\\\/07\\\/meydan-logo.svg\",\"width\":195,\"height\":46,\"caption\":\"Meydan TV\"},\"image\":{\"@id\":\"https:\\\/\\\/www.meydan.tv\\\/az\\\/#\\\/schema\\\/logo\\\/image\\\/\"}},{\"@type\":\"Person\",\"@id\":\"https:\\\/\\\/www.meydan.tv\\\/az\\\/#\\\/schema\\\/person\\\/10d11eccf6da3662cf5fdab9806ea91a\",\"name\":\"user-manager\"}]}<\/script>\n<!-- \/ Yoast SEO plugin. -->","yoast_head_json":{"title":"Qaraba\u011f m\u00fcharib\u0259sin\u0259 s\u00f6zard\u0131 v\u0259 b\u0259zi politoloji m\u00fc\u015fahid\u0259l\u0259r - MEYDAN.TV","robots":{"index":"index","follow":"follow","max-snippet":"max-snippet:-1","max-image-preview":"max-image-preview:large","max-video-preview":"max-video-preview:-1"},"canonical":"https:\/\/www.meydan.tv\/az\/article\/qarabag-muharibesine-sozardi-ve-bezi-politoloji-musahideler\/","og_locale":"az_AZ","og_type":"article","og_title":"Qaraba\u011f m\u00fcharib\u0259sin\u0259 s\u00f6zard\u0131 v\u0259 b\u0259zi politoloji m\u00fc\u015fahid\u0259l\u0259r - MEYDAN.TV","og_description":"H\u00fccum \u0259mri h\u0259rbi q\u0259rar idi, siyasi yox","og_url":"https:\/\/www.meydan.tv\/az\/article\/qarabag-muharibesine-sozardi-ve-bezi-politoloji-musahideler\/","og_site_name":"MEYDAN.TV","article_published_time":"2016-04-19T18:34:54+00:00","og_image":[{"width":500,"height":500,"url":"https:\/\/www.meydan.tv\/wp-content\/uploads\/18849.jpg","type":"image\/jpeg"}],"author":"user-manager","twitter_card":"summary_large_image","schema":{"@context":"https:\/\/schema.org","@graph":[{"@type":"Article","@id":"https:\/\/www.meydan.tv\/az\/article\/qarabag-muharibesine-sozardi-ve-bezi-politoloji-musahideler\/#article","isPartOf":{"@id":"https:\/\/www.meydan.tv\/az\/article\/qarabag-muharibesine-sozardi-ve-bezi-politoloji-musahideler\/"},"author":{"name":"user-manager","@id":"https:\/\/www.meydan.tv\/az\/#\/schema\/person\/10d11eccf6da3662cf5fdab9806ea91a"},"headline":"Qaraba\u011f m\u00fcharib\u0259sin\u0259 s\u00f6zard\u0131 v\u0259 b\u0259zi politoloji m\u00fc\u015fahid\u0259l\u0259r","datePublished":"2016-04-19T18:34:54+00:00","mainEntityOfPage":{"@id":"https:\/\/www.meydan.tv\/az\/article\/qarabag-muharibesine-sozardi-ve-bezi-politoloji-musahideler\/"},"wordCount":2592,"publisher":{"@id":"https:\/\/www.meydan.tv\/az\/#organization"},"image":{"@id":"https:\/\/www.meydan.tv\/az\/article\/qarabag-muharibesine-sozardi-ve-bezi-politoloji-musahideler\/#primaryimage"},"thumbnailUrl":"https:\/\/www.meydan.tv\/wp-content\/uploads\/18849.jpg","articleSection":["M\u0259nim Fikrimc\u0259"],"inLanguage":"az"},{"@type":"WebPage","@id":"https:\/\/www.meydan.tv\/az\/article\/qarabag-muharibesine-sozardi-ve-bezi-politoloji-musahideler\/","url":"https:\/\/www.meydan.tv\/az\/article\/qarabag-muharibesine-sozardi-ve-bezi-politoloji-musahideler\/","name":"Qaraba\u011f m\u00fcharib\u0259sin\u0259 s\u00f6zard\u0131 v\u0259 b\u0259zi politoloji m\u00fc\u015fahid\u0259l\u0259r - MEYDAN.TV","isPartOf":{"@id":"https:\/\/www.meydan.tv\/az\/#website"},"primaryImageOfPage":{"@id":"https:\/\/www.meydan.tv\/az\/article\/qarabag-muharibesine-sozardi-ve-bezi-politoloji-musahideler\/#primaryimage"},"image":{"@id":"https:\/\/www.meydan.tv\/az\/article\/qarabag-muharibesine-sozardi-ve-bezi-politoloji-musahideler\/#primaryimage"},"thumbnailUrl":"https:\/\/www.meydan.tv\/wp-content\/uploads\/18849.jpg","datePublished":"2016-04-19T18:34:54+00:00","breadcrumb":{"@id":"https:\/\/www.meydan.tv\/az\/article\/qarabag-muharibesine-sozardi-ve-bezi-politoloji-musahideler\/#breadcrumb"},"inLanguage":"az","potentialAction":[{"@type":"ReadAction","target":["https:\/\/www.meydan.tv\/az\/article\/qarabag-muharibesine-sozardi-ve-bezi-politoloji-musahideler\/"]}]},{"@type":"ImageObject","inLanguage":"az","@id":"https:\/\/www.meydan.tv\/az\/article\/qarabag-muharibesine-sozardi-ve-bezi-politoloji-musahideler\/#primaryimage","url":"https:\/\/www.meydan.tv\/wp-content\/uploads\/18849.jpg","contentUrl":"https:\/\/www.meydan.tv\/wp-content\/uploads\/18849.jpg","width":500,"height":500,"caption":"Source:"},{"@type":"BreadcrumbList","@id":"https:\/\/www.meydan.tv\/az\/article\/qarabag-muharibesine-sozardi-ve-bezi-politoloji-musahideler\/#breadcrumb","itemListElement":[{"@type":"ListItem","position":1,"name":"Ana s\u0259hif\u0259","item":"https:\/\/www.meydan.tv\/az\/"},{"@type":"ListItem","position":2,"name":"M\u0259nim Fikrimc\u0259","item":"https:\/\/www.meydan.tv\/az\/section\/menim-fikrimce\/"},{"@type":"ListItem","position":3,"name":"Qaraba\u011f m\u00fcharib\u0259sin\u0259 s\u00f6zard\u0131 v\u0259 b\u0259zi politoloji m\u00fc\u015fahid\u0259l\u0259r"}]},{"@type":"WebSite","@id":"https:\/\/www.meydan.tv\/az\/#website","url":"https:\/\/www.meydan.tv\/az\/","name":"MEYDAN.TV","description":"Meydan TV Az\u0259rbaycan\u0131n media m\u0259kan\u0131ndak\u0131 alternativ s\u0259sidir","publisher":{"@id":"https:\/\/www.meydan.tv\/az\/#organization"},"potentialAction":[{"@type":"SearchAction","target":{"@type":"EntryPoint","urlTemplate":"https:\/\/www.meydan.tv\/az\/?s={search_term_string}"},"query-input":{"@type":"PropertyValueSpecification","valueRequired":true,"valueName":"search_term_string"}}],"inLanguage":"az"},{"@type":"Organization","@id":"https:\/\/www.meydan.tv\/az\/#organization","name":"Meydan TV","url":"https:\/\/www.meydan.tv\/az\/","logo":{"@type":"ImageObject","inLanguage":"az","@id":"https:\/\/www.meydan.tv\/az\/#\/schema\/logo\/image\/","url":"https:\/\/www.meydan.tv\/wp-content\/uploads\/2021\/07\/meydan-logo.svg","contentUrl":"https:\/\/www.meydan.tv\/wp-content\/uploads\/2021\/07\/meydan-logo.svg","width":195,"height":46,"caption":"Meydan TV"},"image":{"@id":"https:\/\/www.meydan.tv\/az\/#\/schema\/logo\/image\/"}},{"@type":"Person","@id":"https:\/\/www.meydan.tv\/az\/#\/schema\/person\/10d11eccf6da3662cf5fdab9806ea91a","name":"user-manager"}]}},"_links":{"self":[{"href":"https:\/\/www.meydan.tv\/az\/wp-json\/wp\/v2\/posts\/175293","targetHints":{"allow":["GET"]}}],"collection":[{"href":"https:\/\/www.meydan.tv\/az\/wp-json\/wp\/v2\/posts"}],"about":[{"href":"https:\/\/www.meydan.tv\/az\/wp-json\/wp\/v2\/types\/post"}],"author":[{"embeddable":true,"href":"https:\/\/www.meydan.tv\/az\/wp-json\/wp\/v2\/users\/11"}],"replies":[{"embeddable":true,"href":"https:\/\/www.meydan.tv\/az\/wp-json\/wp\/v2\/comments?post=175293"}],"version-history":[{"count":0,"href":"https:\/\/www.meydan.tv\/az\/wp-json\/wp\/v2\/posts\/175293\/revisions"}],"wp:featuredmedia":[{"embeddable":true,"href":"https:\/\/www.meydan.tv\/az\/wp-json\/wp\/v2\/media\/50044"}],"wp:attachment":[{"href":"https:\/\/www.meydan.tv\/az\/wp-json\/wp\/v2\/media?parent=175293"}],"wp:term":[{"taxonomy":"category","embeddable":true,"href":"https:\/\/www.meydan.tv\/az\/wp-json\/wp\/v2\/categories?post=175293"},{"taxonomy":"post_tag","embeddable":true,"href":"https:\/\/www.meydan.tv\/az\/wp-json\/wp\/v2\/tags?post=175293"}],"curies":[{"name":"wp","href":"https:\/\/api.w.org\/{rel}","templated":true}]}}