{"id":175291,"date":"2016-04-19T18:03:11","date_gmt":"2016-04-19T18:03:11","guid":{"rendered":"https:\/\/www.meydan.tv\/article\/22-illik-ateskesin-gorunen-izleri\/"},"modified":"2016-04-19T18:03:11","modified_gmt":"2016-04-19T18:03:11","slug":"22-illik-ateskesin-gorunen-izleri","status":"publish","type":"post","link":"https:\/\/www.meydan.tv\/az\/article\/22-illik-ateskesin-gorunen-izleri\/","title":{"rendered":"22 illik at\u0259\u015fk\u0259sin g\u00f6r\u00fcn\u0259n izl\u0259ri"},"content":{"rendered":"<figure class=\"wp-block-image size-large\">\n  <img decoding=\"async\" src=\"https:\/\/www.meydan.tv\/az\/55083\/\" alt=\"\" class=\"wp-image-55083\"\/><figcaption><\/figcaption><\/figure>\n<figure class=\"wp-block-image size-large\">\n  <img decoding=\"async\" src=\"https:\/\/www.meydan.tv\/az\/nesimi-memmedli-banner\/\" alt=\"N\u0259simi M\u0259mm\u0259dli &#8211; banner\" class=\"wp-image-55084\"\/><figcaption><\/figcaption><\/figure>\n<p>\n  <i><br \/>\n    H\u00f6kum\u0259tin \u0259n\u0259n\u0259vi yana\u015fmas\u0131 il\u0259 \u0259razi b\u00fct\u00f6vl\u00fcy\u00fcm\u00fcz\u00fcn b\u0259rpas\u0131 m\u00fcmk\u00fcn olmayacaq<br \/>\n  <\/i>\n<\/p>\n<p>\n  Erm\u0259nistan h\u0259rbi birl\u0259\u015fm\u0259l\u0259rinin i\u015f\u011fal alt\u0131nda saxlad\u0131\u011f\u0131 torpaqlar\u0131m\u0131z\u0131n t\u0259mas x\u0259ttind\u0259 t\u00f6r\u0259dil\u0259n qanl\u0131 t\u0259xribatlar\u0131n n\u0259tic\u0259sind\u0259 yaranm\u0131\u015f irimiqyasl\u0131 h\u0259rbi toqqu\u015fmalar, t\u0259r\u0259fl\u0259rin verdiyi b\u00f6y\u00fck itkil\u0259r, yeni at\u0259\u015fk\u0259s raz\u0131la\u015fmas\u0131 regionda v\u0259 \u00f6lk\u0259d\u0259 f\u0259al m\u00fczakir\u0259l\u0259r\u0259 t\u0259kan verib. Uzun zamand\u0131r xalq\u0131m\u0131z\u0131n laqeydlikl\u0259 izl\u0259diyi v\u0259 m\u00fczakir\u0259l\u0259rind\u0259 \u00f6nc\u0259lik verm\u0259diyi Qaraba\u011f m\u0259s\u0259l\u0259si art\u0131q \u00f6lk\u0259 g\u00fcnd\u0259mini tamamil\u0259 a\u011fu\u015funa al\u0131b. N\u0259inki beyn\u0259lxalq t\u0259\u015fkilatlar\u0131n, ictimai-siyasi qurumlar\u0131n, h\u0259tta h\u0259r ail\u0259nin d\u0259 \u0259sas m\u00fczakir\u0259 m\u00f6vzusu Qaraba\u011f \u0259traf\u0131nda ba\u015f ver\u0259nl\u0259rdir.\n<\/p>\n<p>\n  <b><br \/>\n    Duruma uy\u011fun davran\u0131\u015f<br \/>\n  <\/b>\n<\/p>\n<p>\n  Hakimiyy\u0259tin Qaraba\u011f m\u0259s\u0259l\u0259sinin h\u0259lli istiqam\u0259tind\u0259 indiy\u0259 kimi apard\u0131\u011f\u0131 daxili v\u0259 xarici siyas\u0259ti \u0259n s\u0259thi \u015f\u0259kild\u0259 analiz ets\u0259k, ortaya \u00e7ox neqativ m\u0259nz\u0259r\u0259 \u00e7\u0131xar.\n<\/p>\n<p>\n  Anla\u015f\u0131lan budur ki, h\u00f6kum\u0259tin m\u00fcnaqi\u015f\u0259nin h\u0259llin\u0259 dair konseptual yana\u015fmas\u0131 olmad\u0131\u011f\u0131 \u00fc\u00e7\u00fcn he\u00e7 vaxt \u0259m\u0259li \u015f\u0259kild\u0259 bu problem\u0259 fokuslanmay\u0131b. 22 ildir davam ed\u0259n status-kvonun d\u0259yi\u015fm\u0259sini \u00f6lk\u0259mizin maraqlar\u0131 birm\u0259nal\u0131 \u015f\u0259kild\u0259 t\u0259l\u0259b ets\u0259 d\u0259, h\u00f6kum\u0259t bu istiqam\u0259td\u0259 \u0259m\u0259li add\u0131mlar atma\u011fa q\u0259tiyy\u0259n h\u0259v\u0259s g\u00f6st\u0259rm\u0259yib. Sanki bu m\u0259s\u0259l\u0259y\u0259 \u0259n az aidiyyat\u0131 olan t\u0259r\u0259f Az\u0259rbaycan h\u00f6kum\u0259ti olub. \u0130ndiy\u0259 kimi t\u0259k bir fakt bel\u0259 yoxdur ki, h\u00f6kum\u0259t bu ill\u0259r \u0259rzind\u0259 problemin h\u0259lli istiqam\u0259tind\u0259 hans\u0131sa t\u0259\u015f\u0259bb\u00fcsl\u0259r\u0259 m\u00fc\u0259lliflik etsin. Yaln\u0131z AT\u018fT-in Minsk qrupu h\u0259ms\u0259drl\u0259rinin hans\u0131sa m\u00f6vs\u00fcmi s\u0259f\u0259rl\u0259rind\u0259 s\u0259sl\u0259n\u0259n t\u0259klifl\u0259r\u0259 \u201cyox\u201d dem\u0259kl\u0259 i\u015fini bitmi\u015f say\u0131b. Ara-s\u0131ra s\u0259sl\u0259n\u0259n b\u0259yanatlarda vur\u011fulan\u0131b ki, Az\u0259rbaycan \u00f6z \u0259razi b\u00fct\u00f6vl\u00fcy\u00fcn\u00fc b\u0259rpa etm\u0259k h\u00fcququna sahibdir v\u0259 laz\u0131m g\u0259l\u0259rs\u0259, bu add\u0131m\u0131 atacaq.\n<\/p>\n<p>\n  \u00d6lk\u0259 \u0259halisi d\u0259, beyn\u0259lxalq ictimaiyy\u0259t d\u0259 sanki bu yana\u015fmadan m\u0259mnun qal\u0131b. Qaraba\u011f m\u00fcnaqi\u015f\u0259sinin \u0259sas\u0259n dondurulmu\u015f halda olmas\u0131 beyn\u0259lxalq n\u0259h\u0259ng layih\u0259l\u0259r\u0259 \u0259ng\u0259l t\u00f6r\u0259tm\u0259diyi \u00fc\u00e7\u00fcn beyn\u0259lxalq s\u00fclhyaratma t\u0259\u015f\u0259bb\u00fcsl\u0259rind\u0259 ciddi t\u0259l\u0259bkarl\u0131q m\u00fc\u015fahid\u0259 edilm\u0259yib. \u00d6lk\u0259 daxilind\u0259 d\u0259 x\u00fcsusi ictimai t\u0259zyiq olmad\u0131\u011f\u0131 \u00fc\u00e7\u00fcn h\u00f6kum\u0259t d\u0259 x\u00fcsusi narahatl\u0131q ke\u00e7irm\u0259yib. M\u0259cburi k\u00f6\u00e7k\u00fcnl\u0259rin m\u0259skunla\u015fd\u0131r\u0131lmas\u0131 prosesi onlar\u0131n \u0259ks\u0259riyy\u0259tini qism\u0259n qane etdiyi \u00fc\u00e7\u00fcn h\u00f6kum\u0259t\u0259 qar\u015f\u0131 loyal m\u00fcnasib\u0259t s\u0259rgil\u0259yib v\u0259 torpaqlar\u0131n azad edilm\u0259si \u00fc\u00e7\u00fcn y\u00fcks\u0259k t\u0259l\u0259bl\u0259rd\u0259n yay\u0131n\u0131blar. \u0130ctimai-siyasi qurumlar\u0131n t\u0259\u015fkilat\u00e7\u0131l\u0131\u011f\u0131 olmadan torpaqlar\u0131n azad edilm\u0259sini t\u0259l\u0259b ed\u0259n t\u0259k bir k\u00fctl\u0259vi etiraz aksiyas\u0131n\u0131n ba\u015f verm\u0259m\u0259si dedikl\u0259rimiz\u0259 s\u00fcbutdur.\n<\/p>\n<p>\n  Bu ill\u0259r \u0259rzind\u0259 h\u00f6kum\u0259t \u0259sas t\u0259bli\u011fat\u0131n\u0131 onun \u00fcz\u0259rind\u0259 qurmu\u015fdu ki, at\u0259\u015fk\u0259s n\u0259tic\u0259sind\u0259 itkil\u0259rin qar\u015f\u0131s\u0131n\u0131n al\u0131nmas\u0131na, yeni \u0259razil\u0259rin itirilm\u0259m\u0259sin\u0259, sabitliyin qorunub saxlan\u0131lmas\u0131na nail olub. At\u0259\u015fk\u0259sin yaratd\u0131\u011f\u0131 imkanlardan yararlanaraq ordu quruculu\u011funda v\u0259 sosial-iqtisadi sah\u0259d\u0259 ciddi u\u011furlara imza atmas\u0131 il\u0259 ba\u011fl\u0131 tezisl\u0259rl\u0259 toplumu total t\u0259bli\u011fat alt\u0131nda saxlay\u0131b.\n<\/p>\n<p>\n  H\u0259tta \u201cX\u0259z\u0259r\u201d H\u0259rbi T\u0259dqiqatlar \u0130nstitutunun media \u00fcz\u0259rind\u0259n apard\u0131\u011f\u0131 monitorinql\u0259r\u0259 \u0259sas\u0259n 22 illik at\u0259\u015fk\u0259s d\u00f6vr\u00fcnd\u0259 t\u0259k-t\u0259k \u015f\u0259hid olan h\u0259rbi qulluq\u00e7ular\u0131m\u0131z\u0131n say\u0131 iki min\u0259 yax\u0131n olsa da, bu hal toplumun f\u0259al reaksiyasi il\u0259 n\u0259tic\u0259l\u0259nm\u0259yib. M\u0259s\u0259l\u0259nin t\u0259hl\u00fck\u0259li mahiyy\u0259tini d\u0259rk ed\u0259nl\u0259rin ist\u0259nil\u0259n etirazlar\u0131 v\u0259 h\u0259tta \u201c\u018fsg\u0259r \u00f6l\u00fcml\u0259rin\u0259 son\u201d aksiyas\u0131 da toplumun geni\u015f d\u0259st\u0259yini qazanmay\u0131b. N\u0259 m\u00fcharib\u0259d\u0259n birba\u015fa z\u0259r\u0259r g\u00f6r\u0259nl\u0259rin, n\u0259 geni\u015f xalq k\u00fctl\u0259l\u0259rinin, n\u0259 m\u00fct\u0259\u015f\u0259kkil ictimai-siyasi qurumlar\u0131n, n\u0259 h\u00f6kum\u0259tin, n\u0259 d\u0259 beyn\u0259lxalq s\u00fclhyaratma missiyas\u0131n\u0131n n\u0259z\u0259r\u0259 \u00e7arpacaq add\u0131mlar\u0131 olub. H\u0259r bir t\u0259r\u0259f duruma uy\u011fun davran\u0131\u015f s\u0259rgil\u0259yib. Bu g\u00fcn\u00fcn \u015f\u0259rtl\u0259rind\u0259n boylanaraq geriy\u0259 baxsaq, arxada qalan 22 illik d\u00f6n\u0259m olduqca m\u00fch\u00fcm f\u00fcrs\u0259tl\u0259rin qa\u00e7\u0131r\u0131ld\u0131\u011f\u0131 ill\u0259r kimi tarix\u0259 yaz\u0131lacaq.\n<\/p>\n<p>\n  <b><br \/>\n    Son h\u0259rbi toqqu\u015fman\u0131n ictimai-siyasi h\u0259yata g\u00f6st\u0259r\u0259c\u0259yi t\u0259sirl\u0259r<br \/>\n  <\/b>\n<\/p>\n<p>\n  Son qanl\u0131 toqqu\u015fman\u0131n ac\u0131 n\u0259tic\u0259si zaman ke\u00e7dikc\u0259 daha b\u00f6y\u00fck ictimai m\u00fcqavim\u0259t yaradacaq. Q\u0131sa m\u00fcdd\u0259t sonra s\u00fcni \u015f\u0259klid\u0259 \u015fi\u015firdilmi\u015f q\u0259l\u0259b\u0259 eyforiyas\u0131n\u0131, reall\u0131\u011fa s\u00f6yk\u0259n\u0259n s\u0259rt m\u00fcnasib\u0259t \u0259v\u0259z ed\u0259c\u0259k. Onsuz da g\u0259rgin sosial-iqdisadi b\u00f6hranla ba\u015f-ba\u015fa qalan toplum, m\u00f6vcud olmayan q\u0259l\u0259b\u0259 il\u0259 uzun m\u00fcdd\u0259t ovundurula bilm\u0259z. \u00c7oxsayl\u0131 \u015f\u0259hid v\u0259 yaral\u0131lar\u0131n oldu\u011fu \u0259m\u0259liyyatda he\u00e7 bir rayonun bel\u0259 azad edilm\u0259diyi halda Rusiyan\u0131n t\u0259zyiqi il\u0259 yeni at\u0259\u015fk\u0259s raz\u0131la\u015fmas\u0131 xeyli suallar yaradacaq.\n<\/p>\n<p>\n  B\u00f6y\u00fck d\u00f6vl\u0259tl\u0259rin regional v\u0259 qlobal maraqlar\u0131 kontekstind\u0259 Qaraba\u011f problemin\u0259 yeni m\u0259zmun verilm\u0259si c\u0259hdl\u0259ri a\u00e7\u0131q-ayd\u0131n ba\u015flay\u0131b. X\u00fcsusil\u0259 d\u0259 Rusiyan\u0131n m\u00fcnaqi\u015f\u0259d\u0259n yararlanaraq \u00f6z\u00fcn\u00fc \u0259sas s\u00fclhp\u0259rv\u0259r nizamlay\u0131c\u0131 statusunda t\u0259qdim etm\u0259si qabar\u0131q n\u0259z\u0259r\u0259 \u00e7arp\u0131r. Daim qon\u015fular\u0131 il\u0259 zor dili il\u0259 dan\u0131\u015fma\u011fa ad\u0259t ed\u0259n Rusiya sanki b\u00f6lg\u0259y\u0259 a\u00e7\u0131q m\u00fcdaxil\u0259 etm\u0259k \u00fc\u00e7\u00fcn b\u0259han\u0259 axtar\u0131r. Q\u0259rbin regiona daha geni\u015f n\u00fcfuz etm\u0259sini \u00f6nl\u0259m\u0259k \u00fc\u00e7\u00fcn Az\u0259rbaycan\u0131 tamamil\u0259 \u00f6z m\u00fcst\u0259visin\u0259 \u00e7\u0259km\u0259k planlar\u0131n\u0131 i\u015f\u0259 sal\u0131b.\n<\/p>\n<p>\n  Toplumun da problem\u0259 \u0259n\u0259n\u0259vi yana\u015fmas\u0131nda ciddi d\u0259yi\u015fiklik ba\u015f verir. \u0130ndi h\u0259r k\u0259s anlay\u0131r ki, problemin uzun ill\u0259rdir h\u0259ll edilm\u0259d\u0259n saxlan\u0131lmas\u0131 b\u00f6y\u00fck t\u0259hl\u00fck\u0259 m\u0259nb\u0259yin\u0259 \u00e7evrilib. Bir anda alovlanacaq m\u00fcnaqi\u015f\u0259 h\u0259r bir sad\u0259 insan\u0131n\u0131n oca\u011f\u0131na d\u00fc\u015f\u0259 bil\u0259r v\u0259 ac\u0131 faci\u0259l\u0259r ya\u015fadar. H\u00f6kum\u0259tin \u0259n\u0259n\u0259vi tezisl\u0259ri art\u0131q \u00f6z \u0259h\u0259miyy\u0259tini itirib v\u0259 insanlar\u0131 qane etm\u0259si m\u00fcmk\u00fcns\u00fczd\u00fcr. \u018fn m\u00fcxt\u0259lif m\u00fcst\u0259vil\u0259rd\u0259 apar\u0131lan m\u00fczakir\u0259l\u0259r\u0259 diqq\u0259t ets\u0259k g\u00f6r\u0259rik ki, toplum art\u0131q h\u00f6kum\u0259td\u0259n konkret v\u0259 ayd\u0131n m\u00f6vqe g\u00f6zl\u0259yir. Y\u0259qin ki, m\u00fcxalif\u0259tin d\u0259 g\u00fcnd\u0259mind\u0259, siyasi m\u00fczakir\u0259l\u0259rind\u0259 v\u0259 t\u0259l\u0259bl\u0259rind\u0259 Qaraba\u011f m\u00f6vzusu \u0259sas yerd\u0259 olacaq.\n<\/p>\n<p>\n  D\u00f6y\u00fc\u015f \u015f\u0259raitind\u0259 Silahl\u0131 Q\u00fcvv\u0259l\u0259r\u0259 toplumun b\u00fct\u00fcn k\u0259simind\u0259n a\u00e7\u0131q d\u0259st\u0259k ifad\u0259 olunmas\u0131 d\u00f6vl\u0259t \u0259n\u0259n\u0259sin\u0259 v\u0259 \u00f6lk\u0259daxili h\u0259mr\u0259yliy\u0259 m\u00fcsb\u0259t n\u00fcmun\u0259 yaratsa da, h\u00f6kum\u0259tin \u0259n\u0259n\u0259vi yana\u015fmas\u0131 u\u011furlu m\u00fcnasib\u0259tl\u0259r\u0259 \u0259ng\u0259l t\u00f6r\u0259tm\u0259kd\u0259 davam etdi. H\u0259rbi \u0259m\u0259liyyatlar zaman\u0131 m\u00fcxalif\u0259tin d\u00f6vl\u0259t konyukturas\u0131na uy\u011fun yana\u015fmas\u0131 n\u0259inki sad\u0259 insanlar, h\u0259tta hakimiyy\u0259tin d\u0259 m\u00fc\u0259yy\u0259n dair\u0259l\u0259rind\u0259 r\u0259\u011fb\u0259tl\u0259 qar\u015f\u0131land\u0131\u011f\u0131 bar\u0259d\u0259 m\u0259lumatlar var idi. M\u00fcxalif\u0259tin \u00fcmummilli maraqlara daha m\u0259suliyy\u0259tl\u0259 yana\u015fd\u0131\u011f\u0131 v\u0259 h\u0259rbi \u0259m\u0259liyyatlara d\u0259st\u0259k ifad\u0259 etm\u0259si h\u00f6kum\u0259tin ill\u0259rl\u0259 m\u00fcxalif\u0259t\u0259 qar\u015f\u0131 apard\u0131\u011f\u0131 anti-t\u0259bli\u011fata sars\u0131d\u0131c\u0131 z\u0259rb\u0259 oldu. G\u00f6r\u00fcn\u00fcr m\u00fcxalif\u0259tin bel\u0259 davran\u0131\u015f\u0131na toplumun daxilind\u0259 r\u0259\u011fb\u0259tin artmas\u0131 tendensiyas\u0131 h\u00f6kum\u0259t \u00fc\u00e7\u00fcn g\u00f6zl\u0259nilm\u0259z oldu v\u0259 ciddi narahatl\u0131q yaratd\u0131. \u00d6lk\u0259nin m\u0259nafeyi bax\u0131m\u0131ndan m\u00fcxalif\u0259tin atd\u0131\u011f\u0131 \u0259h\u0259miyy\u0259tli add\u0131mlar\u0131n yeni siyasi m\u00fcnasib\u0259tl\u0259r\u0259 k\u00f6rp\u00fc olmas\u0131na ciddi m\u00fcqavim\u0259t g\u00f6st\u0259rildi. Az\u0259rbaycan h\u00f6kum\u0259ti yaranm\u0131\u015f daxili h\u0259mr\u0259ylikd\u0259n v\u0259 h\u0259rbi \u00fcst\u00fcnl\u00fckd\u0259n milli maraqlar\u0131m\u0131z bax\u0131m\u0131ndan maksimum yararlanmaq, torpaqlar\u0131m\u0131z\u0131n azad edilm\u0259si u\u011frunda \u0259min add\u0131mlar atmaq \u0259v\u0259zin\u0259, m\u00fcxalif\u0259tl\u0259 m\u00fcnasib\u0259tl\u0259ri g\u0259rginl\u0259\u015fdirm\u0259y\u0259 do\u011fru add\u0131mlar atd\u0131.\n<\/p>\n<p>\n  Qlobal beyn\u0259lxalq m\u00fcnasib\u0259tl\u0259ri analiz etdikd\u0259 ayd\u0131n g\u00f6r\u00fcn\u00fcr ki, Qaraba\u011f m\u0259s\u0259l\u0259sinin \u0259dal\u0259tli h\u0259lli istiqam\u0259tind\u0259 yeni \u0259lveri\u015fli geosiyasi v\u0259ziyy\u0259t yaran\u0131b. H\u00f6kum\u0259t bu tarixi f\u00fcrs\u0259ti qa\u00e7\u0131rmamal\u0131 v\u0259 indiy\u0259d\u0259k s\u0259rgil\u0259diyi \u0259n\u0259n\u0259vi yana\u015fmalar\u0131 s\u00fcr\u0259tl\u0259 d\u0259yi\u015fm\u0259lidir. Siyasi \u0259qid\u0259sin\u0259 g\u00f6r\u0259 qondarma ittihamlarla h\u0259bs\u0259 m\u0259hkum edilmi\u015f \u015f\u0259xsl\u0259ri son n\u0259f\u0259rin\u0259 kimi azad etm\u0259k, v\u0259t\u0259nda\u015flar\u0131n t\u0259m\u0259l h\u00fcquqlar\u0131na h\u00f6rm\u0259t qoyulmas\u0131 istiqam\u0259tind\u0259 islahatlara ba\u015flamaq v\u0259 \u00f6lk\u0259nin demokratikl\u0259\u015fm\u0259sin\u0259 ke\u00e7id etm\u0259k zaman\u0131d\u0131r. \u018fn \u0259sas\u0131 is\u0259 h\u00f6kum\u0259t Qaraba\u011f dan\u0131\u015f\u0131qlar\u0131nda \u015f\u0259ffafl\u0131\u011f\u0131 t\u0259min etm\u0259li, toplumun b\u00fct\u00fcn k\u0259siminin a\u00e7\u0131q m\u00fczakir\u0259l\u0259r\u0259 qo\u015fulmas\u0131nda maraql\u0131 olmal\u0131d\u0131r.<\/p>\n","protected":false},"excerpt":{"rendered":"<p>H\u00f6kum\u0259tin \u0259n\u0259n\u0259vi yana\u015fmas\u0131 il\u0259 \u0259razi b\u00fct\u00f6vl\u00fcy\u00fcm\u00fcz\u00fcn b\u0259rpas\u0131 m\u00fcmk\u00fcn olmayacaq<\/p>\n","protected":false},"author":11,"featured_media":55083,"comment_status":"closed","ping_status":"open","sticky":false,"template":"","format":"standard","meta":{"_acf_changed":false,"_sitemap_exclude":false,"_sitemap_priority":"","_sitemap_frequency":"","footnotes":""},"categories":[51],"tags":[],"class_list":["post-175291","post","type-post","status-publish","format-standard","has-post-thumbnail","hentry","category-analitika","infinite-scroll-item","generate-columns","tablet-grid-50","mobile-grid-100","grid-parent","grid-33","no-featured-image-padding"],"acf":[],"yoast_head":"<!-- This site is optimized with the Yoast SEO plugin v27.5 - https:\/\/yoast.com\/product\/yoast-seo-wordpress\/ -->\n<title>22 illik at\u0259\u015fk\u0259sin g\u00f6r\u00fcn\u0259n izl\u0259ri - MEYDAN.TV<\/title>\n<meta name=\"robots\" content=\"index, follow, max-snippet:-1, max-image-preview:large, max-video-preview:-1\" \/>\n<link rel=\"canonical\" href=\"https:\/\/www.meydan.tv\/az\/article\/22-illik-ateskesin-gorunen-izleri\/\" \/>\n<meta property=\"og:locale\" content=\"az_AZ\" \/>\n<meta property=\"og:type\" content=\"article\" \/>\n<meta property=\"og:title\" content=\"22 illik at\u0259\u015fk\u0259sin g\u00f6r\u00fcn\u0259n izl\u0259ri - MEYDAN.TV\" \/>\n<meta property=\"og:description\" content=\"H\u00f6kum\u0259tin \u0259n\u0259n\u0259vi yana\u015fmas\u0131 il\u0259 \u0259razi b\u00fct\u00f6vl\u00fcy\u00fcm\u00fcz\u00fcn b\u0259rpas\u0131 m\u00fcmk\u00fcn olmayacaq\" \/>\n<meta property=\"og:url\" content=\"https:\/\/www.meydan.tv\/az\/article\/22-illik-ateskesin-gorunen-izleri\/\" \/>\n<meta property=\"og:site_name\" content=\"MEYDAN.TV\" \/>\n<meta property=\"article:published_time\" content=\"2016-04-19T18:03:11+00:00\" \/>\n<meta property=\"og:image\" content=\"https:\/\/www.meydan.tv\/wp-content\/uploads\/20803.jpg\" \/>\n\t<meta property=\"og:image:width\" content=\"400\" \/>\n\t<meta property=\"og:image:height\" content=\"243\" \/>\n\t<meta property=\"og:image:type\" content=\"image\/jpeg\" \/>\n<meta name=\"author\" content=\"user-manager\" \/>\n<meta name=\"twitter:card\" content=\"summary_large_image\" \/>\n<script type=\"application\/ld+json\" class=\"yoast-schema-graph\">{\"@context\":\"https:\\\/\\\/schema.org\",\"@graph\":[{\"@type\":\"Article\",\"@id\":\"https:\\\/\\\/www.meydan.tv\\\/az\\\/article\\\/22-illik-ateskesin-gorunen-izleri\\\/#article\",\"isPartOf\":{\"@id\":\"https:\\\/\\\/www.meydan.tv\\\/az\\\/article\\\/22-illik-ateskesin-gorunen-izleri\\\/\"},\"author\":{\"name\":\"user-manager\",\"@id\":\"https:\\\/\\\/www.meydan.tv\\\/az\\\/#\\\/schema\\\/person\\\/10d11eccf6da3662cf5fdab9806ea91a\"},\"headline\":\"22 illik at\u0259\u015fk\u0259sin g\u00f6r\u00fcn\u0259n izl\u0259ri\",\"datePublished\":\"2016-04-19T18:03:11+00:00\",\"mainEntityOfPage\":{\"@id\":\"https:\\\/\\\/www.meydan.tv\\\/az\\\/article\\\/22-illik-ateskesin-gorunen-izleri\\\/\"},\"wordCount\":1649,\"publisher\":{\"@id\":\"https:\\\/\\\/www.meydan.tv\\\/az\\\/#organization\"},\"image\":{\"@id\":\"https:\\\/\\\/www.meydan.tv\\\/az\\\/article\\\/22-illik-ateskesin-gorunen-izleri\\\/#primaryimage\"},\"thumbnailUrl\":\"https:\\\/\\\/www.meydan.tv\\\/wp-content\\\/uploads\\\/20803.jpg\",\"articleSection\":[\"Analitika\"],\"inLanguage\":\"az\"},{\"@type\":\"WebPage\",\"@id\":\"https:\\\/\\\/www.meydan.tv\\\/az\\\/article\\\/22-illik-ateskesin-gorunen-izleri\\\/\",\"url\":\"https:\\\/\\\/www.meydan.tv\\\/az\\\/article\\\/22-illik-ateskesin-gorunen-izleri\\\/\",\"name\":\"22 illik at\u0259\u015fk\u0259sin g\u00f6r\u00fcn\u0259n izl\u0259ri - MEYDAN.TV\",\"isPartOf\":{\"@id\":\"https:\\\/\\\/www.meydan.tv\\\/az\\\/#website\"},\"primaryImageOfPage\":{\"@id\":\"https:\\\/\\\/www.meydan.tv\\\/az\\\/article\\\/22-illik-ateskesin-gorunen-izleri\\\/#primaryimage\"},\"image\":{\"@id\":\"https:\\\/\\\/www.meydan.tv\\\/az\\\/article\\\/22-illik-ateskesin-gorunen-izleri\\\/#primaryimage\"},\"thumbnailUrl\":\"https:\\\/\\\/www.meydan.tv\\\/wp-content\\\/uploads\\\/20803.jpg\",\"datePublished\":\"2016-04-19T18:03:11+00:00\",\"breadcrumb\":{\"@id\":\"https:\\\/\\\/www.meydan.tv\\\/az\\\/article\\\/22-illik-ateskesin-gorunen-izleri\\\/#breadcrumb\"},\"inLanguage\":\"az\",\"potentialAction\":[{\"@type\":\"ReadAction\",\"target\":[\"https:\\\/\\\/www.meydan.tv\\\/az\\\/article\\\/22-illik-ateskesin-gorunen-izleri\\\/\"]}]},{\"@type\":\"ImageObject\",\"inLanguage\":\"az\",\"@id\":\"https:\\\/\\\/www.meydan.tv\\\/az\\\/article\\\/22-illik-ateskesin-gorunen-izleri\\\/#primaryimage\",\"url\":\"https:\\\/\\\/www.meydan.tv\\\/wp-content\\\/uploads\\\/20803.jpg\",\"contentUrl\":\"https:\\\/\\\/www.meydan.tv\\\/wp-content\\\/uploads\\\/20803.jpg\",\"width\":400,\"height\":243,\"caption\":\"Source:\"},{\"@type\":\"BreadcrumbList\",\"@id\":\"https:\\\/\\\/www.meydan.tv\\\/az\\\/article\\\/22-illik-ateskesin-gorunen-izleri\\\/#breadcrumb\",\"itemListElement\":[{\"@type\":\"ListItem\",\"position\":1,\"name\":\"Ana s\u0259hif\u0259\",\"item\":\"https:\\\/\\\/www.meydan.tv\\\/az\\\/\"},{\"@type\":\"ListItem\",\"position\":2,\"name\":\"Analitika\",\"item\":\"https:\\\/\\\/www.meydan.tv\\\/az\\\/section\\\/analitika\\\/\"},{\"@type\":\"ListItem\",\"position\":3,\"name\":\"22 illik at\u0259\u015fk\u0259sin g\u00f6r\u00fcn\u0259n izl\u0259ri\"}]},{\"@type\":\"WebSite\",\"@id\":\"https:\\\/\\\/www.meydan.tv\\\/az\\\/#website\",\"url\":\"https:\\\/\\\/www.meydan.tv\\\/az\\\/\",\"name\":\"MEYDAN.TV\",\"description\":\"Meydan TV Az\u0259rbaycan\u0131n media m\u0259kan\u0131ndak\u0131 alternativ s\u0259sidir\",\"publisher\":{\"@id\":\"https:\\\/\\\/www.meydan.tv\\\/az\\\/#organization\"},\"potentialAction\":[{\"@type\":\"SearchAction\",\"target\":{\"@type\":\"EntryPoint\",\"urlTemplate\":\"https:\\\/\\\/www.meydan.tv\\\/az\\\/?s={search_term_string}\"},\"query-input\":{\"@type\":\"PropertyValueSpecification\",\"valueRequired\":true,\"valueName\":\"search_term_string\"}}],\"inLanguage\":\"az\"},{\"@type\":\"Organization\",\"@id\":\"https:\\\/\\\/www.meydan.tv\\\/az\\\/#organization\",\"name\":\"Meydan TV\",\"url\":\"https:\\\/\\\/www.meydan.tv\\\/az\\\/\",\"logo\":{\"@type\":\"ImageObject\",\"inLanguage\":\"az\",\"@id\":\"https:\\\/\\\/www.meydan.tv\\\/az\\\/#\\\/schema\\\/logo\\\/image\\\/\",\"url\":\"https:\\\/\\\/www.meydan.tv\\\/wp-content\\\/uploads\\\/2021\\\/07\\\/meydan-logo.svg\",\"contentUrl\":\"https:\\\/\\\/www.meydan.tv\\\/wp-content\\\/uploads\\\/2021\\\/07\\\/meydan-logo.svg\",\"width\":195,\"height\":46,\"caption\":\"Meydan TV\"},\"image\":{\"@id\":\"https:\\\/\\\/www.meydan.tv\\\/az\\\/#\\\/schema\\\/logo\\\/image\\\/\"}},{\"@type\":\"Person\",\"@id\":\"https:\\\/\\\/www.meydan.tv\\\/az\\\/#\\\/schema\\\/person\\\/10d11eccf6da3662cf5fdab9806ea91a\",\"name\":\"user-manager\"}]}<\/script>\n<!-- \/ Yoast SEO plugin. -->","yoast_head_json":{"title":"22 illik at\u0259\u015fk\u0259sin g\u00f6r\u00fcn\u0259n izl\u0259ri - MEYDAN.TV","robots":{"index":"index","follow":"follow","max-snippet":"max-snippet:-1","max-image-preview":"max-image-preview:large","max-video-preview":"max-video-preview:-1"},"canonical":"https:\/\/www.meydan.tv\/az\/article\/22-illik-ateskesin-gorunen-izleri\/","og_locale":"az_AZ","og_type":"article","og_title":"22 illik at\u0259\u015fk\u0259sin g\u00f6r\u00fcn\u0259n izl\u0259ri - MEYDAN.TV","og_description":"H\u00f6kum\u0259tin \u0259n\u0259n\u0259vi yana\u015fmas\u0131 il\u0259 \u0259razi b\u00fct\u00f6vl\u00fcy\u00fcm\u00fcz\u00fcn b\u0259rpas\u0131 m\u00fcmk\u00fcn olmayacaq","og_url":"https:\/\/www.meydan.tv\/az\/article\/22-illik-ateskesin-gorunen-izleri\/","og_site_name":"MEYDAN.TV","article_published_time":"2016-04-19T18:03:11+00:00","og_image":[{"width":400,"height":243,"url":"https:\/\/www.meydan.tv\/wp-content\/uploads\/20803.jpg","type":"image\/jpeg"}],"author":"user-manager","twitter_card":"summary_large_image","schema":{"@context":"https:\/\/schema.org","@graph":[{"@type":"Article","@id":"https:\/\/www.meydan.tv\/az\/article\/22-illik-ateskesin-gorunen-izleri\/#article","isPartOf":{"@id":"https:\/\/www.meydan.tv\/az\/article\/22-illik-ateskesin-gorunen-izleri\/"},"author":{"name":"user-manager","@id":"https:\/\/www.meydan.tv\/az\/#\/schema\/person\/10d11eccf6da3662cf5fdab9806ea91a"},"headline":"22 illik at\u0259\u015fk\u0259sin g\u00f6r\u00fcn\u0259n izl\u0259ri","datePublished":"2016-04-19T18:03:11+00:00","mainEntityOfPage":{"@id":"https:\/\/www.meydan.tv\/az\/article\/22-illik-ateskesin-gorunen-izleri\/"},"wordCount":1649,"publisher":{"@id":"https:\/\/www.meydan.tv\/az\/#organization"},"image":{"@id":"https:\/\/www.meydan.tv\/az\/article\/22-illik-ateskesin-gorunen-izleri\/#primaryimage"},"thumbnailUrl":"https:\/\/www.meydan.tv\/wp-content\/uploads\/20803.jpg","articleSection":["Analitika"],"inLanguage":"az"},{"@type":"WebPage","@id":"https:\/\/www.meydan.tv\/az\/article\/22-illik-ateskesin-gorunen-izleri\/","url":"https:\/\/www.meydan.tv\/az\/article\/22-illik-ateskesin-gorunen-izleri\/","name":"22 illik at\u0259\u015fk\u0259sin g\u00f6r\u00fcn\u0259n izl\u0259ri - MEYDAN.TV","isPartOf":{"@id":"https:\/\/www.meydan.tv\/az\/#website"},"primaryImageOfPage":{"@id":"https:\/\/www.meydan.tv\/az\/article\/22-illik-ateskesin-gorunen-izleri\/#primaryimage"},"image":{"@id":"https:\/\/www.meydan.tv\/az\/article\/22-illik-ateskesin-gorunen-izleri\/#primaryimage"},"thumbnailUrl":"https:\/\/www.meydan.tv\/wp-content\/uploads\/20803.jpg","datePublished":"2016-04-19T18:03:11+00:00","breadcrumb":{"@id":"https:\/\/www.meydan.tv\/az\/article\/22-illik-ateskesin-gorunen-izleri\/#breadcrumb"},"inLanguage":"az","potentialAction":[{"@type":"ReadAction","target":["https:\/\/www.meydan.tv\/az\/article\/22-illik-ateskesin-gorunen-izleri\/"]}]},{"@type":"ImageObject","inLanguage":"az","@id":"https:\/\/www.meydan.tv\/az\/article\/22-illik-ateskesin-gorunen-izleri\/#primaryimage","url":"https:\/\/www.meydan.tv\/wp-content\/uploads\/20803.jpg","contentUrl":"https:\/\/www.meydan.tv\/wp-content\/uploads\/20803.jpg","width":400,"height":243,"caption":"Source:"},{"@type":"BreadcrumbList","@id":"https:\/\/www.meydan.tv\/az\/article\/22-illik-ateskesin-gorunen-izleri\/#breadcrumb","itemListElement":[{"@type":"ListItem","position":1,"name":"Ana s\u0259hif\u0259","item":"https:\/\/www.meydan.tv\/az\/"},{"@type":"ListItem","position":2,"name":"Analitika","item":"https:\/\/www.meydan.tv\/az\/section\/analitika\/"},{"@type":"ListItem","position":3,"name":"22 illik at\u0259\u015fk\u0259sin g\u00f6r\u00fcn\u0259n izl\u0259ri"}]},{"@type":"WebSite","@id":"https:\/\/www.meydan.tv\/az\/#website","url":"https:\/\/www.meydan.tv\/az\/","name":"MEYDAN.TV","description":"Meydan TV Az\u0259rbaycan\u0131n media m\u0259kan\u0131ndak\u0131 alternativ s\u0259sidir","publisher":{"@id":"https:\/\/www.meydan.tv\/az\/#organization"},"potentialAction":[{"@type":"SearchAction","target":{"@type":"EntryPoint","urlTemplate":"https:\/\/www.meydan.tv\/az\/?s={search_term_string}"},"query-input":{"@type":"PropertyValueSpecification","valueRequired":true,"valueName":"search_term_string"}}],"inLanguage":"az"},{"@type":"Organization","@id":"https:\/\/www.meydan.tv\/az\/#organization","name":"Meydan TV","url":"https:\/\/www.meydan.tv\/az\/","logo":{"@type":"ImageObject","inLanguage":"az","@id":"https:\/\/www.meydan.tv\/az\/#\/schema\/logo\/image\/","url":"https:\/\/www.meydan.tv\/wp-content\/uploads\/2021\/07\/meydan-logo.svg","contentUrl":"https:\/\/www.meydan.tv\/wp-content\/uploads\/2021\/07\/meydan-logo.svg","width":195,"height":46,"caption":"Meydan TV"},"image":{"@id":"https:\/\/www.meydan.tv\/az\/#\/schema\/logo\/image\/"}},{"@type":"Person","@id":"https:\/\/www.meydan.tv\/az\/#\/schema\/person\/10d11eccf6da3662cf5fdab9806ea91a","name":"user-manager"}]}},"_links":{"self":[{"href":"https:\/\/www.meydan.tv\/az\/wp-json\/wp\/v2\/posts\/175291","targetHints":{"allow":["GET"]}}],"collection":[{"href":"https:\/\/www.meydan.tv\/az\/wp-json\/wp\/v2\/posts"}],"about":[{"href":"https:\/\/www.meydan.tv\/az\/wp-json\/wp\/v2\/types\/post"}],"author":[{"embeddable":true,"href":"https:\/\/www.meydan.tv\/az\/wp-json\/wp\/v2\/users\/11"}],"replies":[{"embeddable":true,"href":"https:\/\/www.meydan.tv\/az\/wp-json\/wp\/v2\/comments?post=175291"}],"version-history":[{"count":0,"href":"https:\/\/www.meydan.tv\/az\/wp-json\/wp\/v2\/posts\/175291\/revisions"}],"wp:featuredmedia":[{"embeddable":true,"href":"https:\/\/www.meydan.tv\/az\/wp-json\/wp\/v2\/media\/55083"}],"wp:attachment":[{"href":"https:\/\/www.meydan.tv\/az\/wp-json\/wp\/v2\/media?parent=175291"}],"wp:term":[{"taxonomy":"category","embeddable":true,"href":"https:\/\/www.meydan.tv\/az\/wp-json\/wp\/v2\/categories?post=175291"},{"taxonomy":"post_tag","embeddable":true,"href":"https:\/\/www.meydan.tv\/az\/wp-json\/wp\/v2\/tags?post=175291"}],"curies":[{"name":"wp","href":"https:\/\/api.w.org\/{rel}","templated":true}]}}