{"id":175277,"date":"2016-04-19T01:41:42","date_gmt":"2016-04-19T01:41:42","guid":{"rendered":"https:\/\/www.meydan.tv\/article\/hussuz-dekan\/"},"modified":"2016-04-19T01:41:42","modified_gmt":"2016-04-19T01:41:42","slug":"hussuz-dekan","status":"publish","type":"post","link":"https:\/\/www.meydan.tv\/az\/article\/hussuz-dekan\/","title":{"rendered":"Hu\u015fsuz dekan"},"content":{"rendered":"<figure class=\"wp-block-image size-large\">\n  <img decoding=\"async\" src=\"https:\/\/www.meydan.tv\/az\/55038\/\" alt=\"\" class=\"wp-image-55038\"\/><figcaption><\/figcaption><\/figure>\n<figure class=\"wp-block-image size-large\">\n  <img decoding=\"async\" src=\"https:\/\/www.meydan.tv\/az\/55041\/\" alt=\"\" class=\"wp-image-55041\"\/><figcaption><\/figcaption><\/figure>\n<p>\n  Bizim hakimiyy\u0259t gec\u0259-g\u00fcnd\u00fcz xalq\u0131n qeydin\u0259 qal\u0131r, v\u0259t\u0259nda\u015flar\u0131m\u0131z\u0131n \u015f\u0259nini y\u00fcks\u0259ldir. Di g\u0259l, xalq bunu ayd\u0131n d\u0259rk etmir, h\u0259tta na\u015f\u00fck\u00fcrl\u00fck edib donquldan\u0131r, m\u0131z qoyur. \u00d6z\u00fcn\u00fcz fikrl\u0259\u015fin, hakimiyy\u0259t n\u0259y\u0259 getmir ki, az\u0259rbaycanl\u0131lar\u0131 d\u00fcnyada tan\u0131td\u0131rs\u0131n!\n<\/p>\n<p>\n  Uza\u011fa getm\u0259y\u0259k, g\u00f6t\u00fcr\u0259k X\u0259dic\u0259 \u0130smay\u0131l\u0131. D\u00fcnyada kim idi onu tan\u0131yan? He\u00e7 kim. Onu yaln\u0131z Az\u0259rbaycanda m\u0259hdud sayda m\u00fcxalif\u0259t\u00e7il\u0259r v\u0259 jurnalistl\u0259r tan\u0131y\u0131rd\u0131. Hakimiyy\u0259tin m\u0259qs\u0259dy\u00f6nl\u00fc daxili v\u0259 xarici siyas\u0259ti say\u0259sind\u0259 indi X\u0259dic\u0259 \u0130smay\u0131l\u0131 b\u00fct\u00fcn d\u00fcnya tan\u0131y\u0131r.\n<\/p>\n<p>\n  Hakimiyy\u0259t \u0259vv\u0259l daxild\u0259n ba\u015flad\u0131. X\u0259dic\u0259 \u0130smay\u0131l\u0131n yataq s\u0259hn\u0259l\u0259rini \u0130nternet\u0259 qoydu. N\u0259z\u0259r\u0259 alsaq ki, bel\u0259 \u015feyl\u0259rin h\u0259v\u0259skarlar\u0131n\u0131n say\u0131 m\u00fcxalif\u0259t\u00e7il\u0259rd\u0259n v\u0259 jurnalistl\u0259rd\u0259n d\u0259f\u0259l\u0259rl\u0259 \u00e7oxdur, bel\u0259 n\u0259tic\u0259y\u0259 g\u0259lm\u0259k olar ki, hakimiyy\u0259t c\u0259mi \u00fc\u00e7c\u0259 d\u0259qiq\u0259lik video il\u0259 X\u0259dic\u0259 \u0130smay\u0131l\u0131n \u015f\u00f6hr\u0259tini c\u0259mi-Az\u0259rbaycana yayd\u0131.\n<\/p>\n<p>\n  Sonra ke\u00e7di h\u00fcquqi m\u00fcst\u0259viy\u0259. Bu m\u00fcst\u0259vid\u0259, ham\u0131ya b\u0259llidir ki, hakimiyy\u0259timizin tay\u0131-b\u0259rab\u0259ri yoxdur. Bir ne\u00e7\u0259 madd\u0259lik i\u015f qura\u015fd\u0131r\u0131b X\u0259dic\u0259 \u0130smay\u0131l\u0131 daxili s\u0259hn\u0259d\u0259n qald\u0131rd\u0131 xarici s\u0259hn\u0259y\u0259. D\u00fcnyada \u015fiv\u0259n qopdu: ay aman, qoymay\u0131n, X\u0259dic\u0259 \u0130smay\u0131l\u0131 h\u0259bs etdil\u0259r! Nab\u0259l\u0259d adamlar ba\u015flad\u0131 soru\u015fma\u011fa ki, o kimdir? Bil\u0259nl\u0259r bilm\u0259y\u0259nl\u0259r\u0259 izah etdil\u0259r ki, bu X\u0259dic\u0259 \u0130smay\u0131l Az\u0259rbaycan prezidentinin ail\u0259 biznesind\u0259n yaz\u0131 yaz\u0131b.\n<\/p>\n<p>\n  Xarici v\u0259t\u0259nda\u015flar d\u00fcbar\u0259 soru\u015fdular ki, bu Az\u0259rbaycan haradad\u0131r? Onun prezidenti kimdir? Bil\u0259nl\u0259r m\u0259cbur oldular izah etsinl\u0259r ki, Az\u0259rbaycan x\u0259rit\u0259d\u0259 Rusiyan\u0131n alt\u0131nda yerl\u0259\u015fir, orada n\u00f6y\u00fct \u00e7\u0131x\u0131r, be\u015f-on q\u0259pik pul var v\u0259 onun \u00fcst\u00fcnd\u0259 k\u00fclli-mill\u0259t bir-birini q\u0131r\u0131r. H\u0259min bu X\u0259dic\u0259 \u0130smay\u0131l yaz\u0131b ki, prezident n\u00f6y\u00fct pulunun \u00e7ox hiss\u0259sini \u00f6z\u00fcn\u0259 v\u0259 ail\u0259sin\u0259, az hiss\u0259sini xalqa verir.\n<\/p>\n<p>\n  Bel\u0259likl\u0259 d\u0259 d\u00fcn\u0259n\u0259 q\u0259d\u0259r X\u0259dic\u0259 \u0130smay\u0131l v\u0259 n\u00f6y\u00fct pullar\u0131n\u0131n b\u00f6lg\u00fcs\u00fcn\u00fc bilm\u0259y\u0259nl\u0259r h\u0259r \u015feyd\u0259n hali oldular. \u0130\u015f o yer\u0259 \u00e7atd\u0131 ki, m\u0259\u015fhur amerikan kino ulduzu Corc Kluninin v\u0259kil xan\u0131m\u0131 elan etdi ki, X\u0259dic\u0259 \u0130smay\u0131l\u0131 m\u0259hk\u0259m\u0259d\u0259 m\u00fcdafi\u0259 ed\u0259c\u0259k. D\u00fcnyan\u0131n on \u0259n n\u00fcfuzlu beyn\u0259lxalq t\u0259\u015fkilatlar\u0131 X\u0259dic\u0259 \u0130smay\u0131la \u0259n m\u00f6t\u0259b\u0259r m\u00fckafatlar\u0131n\u0131 verib yol\u00fcst\u00fc onun maliyy\u0259 m\u00fc\u015fk\u00fcll\u0259rini d\u0259 h\u0259ll etdil\u0259r.\n<\/p>\n<p>\n  He\u00e7 istisna deyil ki, azadl\u0131\u011fa \u00e7\u0131xandan sonra X\u0259dic\u0259 \u0130smay\u0131l\u0131 Corc Kluni il\u0259 birg\u0259 hans\u0131sa Hollivud filmind\u0259 \u00e7\u0259kilm\u0259y\u0259 d\u0259 d\u0259v\u0259t etsinl\u0259r. X\u0259dic\u0259 \u0130smay\u0131l kimi d\u00fcnya \u015f\u00f6hr\u0259tli adam\u0131n \u00e7\u0259kildiyi filmin y\u00fcz milyonlarla dollar qazanc g\u0259tir\u0259c\u0259yin\u0259 he\u00e7 k\u0259s \u015f\u00fcbh\u0259 etmir.\n<\/p>\n<p>\n  \u0130ndi g\u00f6r\u00fcrs\u00fcn\u00fczm\u00fc ki, Az\u0259rbaycan hakimiyy\u0259ti az\u0259rbaycanl\u0131lar\u0131 d\u00fcnyada tan\u0131td\u0131rmaq \u00fc\u00e7\u00fcn n\u0259l\u0259r edir!\n<\/p>\n<p>\n  Yaxud g\u00f6t\u00fcr\u0259k bu \u0130ntiqam \u018fliyevi. Adi h\u00fcquq\u015f\u00fcnas. Yaln\u0131z Az\u0259rbaycanda, dar bir dair\u0259d\u0259 tan\u0131n\u0131rd\u0131. Hakimiyy\u0259t q\u0259rara ald\u0131 ki, daha bir Az\u0259rbaycan v\u0259t\u0259nda\u015f\u0131n\u0131 m\u0259\u015fhuri-cahan etsin. H\u0259min andaca s\u0131naqdan ke\u00e7mi\u015f f\u0259ndl\u0259r i\u015f\u0259 sal\u0131nd\u0131, \u0130ntiqam \u018fliyevi \u015f\u0259rl\u0259dil\u0259r v\u0259 zindana at\u0131b onun \u00fcz\u0259rind\u0259 \u0259bl\u0259han\u0259 bir m\u0259hk\u0259m\u0259 tama\u015fas\u0131 qurdular, bir d\u0259n\u0259 axmaq q\u0259rar \u00e7\u0131xar\u0131b onu d\u00fcnya h\u00fcquq\u015f\u00fcnaslar\u0131n\u0131n g\u00f6z\u00fcnd\u0259 vicdan m\u0259hbusu v\u0259 q\u0259hr\u0259man bir m\u00fcbariz\u0259 \u00e7evirdil\u0259r.\n<\/p>\n<p>\n  N\u0259tic\u0259d\u0259 n\u0259 oldu? D\u00fcnyan\u0131n \u0259n m\u00f6t\u0259b\u0259r beyn\u0259lxalq t\u0259\u015fkilatlar\u0131 \u0130ntiqam \u018fliyevi \u0259n \u0259yilm\u0259z v\u0259 s\u0131nmaz \u0259qid\u0259 sahibi elan etdil\u0259r, onun ba\u015f\u0131na \u0259n y\u00fcks\u0259k m\u00fckafatlar\u0131 ya\u011fd\u0131rd\u0131lar v\u0259 Az\u0259rbaycan hakimiyy\u0259tin\u0259 olmaz\u0131n t\u0259n\u0259 v\u0259 t\u0259hqirl\u0259ri \u00e7ox g\u00f6rm\u0259dil\u0259r. Bax bel\u0259c\u0259, Az\u0259rbaycan hakimiyy\u0259ti d\u00f6vl\u0259tin ba\u015f\u0131n\u0131 yer\u0259 soxmaq hesab\u0131na \u0130ntiqam \u018fliyevi b\u00f6y\u00fck \u015f\u00f6hr\u0259t sahibi etdi.<br \/>\n  <br \/>\n  Niy\u0259 uza\u011fa gedirik, lap el\u0259 bu Yunuslar\u0131 g\u00f6t\u00fcr\u0259k. Az\u0259rbaycan hakimiyy\u0259tinin atal\u0131q qay\u011f\u0131s\u0131 n\u0259tic\u0259sind\u0259 Leyla Yunus g\u0259l\u0259n ilin Nobel s\u00fclh m\u00fckafat\u0131na \u0259n ciddi namiz\u0259ddir. \u015e\u0259rti m\u0259hbusluq onun q\u0259l\u0259b\u0259 \u015fanslar\u0131n\u0131 art\u0131r\u0131r.\n<\/p>\n<p>\n  Nobeld\u0259n s\u00f6z d\u00fc\u015fm\u00fc\u015f, bu m\u00fckafat\u0131n \u0259d\u0259biyyat sah\u0259sind\u0259 qalibi ad\u0131na \u0259n ciddi namiz\u0259dl\u0259rd\u0259n biri bizim \u018fkr\u0259m \u018fylislidir. Bu yax\u0131nlara q\u0259d\u0259r onu yaln\u0131z Az\u0259rbaycanda v\u0259 Moskvan\u0131n \u0259d\u0259bi yurnallar\u0131n\u0131n h\u0259nd\u0259v\u0259rind\u0259 f\u0131rlanan adamlar tan\u0131y\u0131rd\u0131. Bu, hakimiyy\u0259timizin r\u0259yin\u0259 g\u00f6r\u0259, haqs\u0131zl\u0131q idi. \u018fkr\u0259m \u018fylisli kimi b\u00f6y\u00fck yaz\u0131\u00e7\u0131 m\u00fctl\u0259q g\u0259r\u0259k geni\u015f tan\u0131nayd\u0131. Nec\u0259? Yen\u0259 s\u0131naqdan ke\u00e7mi\u015f texnologiyalar i\u015f\u0259 sal\u0131nd\u0131, onu istibdada qar\u015f\u0131 c\u0259sar\u0259tl\u0259 m\u00fcbariz\u0259 aparan qorxmaz bir v\u00fccud kimi tan\u0131td\u0131rma\u011fa ba\u015flad\u0131lar.\n<\/p>\n<p>\n  \u018fvv\u0259lc\u0259 onu \u015eura h\u00f6kum\u0259ti t\u0259r\u0259find\u0259n verilmi\u015f f\u0259xri adlardam m\u0259hrum etdil\u0259r. G\u00f6rd\u00fcl\u0259r ki, bu t\u0259dbir Q\u0259rbin vecin\u0259 deyil. Onda q\u0259rara ald\u0131lar ki, onun m\u0259nzilin\u0259 v\u0259t\u0259n\u015fiv\u0259n g\u0259ncl\u0259rin h\u00fccumunu t\u0259\u015fkil etsinl\u0259r. Etdil\u0259r, g\u00f6rd\u00fcl\u0259r ki, bu da Q\u0259rbi yerind\u0259n t\u0259rp\u0259tm\u0259di. Onda \u018fkr\u0259m \u018fylislini hava liman\u0131nda saxlad\u0131lar, \u0130taliyaya s\u0259f\u0259rin\u0259 mane oldular v\u0259 ona qar\u015f\u0131 cinay\u0259t i\u015fi a\u00e7d\u0131lar.\n<\/p>\n<p>\n  Dey\u0259s\u0259n, son f\u0259nd kara g\u0259ldi, d\u00fcnyan\u0131n bir \u00e7ox intellektual m\u0259rk\u0259zi etiraz s\u0259sini qald\u0131rd\u0131. Bel\u0259likl\u0259 d\u0259 \u018fkr\u0259m \u018fylislinin Nobel \u00fcf\u00fcql\u0259ri yava\u015f-yava\u015f q\u0131zarma\u011fa ba\u015flad\u0131.\n<\/p>\n<p>\n  \u0130ndi d\u0259 hakimiyy\u0259timiz \u0130lqar M\u0259mm\u0259dovun \u015f\u0259nini y\u00fcks\u0259tm\u0259kl\u0259 m\u0259\u015f\u011fuldur. \u0130lqar M\u0259mm\u0259dovun m\u0259s\u0259l\u0259sind\u0259 mexanizm \u00e7ox sad\u0259dir. \u0130lqar M\u0259mm\u0259dovun \u015f\u0259ni ucald\u0131qca, Az\u0259rbaycan d\u00f6vl\u0259tinin h\u00f6rm\u0259ti bir o q\u0259d\u0259r ayaqlar alt\u0131na sal\u0131n\u0131r. Az\u0259rbaycan hakimiyy\u0259ti bunu g\u00f6z\u0259l anlay\u0131r v\u0259 \u0130lqar M\u0259mm\u0259dovu d\u00fcnya miqyas\u0131na \u00e7\u0131xarmaq \u00fc\u00e7\u00fcn Az\u0259rbaycan\u0131n h\u00f6rm\u0259tind\u0259n g\u00fcc\u00fc \u00e7at\u0131nca x\u0259rcl\u0259yir.\n<\/p>\n<p>\n  ************************************\n<\/p>\n<p>\n  1950-ci ill\u0259rin sonu \u2013 1960-c\u0131 ill\u0259rin \u0259vv\u0259li bizim ail\u0259 m\u0259rhum \u015e\u0131x\u0259li Qurbanovun ail\u0259si il\u0259 yax\u0131n dost idi. \u015e\u0131x\u0259li m\u00fc\u0259llim h\u0259r h\u0259ft\u0259 ail\u0259si il\u0259 bizim qonaq idi. Onun h\u0259r g\u0259li\u015fi bizim \u00fc\u00e7\u00fcn toy-bayram olurdu, zira \u015e\u0131x\u0259li Qurbanov istedadl\u0131 alim v\u0259 yaz\u0131\u00e7\u0131 olmaqla yana\u015f\u0131, h\u0259m d\u0259 h\u0259yat\u0131n m\u0259z\u0259li c\u0259h\u0259tl\u0259rini g\u00f6r\u0259n, duyan v\u0259 dan\u0131\u015fma\u011f\u0131 bacaran adam idi. O, ilk d\u0259f\u0259 qatarda unitaz il\u0259 rastla\u015fan kolxoz\u00e7u qad\u0131n\u0131n iztirabl\u0131 s\u0259rg\u00fcz\u0259\u015ftl\u0259rini t\u0259svir ed\u0259nd\u0259 biz g\u00fcl\u00fc\u015fd\u0259n q\u0259\u015f\u015f edib d\u00f6\u015f\u0259m\u0259y\u0259 y\u0131x\u0131lard\u0131q v\u0259 arams\u0131z g\u00f6z ya\u015f\u0131 ax\u0131dard\u0131q.\n<\/p>\n<p>\n  Onun g\u00fclm\u0259li hekay\u0259tl\u0259rind\u0259n biri d\u0259 hu\u015fsuz dekan haqq\u0131nda idi. Bizim hakimiyy\u0259tin yuxar\u0131da \u0259rz etdiyim q\u0259ziyy\u0259l\u0259rd\u0259ki m\u00f6vqeyini t\u0259hlil etdikc\u0259 m\u0259nim yad\u0131ma r\u0259hm\u0259tlik \u015e\u0131x\u0259li Qurbanovun h\u0259min hekay\u0259ti d\u00fc\u015f\u00fcr:\n<\/p>\n<p>\n  \u201cUniversitetin filologiya fakult\u0259sinin dekan\u0131 he\u00e7 c\u00fcr t\u0259l\u0259b\u0259l\u0259rin sif\u0259tini yad\u0131nda saxlaya bilmirmi\u015f. Az\u0131 y\u00fcz d\u0259f\u0259 g\u00f6rd\u00fcy\u00fc t\u0259l\u0259b\u0259d\u0259n bel\u0259 \u201cs\u0259n kims\u0259n?\u201d soru\u015farm\u0131\u015f. T\u0259l\u0259b\u0259l\u0259r d\u0259 bilirmi\u015f ki, onlar\u0131n dekan\u0131 sif\u0259t sar\u0131dan hu\u015fsuzdur.<br \/>\n  <br \/>\n  Bir d\u0259f\u0259 dekan kabinetind\u0259n \u00e7\u0131x\u0131r v\u0259 g\u00f6r\u00fcr ki, t\u0259n\u0259ff\u00fcs vaxt\u0131 d\u0259hlizd\u0259 y\u0131\u011f\u0131\u015f\u0131b s\u00f6hb\u0259t ed\u0259n t\u0259l\u0259b\u0259l\u0259rd\u0259n biri siqaret \u00e7\u0259kir. Dekan hirsl\u0259nir v\u0259 ba\u015flay\u0131r t\u0259l\u0259b\u0259y\u0259 ac\u0131qlanma\u011fa. T\u0259l\u0259b\u0259 dinm\u0259d\u0259n bu t\u0259nbehi q\u0259bul edir v\u0259 dinl\u0259yir, d\u0259rs\u0259 z\u0259ng \u00e7al\u0131nanada birc\u0259 onu deyir ki: \u201cQara yer\u0259 soxum s\u0259ni!\u201d\n<\/p>\n<p>\n  Deyir v\u0259 t\u0259l\u0259b\u0259l\u0259rin aras\u0131nda itir. Dekan g\u00f6zl\u0259m\u0259diyi bu t\u0259hqird\u0259n sars\u0131l\u0131r, lakin n\u0259 ed\u0259 bil\u0259r ki? D\u0259rs ba\u015flan\u0131b, t\u0259l\u0259b\u0259l\u0259r sinifl\u0259rd\u0259, d\u0259hliz bo\u015fdur.\n<\/p>\n<p>\n  Hu\u015fsuz dekan ba\u015flay\u0131r sinif otaqlar\u0131na girm\u0259y\u0259. B\u0259li, sinf\u0259 dekan daxil olur, b\u00fct\u00fcn t\u0259l\u0259b\u0259l\u0259r aya\u011fa qalx\u0131r, dekan diqq\u0259tl\u0259 onlara bax\u0131r, lakin bayaq onu t\u0259hqir etmi\u015f t\u0259l\u0259b\u0259ni he\u00e7 c\u00fcr yad\u0131na sala bilmir. Onda da hirsl\u0259 soru\u015fur ki, \u201cBayaq d\u0259hlizd\u0259 m\u0259n\u0259 qara yer\u0259 soxum dey\u0259n kim idi?\u201d\n<\/p>\n<p>\n  T\u0259bii ki, he\u00e7 kim boynuna alm\u0131r. Dekan b\u00fct\u00fcn sinifl\u0259r\u0259 girib eyni sual\u0131 verir, f\u0259q\u0259t axtard\u0131\u011f\u0131 t\u0259l\u0259b\u0259ni tapamm\u0131r. \u018fv\u0259zind\u0259 b\u00fct\u00fcn fakult\u0259 bilir ki, hans\u0131sa t\u0259l\u0259b\u0259 dekana \u201cqara yer\u0259 soxum s\u0259ni\u201d deyib. \u201c\n<\/p>\n<p>\n  \u0130ndi d\u0259 bizim hakimiyy\u0259t n\u0259inki b\u0259d \u0259m\u0259ll\u0259r g\u00f6r\u00fcr, h\u0259m d\u0259 bu b\u0259d \u0259m\u0259ll\u0259rini d\u00fcnyaya \u00e7atd\u0131qmaq \u00fc\u00e7\u00fcn min bir \u0259ziyy\u0259t\u0259 qatla\u015f\u0131r, d\u00fcnyan\u0131n b\u00fct\u00fcn beyn\u0259lxalq t\u0259\u015fkilatlar\u0131n\u0131n qap\u0131s\u0131n\u0131 d\u00f6y\u00fcb ba\u015f\u0131n\u0131 i\u00e7\u0259ri soxur v\u0259 soru\u015fur: \u201cBayaq m\u0259n\u0259 kim dedi \u201cqara yer\u0259 soxum s\u0259ni?\u201d\n<\/p>\n<p>\n  <b><br \/>\n    Yaz\u0131 m\u00fc\u0259llifin \u015f\u0259xsi m\u00f6vqeyini \u0259ks etdirir. M\u00fc\u0259llifin m\u00f6vqeyi Meydan.Tv-nin m\u00f6vqeyi il\u0259 \u00fcst-\u00fcst\u0259 d\u00fc\u015fm\u0259y\u0259 bil\u0259r.<br \/>\n  <\/b><\/p>\n","protected":false},"excerpt":{"rendered":"<p>Hakimiyy\u0259tin m\u00fcst\u0259sna xidm\u0259tl\u0259ri<\/p>\n","protected":false},"author":11,"featured_media":55038,"comment_status":"closed","ping_status":"open","sticky":false,"template":"","format":"standard","meta":{"_acf_changed":false,"_sitemap_exclude":false,"_sitemap_priority":"","_sitemap_frequency":"","footnotes":""},"categories":[57],"tags":[],"class_list":["post-175277","post","type-post","status-publish","format-standard","has-post-thumbnail","hentry","category-menim-fikrimce","infinite-scroll-item","generate-columns","tablet-grid-50","mobile-grid-100","grid-parent","grid-33","no-featured-image-padding"],"acf":[],"yoast_head":"<!-- This site is optimized with the Yoast SEO plugin v27.5 - https:\/\/yoast.com\/product\/yoast-seo-wordpress\/ -->\n<title>Hu\u015fsuz dekan - MEYDAN.TV<\/title>\n<meta name=\"robots\" content=\"index, follow, max-snippet:-1, max-image-preview:large, max-video-preview:-1\" \/>\n<link rel=\"canonical\" href=\"https:\/\/www.meydan.tv\/az\/article\/hussuz-dekan\/\" \/>\n<meta property=\"og:locale\" content=\"az_AZ\" \/>\n<meta property=\"og:type\" content=\"article\" \/>\n<meta property=\"og:title\" content=\"Hu\u015fsuz dekan - MEYDAN.TV\" \/>\n<meta property=\"og:description\" content=\"Hakimiyy\u0259tin m\u00fcst\u0259sna xidm\u0259tl\u0259ri\" \/>\n<meta property=\"og:url\" content=\"https:\/\/www.meydan.tv\/az\/article\/hussuz-dekan\/\" \/>\n<meta property=\"og:site_name\" content=\"MEYDAN.TV\" \/>\n<meta property=\"article:published_time\" content=\"2016-04-19T01:41:42+00:00\" \/>\n<meta property=\"og:image\" content=\"https:\/\/www.meydan.tv\/wp-content\/uploads\/20789.jpg\" \/>\n\t<meta property=\"og:image:width\" content=\"500\" \/>\n\t<meta property=\"og:image:height\" content=\"500\" \/>\n\t<meta property=\"og:image:type\" content=\"image\/jpeg\" \/>\n<meta name=\"author\" content=\"user-manager\" \/>\n<meta name=\"twitter:card\" content=\"summary_large_image\" \/>\n<script type=\"application\/ld+json\" class=\"yoast-schema-graph\">{\"@context\":\"https:\\\/\\\/schema.org\",\"@graph\":[{\"@type\":\"Article\",\"@id\":\"https:\\\/\\\/www.meydan.tv\\\/az\\\/article\\\/hussuz-dekan\\\/#article\",\"isPartOf\":{\"@id\":\"https:\\\/\\\/www.meydan.tv\\\/az\\\/article\\\/hussuz-dekan\\\/\"},\"author\":{\"name\":\"user-manager\",\"@id\":\"https:\\\/\\\/www.meydan.tv\\\/az\\\/#\\\/schema\\\/person\\\/10d11eccf6da3662cf5fdab9806ea91a\"},\"headline\":\"Hu\u015fsuz dekan\",\"datePublished\":\"2016-04-19T01:41:42+00:00\",\"mainEntityOfPage\":{\"@id\":\"https:\\\/\\\/www.meydan.tv\\\/az\\\/article\\\/hussuz-dekan\\\/\"},\"wordCount\":1738,\"publisher\":{\"@id\":\"https:\\\/\\\/www.meydan.tv\\\/az\\\/#organization\"},\"image\":{\"@id\":\"https:\\\/\\\/www.meydan.tv\\\/az\\\/article\\\/hussuz-dekan\\\/#primaryimage\"},\"thumbnailUrl\":\"https:\\\/\\\/www.meydan.tv\\\/wp-content\\\/uploads\\\/20789.jpg\",\"articleSection\":[\"M\u0259nim Fikrimc\u0259\"],\"inLanguage\":\"az\"},{\"@type\":\"WebPage\",\"@id\":\"https:\\\/\\\/www.meydan.tv\\\/az\\\/article\\\/hussuz-dekan\\\/\",\"url\":\"https:\\\/\\\/www.meydan.tv\\\/az\\\/article\\\/hussuz-dekan\\\/\",\"name\":\"Hu\u015fsuz dekan - MEYDAN.TV\",\"isPartOf\":{\"@id\":\"https:\\\/\\\/www.meydan.tv\\\/az\\\/#website\"},\"primaryImageOfPage\":{\"@id\":\"https:\\\/\\\/www.meydan.tv\\\/az\\\/article\\\/hussuz-dekan\\\/#primaryimage\"},\"image\":{\"@id\":\"https:\\\/\\\/www.meydan.tv\\\/az\\\/article\\\/hussuz-dekan\\\/#primaryimage\"},\"thumbnailUrl\":\"https:\\\/\\\/www.meydan.tv\\\/wp-content\\\/uploads\\\/20789.jpg\",\"datePublished\":\"2016-04-19T01:41:42+00:00\",\"breadcrumb\":{\"@id\":\"https:\\\/\\\/www.meydan.tv\\\/az\\\/article\\\/hussuz-dekan\\\/#breadcrumb\"},\"inLanguage\":\"az\",\"potentialAction\":[{\"@type\":\"ReadAction\",\"target\":[\"https:\\\/\\\/www.meydan.tv\\\/az\\\/article\\\/hussuz-dekan\\\/\"]}]},{\"@type\":\"ImageObject\",\"inLanguage\":\"az\",\"@id\":\"https:\\\/\\\/www.meydan.tv\\\/az\\\/article\\\/hussuz-dekan\\\/#primaryimage\",\"url\":\"https:\\\/\\\/www.meydan.tv\\\/wp-content\\\/uploads\\\/20789.jpg\",\"contentUrl\":\"https:\\\/\\\/www.meydan.tv\\\/wp-content\\\/uploads\\\/20789.jpg\",\"width\":500,\"height\":500,\"caption\":\"Source:\"},{\"@type\":\"BreadcrumbList\",\"@id\":\"https:\\\/\\\/www.meydan.tv\\\/az\\\/article\\\/hussuz-dekan\\\/#breadcrumb\",\"itemListElement\":[{\"@type\":\"ListItem\",\"position\":1,\"name\":\"Ana s\u0259hif\u0259\",\"item\":\"https:\\\/\\\/www.meydan.tv\\\/az\\\/\"},{\"@type\":\"ListItem\",\"position\":2,\"name\":\"M\u0259nim Fikrimc\u0259\",\"item\":\"https:\\\/\\\/www.meydan.tv\\\/az\\\/section\\\/menim-fikrimce\\\/\"},{\"@type\":\"ListItem\",\"position\":3,\"name\":\"Hu\u015fsuz dekan\"}]},{\"@type\":\"WebSite\",\"@id\":\"https:\\\/\\\/www.meydan.tv\\\/az\\\/#website\",\"url\":\"https:\\\/\\\/www.meydan.tv\\\/az\\\/\",\"name\":\"MEYDAN.TV\",\"description\":\"Meydan TV Az\u0259rbaycan\u0131n media m\u0259kan\u0131ndak\u0131 alternativ s\u0259sidir\",\"publisher\":{\"@id\":\"https:\\\/\\\/www.meydan.tv\\\/az\\\/#organization\"},\"potentialAction\":[{\"@type\":\"SearchAction\",\"target\":{\"@type\":\"EntryPoint\",\"urlTemplate\":\"https:\\\/\\\/www.meydan.tv\\\/az\\\/?s={search_term_string}\"},\"query-input\":{\"@type\":\"PropertyValueSpecification\",\"valueRequired\":true,\"valueName\":\"search_term_string\"}}],\"inLanguage\":\"az\"},{\"@type\":\"Organization\",\"@id\":\"https:\\\/\\\/www.meydan.tv\\\/az\\\/#organization\",\"name\":\"Meydan TV\",\"url\":\"https:\\\/\\\/www.meydan.tv\\\/az\\\/\",\"logo\":{\"@type\":\"ImageObject\",\"inLanguage\":\"az\",\"@id\":\"https:\\\/\\\/www.meydan.tv\\\/az\\\/#\\\/schema\\\/logo\\\/image\\\/\",\"url\":\"https:\\\/\\\/www.meydan.tv\\\/wp-content\\\/uploads\\\/2021\\\/07\\\/meydan-logo.svg\",\"contentUrl\":\"https:\\\/\\\/www.meydan.tv\\\/wp-content\\\/uploads\\\/2021\\\/07\\\/meydan-logo.svg\",\"width\":195,\"height\":46,\"caption\":\"Meydan TV\"},\"image\":{\"@id\":\"https:\\\/\\\/www.meydan.tv\\\/az\\\/#\\\/schema\\\/logo\\\/image\\\/\"}},{\"@type\":\"Person\",\"@id\":\"https:\\\/\\\/www.meydan.tv\\\/az\\\/#\\\/schema\\\/person\\\/10d11eccf6da3662cf5fdab9806ea91a\",\"name\":\"user-manager\"}]}<\/script>\n<!-- \/ Yoast SEO plugin. -->","yoast_head_json":{"title":"Hu\u015fsuz dekan - MEYDAN.TV","robots":{"index":"index","follow":"follow","max-snippet":"max-snippet:-1","max-image-preview":"max-image-preview:large","max-video-preview":"max-video-preview:-1"},"canonical":"https:\/\/www.meydan.tv\/az\/article\/hussuz-dekan\/","og_locale":"az_AZ","og_type":"article","og_title":"Hu\u015fsuz dekan - MEYDAN.TV","og_description":"Hakimiyy\u0259tin m\u00fcst\u0259sna xidm\u0259tl\u0259ri","og_url":"https:\/\/www.meydan.tv\/az\/article\/hussuz-dekan\/","og_site_name":"MEYDAN.TV","article_published_time":"2016-04-19T01:41:42+00:00","og_image":[{"width":500,"height":500,"url":"https:\/\/www.meydan.tv\/wp-content\/uploads\/20789.jpg","type":"image\/jpeg"}],"author":"user-manager","twitter_card":"summary_large_image","schema":{"@context":"https:\/\/schema.org","@graph":[{"@type":"Article","@id":"https:\/\/www.meydan.tv\/az\/article\/hussuz-dekan\/#article","isPartOf":{"@id":"https:\/\/www.meydan.tv\/az\/article\/hussuz-dekan\/"},"author":{"name":"user-manager","@id":"https:\/\/www.meydan.tv\/az\/#\/schema\/person\/10d11eccf6da3662cf5fdab9806ea91a"},"headline":"Hu\u015fsuz dekan","datePublished":"2016-04-19T01:41:42+00:00","mainEntityOfPage":{"@id":"https:\/\/www.meydan.tv\/az\/article\/hussuz-dekan\/"},"wordCount":1738,"publisher":{"@id":"https:\/\/www.meydan.tv\/az\/#organization"},"image":{"@id":"https:\/\/www.meydan.tv\/az\/article\/hussuz-dekan\/#primaryimage"},"thumbnailUrl":"https:\/\/www.meydan.tv\/wp-content\/uploads\/20789.jpg","articleSection":["M\u0259nim Fikrimc\u0259"],"inLanguage":"az"},{"@type":"WebPage","@id":"https:\/\/www.meydan.tv\/az\/article\/hussuz-dekan\/","url":"https:\/\/www.meydan.tv\/az\/article\/hussuz-dekan\/","name":"Hu\u015fsuz dekan - MEYDAN.TV","isPartOf":{"@id":"https:\/\/www.meydan.tv\/az\/#website"},"primaryImageOfPage":{"@id":"https:\/\/www.meydan.tv\/az\/article\/hussuz-dekan\/#primaryimage"},"image":{"@id":"https:\/\/www.meydan.tv\/az\/article\/hussuz-dekan\/#primaryimage"},"thumbnailUrl":"https:\/\/www.meydan.tv\/wp-content\/uploads\/20789.jpg","datePublished":"2016-04-19T01:41:42+00:00","breadcrumb":{"@id":"https:\/\/www.meydan.tv\/az\/article\/hussuz-dekan\/#breadcrumb"},"inLanguage":"az","potentialAction":[{"@type":"ReadAction","target":["https:\/\/www.meydan.tv\/az\/article\/hussuz-dekan\/"]}]},{"@type":"ImageObject","inLanguage":"az","@id":"https:\/\/www.meydan.tv\/az\/article\/hussuz-dekan\/#primaryimage","url":"https:\/\/www.meydan.tv\/wp-content\/uploads\/20789.jpg","contentUrl":"https:\/\/www.meydan.tv\/wp-content\/uploads\/20789.jpg","width":500,"height":500,"caption":"Source:"},{"@type":"BreadcrumbList","@id":"https:\/\/www.meydan.tv\/az\/article\/hussuz-dekan\/#breadcrumb","itemListElement":[{"@type":"ListItem","position":1,"name":"Ana s\u0259hif\u0259","item":"https:\/\/www.meydan.tv\/az\/"},{"@type":"ListItem","position":2,"name":"M\u0259nim Fikrimc\u0259","item":"https:\/\/www.meydan.tv\/az\/section\/menim-fikrimce\/"},{"@type":"ListItem","position":3,"name":"Hu\u015fsuz dekan"}]},{"@type":"WebSite","@id":"https:\/\/www.meydan.tv\/az\/#website","url":"https:\/\/www.meydan.tv\/az\/","name":"MEYDAN.TV","description":"Meydan TV Az\u0259rbaycan\u0131n media m\u0259kan\u0131ndak\u0131 alternativ s\u0259sidir","publisher":{"@id":"https:\/\/www.meydan.tv\/az\/#organization"},"potentialAction":[{"@type":"SearchAction","target":{"@type":"EntryPoint","urlTemplate":"https:\/\/www.meydan.tv\/az\/?s={search_term_string}"},"query-input":{"@type":"PropertyValueSpecification","valueRequired":true,"valueName":"search_term_string"}}],"inLanguage":"az"},{"@type":"Organization","@id":"https:\/\/www.meydan.tv\/az\/#organization","name":"Meydan TV","url":"https:\/\/www.meydan.tv\/az\/","logo":{"@type":"ImageObject","inLanguage":"az","@id":"https:\/\/www.meydan.tv\/az\/#\/schema\/logo\/image\/","url":"https:\/\/www.meydan.tv\/wp-content\/uploads\/2021\/07\/meydan-logo.svg","contentUrl":"https:\/\/www.meydan.tv\/wp-content\/uploads\/2021\/07\/meydan-logo.svg","width":195,"height":46,"caption":"Meydan TV"},"image":{"@id":"https:\/\/www.meydan.tv\/az\/#\/schema\/logo\/image\/"}},{"@type":"Person","@id":"https:\/\/www.meydan.tv\/az\/#\/schema\/person\/10d11eccf6da3662cf5fdab9806ea91a","name":"user-manager"}]}},"_links":{"self":[{"href":"https:\/\/www.meydan.tv\/az\/wp-json\/wp\/v2\/posts\/175277","targetHints":{"allow":["GET"]}}],"collection":[{"href":"https:\/\/www.meydan.tv\/az\/wp-json\/wp\/v2\/posts"}],"about":[{"href":"https:\/\/www.meydan.tv\/az\/wp-json\/wp\/v2\/types\/post"}],"author":[{"embeddable":true,"href":"https:\/\/www.meydan.tv\/az\/wp-json\/wp\/v2\/users\/11"}],"replies":[{"embeddable":true,"href":"https:\/\/www.meydan.tv\/az\/wp-json\/wp\/v2\/comments?post=175277"}],"version-history":[{"count":0,"href":"https:\/\/www.meydan.tv\/az\/wp-json\/wp\/v2\/posts\/175277\/revisions"}],"wp:featuredmedia":[{"embeddable":true,"href":"https:\/\/www.meydan.tv\/az\/wp-json\/wp\/v2\/media\/55038"}],"wp:attachment":[{"href":"https:\/\/www.meydan.tv\/az\/wp-json\/wp\/v2\/media?parent=175277"}],"wp:term":[{"taxonomy":"category","embeddable":true,"href":"https:\/\/www.meydan.tv\/az\/wp-json\/wp\/v2\/categories?post=175277"},{"taxonomy":"post_tag","embeddable":true,"href":"https:\/\/www.meydan.tv\/az\/wp-json\/wp\/v2\/tags?post=175277"}],"curies":[{"name":"wp","href":"https:\/\/api.w.org\/{rel}","templated":true}]}}