{"id":175256,"date":"2016-04-18T16:10:32","date_gmt":"2016-04-18T16:10:32","guid":{"rendered":"https:\/\/www.meydan.tv\/article\/simaldan-esen-soyuq-kulekler\/"},"modified":"2016-04-18T16:10:32","modified_gmt":"2016-04-18T16:10:32","slug":"simaldan-esen-soyuq-kulekler","status":"publish","type":"post","link":"https:\/\/www.meydan.tv\/az\/article\/simaldan-esen-soyuq-kulekler\/","title":{"rendered":"\u015eimaldan \u0259s\u0259n soyuq k\u00fcl\u0259kl\u0259r&#8230;"},"content":{"rendered":"<figure class=\"wp-block-image size-large\">\n  <img decoding=\"async\" src=\"https:\/\/www.meydan.tv\/az\/51401\/\" alt=\"\" class=\"wp-image-51401\"\/><figcaption><\/figcaption><\/figure>\n<figure class=\"wp-block-image size-large\">\n  <img decoding=\"async\" src=\"https:\/\/www.meydan.tv\/az\/51404\/\" alt=\"\" class=\"wp-image-51404\"\/><figcaption><\/figcaption><\/figure>\n<p>\n  Baltikyan\u0131 \u00f6lk\u0259l\u0259r v\u0259 G\u00fcrc\u00fcstan Rusiyaya Az\u0259rbaycandan daha \u00e7ox mal-m\u0259hsul ixrac edirl\u0259r, amma he\u00e7 vaxt Putinin \u201cSSR\u0130\u201d-sind\u0259 olma\u011f\u0131 d\u00fc\u015f\u00fcnm\u00fcrl\u0259r\n<\/p>\n<p>\n  Son zamanlar c\u0259miyy\u0259td\u0259 d\u0259, mediada da Qaraba\u011f m\u0259s\u0259l\u0259si, \u0259n a\u011fr\u0131l\u0131 problemimizin h\u0259lli yollar\u0131 haqq\u0131nda \u00e7ox dan\u0131\u015f\u0131l\u0131r, yaz\u0131l\u0131r-\u00e7izilir. Xalq\u0131n bu m\u0259s\u0259l\u0259y\u0259 mara\u011f\u0131n\u0131n artmas\u0131 t\u0259biidir, \u00e7oxsayl\u0131 t\u0259klifl\u0259rin, fikirl\u0259rin olmas\u0131 da normald\u0131r, amma hakimiyy\u0259t daxilind\u0259 ill\u0259rdir g\u00fcc v\u0259 n\u00fcfuz sahibi olan, Kreml\u0259 ba\u011fl\u0131 insanlar\u0131n, m\u0259murlar\u0131n, deputatlar\u0131n s\u0259sl\u0259ndirdiyi fikirl\u0259r g\u0259l\u0259c\u0259yimiz v\u0259 d\u00f6vl\u0259timizin m\u00fcst\u0259qilliyi bax\u0131m\u0131ndan \u00e7ox t\u0259hl\u00fck\u0259lidir.\n<\/p>\n<p>\n  Milli M\u0259clisin deputat\u0131 Q\u00fcdr\u0259t H\u0259s\u0259nquliyev son aylarda bir ne\u00e7\u0259 d\u0259f\u0259 Az\u0259rbaycan\u0131n Putinin yaratma\u011fa \u00e7al\u0131\u015fd\u0131\u011f\u0131 yeni \u201cSSR\u0130\u201d-y\u0259 daxil olmas\u0131n\u0131n vacibliyind\u0259n dan\u0131\u015f\u0131b. Buna b\u0259nz\u0259r fikirl\u0259ri s\u0259sl\u0259ndir\u0259n insanlar \u00f6lk\u0259mizin iqtisadiyyat\u0131n\u0131n da bu \u201cittifaqdan\u201d xeyir g\u00f6r\u0259c\u0259yini s\u00fcbut etm\u0259y\u0259 \u00e7al\u0131\u015f\u0131rlar. G\u0259lin 2015-ci ilin son r\u0259smi r\u0259q\u0259ml\u0259rin\u0259 n\u0259z\u0259r salaq:\n<\/p>\n<figure class=\"wp-block-image size-large\">\n  <img decoding=\"async\" src=\"https:\/\/www.meydan.tv\/az\/54951\/\" alt=\"\" class=\"wp-image-54951\"\/><figcaption><\/figcaption><\/figure>\n<\/p>\n<p>\n  2015-ci ild\u0259 ticar\u0259t d\u00f6vriyy\u0259miz 20,6 mlrd. dollar olub. \u0130xracat\u0131m\u0131z 11,4 mlrd. dollar olub ki, bunun da c\u0259mi 416 mln. dollar\u0131 Rusiyan\u0131n pay\u0131na d\u00fc\u015f\u00fcb, \u0130lk 5-likd\u0259 ancaq Avropa Birliyi \u00f6lk\u0259l\u0259ri v\u0259 \u0130sraildir, Rusiya bu siyah\u0131da 6-c\u0131 yerd\u0259dir.\n<\/p>\n<p>\n  2015-ci ild\u0259 \u00f6lk\u0259miz\u0259 idxal\u0131n h\u0259cmi 9,3 mlrd. dollar olub, bu siyah\u0131da Rusiya 15%-lik payla 1-ci yeri tutsa da, dig\u0259r yerl\u0259ri T\u00fcrkiy\u0259, AB\u015e v\u0259 Avropa Birliyi d\u00f6vl\u0259tl\u0259ri tutur.\n<\/p>\n<p>\n  Bel\u0259likl\u0259, ixrac-idxal \u0259m\u0259liyyatlar\u0131m\u0131z\u0131n b\u00f6y\u00fck bir hiss\u0259si Avropa Birliyi \u00f6lk\u0259l\u0259rinin, AB\u015e, T\u00fcrkiy\u0259 v\u0259 \u0130srailin pay\u0131na d\u00fc\u015f\u00fcr, Rusiya bizd\u0259n c\u0259mi 416 mln. dollarl\u0131q mal al\u0131r, amma \u00f6lk\u0259miz\u0259 1,43 mlrd. dollarl\u0131q mal sat\u0131r, y\u0259ni, ticar\u0259t saldosunda Rusiya 1.1 mlrd. dollar \u00fcst\u00fcnl\u00fcy\u0259 malikdir. Ba\u015fqa s\u00f6zl\u0259 des\u0259k, Rusiya Az\u0259rbaycandan 1,1 mlrd. dollar pul qazan\u0131r, onlar \u00fc\u00e7\u00fcn bu daha s\u0259rf\u0259li v\u0259 maraql\u0131 \u0259laq\u0259l\u0259rdir.\n<\/p>\n<p>\n  Ukraynada m\u0259nz\u0259r\u0259 tam f\u0259rqli idi, bu \u00f6lk\u0259nin Rusiya il\u0259 iqtisadi, ticari ba\u011flar\u0131 \u00e7ox geni\u015f idi, buna baxmayaraq, Ukrayna AB il\u0259 sazi\u015f\u0259 getdi. Bu m\u0259nada Az\u0259rbaycan qat-qat \u0259lveri\u015fli m\u00f6vqed\u0259dir, ticari \u0259laq\u0259l\u0259rimiz daha \u0259zici \u00fcst\u00fcnl\u00fckl\u0259 Q\u0259rbl\u0259dir, iqtisadiyyat\u0131m\u0131z daha \u00e7ox Q\u0259rb\u0259 ba\u011fl\u0131d\u0131r.\n<\/p>\n<p>\n  Bu anlamda, t\u0259bii ki, Az\u0259rbaycan\u0131n Kremlin yaratd\u0131\u011f\u0131 Avrasiya v\u0259 G\u00f6mr\u00fck \u0130ttifaq\u0131ndan qazanacaqlar\u0131 itir\u0259c\u0259kl\u0259rind\u0259n daha \u00e7ox olacaq. T\u0259bii ki, he\u00e7 kim Rusiya kimi bir \u00f6lk\u0259 il\u0259 ticar\u0259t \u0259laq\u0259l\u0259rinin k\u0259silm\u0259sini ist\u0259m\u0259z, Rusiya b\u00f6y\u00fck v\u0259 c\u0259lbedici bazard\u0131r, amma bu bazarda olmaq, he\u00e7 d\u0259 Kremlin tapda\u011f\u0131 alt\u0131na girm\u0259k anlam\u0131na g\u0259lmir. Baltikyan\u0131 \u00f6lk\u0259l\u0259r v\u0259 G\u00fcrc\u00fcstan Rusiyaya Az\u0259rbaycandan daha \u00e7ox mal-m\u0259hsul ixrac edirl\u0259r, amma he\u00e7 vaxt Putinin \u201cSSR\u0130\u201d-sind\u0259 olma\u011f\u0131 d\u00fc\u015f\u00fcnm\u00fcrl\u0259r. Biz d\u0259 h\u0259min yolu tutmal\u0131, Rusiya il\u0259 normal ticar\u0259t \u0259laq\u0259l\u0259ri qurmal\u0131, amma n\u0259zar\u0259ti alt\u0131nda olan t\u0259hl\u00fck\u0259li birlikl\u0259rd\u0259n uzaq durmal\u0131y\u0131q&#8230;<\/p>\n","protected":false},"excerpt":{"rendered":"<p>Baltikyan\u0131 \u00f6lk\u0259l\u0259r v\u0259 G\u00fcrc\u00fcstan Rusiyaya Az\u0259rbaycandan daha \u00e7ox mal-m\u0259hsul ixrac edirl\u0259r, amma he\u00e7 vaxt Putinin \u201cSSR\u0130\u201d-sind\u0259 olma\u011f\u0131 d\u00fc\u015f\u00fcnm\u00fcrl\u0259r<\/p>\n","protected":false},"author":11,"featured_media":51401,"comment_status":"closed","ping_status":"open","sticky":false,"template":"","format":"standard","meta":{"_acf_changed":false,"_sitemap_exclude":false,"_sitemap_priority":"","_sitemap_frequency":"","footnotes":""},"categories":[51],"tags":[],"class_list":["post-175256","post","type-post","status-publish","format-standard","has-post-thumbnail","hentry","category-analitika","infinite-scroll-item","generate-columns","tablet-grid-50","mobile-grid-100","grid-parent","grid-33","no-featured-image-padding"],"acf":[],"yoast_head":"<!-- This site is optimized with the Yoast SEO plugin v27.5 - https:\/\/yoast.com\/product\/yoast-seo-wordpress\/ -->\n<title>\u015eimaldan \u0259s\u0259n soyuq k\u00fcl\u0259kl\u0259r... - MEYDAN.TV<\/title>\n<meta name=\"robots\" content=\"index, follow, max-snippet:-1, max-image-preview:large, max-video-preview:-1\" \/>\n<link rel=\"canonical\" href=\"https:\/\/www.meydan.tv\/az\/article\/simaldan-esen-soyuq-kulekler\/\" \/>\n<meta property=\"og:locale\" content=\"az_AZ\" \/>\n<meta property=\"og:type\" content=\"article\" \/>\n<meta property=\"og:title\" content=\"\u015eimaldan \u0259s\u0259n soyuq k\u00fcl\u0259kl\u0259r... - MEYDAN.TV\" \/>\n<meta property=\"og:description\" content=\"Baltikyan\u0131 \u00f6lk\u0259l\u0259r v\u0259 G\u00fcrc\u00fcstan Rusiyaya Az\u0259rbaycandan daha \u00e7ox mal-m\u0259hsul ixrac edirl\u0259r, amma he\u00e7 vaxt Putinin \u201cSSR\u0130\u201d-sind\u0259 olma\u011f\u0131 d\u00fc\u015f\u00fcnm\u00fcrl\u0259r\" \/>\n<meta property=\"og:url\" content=\"https:\/\/www.meydan.tv\/az\/article\/simaldan-esen-soyuq-kulekler\/\" \/>\n<meta property=\"og:site_name\" content=\"MEYDAN.TV\" \/>\n<meta property=\"article:published_time\" content=\"2016-04-18T16:10:32+00:00\" \/>\n<meta property=\"og:image\" content=\"https:\/\/www.meydan.tv\/wp-content\/uploads\/19378.jpg\" \/>\n\t<meta property=\"og:image:width\" content=\"500\" \/>\n\t<meta property=\"og:image:height\" content=\"304\" \/>\n\t<meta property=\"og:image:type\" content=\"image\/jpeg\" \/>\n<meta name=\"author\" content=\"user-manager\" \/>\n<meta name=\"twitter:card\" content=\"summary_large_image\" \/>\n<script type=\"application\/ld+json\" class=\"yoast-schema-graph\">{\"@context\":\"https:\\\/\\\/schema.org\",\"@graph\":[{\"@type\":\"Article\",\"@id\":\"https:\\\/\\\/www.meydan.tv\\\/az\\\/article\\\/simaldan-esen-soyuq-kulekler\\\/#article\",\"isPartOf\":{\"@id\":\"https:\\\/\\\/www.meydan.tv\\\/az\\\/article\\\/simaldan-esen-soyuq-kulekler\\\/\"},\"author\":{\"name\":\"user-manager\",\"@id\":\"https:\\\/\\\/www.meydan.tv\\\/az\\\/#\\\/schema\\\/person\\\/10d11eccf6da3662cf5fdab9806ea91a\"},\"headline\":\"\u015eimaldan \u0259s\u0259n soyuq k\u00fcl\u0259kl\u0259r&#8230;\",\"datePublished\":\"2016-04-18T16:10:32+00:00\",\"mainEntityOfPage\":{\"@id\":\"https:\\\/\\\/www.meydan.tv\\\/az\\\/article\\\/simaldan-esen-soyuq-kulekler\\\/\"},\"wordCount\":581,\"publisher\":{\"@id\":\"https:\\\/\\\/www.meydan.tv\\\/az\\\/#organization\"},\"image\":{\"@id\":\"https:\\\/\\\/www.meydan.tv\\\/az\\\/article\\\/simaldan-esen-soyuq-kulekler\\\/#primaryimage\"},\"thumbnailUrl\":\"https:\\\/\\\/www.meydan.tv\\\/wp-content\\\/uploads\\\/19378.jpg\",\"articleSection\":[\"Analitika\"],\"inLanguage\":\"az\"},{\"@type\":\"WebPage\",\"@id\":\"https:\\\/\\\/www.meydan.tv\\\/az\\\/article\\\/simaldan-esen-soyuq-kulekler\\\/\",\"url\":\"https:\\\/\\\/www.meydan.tv\\\/az\\\/article\\\/simaldan-esen-soyuq-kulekler\\\/\",\"name\":\"\u015eimaldan \u0259s\u0259n soyuq k\u00fcl\u0259kl\u0259r... - MEYDAN.TV\",\"isPartOf\":{\"@id\":\"https:\\\/\\\/www.meydan.tv\\\/az\\\/#website\"},\"primaryImageOfPage\":{\"@id\":\"https:\\\/\\\/www.meydan.tv\\\/az\\\/article\\\/simaldan-esen-soyuq-kulekler\\\/#primaryimage\"},\"image\":{\"@id\":\"https:\\\/\\\/www.meydan.tv\\\/az\\\/article\\\/simaldan-esen-soyuq-kulekler\\\/#primaryimage\"},\"thumbnailUrl\":\"https:\\\/\\\/www.meydan.tv\\\/wp-content\\\/uploads\\\/19378.jpg\",\"datePublished\":\"2016-04-18T16:10:32+00:00\",\"breadcrumb\":{\"@id\":\"https:\\\/\\\/www.meydan.tv\\\/az\\\/article\\\/simaldan-esen-soyuq-kulekler\\\/#breadcrumb\"},\"inLanguage\":\"az\",\"potentialAction\":[{\"@type\":\"ReadAction\",\"target\":[\"https:\\\/\\\/www.meydan.tv\\\/az\\\/article\\\/simaldan-esen-soyuq-kulekler\\\/\"]}]},{\"@type\":\"ImageObject\",\"inLanguage\":\"az\",\"@id\":\"https:\\\/\\\/www.meydan.tv\\\/az\\\/article\\\/simaldan-esen-soyuq-kulekler\\\/#primaryimage\",\"url\":\"https:\\\/\\\/www.meydan.tv\\\/wp-content\\\/uploads\\\/19378.jpg\",\"contentUrl\":\"https:\\\/\\\/www.meydan.tv\\\/wp-content\\\/uploads\\\/19378.jpg\",\"width\":500,\"height\":304,\"caption\":\"Source:\"},{\"@type\":\"BreadcrumbList\",\"@id\":\"https:\\\/\\\/www.meydan.tv\\\/az\\\/article\\\/simaldan-esen-soyuq-kulekler\\\/#breadcrumb\",\"itemListElement\":[{\"@type\":\"ListItem\",\"position\":1,\"name\":\"Ana s\u0259hif\u0259\",\"item\":\"https:\\\/\\\/www.meydan.tv\\\/az\\\/\"},{\"@type\":\"ListItem\",\"position\":2,\"name\":\"Analitika\",\"item\":\"https:\\\/\\\/www.meydan.tv\\\/az\\\/section\\\/analitika\\\/\"},{\"@type\":\"ListItem\",\"position\":3,\"name\":\"\u015eimaldan \u0259s\u0259n soyuq k\u00fcl\u0259kl\u0259r&#8230;\"}]},{\"@type\":\"WebSite\",\"@id\":\"https:\\\/\\\/www.meydan.tv\\\/az\\\/#website\",\"url\":\"https:\\\/\\\/www.meydan.tv\\\/az\\\/\",\"name\":\"MEYDAN.TV\",\"description\":\"Meydan TV Az\u0259rbaycan\u0131n media m\u0259kan\u0131ndak\u0131 alternativ s\u0259sidir\",\"publisher\":{\"@id\":\"https:\\\/\\\/www.meydan.tv\\\/az\\\/#organization\"},\"potentialAction\":[{\"@type\":\"SearchAction\",\"target\":{\"@type\":\"EntryPoint\",\"urlTemplate\":\"https:\\\/\\\/www.meydan.tv\\\/az\\\/?s={search_term_string}\"},\"query-input\":{\"@type\":\"PropertyValueSpecification\",\"valueRequired\":true,\"valueName\":\"search_term_string\"}}],\"inLanguage\":\"az\"},{\"@type\":\"Organization\",\"@id\":\"https:\\\/\\\/www.meydan.tv\\\/az\\\/#organization\",\"name\":\"Meydan TV\",\"url\":\"https:\\\/\\\/www.meydan.tv\\\/az\\\/\",\"logo\":{\"@type\":\"ImageObject\",\"inLanguage\":\"az\",\"@id\":\"https:\\\/\\\/www.meydan.tv\\\/az\\\/#\\\/schema\\\/logo\\\/image\\\/\",\"url\":\"https:\\\/\\\/www.meydan.tv\\\/wp-content\\\/uploads\\\/2021\\\/07\\\/meydan-logo.svg\",\"contentUrl\":\"https:\\\/\\\/www.meydan.tv\\\/wp-content\\\/uploads\\\/2021\\\/07\\\/meydan-logo.svg\",\"width\":195,\"height\":46,\"caption\":\"Meydan TV\"},\"image\":{\"@id\":\"https:\\\/\\\/www.meydan.tv\\\/az\\\/#\\\/schema\\\/logo\\\/image\\\/\"}},{\"@type\":\"Person\",\"@id\":\"https:\\\/\\\/www.meydan.tv\\\/az\\\/#\\\/schema\\\/person\\\/10d11eccf6da3662cf5fdab9806ea91a\",\"name\":\"user-manager\"}]}<\/script>\n<!-- \/ Yoast SEO plugin. -->","yoast_head_json":{"title":"\u015eimaldan \u0259s\u0259n soyuq k\u00fcl\u0259kl\u0259r... - MEYDAN.TV","robots":{"index":"index","follow":"follow","max-snippet":"max-snippet:-1","max-image-preview":"max-image-preview:large","max-video-preview":"max-video-preview:-1"},"canonical":"https:\/\/www.meydan.tv\/az\/article\/simaldan-esen-soyuq-kulekler\/","og_locale":"az_AZ","og_type":"article","og_title":"\u015eimaldan \u0259s\u0259n soyuq k\u00fcl\u0259kl\u0259r... - MEYDAN.TV","og_description":"Baltikyan\u0131 \u00f6lk\u0259l\u0259r v\u0259 G\u00fcrc\u00fcstan Rusiyaya Az\u0259rbaycandan daha \u00e7ox mal-m\u0259hsul ixrac edirl\u0259r, amma he\u00e7 vaxt Putinin \u201cSSR\u0130\u201d-sind\u0259 olma\u011f\u0131 d\u00fc\u015f\u00fcnm\u00fcrl\u0259r","og_url":"https:\/\/www.meydan.tv\/az\/article\/simaldan-esen-soyuq-kulekler\/","og_site_name":"MEYDAN.TV","article_published_time":"2016-04-18T16:10:32+00:00","og_image":[{"width":500,"height":304,"url":"https:\/\/www.meydan.tv\/wp-content\/uploads\/19378.jpg","type":"image\/jpeg"}],"author":"user-manager","twitter_card":"summary_large_image","schema":{"@context":"https:\/\/schema.org","@graph":[{"@type":"Article","@id":"https:\/\/www.meydan.tv\/az\/article\/simaldan-esen-soyuq-kulekler\/#article","isPartOf":{"@id":"https:\/\/www.meydan.tv\/az\/article\/simaldan-esen-soyuq-kulekler\/"},"author":{"name":"user-manager","@id":"https:\/\/www.meydan.tv\/az\/#\/schema\/person\/10d11eccf6da3662cf5fdab9806ea91a"},"headline":"\u015eimaldan \u0259s\u0259n soyuq k\u00fcl\u0259kl\u0259r&#8230;","datePublished":"2016-04-18T16:10:32+00:00","mainEntityOfPage":{"@id":"https:\/\/www.meydan.tv\/az\/article\/simaldan-esen-soyuq-kulekler\/"},"wordCount":581,"publisher":{"@id":"https:\/\/www.meydan.tv\/az\/#organization"},"image":{"@id":"https:\/\/www.meydan.tv\/az\/article\/simaldan-esen-soyuq-kulekler\/#primaryimage"},"thumbnailUrl":"https:\/\/www.meydan.tv\/wp-content\/uploads\/19378.jpg","articleSection":["Analitika"],"inLanguage":"az"},{"@type":"WebPage","@id":"https:\/\/www.meydan.tv\/az\/article\/simaldan-esen-soyuq-kulekler\/","url":"https:\/\/www.meydan.tv\/az\/article\/simaldan-esen-soyuq-kulekler\/","name":"\u015eimaldan \u0259s\u0259n soyuq k\u00fcl\u0259kl\u0259r... - MEYDAN.TV","isPartOf":{"@id":"https:\/\/www.meydan.tv\/az\/#website"},"primaryImageOfPage":{"@id":"https:\/\/www.meydan.tv\/az\/article\/simaldan-esen-soyuq-kulekler\/#primaryimage"},"image":{"@id":"https:\/\/www.meydan.tv\/az\/article\/simaldan-esen-soyuq-kulekler\/#primaryimage"},"thumbnailUrl":"https:\/\/www.meydan.tv\/wp-content\/uploads\/19378.jpg","datePublished":"2016-04-18T16:10:32+00:00","breadcrumb":{"@id":"https:\/\/www.meydan.tv\/az\/article\/simaldan-esen-soyuq-kulekler\/#breadcrumb"},"inLanguage":"az","potentialAction":[{"@type":"ReadAction","target":["https:\/\/www.meydan.tv\/az\/article\/simaldan-esen-soyuq-kulekler\/"]}]},{"@type":"ImageObject","inLanguage":"az","@id":"https:\/\/www.meydan.tv\/az\/article\/simaldan-esen-soyuq-kulekler\/#primaryimage","url":"https:\/\/www.meydan.tv\/wp-content\/uploads\/19378.jpg","contentUrl":"https:\/\/www.meydan.tv\/wp-content\/uploads\/19378.jpg","width":500,"height":304,"caption":"Source:"},{"@type":"BreadcrumbList","@id":"https:\/\/www.meydan.tv\/az\/article\/simaldan-esen-soyuq-kulekler\/#breadcrumb","itemListElement":[{"@type":"ListItem","position":1,"name":"Ana s\u0259hif\u0259","item":"https:\/\/www.meydan.tv\/az\/"},{"@type":"ListItem","position":2,"name":"Analitika","item":"https:\/\/www.meydan.tv\/az\/section\/analitika\/"},{"@type":"ListItem","position":3,"name":"\u015eimaldan \u0259s\u0259n soyuq k\u00fcl\u0259kl\u0259r&#8230;"}]},{"@type":"WebSite","@id":"https:\/\/www.meydan.tv\/az\/#website","url":"https:\/\/www.meydan.tv\/az\/","name":"MEYDAN.TV","description":"Meydan TV Az\u0259rbaycan\u0131n media m\u0259kan\u0131ndak\u0131 alternativ s\u0259sidir","publisher":{"@id":"https:\/\/www.meydan.tv\/az\/#organization"},"potentialAction":[{"@type":"SearchAction","target":{"@type":"EntryPoint","urlTemplate":"https:\/\/www.meydan.tv\/az\/?s={search_term_string}"},"query-input":{"@type":"PropertyValueSpecification","valueRequired":true,"valueName":"search_term_string"}}],"inLanguage":"az"},{"@type":"Organization","@id":"https:\/\/www.meydan.tv\/az\/#organization","name":"Meydan TV","url":"https:\/\/www.meydan.tv\/az\/","logo":{"@type":"ImageObject","inLanguage":"az","@id":"https:\/\/www.meydan.tv\/az\/#\/schema\/logo\/image\/","url":"https:\/\/www.meydan.tv\/wp-content\/uploads\/2021\/07\/meydan-logo.svg","contentUrl":"https:\/\/www.meydan.tv\/wp-content\/uploads\/2021\/07\/meydan-logo.svg","width":195,"height":46,"caption":"Meydan TV"},"image":{"@id":"https:\/\/www.meydan.tv\/az\/#\/schema\/logo\/image\/"}},{"@type":"Person","@id":"https:\/\/www.meydan.tv\/az\/#\/schema\/person\/10d11eccf6da3662cf5fdab9806ea91a","name":"user-manager"}]}},"_links":{"self":[{"href":"https:\/\/www.meydan.tv\/az\/wp-json\/wp\/v2\/posts\/175256","targetHints":{"allow":["GET"]}}],"collection":[{"href":"https:\/\/www.meydan.tv\/az\/wp-json\/wp\/v2\/posts"}],"about":[{"href":"https:\/\/www.meydan.tv\/az\/wp-json\/wp\/v2\/types\/post"}],"author":[{"embeddable":true,"href":"https:\/\/www.meydan.tv\/az\/wp-json\/wp\/v2\/users\/11"}],"replies":[{"embeddable":true,"href":"https:\/\/www.meydan.tv\/az\/wp-json\/wp\/v2\/comments?post=175256"}],"version-history":[{"count":0,"href":"https:\/\/www.meydan.tv\/az\/wp-json\/wp\/v2\/posts\/175256\/revisions"}],"wp:featuredmedia":[{"embeddable":true,"href":"https:\/\/www.meydan.tv\/az\/wp-json\/wp\/v2\/media\/51401"}],"wp:attachment":[{"href":"https:\/\/www.meydan.tv\/az\/wp-json\/wp\/v2\/media?parent=175256"}],"wp:term":[{"taxonomy":"category","embeddable":true,"href":"https:\/\/www.meydan.tv\/az\/wp-json\/wp\/v2\/categories?post=175256"},{"taxonomy":"post_tag","embeddable":true,"href":"https:\/\/www.meydan.tv\/az\/wp-json\/wp\/v2\/tags?post=175256"}],"curies":[{"name":"wp","href":"https:\/\/api.w.org\/{rel}","templated":true}]}}