{"id":175186,"date":"2016-04-14T20:07:23","date_gmt":"2016-04-14T20:07:23","guid":{"rendered":"https:\/\/www.meydan.tv\/article\/putin-munaqisenin-tereflerine-serf-eden-guzesti-tapmaga-yaxinlasmisiq\/"},"modified":"2016-04-14T20:07:23","modified_gmt":"2016-04-14T20:07:23","slug":"putin-munaqisenin-tereflerine-serf-eden-guzesti-tapmaga-yaxinlasmisiq","status":"publish","type":"post","link":"https:\/\/www.meydan.tv\/az\/article\/putin-munaqisenin-tereflerine-serf-eden-guzesti-tapmaga-yaxinlasmisiq\/","title":{"rendered":"Putin: M\u00fcnaqi\u015f\u0259nin t\u0259r\u0259fl\u0259rin\u0259 s\u0259rf ed\u0259n g\u00fcz\u0259\u015fti tapma\u011fa yax\u0131nla\u015fm\u0131\u015f\u0131q"},"content":{"rendered":"<figure class=\"wp-block-image size-large\">\n  <img decoding=\"async\" src=\"https:\/\/www.meydan.tv\/az\/vladimir-putin-2\/\" alt=\"Vladimir Putin\" class=\"wp-image-53219\"\/><figcaption>\n    Vladimir Putin<br \/>\n  <\/figcaption><\/figure>\n<figure class=\"wp-block-image size-large\">\n  <img decoding=\"async\" src=\"https:\/\/www.meydan.tv\/az\/vladimir-putin-2\/\" alt=\"Vladimir Putin\" class=\"wp-image-53219\"\/><figcaption>\n    Vladimir Putin<br \/>\n  <\/figcaption><\/figure>\n<p>\n  <i><br \/>\n    Putin: Bu, \u00e7oxdank\u0131 m\u00fcnaqi\u015f\u0259, \u00e7oxdank\u0131 problemdir, dondurulmu\u015f v\u0259ziyy\u0259td\u0259 idi, t\u0259\u0259ss\u00fcfl\u0259r olsun ki, orada q\u0131\u011f\u0131lc\u0131m ba\u015f verdi.<br \/>\n  <\/i>\n<\/p>\n<p>\n  &#8220;\u00c7ox h\u0259ssas m\u00f6vzudur. M\u0259n el\u0259 g\u0259lir ki, biz bu m\u00f6vzuya ehtiyatl\u0131 yana\u015fmal\u0131y\u0131q. Bu, \u00e7oxdank\u0131 m\u00fcnaqi\u015f\u0259, \u00e7oxdank\u0131 problemdir, dondurulmu\u015f v\u0259ziyy\u0259td\u0259 idi, t\u0259\u0259ss\u00fcfl\u0259r olsun ki, orada q\u0131\u011f\u0131lc\u0131m ba\u015f verdi. Biz \u0259limizd\u0259n g\u0259l\u0259ni ed\u0259c\u0259yik ki, bu m\u00fcnaqi\u015f\u0259 h\u0259ll olunsun, h\u0259r iki t\u0259r\u0259f \u00fc\u00e7\u00fcn m\u0259qbul say\u0131lan h\u0259ll yolu tap\u0131ls\u0131n. \u018flb\u0259tt\u0259 ki, Da\u011fl\u0131q Qaraba\u011fla ba\u011fl\u0131 uzunm\u00fcdd\u0259tli h\u0259lli laz\u0131md\u0131r. Bu, istisnas\u0131z olaraq siyasi h\u0259ll yoludur&#8221;.<\/p>\n<p>  APA-n\u0131n Moskva m\u00fcxbiri x\u0259b\u0259r verir ki, bunu Rusiya prezidenti Vladimir Putin canl\u0131 yay\u0131mda ona \u00fcnvanlanan suallar\u0131 cavabland\u0131rark\u0259n deyib.<\/p>\n<p>  O bildirib ki, g\u00fcz\u0259\u015ft tap\u0131lmal\u0131d\u0131r: &#8220;Bir ne\u00e7\u0259 il \u0259vv\u0259l m\u0259n\u0259 el\u0259 g\u0259lirdi ki, biz h\u0259r iki t\u0259r\u0259f\u0259 s\u0259rf ed\u0259n g\u00fcz\u0259\u015fti tapma\u011fa yax\u0131nla\u015fm\u0131\u015f\u0131q. T\u0259\u0259ss\u00fcfl\u0259r olsun ki, bel\u0259 deyilmi\u015f. Beyn\u0259lxalq strukturlar \u00e7\u0259r\u00e7iv\u0259sind\u0259 v\u0259 ikit\u0259r\u0259fli formatlarda m\u00fcnaqi\u015f\u0259nin h\u0259lli istiqam\u0259tind\u0259 i\u015fl\u0259rimizi davam etdir\u0259c\u0259yik. Kimin n\u0259 dem\u0259sind\u0259n as\u0131l\u0131 olmayaraq, Rusiya bu m\u00fcnaqi\u015f\u0259nin h\u0259llind\u0259 maraql\u0131d\u0131r. Biz h\u0259m Az\u0259rbaycanla, h\u0259m d\u0259 Erm\u0259nistanla \u0259m\u0259kda\u015fl\u0131q edirik.<\/p>\n<p>  Rusiyada \u00e7oxlu sayda az\u0259rbaycanl\u0131 v\u0259 erm\u0259ni ya\u015fay\u0131r. S\u00f6hb\u0259t milyonlardan gedir. Tanr\u0131ya \u015f\u00fck\u00fcrl\u0259r olsun ki, Rusiyada bel\u0259 problem yoxdur. Bundan savay\u0131, bilir\u0259m ki, Rusiyadak\u0131 az\u0259rbaycanl\u0131 v\u0259 erm\u0259nil\u0259r ba\u015f ver\u0259nl\u0259rd\u0259n sonra da \u015f\u0259xsi m\u00fcnasib\u0259tl\u0259rini qoruyub saxlay\u0131rlar. Rusiya bu m\u00fcnaqi\u015f\u0259nin h\u0259llin\u0259 \u00f6z vasit\u0259\u00e7i t\u00f6hv\u0259sini ver\u0259c\u0259k. Son q\u0259rar is\u0259 Az\u0259rbaycan v\u0259 Erm\u0259nistan xalqlar\u0131n\u0131nd\u0131r&#8221;.<\/p>\n<p>  Da\u011fl\u0131q Qaraba\u011f m\u00fcnaqi\u015f\u0259sinin m\u00fcasir m\u0259rh\u0259l\u0259si 1988-ci ild\u0259 Erm\u0259nistan SSR-in Az\u0259rbaycan SSR-\u0259 qar\u015f\u0131 \u0259razi iddialar\u0131 \u0259sas\u0131nda ba\u015flay\u0131b.<\/p>\n<p>  1991-1994-c\u00fc ill\u0259rd\u0259 Az\u0259rbaycan\u0131n Da\u011fl\u0131q Qaraba\u011f \u0259razisi u\u011frunda Erm\u0259nistanla Az\u0259rbaycan aras\u0131nda \u015fidd\u0259tli m\u00fcharib\u0259 ba\u015f verib. N\u0259tic\u0259d\u0259 Az\u0259rbaycan \u0259razil\u0259rinin 20 faizi &#8211; Da\u011fl\u0131q Qaraba\u011f v\u0259 \u0259traf 7 inzibati rayon (La\u00e7\u0131n, K\u0259lb\u0259c\u0259r, A\u011fdam, F\u00fczuli, C\u0259bray\u0131l, Qubadl\u0131, Z\u0259ngilan) Erm\u0259nistan Silahl\u0131 Q\u00fcvv\u0259l\u0259ri t\u0259r\u0259find\u0259n i\u015f\u011fal olunub, 1 milyondan art\u0131q insan qa\u00e7q\u0131n v\u0259 m\u0259cburi k\u00f6\u00e7k\u00fcn v\u0259ziyy\u0259tin\u0259 d\u00fc\u015f\u00fcb. H\u0259rbi \u0259m\u0259liyyatlar 1994-c\u00fc ilin may ay\u0131nda Bi\u015fkekd\u0259 Az\u0259rbaycan v\u0259 Erm\u0259nistan aras\u0131nda imzalanm\u0131\u015f at\u0259\u015fk\u0259s sazi\u015fi il\u0259 ba\u015fa \u00e7at\u0131b.<\/p>\n<p>  Da\u011fl\u0131q Qaraba\u011f m\u00fcnaqi\u015f\u0259sinin h\u0259lli il\u0259 AT\u018fT-in Minsk qrupu m\u0259\u015f\u011ful olur. Qrup AT\u018fT-in Nazirl\u0259r \u015euras\u0131n\u0131n 1992-ci ilin 24 mart\u0131nda Helsinkid\u0259 ke\u00e7irilmi\u015f g\u00f6r\u00fc\u015f\u00fcnd\u0259 yarad\u0131l\u0131b. Qrupun \u00fczvl\u0259ri Az\u0259rbaycan, Erm\u0259nistan, Rusiya, Amerika Birl\u0259\u015fmi\u015f \u015etatlar\u0131, Fransa, Pol\u015fa, Almaniya, T\u00fcrkiy\u0259, Belarus, Finlandiya v\u0259 \u0130sve\u00e7dir.<\/p>\n<p>  1996-c\u0131 ilin dekabr\u0131ndan onun Rusiya, AB\u015e v\u0259 Fransadan ibar\u0259t h\u0259ms\u0259drlik institutu f\u0259aliyy\u0259t g\u00f6st\u0259rir.<\/p>\n<p>  Erm\u0259nistan qo\u015funlar\u0131n\u0131n Da\u011fl\u0131q Qaraba\u011fdan qeyd-\u015f\u0259rtsiz \u00e7\u0131xar\u0131lmas\u0131 il\u0259 ba\u011fl\u0131 BMT&#8221;&gt;BMT T\u0259hl\u00fck\u0259sizlik \u015euras\u0131n\u0131n 1993-c\u00fc ild\u0259 q\u0131sa fasil\u0259l\u0259rl\u0259 q\u0259bul edilmi\u015f 822, 853, 874 v\u0259 884 sayl\u0131 q\u0259tnam\u0259l\u0259ri, o c\u00fcml\u0259d\u0259n BMT&#8221;&gt;BMT Ba\u015f Assambleyas\u0131, A\u015ePA, AT\u018fT, \u0130\u018fT v\u0259 dig\u0259r t\u0259\u015fkilat v\u0259 qurumlar\u0131n q\u0259tnam\u0259l\u0259ri m\u00f6vcuddur.<\/p>\n","protected":false},"excerpt":{"rendered":"<p>Putin: Bu, \u00e7oxdank\u0131 m\u00fcnaqi\u015f\u0259, \u00e7oxdank\u0131 problemdir, dondurulmu\u015f v\u0259ziyy\u0259td\u0259 idi, t\u0259\u0259ss\u00fcfl\u0259r olsun ki, orada q\u0131\u011f\u0131lc\u0131m ba\u015f verdi.<\/p>\n","protected":false},"author":11,"featured_media":53219,"comment_status":"closed","ping_status":"open","sticky":false,"template":"","format":"standard","meta":{"_acf_changed":false,"_sitemap_exclude":false,"_sitemap_priority":"","_sitemap_frequency":"","footnotes":""},"categories":[51],"tags":[],"class_list":["post-175186","post","type-post","status-publish","format-standard","has-post-thumbnail","hentry","category-analitika","infinite-scroll-item","generate-columns","tablet-grid-50","mobile-grid-100","grid-parent","grid-33","no-featured-image-padding"],"acf":[],"yoast_head":"<!-- This site is optimized with the Yoast SEO plugin v27.5 - https:\/\/yoast.com\/product\/yoast-seo-wordpress\/ -->\n<title>Putin: M\u00fcnaqi\u015f\u0259nin t\u0259r\u0259fl\u0259rin\u0259 s\u0259rf ed\u0259n g\u00fcz\u0259\u015fti tapma\u011fa yax\u0131nla\u015fm\u0131\u015f\u0131q - MEYDAN.TV<\/title>\n<meta name=\"robots\" content=\"index, follow, max-snippet:-1, max-image-preview:large, max-video-preview:-1\" \/>\n<link rel=\"canonical\" href=\"https:\/\/www.meydan.tv\/az\/article\/putin-munaqisenin-tereflerine-serf-eden-guzesti-tapmaga-yaxinlasmisiq\/\" \/>\n<meta property=\"og:locale\" content=\"az_AZ\" \/>\n<meta property=\"og:type\" content=\"article\" \/>\n<meta property=\"og:title\" content=\"Putin: M\u00fcnaqi\u015f\u0259nin t\u0259r\u0259fl\u0259rin\u0259 s\u0259rf ed\u0259n g\u00fcz\u0259\u015fti tapma\u011fa yax\u0131nla\u015fm\u0131\u015f\u0131q - MEYDAN.TV\" \/>\n<meta property=\"og:description\" content=\"Putin: Bu, \u00e7oxdank\u0131 m\u00fcnaqi\u015f\u0259, \u00e7oxdank\u0131 problemdir, dondurulmu\u015f v\u0259ziyy\u0259td\u0259 idi, t\u0259\u0259ss\u00fcfl\u0259r olsun ki, orada q\u0131\u011f\u0131lc\u0131m ba\u015f verdi.\" \/>\n<meta property=\"og:url\" content=\"https:\/\/www.meydan.tv\/az\/article\/putin-munaqisenin-tereflerine-serf-eden-guzesti-tapmaga-yaxinlasmisiq\/\" \/>\n<meta property=\"og:site_name\" content=\"MEYDAN.TV\" \/>\n<meta property=\"article:published_time\" content=\"2016-04-14T20:07:23+00:00\" \/>\n<meta property=\"og:image\" content=\"https:\/\/www.meydan.tv\/wp-content\/uploads\/20084.jpg\" \/>\n\t<meta property=\"og:image:width\" content=\"620\" \/>\n\t<meta property=\"og:image:height\" content=\"387\" \/>\n\t<meta property=\"og:image:type\" content=\"image\/jpeg\" \/>\n<meta name=\"author\" content=\"user-manager\" \/>\n<meta name=\"twitter:card\" content=\"summary_large_image\" \/>\n<script type=\"application\/ld+json\" class=\"yoast-schema-graph\">{\"@context\":\"https:\\\/\\\/schema.org\",\"@graph\":[{\"@type\":\"Article\",\"@id\":\"https:\\\/\\\/www.meydan.tv\\\/az\\\/article\\\/putin-munaqisenin-tereflerine-serf-eden-guzesti-tapmaga-yaxinlasmisiq\\\/#article\",\"isPartOf\":{\"@id\":\"https:\\\/\\\/www.meydan.tv\\\/az\\\/article\\\/putin-munaqisenin-tereflerine-serf-eden-guzesti-tapmaga-yaxinlasmisiq\\\/\"},\"author\":{\"name\":\"user-manager\",\"@id\":\"https:\\\/\\\/www.meydan.tv\\\/az\\\/#\\\/schema\\\/person\\\/10d11eccf6da3662cf5fdab9806ea91a\"},\"headline\":\"Putin: M\u00fcnaqi\u015f\u0259nin t\u0259r\u0259fl\u0259rin\u0259 s\u0259rf ed\u0259n g\u00fcz\u0259\u015fti tapma\u011fa yax\u0131nla\u015fm\u0131\u015f\u0131q\",\"datePublished\":\"2016-04-14T20:07:23+00:00\",\"mainEntityOfPage\":{\"@id\":\"https:\\\/\\\/www.meydan.tv\\\/az\\\/article\\\/putin-munaqisenin-tereflerine-serf-eden-guzesti-tapmaga-yaxinlasmisiq\\\/\"},\"wordCount\":670,\"publisher\":{\"@id\":\"https:\\\/\\\/www.meydan.tv\\\/az\\\/#organization\"},\"image\":{\"@id\":\"https:\\\/\\\/www.meydan.tv\\\/az\\\/article\\\/putin-munaqisenin-tereflerine-serf-eden-guzesti-tapmaga-yaxinlasmisiq\\\/#primaryimage\"},\"thumbnailUrl\":\"https:\\\/\\\/www.meydan.tv\\\/wp-content\\\/uploads\\\/20084.jpg\",\"articleSection\":[\"Analitika\"],\"inLanguage\":\"az\"},{\"@type\":\"WebPage\",\"@id\":\"https:\\\/\\\/www.meydan.tv\\\/az\\\/article\\\/putin-munaqisenin-tereflerine-serf-eden-guzesti-tapmaga-yaxinlasmisiq\\\/\",\"url\":\"https:\\\/\\\/www.meydan.tv\\\/az\\\/article\\\/putin-munaqisenin-tereflerine-serf-eden-guzesti-tapmaga-yaxinlasmisiq\\\/\",\"name\":\"Putin: M\u00fcnaqi\u015f\u0259nin t\u0259r\u0259fl\u0259rin\u0259 s\u0259rf ed\u0259n g\u00fcz\u0259\u015fti tapma\u011fa yax\u0131nla\u015fm\u0131\u015f\u0131q - MEYDAN.TV\",\"isPartOf\":{\"@id\":\"https:\\\/\\\/www.meydan.tv\\\/az\\\/#website\"},\"primaryImageOfPage\":{\"@id\":\"https:\\\/\\\/www.meydan.tv\\\/az\\\/article\\\/putin-munaqisenin-tereflerine-serf-eden-guzesti-tapmaga-yaxinlasmisiq\\\/#primaryimage\"},\"image\":{\"@id\":\"https:\\\/\\\/www.meydan.tv\\\/az\\\/article\\\/putin-munaqisenin-tereflerine-serf-eden-guzesti-tapmaga-yaxinlasmisiq\\\/#primaryimage\"},\"thumbnailUrl\":\"https:\\\/\\\/www.meydan.tv\\\/wp-content\\\/uploads\\\/20084.jpg\",\"datePublished\":\"2016-04-14T20:07:23+00:00\",\"breadcrumb\":{\"@id\":\"https:\\\/\\\/www.meydan.tv\\\/az\\\/article\\\/putin-munaqisenin-tereflerine-serf-eden-guzesti-tapmaga-yaxinlasmisiq\\\/#breadcrumb\"},\"inLanguage\":\"az\",\"potentialAction\":[{\"@type\":\"ReadAction\",\"target\":[\"https:\\\/\\\/www.meydan.tv\\\/az\\\/article\\\/putin-munaqisenin-tereflerine-serf-eden-guzesti-tapmaga-yaxinlasmisiq\\\/\"]}]},{\"@type\":\"ImageObject\",\"inLanguage\":\"az\",\"@id\":\"https:\\\/\\\/www.meydan.tv\\\/az\\\/article\\\/putin-munaqisenin-tereflerine-serf-eden-guzesti-tapmaga-yaxinlasmisiq\\\/#primaryimage\",\"url\":\"https:\\\/\\\/www.meydan.tv\\\/wp-content\\\/uploads\\\/20084.jpg\",\"contentUrl\":\"https:\\\/\\\/www.meydan.tv\\\/wp-content\\\/uploads\\\/20084.jpg\",\"width\":620,\"height\":387,\"caption\":\"Source:\"},{\"@type\":\"BreadcrumbList\",\"@id\":\"https:\\\/\\\/www.meydan.tv\\\/az\\\/article\\\/putin-munaqisenin-tereflerine-serf-eden-guzesti-tapmaga-yaxinlasmisiq\\\/#breadcrumb\",\"itemListElement\":[{\"@type\":\"ListItem\",\"position\":1,\"name\":\"Ana s\u0259hif\u0259\",\"item\":\"https:\\\/\\\/www.meydan.tv\\\/az\\\/\"},{\"@type\":\"ListItem\",\"position\":2,\"name\":\"Analitika\",\"item\":\"https:\\\/\\\/www.meydan.tv\\\/az\\\/section\\\/analitika\\\/\"},{\"@type\":\"ListItem\",\"position\":3,\"name\":\"Putin: M\u00fcnaqi\u015f\u0259nin t\u0259r\u0259fl\u0259rin\u0259 s\u0259rf ed\u0259n g\u00fcz\u0259\u015fti tapma\u011fa yax\u0131nla\u015fm\u0131\u015f\u0131q\"}]},{\"@type\":\"WebSite\",\"@id\":\"https:\\\/\\\/www.meydan.tv\\\/az\\\/#website\",\"url\":\"https:\\\/\\\/www.meydan.tv\\\/az\\\/\",\"name\":\"MEYDAN.TV\",\"description\":\"Meydan TV Az\u0259rbaycan\u0131n media m\u0259kan\u0131ndak\u0131 alternativ s\u0259sidir\",\"publisher\":{\"@id\":\"https:\\\/\\\/www.meydan.tv\\\/az\\\/#organization\"},\"potentialAction\":[{\"@type\":\"SearchAction\",\"target\":{\"@type\":\"EntryPoint\",\"urlTemplate\":\"https:\\\/\\\/www.meydan.tv\\\/az\\\/?s={search_term_string}\"},\"query-input\":{\"@type\":\"PropertyValueSpecification\",\"valueRequired\":true,\"valueName\":\"search_term_string\"}}],\"inLanguage\":\"az\"},{\"@type\":\"Organization\",\"@id\":\"https:\\\/\\\/www.meydan.tv\\\/az\\\/#organization\",\"name\":\"Meydan TV\",\"url\":\"https:\\\/\\\/www.meydan.tv\\\/az\\\/\",\"logo\":{\"@type\":\"ImageObject\",\"inLanguage\":\"az\",\"@id\":\"https:\\\/\\\/www.meydan.tv\\\/az\\\/#\\\/schema\\\/logo\\\/image\\\/\",\"url\":\"https:\\\/\\\/www.meydan.tv\\\/wp-content\\\/uploads\\\/2021\\\/07\\\/meydan-logo.svg\",\"contentUrl\":\"https:\\\/\\\/www.meydan.tv\\\/wp-content\\\/uploads\\\/2021\\\/07\\\/meydan-logo.svg\",\"width\":195,\"height\":46,\"caption\":\"Meydan TV\"},\"image\":{\"@id\":\"https:\\\/\\\/www.meydan.tv\\\/az\\\/#\\\/schema\\\/logo\\\/image\\\/\"}},{\"@type\":\"Person\",\"@id\":\"https:\\\/\\\/www.meydan.tv\\\/az\\\/#\\\/schema\\\/person\\\/10d11eccf6da3662cf5fdab9806ea91a\",\"name\":\"user-manager\"}]}<\/script>\n<!-- \/ Yoast SEO plugin. -->","yoast_head_json":{"title":"Putin: M\u00fcnaqi\u015f\u0259nin t\u0259r\u0259fl\u0259rin\u0259 s\u0259rf ed\u0259n g\u00fcz\u0259\u015fti tapma\u011fa yax\u0131nla\u015fm\u0131\u015f\u0131q - MEYDAN.TV","robots":{"index":"index","follow":"follow","max-snippet":"max-snippet:-1","max-image-preview":"max-image-preview:large","max-video-preview":"max-video-preview:-1"},"canonical":"https:\/\/www.meydan.tv\/az\/article\/putin-munaqisenin-tereflerine-serf-eden-guzesti-tapmaga-yaxinlasmisiq\/","og_locale":"az_AZ","og_type":"article","og_title":"Putin: M\u00fcnaqi\u015f\u0259nin t\u0259r\u0259fl\u0259rin\u0259 s\u0259rf ed\u0259n g\u00fcz\u0259\u015fti tapma\u011fa yax\u0131nla\u015fm\u0131\u015f\u0131q - MEYDAN.TV","og_description":"Putin: Bu, \u00e7oxdank\u0131 m\u00fcnaqi\u015f\u0259, \u00e7oxdank\u0131 problemdir, dondurulmu\u015f v\u0259ziyy\u0259td\u0259 idi, t\u0259\u0259ss\u00fcfl\u0259r olsun ki, orada q\u0131\u011f\u0131lc\u0131m ba\u015f verdi.","og_url":"https:\/\/www.meydan.tv\/az\/article\/putin-munaqisenin-tereflerine-serf-eden-guzesti-tapmaga-yaxinlasmisiq\/","og_site_name":"MEYDAN.TV","article_published_time":"2016-04-14T20:07:23+00:00","og_image":[{"width":620,"height":387,"url":"https:\/\/www.meydan.tv\/wp-content\/uploads\/20084.jpg","type":"image\/jpeg"}],"author":"user-manager","twitter_card":"summary_large_image","schema":{"@context":"https:\/\/schema.org","@graph":[{"@type":"Article","@id":"https:\/\/www.meydan.tv\/az\/article\/putin-munaqisenin-tereflerine-serf-eden-guzesti-tapmaga-yaxinlasmisiq\/#article","isPartOf":{"@id":"https:\/\/www.meydan.tv\/az\/article\/putin-munaqisenin-tereflerine-serf-eden-guzesti-tapmaga-yaxinlasmisiq\/"},"author":{"name":"user-manager","@id":"https:\/\/www.meydan.tv\/az\/#\/schema\/person\/10d11eccf6da3662cf5fdab9806ea91a"},"headline":"Putin: M\u00fcnaqi\u015f\u0259nin t\u0259r\u0259fl\u0259rin\u0259 s\u0259rf ed\u0259n g\u00fcz\u0259\u015fti tapma\u011fa yax\u0131nla\u015fm\u0131\u015f\u0131q","datePublished":"2016-04-14T20:07:23+00:00","mainEntityOfPage":{"@id":"https:\/\/www.meydan.tv\/az\/article\/putin-munaqisenin-tereflerine-serf-eden-guzesti-tapmaga-yaxinlasmisiq\/"},"wordCount":670,"publisher":{"@id":"https:\/\/www.meydan.tv\/az\/#organization"},"image":{"@id":"https:\/\/www.meydan.tv\/az\/article\/putin-munaqisenin-tereflerine-serf-eden-guzesti-tapmaga-yaxinlasmisiq\/#primaryimage"},"thumbnailUrl":"https:\/\/www.meydan.tv\/wp-content\/uploads\/20084.jpg","articleSection":["Analitika"],"inLanguage":"az"},{"@type":"WebPage","@id":"https:\/\/www.meydan.tv\/az\/article\/putin-munaqisenin-tereflerine-serf-eden-guzesti-tapmaga-yaxinlasmisiq\/","url":"https:\/\/www.meydan.tv\/az\/article\/putin-munaqisenin-tereflerine-serf-eden-guzesti-tapmaga-yaxinlasmisiq\/","name":"Putin: M\u00fcnaqi\u015f\u0259nin t\u0259r\u0259fl\u0259rin\u0259 s\u0259rf ed\u0259n g\u00fcz\u0259\u015fti tapma\u011fa yax\u0131nla\u015fm\u0131\u015f\u0131q - MEYDAN.TV","isPartOf":{"@id":"https:\/\/www.meydan.tv\/az\/#website"},"primaryImageOfPage":{"@id":"https:\/\/www.meydan.tv\/az\/article\/putin-munaqisenin-tereflerine-serf-eden-guzesti-tapmaga-yaxinlasmisiq\/#primaryimage"},"image":{"@id":"https:\/\/www.meydan.tv\/az\/article\/putin-munaqisenin-tereflerine-serf-eden-guzesti-tapmaga-yaxinlasmisiq\/#primaryimage"},"thumbnailUrl":"https:\/\/www.meydan.tv\/wp-content\/uploads\/20084.jpg","datePublished":"2016-04-14T20:07:23+00:00","breadcrumb":{"@id":"https:\/\/www.meydan.tv\/az\/article\/putin-munaqisenin-tereflerine-serf-eden-guzesti-tapmaga-yaxinlasmisiq\/#breadcrumb"},"inLanguage":"az","potentialAction":[{"@type":"ReadAction","target":["https:\/\/www.meydan.tv\/az\/article\/putin-munaqisenin-tereflerine-serf-eden-guzesti-tapmaga-yaxinlasmisiq\/"]}]},{"@type":"ImageObject","inLanguage":"az","@id":"https:\/\/www.meydan.tv\/az\/article\/putin-munaqisenin-tereflerine-serf-eden-guzesti-tapmaga-yaxinlasmisiq\/#primaryimage","url":"https:\/\/www.meydan.tv\/wp-content\/uploads\/20084.jpg","contentUrl":"https:\/\/www.meydan.tv\/wp-content\/uploads\/20084.jpg","width":620,"height":387,"caption":"Source:"},{"@type":"BreadcrumbList","@id":"https:\/\/www.meydan.tv\/az\/article\/putin-munaqisenin-tereflerine-serf-eden-guzesti-tapmaga-yaxinlasmisiq\/#breadcrumb","itemListElement":[{"@type":"ListItem","position":1,"name":"Ana s\u0259hif\u0259","item":"https:\/\/www.meydan.tv\/az\/"},{"@type":"ListItem","position":2,"name":"Analitika","item":"https:\/\/www.meydan.tv\/az\/section\/analitika\/"},{"@type":"ListItem","position":3,"name":"Putin: M\u00fcnaqi\u015f\u0259nin t\u0259r\u0259fl\u0259rin\u0259 s\u0259rf ed\u0259n g\u00fcz\u0259\u015fti tapma\u011fa yax\u0131nla\u015fm\u0131\u015f\u0131q"}]},{"@type":"WebSite","@id":"https:\/\/www.meydan.tv\/az\/#website","url":"https:\/\/www.meydan.tv\/az\/","name":"MEYDAN.TV","description":"Meydan TV Az\u0259rbaycan\u0131n media m\u0259kan\u0131ndak\u0131 alternativ s\u0259sidir","publisher":{"@id":"https:\/\/www.meydan.tv\/az\/#organization"},"potentialAction":[{"@type":"SearchAction","target":{"@type":"EntryPoint","urlTemplate":"https:\/\/www.meydan.tv\/az\/?s={search_term_string}"},"query-input":{"@type":"PropertyValueSpecification","valueRequired":true,"valueName":"search_term_string"}}],"inLanguage":"az"},{"@type":"Organization","@id":"https:\/\/www.meydan.tv\/az\/#organization","name":"Meydan TV","url":"https:\/\/www.meydan.tv\/az\/","logo":{"@type":"ImageObject","inLanguage":"az","@id":"https:\/\/www.meydan.tv\/az\/#\/schema\/logo\/image\/","url":"https:\/\/www.meydan.tv\/wp-content\/uploads\/2021\/07\/meydan-logo.svg","contentUrl":"https:\/\/www.meydan.tv\/wp-content\/uploads\/2021\/07\/meydan-logo.svg","width":195,"height":46,"caption":"Meydan TV"},"image":{"@id":"https:\/\/www.meydan.tv\/az\/#\/schema\/logo\/image\/"}},{"@type":"Person","@id":"https:\/\/www.meydan.tv\/az\/#\/schema\/person\/10d11eccf6da3662cf5fdab9806ea91a","name":"user-manager"}]}},"_links":{"self":[{"href":"https:\/\/www.meydan.tv\/az\/wp-json\/wp\/v2\/posts\/175186","targetHints":{"allow":["GET"]}}],"collection":[{"href":"https:\/\/www.meydan.tv\/az\/wp-json\/wp\/v2\/posts"}],"about":[{"href":"https:\/\/www.meydan.tv\/az\/wp-json\/wp\/v2\/types\/post"}],"author":[{"embeddable":true,"href":"https:\/\/www.meydan.tv\/az\/wp-json\/wp\/v2\/users\/11"}],"replies":[{"embeddable":true,"href":"https:\/\/www.meydan.tv\/az\/wp-json\/wp\/v2\/comments?post=175186"}],"version-history":[{"count":0,"href":"https:\/\/www.meydan.tv\/az\/wp-json\/wp\/v2\/posts\/175186\/revisions"}],"wp:featuredmedia":[{"embeddable":true,"href":"https:\/\/www.meydan.tv\/az\/wp-json\/wp\/v2\/media\/53219"}],"wp:attachment":[{"href":"https:\/\/www.meydan.tv\/az\/wp-json\/wp\/v2\/media?parent=175186"}],"wp:term":[{"taxonomy":"category","embeddable":true,"href":"https:\/\/www.meydan.tv\/az\/wp-json\/wp\/v2\/categories?post=175186"},{"taxonomy":"post_tag","embeddable":true,"href":"https:\/\/www.meydan.tv\/az\/wp-json\/wp\/v2\/tags?post=175186"}],"curies":[{"name":"wp","href":"https:\/\/api.w.org\/{rel}","templated":true}]}}