{"id":175185,"date":"2016-04-14T19:38:50","date_gmt":"2016-04-14T19:38:50","guid":{"rendered":"https:\/\/www.meydan.tv\/article\/ermenistan-parlamentine-dagliq-qarabag-layihesi-teqdim-olundu\/"},"modified":"2016-04-14T19:38:50","modified_gmt":"2016-04-14T19:38:50","slug":"ermenistan-parlamentine-dagliq-qarabag-layihesi-teqdim-olundu","status":"publish","type":"post","link":"https:\/\/www.meydan.tv\/az\/article\/ermenistan-parlamentine-dagliq-qarabag-layihesi-teqdim-olundu\/","title":{"rendered":"Erm\u0259nistan parlamentin\u0259 &#8221;Da\u011fl\u0131q Qaraba\u011f&#8221; layih\u0259si t\u0259qdim olundu"},"content":{"rendered":"<figure class=\"wp-block-image size-large\">\n  <img decoding=\"async\" src=\"https:\/\/www.meydan.tv\/az\/ermenistan-parlamenti\/\" alt=\"Erm\u0259nistan parlamenti\" class=\"wp-image-54720\"\/><figcaption>\n    Erm\u0259nistan parlamenti<br \/>\n  <\/figcaption><\/figure>\n<figure class=\"wp-block-image size-large\">\n  <img decoding=\"async\" src=\"https:\/\/www.meydan.tv\/az\/ermenistan-parlamenti\/\" alt=\"Erm\u0259nistan parlamenti\" class=\"wp-image-54720\"\/><figcaption>\n    Erm\u0259nistan parlamenti<br \/>\n  <\/figcaption><\/figure>\n<p>\n  <i><br \/>\n    Deputatlar rejimin m\u00fcst\u0259qilliyinin tan\u0131nmas\u0131n\u0131 t\u0259klif edibl\u0259r<br \/>\n  <\/i>\n<\/p>\n<p>\n  Erm\u0259nistanl\u0131 deputatlar Grant Baqratyan v\u0259 Zaruhi Postanjyan parlament\u0259 \u201cDa\u011fl\u0131q Qaraba\u011f\u201d\u0131n m\u00fcst\u0259qilliyinin tan\u0131nmas\u0131n\u0131 \u0259ks etdir\u0259n qanun layih\u0259si t\u0259qdim edibl\u0259r.\n<\/p>\n<p>\n  Tert.am yaz\u0131r ki, iki madd\u0259d\u0259n ibar\u0259t qanun layih\u0259si \u201cDa\u011fl\u0131q Qaraba\u011f\u201d\u0131n m\u00fcst\u0259qilliyinin tan\u0131nmas\u0131n\u0131 v\u0259 qanunun d\u0259rc olundu\u011fu g\u00fcnd\u0259n q\u00fcvv\u0259y\u0259 minm\u0259sini \u0259ks etdirir.\n<\/p>\n<p>\n  Zaruhi Postanjyan m\u00fcxalif \u0130rs fraksiyas\u0131ndan, Qrant Bagratyan is\u0259 Erm\u0259ni Milli Konqresind\u0259n olan deputatlard\u0131r.\n<\/p>\n<p>\n  Aprelin 3-d\u0259 c\u0259bh\u0259 x\u0259ttind\u0259 ged\u0259n d\u00f6y\u00fc\u015fl\u0259r zaman\u0131 Erm\u0259nistan prezidenti Serj Sarkisyan Milli T\u0259hl\u00fck\u0259sizlik \u015euras\u0131n\u0131n iclas\u0131nda \u201cDa\u011fl\u0131q Qaraba\u011f\u201dla qar\u015f\u0131l\u0131ql\u0131 m\u00fcdafi\u0259 m\u00fcqavil\u0259sinin imzalanmas\u0131 t\u0259klifini s\u0259sl\u0259ndirmi\u015fdi.\n<\/p>\n<p>\n  S.S\u0259rkisyan\u0131n a\u00e7\u0131qlamas\u0131n\u0131 Meydan TV-y\u0259 \u015f\u0259rh ed\u0259n siyasi \u015f\u0259rh\u00e7i<br \/>\n  <a href=\"\/az\/article\/serj-serkisyan-ermenistan-ve-dagliq-qarabag-mudafie-razilasmasi-imzalamalidir\/\" target=\"_blank\" rel=\"noopener\"><br \/>\n    Z\u0259rd\u00fc\u015ft \u018flizad\u0259 bildirmi\u015fdi ki<br \/>\n  <\/a><br \/>\n  , Erm\u0259nistan\u0131n \u201cDa\u011fl\u0131q Qaraba\u011f\u201d rejimi il\u0259 qar\u015f\u0131l\u0131ql\u0131 m\u00fcdafi\u0259 m\u00fcqavil\u0259si \u00a0imzalamas\u0131ndan \u0259vv\u0259l \u0130r\u0259van\u0131n Da\u011fl\u0131q Qaraba\u011f\u0131 m\u00fcst\u0259qil d\u00f6vl\u0259t kimi tan\u0131mas\u0131 vacibdir: \u201cTan\u0131nmam\u0131\u015f subyektl\u0259 n\u0259 c\u00fcr m\u00fcqavil\u0259 imzalaya bil\u0259r? \u018fg\u0259r Erm\u0259nistan Da\u011fl\u0131q Qaraba\u011f\u0131 m\u00fcst\u0259qil d\u00f6vl\u0259t kimi tan\u0131yarsa, Minsk Qrupuna son qoyulur, o zaman, bir yol qal\u0131r &#8211; m\u00fcharib\u0259\u201d.<\/p>\n","protected":false},"excerpt":{"rendered":"<p>Deputatlar rejimin m\u00fcst\u0259qilliyinin tan\u0131nmas\u0131n\u0131 t\u0259klif edibl\u0259r<\/p>\n","protected":false},"author":11,"featured_media":54720,"comment_status":"closed","ping_status":"open","sticky":false,"template":"","format":"standard","meta":{"_acf_changed":false,"_sitemap_exclude":false,"_sitemap_priority":"","_sitemap_frequency":"","footnotes":""},"categories":[51],"tags":[],"class_list":["post-175185","post","type-post","status-publish","format-standard","has-post-thumbnail","hentry","category-analitika","infinite-scroll-item","generate-columns","tablet-grid-50","mobile-grid-100","grid-parent","grid-33","no-featured-image-padding"],"acf":[],"yoast_head":"<!-- This site is optimized with the Yoast SEO plugin v27.5 - https:\/\/yoast.com\/product\/yoast-seo-wordpress\/ -->\n<title>Erm\u0259nistan parlamentin\u0259 &#039;&#039;Da\u011fl\u0131q Qaraba\u011f&#039;&#039; layih\u0259si t\u0259qdim olundu - MEYDAN.TV<\/title>\n<meta name=\"robots\" content=\"index, follow, max-snippet:-1, max-image-preview:large, max-video-preview:-1\" \/>\n<link rel=\"canonical\" href=\"https:\/\/www.meydan.tv\/az\/article\/ermenistan-parlamentine-dagliq-qarabag-layihesi-teqdim-olundu\/\" \/>\n<meta property=\"og:locale\" content=\"az_AZ\" \/>\n<meta property=\"og:type\" content=\"article\" \/>\n<meta property=\"og:title\" content=\"Erm\u0259nistan parlamentin\u0259 &#039;&#039;Da\u011fl\u0131q Qaraba\u011f&#039;&#039; layih\u0259si t\u0259qdim olundu - MEYDAN.TV\" \/>\n<meta property=\"og:description\" content=\"Deputatlar rejimin m\u00fcst\u0259qilliyinin tan\u0131nmas\u0131n\u0131 t\u0259klif edibl\u0259r\" \/>\n<meta property=\"og:url\" content=\"https:\/\/www.meydan.tv\/az\/article\/ermenistan-parlamentine-dagliq-qarabag-layihesi-teqdim-olundu\/\" \/>\n<meta property=\"og:site_name\" content=\"MEYDAN.TV\" \/>\n<meta property=\"article:published_time\" content=\"2016-04-14T19:38:50+00:00\" \/>\n<meta property=\"og:image\" content=\"https:\/\/www.meydan.tv\/wp-content\/uploads\/20662.jpg\" \/>\n\t<meta property=\"og:image:width\" content=\"660\" \/>\n\t<meta property=\"og:image:height\" content=\"330\" \/>\n\t<meta property=\"og:image:type\" content=\"image\/jpeg\" \/>\n<meta name=\"author\" content=\"user-manager\" \/>\n<meta name=\"twitter:card\" content=\"summary_large_image\" \/>\n<script type=\"application\/ld+json\" class=\"yoast-schema-graph\">{\"@context\":\"https:\\\/\\\/schema.org\",\"@graph\":[{\"@type\":\"Article\",\"@id\":\"https:\\\/\\\/www.meydan.tv\\\/az\\\/article\\\/ermenistan-parlamentine-dagliq-qarabag-layihesi-teqdim-olundu\\\/#article\",\"isPartOf\":{\"@id\":\"https:\\\/\\\/www.meydan.tv\\\/az\\\/article\\\/ermenistan-parlamentine-dagliq-qarabag-layihesi-teqdim-olundu\\\/\"},\"author\":{\"name\":\"user-manager\",\"@id\":\"https:\\\/\\\/www.meydan.tv\\\/az\\\/#\\\/schema\\\/person\\\/10d11eccf6da3662cf5fdab9806ea91a\"},\"headline\":\"Erm\u0259nistan parlamentin\u0259 &#8221;Da\u011fl\u0131q Qaraba\u011f&#8221; layih\u0259si t\u0259qdim olundu\",\"datePublished\":\"2016-04-14T19:38:50+00:00\",\"mainEntityOfPage\":{\"@id\":\"https:\\\/\\\/www.meydan.tv\\\/az\\\/article\\\/ermenistan-parlamentine-dagliq-qarabag-layihesi-teqdim-olundu\\\/\"},\"wordCount\":268,\"publisher\":{\"@id\":\"https:\\\/\\\/www.meydan.tv\\\/az\\\/#organization\"},\"image\":{\"@id\":\"https:\\\/\\\/www.meydan.tv\\\/az\\\/article\\\/ermenistan-parlamentine-dagliq-qarabag-layihesi-teqdim-olundu\\\/#primaryimage\"},\"thumbnailUrl\":\"https:\\\/\\\/www.meydan.tv\\\/wp-content\\\/uploads\\\/20662.jpg\",\"articleSection\":[\"Analitika\"],\"inLanguage\":\"az\"},{\"@type\":\"WebPage\",\"@id\":\"https:\\\/\\\/www.meydan.tv\\\/az\\\/article\\\/ermenistan-parlamentine-dagliq-qarabag-layihesi-teqdim-olundu\\\/\",\"url\":\"https:\\\/\\\/www.meydan.tv\\\/az\\\/article\\\/ermenistan-parlamentine-dagliq-qarabag-layihesi-teqdim-olundu\\\/\",\"name\":\"Erm\u0259nistan parlamentin\u0259 ''Da\u011fl\u0131q Qaraba\u011f'' layih\u0259si t\u0259qdim olundu - MEYDAN.TV\",\"isPartOf\":{\"@id\":\"https:\\\/\\\/www.meydan.tv\\\/az\\\/#website\"},\"primaryImageOfPage\":{\"@id\":\"https:\\\/\\\/www.meydan.tv\\\/az\\\/article\\\/ermenistan-parlamentine-dagliq-qarabag-layihesi-teqdim-olundu\\\/#primaryimage\"},\"image\":{\"@id\":\"https:\\\/\\\/www.meydan.tv\\\/az\\\/article\\\/ermenistan-parlamentine-dagliq-qarabag-layihesi-teqdim-olundu\\\/#primaryimage\"},\"thumbnailUrl\":\"https:\\\/\\\/www.meydan.tv\\\/wp-content\\\/uploads\\\/20662.jpg\",\"datePublished\":\"2016-04-14T19:38:50+00:00\",\"breadcrumb\":{\"@id\":\"https:\\\/\\\/www.meydan.tv\\\/az\\\/article\\\/ermenistan-parlamentine-dagliq-qarabag-layihesi-teqdim-olundu\\\/#breadcrumb\"},\"inLanguage\":\"az\",\"potentialAction\":[{\"@type\":\"ReadAction\",\"target\":[\"https:\\\/\\\/www.meydan.tv\\\/az\\\/article\\\/ermenistan-parlamentine-dagliq-qarabag-layihesi-teqdim-olundu\\\/\"]}]},{\"@type\":\"ImageObject\",\"inLanguage\":\"az\",\"@id\":\"https:\\\/\\\/www.meydan.tv\\\/az\\\/article\\\/ermenistan-parlamentine-dagliq-qarabag-layihesi-teqdim-olundu\\\/#primaryimage\",\"url\":\"https:\\\/\\\/www.meydan.tv\\\/wp-content\\\/uploads\\\/20662.jpg\",\"contentUrl\":\"https:\\\/\\\/www.meydan.tv\\\/wp-content\\\/uploads\\\/20662.jpg\",\"width\":660,\"height\":330,\"caption\":\"Source:\"},{\"@type\":\"BreadcrumbList\",\"@id\":\"https:\\\/\\\/www.meydan.tv\\\/az\\\/article\\\/ermenistan-parlamentine-dagliq-qarabag-layihesi-teqdim-olundu\\\/#breadcrumb\",\"itemListElement\":[{\"@type\":\"ListItem\",\"position\":1,\"name\":\"Ana s\u0259hif\u0259\",\"item\":\"https:\\\/\\\/www.meydan.tv\\\/az\\\/\"},{\"@type\":\"ListItem\",\"position\":2,\"name\":\"Analitika\",\"item\":\"https:\\\/\\\/www.meydan.tv\\\/az\\\/section\\\/analitika\\\/\"},{\"@type\":\"ListItem\",\"position\":3,\"name\":\"Erm\u0259nistan parlamentin\u0259 &#8221;Da\u011fl\u0131q Qaraba\u011f&#8221; layih\u0259si t\u0259qdim olundu\"}]},{\"@type\":\"WebSite\",\"@id\":\"https:\\\/\\\/www.meydan.tv\\\/az\\\/#website\",\"url\":\"https:\\\/\\\/www.meydan.tv\\\/az\\\/\",\"name\":\"MEYDAN.TV\",\"description\":\"Meydan TV Az\u0259rbaycan\u0131n media m\u0259kan\u0131ndak\u0131 alternativ s\u0259sidir\",\"publisher\":{\"@id\":\"https:\\\/\\\/www.meydan.tv\\\/az\\\/#organization\"},\"potentialAction\":[{\"@type\":\"SearchAction\",\"target\":{\"@type\":\"EntryPoint\",\"urlTemplate\":\"https:\\\/\\\/www.meydan.tv\\\/az\\\/?s={search_term_string}\"},\"query-input\":{\"@type\":\"PropertyValueSpecification\",\"valueRequired\":true,\"valueName\":\"search_term_string\"}}],\"inLanguage\":\"az\"},{\"@type\":\"Organization\",\"@id\":\"https:\\\/\\\/www.meydan.tv\\\/az\\\/#organization\",\"name\":\"Meydan TV\",\"url\":\"https:\\\/\\\/www.meydan.tv\\\/az\\\/\",\"logo\":{\"@type\":\"ImageObject\",\"inLanguage\":\"az\",\"@id\":\"https:\\\/\\\/www.meydan.tv\\\/az\\\/#\\\/schema\\\/logo\\\/image\\\/\",\"url\":\"https:\\\/\\\/www.meydan.tv\\\/wp-content\\\/uploads\\\/2021\\\/07\\\/meydan-logo.svg\",\"contentUrl\":\"https:\\\/\\\/www.meydan.tv\\\/wp-content\\\/uploads\\\/2021\\\/07\\\/meydan-logo.svg\",\"width\":195,\"height\":46,\"caption\":\"Meydan TV\"},\"image\":{\"@id\":\"https:\\\/\\\/www.meydan.tv\\\/az\\\/#\\\/schema\\\/logo\\\/image\\\/\"}},{\"@type\":\"Person\",\"@id\":\"https:\\\/\\\/www.meydan.tv\\\/az\\\/#\\\/schema\\\/person\\\/10d11eccf6da3662cf5fdab9806ea91a\",\"name\":\"user-manager\"}]}<\/script>\n<!-- \/ Yoast SEO plugin. -->","yoast_head_json":{"title":"Erm\u0259nistan parlamentin\u0259 ''Da\u011fl\u0131q Qaraba\u011f'' layih\u0259si t\u0259qdim olundu - MEYDAN.TV","robots":{"index":"index","follow":"follow","max-snippet":"max-snippet:-1","max-image-preview":"max-image-preview:large","max-video-preview":"max-video-preview:-1"},"canonical":"https:\/\/www.meydan.tv\/az\/article\/ermenistan-parlamentine-dagliq-qarabag-layihesi-teqdim-olundu\/","og_locale":"az_AZ","og_type":"article","og_title":"Erm\u0259nistan parlamentin\u0259 ''Da\u011fl\u0131q Qaraba\u011f'' layih\u0259si t\u0259qdim olundu - MEYDAN.TV","og_description":"Deputatlar rejimin m\u00fcst\u0259qilliyinin tan\u0131nmas\u0131n\u0131 t\u0259klif edibl\u0259r","og_url":"https:\/\/www.meydan.tv\/az\/article\/ermenistan-parlamentine-dagliq-qarabag-layihesi-teqdim-olundu\/","og_site_name":"MEYDAN.TV","article_published_time":"2016-04-14T19:38:50+00:00","og_image":[{"width":660,"height":330,"url":"https:\/\/www.meydan.tv\/wp-content\/uploads\/20662.jpg","type":"image\/jpeg"}],"author":"user-manager","twitter_card":"summary_large_image","schema":{"@context":"https:\/\/schema.org","@graph":[{"@type":"Article","@id":"https:\/\/www.meydan.tv\/az\/article\/ermenistan-parlamentine-dagliq-qarabag-layihesi-teqdim-olundu\/#article","isPartOf":{"@id":"https:\/\/www.meydan.tv\/az\/article\/ermenistan-parlamentine-dagliq-qarabag-layihesi-teqdim-olundu\/"},"author":{"name":"user-manager","@id":"https:\/\/www.meydan.tv\/az\/#\/schema\/person\/10d11eccf6da3662cf5fdab9806ea91a"},"headline":"Erm\u0259nistan parlamentin\u0259 &#8221;Da\u011fl\u0131q Qaraba\u011f&#8221; layih\u0259si t\u0259qdim olundu","datePublished":"2016-04-14T19:38:50+00:00","mainEntityOfPage":{"@id":"https:\/\/www.meydan.tv\/az\/article\/ermenistan-parlamentine-dagliq-qarabag-layihesi-teqdim-olundu\/"},"wordCount":268,"publisher":{"@id":"https:\/\/www.meydan.tv\/az\/#organization"},"image":{"@id":"https:\/\/www.meydan.tv\/az\/article\/ermenistan-parlamentine-dagliq-qarabag-layihesi-teqdim-olundu\/#primaryimage"},"thumbnailUrl":"https:\/\/www.meydan.tv\/wp-content\/uploads\/20662.jpg","articleSection":["Analitika"],"inLanguage":"az"},{"@type":"WebPage","@id":"https:\/\/www.meydan.tv\/az\/article\/ermenistan-parlamentine-dagliq-qarabag-layihesi-teqdim-olundu\/","url":"https:\/\/www.meydan.tv\/az\/article\/ermenistan-parlamentine-dagliq-qarabag-layihesi-teqdim-olundu\/","name":"Erm\u0259nistan parlamentin\u0259 ''Da\u011fl\u0131q Qaraba\u011f'' layih\u0259si t\u0259qdim olundu - MEYDAN.TV","isPartOf":{"@id":"https:\/\/www.meydan.tv\/az\/#website"},"primaryImageOfPage":{"@id":"https:\/\/www.meydan.tv\/az\/article\/ermenistan-parlamentine-dagliq-qarabag-layihesi-teqdim-olundu\/#primaryimage"},"image":{"@id":"https:\/\/www.meydan.tv\/az\/article\/ermenistan-parlamentine-dagliq-qarabag-layihesi-teqdim-olundu\/#primaryimage"},"thumbnailUrl":"https:\/\/www.meydan.tv\/wp-content\/uploads\/20662.jpg","datePublished":"2016-04-14T19:38:50+00:00","breadcrumb":{"@id":"https:\/\/www.meydan.tv\/az\/article\/ermenistan-parlamentine-dagliq-qarabag-layihesi-teqdim-olundu\/#breadcrumb"},"inLanguage":"az","potentialAction":[{"@type":"ReadAction","target":["https:\/\/www.meydan.tv\/az\/article\/ermenistan-parlamentine-dagliq-qarabag-layihesi-teqdim-olundu\/"]}]},{"@type":"ImageObject","inLanguage":"az","@id":"https:\/\/www.meydan.tv\/az\/article\/ermenistan-parlamentine-dagliq-qarabag-layihesi-teqdim-olundu\/#primaryimage","url":"https:\/\/www.meydan.tv\/wp-content\/uploads\/20662.jpg","contentUrl":"https:\/\/www.meydan.tv\/wp-content\/uploads\/20662.jpg","width":660,"height":330,"caption":"Source:"},{"@type":"BreadcrumbList","@id":"https:\/\/www.meydan.tv\/az\/article\/ermenistan-parlamentine-dagliq-qarabag-layihesi-teqdim-olundu\/#breadcrumb","itemListElement":[{"@type":"ListItem","position":1,"name":"Ana s\u0259hif\u0259","item":"https:\/\/www.meydan.tv\/az\/"},{"@type":"ListItem","position":2,"name":"Analitika","item":"https:\/\/www.meydan.tv\/az\/section\/analitika\/"},{"@type":"ListItem","position":3,"name":"Erm\u0259nistan parlamentin\u0259 &#8221;Da\u011fl\u0131q Qaraba\u011f&#8221; layih\u0259si t\u0259qdim olundu"}]},{"@type":"WebSite","@id":"https:\/\/www.meydan.tv\/az\/#website","url":"https:\/\/www.meydan.tv\/az\/","name":"MEYDAN.TV","description":"Meydan TV Az\u0259rbaycan\u0131n media m\u0259kan\u0131ndak\u0131 alternativ s\u0259sidir","publisher":{"@id":"https:\/\/www.meydan.tv\/az\/#organization"},"potentialAction":[{"@type":"SearchAction","target":{"@type":"EntryPoint","urlTemplate":"https:\/\/www.meydan.tv\/az\/?s={search_term_string}"},"query-input":{"@type":"PropertyValueSpecification","valueRequired":true,"valueName":"search_term_string"}}],"inLanguage":"az"},{"@type":"Organization","@id":"https:\/\/www.meydan.tv\/az\/#organization","name":"Meydan TV","url":"https:\/\/www.meydan.tv\/az\/","logo":{"@type":"ImageObject","inLanguage":"az","@id":"https:\/\/www.meydan.tv\/az\/#\/schema\/logo\/image\/","url":"https:\/\/www.meydan.tv\/wp-content\/uploads\/2021\/07\/meydan-logo.svg","contentUrl":"https:\/\/www.meydan.tv\/wp-content\/uploads\/2021\/07\/meydan-logo.svg","width":195,"height":46,"caption":"Meydan TV"},"image":{"@id":"https:\/\/www.meydan.tv\/az\/#\/schema\/logo\/image\/"}},{"@type":"Person","@id":"https:\/\/www.meydan.tv\/az\/#\/schema\/person\/10d11eccf6da3662cf5fdab9806ea91a","name":"user-manager"}]}},"_links":{"self":[{"href":"https:\/\/www.meydan.tv\/az\/wp-json\/wp\/v2\/posts\/175185","targetHints":{"allow":["GET"]}}],"collection":[{"href":"https:\/\/www.meydan.tv\/az\/wp-json\/wp\/v2\/posts"}],"about":[{"href":"https:\/\/www.meydan.tv\/az\/wp-json\/wp\/v2\/types\/post"}],"author":[{"embeddable":true,"href":"https:\/\/www.meydan.tv\/az\/wp-json\/wp\/v2\/users\/11"}],"replies":[{"embeddable":true,"href":"https:\/\/www.meydan.tv\/az\/wp-json\/wp\/v2\/comments?post=175185"}],"version-history":[{"count":0,"href":"https:\/\/www.meydan.tv\/az\/wp-json\/wp\/v2\/posts\/175185\/revisions"}],"wp:featuredmedia":[{"embeddable":true,"href":"https:\/\/www.meydan.tv\/az\/wp-json\/wp\/v2\/media\/54720"}],"wp:attachment":[{"href":"https:\/\/www.meydan.tv\/az\/wp-json\/wp\/v2\/media?parent=175185"}],"wp:term":[{"taxonomy":"category","embeddable":true,"href":"https:\/\/www.meydan.tv\/az\/wp-json\/wp\/v2\/categories?post=175185"},{"taxonomy":"post_tag","embeddable":true,"href":"https:\/\/www.meydan.tv\/az\/wp-json\/wp\/v2\/tags?post=175185"}],"curies":[{"name":"wp","href":"https:\/\/api.w.org\/{rel}","templated":true}]}}