{"id":175176,"date":"2016-04-14T16:54:44","date_gmt":"2016-04-14T16:54:44","guid":{"rendered":"https:\/\/www.meydan.tv\/article\/iqtidarin-ve-muxalifetin-medvedevleri\/"},"modified":"2016-04-14T16:54:44","modified_gmt":"2016-04-14T16:54:44","slug":"iqtidarin-ve-muxalifetin-medvedevleri","status":"publish","type":"post","link":"https:\/\/www.meydan.tv\/az\/article\/iqtidarin-ve-muxalifetin-medvedevleri\/","title":{"rendered":"\u0130qtidar\u0131n v\u0259 m\u00fcxalif\u0259tin \u201cMedvedev\u201dl\u0259ri"},"content":{"rendered":"<figure class=\"wp-block-image size-large\">\n  <img decoding=\"async\" src=\"https:\/\/www.meydan.tv\/az\/54702\/\" alt=\"\" class=\"wp-image-54702\"\/><figcaption><\/figcaption><\/figure>\n<figure class=\"wp-block-image size-large\">\n  <img decoding=\"async\" src=\"https:\/\/www.meydan.tv\/az\/54699\/\" alt=\"\" class=\"wp-image-54699\"\/><figcaption><\/figcaption><\/figure>\n<p>\n  2008-ci il may\u0131n 7-d\u0259 Rusiyada bir eksperimentin ger\u00e7\u0259kl\u0259\u015fdirilm\u0259sin\u0259 ba\u015fland\u0131. Dmitri Medvedev prezident oldu. 2012-ci il may\u0131n 7-d\u0259 is\u0259 eksperimentin ger\u00e7\u0259kl\u0259\u015fdirilm\u0259si ba\u015fa \u00e7atd\u0131 v\u0259 Rusiyan\u0131n adi reall\u0131\u011f\u0131na \u00e7evrildi \u2013 Putin yenid\u0259n prezident oldu. Bu, qanunla spekulyasiya etm\u0259k idi. Bunun yax\u015f\u0131 v\u0259 ya pis oldu\u011fu, \u00fcmumi yana\u015fd\u0131qda m\u00fczakir\u0259 olunmur. Amma m\u00fcqayis\u0259y\u0259 \u00e7\u0131xartd\u0131qda, m\u00fczakir\u0259y\u0259 a\u00e7\u0131qd\u0131r. Y\u0259ni \u00f6z\u00fcn\u00fc birba\u015fa konstitusiyadan \u00fcst\u00fcn etm\u0259k yax\u015f\u0131d\u0131r, yoxsa qanunla \u201coynamaq\u201d?\n<\/p>\n<p>\n  Havel \u201cG\u00fccs\u00fczl\u0259rin g\u00fcc\u00fc\u201dnd\u0259 deyir ki, bizim (sosialist \u00f6lk\u0259l\u0259rini n\u0259z\u0259rd\u0259 tuturdu) diktaturalar\u0131n Afrika diktaturalar\u0131ndan f\u0259rqi ondad\u0131r ki, bizd\u0259 formal olaraq, qanunlara riay\u0259t edirl\u0259r. M\u0259s\u0259l\u0259n, SSR\u0130-d\u0259 kimis\u0259 \u00f6ld\u00fcrm\u0259k laz\u0131m g\u0259l\u0259nd\u0259, m\u0259hk\u0259m\u0259sini edirl\u0259r, \u00f6l\u00fcm h\u00f6km\u00fc verib, g\u00fcll\u0259l\u0259yirl\u0259r. Amma Afrikada prezident deyir, filank\u0259si \u00f6ld\u00fcr\u00fcn, gedib he\u00e7 bir m\u0259hk\u0259m\u0259 q\u0259rar\u0131-filan olmadan \u00f6ld\u00fcr\u00fcrl\u0259r.\n<\/p>\n<p>\n  Lat\u0131n Amerikas\u0131 diktaturalar\u0131nda da Afrikadak\u0131 kimi idi, sad\u0259c\u0259 daha gizli \u00f6ld\u00fcrm\u0259y\u0259 \u00e7al\u0131\u015f\u0131rd\u0131lar. SSR\u0130-d\u0259 is\u0259 evind\u0259n \u00f6ld\u00fcr\u00fclm\u0259k \u00fc\u00e7\u00fcn \u00e7a\u011f\u0131r\u0131lan adam bar\u0259d\u0259 cinay\u0259t i\u015fi a\u00e7\u0131l\u0131rd\u0131, ibtidai istintaq\u0131 apar\u0131l\u0131rd\u0131, bar\u0259sind\u0259 h\u00f6km, h\u00f6kmd\u0259n \u015fikay\u0259t verm\u0259 m\u00fcdd\u0259ti, instansiyalar\u0131 olurdu. D\u00fczd\u00fcr, yax\u0131n n\u0259tic\u0259 h\u0259r ikisind\u0259 d\u0259 eyni idi \u2013 repressiya v\u0259 ya irtica h\u0259yata ke\u00e7irilirdi. Amma uzaq n\u0259tic\u0259 f\u0259rqli ola bil\u0259r.\n<\/p>\n<p>\n  Uzaq n\u0259tic\u0259 \u201ci\u015fl\u0259y\u0259n pis qanun, yoxsa i\u015fl\u0259m\u0259y\u0259n yax\u015f\u0131 qanun?\u201d m\u00fczakir\u0259sinin n\u0259tic\u0259sidir. \u0130\u015fl\u0259y\u0259n pis qanun diktatora ist\u0259diyini h\u0259yata ke\u00e7irm\u0259y\u0259 el\u0259 imkan verir ki, sonra \u00f6z\u00fcn\u0259 b\u0259ra\u0259t qazand\u0131randa \u201cM\u0259n ist\u0259s\u0259m d\u0259, d\u0259yi\u015f\u0259 bilm\u0259r\u0259m. Qanun bel\u0259dir\u201d dey\u0259 bilsin. Bel\u0259 dem\u0259k m\u00fcmk\u00fcns\u0259, bu, daha h\u0259yas\u0131z sistemdir. Belarus kimi.\n<\/p>\n<p>\n  Luka\u015fenko s\u0259mimi olaraq, diktator oldu\u011funu b\u0259yan edir v\u0259 ya Nazarbayev qanunla \u00f6m\u00fcrl\u00fck prezidentdir. \u0130\u015fl\u0259m\u0259y\u0259n yax\u015f\u0131 qanunda is\u0259 insanlar\u0131n, qanunu i\u015fl\u0259d\u0259 bil\u0259rl\u0259rs\u0259, h\u0259r \u015feyin d\u00fcz\u0259l\u0259c\u0259yin\u0259 \u00fcmidi ola bil\u0259r. \u00c7\u00fcnki h\u00f6kum\u0259t qanunlarla spekulyasiya edir, h\u0259m\u00e7inin bu zaman imitasiya da olur ki, bu da v\u0259t\u0259nda\u015f c\u0259miyy\u0259tinin, azad median\u0131n qism\u0259n d\u0259 olsa, ya\u015famas\u0131na imkan verir.\n<\/p>\n<p>\n  Lakin i\u015fl\u0259y\u0259n pis qanun \u015f\u0259raiti h\u0259m d\u0259 o dem\u0259kdir ki, insanlar qanunu d\u0259yi\u015fm\u0259kl\u0259 rejimi d\u0259yi\u015f\u0259c\u0259kl\u0259rin\u0259 inan\u0131rlar. M\u0259s\u0259l\u0259n, AB\u015e-da. Quldarl\u0131\u011f\u0131 d\u0259yi\u015fm\u0259k \u00fc\u00e7\u00fcn qanunu d\u0259yi\u015fdil\u0259r. Sonra qanunun t\u0259fsiri m\u00fcbahis\u0259 do\u011furdu, m\u00fcharib\u0259 d\u0259 oldu, ax\u0131rda qanun t\u0259fsir edildi, ham\u0131 sakitl\u0259\u015fib, adam kimi ya\u015fama\u011fa ba\u015flad\u0131. \u0130\u015fl\u0259m\u0259y\u0259n yax\u015f\u0131 qanun is\u0259 qanunu h\u00f6rm\u0259td\u0259n sal\u0131r. \u0130nsanlar hesab edirl\u0259r ki, qanunu d\u0259yi\u015fm\u0259kl\u0259 n\u0259 is\u0259 h\u0259ll olunmur. \u018fsas qanunu i\u015f\u0259 salmaqd\u0131r, buna g\u00f6r\u0259 d\u0259 qanunu i\u015fl\u0259d\u0259n subyekti d\u0259yi\u015fm\u0259k laz\u0131md\u0131r, n\u0259tic\u0259d\u0259 qanl\u0131 \u00e7evrili\u015f ehtimal\u0131 art\u0131r.\n<\/p>\n<p>\n  2009-cu il\u0259 q\u0259d\u0259r Az\u0259rbaycanda \u201ci\u015fl\u0259m\u0259y\u0259n yax\u015f\u0131 qanun\u201d modeli daha \u00fcst\u00fcn idi. O zaman is\u0259 Konstitusiya d\u0259yi\u015fdirildi, prezidentliy\u0259 2 d\u0259f\u0259 se\u00e7ilm\u0259 limiti l\u0259\u011fv edildi. Bununla da qanunlar\u0131n pisl\u0259\u015fdirilm\u0259si g\u00fccl\u0259ndirildi. Son bir ne\u00e7\u0259 ild\u0259 QHT, siyasi partiyalar v\u0259 s. qanunvericilikl\u0259r\u0259 m\u00fcrt\u0259ce d\u0259yi\u015fiklikl\u0259r d\u0259 bizim qanunlar\u0131 \u201cpis qanunlar\u201d kateqoriyas\u0131na sald\u0131. Amma, biz pisin d\u0259 pisi olduq. Bizim he\u00e7 pis qanunlar\u0131m\u0131z da i\u015fl\u0259m\u0259di. Bizd\u0259 \u201ci\u015fl\u0259m\u0259y\u0259n pis qanunlar\u201d rejimi yarad\u0131ld\u0131.\n<\/p>\n<p>\n  Ona g\u00f6r\u0259 d\u0259 bizd\u0259 prezident 2 d\u0259f\u0259 \u201cse\u00e7il\u0259nd\u0259n\u201d sonra yerin\u0259 ba\u015fqas\u0131n\u0131 qoyma\u011fa ehtiyac olmad\u0131. \u018flb\u0259tt\u0259, davam ed\u0259 bils\u0259, 4-c\u00fc d\u0259f\u0259 d\u0259 namiz\u0259dliyini ver\u0259c\u0259k. Biz Medvedev\u015finadan yaln\u0131z 2003-d\u0259 qism\u0259n istifad\u0259 etdik.\n<\/p>\n<p>\n  \u0130ndi is\u0259 Az\u0259rbaycanda h\u00f6kum\u0259tin Medvedev\u015finaya ehtiyac\u0131 yoxdur. Ba\u015f prokuror, Ombudsman daxil olmaqla, \u0259ks\u0259r h\u0259lledici m\u00f6vqel\u0259r \u00f6m\u00fcrl\u00fck elan olunub. Amma imitasiyan\u0131 saxlayan qon\u015fu \u00f6lk\u0259l\u0259r Medvedev\u015finadan h\u0259l\u0259 ki, istifad\u0259 edirl\u0259r. M\u0259s\u0259l\u0259n, Erdo\u011fan\u0131n \u201cmedvedevi\u201d Ahmet Davuto\u011fludur.\n<\/p>\n<p>\n  Az\u0259rbaycanda is\u0259 daxili idar\u0259etm\u0259sind\u0259 demokratiyan\u0131 imitasiya ed\u0259n klassik m\u00fcxalif\u0259t partiyalar\u0131d\u0131r \u2013 AXCP v\u0259 M\u00fcsavat. AXCP-d\u0259 \u018fli K\u0259rimlinin se\u00e7kisiz (t\u0259knamiz\u0259dli proses se\u00e7ki deyil, sad\u0259c\u0259 imitativ \u015foudur) \u015f\u0259kild\u0259 h\u0259r d\u0259f\u0259 hakimiyy\u0259t\u0259 yiy\u0259l\u0259nm\u0259si partiya daxilind\u0259 naraz\u0131l\u0131q, ictimai sektor daxilind\u0259 is\u0259 la\u011fla\u011f\u0131 do\u011furdu\u011fundan, \u018fli K\u0259rimli \u00f6z\u00fcn\u0259 bir \u201cmedvedev\u201d g\u0259tirdi \u2013 C\u0259mil H\u0259s\u0259nli. Prezident se\u00e7kil\u0259rind\u0259ki \u00e7\u0131x\u0131\u015flar\u0131 il\u0259 xeyli h\u00f6rm\u0259t qazanan a\u011fsaqqal adam indi \u018fli K\u0259rimlinin yan\u0131nda f\u0131rlan\u0131r, demokratik idar\u0259\u00e7ilik, \u201ca\u011fsaqqal s\u00f6z\u00fc\u201d imitasiyas\u0131 yarad\u0131r.\n<\/p>\n<p>\n  M\u00fcsavatda is\u0259 \u0130sa Q\u0259mb\u0259r 2 d\u0259f\u0259d\u0259n art\u0131q namiz\u0259dlik verm\u0259m\u0259k t\u0259cr\u00fcb\u0259sini yaratmaqla, \u201cM\u00fcsavat\u0131n Corc Va\u015finqtonu\u201d olmaq ist\u0259di, amma al\u0131nmad\u0131. \u00c7\u00fcnki hakimiyy\u0259td\u0259n \u0259l \u00e7\u0259km\u0259k \u00fc\u00e7\u00fcn s\u0259mimi olaraq, Corc Va\u015finqton olmaq laz\u0131md\u0131r. N\u0259tic\u0259d\u0259 \u0130sa Q\u0259mb\u0259r ba\u015fqan yerin\u0259 \u00f6z \u201cmedvedevini\u201d \u2013 Arif Hac\u0131l\u0131n\u0131 qoydu. M\u00fcsavat daxilind\u0259ki ikitir\u0259lik say\u0259sind\u0259 is\u0259 se\u00e7ki g\u00f6r\u00fcnt\u00fcs\u00fc v\u0259 se\u00e7ki il\u0259 se\u00e7ilmi\u015f ba\u015fqan imitasiyas\u0131 yarad\u0131ld\u0131.\n<\/p>\n<p>\n  Ayd\u0131n m\u0259s\u0259l\u0259 idi ki, \u0130sa Q\u0259mb\u0259r kimi d\u0259st\u0259kl\u0259s\u0259, o da ba\u015fqan, daha do\u011frusu medvedev olacaqd\u0131. N\u0259tic\u0259ni vizual olaraq da, g\u00f6rm\u0259k olar. Medvedevhans\u0131sa yan kabinetd\u0259 oturur, \u0259sl ba\u015fqan\u0131 is\u0259 \u0259srin d\u00f6rdd\u0259 biri q\u0259d\u0259r oturdu\u011fu kabinetind\u0259n \u00e7\u0131xartmaq m\u00fcmk\u00fcn olmur.\n<\/p>\n<p>\n  \u00d6z Konstitusiyalar\u0131na, Nizamnam\u0259l\u0259rin\u0259 x\u0259yan\u0259t ed\u0259n bu insanlar\u0131n h\u0259r\u0259k\u0259tl\u0259rinin, yuxar\u0131da vur\u011fulad\u0131\u011f\u0131m kimi, m\u00fcsb\u0259t v\u0259 m\u0259nfi n\u0259tic\u0259l\u0259ri ola bil\u0259r. Bel\u0259 ki, medvedev\u015fina \u201cNizamnam\u0259ni, Konstitusiyan\u0131 m\u00f6hk\u0259ml\u0259ndirm\u0259kl\u0259, bu v\u0259ziyy\u0259td\u0259n \u00e7\u0131xmaq olar\u201d d\u00fc\u015f\u00fcnc\u0259sini d\u0259 yarada bil\u0259r, \u201cn\u0259 q\u0259d\u0259r ki, \u201cPutin\u201d (\u0259lb\u0259tt\u0259, AXCP-nin, M\u00fcsavat\u0131n, T\u00fcrkiy\u0259nin d\u0259 \u00f6z putinl\u0259ri n\u0259z\u0259rd\u0259 tutulur) var, he\u00e7 n\u0259 d\u0259yi\u015fm\u0259y\u0259c\u0259k\u201d fikrini d\u0259 formala\u015fd\u0131ra bil\u0259r.\n<\/p>\n<p>\n  <b><br \/>\n    Yaz\u0131 m\u00fc\u0259llifin \u015f\u0259xsi m\u00f6vqeyini \u0259ks etdirir. M\u00fc\u0259llifin m\u00f6vqeyi Meydan.Tv-nin m\u00f6vqeyi il\u0259 \u00fcst-\u00fcst\u0259 d\u00fc\u015fm\u0259y\u0259 bil\u0259r.<br \/>\n  <\/b><\/p>\n","protected":false},"excerpt":{"rendered":"<p>C\u0259mil H\u0259s\u0259nli \u018fli K\u0259rimlinin, Arif Hac\u0131l\u0131 \u0130sa Q\u0259mb\u0259rin&#8230;<\/p>\n","protected":false},"author":11,"featured_media":54702,"comment_status":"closed","ping_status":"open","sticky":false,"template":"","format":"standard","meta":{"_acf_changed":false,"_sitemap_exclude":false,"_sitemap_priority":"","_sitemap_frequency":"","footnotes":""},"categories":[57],"tags":[],"class_list":["post-175176","post","type-post","status-publish","format-standard","has-post-thumbnail","hentry","category-menim-fikrimce","infinite-scroll-item","generate-columns","tablet-grid-50","mobile-grid-100","grid-parent","grid-33","no-featured-image-padding"],"acf":[],"yoast_head":"<!-- This site is optimized with the Yoast SEO plugin v27.5 - https:\/\/yoast.com\/product\/yoast-seo-wordpress\/ -->\n<title>\u0130qtidar\u0131n v\u0259 m\u00fcxalif\u0259tin \u201cMedvedev\u201dl\u0259ri - MEYDAN.TV<\/title>\n<meta name=\"robots\" content=\"index, follow, max-snippet:-1, max-image-preview:large, max-video-preview:-1\" \/>\n<link rel=\"canonical\" href=\"https:\/\/www.meydan.tv\/az\/article\/iqtidarin-ve-muxalifetin-medvedevleri\/\" \/>\n<meta property=\"og:locale\" content=\"az_AZ\" \/>\n<meta property=\"og:type\" content=\"article\" \/>\n<meta property=\"og:title\" content=\"\u0130qtidar\u0131n v\u0259 m\u00fcxalif\u0259tin \u201cMedvedev\u201dl\u0259ri - MEYDAN.TV\" \/>\n<meta property=\"og:description\" content=\"C\u0259mil H\u0259s\u0259nli \u018fli K\u0259rimlinin, Arif Hac\u0131l\u0131 \u0130sa Q\u0259mb\u0259rin...\" \/>\n<meta property=\"og:url\" content=\"https:\/\/www.meydan.tv\/az\/article\/iqtidarin-ve-muxalifetin-medvedevleri\/\" \/>\n<meta property=\"og:site_name\" content=\"MEYDAN.TV\" \/>\n<meta property=\"article:published_time\" content=\"2016-04-14T16:54:44+00:00\" \/>\n<meta property=\"og:image\" content=\"https:\/\/www.meydan.tv\/wp-content\/uploads\/20653.jpg\" \/>\n\t<meta property=\"og:image:width\" content=\"400\" \/>\n\t<meta property=\"og:image:height\" content=\"400\" \/>\n\t<meta property=\"og:image:type\" content=\"image\/jpeg\" \/>\n<meta name=\"author\" content=\"user-manager\" \/>\n<meta name=\"twitter:card\" content=\"summary_large_image\" \/>\n<script type=\"application\/ld+json\" class=\"yoast-schema-graph\">{\"@context\":\"https:\\\/\\\/schema.org\",\"@graph\":[{\"@type\":\"Article\",\"@id\":\"https:\\\/\\\/www.meydan.tv\\\/az\\\/article\\\/iqtidarin-ve-muxalifetin-medvedevleri\\\/#article\",\"isPartOf\":{\"@id\":\"https:\\\/\\\/www.meydan.tv\\\/az\\\/article\\\/iqtidarin-ve-muxalifetin-medvedevleri\\\/\"},\"author\":{\"name\":\"user-manager\",\"@id\":\"https:\\\/\\\/www.meydan.tv\\\/az\\\/#\\\/schema\\\/person\\\/10d11eccf6da3662cf5fdab9806ea91a\"},\"headline\":\"\u0130qtidar\u0131n v\u0259 m\u00fcxalif\u0259tin \u201cMedvedev\u201dl\u0259ri\",\"datePublished\":\"2016-04-14T16:54:44+00:00\",\"mainEntityOfPage\":{\"@id\":\"https:\\\/\\\/www.meydan.tv\\\/az\\\/article\\\/iqtidarin-ve-muxalifetin-medvedevleri\\\/\"},\"wordCount\":1174,\"publisher\":{\"@id\":\"https:\\\/\\\/www.meydan.tv\\\/az\\\/#organization\"},\"image\":{\"@id\":\"https:\\\/\\\/www.meydan.tv\\\/az\\\/article\\\/iqtidarin-ve-muxalifetin-medvedevleri\\\/#primaryimage\"},\"thumbnailUrl\":\"https:\\\/\\\/www.meydan.tv\\\/wp-content\\\/uploads\\\/20653.jpg\",\"articleSection\":[\"M\u0259nim Fikrimc\u0259\"],\"inLanguage\":\"az\"},{\"@type\":\"WebPage\",\"@id\":\"https:\\\/\\\/www.meydan.tv\\\/az\\\/article\\\/iqtidarin-ve-muxalifetin-medvedevleri\\\/\",\"url\":\"https:\\\/\\\/www.meydan.tv\\\/az\\\/article\\\/iqtidarin-ve-muxalifetin-medvedevleri\\\/\",\"name\":\"\u0130qtidar\u0131n v\u0259 m\u00fcxalif\u0259tin \u201cMedvedev\u201dl\u0259ri - MEYDAN.TV\",\"isPartOf\":{\"@id\":\"https:\\\/\\\/www.meydan.tv\\\/az\\\/#website\"},\"primaryImageOfPage\":{\"@id\":\"https:\\\/\\\/www.meydan.tv\\\/az\\\/article\\\/iqtidarin-ve-muxalifetin-medvedevleri\\\/#primaryimage\"},\"image\":{\"@id\":\"https:\\\/\\\/www.meydan.tv\\\/az\\\/article\\\/iqtidarin-ve-muxalifetin-medvedevleri\\\/#primaryimage\"},\"thumbnailUrl\":\"https:\\\/\\\/www.meydan.tv\\\/wp-content\\\/uploads\\\/20653.jpg\",\"datePublished\":\"2016-04-14T16:54:44+00:00\",\"breadcrumb\":{\"@id\":\"https:\\\/\\\/www.meydan.tv\\\/az\\\/article\\\/iqtidarin-ve-muxalifetin-medvedevleri\\\/#breadcrumb\"},\"inLanguage\":\"az\",\"potentialAction\":[{\"@type\":\"ReadAction\",\"target\":[\"https:\\\/\\\/www.meydan.tv\\\/az\\\/article\\\/iqtidarin-ve-muxalifetin-medvedevleri\\\/\"]}]},{\"@type\":\"ImageObject\",\"inLanguage\":\"az\",\"@id\":\"https:\\\/\\\/www.meydan.tv\\\/az\\\/article\\\/iqtidarin-ve-muxalifetin-medvedevleri\\\/#primaryimage\",\"url\":\"https:\\\/\\\/www.meydan.tv\\\/wp-content\\\/uploads\\\/20653.jpg\",\"contentUrl\":\"https:\\\/\\\/www.meydan.tv\\\/wp-content\\\/uploads\\\/20653.jpg\",\"width\":400,\"height\":400,\"caption\":\"Source:\"},{\"@type\":\"BreadcrumbList\",\"@id\":\"https:\\\/\\\/www.meydan.tv\\\/az\\\/article\\\/iqtidarin-ve-muxalifetin-medvedevleri\\\/#breadcrumb\",\"itemListElement\":[{\"@type\":\"ListItem\",\"position\":1,\"name\":\"Ana s\u0259hif\u0259\",\"item\":\"https:\\\/\\\/www.meydan.tv\\\/az\\\/\"},{\"@type\":\"ListItem\",\"position\":2,\"name\":\"M\u0259nim Fikrimc\u0259\",\"item\":\"https:\\\/\\\/www.meydan.tv\\\/az\\\/section\\\/menim-fikrimce\\\/\"},{\"@type\":\"ListItem\",\"position\":3,\"name\":\"\u0130qtidar\u0131n v\u0259 m\u00fcxalif\u0259tin \u201cMedvedev\u201dl\u0259ri\"}]},{\"@type\":\"WebSite\",\"@id\":\"https:\\\/\\\/www.meydan.tv\\\/az\\\/#website\",\"url\":\"https:\\\/\\\/www.meydan.tv\\\/az\\\/\",\"name\":\"MEYDAN.TV\",\"description\":\"Meydan TV Az\u0259rbaycan\u0131n media m\u0259kan\u0131ndak\u0131 alternativ s\u0259sidir\",\"publisher\":{\"@id\":\"https:\\\/\\\/www.meydan.tv\\\/az\\\/#organization\"},\"potentialAction\":[{\"@type\":\"SearchAction\",\"target\":{\"@type\":\"EntryPoint\",\"urlTemplate\":\"https:\\\/\\\/www.meydan.tv\\\/az\\\/?s={search_term_string}\"},\"query-input\":{\"@type\":\"PropertyValueSpecification\",\"valueRequired\":true,\"valueName\":\"search_term_string\"}}],\"inLanguage\":\"az\"},{\"@type\":\"Organization\",\"@id\":\"https:\\\/\\\/www.meydan.tv\\\/az\\\/#organization\",\"name\":\"Meydan TV\",\"url\":\"https:\\\/\\\/www.meydan.tv\\\/az\\\/\",\"logo\":{\"@type\":\"ImageObject\",\"inLanguage\":\"az\",\"@id\":\"https:\\\/\\\/www.meydan.tv\\\/az\\\/#\\\/schema\\\/logo\\\/image\\\/\",\"url\":\"https:\\\/\\\/www.meydan.tv\\\/wp-content\\\/uploads\\\/2021\\\/07\\\/meydan-logo.svg\",\"contentUrl\":\"https:\\\/\\\/www.meydan.tv\\\/wp-content\\\/uploads\\\/2021\\\/07\\\/meydan-logo.svg\",\"width\":195,\"height\":46,\"caption\":\"Meydan TV\"},\"image\":{\"@id\":\"https:\\\/\\\/www.meydan.tv\\\/az\\\/#\\\/schema\\\/logo\\\/image\\\/\"}},{\"@type\":\"Person\",\"@id\":\"https:\\\/\\\/www.meydan.tv\\\/az\\\/#\\\/schema\\\/person\\\/10d11eccf6da3662cf5fdab9806ea91a\",\"name\":\"user-manager\"}]}<\/script>\n<!-- \/ Yoast SEO plugin. -->","yoast_head_json":{"title":"\u0130qtidar\u0131n v\u0259 m\u00fcxalif\u0259tin \u201cMedvedev\u201dl\u0259ri - MEYDAN.TV","robots":{"index":"index","follow":"follow","max-snippet":"max-snippet:-1","max-image-preview":"max-image-preview:large","max-video-preview":"max-video-preview:-1"},"canonical":"https:\/\/www.meydan.tv\/az\/article\/iqtidarin-ve-muxalifetin-medvedevleri\/","og_locale":"az_AZ","og_type":"article","og_title":"\u0130qtidar\u0131n v\u0259 m\u00fcxalif\u0259tin \u201cMedvedev\u201dl\u0259ri - MEYDAN.TV","og_description":"C\u0259mil H\u0259s\u0259nli \u018fli K\u0259rimlinin, Arif Hac\u0131l\u0131 \u0130sa Q\u0259mb\u0259rin...","og_url":"https:\/\/www.meydan.tv\/az\/article\/iqtidarin-ve-muxalifetin-medvedevleri\/","og_site_name":"MEYDAN.TV","article_published_time":"2016-04-14T16:54:44+00:00","og_image":[{"width":400,"height":400,"url":"https:\/\/www.meydan.tv\/wp-content\/uploads\/20653.jpg","type":"image\/jpeg"}],"author":"user-manager","twitter_card":"summary_large_image","schema":{"@context":"https:\/\/schema.org","@graph":[{"@type":"Article","@id":"https:\/\/www.meydan.tv\/az\/article\/iqtidarin-ve-muxalifetin-medvedevleri\/#article","isPartOf":{"@id":"https:\/\/www.meydan.tv\/az\/article\/iqtidarin-ve-muxalifetin-medvedevleri\/"},"author":{"name":"user-manager","@id":"https:\/\/www.meydan.tv\/az\/#\/schema\/person\/10d11eccf6da3662cf5fdab9806ea91a"},"headline":"\u0130qtidar\u0131n v\u0259 m\u00fcxalif\u0259tin \u201cMedvedev\u201dl\u0259ri","datePublished":"2016-04-14T16:54:44+00:00","mainEntityOfPage":{"@id":"https:\/\/www.meydan.tv\/az\/article\/iqtidarin-ve-muxalifetin-medvedevleri\/"},"wordCount":1174,"publisher":{"@id":"https:\/\/www.meydan.tv\/az\/#organization"},"image":{"@id":"https:\/\/www.meydan.tv\/az\/article\/iqtidarin-ve-muxalifetin-medvedevleri\/#primaryimage"},"thumbnailUrl":"https:\/\/www.meydan.tv\/wp-content\/uploads\/20653.jpg","articleSection":["M\u0259nim Fikrimc\u0259"],"inLanguage":"az"},{"@type":"WebPage","@id":"https:\/\/www.meydan.tv\/az\/article\/iqtidarin-ve-muxalifetin-medvedevleri\/","url":"https:\/\/www.meydan.tv\/az\/article\/iqtidarin-ve-muxalifetin-medvedevleri\/","name":"\u0130qtidar\u0131n v\u0259 m\u00fcxalif\u0259tin \u201cMedvedev\u201dl\u0259ri - MEYDAN.TV","isPartOf":{"@id":"https:\/\/www.meydan.tv\/az\/#website"},"primaryImageOfPage":{"@id":"https:\/\/www.meydan.tv\/az\/article\/iqtidarin-ve-muxalifetin-medvedevleri\/#primaryimage"},"image":{"@id":"https:\/\/www.meydan.tv\/az\/article\/iqtidarin-ve-muxalifetin-medvedevleri\/#primaryimage"},"thumbnailUrl":"https:\/\/www.meydan.tv\/wp-content\/uploads\/20653.jpg","datePublished":"2016-04-14T16:54:44+00:00","breadcrumb":{"@id":"https:\/\/www.meydan.tv\/az\/article\/iqtidarin-ve-muxalifetin-medvedevleri\/#breadcrumb"},"inLanguage":"az","potentialAction":[{"@type":"ReadAction","target":["https:\/\/www.meydan.tv\/az\/article\/iqtidarin-ve-muxalifetin-medvedevleri\/"]}]},{"@type":"ImageObject","inLanguage":"az","@id":"https:\/\/www.meydan.tv\/az\/article\/iqtidarin-ve-muxalifetin-medvedevleri\/#primaryimage","url":"https:\/\/www.meydan.tv\/wp-content\/uploads\/20653.jpg","contentUrl":"https:\/\/www.meydan.tv\/wp-content\/uploads\/20653.jpg","width":400,"height":400,"caption":"Source:"},{"@type":"BreadcrumbList","@id":"https:\/\/www.meydan.tv\/az\/article\/iqtidarin-ve-muxalifetin-medvedevleri\/#breadcrumb","itemListElement":[{"@type":"ListItem","position":1,"name":"Ana s\u0259hif\u0259","item":"https:\/\/www.meydan.tv\/az\/"},{"@type":"ListItem","position":2,"name":"M\u0259nim Fikrimc\u0259","item":"https:\/\/www.meydan.tv\/az\/section\/menim-fikrimce\/"},{"@type":"ListItem","position":3,"name":"\u0130qtidar\u0131n v\u0259 m\u00fcxalif\u0259tin \u201cMedvedev\u201dl\u0259ri"}]},{"@type":"WebSite","@id":"https:\/\/www.meydan.tv\/az\/#website","url":"https:\/\/www.meydan.tv\/az\/","name":"MEYDAN.TV","description":"Meydan TV Az\u0259rbaycan\u0131n media m\u0259kan\u0131ndak\u0131 alternativ s\u0259sidir","publisher":{"@id":"https:\/\/www.meydan.tv\/az\/#organization"},"potentialAction":[{"@type":"SearchAction","target":{"@type":"EntryPoint","urlTemplate":"https:\/\/www.meydan.tv\/az\/?s={search_term_string}"},"query-input":{"@type":"PropertyValueSpecification","valueRequired":true,"valueName":"search_term_string"}}],"inLanguage":"az"},{"@type":"Organization","@id":"https:\/\/www.meydan.tv\/az\/#organization","name":"Meydan TV","url":"https:\/\/www.meydan.tv\/az\/","logo":{"@type":"ImageObject","inLanguage":"az","@id":"https:\/\/www.meydan.tv\/az\/#\/schema\/logo\/image\/","url":"https:\/\/www.meydan.tv\/wp-content\/uploads\/2021\/07\/meydan-logo.svg","contentUrl":"https:\/\/www.meydan.tv\/wp-content\/uploads\/2021\/07\/meydan-logo.svg","width":195,"height":46,"caption":"Meydan TV"},"image":{"@id":"https:\/\/www.meydan.tv\/az\/#\/schema\/logo\/image\/"}},{"@type":"Person","@id":"https:\/\/www.meydan.tv\/az\/#\/schema\/person\/10d11eccf6da3662cf5fdab9806ea91a","name":"user-manager"}]}},"_links":{"self":[{"href":"https:\/\/www.meydan.tv\/az\/wp-json\/wp\/v2\/posts\/175176","targetHints":{"allow":["GET"]}}],"collection":[{"href":"https:\/\/www.meydan.tv\/az\/wp-json\/wp\/v2\/posts"}],"about":[{"href":"https:\/\/www.meydan.tv\/az\/wp-json\/wp\/v2\/types\/post"}],"author":[{"embeddable":true,"href":"https:\/\/www.meydan.tv\/az\/wp-json\/wp\/v2\/users\/11"}],"replies":[{"embeddable":true,"href":"https:\/\/www.meydan.tv\/az\/wp-json\/wp\/v2\/comments?post=175176"}],"version-history":[{"count":0,"href":"https:\/\/www.meydan.tv\/az\/wp-json\/wp\/v2\/posts\/175176\/revisions"}],"wp:featuredmedia":[{"embeddable":true,"href":"https:\/\/www.meydan.tv\/az\/wp-json\/wp\/v2\/media\/54702"}],"wp:attachment":[{"href":"https:\/\/www.meydan.tv\/az\/wp-json\/wp\/v2\/media?parent=175176"}],"wp:term":[{"taxonomy":"category","embeddable":true,"href":"https:\/\/www.meydan.tv\/az\/wp-json\/wp\/v2\/categories?post=175176"},{"taxonomy":"post_tag","embeddable":true,"href":"https:\/\/www.meydan.tv\/az\/wp-json\/wp\/v2\/tags?post=175176"}],"curies":[{"name":"wp","href":"https:\/\/api.w.org\/{rel}","templated":true}]}}