{"id":175153,"date":"2016-04-13T18:32:03","date_gmt":"2016-04-13T18:32:03","guid":{"rendered":"https:\/\/www.meydan.tv\/article\/eli-kerimliye-qarsi-yonelen-aksiyanin-tehlukesi\/"},"modified":"2016-04-13T18:32:03","modified_gmt":"2016-04-13T18:32:03","slug":"eli-kerimliye-qarsi-yonelen-aksiyanin-tehlukesi","status":"publish","type":"post","link":"https:\/\/www.meydan.tv\/az\/article\/eli-kerimliye-qarsi-yonelen-aksiyanin-tehlukesi\/","title":{"rendered":"\u018fli K\u0259rimliy\u0259 qar\u015f\u0131 y\u00f6n\u0259l\u0259n aksiyan\u0131n t\u0259hl\u00fck\u0259si"},"content":{"rendered":"<figure class=\"wp-block-image size-large\">\n  <img decoding=\"async\" src=\"https:\/\/www.meydan.tv\/az\/54624\/\" alt=\"\" class=\"wp-image-54624\"\/><figcaption><\/figcaption><\/figure>\n<figure class=\"wp-block-image size-large\">\n  <img decoding=\"async\" src=\"https:\/\/www.meydan.tv\/az\/intiqam-banner\/\" alt=\"\u0130ntiqam banner\" class=\"wp-image-54630\"\/><figcaption>\n    \u0130ntiqam banner<br \/>\n  <\/figcaption><\/figure>\n<p>\n  <i><br \/>\n    Bu c\u00fcr kampaniyalarla hakimiyy\u0259t diqq\u0259ti vacib probleml\u0259rd\u0259n yay\u0131nd\u0131r\u0131r<br \/>\n  <\/i>\n<\/p>\n<p>\n  F\u00f6vq\u0259lad\u0259 hallarda d\u00f6vl\u0259t, t\u0259hl\u00fck\u0259sizlik maraqlar\u0131, o c\u00fcml\u0259d\u0259n h\u0259rbi sirl\u0259rin yay\u0131lmas\u0131n\u0131n qar\u015f\u0131s\u0131n\u0131n al\u0131nmas\u0131 m\u0259qs\u0259dil\u0259 b\u0259zi h\u00fcquqlar m\u0259hdudla\u015fd\u0131r\u0131la bil\u0259r. Amma bu m\u0259hdudiyy\u0259tl\u0259r legitim m\u0259qs\u0259d da\u015f\u0131mal\u0131d\u0131r. H\u0259rbi \u0259m\u0259liyyatlar v\u0259 h\u0259tta m\u00fcharib\u0259 d\u00f6vr\u00fcnd\u0259 bel\u0259 toplumun onu narahat ed\u0259n m\u0259s\u0259l\u0259l\u0259rl\u0259 ba\u011fl\u0131 m\u00fczakir\u0259l\u0259r a\u00e7maq, suallar qoymaq, q\u0259bul edil\u0259n q\u0259rarlar\u0131n do\u011frulu\u011funu m\u00fcbahis\u0259l\u0259ndirm\u0259k, etiraz etm\u0259k h\u00fcququ t\u0259min olunmal\u0131d\u0131r.\n<\/p>\n<p>\n  Bu suallar, etirazlar m\u00fcxalif\u0259td\u0259 olub hakimiyy\u0259t\u0259 iddial\u0131 olan q\u00fcvv\u0259l\u0259r\u0259 d\u0259 y\u00f6n\u0259l\u0259 bil\u0259r. Normal \u00f6lk\u0259l\u0259rd\u0259 q\u0259rarlar\u0131n m\u00fczakir\u0259sind\u0259 v\u0259 q\u0259bulunda m\u00fcxalif\u0259td\u0259 olan q\u00fcvv\u0259l\u0259r d\u0259 f\u0259al i\u015ftirak edirl\u0259r, ona g\u00f6r\u0259 h\u0259min q\u0259rarlar\u0131n do\u011furdu\u011fu n\u0259tic\u0259l\u0259r\u0259 g\u00f6r\u0259 h\u0259min q\u00fcvv\u0259l\u0259rin d\u0259 m\u0259sulliyy\u0259t da\u015f\u0131malar\u0131 v\u0259 t\u0259nqid\u0259 v\u0259 etirazlara h\u0259d\u0259f olmalar\u0131 normald\u0131r. Amma bu etirazlar hakimiyy\u0259t c\u0259bh\u0259sind\u0259n g\u0259lm\u0259li deyil.\n<\/p>\n<p>\n  \u018fli K\u0259rimliy\u0259 v\u0259 dig\u0259r m\u00fcxalif\u0259t liderl\u0259rin\u0259 son olaylarla ba\u011fl\u0131 tutduqlar\u0131 m\u00f6vqel\u0259ri il\u0259 ba\u011fl\u0131 ictimaiyy\u0259tin &#8211; jurnalistl\u0259rin, g\u0259ncl\u0259rin, v\u0259t\u0259nda\u015flar\u0131n sual verm\u0259l\u0259ri, t\u0259nqidl\u0259ri, etirazlar\u0131 normald\u0131r. M\u0259nim d\u0259 bunlarla ba\u011fl\u0131 d\u0259st\u0259kl\u0259diyim m\u0259qamlar az deyil. \u00c7\u00fcnki m\u00fcharib\u0259y\u0259, x\u00fcsusil\u0259, bununla ba\u011fl\u0131 q\u0259rarlar\u0131n q\u0259bulu prosedurlar\u0131na, itkil\u0259r\u0259 v\u0259 bu itkil\u0259r\u0259 yana\u015fmalara f\u0259rqli bax\u0131\u015flar\u0131m var.\n<\/p>\n<p>\n  \u0130ndiki halda, \u018fli K\u0259rimliy\u0259 qar\u015f\u0131 aksiyalar birba\u015fa hakimiyy\u0259t t\u0259r\u0259find\u0259n t\u0259\u015fkil olunur. Bu c\u00fcr aksiyalar ona g\u00f6r\u0259 t\u0259hl\u00fck\u0259lidir ki, h\u0259ssas m\u00f6vzu olan torpaqlar\u0131n i\u015f\u011fal\u0131 il\u0259 ba\u011fl\u0131 oldu\u011fu \u00fc\u00e7\u00fcn hakimiyy\u0259tin manipulyasiya etm\u0259k imkanlar\u0131 daha geni\u015f olur. Hakimiyy\u0259t bu yolla toplumu di\u015fin\u0259 vurur.\n<\/p>\n<p>\n  \u0130ndiki halda t\u0259nqidin \u0259sas h\u0259d\u0259fi el\u0259 hakimiyy\u0259tin \u00f6z\u00fc olmal\u0131d\u0131r. \u00c7\u00fcnki taley\u00fckl\u00fc m\u0259s\u0259l\u0259l\u0259rd\u0259 q\u0259rarlar q\u0259bul ed\u0259rk\u0259n toplumun, siyasi partiyalar\u0131n, v\u0259t\u0259nda\u015f c\u0259miyy\u0259ti institutlar\u0131n\u0131n m\u00fczakir\u0259l\u0259rd\u0259 i\u015ftirak\u0131 \u0259h\u0259miyy\u0259tsiz say\u0131l\u0131r, ictimai r\u0259y n\u0259z\u0259r\u0259 al\u0131nm\u0131r.\n<\/p>\n<p>\n  Bu c\u00fcr kampaniyalarla hakimiyy\u0259t diqq\u0259ti vacib probleml\u0259rd\u0259n yay\u0131nd\u0131r\u0131r, ictimai fikri idar\u0259 ed\u0259 bilir, insanlar\u0131n haql\u0131 q\u0259z\u0259bini yanl\u0131\u015f q\u0259rarlar\u0131n do\u011furdu\u011fu a\u011f\u0131r n\u0259tic\u0259l\u0259rd\u0259n yay\u0131nd\u0131rmaq \u00fc\u00e7\u00fcn texnologiyalar\u0131 s\u0131naqdan ke\u00e7irir h\u0259m d\u0259. Bu anlamda, narahatl\u0131\u011f\u0131m\u0131z yaln\u0131z \u018fli K\u0259rimliy\u0259 qar\u015f\u0131 ke\u00e7iril\u0259n etirazlarda iyr\u0259nc \u00fcsullardan istifad\u0259 edilm\u0259sind\u0259 deyil. Bu m\u0259s\u0259l\u0259 h\u0259m d\u0259 ona g\u00f6r\u0259 narahatl\u0131q do\u011furmal\u0131d\u0131r ki, \u0259sas h\u0259d\u0259f toplumun azadl\u0131q v\u0259 demokratiya ist\u0259yidir, azadl\u0131qlar\u0131m\u0131zd\u0131r. Sabah h\u00f6k\u00fcm\u0259t bel\u0259 v\u0259ziyy\u0259tl\u0259rd\u0259 h\u0259r birimizi h\u0259d\u0259f ala bil\u0259r. Biz \u018fli K\u0259rimlinin, \u0130lqar M\u0259mm\u0259dovun, Hac\u0131 Taleh Ba\u011f\u0131rovun, \u0130ntiqam \u018fliyevin yana\u015fmalar\u0131n\u0131, bax\u0131\u015flar\u0131n\u0131, m\u00f6vqel\u0259rini q\u0259bul etm\u0259y\u0259 bil\u0259rik, u\u011frunda m\u00fcbariz\u0259 apard\u0131\u011f\u0131m\u0131z d\u0259y\u0259rl\u0259ri is\u0259 h\u0259r zaman m\u00fcdafi\u0259 etm\u0259liyik.<\/p>\n","protected":false},"excerpt":{"rendered":"<p>Bu c\u00fcr kampaniyalarla hakimiyy\u0259t diqq\u0259ti vacib probleml\u0259rd\u0259n yay\u0131nd\u0131r\u0131r<\/p>\n","protected":false},"author":11,"featured_media":54624,"comment_status":"closed","ping_status":"open","sticky":false,"template":"","format":"standard","meta":{"_acf_changed":false,"_sitemap_exclude":false,"_sitemap_priority":"","_sitemap_frequency":"","footnotes":""},"categories":[51],"tags":[],"class_list":["post-175153","post","type-post","status-publish","format-standard","has-post-thumbnail","hentry","category-analitika","infinite-scroll-item","generate-columns","tablet-grid-50","mobile-grid-100","grid-parent","grid-33","no-featured-image-padding"],"acf":[],"yoast_head":"<!-- This site is optimized with the Yoast SEO plugin v27.5 - https:\/\/yoast.com\/product\/yoast-seo-wordpress\/ -->\n<title>\u018fli K\u0259rimliy\u0259 qar\u015f\u0131 y\u00f6n\u0259l\u0259n aksiyan\u0131n t\u0259hl\u00fck\u0259si - MEYDAN.TV<\/title>\n<meta name=\"robots\" content=\"index, follow, max-snippet:-1, max-image-preview:large, max-video-preview:-1\" \/>\n<link rel=\"canonical\" href=\"https:\/\/www.meydan.tv\/az\/article\/eli-kerimliye-qarsi-yonelen-aksiyanin-tehlukesi\/\" \/>\n<meta property=\"og:locale\" content=\"az_AZ\" \/>\n<meta property=\"og:type\" content=\"article\" \/>\n<meta property=\"og:title\" content=\"\u018fli K\u0259rimliy\u0259 qar\u015f\u0131 y\u00f6n\u0259l\u0259n aksiyan\u0131n t\u0259hl\u00fck\u0259si - MEYDAN.TV\" \/>\n<meta property=\"og:description\" content=\"Bu c\u00fcr kampaniyalarla hakimiyy\u0259t diqq\u0259ti vacib probleml\u0259rd\u0259n yay\u0131nd\u0131r\u0131r\" \/>\n<meta property=\"og:url\" content=\"https:\/\/www.meydan.tv\/az\/article\/eli-kerimliye-qarsi-yonelen-aksiyanin-tehlukesi\/\" \/>\n<meta property=\"og:site_name\" content=\"MEYDAN.TV\" \/>\n<meta property=\"article:published_time\" content=\"2016-04-13T18:32:03+00:00\" \/>\n<meta property=\"og:image\" content=\"https:\/\/www.meydan.tv\/wp-content\/uploads\/20618.jpg\" \/>\n\t<meta property=\"og:image:width\" content=\"500\" \/>\n\t<meta property=\"og:image:height\" content=\"500\" \/>\n\t<meta property=\"og:image:type\" content=\"image\/jpeg\" \/>\n<meta name=\"author\" content=\"user-manager\" \/>\n<meta name=\"twitter:card\" content=\"summary_large_image\" \/>\n<script type=\"application\/ld+json\" class=\"yoast-schema-graph\">{\"@context\":\"https:\\\/\\\/schema.org\",\"@graph\":[{\"@type\":\"Article\",\"@id\":\"https:\\\/\\\/www.meydan.tv\\\/az\\\/article\\\/eli-kerimliye-qarsi-yonelen-aksiyanin-tehlukesi\\\/#article\",\"isPartOf\":{\"@id\":\"https:\\\/\\\/www.meydan.tv\\\/az\\\/article\\\/eli-kerimliye-qarsi-yonelen-aksiyanin-tehlukesi\\\/\"},\"author\":{\"name\":\"user-manager\",\"@id\":\"https:\\\/\\\/www.meydan.tv\\\/az\\\/#\\\/schema\\\/person\\\/10d11eccf6da3662cf5fdab9806ea91a\"},\"headline\":\"\u018fli K\u0259rimliy\u0259 qar\u015f\u0131 y\u00f6n\u0259l\u0259n aksiyan\u0131n t\u0259hl\u00fck\u0259si\",\"datePublished\":\"2016-04-13T18:32:03+00:00\",\"mainEntityOfPage\":{\"@id\":\"https:\\\/\\\/www.meydan.tv\\\/az\\\/article\\\/eli-kerimliye-qarsi-yonelen-aksiyanin-tehlukesi\\\/\"},\"wordCount\":641,\"publisher\":{\"@id\":\"https:\\\/\\\/www.meydan.tv\\\/az\\\/#organization\"},\"image\":{\"@id\":\"https:\\\/\\\/www.meydan.tv\\\/az\\\/article\\\/eli-kerimliye-qarsi-yonelen-aksiyanin-tehlukesi\\\/#primaryimage\"},\"thumbnailUrl\":\"https:\\\/\\\/www.meydan.tv\\\/wp-content\\\/uploads\\\/20618.jpg\",\"articleSection\":[\"Analitika\"],\"inLanguage\":\"az\"},{\"@type\":\"WebPage\",\"@id\":\"https:\\\/\\\/www.meydan.tv\\\/az\\\/article\\\/eli-kerimliye-qarsi-yonelen-aksiyanin-tehlukesi\\\/\",\"url\":\"https:\\\/\\\/www.meydan.tv\\\/az\\\/article\\\/eli-kerimliye-qarsi-yonelen-aksiyanin-tehlukesi\\\/\",\"name\":\"\u018fli K\u0259rimliy\u0259 qar\u015f\u0131 y\u00f6n\u0259l\u0259n aksiyan\u0131n t\u0259hl\u00fck\u0259si - MEYDAN.TV\",\"isPartOf\":{\"@id\":\"https:\\\/\\\/www.meydan.tv\\\/az\\\/#website\"},\"primaryImageOfPage\":{\"@id\":\"https:\\\/\\\/www.meydan.tv\\\/az\\\/article\\\/eli-kerimliye-qarsi-yonelen-aksiyanin-tehlukesi\\\/#primaryimage\"},\"image\":{\"@id\":\"https:\\\/\\\/www.meydan.tv\\\/az\\\/article\\\/eli-kerimliye-qarsi-yonelen-aksiyanin-tehlukesi\\\/#primaryimage\"},\"thumbnailUrl\":\"https:\\\/\\\/www.meydan.tv\\\/wp-content\\\/uploads\\\/20618.jpg\",\"datePublished\":\"2016-04-13T18:32:03+00:00\",\"breadcrumb\":{\"@id\":\"https:\\\/\\\/www.meydan.tv\\\/az\\\/article\\\/eli-kerimliye-qarsi-yonelen-aksiyanin-tehlukesi\\\/#breadcrumb\"},\"inLanguage\":\"az\",\"potentialAction\":[{\"@type\":\"ReadAction\",\"target\":[\"https:\\\/\\\/www.meydan.tv\\\/az\\\/article\\\/eli-kerimliye-qarsi-yonelen-aksiyanin-tehlukesi\\\/\"]}]},{\"@type\":\"ImageObject\",\"inLanguage\":\"az\",\"@id\":\"https:\\\/\\\/www.meydan.tv\\\/az\\\/article\\\/eli-kerimliye-qarsi-yonelen-aksiyanin-tehlukesi\\\/#primaryimage\",\"url\":\"https:\\\/\\\/www.meydan.tv\\\/wp-content\\\/uploads\\\/20618.jpg\",\"contentUrl\":\"https:\\\/\\\/www.meydan.tv\\\/wp-content\\\/uploads\\\/20618.jpg\",\"width\":500,\"height\":500,\"caption\":\"Source:\"},{\"@type\":\"BreadcrumbList\",\"@id\":\"https:\\\/\\\/www.meydan.tv\\\/az\\\/article\\\/eli-kerimliye-qarsi-yonelen-aksiyanin-tehlukesi\\\/#breadcrumb\",\"itemListElement\":[{\"@type\":\"ListItem\",\"position\":1,\"name\":\"Ana s\u0259hif\u0259\",\"item\":\"https:\\\/\\\/www.meydan.tv\\\/az\\\/\"},{\"@type\":\"ListItem\",\"position\":2,\"name\":\"Analitika\",\"item\":\"https:\\\/\\\/www.meydan.tv\\\/az\\\/section\\\/analitika\\\/\"},{\"@type\":\"ListItem\",\"position\":3,\"name\":\"\u018fli K\u0259rimliy\u0259 qar\u015f\u0131 y\u00f6n\u0259l\u0259n aksiyan\u0131n t\u0259hl\u00fck\u0259si\"}]},{\"@type\":\"WebSite\",\"@id\":\"https:\\\/\\\/www.meydan.tv\\\/az\\\/#website\",\"url\":\"https:\\\/\\\/www.meydan.tv\\\/az\\\/\",\"name\":\"MEYDAN.TV\",\"description\":\"Meydan TV Az\u0259rbaycan\u0131n media m\u0259kan\u0131ndak\u0131 alternativ s\u0259sidir\",\"publisher\":{\"@id\":\"https:\\\/\\\/www.meydan.tv\\\/az\\\/#organization\"},\"potentialAction\":[{\"@type\":\"SearchAction\",\"target\":{\"@type\":\"EntryPoint\",\"urlTemplate\":\"https:\\\/\\\/www.meydan.tv\\\/az\\\/?s={search_term_string}\"},\"query-input\":{\"@type\":\"PropertyValueSpecification\",\"valueRequired\":true,\"valueName\":\"search_term_string\"}}],\"inLanguage\":\"az\"},{\"@type\":\"Organization\",\"@id\":\"https:\\\/\\\/www.meydan.tv\\\/az\\\/#organization\",\"name\":\"Meydan TV\",\"url\":\"https:\\\/\\\/www.meydan.tv\\\/az\\\/\",\"logo\":{\"@type\":\"ImageObject\",\"inLanguage\":\"az\",\"@id\":\"https:\\\/\\\/www.meydan.tv\\\/az\\\/#\\\/schema\\\/logo\\\/image\\\/\",\"url\":\"https:\\\/\\\/www.meydan.tv\\\/wp-content\\\/uploads\\\/2021\\\/07\\\/meydan-logo.svg\",\"contentUrl\":\"https:\\\/\\\/www.meydan.tv\\\/wp-content\\\/uploads\\\/2021\\\/07\\\/meydan-logo.svg\",\"width\":195,\"height\":46,\"caption\":\"Meydan TV\"},\"image\":{\"@id\":\"https:\\\/\\\/www.meydan.tv\\\/az\\\/#\\\/schema\\\/logo\\\/image\\\/\"}},{\"@type\":\"Person\",\"@id\":\"https:\\\/\\\/www.meydan.tv\\\/az\\\/#\\\/schema\\\/person\\\/10d11eccf6da3662cf5fdab9806ea91a\",\"name\":\"user-manager\"}]}<\/script>\n<!-- \/ Yoast SEO plugin. -->","yoast_head_json":{"title":"\u018fli K\u0259rimliy\u0259 qar\u015f\u0131 y\u00f6n\u0259l\u0259n aksiyan\u0131n t\u0259hl\u00fck\u0259si - MEYDAN.TV","robots":{"index":"index","follow":"follow","max-snippet":"max-snippet:-1","max-image-preview":"max-image-preview:large","max-video-preview":"max-video-preview:-1"},"canonical":"https:\/\/www.meydan.tv\/az\/article\/eli-kerimliye-qarsi-yonelen-aksiyanin-tehlukesi\/","og_locale":"az_AZ","og_type":"article","og_title":"\u018fli K\u0259rimliy\u0259 qar\u015f\u0131 y\u00f6n\u0259l\u0259n aksiyan\u0131n t\u0259hl\u00fck\u0259si - MEYDAN.TV","og_description":"Bu c\u00fcr kampaniyalarla hakimiyy\u0259t diqq\u0259ti vacib probleml\u0259rd\u0259n yay\u0131nd\u0131r\u0131r","og_url":"https:\/\/www.meydan.tv\/az\/article\/eli-kerimliye-qarsi-yonelen-aksiyanin-tehlukesi\/","og_site_name":"MEYDAN.TV","article_published_time":"2016-04-13T18:32:03+00:00","og_image":[{"width":500,"height":500,"url":"https:\/\/www.meydan.tv\/wp-content\/uploads\/20618.jpg","type":"image\/jpeg"}],"author":"user-manager","twitter_card":"summary_large_image","schema":{"@context":"https:\/\/schema.org","@graph":[{"@type":"Article","@id":"https:\/\/www.meydan.tv\/az\/article\/eli-kerimliye-qarsi-yonelen-aksiyanin-tehlukesi\/#article","isPartOf":{"@id":"https:\/\/www.meydan.tv\/az\/article\/eli-kerimliye-qarsi-yonelen-aksiyanin-tehlukesi\/"},"author":{"name":"user-manager","@id":"https:\/\/www.meydan.tv\/az\/#\/schema\/person\/10d11eccf6da3662cf5fdab9806ea91a"},"headline":"\u018fli K\u0259rimliy\u0259 qar\u015f\u0131 y\u00f6n\u0259l\u0259n aksiyan\u0131n t\u0259hl\u00fck\u0259si","datePublished":"2016-04-13T18:32:03+00:00","mainEntityOfPage":{"@id":"https:\/\/www.meydan.tv\/az\/article\/eli-kerimliye-qarsi-yonelen-aksiyanin-tehlukesi\/"},"wordCount":641,"publisher":{"@id":"https:\/\/www.meydan.tv\/az\/#organization"},"image":{"@id":"https:\/\/www.meydan.tv\/az\/article\/eli-kerimliye-qarsi-yonelen-aksiyanin-tehlukesi\/#primaryimage"},"thumbnailUrl":"https:\/\/www.meydan.tv\/wp-content\/uploads\/20618.jpg","articleSection":["Analitika"],"inLanguage":"az"},{"@type":"WebPage","@id":"https:\/\/www.meydan.tv\/az\/article\/eli-kerimliye-qarsi-yonelen-aksiyanin-tehlukesi\/","url":"https:\/\/www.meydan.tv\/az\/article\/eli-kerimliye-qarsi-yonelen-aksiyanin-tehlukesi\/","name":"\u018fli K\u0259rimliy\u0259 qar\u015f\u0131 y\u00f6n\u0259l\u0259n aksiyan\u0131n t\u0259hl\u00fck\u0259si - MEYDAN.TV","isPartOf":{"@id":"https:\/\/www.meydan.tv\/az\/#website"},"primaryImageOfPage":{"@id":"https:\/\/www.meydan.tv\/az\/article\/eli-kerimliye-qarsi-yonelen-aksiyanin-tehlukesi\/#primaryimage"},"image":{"@id":"https:\/\/www.meydan.tv\/az\/article\/eli-kerimliye-qarsi-yonelen-aksiyanin-tehlukesi\/#primaryimage"},"thumbnailUrl":"https:\/\/www.meydan.tv\/wp-content\/uploads\/20618.jpg","datePublished":"2016-04-13T18:32:03+00:00","breadcrumb":{"@id":"https:\/\/www.meydan.tv\/az\/article\/eli-kerimliye-qarsi-yonelen-aksiyanin-tehlukesi\/#breadcrumb"},"inLanguage":"az","potentialAction":[{"@type":"ReadAction","target":["https:\/\/www.meydan.tv\/az\/article\/eli-kerimliye-qarsi-yonelen-aksiyanin-tehlukesi\/"]}]},{"@type":"ImageObject","inLanguage":"az","@id":"https:\/\/www.meydan.tv\/az\/article\/eli-kerimliye-qarsi-yonelen-aksiyanin-tehlukesi\/#primaryimage","url":"https:\/\/www.meydan.tv\/wp-content\/uploads\/20618.jpg","contentUrl":"https:\/\/www.meydan.tv\/wp-content\/uploads\/20618.jpg","width":500,"height":500,"caption":"Source:"},{"@type":"BreadcrumbList","@id":"https:\/\/www.meydan.tv\/az\/article\/eli-kerimliye-qarsi-yonelen-aksiyanin-tehlukesi\/#breadcrumb","itemListElement":[{"@type":"ListItem","position":1,"name":"Ana s\u0259hif\u0259","item":"https:\/\/www.meydan.tv\/az\/"},{"@type":"ListItem","position":2,"name":"Analitika","item":"https:\/\/www.meydan.tv\/az\/section\/analitika\/"},{"@type":"ListItem","position":3,"name":"\u018fli K\u0259rimliy\u0259 qar\u015f\u0131 y\u00f6n\u0259l\u0259n aksiyan\u0131n t\u0259hl\u00fck\u0259si"}]},{"@type":"WebSite","@id":"https:\/\/www.meydan.tv\/az\/#website","url":"https:\/\/www.meydan.tv\/az\/","name":"MEYDAN.TV","description":"Meydan TV Az\u0259rbaycan\u0131n media m\u0259kan\u0131ndak\u0131 alternativ s\u0259sidir","publisher":{"@id":"https:\/\/www.meydan.tv\/az\/#organization"},"potentialAction":[{"@type":"SearchAction","target":{"@type":"EntryPoint","urlTemplate":"https:\/\/www.meydan.tv\/az\/?s={search_term_string}"},"query-input":{"@type":"PropertyValueSpecification","valueRequired":true,"valueName":"search_term_string"}}],"inLanguage":"az"},{"@type":"Organization","@id":"https:\/\/www.meydan.tv\/az\/#organization","name":"Meydan TV","url":"https:\/\/www.meydan.tv\/az\/","logo":{"@type":"ImageObject","inLanguage":"az","@id":"https:\/\/www.meydan.tv\/az\/#\/schema\/logo\/image\/","url":"https:\/\/www.meydan.tv\/wp-content\/uploads\/2021\/07\/meydan-logo.svg","contentUrl":"https:\/\/www.meydan.tv\/wp-content\/uploads\/2021\/07\/meydan-logo.svg","width":195,"height":46,"caption":"Meydan TV"},"image":{"@id":"https:\/\/www.meydan.tv\/az\/#\/schema\/logo\/image\/"}},{"@type":"Person","@id":"https:\/\/www.meydan.tv\/az\/#\/schema\/person\/10d11eccf6da3662cf5fdab9806ea91a","name":"user-manager"}]}},"_links":{"self":[{"href":"https:\/\/www.meydan.tv\/az\/wp-json\/wp\/v2\/posts\/175153","targetHints":{"allow":["GET"]}}],"collection":[{"href":"https:\/\/www.meydan.tv\/az\/wp-json\/wp\/v2\/posts"}],"about":[{"href":"https:\/\/www.meydan.tv\/az\/wp-json\/wp\/v2\/types\/post"}],"author":[{"embeddable":true,"href":"https:\/\/www.meydan.tv\/az\/wp-json\/wp\/v2\/users\/11"}],"replies":[{"embeddable":true,"href":"https:\/\/www.meydan.tv\/az\/wp-json\/wp\/v2\/comments?post=175153"}],"version-history":[{"count":0,"href":"https:\/\/www.meydan.tv\/az\/wp-json\/wp\/v2\/posts\/175153\/revisions"}],"wp:featuredmedia":[{"embeddable":true,"href":"https:\/\/www.meydan.tv\/az\/wp-json\/wp\/v2\/media\/54624"}],"wp:attachment":[{"href":"https:\/\/www.meydan.tv\/az\/wp-json\/wp\/v2\/media?parent=175153"}],"wp:term":[{"taxonomy":"category","embeddable":true,"href":"https:\/\/www.meydan.tv\/az\/wp-json\/wp\/v2\/categories?post=175153"},{"taxonomy":"post_tag","embeddable":true,"href":"https:\/\/www.meydan.tv\/az\/wp-json\/wp\/v2\/tags?post=175153"}],"curies":[{"name":"wp","href":"https:\/\/api.w.org\/{rel}","templated":true}]}}