{"id":175105,"date":"2016-04-12T01:18:18","date_gmt":"2016-04-12T01:18:18","guid":{"rendered":"https:\/\/www.meydan.tv\/article\/4-gunun-gundeliyi\/"},"modified":"2016-04-12T01:18:18","modified_gmt":"2016-04-12T01:18:18","slug":"4-gunun-gundeliyi","status":"publish","type":"post","link":"https:\/\/www.meydan.tv\/az\/article\/4-gunun-gundeliyi\/","title":{"rendered":"4 g\u00fcn\u00fcn g\u00fcnd\u0259liyi"},"content":{"rendered":"<figure class=\"wp-block-image size-large\">\n  <img decoding=\"async\" src=\"https:\/\/www.meydan.tv\/az\/zaur-qurbanli\/\" alt=\"Zaur Qurbanl\u0131 &#8211;\" class=\"wp-image-54450\"\/><figcaption>\n    Zaur Qurbanl\u0131 &#8211;<br \/>\n  <\/figcaption><\/figure>\n<figure class=\"wp-block-image size-large\">\n  <img decoding=\"async\" src=\"https:\/\/www.meydan.tv\/az\/zaur-qurbanli-banner\/\" alt=\"Zaur Qurbanl\u0131 &#8211; Banner\" class=\"wp-image-54453\"\/><figcaption>\n    Zaur Qurbanl\u0131 &#8211; Banner<br \/>\n  <\/figcaption><\/figure>\n<p>\n  Bunlar\u0131 m\u0259hz yaz\u0131da qeyd etdiyim vaxtlarda yazm\u0131\u015fam. Redakt\u0259siz payla\u015f\u0131ram.\n<\/p>\n<p>\n  02 Aprel\n<\/p>\n<p>\n  S\u0259h\u0259r. Ham\u0131 h\u0259y\u0259canl\u0131d\u0131r. Ard-arda videolar payla\u015f\u0131l\u0131r. Dezo olub-olmamas\u0131 \u0259h\u0259miyy\u0259t k\u0259sb etmir. H\u0259r k\u0259s g\u00f6rm\u0259k ist\u0259diyin\u0259 daha \u00e7ox uy\u011fun olan\u0131 payla\u015f\u0131r.\n<\/p>\n<p>\n  G\u00fcnorta. B\u00fct\u00fcn facebook ana s\u0259hif\u0259m, dem\u0259k olar ki, yaln\u0131z d\u00f6y\u00fc\u015fl\u0259r bar\u0259d\u0259 m\u0259lumatlarla v\u0259 ya dezinformasiya il\u0259 doludur. Humanist v\u0259 pasifist m\u00f6vqeyi il\u0259 tan\u0131nan adamlar, h\u0259l\u0259 ki, d\u00f6z\u00fcrl\u0259r.\n<\/p>\n<p>\n  G\u00fcnortadan sonra. Saytlar 90-c\u0131 ill\u0259rin \u0259vv\u0259lin\u0259 aid v\u0259 haz\u0131rk\u0131 d\u00f6y\u00fc\u015f\u0259 aidiyyat\u0131 olmayan fotolar\u0131 yay\u0131r, qar\u015f\u0131 t\u0259r\u0259fi v\u0259h\u015filikd\u0259 ittiham edir. Bir ne\u00e7\u0259 ay \u0259vv\u0259lki kimi yen\u0259 d\u0259 saytlar rayonlar\u0131 \u201cgeri qaytar\u0131r\u201d. \u018fvv\u0259l camaat buna real yana\u015fmasa da, sonra inanma\u011fa meyl etdil\u0259r. \u00c7\u00fcnki e\u015fitm\u0259k, g\u00f6rm\u0259k ist\u0259dikl\u0259rinin reall\u0131q oldu\u011funu arzulay\u0131r, arzular\u0131n\u0131n arxas\u0131nca gedirdil\u0259r.\n<\/p>\n<p>\n  \u018fvv\u0259l ged\u0259 bilmirdil\u0259r, \u00e7\u00fcnki o zaman k\u00fctl\u0259 psixologiyas\u0131 daha z\u0259if idi, \u0259sasland\u0131r\u0131lmam\u0131\u015f bir \u015fey yazanda bunu \u201cm\u0259n ist\u0259yir\u0259m ki, reall\u0131q bel\u0259 olsun\u201d deyib \u0259sasland\u0131rmaq olmurdu. \u201cM\u0259n ist\u0259yir\u0259m ki, reall\u0131q bel\u0259 olsun\u201d c\u00fcml\u0259si he\u00e7 indi d\u0259 \u0259sasand\u0131rma deyil. \u0130ndi o, s\u0259b\u0259bdir, a\u00e7\u0131q \u0259sasland\u0131rma is\u0259, \u201ch\u0259r k\u0259s yaz\u0131r\u201d, \u201cv\u0259t\u0259np\u0259rv\u0259rlik\u201d, \u201cv\u0259t\u0259n h\u0259qiq\u0259td\u0259n d\u0259 \u00fcst\u00fcnd\u00fcr\u201d kimi k\u00fctl\u0259vi q\u0259bul olunan propaqandad\u0131r.\n<\/p>\n<p>\n  V\u0259 art\u0131q arzulad\u0131qlar\u0131n\u0131 yaz\u0131, x\u0259b\u0259r, link \u015f\u0259klind\u0259 g\u00f6rm\u0259k ist\u0259y\u0259nl\u0259r o q\u0259d\u0259r \u00e7oxal\u0131b ki, dezinformasiyalara t\u0259l\u0259bat yaran\u0131b. T\u0259bii ki, onda da t\u0259klif d\u0259rhal g\u0259lir. \u00c7ox az adam fikirl\u0259\u015fir ki, bu dezinformasiyan\u0131n yay\u0131lmas\u0131na s\u0259b\u0259b onu t\u0259l\u0259b etm\u0259kl\u0259ridir.\n<\/p>\n<p>\n  Ax\u015fam. Qar\u015f\u0131l\u0131ql\u0131 s\u00f6y\u00fc\u015fm\u0259 gedir. Sosial \u015f\u0259b\u0259k\u0259l\u0259rd\u0259 \u201cg\u00fcll\u0259barand\u0131r\u201d. S\u00f6hb\u0259t\u0259 qo\u015fulmayanlar \u00f6z vicdanlar\u0131ndan utan\u0131rlar, \u00f6zl\u0259rini s\u00f6hb\u0259t\u0259 qo\u015fulmaq m\u0259cburiyy\u0259tind\u0259 hiss edirl\u0259r. Pasifizmd\u0259n a\u011f\u0131zdolusu dan\u0131\u015fan bir qrup insan t\u0259slim olur art\u0131q. Eyni zamanda bu t\u0259slim\u00e7iliyi al\u00e7alma kimi q\u0259bul etdikl\u0259rind\u0259n, onlar kimi t\u0259slim olmayanlar\u0131 ittiham edirl\u0259r. M\u0259ntiq sad\u0259dir: \u0259g\u0259r onlardan yuxar\u0131da kims\u0259 qalmasa, a\u015fa\u011f\u0131land\u0131qlar\u0131 g\u00f6rs\u0259nm\u0259y\u0259c\u0259k.\n<\/p>\n<p>\n  03 Aprel\n<\/p>\n<p>\n  S\u0259h\u0259r. At\u0131\u015fma s\u0259ngidiyind\u0259n, k\u00fctl\u0259 bir az \u00e7a\u015f\u0131b, onlar daha \u00e7ox t\u0259l\u0259b edirl\u0259r. Qar\u015f\u0131 t\u0259r\u0259fin meyitl\u0259rinin say\u0131n\u0131 \u015fi\u015firdirl\u0259r ki, bu ehtiyaclar\u0131 \u00f6d\u0259nsin.\n<\/p>\n<p>\n  G\u00fcnorta. Susdurma\u011fa erm\u0259ni tapmayanlar, bu qazla girib sosial \u015f\u0259b\u0259k\u0259d\u0259 \u00f6z dostlar\u0131 aras\u0131nda h\u0259d\u0259f axtar\u0131rlar. Daha pis yazan, daha az yazan, yaxud bu bar\u0259d\u0259 yazmayanlar sor\u011fu-suala \u00e7\u0259kilir, q\u0131nan\u0131r. Bir ara h\u0259tta profilin\u0259 mat\u0259m lenti qoyanlar\u0131 da q\u0131nad\u0131lar ki, erm\u0259nil\u0259ri sevindirm\u0259y\u0259k, mat\u0259m-zad n\u0259dir, kef el\u0259yin. S\u00f6hb\u0259t q\u0131z\u0131\u015fd\u0131qca \u201cniy\u0259 m\u0259nim q\u0259d\u0259r radikal yazm\u0131rsan?\u201d iddias\u0131na q\u0259d\u0259r gedir s\u00f6hb\u0259t.\n<\/p>\n<p>\n  K\u00fctl\u0259 el\u0259 bir transa girib ki, sosial \u015f\u0259b\u0259k\u0259d\u0259 yox, real olaraq, bir-birl\u0259rinin yan\u0131nda olsalar, sakit azl\u0131\u011f\u0131 didib par\u00e7alayarlar. T\u0259slim olmu\u015f \u201cpasifistl\u0259r\u201d is\u0259 t\u0259slim olmayanlar\u0131 art\u0131q t\u0259hqir edirl\u0259r, onlar\u0131 \u201cbu t\u0259r\u0259f\u0259\u201d ke\u00e7m\u0259y\u0259 \u00e7a\u011f\u0131r\u0131rlar. H\u0259tta b\u0259zil\u0259ri d\u00f6y\u00fc\u015fl\u0259rd\u0259n, dem\u0259k olar ki, he\u00e7 n\u0259 payla\u015fmay\u0131b, sad\u0259c\u0259 k\u00fctl\u0259 psixologiyas\u0131na t\u0259slim olmayanlar\u0131 s\u00f6y\u00fcb-bat\u0131rmaqla m\u0259\u015f\u011fuldur.\n<\/p>\n<p>\n  Ax\u015fam.\n<\/p>\n<p>\n  Art\u0131q inbox-da t\u0259l\u0259b olunur ki, \u201csusma, yaz\u201d.\n<\/p>\n<p>\n  04 Aprel\n<\/p>\n<p>\n  G\u00fcnorta. N\u0259hay\u0259t ki, bu m\u00f6vqe d\u0259 ifad\u0259 olundu. Panama Papers m\u00f6vzusunda \u015f\u0259rh yaz\u0131ld\u0131 ki, \u201cbir rayonu qaytar, yedikl\u0259rin halal-xo\u015fun olsun\u201d. Bir azdan \u2013 h\u0259r \u015fey s\u0259ngiy\u0259nd\u0259 bu m\u00fcharib\u0259 t\u0259bli\u011fat\u0131 xorunda s\u0259s-s\u0259s\u0259 ver\u0259nl\u0259rin bir hiss\u0259si q\u0131\u015fq\u0131r-ba\u011f\u0131r salacaq ki, biz bunu ist\u0259mirdik, korrupsiya \u00f6z yerind\u0259, v\u0259t\u0259n, m\u00fcharib\u0259, sakarya da \u00f6z yerind\u0259. Amma onlar\u0131n s\u0259si \u201cyedikl\u0259rini halal ed\u0259n\u201d \u00e7oxlu\u011fun mill\u0259t\u00e7i komfortu i\u00e7ind\u0259 itib-batacaq, h\u0259m d\u0259 he\u00e7 bir rayon qay\u0131tmadan.\n<\/p>\n<p>\n  Stefan Sveyqin kitab\u0131nda I D\u00fcnya M\u00fcharib\u0259si d\u00f6vr\u00fcnd\u0259 mill\u0259t\u00e7i olmayan, anti-militarist azl\u0131\u011f\u0131n hal\u0131na ac\u0131yan intellektuallar\u0131m\u0131z\u0131n \u0259ks\u0259riyy\u0259ti s\u0259s-s\u0259s\u0259 veribl\u0259r, humanizmi s\u00f6y\u00fcrl\u0259r. \u201cV\u0259t\u0259ni sevm\u0259k fa\u015fistlikdirs\u0259, m\u0259n fa\u015fist\u0259m\u201d yaz\u0131rd\u0131lar. Ona yox, fa\u015fizm \u0259leyhin\u0259 dan\u0131\u015fanlara irad bildirir intellektuallar\u0131m\u0131z&#8230;\n<\/p>\n<p>\n  \u0130nsanlar sad\u0259c\u0259 d\u0259li olub. Ham\u0131 eyni \u015feyi q\u0131\u015fq\u0131r\u0131r. \u0130stisnalar g\u00f6r\u00fcnm\u0259z olub. R\u0259ngl\u0259rl\u0259 ifad\u0259 el\u0259s\u0259k, istisnalar\u0131n facebook-da yazd\u0131qlar\u0131 bozun i\u00e7ind\u0259 g\u00f6y qur\u015fa\u011f\u0131na ox\u015fay\u0131r. Amma insanlar kor olub. K\u00fctl\u0259 bozluqda bo\u011fulur, amma bo\u011fula-bo\u011fula, a\u011fz\u0131nda k\u00f6p\u00fck, q\u0131p-q\u0131rm\u0131z\u0131 sif\u0259tl\u0259 eyni \u015feyi q\u0131\u015fq\u0131r\u0131r: \u201cM\u00dcHAR\u0130B\u018f, \u00d6L\u00dcM\u201d.\n<\/p>\n<p>\n  He\u00e7 biri d\u0259 \u00f6lm\u0259k ist\u0259mir. \u00d6l\u00fcm\u0259 oxuya-oxuya ged\u0259n \u0259sg\u0259rl\u0259ri, 18 ya\u015fl\u0131 u\u015faqlar\u0131 he\u00e7 n\u0259 u\u011frunda \u00f6lm\u0259y\u0259 s\u0259sl\u0259yir, \u00f6l\u00fcm yolunda onlara u\u011fur dil\u0259yirl\u0259r. 5 g\u00fcn qabaq insan\u0131n n\u0259inki t\u0259m\u0259l, h\u0259tta t\u00f6r\u0259m\u0259 h\u00fcquqlar\u0131n\u0131 m\u00fcdafi\u0259 etm\u0259k u\u011frunda ba\u015fqalar\u0131 il\u0259 s\u00f6y\u00fc\u015f\u0259n \u201chumanistl\u0259r\u201d indi bu \u0259sg\u0259rl\u0259rin ya\u015famaq h\u00fcququnu tan\u0131m\u0131rlar. O ma\u015f\u0131ndan bir \u0259sg\u0259r d\u00fc\u015f\u00fcb qa\u00e7sa, des\u0259 ki, \u201cm\u0259n \u00f6lm\u0259k ist\u0259mir\u0259m\u201d, onu s\u00f6y\u0259rl\u0259r, d\u00f6y\u0259rl\u0259r, da\u015fa basarlar, \u00f6ld\u00fcrm\u0259s\u0259l\u0259r v\u0259 ya \u00f6lk\u0259d\u0259n qovmasalar, \u0259l \u00e7\u0259km\u0259zl\u0259r.\n<\/p>\n<p>\n  X\u00fcsus\u0259n d\u0259, intellektuallar. \u00c7\u00fcnki onlar \u00f6zl\u0259rini h\u0259min \u0259sg\u0259rl\u0259d\u0259n, onlardan az kitab oxuyan u\u015faqlardan daha laz\u0131ml\u0131 hesab edirl\u0259r. &#8230;Susdu\u011fuma g\u00f6r\u0259 utan\u0131ram.\n<\/p>\n<p>\n  05 Aprel\n<\/p>\n<p>\n  S\u0259h\u0259r. Fa\u015fizm s\u00fcr\u0259tl\u0259 art\u0131r. D\u00f6y\u00fc\u015fl\u0259r s\u0259ngim\u0259k ist\u0259y\u0259nd\u0259 facebook-da d\u0259rhal s\u00f6ym\u0259y\u0259, ittiham etm\u0259y\u0259 adam axtar\u0131rlar. K\u00fctl\u0259d\u0259n n\u0259 q\u0259d\u0259r f\u0259rqli adamsansa, h\u0259d\u0259f\u0259 bir o q\u0259d\u0259r tez g\u0259lirs\u0259n. Yegan\u0259 yol susmaqd\u0131r. Susanda da t\u0259l\u0259b edirl\u0259r ki, dan\u0131\u015f, amma bunu t\u0259l\u0259b ed\u0259n azd\u0131r. Facebook-da susan\u0131n arqumentl\u0259ri olar bil\u0259r ki, \u201ci\u015fim var idi\u201d, \u201cfacebook-a girm\u0259mi\u015fdim\u201d v\u0259 s\u2026\n<\/p>\n<p>\n  Amma yazan, sad\u0259c\u0259 onlar ist\u0259diyi kimi yazmayan adam \u201cq\u0259l\u0259t el\u0259yir\u201d. M\u00fcbariz \u0130brahimovu t\u0259rifl\u0259y\u0259nl\u0259r\u0259 qar\u015f\u0131 h\u00fccum ed\u0259nl\u0259r, c\u0259bh\u0259ni ke\u00e7ib erm\u0259nil\u0259ri q\u0259fil q\u0131ran adam\u0131 q\u0131nayanlar bu g\u00fcn erm\u0259nil\u0259r\u0259 \u201cd\u0131\u011fa\u201d deyir. M\u0259hz \u201cd\u0131\u011fa\u201d yazan\u0131 g\u00f6rd\u00fcm y\u0259ni.\n<\/p>\n<p>\n  G\u00fcnorta. Reklamlar bitdi, at\u0259\u015fk\u0259s\u0259 davam&#8230; Dayand\u0131. Nec\u0259 s\u0259b\u0259bsiz ba\u015flam\u0131\u015f g\u00f6r\u00fcn\u00fcrd\u00fcs\u0259, el\u0259c\u0259 d\u0259 s\u0259b\u0259bsiz dayand\u0131. Torpaqlar\u0131m\u0131z\u0131n 1%-i i\u015f\u011faldan azad olundu. Amma 40 n\u0259f\u0259rd\u0259n (b\u0259zi statistikalarda 60) ba\u015fqa Az\u0259rbaycan t\u0259r\u0259fi n\u0259l\u0259r itirdi, n\u0259l\u0259r&#8230;\n<\/p>\n<p>\n  At\u0259\u015fk\u0259s elan olunan kimi camaat ba\u015flad\u0131 Panama Papers-d\u0259n yazma\u011fa. D\u00fcz \u00a0iki g\u00fcnd\u00fcr, d\u00fcnya medias\u0131 bundan dan\u0131\u015f\u0131r, bizimkil\u0259rin vecin\u0259 d\u0259 deyil. Vecin\u0259 olanlar yaz\u0131rd\u0131lar ki, \u201cbir rayon als\u0131n, b\u00fct\u00fcn pulumuz halal-xo\u015fu olsun\u201d. \u018fslind\u0259 at\u0259\u015fk\u0259s olmam\u0131\u015f bu bar\u0259d\u0259 yazmay\u0131b, at\u0259\u015fk\u0259s olan kimi yazanlarla (guya bunlar d\u00f6vl\u0259t mara\u011f\u0131n\u0131 \u00fcst\u00fcn tuturlar. Amma fikirl\u0259\u015fmirl\u0259r ki, n\u0259d\u0259n \u00fcst\u00fcn tuturlar \u2013 insan h\u00fcquqlar\u0131ndan, y\u0259ni d\u00f6vl\u0259tin \u0259sas\u0131 olmal\u0131 olan bir \u015feyd\u0259n) \u201cbir rayon als\u0131n, b\u00fct\u00fcn pulumuz halal-xo\u015fu olsun\u201d dey\u0259nl\u0259rin h\u0259r\u0259k\u0259tl\u0259rinin n\u0259tic\u0259si ciddi f\u0259rql\u0259nmir.\n<\/p>\n<p>\n  H\u0259r ikisi eyni n\u0259tic\u0259ni yarad\u0131r, sad\u0259c\u0259 f\u0259rqli hay-k\u00fcyl\u0259.\n<\/p>\n<p>\n  Panama Papers bar\u0259d\u0259 yazan patriotlar\u0131n s\u0259si e\u015fidilm\u0259z olub. D\u00fczd\u00fcr, \u00f6zl\u0259ri deyib, \u00f6zl\u0259ri e\u015fidirl\u0259r, amma el\u0259 m\u0259qs\u0259d d\u0259 bu idi. \u018fvv\u0259l facebook-da 100 minl\u0259rin izl\u0259diyi ictimai sektor indi \u00f6z\u00fc \u00fc\u00e7\u00fcn z\u00fcmz\u00fcm\u0259 edir. \u0130ndi n\u0259 \u0130lqar M\u0259mm\u0259dovu, X\u0259dic\u0259 \u0130smay\u0131l\u0131 v\u0259 dig\u0259r siyasi m\u0259hbuslar\u0131 yada salan var, n\u0259 d\u0259 devalvasiyadan, k\u00f6\u00e7m\u00fc\u015f iqtisadiyyatdan dan\u0131\u015fan.\n<\/p>\n<p>\n  Sad\u0259c\u0259 n\u0259h\u0259ng m\u0259yusluq var. Bu m\u0259yusluq alt\u0131nda y\u0131\u011f\u0131lan enerji n\u0259 olacaq, bunu m\u0259nc\u0259 he\u00e7 hakimiyy\u0259t \u00f6z\u00fc d\u0259 bilmir&#8230;\n<\/p>\n<p>\n  <b><br \/>\n    Yaz\u0131 m\u00fc\u0259llifin \u015f\u0259xsi m\u00f6vqeyini \u0259ks etdirir&#8230;<br \/>\n  <\/b><\/p>\n","protected":false},"excerpt":{"rendered":"<p>Humanistl\u0259rin militarist\u0259 \u00e7evrilm\u0259si\u2026<\/p>\n","protected":false},"author":11,"featured_media":54450,"comment_status":"closed","ping_status":"open","sticky":false,"template":"","format":"standard","meta":{"_acf_changed":false,"_sitemap_exclude":false,"_sitemap_priority":"","_sitemap_frequency":"","footnotes":""},"categories":[57],"tags":[],"class_list":["post-175105","post","type-post","status-publish","format-standard","has-post-thumbnail","hentry","category-menim-fikrimce","infinite-scroll-item","generate-columns","tablet-grid-50","mobile-grid-100","grid-parent","grid-33","no-featured-image-padding"],"acf":[],"yoast_head":"<!-- This site is optimized with the Yoast SEO plugin v27.5 - https:\/\/yoast.com\/product\/yoast-seo-wordpress\/ -->\n<title>4 g\u00fcn\u00fcn g\u00fcnd\u0259liyi - MEYDAN.TV<\/title>\n<meta name=\"robots\" content=\"index, follow, max-snippet:-1, max-image-preview:large, max-video-preview:-1\" \/>\n<link rel=\"canonical\" href=\"https:\/\/www.meydan.tv\/az\/article\/4-gunun-gundeliyi\/\" \/>\n<meta property=\"og:locale\" content=\"az_AZ\" \/>\n<meta property=\"og:type\" content=\"article\" \/>\n<meta property=\"og:title\" content=\"4 g\u00fcn\u00fcn g\u00fcnd\u0259liyi - MEYDAN.TV\" \/>\n<meta property=\"og:description\" content=\"Humanistl\u0259rin militarist\u0259 \u00e7evrilm\u0259si\u2026\" \/>\n<meta property=\"og:url\" content=\"https:\/\/www.meydan.tv\/az\/article\/4-gunun-gundeliyi\/\" \/>\n<meta property=\"og:site_name\" content=\"MEYDAN.TV\" \/>\n<meta property=\"article:published_time\" content=\"2016-04-12T01:18:18+00:00\" \/>\n<meta property=\"og:image\" content=\"https:\/\/www.meydan.tv\/wp-content\/uploads\/20556.jpg\" \/>\n\t<meta property=\"og:image:width\" content=\"500\" \/>\n\t<meta property=\"og:image:height\" content=\"500\" \/>\n\t<meta property=\"og:image:type\" content=\"image\/jpeg\" \/>\n<meta name=\"author\" content=\"user-manager\" \/>\n<meta name=\"twitter:card\" content=\"summary_large_image\" \/>\n<script type=\"application\/ld+json\" class=\"yoast-schema-graph\">{\"@context\":\"https:\\\/\\\/schema.org\",\"@graph\":[{\"@type\":\"Article\",\"@id\":\"https:\\\/\\\/www.meydan.tv\\\/az\\\/article\\\/4-gunun-gundeliyi\\\/#article\",\"isPartOf\":{\"@id\":\"https:\\\/\\\/www.meydan.tv\\\/az\\\/article\\\/4-gunun-gundeliyi\\\/\"},\"author\":{\"name\":\"user-manager\",\"@id\":\"https:\\\/\\\/www.meydan.tv\\\/az\\\/#\\\/schema\\\/person\\\/10d11eccf6da3662cf5fdab9806ea91a\"},\"headline\":\"4 g\u00fcn\u00fcn g\u00fcnd\u0259liyi\",\"datePublished\":\"2016-04-12T01:18:18+00:00\",\"mainEntityOfPage\":{\"@id\":\"https:\\\/\\\/www.meydan.tv\\\/az\\\/article\\\/4-gunun-gundeliyi\\\/\"},\"wordCount\":1553,\"publisher\":{\"@id\":\"https:\\\/\\\/www.meydan.tv\\\/az\\\/#organization\"},\"image\":{\"@id\":\"https:\\\/\\\/www.meydan.tv\\\/az\\\/article\\\/4-gunun-gundeliyi\\\/#primaryimage\"},\"thumbnailUrl\":\"https:\\\/\\\/www.meydan.tv\\\/wp-content\\\/uploads\\\/20556.jpg\",\"articleSection\":[\"M\u0259nim Fikrimc\u0259\"],\"inLanguage\":\"az\"},{\"@type\":\"WebPage\",\"@id\":\"https:\\\/\\\/www.meydan.tv\\\/az\\\/article\\\/4-gunun-gundeliyi\\\/\",\"url\":\"https:\\\/\\\/www.meydan.tv\\\/az\\\/article\\\/4-gunun-gundeliyi\\\/\",\"name\":\"4 g\u00fcn\u00fcn g\u00fcnd\u0259liyi - MEYDAN.TV\",\"isPartOf\":{\"@id\":\"https:\\\/\\\/www.meydan.tv\\\/az\\\/#website\"},\"primaryImageOfPage\":{\"@id\":\"https:\\\/\\\/www.meydan.tv\\\/az\\\/article\\\/4-gunun-gundeliyi\\\/#primaryimage\"},\"image\":{\"@id\":\"https:\\\/\\\/www.meydan.tv\\\/az\\\/article\\\/4-gunun-gundeliyi\\\/#primaryimage\"},\"thumbnailUrl\":\"https:\\\/\\\/www.meydan.tv\\\/wp-content\\\/uploads\\\/20556.jpg\",\"datePublished\":\"2016-04-12T01:18:18+00:00\",\"breadcrumb\":{\"@id\":\"https:\\\/\\\/www.meydan.tv\\\/az\\\/article\\\/4-gunun-gundeliyi\\\/#breadcrumb\"},\"inLanguage\":\"az\",\"potentialAction\":[{\"@type\":\"ReadAction\",\"target\":[\"https:\\\/\\\/www.meydan.tv\\\/az\\\/article\\\/4-gunun-gundeliyi\\\/\"]}]},{\"@type\":\"ImageObject\",\"inLanguage\":\"az\",\"@id\":\"https:\\\/\\\/www.meydan.tv\\\/az\\\/article\\\/4-gunun-gundeliyi\\\/#primaryimage\",\"url\":\"https:\\\/\\\/www.meydan.tv\\\/wp-content\\\/uploads\\\/20556.jpg\",\"contentUrl\":\"https:\\\/\\\/www.meydan.tv\\\/wp-content\\\/uploads\\\/20556.jpg\",\"width\":500,\"height\":500,\"caption\":\"Source:\"},{\"@type\":\"BreadcrumbList\",\"@id\":\"https:\\\/\\\/www.meydan.tv\\\/az\\\/article\\\/4-gunun-gundeliyi\\\/#breadcrumb\",\"itemListElement\":[{\"@type\":\"ListItem\",\"position\":1,\"name\":\"Ana s\u0259hif\u0259\",\"item\":\"https:\\\/\\\/www.meydan.tv\\\/az\\\/\"},{\"@type\":\"ListItem\",\"position\":2,\"name\":\"M\u0259nim Fikrimc\u0259\",\"item\":\"https:\\\/\\\/www.meydan.tv\\\/az\\\/section\\\/menim-fikrimce\\\/\"},{\"@type\":\"ListItem\",\"position\":3,\"name\":\"4 g\u00fcn\u00fcn g\u00fcnd\u0259liyi\"}]},{\"@type\":\"WebSite\",\"@id\":\"https:\\\/\\\/www.meydan.tv\\\/az\\\/#website\",\"url\":\"https:\\\/\\\/www.meydan.tv\\\/az\\\/\",\"name\":\"MEYDAN.TV\",\"description\":\"Meydan TV Az\u0259rbaycan\u0131n media m\u0259kan\u0131ndak\u0131 alternativ s\u0259sidir\",\"publisher\":{\"@id\":\"https:\\\/\\\/www.meydan.tv\\\/az\\\/#organization\"},\"potentialAction\":[{\"@type\":\"SearchAction\",\"target\":{\"@type\":\"EntryPoint\",\"urlTemplate\":\"https:\\\/\\\/www.meydan.tv\\\/az\\\/?s={search_term_string}\"},\"query-input\":{\"@type\":\"PropertyValueSpecification\",\"valueRequired\":true,\"valueName\":\"search_term_string\"}}],\"inLanguage\":\"az\"},{\"@type\":\"Organization\",\"@id\":\"https:\\\/\\\/www.meydan.tv\\\/az\\\/#organization\",\"name\":\"Meydan TV\",\"url\":\"https:\\\/\\\/www.meydan.tv\\\/az\\\/\",\"logo\":{\"@type\":\"ImageObject\",\"inLanguage\":\"az\",\"@id\":\"https:\\\/\\\/www.meydan.tv\\\/az\\\/#\\\/schema\\\/logo\\\/image\\\/\",\"url\":\"https:\\\/\\\/www.meydan.tv\\\/wp-content\\\/uploads\\\/2021\\\/07\\\/meydan-logo.svg\",\"contentUrl\":\"https:\\\/\\\/www.meydan.tv\\\/wp-content\\\/uploads\\\/2021\\\/07\\\/meydan-logo.svg\",\"width\":195,\"height\":46,\"caption\":\"Meydan TV\"},\"image\":{\"@id\":\"https:\\\/\\\/www.meydan.tv\\\/az\\\/#\\\/schema\\\/logo\\\/image\\\/\"}},{\"@type\":\"Person\",\"@id\":\"https:\\\/\\\/www.meydan.tv\\\/az\\\/#\\\/schema\\\/person\\\/10d11eccf6da3662cf5fdab9806ea91a\",\"name\":\"user-manager\"}]}<\/script>\n<!-- \/ Yoast SEO plugin. -->","yoast_head_json":{"title":"4 g\u00fcn\u00fcn g\u00fcnd\u0259liyi - MEYDAN.TV","robots":{"index":"index","follow":"follow","max-snippet":"max-snippet:-1","max-image-preview":"max-image-preview:large","max-video-preview":"max-video-preview:-1"},"canonical":"https:\/\/www.meydan.tv\/az\/article\/4-gunun-gundeliyi\/","og_locale":"az_AZ","og_type":"article","og_title":"4 g\u00fcn\u00fcn g\u00fcnd\u0259liyi - MEYDAN.TV","og_description":"Humanistl\u0259rin militarist\u0259 \u00e7evrilm\u0259si\u2026","og_url":"https:\/\/www.meydan.tv\/az\/article\/4-gunun-gundeliyi\/","og_site_name":"MEYDAN.TV","article_published_time":"2016-04-12T01:18:18+00:00","og_image":[{"width":500,"height":500,"url":"https:\/\/www.meydan.tv\/wp-content\/uploads\/20556.jpg","type":"image\/jpeg"}],"author":"user-manager","twitter_card":"summary_large_image","schema":{"@context":"https:\/\/schema.org","@graph":[{"@type":"Article","@id":"https:\/\/www.meydan.tv\/az\/article\/4-gunun-gundeliyi\/#article","isPartOf":{"@id":"https:\/\/www.meydan.tv\/az\/article\/4-gunun-gundeliyi\/"},"author":{"name":"user-manager","@id":"https:\/\/www.meydan.tv\/az\/#\/schema\/person\/10d11eccf6da3662cf5fdab9806ea91a"},"headline":"4 g\u00fcn\u00fcn g\u00fcnd\u0259liyi","datePublished":"2016-04-12T01:18:18+00:00","mainEntityOfPage":{"@id":"https:\/\/www.meydan.tv\/az\/article\/4-gunun-gundeliyi\/"},"wordCount":1553,"publisher":{"@id":"https:\/\/www.meydan.tv\/az\/#organization"},"image":{"@id":"https:\/\/www.meydan.tv\/az\/article\/4-gunun-gundeliyi\/#primaryimage"},"thumbnailUrl":"https:\/\/www.meydan.tv\/wp-content\/uploads\/20556.jpg","articleSection":["M\u0259nim Fikrimc\u0259"],"inLanguage":"az"},{"@type":"WebPage","@id":"https:\/\/www.meydan.tv\/az\/article\/4-gunun-gundeliyi\/","url":"https:\/\/www.meydan.tv\/az\/article\/4-gunun-gundeliyi\/","name":"4 g\u00fcn\u00fcn g\u00fcnd\u0259liyi - MEYDAN.TV","isPartOf":{"@id":"https:\/\/www.meydan.tv\/az\/#website"},"primaryImageOfPage":{"@id":"https:\/\/www.meydan.tv\/az\/article\/4-gunun-gundeliyi\/#primaryimage"},"image":{"@id":"https:\/\/www.meydan.tv\/az\/article\/4-gunun-gundeliyi\/#primaryimage"},"thumbnailUrl":"https:\/\/www.meydan.tv\/wp-content\/uploads\/20556.jpg","datePublished":"2016-04-12T01:18:18+00:00","breadcrumb":{"@id":"https:\/\/www.meydan.tv\/az\/article\/4-gunun-gundeliyi\/#breadcrumb"},"inLanguage":"az","potentialAction":[{"@type":"ReadAction","target":["https:\/\/www.meydan.tv\/az\/article\/4-gunun-gundeliyi\/"]}]},{"@type":"ImageObject","inLanguage":"az","@id":"https:\/\/www.meydan.tv\/az\/article\/4-gunun-gundeliyi\/#primaryimage","url":"https:\/\/www.meydan.tv\/wp-content\/uploads\/20556.jpg","contentUrl":"https:\/\/www.meydan.tv\/wp-content\/uploads\/20556.jpg","width":500,"height":500,"caption":"Source:"},{"@type":"BreadcrumbList","@id":"https:\/\/www.meydan.tv\/az\/article\/4-gunun-gundeliyi\/#breadcrumb","itemListElement":[{"@type":"ListItem","position":1,"name":"Ana s\u0259hif\u0259","item":"https:\/\/www.meydan.tv\/az\/"},{"@type":"ListItem","position":2,"name":"M\u0259nim Fikrimc\u0259","item":"https:\/\/www.meydan.tv\/az\/section\/menim-fikrimce\/"},{"@type":"ListItem","position":3,"name":"4 g\u00fcn\u00fcn g\u00fcnd\u0259liyi"}]},{"@type":"WebSite","@id":"https:\/\/www.meydan.tv\/az\/#website","url":"https:\/\/www.meydan.tv\/az\/","name":"MEYDAN.TV","description":"Meydan TV Az\u0259rbaycan\u0131n media m\u0259kan\u0131ndak\u0131 alternativ s\u0259sidir","publisher":{"@id":"https:\/\/www.meydan.tv\/az\/#organization"},"potentialAction":[{"@type":"SearchAction","target":{"@type":"EntryPoint","urlTemplate":"https:\/\/www.meydan.tv\/az\/?s={search_term_string}"},"query-input":{"@type":"PropertyValueSpecification","valueRequired":true,"valueName":"search_term_string"}}],"inLanguage":"az"},{"@type":"Organization","@id":"https:\/\/www.meydan.tv\/az\/#organization","name":"Meydan TV","url":"https:\/\/www.meydan.tv\/az\/","logo":{"@type":"ImageObject","inLanguage":"az","@id":"https:\/\/www.meydan.tv\/az\/#\/schema\/logo\/image\/","url":"https:\/\/www.meydan.tv\/wp-content\/uploads\/2021\/07\/meydan-logo.svg","contentUrl":"https:\/\/www.meydan.tv\/wp-content\/uploads\/2021\/07\/meydan-logo.svg","width":195,"height":46,"caption":"Meydan TV"},"image":{"@id":"https:\/\/www.meydan.tv\/az\/#\/schema\/logo\/image\/"}},{"@type":"Person","@id":"https:\/\/www.meydan.tv\/az\/#\/schema\/person\/10d11eccf6da3662cf5fdab9806ea91a","name":"user-manager"}]}},"_links":{"self":[{"href":"https:\/\/www.meydan.tv\/az\/wp-json\/wp\/v2\/posts\/175105","targetHints":{"allow":["GET"]}}],"collection":[{"href":"https:\/\/www.meydan.tv\/az\/wp-json\/wp\/v2\/posts"}],"about":[{"href":"https:\/\/www.meydan.tv\/az\/wp-json\/wp\/v2\/types\/post"}],"author":[{"embeddable":true,"href":"https:\/\/www.meydan.tv\/az\/wp-json\/wp\/v2\/users\/11"}],"replies":[{"embeddable":true,"href":"https:\/\/www.meydan.tv\/az\/wp-json\/wp\/v2\/comments?post=175105"}],"version-history":[{"count":0,"href":"https:\/\/www.meydan.tv\/az\/wp-json\/wp\/v2\/posts\/175105\/revisions"}],"wp:featuredmedia":[{"embeddable":true,"href":"https:\/\/www.meydan.tv\/az\/wp-json\/wp\/v2\/media\/54450"}],"wp:attachment":[{"href":"https:\/\/www.meydan.tv\/az\/wp-json\/wp\/v2\/media?parent=175105"}],"wp:term":[{"taxonomy":"category","embeddable":true,"href":"https:\/\/www.meydan.tv\/az\/wp-json\/wp\/v2\/categories?post=175105"},{"taxonomy":"post_tag","embeddable":true,"href":"https:\/\/www.meydan.tv\/az\/wp-json\/wp\/v2\/tags?post=175105"}],"curies":[{"name":"wp","href":"https:\/\/api.w.org\/{rel}","templated":true}]}}