{"id":175090,"date":"2016-04-11T19:15:36","date_gmt":"2016-04-11T19:15:36","guid":{"rendered":"https:\/\/www.meydan.tv\/article\/icra-hakimiyyeti-evimizi-sokub-yerinde-agac-ekmek-isteyir-video\/"},"modified":"2016-04-11T19:15:36","modified_gmt":"2016-04-11T19:15:36","slug":"icra-hakimiyyeti-evimizi-sokub-yerinde-agac-ekmek-isteyir-video","status":"publish","type":"post","link":"https:\/\/www.meydan.tv\/az\/article\/icra-hakimiyyeti-evimizi-sokub-yerinde-agac-ekmek-isteyir-video\/","title":{"rendered":"&#8221;\u0130cra hakimiyy\u0259ti evimizi s\u00f6k\u00fcb, yerind\u0259 a\u011fac \u0259km\u0259k ist\u0259yir&#8221; (V\u0130DEO)"},"content":{"rendered":"<figure class=\"wp-block-embed is-type-video is-provider-youtube wp-block-embed-youtube wp-embed-aspect-16-9 wp-has-aspect-ratio\">\n<div class=\"wp-block-embed__wrapper\">\n    <iframe loading=\"lazy\"\ttitle=\"\" width=\"1200\" height=\"675\" src=\"https:\/\/www.youtube.com\/embed\/XpKL79vjhwI\"\tframeborder=\"0\"\tallow=\"accelerometer; autoplay; clipboard-write; encrypted-media; gyroscope; picture-in-picture\" allowfullscreen><\/iframe>\n  <\/div><figcaption><\/figcaption><\/figure>\n<p>\n  <i><br \/>\n    Sumqay\u0131tl\u0131lar icra ba\u015f\u00e7\u0131s\u0131n\u0131n m\u00fcavinin\u0259 etiraz etdil\u0259r<br \/>\n  <\/i>\n<\/p>\n<p>\n  Aprelin 5-d\u0259 Sumqay\u0131t \u015f\u0259h\u0259rinin \u00c7erkas k\u00fc\u00e7\u0259sinin sakinl\u0259ri icra ba\u015f\u00e7\u0131s\u0131n\u0131n m\u00fcavini Sahib Quliyev\u0259 etiraz edibl\u0259r. S\u0259b\u0259b icra hakimiyy\u0259tinin onlar\u0131n ya\u015fad\u0131qlar\u0131 \u0259razid\u0259 a\u011fac \u0259km\u0259sidir. Sakinl\u0259r deyir ki, s\u0259n\u0259dl\u0259ri qaydas\u0131nda olan evl\u0259rini s\u00f6k\u0259r\u0259k, yerind\u0259 a\u011fac \u0259km\u0259k ist\u0259yirl\u0259r. Halbuki \u00a0h\u0259min s\u0259n\u0259dl\u0259rd\u0259 Sahib Quliyevin d\u0259 imzas\u0131 var.\n<\/p>\n<p>\n  Sumqay\u0131t \u015f\u0259h\u0259r \u0130cra Hakimiyy\u0259ti is\u0259 sakinl\u0259rin \u015fikay\u0259tini \u0259sass\u0131z hesab edir v\u0259 h\u0259min \u0259razinin kimins\u0259 \u015f\u0259xsi m\u00fclk\u00fc olmad\u0131\u011f\u0131n\u0131 bildirir.<\/p>\n","protected":false},"excerpt":{"rendered":"<p>Sumqay\u0131tl\u0131lar icra ba\u015f\u00e7\u0131s\u0131n\u0131n m\u00fcavinin\u0259 etiraz etdil\u0259r<\/p>\n","protected":false},"author":11,"featured_media":54402,"comment_status":"closed","ping_status":"open","sticky":false,"template":"","format":"standard","meta":{"_acf_changed":false,"_sitemap_exclude":false,"_sitemap_priority":"","_sitemap_frequency":"","footnotes":""},"categories":[63],"tags":[],"class_list":["post-175090","post","type-post","status-publish","format-standard","has-post-thumbnail","hentry","category-video-2","infinite-scroll-item","generate-columns","tablet-grid-50","mobile-grid-100","grid-parent","grid-33","no-featured-image-padding"],"acf":[],"yoast_head":"<!-- This site is optimized with the Yoast SEO plugin v28.4 - https:\/\/yoast.com\/product\/yoast-seo-wordpress\/ -->\n<title>&#039;&#039;\u0130cra hakimiyy\u0259ti evimizi s\u00f6k\u00fcb, yerind\u0259 a\u011fac \u0259km\u0259k ist\u0259yir&#039;&#039; (V\u0130DEO) - MEYDAN.TV<\/title>\n<meta name=\"robots\" content=\"index, follow, max-snippet:-1, max-image-preview:large, max-video-preview:-1\" \/>\n<link rel=\"canonical\" href=\"https:\/\/www.meydan.tv\/az\/article\/icra-hakimiyyeti-evimizi-sokub-yerinde-agac-ekmek-isteyir-video\/\" \/>\n<meta property=\"og:locale\" content=\"az_AZ\" \/>\n<meta property=\"og:type\" content=\"article\" \/>\n<meta property=\"og:title\" content=\"&#039;&#039;\u0130cra hakimiyy\u0259ti evimizi s\u00f6k\u00fcb, yerind\u0259 a\u011fac \u0259km\u0259k ist\u0259yir&#039;&#039; (V\u0130DEO) - MEYDAN.TV\" \/>\n<meta property=\"og:description\" content=\"Sumqay\u0131tl\u0131lar icra ba\u015f\u00e7\u0131s\u0131n\u0131n m\u00fcavinin\u0259 etiraz etdil\u0259r\" \/>\n<meta property=\"og:url\" content=\"https:\/\/www.meydan.tv\/az\/article\/icra-hakimiyyeti-evimizi-sokub-yerinde-agac-ekmek-isteyir-video\/\" \/>\n<meta property=\"og:site_name\" content=\"MEYDAN.TV\" \/>\n<meta property=\"article:published_time\" content=\"2016-04-11T19:15:36+00:00\" \/>\n<meta property=\"og:image\" content=\"https:\/\/www.meydan.tv\/wp-content\/uploads\/20540.jpg\" \/>\n\t<meta property=\"og:image:width\" content=\"892\" \/>\n\t<meta property=\"og:image:height\" content=\"503\" \/>\n\t<meta property=\"og:image:type\" content=\"image\/jpeg\" \/>\n<meta name=\"twitter:card\" content=\"summary_large_image\" \/>\n<!-- \/ Yoast SEO plugin. -->","yoast_head_json":{"title":"''\u0130cra hakimiyy\u0259ti evimizi s\u00f6k\u00fcb, yerind\u0259 a\u011fac \u0259km\u0259k ist\u0259yir'' (V\u0130DEO) - MEYDAN.TV","robots":{"index":"index","follow":"follow","max-snippet":"max-snippet:-1","max-image-preview":"max-image-preview:large","max-video-preview":"max-video-preview:-1"},"canonical":"https:\/\/www.meydan.tv\/az\/article\/icra-hakimiyyeti-evimizi-sokub-yerinde-agac-ekmek-isteyir-video\/","og_locale":"az_AZ","og_type":"article","og_title":"''\u0130cra hakimiyy\u0259ti evimizi s\u00f6k\u00fcb, yerind\u0259 a\u011fac \u0259km\u0259k ist\u0259yir'' (V\u0130DEO) - MEYDAN.TV","og_description":"Sumqay\u0131tl\u0131lar icra ba\u015f\u00e7\u0131s\u0131n\u0131n m\u00fcavinin\u0259 etiraz etdil\u0259r","og_url":"https:\/\/www.meydan.tv\/az\/article\/icra-hakimiyyeti-evimizi-sokub-yerinde-agac-ekmek-isteyir-video\/","og_site_name":"MEYDAN.TV","article_published_time":"2016-04-11T19:15:36+00:00","og_image":[{"width":892,"height":503,"url":"https:\/\/www.meydan.tv\/wp-content\/uploads\/20540.jpg","type":"image\/jpeg"}],"twitter_card":"summary_large_image","schema":{"@context":"https:\/\/schema.org","@graph":[{"@type":"Article","@id":"https:\/\/www.meydan.tv\/az\/article\/icra-hakimiyyeti-evimizi-sokub-yerinde-agac-ekmek-isteyir-video\/#article","isPartOf":{"@id":"https:\/\/www.meydan.tv\/az\/article\/icra-hakimiyyeti-evimizi-sokub-yerinde-agac-ekmek-isteyir-video\/"},"author":{"name":"user-manager","@id":"https:\/\/www.meydan.tv\/az\/#\/schema\/person\/10d11eccf6da3662cf5fdab9806ea91a"},"headline":"&#8221;\u0130cra hakimiyy\u0259ti evimizi s\u00f6k\u00fcb, yerind\u0259 a\u011fac \u0259km\u0259k ist\u0259yir&#8221; (V\u0130DEO)","datePublished":"2016-04-11T19:15:36+00:00","mainEntityOfPage":{"@id":"https:\/\/www.meydan.tv\/az\/article\/icra-hakimiyyeti-evimizi-sokub-yerinde-agac-ekmek-isteyir-video\/"},"wordCount":132,"publisher":{"@id":"https:\/\/www.meydan.tv\/az\/#organization"},"image":{"@id":"https:\/\/www.meydan.tv\/az\/article\/icra-hakimiyyeti-evimizi-sokub-yerinde-agac-ekmek-isteyir-video\/#primaryimage"},"thumbnailUrl":"https:\/\/www.meydan.tv\/wp-content\/uploads\/20540.jpg","articleSection":["Video"],"inLanguage":"az"},{"@type":"WebPage","@id":"https:\/\/www.meydan.tv\/az\/article\/icra-hakimiyyeti-evimizi-sokub-yerinde-agac-ekmek-isteyir-video\/","url":"https:\/\/www.meydan.tv\/az\/article\/icra-hakimiyyeti-evimizi-sokub-yerinde-agac-ekmek-isteyir-video\/","name":"''\u0130cra hakimiyy\u0259ti evimizi s\u00f6k\u00fcb, yerind\u0259 a\u011fac \u0259km\u0259k ist\u0259yir'' (V\u0130DEO) - MEYDAN.TV","isPartOf":{"@id":"https:\/\/www.meydan.tv\/az\/#website"},"primaryImageOfPage":{"@id":"https:\/\/www.meydan.tv\/az\/article\/icra-hakimiyyeti-evimizi-sokub-yerinde-agac-ekmek-isteyir-video\/#primaryimage"},"image":{"@id":"https:\/\/www.meydan.tv\/az\/article\/icra-hakimiyyeti-evimizi-sokub-yerinde-agac-ekmek-isteyir-video\/#primaryimage"},"thumbnailUrl":"https:\/\/www.meydan.tv\/wp-content\/uploads\/20540.jpg","datePublished":"2016-04-11T19:15:36+00:00","breadcrumb":{"@id":"https:\/\/www.meydan.tv\/az\/article\/icra-hakimiyyeti-evimizi-sokub-yerinde-agac-ekmek-isteyir-video\/#breadcrumb"},"inLanguage":"az","potentialAction":[{"@type":"ReadAction","target":["https:\/\/www.meydan.tv\/az\/article\/icra-hakimiyyeti-evimizi-sokub-yerinde-agac-ekmek-isteyir-video\/"]}]},{"@type":"ImageObject","inLanguage":"az","@id":"https:\/\/www.meydan.tv\/az\/article\/icra-hakimiyyeti-evimizi-sokub-yerinde-agac-ekmek-isteyir-video\/#primaryimage","url":"https:\/\/www.meydan.tv\/wp-content\/uploads\/20540.jpg","contentUrl":"https:\/\/www.meydan.tv\/wp-content\/uploads\/20540.jpg","width":892,"height":503,"caption":"Source:"},{"@type":"BreadcrumbList","@id":"https:\/\/www.meydan.tv\/az\/article\/icra-hakimiyyeti-evimizi-sokub-yerinde-agac-ekmek-isteyir-video\/#breadcrumb","itemListElement":[{"@type":"ListItem","position":1,"name":"Ana s\u0259hif\u0259","item":"https:\/\/www.meydan.tv\/az\/"},{"@type":"ListItem","position":2,"name":"Video","item":"https:\/\/www.meydan.tv\/az\/section\/video-2\/"},{"@type":"ListItem","position":3,"name":"&#8221;\u0130cra hakimiyy\u0259ti evimizi s\u00f6k\u00fcb, yerind\u0259 a\u011fac \u0259km\u0259k ist\u0259yir&#8221; (V\u0130DEO)"}]},{"@type":"WebSite","@id":"https:\/\/www.meydan.tv\/az\/#website","url":"https:\/\/www.meydan.tv\/az\/","name":"MEYDAN.TV","description":"Meydan TV Az\u0259rbaycan\u0131n media m\u0259kan\u0131ndak\u0131 alternativ s\u0259sidir","publisher":{"@id":"https:\/\/www.meydan.tv\/az\/#organization"},"potentialAction":[{"@type":"SearchAction","target":{"@type":"EntryPoint","urlTemplate":"https:\/\/www.meydan.tv\/az\/?s={search_term_string}"},"query-input":{"@type":"PropertyValueSpecification","valueRequired":true,"valueName":"search_term_string"}}],"inLanguage":"az"},{"@type":"Organization","@id":"https:\/\/www.meydan.tv\/az\/#organization","name":"Meydan TV","url":"https:\/\/www.meydan.tv\/az\/","logo":{"@type":"ImageObject","inLanguage":"az","@id":"https:\/\/www.meydan.tv\/az\/#\/schema\/logo\/image\/","url":"https:\/\/www.meydan.tv\/wp-content\/uploads\/2021\/07\/meydan-logo.svg","contentUrl":"https:\/\/www.meydan.tv\/wp-content\/uploads\/2021\/07\/meydan-logo.svg","width":195,"height":46,"caption":"Meydan TV"},"image":{"@id":"https:\/\/www.meydan.tv\/az\/#\/schema\/logo\/image\/"}},{"@type":"Person","@id":"https:\/\/www.meydan.tv\/az\/#\/schema\/person\/10d11eccf6da3662cf5fdab9806ea91a","name":"user-manager"}]}},"_links":{"self":[{"href":"https:\/\/www.meydan.tv\/az\/wp-json\/wp\/v2\/posts\/175090","targetHints":{"allow":["GET"]}}],"collection":[{"href":"https:\/\/www.meydan.tv\/az\/wp-json\/wp\/v2\/posts"}],"about":[{"href":"https:\/\/www.meydan.tv\/az\/wp-json\/wp\/v2\/types\/post"}],"author":[{"embeddable":true,"href":"https:\/\/www.meydan.tv\/az\/wp-json\/wp\/v2\/users\/11"}],"replies":[{"embeddable":true,"href":"https:\/\/www.meydan.tv\/az\/wp-json\/wp\/v2\/comments?post=175090"}],"version-history":[{"count":0,"href":"https:\/\/www.meydan.tv\/az\/wp-json\/wp\/v2\/posts\/175090\/revisions"}],"wp:featuredmedia":[{"embeddable":true,"href":"https:\/\/www.meydan.tv\/az\/wp-json\/wp\/v2\/media\/54402"}],"wp:attachment":[{"href":"https:\/\/www.meydan.tv\/az\/wp-json\/wp\/v2\/media?parent=175090"}],"wp:term":[{"taxonomy":"category","embeddable":true,"href":"https:\/\/www.meydan.tv\/az\/wp-json\/wp\/v2\/categories?post=175090"},{"taxonomy":"post_tag","embeddable":true,"href":"https:\/\/www.meydan.tv\/az\/wp-json\/wp\/v2\/tags?post=175090"}],"curies":[{"name":"wp","href":"https:\/\/api.w.org\/{rel}","templated":true}]}}