{"id":175073,"date":"2016-04-11T02:54:54","date_gmt":"2016-04-11T02:54:54","guid":{"rendered":"https:\/\/www.meydan.tv\/article\/terefler-cesedleri-deyisdi\/"},"modified":"2016-04-11T02:54:54","modified_gmt":"2016-04-11T02:54:54","slug":"terefler-cesedleri-deyisdi","status":"publish","type":"post","link":"https:\/\/www.meydan.tv\/az\/article\/terefler-cesedleri-deyisdi\/","title":{"rendered":"T\u0259r\u0259fl\u0259r c\u0259s\u0259dl\u0259ri d\u0259yi\u015fdi"},"content":{"rendered":"<figure class=\"wp-block-image size-large\">\n  <img decoding=\"async\" src=\"https:\/\/www.meydan.tv\/az\/54315\/\" alt=\"\" class=\"wp-image-54315\"\/><figcaption><\/figcaption><\/figure>\n<div>\n<p>\n      <i><br \/>\n        &#8216;<br \/>\n      <\/i>\n    <\/p>\n<\/p><\/div>\n<\/p>\n<figure class=\"wp-block-image size-large\">\n  <img decoding=\"async\" src=\"https:\/\/www.meydan.tv\/az\/54315\/\" alt=\"\" class=\"wp-image-54315\"\/><figcaption><\/figcaption><\/figure>\n<div>\n<p>\n      <i><br \/>\n        &#8216;Az\u0259rbaycan t\u0259r\u0259fd\u0259n 21 c\u0259s\u0259d ald\u0131q, 13 h\u0259rb\u00e7inin c\u0259naz\u0259sini is\u0259 biz onlara verdik&#8221;<br \/>\n      <\/i>\n    <\/p>\n<p>\n      &#8220;Da\u011fl\u0131q Qaraba\u011f Respublikas\u0131&#8221; prezidentinin n\u00fcmay\u0259nd\u0259si David Babayan<br \/>\n      <a href=\"http:\/\/www.gazeta.ru\/army\/news\/8486699.shtml\"><br \/>\n        R\u0130A &#8220;novosti&#8221;<br \/>\n      <\/a><br \/>\n      \u00a0agentliyin\u0259 bildirib ki, son 3 g\u00fcnd\u0259 onlar Az\u0259rbaycandan 21 h\u0259rb\u00e7inin meyitini al\u0131blar.\n    <\/p>\n<p>\n      &#8220;Aprelin 10-da qar\u015f\u0131 t\u0259r\u0259f biz\u0259 19 meyit vermi\u015fdi, 2-ni is\u0259 \u0259vv\u0259l alm\u0131\u015fd\u0131q. Faktiki olaraq, Az\u0259rbaycan t\u0259r\u0259fd\u0259n 21 meyit ald\u0131q, 13 h\u0259rb\u00e7inin c\u0259naz\u0259sini is\u0259 biz onlara verdik&#8221;, &#8211; Babayan bel\u0259 deyib.\n    <\/p>\n<p>\n      Qondarma respublikan\u0131n n\u00fcmay\u0259nd\u0259si c\u0259naz\u0259l\u0259rin d\u0259yi\u015fdirilm\u0259si prosesin\u0259 Q\u0131rm\u0131z\u0131 Xa\u00e7 v\u0259 AT\u018fT-nin f\u0259aliyy\u0259td\u0259 olan ofisinin vasit\u0259\u00e7ilik etdiyini deyib.\n    <\/p>\n<\/p><\/div><\/p>\n","protected":false},"excerpt":{"rendered":"<p>&#8221;Az\u0259rbaycan t\u0259r\u0259fd\u0259n 21 c\u0259s\u0259d ald\u0131q, 13 h\u0259rb\u00e7inin c\u0259naz\u0259sini is\u0259 biz onlara verdik&#8221;<\/p>\n","protected":false},"author":11,"featured_media":54315,"comment_status":"closed","ping_status":"open","sticky":false,"template":"","format":"standard","meta":{"_acf_changed":false,"_sitemap_exclude":false,"_sitemap_priority":"","_sitemap_frequency":"","footnotes":""},"categories":[51],"tags":[],"class_list":["post-175073","post","type-post","status-publish","format-standard","has-post-thumbnail","hentry","category-analitika","infinite-scroll-item","generate-columns","tablet-grid-50","mobile-grid-100","grid-parent","grid-33","no-featured-image-padding"],"acf":[],"yoast_head":"<!-- This site is optimized with the Yoast SEO plugin v27.5 - https:\/\/yoast.com\/product\/yoast-seo-wordpress\/ -->\n<title>T\u0259r\u0259fl\u0259r c\u0259s\u0259dl\u0259ri d\u0259yi\u015fdi - MEYDAN.TV<\/title>\n<meta name=\"robots\" content=\"index, follow, max-snippet:-1, max-image-preview:large, max-video-preview:-1\" \/>\n<link rel=\"canonical\" href=\"https:\/\/www.meydan.tv\/az\/article\/terefler-cesedleri-deyisdi\/\" \/>\n<meta property=\"og:locale\" content=\"az_AZ\" \/>\n<meta property=\"og:type\" content=\"article\" \/>\n<meta property=\"og:title\" content=\"T\u0259r\u0259fl\u0259r c\u0259s\u0259dl\u0259ri d\u0259yi\u015fdi - MEYDAN.TV\" \/>\n<meta property=\"og:description\" content=\"&#039;&#039;Az\u0259rbaycan t\u0259r\u0259fd\u0259n 21 c\u0259s\u0259d ald\u0131q, 13 h\u0259rb\u00e7inin c\u0259naz\u0259sini is\u0259 biz onlara verdik&#039;&#039;\" \/>\n<meta property=\"og:url\" content=\"https:\/\/www.meydan.tv\/az\/article\/terefler-cesedleri-deyisdi\/\" \/>\n<meta property=\"og:site_name\" content=\"MEYDAN.TV\" \/>\n<meta property=\"article:published_time\" content=\"2016-04-11T02:54:54+00:00\" \/>\n<meta property=\"og:image\" content=\"https:\/\/www.meydan.tv\/wp-content\/uploads\/20518.jpg\" \/>\n\t<meta property=\"og:image:width\" content=\"600\" \/>\n\t<meta property=\"og:image:height\" content=\"340\" \/>\n\t<meta property=\"og:image:type\" content=\"image\/jpeg\" \/>\n<meta name=\"author\" content=\"user-manager\" \/>\n<meta name=\"twitter:card\" content=\"summary_large_image\" \/>\n<script type=\"application\/ld+json\" class=\"yoast-schema-graph\">{\"@context\":\"https:\\\/\\\/schema.org\",\"@graph\":[{\"@type\":\"Article\",\"@id\":\"https:\\\/\\\/www.meydan.tv\\\/az\\\/article\\\/terefler-cesedleri-deyisdi\\\/#article\",\"isPartOf\":{\"@id\":\"https:\\\/\\\/www.meydan.tv\\\/az\\\/article\\\/terefler-cesedleri-deyisdi\\\/\"},\"author\":{\"name\":\"user-manager\",\"@id\":\"https:\\\/\\\/www.meydan.tv\\\/az\\\/#\\\/schema\\\/person\\\/10d11eccf6da3662cf5fdab9806ea91a\"},\"headline\":\"T\u0259r\u0259fl\u0259r c\u0259s\u0259dl\u0259ri d\u0259yi\u015fdi\",\"datePublished\":\"2016-04-11T02:54:54+00:00\",\"mainEntityOfPage\":{\"@id\":\"https:\\\/\\\/www.meydan.tv\\\/az\\\/article\\\/terefler-cesedleri-deyisdi\\\/\"},\"wordCount\":136,\"publisher\":{\"@id\":\"https:\\\/\\\/www.meydan.tv\\\/az\\\/#organization\"},\"image\":{\"@id\":\"https:\\\/\\\/www.meydan.tv\\\/az\\\/article\\\/terefler-cesedleri-deyisdi\\\/#primaryimage\"},\"thumbnailUrl\":\"https:\\\/\\\/www.meydan.tv\\\/wp-content\\\/uploads\\\/20518.jpg\",\"articleSection\":[\"Analitika\"],\"inLanguage\":\"az\"},{\"@type\":\"WebPage\",\"@id\":\"https:\\\/\\\/www.meydan.tv\\\/az\\\/article\\\/terefler-cesedleri-deyisdi\\\/\",\"url\":\"https:\\\/\\\/www.meydan.tv\\\/az\\\/article\\\/terefler-cesedleri-deyisdi\\\/\",\"name\":\"T\u0259r\u0259fl\u0259r c\u0259s\u0259dl\u0259ri d\u0259yi\u015fdi - MEYDAN.TV\",\"isPartOf\":{\"@id\":\"https:\\\/\\\/www.meydan.tv\\\/az\\\/#website\"},\"primaryImageOfPage\":{\"@id\":\"https:\\\/\\\/www.meydan.tv\\\/az\\\/article\\\/terefler-cesedleri-deyisdi\\\/#primaryimage\"},\"image\":{\"@id\":\"https:\\\/\\\/www.meydan.tv\\\/az\\\/article\\\/terefler-cesedleri-deyisdi\\\/#primaryimage\"},\"thumbnailUrl\":\"https:\\\/\\\/www.meydan.tv\\\/wp-content\\\/uploads\\\/20518.jpg\",\"datePublished\":\"2016-04-11T02:54:54+00:00\",\"breadcrumb\":{\"@id\":\"https:\\\/\\\/www.meydan.tv\\\/az\\\/article\\\/terefler-cesedleri-deyisdi\\\/#breadcrumb\"},\"inLanguage\":\"az\",\"potentialAction\":[{\"@type\":\"ReadAction\",\"target\":[\"https:\\\/\\\/www.meydan.tv\\\/az\\\/article\\\/terefler-cesedleri-deyisdi\\\/\"]}]},{\"@type\":\"ImageObject\",\"inLanguage\":\"az\",\"@id\":\"https:\\\/\\\/www.meydan.tv\\\/az\\\/article\\\/terefler-cesedleri-deyisdi\\\/#primaryimage\",\"url\":\"https:\\\/\\\/www.meydan.tv\\\/wp-content\\\/uploads\\\/20518.jpg\",\"contentUrl\":\"https:\\\/\\\/www.meydan.tv\\\/wp-content\\\/uploads\\\/20518.jpg\",\"width\":600,\"height\":340,\"caption\":\"Source:\"},{\"@type\":\"BreadcrumbList\",\"@id\":\"https:\\\/\\\/www.meydan.tv\\\/az\\\/article\\\/terefler-cesedleri-deyisdi\\\/#breadcrumb\",\"itemListElement\":[{\"@type\":\"ListItem\",\"position\":1,\"name\":\"Ana s\u0259hif\u0259\",\"item\":\"https:\\\/\\\/www.meydan.tv\\\/az\\\/\"},{\"@type\":\"ListItem\",\"position\":2,\"name\":\"Analitika\",\"item\":\"https:\\\/\\\/www.meydan.tv\\\/az\\\/section\\\/analitika\\\/\"},{\"@type\":\"ListItem\",\"position\":3,\"name\":\"T\u0259r\u0259fl\u0259r c\u0259s\u0259dl\u0259ri d\u0259yi\u015fdi\"}]},{\"@type\":\"WebSite\",\"@id\":\"https:\\\/\\\/www.meydan.tv\\\/az\\\/#website\",\"url\":\"https:\\\/\\\/www.meydan.tv\\\/az\\\/\",\"name\":\"MEYDAN.TV\",\"description\":\"Meydan TV Az\u0259rbaycan\u0131n media m\u0259kan\u0131ndak\u0131 alternativ s\u0259sidir\",\"publisher\":{\"@id\":\"https:\\\/\\\/www.meydan.tv\\\/az\\\/#organization\"},\"potentialAction\":[{\"@type\":\"SearchAction\",\"target\":{\"@type\":\"EntryPoint\",\"urlTemplate\":\"https:\\\/\\\/www.meydan.tv\\\/az\\\/?s={search_term_string}\"},\"query-input\":{\"@type\":\"PropertyValueSpecification\",\"valueRequired\":true,\"valueName\":\"search_term_string\"}}],\"inLanguage\":\"az\"},{\"@type\":\"Organization\",\"@id\":\"https:\\\/\\\/www.meydan.tv\\\/az\\\/#organization\",\"name\":\"Meydan TV\",\"url\":\"https:\\\/\\\/www.meydan.tv\\\/az\\\/\",\"logo\":{\"@type\":\"ImageObject\",\"inLanguage\":\"az\",\"@id\":\"https:\\\/\\\/www.meydan.tv\\\/az\\\/#\\\/schema\\\/logo\\\/image\\\/\",\"url\":\"https:\\\/\\\/www.meydan.tv\\\/wp-content\\\/uploads\\\/2021\\\/07\\\/meydan-logo.svg\",\"contentUrl\":\"https:\\\/\\\/www.meydan.tv\\\/wp-content\\\/uploads\\\/2021\\\/07\\\/meydan-logo.svg\",\"width\":195,\"height\":46,\"caption\":\"Meydan TV\"},\"image\":{\"@id\":\"https:\\\/\\\/www.meydan.tv\\\/az\\\/#\\\/schema\\\/logo\\\/image\\\/\"}},{\"@type\":\"Person\",\"@id\":\"https:\\\/\\\/www.meydan.tv\\\/az\\\/#\\\/schema\\\/person\\\/10d11eccf6da3662cf5fdab9806ea91a\",\"name\":\"user-manager\"}]}<\/script>\n<!-- \/ Yoast SEO plugin. -->","yoast_head_json":{"title":"T\u0259r\u0259fl\u0259r c\u0259s\u0259dl\u0259ri d\u0259yi\u015fdi - MEYDAN.TV","robots":{"index":"index","follow":"follow","max-snippet":"max-snippet:-1","max-image-preview":"max-image-preview:large","max-video-preview":"max-video-preview:-1"},"canonical":"https:\/\/www.meydan.tv\/az\/article\/terefler-cesedleri-deyisdi\/","og_locale":"az_AZ","og_type":"article","og_title":"T\u0259r\u0259fl\u0259r c\u0259s\u0259dl\u0259ri d\u0259yi\u015fdi - MEYDAN.TV","og_description":"''Az\u0259rbaycan t\u0259r\u0259fd\u0259n 21 c\u0259s\u0259d ald\u0131q, 13 h\u0259rb\u00e7inin c\u0259naz\u0259sini is\u0259 biz onlara verdik''","og_url":"https:\/\/www.meydan.tv\/az\/article\/terefler-cesedleri-deyisdi\/","og_site_name":"MEYDAN.TV","article_published_time":"2016-04-11T02:54:54+00:00","og_image":[{"width":600,"height":340,"url":"https:\/\/www.meydan.tv\/wp-content\/uploads\/20518.jpg","type":"image\/jpeg"}],"author":"user-manager","twitter_card":"summary_large_image","schema":{"@context":"https:\/\/schema.org","@graph":[{"@type":"Article","@id":"https:\/\/www.meydan.tv\/az\/article\/terefler-cesedleri-deyisdi\/#article","isPartOf":{"@id":"https:\/\/www.meydan.tv\/az\/article\/terefler-cesedleri-deyisdi\/"},"author":{"name":"user-manager","@id":"https:\/\/www.meydan.tv\/az\/#\/schema\/person\/10d11eccf6da3662cf5fdab9806ea91a"},"headline":"T\u0259r\u0259fl\u0259r c\u0259s\u0259dl\u0259ri d\u0259yi\u015fdi","datePublished":"2016-04-11T02:54:54+00:00","mainEntityOfPage":{"@id":"https:\/\/www.meydan.tv\/az\/article\/terefler-cesedleri-deyisdi\/"},"wordCount":136,"publisher":{"@id":"https:\/\/www.meydan.tv\/az\/#organization"},"image":{"@id":"https:\/\/www.meydan.tv\/az\/article\/terefler-cesedleri-deyisdi\/#primaryimage"},"thumbnailUrl":"https:\/\/www.meydan.tv\/wp-content\/uploads\/20518.jpg","articleSection":["Analitika"],"inLanguage":"az"},{"@type":"WebPage","@id":"https:\/\/www.meydan.tv\/az\/article\/terefler-cesedleri-deyisdi\/","url":"https:\/\/www.meydan.tv\/az\/article\/terefler-cesedleri-deyisdi\/","name":"T\u0259r\u0259fl\u0259r c\u0259s\u0259dl\u0259ri d\u0259yi\u015fdi - MEYDAN.TV","isPartOf":{"@id":"https:\/\/www.meydan.tv\/az\/#website"},"primaryImageOfPage":{"@id":"https:\/\/www.meydan.tv\/az\/article\/terefler-cesedleri-deyisdi\/#primaryimage"},"image":{"@id":"https:\/\/www.meydan.tv\/az\/article\/terefler-cesedleri-deyisdi\/#primaryimage"},"thumbnailUrl":"https:\/\/www.meydan.tv\/wp-content\/uploads\/20518.jpg","datePublished":"2016-04-11T02:54:54+00:00","breadcrumb":{"@id":"https:\/\/www.meydan.tv\/az\/article\/terefler-cesedleri-deyisdi\/#breadcrumb"},"inLanguage":"az","potentialAction":[{"@type":"ReadAction","target":["https:\/\/www.meydan.tv\/az\/article\/terefler-cesedleri-deyisdi\/"]}]},{"@type":"ImageObject","inLanguage":"az","@id":"https:\/\/www.meydan.tv\/az\/article\/terefler-cesedleri-deyisdi\/#primaryimage","url":"https:\/\/www.meydan.tv\/wp-content\/uploads\/20518.jpg","contentUrl":"https:\/\/www.meydan.tv\/wp-content\/uploads\/20518.jpg","width":600,"height":340,"caption":"Source:"},{"@type":"BreadcrumbList","@id":"https:\/\/www.meydan.tv\/az\/article\/terefler-cesedleri-deyisdi\/#breadcrumb","itemListElement":[{"@type":"ListItem","position":1,"name":"Ana s\u0259hif\u0259","item":"https:\/\/www.meydan.tv\/az\/"},{"@type":"ListItem","position":2,"name":"Analitika","item":"https:\/\/www.meydan.tv\/az\/section\/analitika\/"},{"@type":"ListItem","position":3,"name":"T\u0259r\u0259fl\u0259r c\u0259s\u0259dl\u0259ri d\u0259yi\u015fdi"}]},{"@type":"WebSite","@id":"https:\/\/www.meydan.tv\/az\/#website","url":"https:\/\/www.meydan.tv\/az\/","name":"MEYDAN.TV","description":"Meydan TV Az\u0259rbaycan\u0131n media m\u0259kan\u0131ndak\u0131 alternativ s\u0259sidir","publisher":{"@id":"https:\/\/www.meydan.tv\/az\/#organization"},"potentialAction":[{"@type":"SearchAction","target":{"@type":"EntryPoint","urlTemplate":"https:\/\/www.meydan.tv\/az\/?s={search_term_string}"},"query-input":{"@type":"PropertyValueSpecification","valueRequired":true,"valueName":"search_term_string"}}],"inLanguage":"az"},{"@type":"Organization","@id":"https:\/\/www.meydan.tv\/az\/#organization","name":"Meydan TV","url":"https:\/\/www.meydan.tv\/az\/","logo":{"@type":"ImageObject","inLanguage":"az","@id":"https:\/\/www.meydan.tv\/az\/#\/schema\/logo\/image\/","url":"https:\/\/www.meydan.tv\/wp-content\/uploads\/2021\/07\/meydan-logo.svg","contentUrl":"https:\/\/www.meydan.tv\/wp-content\/uploads\/2021\/07\/meydan-logo.svg","width":195,"height":46,"caption":"Meydan TV"},"image":{"@id":"https:\/\/www.meydan.tv\/az\/#\/schema\/logo\/image\/"}},{"@type":"Person","@id":"https:\/\/www.meydan.tv\/az\/#\/schema\/person\/10d11eccf6da3662cf5fdab9806ea91a","name":"user-manager"}]}},"_links":{"self":[{"href":"https:\/\/www.meydan.tv\/az\/wp-json\/wp\/v2\/posts\/175073","targetHints":{"allow":["GET"]}}],"collection":[{"href":"https:\/\/www.meydan.tv\/az\/wp-json\/wp\/v2\/posts"}],"about":[{"href":"https:\/\/www.meydan.tv\/az\/wp-json\/wp\/v2\/types\/post"}],"author":[{"embeddable":true,"href":"https:\/\/www.meydan.tv\/az\/wp-json\/wp\/v2\/users\/11"}],"replies":[{"embeddable":true,"href":"https:\/\/www.meydan.tv\/az\/wp-json\/wp\/v2\/comments?post=175073"}],"version-history":[{"count":0,"href":"https:\/\/www.meydan.tv\/az\/wp-json\/wp\/v2\/posts\/175073\/revisions"}],"wp:featuredmedia":[{"embeddable":true,"href":"https:\/\/www.meydan.tv\/az\/wp-json\/wp\/v2\/media\/54315"}],"wp:attachment":[{"href":"https:\/\/www.meydan.tv\/az\/wp-json\/wp\/v2\/media?parent=175073"}],"wp:term":[{"taxonomy":"category","embeddable":true,"href":"https:\/\/www.meydan.tv\/az\/wp-json\/wp\/v2\/categories?post=175073"},{"taxonomy":"post_tag","embeddable":true,"href":"https:\/\/www.meydan.tv\/az\/wp-json\/wp\/v2\/tags?post=175073"}],"curies":[{"name":"wp","href":"https:\/\/api.w.org\/{rel}","templated":true}]}}