{"id":175069,"date":"2016-04-10T23:19:05","date_gmt":"2016-04-10T23:19:05","guid":{"rendered":"https:\/\/www.meydan.tv\/article\/helak-olanlarin-meyitleri-geri-qaytarilir\/"},"modified":"2016-04-10T23:19:05","modified_gmt":"2016-04-10T23:19:05","slug":"helak-olanlarin-meyitleri-geri-qaytarilir","status":"publish","type":"post","link":"https:\/\/www.meydan.tv\/az\/article\/helak-olanlarin-meyitleri-geri-qaytarilir\/","title":{"rendered":"H\u0259lak olanlar\u0131n meyitl\u0259ri geri qaytar\u0131l\u0131r"},"content":{"rendered":"<figure class=\"wp-block-image size-large\">\n  <img decoding=\"async\" src=\"https:\/\/www.meydan.tv\/az\/54312\/\" alt=\"\" class=\"wp-image-54312\"\/><figcaption><\/figcaption><\/figure>\n<p>\n  <i><br \/>\n    BQXK t\u0259mas x\u0259ttind\u0259 t\u0259r\u0259fl\u0259r\u0259 yard\u0131m\u00e7\u0131 olub<br \/>\n  <\/i>\n<\/p>\n<p>\n  Aprelin 10-da Beyn\u0259lxalq Q\u0131z\u0131l Xa\u00e7 Komit\u0259si (BQXK) t\u0259mas x\u0259ttind\u0259, Da\u011fl\u0131q Qaraba\u011f m\u00fcnaqi\u015f\u0259sinin son g\u0259rginl\u0259\u015fm\u0259si zaman\u0131 h\u0259lak olanlar\u0131n meyitl\u0259rinin \u00f6z t\u0259r\u0259fl\u0259rin\u0259 t\u0259hvil verilm\u0259sin\u0259 yard\u0131m\u00e7\u0131 olub.<\/p>\n<p>  BQXK-n\u0131n Az\u0259rbaycan n\u00fcmay\u0259nd\u0259liyind\u0259n APA-ya veril\u0259n m\u0259lumatda bildirilir ki, BQXK-n\u0131n d\u0259st\u0259k verdiyi 8 v\u0259 9 aprel tarixl\u0259rind\u0259 ke\u00e7irilmi\u015f \u0259vv\u0259lki \u0259m\u0259liyyatlar n\u0259tic\u0259sind\u0259 t\u0259r\u0259fl\u0259r, meyitl\u0259rin t\u0259mas x\u0259tti boyu d\u00f6y\u00fc\u015f meydan\u0131ndan \u00e7\u0131xar\u0131lmas\u0131 \u0259m\u0259liyyatlar\u0131n\u0131 h\u0259yata ke\u00e7irib. \u018fm\u0259liyyatlar t\u0259r\u0259fl\u0259rin raz\u0131la\u015fmas\u0131 v\u0259\u00a0 Avropada T\u0259hl\u00fck\u0259sizlik v\u0259 \u018fm\u0259kda\u015fl\u0131q T\u0259\u015fkilat\u0131n\u0131n (AT\u018fT) Minsk Qrupunun h\u0259ms\u0259drl\u0259ri v\u0259 AT\u018fT s\u0259drinin \u015e\u0259xsi N\u00fcmay\u0259nd\u0259si il\u0259 koordinasiya olunmaqla h\u0259yata ke\u00e7irilib.<\/p>\n<p>  \u201cBizim \u0259sas prioritetimiz itkin \u0259zizl\u0259rinin taleyind\u0259n h\u0259l\u0259 d\u0259 x\u0259b\u0259rsiz qalan ail\u0259l\u0259r\u0259 k\u00f6m\u0259kdir. T\u0259r\u0259fl\u0259r\u0259 d\u0259 ail\u0259l\u0259r\u0259 cavab verm\u0259k \u00fc\u00e7\u00fcn meyitl\u0259rin qaytar\u0131lmas\u0131 vacib idi\u201d, &#8211; dey\u0259 BQXK-n\u0131n Avropa v\u0259 M\u0259rk\u0259zi Asiya \u00fczr\u0259 regional direktoru Patrik Vial bildirib.<\/p>\n<p>  BQXK Da\u011fl\u0131q Qaraba\u011f m\u00fcnaqi\u015f\u0259si il\u0259 ba\u011fl\u0131 1992-ci ild\u0259n b\u0259ri regionda f\u0259aliyy\u0259t g\u00f6st\u0259rir. M\u00fcnaqi\u015f\u0259nin 2 aprel tarixind\u0259 ba\u015flayan g\u0259rginl\u0259\u015fm\u0259sind\u0259n sonra BQXK humanitar ehtiyaclar\u0131 qar\u015f\u0131lamaq \u00fc\u00e7\u00fcn t\u0259r\u0259fl\u0259r aras\u0131nda neytral vasit\u0259\u00e7i olmaq xidm\u0259tl\u0259rini t\u0259klif edib.<\/p>\n","protected":false},"excerpt":{"rendered":"<p>BQXK t\u0259mas x\u0259ttind\u0259 t\u0259r\u0259fl\u0259r\u0259 yard\u0131m\u00e7\u0131 olub<\/p>\n","protected":false},"author":11,"featured_media":54312,"comment_status":"closed","ping_status":"open","sticky":false,"template":"","format":"standard","meta":{"_acf_changed":false,"_sitemap_exclude":false,"_sitemap_priority":"","_sitemap_frequency":"","footnotes":""},"categories":[51],"tags":[],"class_list":["post-175069","post","type-post","status-publish","format-standard","has-post-thumbnail","hentry","category-analitika","infinite-scroll-item","generate-columns","tablet-grid-50","mobile-grid-100","grid-parent","grid-33","no-featured-image-padding"],"acf":[],"yoast_head":"<!-- This site is optimized with the Yoast SEO plugin v27.5 - https:\/\/yoast.com\/product\/yoast-seo-wordpress\/ -->\n<title>H\u0259lak olanlar\u0131n meyitl\u0259ri geri qaytar\u0131l\u0131r - MEYDAN.TV<\/title>\n<meta name=\"robots\" content=\"index, follow, max-snippet:-1, max-image-preview:large, max-video-preview:-1\" \/>\n<link rel=\"canonical\" href=\"https:\/\/www.meydan.tv\/az\/article\/helak-olanlarin-meyitleri-geri-qaytarilir\/\" \/>\n<meta property=\"og:locale\" content=\"az_AZ\" \/>\n<meta property=\"og:type\" content=\"article\" \/>\n<meta property=\"og:title\" content=\"H\u0259lak olanlar\u0131n meyitl\u0259ri geri qaytar\u0131l\u0131r - MEYDAN.TV\" \/>\n<meta property=\"og:description\" content=\"BQXK t\u0259mas x\u0259ttind\u0259 t\u0259r\u0259fl\u0259r\u0259 yard\u0131m\u00e7\u0131 olub\" \/>\n<meta property=\"og:url\" content=\"https:\/\/www.meydan.tv\/az\/article\/helak-olanlarin-meyitleri-geri-qaytarilir\/\" \/>\n<meta property=\"og:site_name\" content=\"MEYDAN.TV\" \/>\n<meta property=\"article:published_time\" content=\"2016-04-10T23:19:05+00:00\" \/>\n<meta property=\"og:image\" content=\"https:\/\/www.meydan.tv\/wp-content\/uploads\/20513.jpg\" \/>\n\t<meta property=\"og:image:width\" content=\"750\" \/>\n\t<meta property=\"og:image:height\" content=\"562\" \/>\n\t<meta property=\"og:image:type\" content=\"image\/jpeg\" \/>\n<meta name=\"author\" content=\"user-manager\" \/>\n<meta name=\"twitter:card\" content=\"summary_large_image\" \/>\n<script type=\"application\/ld+json\" class=\"yoast-schema-graph\">{\"@context\":\"https:\\\/\\\/schema.org\",\"@graph\":[{\"@type\":\"Article\",\"@id\":\"https:\\\/\\\/www.meydan.tv\\\/az\\\/article\\\/helak-olanlarin-meyitleri-geri-qaytarilir\\\/#article\",\"isPartOf\":{\"@id\":\"https:\\\/\\\/www.meydan.tv\\\/az\\\/article\\\/helak-olanlarin-meyitleri-geri-qaytarilir\\\/\"},\"author\":{\"name\":\"user-manager\",\"@id\":\"https:\\\/\\\/www.meydan.tv\\\/az\\\/#\\\/schema\\\/person\\\/10d11eccf6da3662cf5fdab9806ea91a\"},\"headline\":\"H\u0259lak olanlar\u0131n meyitl\u0259ri geri qaytar\u0131l\u0131r\",\"datePublished\":\"2016-04-10T23:19:05+00:00\",\"mainEntityOfPage\":{\"@id\":\"https:\\\/\\\/www.meydan.tv\\\/az\\\/article\\\/helak-olanlarin-meyitleri-geri-qaytarilir\\\/\"},\"wordCount\":289,\"publisher\":{\"@id\":\"https:\\\/\\\/www.meydan.tv\\\/az\\\/#organization\"},\"image\":{\"@id\":\"https:\\\/\\\/www.meydan.tv\\\/az\\\/article\\\/helak-olanlarin-meyitleri-geri-qaytarilir\\\/#primaryimage\"},\"thumbnailUrl\":\"https:\\\/\\\/www.meydan.tv\\\/wp-content\\\/uploads\\\/20513.jpg\",\"articleSection\":[\"Analitika\"],\"inLanguage\":\"az\"},{\"@type\":\"WebPage\",\"@id\":\"https:\\\/\\\/www.meydan.tv\\\/az\\\/article\\\/helak-olanlarin-meyitleri-geri-qaytarilir\\\/\",\"url\":\"https:\\\/\\\/www.meydan.tv\\\/az\\\/article\\\/helak-olanlarin-meyitleri-geri-qaytarilir\\\/\",\"name\":\"H\u0259lak olanlar\u0131n meyitl\u0259ri geri qaytar\u0131l\u0131r - MEYDAN.TV\",\"isPartOf\":{\"@id\":\"https:\\\/\\\/www.meydan.tv\\\/az\\\/#website\"},\"primaryImageOfPage\":{\"@id\":\"https:\\\/\\\/www.meydan.tv\\\/az\\\/article\\\/helak-olanlarin-meyitleri-geri-qaytarilir\\\/#primaryimage\"},\"image\":{\"@id\":\"https:\\\/\\\/www.meydan.tv\\\/az\\\/article\\\/helak-olanlarin-meyitleri-geri-qaytarilir\\\/#primaryimage\"},\"thumbnailUrl\":\"https:\\\/\\\/www.meydan.tv\\\/wp-content\\\/uploads\\\/20513.jpg\",\"datePublished\":\"2016-04-10T23:19:05+00:00\",\"breadcrumb\":{\"@id\":\"https:\\\/\\\/www.meydan.tv\\\/az\\\/article\\\/helak-olanlarin-meyitleri-geri-qaytarilir\\\/#breadcrumb\"},\"inLanguage\":\"az\",\"potentialAction\":[{\"@type\":\"ReadAction\",\"target\":[\"https:\\\/\\\/www.meydan.tv\\\/az\\\/article\\\/helak-olanlarin-meyitleri-geri-qaytarilir\\\/\"]}]},{\"@type\":\"ImageObject\",\"inLanguage\":\"az\",\"@id\":\"https:\\\/\\\/www.meydan.tv\\\/az\\\/article\\\/helak-olanlarin-meyitleri-geri-qaytarilir\\\/#primaryimage\",\"url\":\"https:\\\/\\\/www.meydan.tv\\\/wp-content\\\/uploads\\\/20513.jpg\",\"contentUrl\":\"https:\\\/\\\/www.meydan.tv\\\/wp-content\\\/uploads\\\/20513.jpg\",\"width\":750,\"height\":562,\"caption\":\"Source:\"},{\"@type\":\"BreadcrumbList\",\"@id\":\"https:\\\/\\\/www.meydan.tv\\\/az\\\/article\\\/helak-olanlarin-meyitleri-geri-qaytarilir\\\/#breadcrumb\",\"itemListElement\":[{\"@type\":\"ListItem\",\"position\":1,\"name\":\"Ana s\u0259hif\u0259\",\"item\":\"https:\\\/\\\/www.meydan.tv\\\/az\\\/\"},{\"@type\":\"ListItem\",\"position\":2,\"name\":\"Analitika\",\"item\":\"https:\\\/\\\/www.meydan.tv\\\/az\\\/section\\\/analitika\\\/\"},{\"@type\":\"ListItem\",\"position\":3,\"name\":\"H\u0259lak olanlar\u0131n meyitl\u0259ri geri qaytar\u0131l\u0131r\"}]},{\"@type\":\"WebSite\",\"@id\":\"https:\\\/\\\/www.meydan.tv\\\/az\\\/#website\",\"url\":\"https:\\\/\\\/www.meydan.tv\\\/az\\\/\",\"name\":\"MEYDAN.TV\",\"description\":\"Meydan TV Az\u0259rbaycan\u0131n media m\u0259kan\u0131ndak\u0131 alternativ s\u0259sidir\",\"publisher\":{\"@id\":\"https:\\\/\\\/www.meydan.tv\\\/az\\\/#organization\"},\"potentialAction\":[{\"@type\":\"SearchAction\",\"target\":{\"@type\":\"EntryPoint\",\"urlTemplate\":\"https:\\\/\\\/www.meydan.tv\\\/az\\\/?s={search_term_string}\"},\"query-input\":{\"@type\":\"PropertyValueSpecification\",\"valueRequired\":true,\"valueName\":\"search_term_string\"}}],\"inLanguage\":\"az\"},{\"@type\":\"Organization\",\"@id\":\"https:\\\/\\\/www.meydan.tv\\\/az\\\/#organization\",\"name\":\"Meydan TV\",\"url\":\"https:\\\/\\\/www.meydan.tv\\\/az\\\/\",\"logo\":{\"@type\":\"ImageObject\",\"inLanguage\":\"az\",\"@id\":\"https:\\\/\\\/www.meydan.tv\\\/az\\\/#\\\/schema\\\/logo\\\/image\\\/\",\"url\":\"https:\\\/\\\/www.meydan.tv\\\/wp-content\\\/uploads\\\/2021\\\/07\\\/meydan-logo.svg\",\"contentUrl\":\"https:\\\/\\\/www.meydan.tv\\\/wp-content\\\/uploads\\\/2021\\\/07\\\/meydan-logo.svg\",\"width\":195,\"height\":46,\"caption\":\"Meydan TV\"},\"image\":{\"@id\":\"https:\\\/\\\/www.meydan.tv\\\/az\\\/#\\\/schema\\\/logo\\\/image\\\/\"}},{\"@type\":\"Person\",\"@id\":\"https:\\\/\\\/www.meydan.tv\\\/az\\\/#\\\/schema\\\/person\\\/10d11eccf6da3662cf5fdab9806ea91a\",\"name\":\"user-manager\"}]}<\/script>\n<!-- \/ Yoast SEO plugin. -->","yoast_head_json":{"title":"H\u0259lak olanlar\u0131n meyitl\u0259ri geri qaytar\u0131l\u0131r - MEYDAN.TV","robots":{"index":"index","follow":"follow","max-snippet":"max-snippet:-1","max-image-preview":"max-image-preview:large","max-video-preview":"max-video-preview:-1"},"canonical":"https:\/\/www.meydan.tv\/az\/article\/helak-olanlarin-meyitleri-geri-qaytarilir\/","og_locale":"az_AZ","og_type":"article","og_title":"H\u0259lak olanlar\u0131n meyitl\u0259ri geri qaytar\u0131l\u0131r - MEYDAN.TV","og_description":"BQXK t\u0259mas x\u0259ttind\u0259 t\u0259r\u0259fl\u0259r\u0259 yard\u0131m\u00e7\u0131 olub","og_url":"https:\/\/www.meydan.tv\/az\/article\/helak-olanlarin-meyitleri-geri-qaytarilir\/","og_site_name":"MEYDAN.TV","article_published_time":"2016-04-10T23:19:05+00:00","og_image":[{"width":750,"height":562,"url":"https:\/\/www.meydan.tv\/wp-content\/uploads\/20513.jpg","type":"image\/jpeg"}],"author":"user-manager","twitter_card":"summary_large_image","schema":{"@context":"https:\/\/schema.org","@graph":[{"@type":"Article","@id":"https:\/\/www.meydan.tv\/az\/article\/helak-olanlarin-meyitleri-geri-qaytarilir\/#article","isPartOf":{"@id":"https:\/\/www.meydan.tv\/az\/article\/helak-olanlarin-meyitleri-geri-qaytarilir\/"},"author":{"name":"user-manager","@id":"https:\/\/www.meydan.tv\/az\/#\/schema\/person\/10d11eccf6da3662cf5fdab9806ea91a"},"headline":"H\u0259lak olanlar\u0131n meyitl\u0259ri geri qaytar\u0131l\u0131r","datePublished":"2016-04-10T23:19:05+00:00","mainEntityOfPage":{"@id":"https:\/\/www.meydan.tv\/az\/article\/helak-olanlarin-meyitleri-geri-qaytarilir\/"},"wordCount":289,"publisher":{"@id":"https:\/\/www.meydan.tv\/az\/#organization"},"image":{"@id":"https:\/\/www.meydan.tv\/az\/article\/helak-olanlarin-meyitleri-geri-qaytarilir\/#primaryimage"},"thumbnailUrl":"https:\/\/www.meydan.tv\/wp-content\/uploads\/20513.jpg","articleSection":["Analitika"],"inLanguage":"az"},{"@type":"WebPage","@id":"https:\/\/www.meydan.tv\/az\/article\/helak-olanlarin-meyitleri-geri-qaytarilir\/","url":"https:\/\/www.meydan.tv\/az\/article\/helak-olanlarin-meyitleri-geri-qaytarilir\/","name":"H\u0259lak olanlar\u0131n meyitl\u0259ri geri qaytar\u0131l\u0131r - MEYDAN.TV","isPartOf":{"@id":"https:\/\/www.meydan.tv\/az\/#website"},"primaryImageOfPage":{"@id":"https:\/\/www.meydan.tv\/az\/article\/helak-olanlarin-meyitleri-geri-qaytarilir\/#primaryimage"},"image":{"@id":"https:\/\/www.meydan.tv\/az\/article\/helak-olanlarin-meyitleri-geri-qaytarilir\/#primaryimage"},"thumbnailUrl":"https:\/\/www.meydan.tv\/wp-content\/uploads\/20513.jpg","datePublished":"2016-04-10T23:19:05+00:00","breadcrumb":{"@id":"https:\/\/www.meydan.tv\/az\/article\/helak-olanlarin-meyitleri-geri-qaytarilir\/#breadcrumb"},"inLanguage":"az","potentialAction":[{"@type":"ReadAction","target":["https:\/\/www.meydan.tv\/az\/article\/helak-olanlarin-meyitleri-geri-qaytarilir\/"]}]},{"@type":"ImageObject","inLanguage":"az","@id":"https:\/\/www.meydan.tv\/az\/article\/helak-olanlarin-meyitleri-geri-qaytarilir\/#primaryimage","url":"https:\/\/www.meydan.tv\/wp-content\/uploads\/20513.jpg","contentUrl":"https:\/\/www.meydan.tv\/wp-content\/uploads\/20513.jpg","width":750,"height":562,"caption":"Source:"},{"@type":"BreadcrumbList","@id":"https:\/\/www.meydan.tv\/az\/article\/helak-olanlarin-meyitleri-geri-qaytarilir\/#breadcrumb","itemListElement":[{"@type":"ListItem","position":1,"name":"Ana s\u0259hif\u0259","item":"https:\/\/www.meydan.tv\/az\/"},{"@type":"ListItem","position":2,"name":"Analitika","item":"https:\/\/www.meydan.tv\/az\/section\/analitika\/"},{"@type":"ListItem","position":3,"name":"H\u0259lak olanlar\u0131n meyitl\u0259ri geri qaytar\u0131l\u0131r"}]},{"@type":"WebSite","@id":"https:\/\/www.meydan.tv\/az\/#website","url":"https:\/\/www.meydan.tv\/az\/","name":"MEYDAN.TV","description":"Meydan TV Az\u0259rbaycan\u0131n media m\u0259kan\u0131ndak\u0131 alternativ s\u0259sidir","publisher":{"@id":"https:\/\/www.meydan.tv\/az\/#organization"},"potentialAction":[{"@type":"SearchAction","target":{"@type":"EntryPoint","urlTemplate":"https:\/\/www.meydan.tv\/az\/?s={search_term_string}"},"query-input":{"@type":"PropertyValueSpecification","valueRequired":true,"valueName":"search_term_string"}}],"inLanguage":"az"},{"@type":"Organization","@id":"https:\/\/www.meydan.tv\/az\/#organization","name":"Meydan TV","url":"https:\/\/www.meydan.tv\/az\/","logo":{"@type":"ImageObject","inLanguage":"az","@id":"https:\/\/www.meydan.tv\/az\/#\/schema\/logo\/image\/","url":"https:\/\/www.meydan.tv\/wp-content\/uploads\/2021\/07\/meydan-logo.svg","contentUrl":"https:\/\/www.meydan.tv\/wp-content\/uploads\/2021\/07\/meydan-logo.svg","width":195,"height":46,"caption":"Meydan TV"},"image":{"@id":"https:\/\/www.meydan.tv\/az\/#\/schema\/logo\/image\/"}},{"@type":"Person","@id":"https:\/\/www.meydan.tv\/az\/#\/schema\/person\/10d11eccf6da3662cf5fdab9806ea91a","name":"user-manager"}]}},"_links":{"self":[{"href":"https:\/\/www.meydan.tv\/az\/wp-json\/wp\/v2\/posts\/175069","targetHints":{"allow":["GET"]}}],"collection":[{"href":"https:\/\/www.meydan.tv\/az\/wp-json\/wp\/v2\/posts"}],"about":[{"href":"https:\/\/www.meydan.tv\/az\/wp-json\/wp\/v2\/types\/post"}],"author":[{"embeddable":true,"href":"https:\/\/www.meydan.tv\/az\/wp-json\/wp\/v2\/users\/11"}],"replies":[{"embeddable":true,"href":"https:\/\/www.meydan.tv\/az\/wp-json\/wp\/v2\/comments?post=175069"}],"version-history":[{"count":0,"href":"https:\/\/www.meydan.tv\/az\/wp-json\/wp\/v2\/posts\/175069\/revisions"}],"wp:featuredmedia":[{"embeddable":true,"href":"https:\/\/www.meydan.tv\/az\/wp-json\/wp\/v2\/media\/54312"}],"wp:attachment":[{"href":"https:\/\/www.meydan.tv\/az\/wp-json\/wp\/v2\/media?parent=175069"}],"wp:term":[{"taxonomy":"category","embeddable":true,"href":"https:\/\/www.meydan.tv\/az\/wp-json\/wp\/v2\/categories?post=175069"},{"taxonomy":"post_tag","embeddable":true,"href":"https:\/\/www.meydan.tv\/az\/wp-json\/wp\/v2\/tags?post=175069"}],"curies":[{"name":"wp","href":"https:\/\/api.w.org\/{rel}","templated":true}]}}