{"id":175061,"date":"2016-04-10T16:17:16","date_gmt":"2016-04-10T16:17:16","guid":{"rendered":"https:\/\/www.meydan.tv\/article\/uc-gunluk-muharibenin-qalibi\/"},"modified":"2016-04-10T16:17:16","modified_gmt":"2016-04-10T16:17:16","slug":"uc-gunluk-muharibenin-qalibi","status":"publish","type":"post","link":"https:\/\/www.meydan.tv\/az\/article\/uc-gunluk-muharibenin-qalibi\/","title":{"rendered":"\u00dc\u00e7 g\u00fcnl\u00fck m\u00fcharib\u0259nin qalibi"},"content":{"rendered":"<figure class=\"wp-block-image size-large\">\n  <img decoding=\"async\" src=\"https:\/\/www.meydan.tv\/az\/54285\/\" alt=\"\" class=\"wp-image-54285\"\/><figcaption><\/figcaption><\/figure>\n<p>\n  M\u00fcharib\u0259 1 aprel zarafat\u0131 kimi ba\u015flad\u0131. D\u00fcz\u00fc, ilk x\u0259b\u0259rl\u0259r\u0259 inanm\u0131rd\u0131m. 1994-c\u00fc ild\u0259 at\u0259\u015fk\u0259s haqq\u0131nda x\u0259b\u0259r\u0259 d\u0259 inanmam\u0131\u015fd\u0131m. At\u0259\u015fk\u0259sd\u0259n c\u0259mi bir g\u00fcn \u0259vv\u0259l b\u00f6l\u00fck komandirimiz \u015f\u0259hid olmu\u015fdu. Ta\u011f\u0131b\u0259yli, Summa, G\u00fcll\u0259c\u0259 k\u0259ndl\u0259ri u\u011frunda ged\u0259n d\u00f6y\u00fc\u015fl\u0259rd\u0259 is\u0259 az qala bir alay\u0131 itirmi\u015fdik. O k\u0259ndl\u0259rd\u0259 biz erm\u0259nil\u0259rl\u0259 yox, ruslarla vuru\u015furduq.\n<\/p>\n<p>\n  Ruslar o \u00fc\u00e7 k\u0259ndi \u00fc\u00e7 d\u0259f\u0259 bizd\u0259n geri alsalar da, erm\u0259nil\u0259r m\u00f6vqel\u0259ri qoruyub saxlaya bilm\u0259mi\u015fdi. Ruslar\u0131n \u00f6zl\u0259rinin d\u0259 itkil\u0259ri a\u011f\u0131las\u0131\u011fmaz d\u0259r\u0259c\u0259d\u0259 \u00e7ox idi. Az\u0259rbaycan Ordusu m\u00fcharib\u0259d\u0259 d\u00f6y\u00fc\u015f t\u0259cr\u00fcb\u0259si qazanm\u0131\u015fd\u0131. At\u0259\u015fk\u0259s bizi d\u00f6y\u00fc\u015f\u0259 bildiyimiz g\u00fcnl\u0259rd\u0259 yaxalad\u0131&#8230;\n<\/p>\n<p>\n  1 aprel m\u00fcharib\u0259si v\u0259 L\u0259l\u0259t\u0259p\u0259 y\u00fcks\u0259kliyi. Bu y\u00fcks\u0259kliyi \u0259ld\u0259 etm\u0259k \u00fc\u00e7\u00fcn 87 (daha da \u00e7ox ola bil\u0259r) h\u0259rbi\u00e7i \u015f\u0259hidlik zirv\u0259sin\u0259 y\u00fcks\u0259lm\u0259li oldu. 87 ail\u0259 g\u00f6z ya\u015flar\u0131 i\u00e7ind\u0259 qald\u0131. V\u0259 Ali Ba\u015f Komandan he\u00e7 bir \u015f\u0259hidin d\u0259fnind\u0259 i\u015ftirak etm\u0259di. \u201cUrapatriotizm\u201d\u0259 meydan verildi. \u0130yirmi il \u0259rzind\u0259 c\u0259bh\u0259d\u0259 \u015f\u0259hid olanlar\u0131 gizlic\u0259 d\u0259fn ed\u0259n hakimiyy\u0259t \u00fc\u00e7g\u00fcnl\u00fck m\u00fcharib\u0259d\u0259 \u015f\u0259hid olanlar\u0131n d\u0259fninin izdihaml\u0131 ke\u00e7irilm\u0259si g\u00f6st\u0259ri\u015fi verdi. Bak\u0131dak\u0131 y\u00fcr\u00fc\u015f, TV-l\u0259rd\u0259ki \u015foular &#8211; ham\u0131s\u0131 itkil\u0259ri unutdurmaq \u00fc\u00e7\u00fcn idi.\n<\/p>\n<p>\n  Az\u0259rbaycan \u0259sg\u0259rinin m\u0259tan\u0259tini, q\u0259hr\u0259manl\u0131\u011f\u0131n\u0131 m\u0259n h\u00f6kum\u0259t q\u0259zetl\u0259rind\u0259ki baya\u011f\u0131 m\u0259qal\u0259l\u0259ri oxuyub, \u00f6yr\u0259nm\u0259mi\u015f\u0259m. Milli Q\u0259hr\u0259man Ramiz Q\u0259mb\u0259rovun batalyonunda olmu\u015fam, Milli Q\u0259hr\u0259man Albertl\u0259 eyni postda \u2013Xank\u0259ndind\u0259n on d\u0259qiq\u0259lik m\u0259saf\u0259d\u0259 erm\u0259nil\u0259r\u0259 qar\u015f\u0131 vuru\u015fmu\u015fam. Amma, indi bo\u011fazdan yuxar\u0131 v\u0259t\u0259np\u0259rv\u0259rlikd\u0259n d\u0259m vuran f\u0259raril\u0259r n\u0259inki Az\u0259rbaycan \u0259sg\u0259rini g\u00f6zd\u0259n sal\u0131b, h\u0259tta onun r\u0259\u015fad\u0259tini d\u0259 ucuzla\u015fd\u0131r\u0131blar.\n<\/p>\n<p>\n  1 aprel tarixind\u0259 ba\u015flayan m\u00fcharib\u0259 Az\u0259rbaycan Ordusunun r\u0259hb\u0259rliyinin bacar\u0131qs\u0131zl\u0131\u011f\u0131n\u0131 bir daha ortaya qoydu. \u00dc\u00e7 g\u00fcnl\u00fck h\u0259rbi \u0259m\u0259liyyatlar zaman\u0131 yaln\u0131z bir t\u0259p\u0259 v\u0259 bir k\u0259nd geri al\u0131n\u0131b. Ordumuz zabitl\u0259r d\u0259 daxil olmaqla 87 \u015f\u0259hid (bu h\u0259l\u0259 son r\u0259q\u0259m deyil) verib, vertalyot v\u0259 dronlar itirib. \u0130ndi soyuq ba\u015fla m\u00fcharib\u0259ni analiz ed\u0259nd\u0259 d\u0259h\u015f\u0259tli m\u0259nz\u0259r\u0259 il\u0259 \u00fczl\u0259\u015fmi\u015fik. \u0130yirmi ildir d\u00f6vl\u0259t b\u00fcdc\u0259sinin \u0259h\u0259miyy\u0259tli hiss\u0259sini Rusiyadan silah alma\u011fa s\u0259rf etmi\u015fik.\n<\/p>\n<p>\n  Az\u0259rbaycan hakimiyy\u0259ti iyirmi ild\u0259 iyirmi milyon d\u0259f\u0259 d\u00fcnyan\u0131n \u0259n m\u00fcasir silahlar\u0131n\u0131 ald\u0131qlar\u0131n\u0131 b\u0259yan edib, h\u0259rbi paradlarda uzaq v\u0259 orta m\u0259nzilli raketl\u0259ri, \u201cSmer\u00e7\u201d reaktiv artilleriya qur\u011fular\u0131n\u0131, \u201cT-90\u201d v\u0259 \u201cT-80\u201d tanklar\u0131n\u0131, d\u00fcnyan\u0131n \u0259n qorxunc silahlar\u0131ndan biri say\u0131lan \u201cTOS\u201d a\u011f\u0131r odsa\u00e7an (oqnamyot) sisteml\u0259ri, televiziya ekranlar\u0131nda adam yey\u0259n pe\u015f\u0259kar h\u0259rbi birl\u0259\u015fm\u0259l\u0259rin \u0259sg\u0259rl\u0259rini n\u00fcmayi\u015f etdirib.\n<\/p>\n<p>\n  M\u00fcharib\u0259d\u0259 is\u0259 bu silahlardan istifad\u0259 edilm\u0259di. \u018fsg\u0259rl\u0259rimiz 90-larda oldu\u011fu kimi avtomat v\u0259 s\u00fcng\u00fc il\u0259 d\u00fc\u015fm\u0259n \u00fcz\u0259rin\u0259 getdi. \u00dcz\u00fc boyal\u0131, qorxunc sif\u0259tli pe\u015f\u0259kar \u0259sg\u0259rl\u0259r d\u00f6y\u00fc\u015fd\u0259 i\u015ftirak etm\u0259di. \u018fn m\u00fcasir silahlar Bak\u0131da saxlan\u0131ld\u0131. Bizl\u0259r \u00fc\u00e7\u00fcn bir daha ayd\u0131n oldu ki, m\u00fcasir silahlar v\u0259 pe\u015f\u0259kar h\u0259rbi\u00e7il\u0259r, kimi qorumaq \u00fc\u00e7\u00fcnd\u00fcr. O adamlar h\u0259min silahlar\u0131 v\u0259t\u0259nin i\u015f\u011fal olunmu\u015f \u0259razil\u0259rini azad etm\u0259k \u00fc\u00e7\u00fcn yox, i\u015f\u011fal olunmayan \u0259razil\u0259rini \u015f\u0259xsi i\u015f\u011falda saxlamaq \u00fcc\u00fcn al\u0131blar.\n<\/p>\n<p>\n  \u00dc\u00e7 g\u00fcnl\u00fck m\u00fcharib\u0259 bizim \u00fcc\u00fcn Pirr q\u0259l\u0259b\u0259si d\u0259 say\u0131la bil\u0259r. Bu \u201cq\u0259l\u0259b\u0259\u201dni haz\u0131rlayan Zakir H\u0259s\u0259nov, N\u0259cm\u0259ddin Sad\u0131qov v\u0259 dig\u0259r generallar istefaya g\u00f6nd\u0259rilm\u0259lidirl\u0259r. Bu adamlar\u0131n m\u00fcasir h\u0259rb elmi il\u0259 he\u00e7 bir ba\u011fl\u0131l\u0131\u011f\u0131 yoxdur. Onlar kiml\u0259r\u0259s\u0259 s\u0259daq\u0259tin\u0259 v\u0259 Rusiyan\u0131n adam\u0131 oldu\u011funa g\u00f6r\u0259 general r\u00fctb\u0259sin\u0259 sahibl\u0259nibl\u0259r. Bu generallar ill\u0259rl\u0259 m\u00f6vqel\u0259rd\u0259 dayanan, d\u00fcz \u0259mm\u0259li h\u0259rbi t\u0259liml\u0259rd\u0259 i\u015ftirak etm\u0259y\u0259n \u0259sg\u0259rl\u0259ri d\u00f6y\u00fc\u015f\u0259 g\u00f6nd\u0259rdikl\u0259rin\u0259 g\u00f6r\u0259 m\u0259suliyy\u0259t da\u015f\u0131y\u0131rlar.\n<\/p>\n<p>\n  Onlar ordu sistemind\u0259 islahat aparmad\u0131qlar\u0131na g\u00f6r\u0259, at\u0259\u015fk\u0259s d\u00f6n\u0259mind\u0259 y\u00fczl\u0259rl\u0259 \u0259sg\u0259rin \u00f6l\u00fcm\u00fcn\u0259 g\u00f6r\u0259, ordudak\u0131 korrupsiya v\u0259 r\u00fc\u015fv\u0259t\u0259 g\u00f6r\u0259 h\u0259bsd\u0259 oturmal\u0131d\u0131lar. Cinay\u0259tkar olduqlar\u0131 halda, q\u0259hr\u0259man kimi t\u0259qdim olunurlar v\u0259 \u0259n d\u0259h\u015f\u0259tlisi odur ki, xalq olaraq bu na\u011f\u0131la inan\u0131r\u0131q.\n<\/p>\n<p>\n  S\u0259hn\u0259l\u0259\u015fdirilmi\u015f \u00fc\u00e7g\u00fcnl\u00fck m\u00fcharib\u0259nin \u201cq\u0259hr\u0259manlar\u0131\u201d kimi \u201csatq\u0131nlar\u0131\u201d da \u0259vv\u0259lc\u0259d\u0259n m\u00fc\u0259yy\u0259n edilib. Sir-sif\u0259tind\u0259n \u201cq\u0131r\u011f\u0131ya\u201d b\u0259nz\u0259y\u0259n, Qaraba\u011f sava\u015f\u0131 zaman\u0131 haradasa tuman alt\u0131nda gizl\u0259n\u0259n \u015fair, h\u0259qiq\u0259tl\u0259ri dediyin\u0259 g\u00f6r\u0259 Elmir Mirz\u0259yevi h\u0259d\u0259f\u0259 al\u0131b. H\u0259rbi \u0259m\u0259liyyatlar zaman\u0131 ordunu d\u0259st\u0259kl\u0259y\u0259n, m\u00fcharib\u0259 ba\u015flayaca\u011f\u0131 t\u0259qdird\u0259 hakimiyy\u0259ti t\u0259nqid etm\u0259y\u0259c\u0259yini bidir\u0259n \u018fli K\u0259rimlinin evi qar\u015f\u0131s\u0131nda n\u00f6vb\u0259ti biab\u0131r\u00e7\u0131l\u0131\u011fa imza at\u0131l\u0131r. Qar\u015f\u0131dan g\u0259l\u0259n g\u00fcnl\u0259rd\u0259 erm\u0259ni d\u0259yirman\u0131na su t\u00f6k\u0259nl\u0259rin siyah\u0131s\u0131n\u0131n daha da geni\u015fl\u0259n\u0259c\u0259yi \u015f\u00fcbh\u0259sizdir.\n<\/p>\n<p>\n  \u00dc\u00e7 g\u00fcnl\u00fck m\u00fcharib\u0259nin qalibi is\u0259 \u015f\u00fcbh\u0259siz Rusiyad\u0131r. Qafaqazdak\u0131 m\u00fcharib\u0259l\u0259rin ham\u0131s\u0131nda bel\u0259 olub. Erm\u0259nil\u0259r biziml\u0259, osetin v\u0259 abxazlar g\u00fcrc\u00fcl\u0259rl\u0259 vuru\u015fub. T\u0259r\u0259fl\u0259r minl\u0259rl\u0259 itki verib. Qalib is\u0259 Rusiya olub.\n<\/p>\n<p>\n  <b><br \/>\n    Yaz\u0131 m\u00fc\u0259llifin \u015f\u0259xsi m\u00f6vqeyini \u0259ks etdirir. M\u00fc\u0259llifin m\u00f6vqeyi Meydan.Tv-nin m\u00f6vqeyi il\u0259 \u00fcst-\u00fcst\u0259 d\u00fc\u015fm\u0259y\u0259 bil\u0259r.<br \/>\n  <\/b><\/p>\n","protected":false},"excerpt":{"rendered":"<p>Bir qalib var \u2013 Rusiya<\/p>\n","protected":false},"author":11,"featured_media":54285,"comment_status":"closed","ping_status":"open","sticky":false,"template":"","format":"standard","meta":{"_acf_changed":false,"_sitemap_exclude":false,"_sitemap_priority":"","_sitemap_frequency":"","footnotes":""},"categories":[57],"tags":[],"class_list":["post-175061","post","type-post","status-publish","format-standard","has-post-thumbnail","hentry","category-menim-fikrimce","infinite-scroll-item","generate-columns","tablet-grid-50","mobile-grid-100","grid-parent","grid-33","no-featured-image-padding"],"acf":[],"yoast_head":"<!-- This site is optimized with the Yoast SEO plugin v27.5 - https:\/\/yoast.com\/product\/yoast-seo-wordpress\/ -->\n<title>\u00dc\u00e7 g\u00fcnl\u00fck m\u00fcharib\u0259nin qalibi - MEYDAN.TV<\/title>\n<meta name=\"robots\" content=\"index, follow, max-snippet:-1, max-image-preview:large, max-video-preview:-1\" \/>\n<link rel=\"canonical\" href=\"https:\/\/www.meydan.tv\/az\/article\/uc-gunluk-muharibenin-qalibi\/\" \/>\n<meta property=\"og:locale\" content=\"az_AZ\" \/>\n<meta property=\"og:type\" content=\"article\" \/>\n<meta property=\"og:title\" content=\"\u00dc\u00e7 g\u00fcnl\u00fck m\u00fcharib\u0259nin qalibi - MEYDAN.TV\" \/>\n<meta property=\"og:description\" content=\"Bir qalib var \u2013 Rusiya\" \/>\n<meta property=\"og:url\" content=\"https:\/\/www.meydan.tv\/az\/article\/uc-gunluk-muharibenin-qalibi\/\" \/>\n<meta property=\"og:site_name\" content=\"MEYDAN.TV\" \/>\n<meta property=\"article:published_time\" content=\"2016-04-10T16:17:16+00:00\" \/>\n<meta property=\"og:image\" content=\"https:\/\/www.meydan.tv\/wp-content\/uploads\/20504.jpg\" \/>\n\t<meta property=\"og:image:width\" content=\"960\" \/>\n\t<meta property=\"og:image:height\" content=\"960\" \/>\n\t<meta property=\"og:image:type\" content=\"image\/jpeg\" \/>\n<meta name=\"author\" content=\"user-manager\" \/>\n<meta name=\"twitter:card\" content=\"summary_large_image\" \/>\n<script type=\"application\/ld+json\" class=\"yoast-schema-graph\">{\"@context\":\"https:\\\/\\\/schema.org\",\"@graph\":[{\"@type\":\"Article\",\"@id\":\"https:\\\/\\\/www.meydan.tv\\\/az\\\/article\\\/uc-gunluk-muharibenin-qalibi\\\/#article\",\"isPartOf\":{\"@id\":\"https:\\\/\\\/www.meydan.tv\\\/az\\\/article\\\/uc-gunluk-muharibenin-qalibi\\\/\"},\"author\":{\"name\":\"user-manager\",\"@id\":\"https:\\\/\\\/www.meydan.tv\\\/az\\\/#\\\/schema\\\/person\\\/10d11eccf6da3662cf5fdab9806ea91a\"},\"headline\":\"\u00dc\u00e7 g\u00fcnl\u00fck m\u00fcharib\u0259nin qalibi\",\"datePublished\":\"2016-04-10T16:17:16+00:00\",\"mainEntityOfPage\":{\"@id\":\"https:\\\/\\\/www.meydan.tv\\\/az\\\/article\\\/uc-gunluk-muharibenin-qalibi\\\/\"},\"wordCount\":1055,\"publisher\":{\"@id\":\"https:\\\/\\\/www.meydan.tv\\\/az\\\/#organization\"},\"image\":{\"@id\":\"https:\\\/\\\/www.meydan.tv\\\/az\\\/article\\\/uc-gunluk-muharibenin-qalibi\\\/#primaryimage\"},\"thumbnailUrl\":\"https:\\\/\\\/www.meydan.tv\\\/wp-content\\\/uploads\\\/20504.jpg\",\"articleSection\":[\"M\u0259nim Fikrimc\u0259\"],\"inLanguage\":\"az\"},{\"@type\":\"WebPage\",\"@id\":\"https:\\\/\\\/www.meydan.tv\\\/az\\\/article\\\/uc-gunluk-muharibenin-qalibi\\\/\",\"url\":\"https:\\\/\\\/www.meydan.tv\\\/az\\\/article\\\/uc-gunluk-muharibenin-qalibi\\\/\",\"name\":\"\u00dc\u00e7 g\u00fcnl\u00fck m\u00fcharib\u0259nin qalibi - MEYDAN.TV\",\"isPartOf\":{\"@id\":\"https:\\\/\\\/www.meydan.tv\\\/az\\\/#website\"},\"primaryImageOfPage\":{\"@id\":\"https:\\\/\\\/www.meydan.tv\\\/az\\\/article\\\/uc-gunluk-muharibenin-qalibi\\\/#primaryimage\"},\"image\":{\"@id\":\"https:\\\/\\\/www.meydan.tv\\\/az\\\/article\\\/uc-gunluk-muharibenin-qalibi\\\/#primaryimage\"},\"thumbnailUrl\":\"https:\\\/\\\/www.meydan.tv\\\/wp-content\\\/uploads\\\/20504.jpg\",\"datePublished\":\"2016-04-10T16:17:16+00:00\",\"breadcrumb\":{\"@id\":\"https:\\\/\\\/www.meydan.tv\\\/az\\\/article\\\/uc-gunluk-muharibenin-qalibi\\\/#breadcrumb\"},\"inLanguage\":\"az\",\"potentialAction\":[{\"@type\":\"ReadAction\",\"target\":[\"https:\\\/\\\/www.meydan.tv\\\/az\\\/article\\\/uc-gunluk-muharibenin-qalibi\\\/\"]}]},{\"@type\":\"ImageObject\",\"inLanguage\":\"az\",\"@id\":\"https:\\\/\\\/www.meydan.tv\\\/az\\\/article\\\/uc-gunluk-muharibenin-qalibi\\\/#primaryimage\",\"url\":\"https:\\\/\\\/www.meydan.tv\\\/wp-content\\\/uploads\\\/20504.jpg\",\"contentUrl\":\"https:\\\/\\\/www.meydan.tv\\\/wp-content\\\/uploads\\\/20504.jpg\",\"width\":960,\"height\":960,\"caption\":\"Source:\"},{\"@type\":\"BreadcrumbList\",\"@id\":\"https:\\\/\\\/www.meydan.tv\\\/az\\\/article\\\/uc-gunluk-muharibenin-qalibi\\\/#breadcrumb\",\"itemListElement\":[{\"@type\":\"ListItem\",\"position\":1,\"name\":\"Ana s\u0259hif\u0259\",\"item\":\"https:\\\/\\\/www.meydan.tv\\\/az\\\/\"},{\"@type\":\"ListItem\",\"position\":2,\"name\":\"M\u0259nim Fikrimc\u0259\",\"item\":\"https:\\\/\\\/www.meydan.tv\\\/az\\\/section\\\/menim-fikrimce\\\/\"},{\"@type\":\"ListItem\",\"position\":3,\"name\":\"\u00dc\u00e7 g\u00fcnl\u00fck m\u00fcharib\u0259nin qalibi\"}]},{\"@type\":\"WebSite\",\"@id\":\"https:\\\/\\\/www.meydan.tv\\\/az\\\/#website\",\"url\":\"https:\\\/\\\/www.meydan.tv\\\/az\\\/\",\"name\":\"MEYDAN.TV\",\"description\":\"Meydan TV Az\u0259rbaycan\u0131n media m\u0259kan\u0131ndak\u0131 alternativ s\u0259sidir\",\"publisher\":{\"@id\":\"https:\\\/\\\/www.meydan.tv\\\/az\\\/#organization\"},\"potentialAction\":[{\"@type\":\"SearchAction\",\"target\":{\"@type\":\"EntryPoint\",\"urlTemplate\":\"https:\\\/\\\/www.meydan.tv\\\/az\\\/?s={search_term_string}\"},\"query-input\":{\"@type\":\"PropertyValueSpecification\",\"valueRequired\":true,\"valueName\":\"search_term_string\"}}],\"inLanguage\":\"az\"},{\"@type\":\"Organization\",\"@id\":\"https:\\\/\\\/www.meydan.tv\\\/az\\\/#organization\",\"name\":\"Meydan TV\",\"url\":\"https:\\\/\\\/www.meydan.tv\\\/az\\\/\",\"logo\":{\"@type\":\"ImageObject\",\"inLanguage\":\"az\",\"@id\":\"https:\\\/\\\/www.meydan.tv\\\/az\\\/#\\\/schema\\\/logo\\\/image\\\/\",\"url\":\"https:\\\/\\\/www.meydan.tv\\\/wp-content\\\/uploads\\\/2021\\\/07\\\/meydan-logo.svg\",\"contentUrl\":\"https:\\\/\\\/www.meydan.tv\\\/wp-content\\\/uploads\\\/2021\\\/07\\\/meydan-logo.svg\",\"width\":195,\"height\":46,\"caption\":\"Meydan TV\"},\"image\":{\"@id\":\"https:\\\/\\\/www.meydan.tv\\\/az\\\/#\\\/schema\\\/logo\\\/image\\\/\"}},{\"@type\":\"Person\",\"@id\":\"https:\\\/\\\/www.meydan.tv\\\/az\\\/#\\\/schema\\\/person\\\/10d11eccf6da3662cf5fdab9806ea91a\",\"name\":\"user-manager\"}]}<\/script>\n<!-- \/ Yoast SEO plugin. -->","yoast_head_json":{"title":"\u00dc\u00e7 g\u00fcnl\u00fck m\u00fcharib\u0259nin qalibi - MEYDAN.TV","robots":{"index":"index","follow":"follow","max-snippet":"max-snippet:-1","max-image-preview":"max-image-preview:large","max-video-preview":"max-video-preview:-1"},"canonical":"https:\/\/www.meydan.tv\/az\/article\/uc-gunluk-muharibenin-qalibi\/","og_locale":"az_AZ","og_type":"article","og_title":"\u00dc\u00e7 g\u00fcnl\u00fck m\u00fcharib\u0259nin qalibi - MEYDAN.TV","og_description":"Bir qalib var \u2013 Rusiya","og_url":"https:\/\/www.meydan.tv\/az\/article\/uc-gunluk-muharibenin-qalibi\/","og_site_name":"MEYDAN.TV","article_published_time":"2016-04-10T16:17:16+00:00","og_image":[{"width":960,"height":960,"url":"https:\/\/www.meydan.tv\/wp-content\/uploads\/20504.jpg","type":"image\/jpeg"}],"author":"user-manager","twitter_card":"summary_large_image","schema":{"@context":"https:\/\/schema.org","@graph":[{"@type":"Article","@id":"https:\/\/www.meydan.tv\/az\/article\/uc-gunluk-muharibenin-qalibi\/#article","isPartOf":{"@id":"https:\/\/www.meydan.tv\/az\/article\/uc-gunluk-muharibenin-qalibi\/"},"author":{"name":"user-manager","@id":"https:\/\/www.meydan.tv\/az\/#\/schema\/person\/10d11eccf6da3662cf5fdab9806ea91a"},"headline":"\u00dc\u00e7 g\u00fcnl\u00fck m\u00fcharib\u0259nin qalibi","datePublished":"2016-04-10T16:17:16+00:00","mainEntityOfPage":{"@id":"https:\/\/www.meydan.tv\/az\/article\/uc-gunluk-muharibenin-qalibi\/"},"wordCount":1055,"publisher":{"@id":"https:\/\/www.meydan.tv\/az\/#organization"},"image":{"@id":"https:\/\/www.meydan.tv\/az\/article\/uc-gunluk-muharibenin-qalibi\/#primaryimage"},"thumbnailUrl":"https:\/\/www.meydan.tv\/wp-content\/uploads\/20504.jpg","articleSection":["M\u0259nim Fikrimc\u0259"],"inLanguage":"az"},{"@type":"WebPage","@id":"https:\/\/www.meydan.tv\/az\/article\/uc-gunluk-muharibenin-qalibi\/","url":"https:\/\/www.meydan.tv\/az\/article\/uc-gunluk-muharibenin-qalibi\/","name":"\u00dc\u00e7 g\u00fcnl\u00fck m\u00fcharib\u0259nin qalibi - MEYDAN.TV","isPartOf":{"@id":"https:\/\/www.meydan.tv\/az\/#website"},"primaryImageOfPage":{"@id":"https:\/\/www.meydan.tv\/az\/article\/uc-gunluk-muharibenin-qalibi\/#primaryimage"},"image":{"@id":"https:\/\/www.meydan.tv\/az\/article\/uc-gunluk-muharibenin-qalibi\/#primaryimage"},"thumbnailUrl":"https:\/\/www.meydan.tv\/wp-content\/uploads\/20504.jpg","datePublished":"2016-04-10T16:17:16+00:00","breadcrumb":{"@id":"https:\/\/www.meydan.tv\/az\/article\/uc-gunluk-muharibenin-qalibi\/#breadcrumb"},"inLanguage":"az","potentialAction":[{"@type":"ReadAction","target":["https:\/\/www.meydan.tv\/az\/article\/uc-gunluk-muharibenin-qalibi\/"]}]},{"@type":"ImageObject","inLanguage":"az","@id":"https:\/\/www.meydan.tv\/az\/article\/uc-gunluk-muharibenin-qalibi\/#primaryimage","url":"https:\/\/www.meydan.tv\/wp-content\/uploads\/20504.jpg","contentUrl":"https:\/\/www.meydan.tv\/wp-content\/uploads\/20504.jpg","width":960,"height":960,"caption":"Source:"},{"@type":"BreadcrumbList","@id":"https:\/\/www.meydan.tv\/az\/article\/uc-gunluk-muharibenin-qalibi\/#breadcrumb","itemListElement":[{"@type":"ListItem","position":1,"name":"Ana s\u0259hif\u0259","item":"https:\/\/www.meydan.tv\/az\/"},{"@type":"ListItem","position":2,"name":"M\u0259nim Fikrimc\u0259","item":"https:\/\/www.meydan.tv\/az\/section\/menim-fikrimce\/"},{"@type":"ListItem","position":3,"name":"\u00dc\u00e7 g\u00fcnl\u00fck m\u00fcharib\u0259nin qalibi"}]},{"@type":"WebSite","@id":"https:\/\/www.meydan.tv\/az\/#website","url":"https:\/\/www.meydan.tv\/az\/","name":"MEYDAN.TV","description":"Meydan TV Az\u0259rbaycan\u0131n media m\u0259kan\u0131ndak\u0131 alternativ s\u0259sidir","publisher":{"@id":"https:\/\/www.meydan.tv\/az\/#organization"},"potentialAction":[{"@type":"SearchAction","target":{"@type":"EntryPoint","urlTemplate":"https:\/\/www.meydan.tv\/az\/?s={search_term_string}"},"query-input":{"@type":"PropertyValueSpecification","valueRequired":true,"valueName":"search_term_string"}}],"inLanguage":"az"},{"@type":"Organization","@id":"https:\/\/www.meydan.tv\/az\/#organization","name":"Meydan TV","url":"https:\/\/www.meydan.tv\/az\/","logo":{"@type":"ImageObject","inLanguage":"az","@id":"https:\/\/www.meydan.tv\/az\/#\/schema\/logo\/image\/","url":"https:\/\/www.meydan.tv\/wp-content\/uploads\/2021\/07\/meydan-logo.svg","contentUrl":"https:\/\/www.meydan.tv\/wp-content\/uploads\/2021\/07\/meydan-logo.svg","width":195,"height":46,"caption":"Meydan TV"},"image":{"@id":"https:\/\/www.meydan.tv\/az\/#\/schema\/logo\/image\/"}},{"@type":"Person","@id":"https:\/\/www.meydan.tv\/az\/#\/schema\/person\/10d11eccf6da3662cf5fdab9806ea91a","name":"user-manager"}]}},"_links":{"self":[{"href":"https:\/\/www.meydan.tv\/az\/wp-json\/wp\/v2\/posts\/175061","targetHints":{"allow":["GET"]}}],"collection":[{"href":"https:\/\/www.meydan.tv\/az\/wp-json\/wp\/v2\/posts"}],"about":[{"href":"https:\/\/www.meydan.tv\/az\/wp-json\/wp\/v2\/types\/post"}],"author":[{"embeddable":true,"href":"https:\/\/www.meydan.tv\/az\/wp-json\/wp\/v2\/users\/11"}],"replies":[{"embeddable":true,"href":"https:\/\/www.meydan.tv\/az\/wp-json\/wp\/v2\/comments?post=175061"}],"version-history":[{"count":0,"href":"https:\/\/www.meydan.tv\/az\/wp-json\/wp\/v2\/posts\/175061\/revisions"}],"wp:featuredmedia":[{"embeddable":true,"href":"https:\/\/www.meydan.tv\/az\/wp-json\/wp\/v2\/media\/54285"}],"wp:attachment":[{"href":"https:\/\/www.meydan.tv\/az\/wp-json\/wp\/v2\/media?parent=175061"}],"wp:term":[{"taxonomy":"category","embeddable":true,"href":"https:\/\/www.meydan.tv\/az\/wp-json\/wp\/v2\/categories?post=175061"},{"taxonomy":"post_tag","embeddable":true,"href":"https:\/\/www.meydan.tv\/az\/wp-json\/wp\/v2\/tags?post=175061"}],"curies":[{"name":"wp","href":"https:\/\/api.w.org\/{rel}","templated":true}]}}