{"id":175053,"date":"2016-04-09T19:59:44","date_gmt":"2016-04-09T19:59:44","guid":{"rendered":"https:\/\/www.meydan.tv\/article\/herbi-qulluqcularin-meyitlerinin-doyus-meydanindan-cixarilmasi-bu-gun-davam-etdirilecek\/"},"modified":"2016-04-09T19:59:44","modified_gmt":"2016-04-09T19:59:44","slug":"herbi-qulluqcularin-meyitlerinin-doyus-meydanindan-cixarilmasi-bu-gun-davam-etdirilecek","status":"publish","type":"post","link":"https:\/\/www.meydan.tv\/az\/article\/herbi-qulluqcularin-meyitlerinin-doyus-meydanindan-cixarilmasi-bu-gun-davam-etdirilecek\/","title":{"rendered":"H\u0259rbi qulluq\u00e7ular\u0131n meyitl\u0259rinin d\u00f6y\u00fc\u015f meydan\u0131ndan \u00e7\u0131xar\u0131lmas\u0131 bu g\u00fcn davam etdiril\u0259c\u0259k"},"content":{"rendered":"<figure class=\"wp-block-image size-large\">\n  <img decoding=\"async\" src=\"https:\/\/www.meydan.tv\/az\/54252\/\" alt=\"\" class=\"wp-image-54252\"\/><figcaption><\/figcaption><\/figure>\n<p>\n  <i><br \/>\n    Aprelin 8-d\u0259 d\u0259 meyitl\u0259rinin d\u00f6y\u00fc\u015f meydan\u0131ndan \u00e7\u0131xar\u0131lmas\u0131 \u0259m\u0259liyyat\u0131 h\u0259yata ke\u00e7irilib<br \/>\n  <\/i>\n<\/p>\n<p>\n  H\u0259rbi qulluq\u00e7ular\u0131n meyitl\u0259rinin d\u00f6y\u00fc\u015f meydan\u0131ndan \u00e7\u0131xar\u0131lmas\u0131 \u0259m\u0259liyyat\u0131 davam etdiril\u0259c\u0259k.<\/p>\n<p>  M\u00fcdafi\u0259 Nazirliyinin m\u0259tbuat xidm\u0259tind\u0259n APA-ya veril\u0259n m\u0259lumata g\u00f6r\u0259, aprelin 9-da Bak\u0131 vaxt\u0131 il\u0259 saat 16.00-dan 19.00-d\u0259k c\u0259bh\u0259 x\u0259ttinin m\u00fc\u0259yy\u0259n olunmu\u015f istiqam\u0259tl\u0259rind\u0259 AT\u018fT n\u00fcmay\u0259nd\u0259l\u0259ri v\u0259 Beyn\u0259lxalq Q\u0131rm\u0131z\u0131 Xa\u00e7 Komit\u0259sinin vasit\u0259\u00e7iliyi il\u0259 h\u0259r iki t\u0259r\u0259fin raz\u0131l\u0131\u011f\u0131na \u0259sas\u0259n h\u0259rbi qulluq\u00e7ular\u0131n meyitl\u0259rinin d\u00f6y\u00fc\u015f meydan\u0131ndan \u00e7\u0131xar\u0131lmas\u0131 \u0259m\u0259liyyat\u0131 h\u0259yata ke\u00e7iril\u0259c\u0259k.<\/p>\n<p>  Aprelin 8-d\u0259 d\u0259 meyitl\u0259rinin d\u00f6y\u00fc\u015f meydan\u0131ndan \u00e7\u0131xar\u0131lmas\u0131 \u0259m\u0259liyyat\u0131 h\u0259yata ke\u00e7irilib.<\/p>\n","protected":false},"excerpt":{"rendered":"<p>Aprelin 8-d\u0259 d\u0259 meyitl\u0259rinin d\u00f6y\u00fc\u015f meydan\u0131ndan \u00e7\u0131xar\u0131lmas\u0131 \u0259m\u0259liyyat\u0131 h\u0259yata ke\u00e7irilib<\/p>\n","protected":false},"author":11,"featured_media":54252,"comment_status":"closed","ping_status":"open","sticky":false,"template":"","format":"standard","meta":{"_acf_changed":false,"_sitemap_exclude":false,"_sitemap_priority":"","_sitemap_frequency":"","footnotes":""},"categories":[51],"tags":[],"class_list":["post-175053","post","type-post","status-publish","format-standard","has-post-thumbnail","hentry","category-analitika","infinite-scroll-item","generate-columns","tablet-grid-50","mobile-grid-100","grid-parent","grid-33","no-featured-image-padding"],"acf":[],"yoast_head":"<!-- This site is optimized with the Yoast SEO plugin v27.5 - https:\/\/yoast.com\/product\/yoast-seo-wordpress\/ -->\n<title>H\u0259rbi qulluq\u00e7ular\u0131n meyitl\u0259rinin d\u00f6y\u00fc\u015f meydan\u0131ndan \u00e7\u0131xar\u0131lmas\u0131 bu g\u00fcn davam etdiril\u0259c\u0259k - MEYDAN.TV<\/title>\n<meta name=\"robots\" content=\"index, follow, max-snippet:-1, max-image-preview:large, max-video-preview:-1\" \/>\n<link rel=\"canonical\" href=\"https:\/\/www.meydan.tv\/az\/article\/herbi-qulluqcularin-meyitlerinin-doyus-meydanindan-cixarilmasi-bu-gun-davam-etdirilecek\/\" \/>\n<meta property=\"og:locale\" content=\"az_AZ\" \/>\n<meta property=\"og:type\" content=\"article\" \/>\n<meta property=\"og:title\" content=\"H\u0259rbi qulluq\u00e7ular\u0131n meyitl\u0259rinin d\u00f6y\u00fc\u015f meydan\u0131ndan \u00e7\u0131xar\u0131lmas\u0131 bu g\u00fcn davam etdiril\u0259c\u0259k - MEYDAN.TV\" \/>\n<meta property=\"og:description\" content=\"Aprelin 8-d\u0259 d\u0259 meyitl\u0259rinin d\u00f6y\u00fc\u015f meydan\u0131ndan \u00e7\u0131xar\u0131lmas\u0131 \u0259m\u0259liyyat\u0131 h\u0259yata ke\u00e7irilib\" \/>\n<meta property=\"og:url\" content=\"https:\/\/www.meydan.tv\/az\/article\/herbi-qulluqcularin-meyitlerinin-doyus-meydanindan-cixarilmasi-bu-gun-davam-etdirilecek\/\" \/>\n<meta property=\"og:site_name\" content=\"MEYDAN.TV\" \/>\n<meta property=\"article:published_time\" content=\"2016-04-09T19:59:44+00:00\" \/>\n<meta property=\"og:image\" content=\"https:\/\/www.meydan.tv\/wp-content\/uploads\/20490.jpg\" \/>\n\t<meta property=\"og:image:width\" content=\"750\" \/>\n\t<meta property=\"og:image:height\" content=\"561\" \/>\n\t<meta property=\"og:image:type\" content=\"image\/jpeg\" \/>\n<meta name=\"author\" content=\"user-manager\" \/>\n<meta name=\"twitter:card\" content=\"summary_large_image\" \/>\n<script type=\"application\/ld+json\" class=\"yoast-schema-graph\">{\"@context\":\"https:\\\/\\\/schema.org\",\"@graph\":[{\"@type\":\"Article\",\"@id\":\"https:\\\/\\\/www.meydan.tv\\\/az\\\/article\\\/herbi-qulluqcularin-meyitlerinin-doyus-meydanindan-cixarilmasi-bu-gun-davam-etdirilecek\\\/#article\",\"isPartOf\":{\"@id\":\"https:\\\/\\\/www.meydan.tv\\\/az\\\/article\\\/herbi-qulluqcularin-meyitlerinin-doyus-meydanindan-cixarilmasi-bu-gun-davam-etdirilecek\\\/\"},\"author\":{\"name\":\"user-manager\",\"@id\":\"https:\\\/\\\/www.meydan.tv\\\/az\\\/#\\\/schema\\\/person\\\/10d11eccf6da3662cf5fdab9806ea91a\"},\"headline\":\"H\u0259rbi qulluq\u00e7ular\u0131n meyitl\u0259rinin d\u00f6y\u00fc\u015f meydan\u0131ndan \u00e7\u0131xar\u0131lmas\u0131 bu g\u00fcn davam etdiril\u0259c\u0259k\",\"datePublished\":\"2016-04-09T19:59:44+00:00\",\"mainEntityOfPage\":{\"@id\":\"https:\\\/\\\/www.meydan.tv\\\/az\\\/article\\\/herbi-qulluqcularin-meyitlerinin-doyus-meydanindan-cixarilmasi-bu-gun-davam-etdirilecek\\\/\"},\"wordCount\":159,\"publisher\":{\"@id\":\"https:\\\/\\\/www.meydan.tv\\\/az\\\/#organization\"},\"image\":{\"@id\":\"https:\\\/\\\/www.meydan.tv\\\/az\\\/article\\\/herbi-qulluqcularin-meyitlerinin-doyus-meydanindan-cixarilmasi-bu-gun-davam-etdirilecek\\\/#primaryimage\"},\"thumbnailUrl\":\"https:\\\/\\\/www.meydan.tv\\\/wp-content\\\/uploads\\\/20490.jpg\",\"articleSection\":[\"Analitika\"],\"inLanguage\":\"az\"},{\"@type\":\"WebPage\",\"@id\":\"https:\\\/\\\/www.meydan.tv\\\/az\\\/article\\\/herbi-qulluqcularin-meyitlerinin-doyus-meydanindan-cixarilmasi-bu-gun-davam-etdirilecek\\\/\",\"url\":\"https:\\\/\\\/www.meydan.tv\\\/az\\\/article\\\/herbi-qulluqcularin-meyitlerinin-doyus-meydanindan-cixarilmasi-bu-gun-davam-etdirilecek\\\/\",\"name\":\"H\u0259rbi qulluq\u00e7ular\u0131n meyitl\u0259rinin d\u00f6y\u00fc\u015f meydan\u0131ndan \u00e7\u0131xar\u0131lmas\u0131 bu g\u00fcn davam etdiril\u0259c\u0259k - MEYDAN.TV\",\"isPartOf\":{\"@id\":\"https:\\\/\\\/www.meydan.tv\\\/az\\\/#website\"},\"primaryImageOfPage\":{\"@id\":\"https:\\\/\\\/www.meydan.tv\\\/az\\\/article\\\/herbi-qulluqcularin-meyitlerinin-doyus-meydanindan-cixarilmasi-bu-gun-davam-etdirilecek\\\/#primaryimage\"},\"image\":{\"@id\":\"https:\\\/\\\/www.meydan.tv\\\/az\\\/article\\\/herbi-qulluqcularin-meyitlerinin-doyus-meydanindan-cixarilmasi-bu-gun-davam-etdirilecek\\\/#primaryimage\"},\"thumbnailUrl\":\"https:\\\/\\\/www.meydan.tv\\\/wp-content\\\/uploads\\\/20490.jpg\",\"datePublished\":\"2016-04-09T19:59:44+00:00\",\"breadcrumb\":{\"@id\":\"https:\\\/\\\/www.meydan.tv\\\/az\\\/article\\\/herbi-qulluqcularin-meyitlerinin-doyus-meydanindan-cixarilmasi-bu-gun-davam-etdirilecek\\\/#breadcrumb\"},\"inLanguage\":\"az\",\"potentialAction\":[{\"@type\":\"ReadAction\",\"target\":[\"https:\\\/\\\/www.meydan.tv\\\/az\\\/article\\\/herbi-qulluqcularin-meyitlerinin-doyus-meydanindan-cixarilmasi-bu-gun-davam-etdirilecek\\\/\"]}]},{\"@type\":\"ImageObject\",\"inLanguage\":\"az\",\"@id\":\"https:\\\/\\\/www.meydan.tv\\\/az\\\/article\\\/herbi-qulluqcularin-meyitlerinin-doyus-meydanindan-cixarilmasi-bu-gun-davam-etdirilecek\\\/#primaryimage\",\"url\":\"https:\\\/\\\/www.meydan.tv\\\/wp-content\\\/uploads\\\/20490.jpg\",\"contentUrl\":\"https:\\\/\\\/www.meydan.tv\\\/wp-content\\\/uploads\\\/20490.jpg\",\"width\":750,\"height\":561,\"caption\":\"Source:\"},{\"@type\":\"BreadcrumbList\",\"@id\":\"https:\\\/\\\/www.meydan.tv\\\/az\\\/article\\\/herbi-qulluqcularin-meyitlerinin-doyus-meydanindan-cixarilmasi-bu-gun-davam-etdirilecek\\\/#breadcrumb\",\"itemListElement\":[{\"@type\":\"ListItem\",\"position\":1,\"name\":\"Ana s\u0259hif\u0259\",\"item\":\"https:\\\/\\\/www.meydan.tv\\\/az\\\/\"},{\"@type\":\"ListItem\",\"position\":2,\"name\":\"Analitika\",\"item\":\"https:\\\/\\\/www.meydan.tv\\\/az\\\/section\\\/analitika\\\/\"},{\"@type\":\"ListItem\",\"position\":3,\"name\":\"H\u0259rbi qulluq\u00e7ular\u0131n meyitl\u0259rinin d\u00f6y\u00fc\u015f meydan\u0131ndan \u00e7\u0131xar\u0131lmas\u0131 bu g\u00fcn davam etdiril\u0259c\u0259k\"}]},{\"@type\":\"WebSite\",\"@id\":\"https:\\\/\\\/www.meydan.tv\\\/az\\\/#website\",\"url\":\"https:\\\/\\\/www.meydan.tv\\\/az\\\/\",\"name\":\"MEYDAN.TV\",\"description\":\"Meydan TV Az\u0259rbaycan\u0131n media m\u0259kan\u0131ndak\u0131 alternativ s\u0259sidir\",\"publisher\":{\"@id\":\"https:\\\/\\\/www.meydan.tv\\\/az\\\/#organization\"},\"potentialAction\":[{\"@type\":\"SearchAction\",\"target\":{\"@type\":\"EntryPoint\",\"urlTemplate\":\"https:\\\/\\\/www.meydan.tv\\\/az\\\/?s={search_term_string}\"},\"query-input\":{\"@type\":\"PropertyValueSpecification\",\"valueRequired\":true,\"valueName\":\"search_term_string\"}}],\"inLanguage\":\"az\"},{\"@type\":\"Organization\",\"@id\":\"https:\\\/\\\/www.meydan.tv\\\/az\\\/#organization\",\"name\":\"Meydan TV\",\"url\":\"https:\\\/\\\/www.meydan.tv\\\/az\\\/\",\"logo\":{\"@type\":\"ImageObject\",\"inLanguage\":\"az\",\"@id\":\"https:\\\/\\\/www.meydan.tv\\\/az\\\/#\\\/schema\\\/logo\\\/image\\\/\",\"url\":\"https:\\\/\\\/www.meydan.tv\\\/wp-content\\\/uploads\\\/2021\\\/07\\\/meydan-logo.svg\",\"contentUrl\":\"https:\\\/\\\/www.meydan.tv\\\/wp-content\\\/uploads\\\/2021\\\/07\\\/meydan-logo.svg\",\"width\":195,\"height\":46,\"caption\":\"Meydan TV\"},\"image\":{\"@id\":\"https:\\\/\\\/www.meydan.tv\\\/az\\\/#\\\/schema\\\/logo\\\/image\\\/\"}},{\"@type\":\"Person\",\"@id\":\"https:\\\/\\\/www.meydan.tv\\\/az\\\/#\\\/schema\\\/person\\\/10d11eccf6da3662cf5fdab9806ea91a\",\"name\":\"user-manager\"}]}<\/script>\n<!-- \/ Yoast SEO plugin. -->","yoast_head_json":{"title":"H\u0259rbi qulluq\u00e7ular\u0131n meyitl\u0259rinin d\u00f6y\u00fc\u015f meydan\u0131ndan \u00e7\u0131xar\u0131lmas\u0131 bu g\u00fcn davam etdiril\u0259c\u0259k - MEYDAN.TV","robots":{"index":"index","follow":"follow","max-snippet":"max-snippet:-1","max-image-preview":"max-image-preview:large","max-video-preview":"max-video-preview:-1"},"canonical":"https:\/\/www.meydan.tv\/az\/article\/herbi-qulluqcularin-meyitlerinin-doyus-meydanindan-cixarilmasi-bu-gun-davam-etdirilecek\/","og_locale":"az_AZ","og_type":"article","og_title":"H\u0259rbi qulluq\u00e7ular\u0131n meyitl\u0259rinin d\u00f6y\u00fc\u015f meydan\u0131ndan \u00e7\u0131xar\u0131lmas\u0131 bu g\u00fcn davam etdiril\u0259c\u0259k - MEYDAN.TV","og_description":"Aprelin 8-d\u0259 d\u0259 meyitl\u0259rinin d\u00f6y\u00fc\u015f meydan\u0131ndan \u00e7\u0131xar\u0131lmas\u0131 \u0259m\u0259liyyat\u0131 h\u0259yata ke\u00e7irilib","og_url":"https:\/\/www.meydan.tv\/az\/article\/herbi-qulluqcularin-meyitlerinin-doyus-meydanindan-cixarilmasi-bu-gun-davam-etdirilecek\/","og_site_name":"MEYDAN.TV","article_published_time":"2016-04-09T19:59:44+00:00","og_image":[{"width":750,"height":561,"url":"https:\/\/www.meydan.tv\/wp-content\/uploads\/20490.jpg","type":"image\/jpeg"}],"author":"user-manager","twitter_card":"summary_large_image","schema":{"@context":"https:\/\/schema.org","@graph":[{"@type":"Article","@id":"https:\/\/www.meydan.tv\/az\/article\/herbi-qulluqcularin-meyitlerinin-doyus-meydanindan-cixarilmasi-bu-gun-davam-etdirilecek\/#article","isPartOf":{"@id":"https:\/\/www.meydan.tv\/az\/article\/herbi-qulluqcularin-meyitlerinin-doyus-meydanindan-cixarilmasi-bu-gun-davam-etdirilecek\/"},"author":{"name":"user-manager","@id":"https:\/\/www.meydan.tv\/az\/#\/schema\/person\/10d11eccf6da3662cf5fdab9806ea91a"},"headline":"H\u0259rbi qulluq\u00e7ular\u0131n meyitl\u0259rinin d\u00f6y\u00fc\u015f meydan\u0131ndan \u00e7\u0131xar\u0131lmas\u0131 bu g\u00fcn davam etdiril\u0259c\u0259k","datePublished":"2016-04-09T19:59:44+00:00","mainEntityOfPage":{"@id":"https:\/\/www.meydan.tv\/az\/article\/herbi-qulluqcularin-meyitlerinin-doyus-meydanindan-cixarilmasi-bu-gun-davam-etdirilecek\/"},"wordCount":159,"publisher":{"@id":"https:\/\/www.meydan.tv\/az\/#organization"},"image":{"@id":"https:\/\/www.meydan.tv\/az\/article\/herbi-qulluqcularin-meyitlerinin-doyus-meydanindan-cixarilmasi-bu-gun-davam-etdirilecek\/#primaryimage"},"thumbnailUrl":"https:\/\/www.meydan.tv\/wp-content\/uploads\/20490.jpg","articleSection":["Analitika"],"inLanguage":"az"},{"@type":"WebPage","@id":"https:\/\/www.meydan.tv\/az\/article\/herbi-qulluqcularin-meyitlerinin-doyus-meydanindan-cixarilmasi-bu-gun-davam-etdirilecek\/","url":"https:\/\/www.meydan.tv\/az\/article\/herbi-qulluqcularin-meyitlerinin-doyus-meydanindan-cixarilmasi-bu-gun-davam-etdirilecek\/","name":"H\u0259rbi qulluq\u00e7ular\u0131n meyitl\u0259rinin d\u00f6y\u00fc\u015f meydan\u0131ndan \u00e7\u0131xar\u0131lmas\u0131 bu g\u00fcn davam etdiril\u0259c\u0259k - MEYDAN.TV","isPartOf":{"@id":"https:\/\/www.meydan.tv\/az\/#website"},"primaryImageOfPage":{"@id":"https:\/\/www.meydan.tv\/az\/article\/herbi-qulluqcularin-meyitlerinin-doyus-meydanindan-cixarilmasi-bu-gun-davam-etdirilecek\/#primaryimage"},"image":{"@id":"https:\/\/www.meydan.tv\/az\/article\/herbi-qulluqcularin-meyitlerinin-doyus-meydanindan-cixarilmasi-bu-gun-davam-etdirilecek\/#primaryimage"},"thumbnailUrl":"https:\/\/www.meydan.tv\/wp-content\/uploads\/20490.jpg","datePublished":"2016-04-09T19:59:44+00:00","breadcrumb":{"@id":"https:\/\/www.meydan.tv\/az\/article\/herbi-qulluqcularin-meyitlerinin-doyus-meydanindan-cixarilmasi-bu-gun-davam-etdirilecek\/#breadcrumb"},"inLanguage":"az","potentialAction":[{"@type":"ReadAction","target":["https:\/\/www.meydan.tv\/az\/article\/herbi-qulluqcularin-meyitlerinin-doyus-meydanindan-cixarilmasi-bu-gun-davam-etdirilecek\/"]}]},{"@type":"ImageObject","inLanguage":"az","@id":"https:\/\/www.meydan.tv\/az\/article\/herbi-qulluqcularin-meyitlerinin-doyus-meydanindan-cixarilmasi-bu-gun-davam-etdirilecek\/#primaryimage","url":"https:\/\/www.meydan.tv\/wp-content\/uploads\/20490.jpg","contentUrl":"https:\/\/www.meydan.tv\/wp-content\/uploads\/20490.jpg","width":750,"height":561,"caption":"Source:"},{"@type":"BreadcrumbList","@id":"https:\/\/www.meydan.tv\/az\/article\/herbi-qulluqcularin-meyitlerinin-doyus-meydanindan-cixarilmasi-bu-gun-davam-etdirilecek\/#breadcrumb","itemListElement":[{"@type":"ListItem","position":1,"name":"Ana s\u0259hif\u0259","item":"https:\/\/www.meydan.tv\/az\/"},{"@type":"ListItem","position":2,"name":"Analitika","item":"https:\/\/www.meydan.tv\/az\/section\/analitika\/"},{"@type":"ListItem","position":3,"name":"H\u0259rbi qulluq\u00e7ular\u0131n meyitl\u0259rinin d\u00f6y\u00fc\u015f meydan\u0131ndan \u00e7\u0131xar\u0131lmas\u0131 bu g\u00fcn davam etdiril\u0259c\u0259k"}]},{"@type":"WebSite","@id":"https:\/\/www.meydan.tv\/az\/#website","url":"https:\/\/www.meydan.tv\/az\/","name":"MEYDAN.TV","description":"Meydan TV Az\u0259rbaycan\u0131n media m\u0259kan\u0131ndak\u0131 alternativ s\u0259sidir","publisher":{"@id":"https:\/\/www.meydan.tv\/az\/#organization"},"potentialAction":[{"@type":"SearchAction","target":{"@type":"EntryPoint","urlTemplate":"https:\/\/www.meydan.tv\/az\/?s={search_term_string}"},"query-input":{"@type":"PropertyValueSpecification","valueRequired":true,"valueName":"search_term_string"}}],"inLanguage":"az"},{"@type":"Organization","@id":"https:\/\/www.meydan.tv\/az\/#organization","name":"Meydan TV","url":"https:\/\/www.meydan.tv\/az\/","logo":{"@type":"ImageObject","inLanguage":"az","@id":"https:\/\/www.meydan.tv\/az\/#\/schema\/logo\/image\/","url":"https:\/\/www.meydan.tv\/wp-content\/uploads\/2021\/07\/meydan-logo.svg","contentUrl":"https:\/\/www.meydan.tv\/wp-content\/uploads\/2021\/07\/meydan-logo.svg","width":195,"height":46,"caption":"Meydan TV"},"image":{"@id":"https:\/\/www.meydan.tv\/az\/#\/schema\/logo\/image\/"}},{"@type":"Person","@id":"https:\/\/www.meydan.tv\/az\/#\/schema\/person\/10d11eccf6da3662cf5fdab9806ea91a","name":"user-manager"}]}},"_links":{"self":[{"href":"https:\/\/www.meydan.tv\/az\/wp-json\/wp\/v2\/posts\/175053","targetHints":{"allow":["GET"]}}],"collection":[{"href":"https:\/\/www.meydan.tv\/az\/wp-json\/wp\/v2\/posts"}],"about":[{"href":"https:\/\/www.meydan.tv\/az\/wp-json\/wp\/v2\/types\/post"}],"author":[{"embeddable":true,"href":"https:\/\/www.meydan.tv\/az\/wp-json\/wp\/v2\/users\/11"}],"replies":[{"embeddable":true,"href":"https:\/\/www.meydan.tv\/az\/wp-json\/wp\/v2\/comments?post=175053"}],"version-history":[{"count":0,"href":"https:\/\/www.meydan.tv\/az\/wp-json\/wp\/v2\/posts\/175053\/revisions"}],"wp:featuredmedia":[{"embeddable":true,"href":"https:\/\/www.meydan.tv\/az\/wp-json\/wp\/v2\/media\/54252"}],"wp:attachment":[{"href":"https:\/\/www.meydan.tv\/az\/wp-json\/wp\/v2\/media?parent=175053"}],"wp:term":[{"taxonomy":"category","embeddable":true,"href":"https:\/\/www.meydan.tv\/az\/wp-json\/wp\/v2\/categories?post=175053"},{"taxonomy":"post_tag","embeddable":true,"href":"https:\/\/www.meydan.tv\/az\/wp-json\/wp\/v2\/tags?post=175053"}],"curies":[{"name":"wp","href":"https:\/\/api.w.org\/{rel}","templated":true}]}}