{"id":175043,"date":"2016-04-09T02:18:01","date_gmt":"2016-04-09T02:18:01","guid":{"rendered":"https:\/\/www.meydan.tv\/article\/rusiya-postsovet-mekaninda-ticari-elaqeleri-itirmemeye-calisir\/"},"modified":"2016-04-09T02:18:01","modified_gmt":"2016-04-09T02:18:01","slug":"rusiya-postsovet-mekaninda-ticari-elaqeleri-itirmemeye-calisir","status":"publish","type":"post","link":"https:\/\/www.meydan.tv\/az\/article\/rusiya-postsovet-mekaninda-ticari-elaqeleri-itirmemeye-calisir\/","title":{"rendered":"&#8221;Rusiya postsovet m\u0259kan\u0131nda ticari \u0259laq\u0259l\u0259ri itirm\u0259m\u0259y\u0259 \u00e7al\u0131\u015f\u0131r&#8221;"},"content":{"rendered":"<figure class=\"wp-block-image size-large\">\n  <img decoding=\"async\" src=\"https:\/\/www.meydan.tv\/az\/54171\/\" alt=\"\" class=\"wp-image-54171\"\/><figcaption><\/figcaption><\/figure>\n<p>\n  <i><br \/>\n    M\u0259h\u0259mm\u0259d Tal\u0131bl\u0131: &#8221;Silah t\u0259hcizat\u0131n\u0131 h\u0259yata ke\u00e7ir\u0259n Rusiya Az\u0259rbaycanla idxal-ixrac \u0259m\u0259liyyatlar\u0131n\u0131n h\u0259cminin geni\u015fl\u0259nm\u0259sind\u0259 maraql\u0131 olmal\u0131d\u0131r&#8221;<br \/>\n  <\/i><\/p>\n<p>  Aprelin 8-d\u0259 Az\u0259rbaycan prezidenti \u0130lham \u018fliyev Rusiya ba\u015f naziri Dmitri Medvedevl\u0259 t\u0259kb\u0259t\u0259k g\u00f6r\u00fc\u015f\u00fcnd\u0259n sonra geni\u015f t\u0259rkibd\u0259 g\u00f6r\u00fc\u015fd\u0259 bildirib ki, onlar ikilikd\u0259 iqtisadi-ticar\u0259t \u0259laq\u0259l\u0259rini geni\u015f m\u00fczakir\u0259 edibl\u0259r: \u201cM\u00fcnasib\u0259tl\u0259rimizin inki\u015faf\u0131nda yax\u015f\u0131 dinamika var. \u0130ki \u00f6lk\u0259 aras\u0131nda ticar\u0259t d\u00f6vriyy\u0259si obyektiv s\u0259b\u0259bd\u0259n bir q\u0259d\u0259r a\u015fa\u011f\u0131 d\u00fc\u015f\u00fcb. N\u0259qliyyat v\u0259 energetika sah\u0259sind\u0259 \u00e7ox b\u00f6y\u00fck imkanlar var. Humanitar sah\u0259d\u0259 d\u0259 b\u00f6y\u00fck imkanlar v\u0259 n\u0259tic\u0259l\u0259r var. Biz g\u00f6r\u00fc\u015fd\u0259 iqtisadi-ticar\u0259t \u0259laq\u0259l\u0259ri, siyasi m\u00fcnasib\u0259tl\u0259ri geni\u015f m\u00fczakir\u0259 ed\u0259c\u0259yik\u201d.\n<\/p>\n<p>\n  Rusiyan\u0131n ba\u015f naziri D. Medvedev is\u0259 qeyd edib ki, t\u0259kb\u0259t\u0259k g\u00f6r\u00fc\u015fd\u0259 regional m\u0259s\u0259l\u0259l\u0259r\u0259 d\u0259 toxunulub: \u201c\u00d6lk\u0259l\u0259rimiz aras\u0131nda strateji t\u0259r\u0259fda\u015fl\u0131q m\u00f6vcuddur. \u0130qtsadi \u0259laq\u0259l\u0259rin daha da inki\u015faf etdirilm\u0259si m\u00fcmk\u00fcnd\u00fcr. Ke\u00e7\u0259n il ticar\u0259t d\u00f6vriyy\u0259si m\u00fc\u0259yy\u0259n q\u0259d\u0259r azal\u0131b. Bu, \u00f6lk\u0259l\u0259rin ixrac etdiyi m\u0259hsullar\u0131n qiym\u0259ti il\u0259 \u0259laq\u0259dar olub. Bir \u00e7ox layih\u0259l\u0259ri h\u0259yata ke\u00e7irm\u0259k olar. Humanitar m\u0259s\u0259l\u0259l\u0259ri d\u0259 m\u00fczakir\u0259 ed\u0259c\u0259yik\u201d.\n<\/p>\n<p>\n  Prezident v\u0259 ba\u015f nazirin iqtisadi-ticari \u0259laq\u0259l\u0259rl\u0259 ba\u011fl\u0131 deikl\u0259rini Meydan TV-y\u0259 \u015f\u0259rh ed\u0259n iqtisad\u00e7\u0131 M\u0259h\u0259mm\u0259d Tal\u0131bl\u0131 hesab edir ki, Rusiyan\u0131 bu sah\u0259d\u0259 m\u0259mnun ed\u0259n odur ki, strateji m\u00fctt\u0259fiql\u0259ri olan Erm\u0259nistan\u0131 yerind\u0259 oturdan Az\u0259rbaycanda he\u00e7 bir s\u0259rt ritorika sezilm\u0259di. Y\u0259ni, Rusiya Az\u0259rbaycana silah sat\u0131\u015f\u0131 bazar\u0131n\u0131 \u0259ld\u0259n buraxmaq ist\u0259mir: \u201cBiz\u0259 t\u0259kc\u0259 2010-cu ild\u0259 4 milyard dollarl\u0131q silah sat\u0131l\u0131b. Bu, az m\u0259bl\u0259\u011f deyil. C\u0259bh\u0259d\u0259 \u00fczb\u0259\u00fcz dayanan 70 min \u0259lisilahl\u0131 h\u0259rb\u00e7iy\u0259 silah satmaqdan faydal\u0131 n\u0259 ola bil\u0259r ki? Silah t\u0259hcizat\u0131n\u0131 h\u0259yata ke\u00e7ir\u0259n Rusiya Az\u0259rbaycanla idxal-ixrac \u0259m\u0259liyyatlar\u0131n\u0131n h\u0259cminin geni\u015fl\u0259nm\u0259sind\u0259 maraql\u0131 olmal\u0131d\u0131r. \u018fg\u0259r xat\u0131rlay\u0131rs\u0131zsa, 2 il bundan \u00f6nc\u0259 Putin Bak\u0131da olark\u0259n, \u00f6lk\u0259mizl\u0259 xarici ticar\u0259t d\u00f6vriyy\u0259sinin 5 milyard dollara \u00e7atd\u0131rmas\u0131 il\u0259 ba\u011fl\u0131 h\u0259d\u0259fl\u0259rinin oldu\u011funu bildirmi\u015fdi. Yadda\u015f \u00fc\u00e7\u00fcn qeyd edim ki, h\u0259min il h\u0259r iki \u00f6lk\u0259nin ticar\u0259t d\u00f6vriyy\u0259si 2,2 mlrd. dollar s\u0259viyy\u0259sind\u0259 idi\u201d.\n<\/p>\n<p>\n  O ki qald\u0131 Rusiya il\u0259 \u0259laq\u0259l\u0259rin z\u0259ifl\u0259m\u0259sin\u0259, iqtisad\u00e7\u0131 deyir ki, \u015fimal \u00f6lk\u0259yl\u0259 \u0259ks\u0259r d\u00f6vl\u0259tl\u0259rin xarici ticar\u0259t \u0259laq\u0259l\u0259rind\u0259 \u0259h\u0259miyy\u0259tli azalmalar m\u00f6vcuddur: \u201cAz\u0259rbaycan da bu s\u0131radan istisna deyil. Rusiya b\u00f6y\u00fck bazarlar\u0131 itirib. AB\u015e v\u0259 A\u0130 t\u0259r\u0259find\u0259n izolyasiya olunmas\u0131 3-c\u00fc d\u00fcnya \u00f6lk\u0259l\u0259rin\u0259 daha \u00e7ox \u00fcz \u00e7evirm\u0259sin\u0259 g\u0259tirib \u00e7\u0131xar\u0131b. \u018fn yax\u015f\u0131 halda \u015e\u0259rqi Avropa \u00f6lk\u0259l\u0259ri v\u0259 postsovet m\u0259kan\u0131nda ticari &#8220;qalalar\u0131&#8221; da itirm\u0259m\u0259y\u0259 \u00e7al\u0131\u015f\u0131r. Buna g\u00f6r\u0259 biziml\u0259 iqtisadi \u0259laq\u0259l\u0259rin intensivl\u0259\u015fdirm\u0259sind\u0259 maraql\u0131d\u0131rlar. \u018fn ironik t\u0259r\u0259fi is\u0259 odur ki, Medvedyev Az\u0259rbaycanla yeni layih\u0259l\u0259r haqq\u0131nda d\u00fc\u015f\u00fcnm\u0259yin vacibliyini dil\u0259 g\u0259tirdi. Az\u0259rbaycan \u00f6z\u00fc \u00fc\u00e7\u00fcn strateji hesab etdiyi layih\u0259l\u0259ri Rusiyas\u0131z h\u0259yata ke\u00e7irir. Daha \u00f6n\u0259mli strateji layih\u0259l\u0259r m\u0259rh\u0259l\u0259si ke\u00e7mi\u015f\u0259 aid olub\u201d.<\/p>\n","protected":false},"excerpt":{"rendered":"<p>M\u0259h\u0259mm\u0259d Tal\u0131bl\u0131: &#8221;Silah t\u0259hcizat\u0131n\u0131 h\u0259yata ke\u00e7ir\u0259n Rusiya Az\u0259rbaycanla idxal-ixrac \u0259m\u0259liyyatlar\u0131n\u0131n h\u0259cminin geni\u015fl\u0259nm\u0259sind\u0259 maraql\u0131 olmal\u0131d\u0131r&#8221;<\/p>\n","protected":false},"author":11,"featured_media":54171,"comment_status":"closed","ping_status":"open","sticky":false,"template":"","format":"standard","meta":{"_acf_changed":false,"_sitemap_exclude":false,"_sitemap_priority":"","_sitemap_frequency":"","footnotes":""},"categories":[51],"tags":[],"class_list":["post-175043","post","type-post","status-publish","format-standard","has-post-thumbnail","hentry","category-analitika","infinite-scroll-item","generate-columns","tablet-grid-50","mobile-grid-100","grid-parent","grid-33","no-featured-image-padding"],"acf":[],"yoast_head":"<!-- This site is optimized with the Yoast SEO plugin v27.5 - https:\/\/yoast.com\/product\/yoast-seo-wordpress\/ -->\n<title>&#039;&#039;Rusiya postsovet m\u0259kan\u0131nda ticari \u0259laq\u0259l\u0259ri itirm\u0259m\u0259y\u0259 \u00e7al\u0131\u015f\u0131r&#039;&#039; - MEYDAN.TV<\/title>\n<meta name=\"robots\" content=\"index, follow, max-snippet:-1, max-image-preview:large, max-video-preview:-1\" \/>\n<link rel=\"canonical\" href=\"https:\/\/www.meydan.tv\/az\/article\/rusiya-postsovet-mekaninda-ticari-elaqeleri-itirmemeye-calisir\/\" \/>\n<meta property=\"og:locale\" content=\"az_AZ\" \/>\n<meta property=\"og:type\" content=\"article\" \/>\n<meta property=\"og:title\" content=\"&#039;&#039;Rusiya postsovet m\u0259kan\u0131nda ticari \u0259laq\u0259l\u0259ri itirm\u0259m\u0259y\u0259 \u00e7al\u0131\u015f\u0131r&#039;&#039; - MEYDAN.TV\" \/>\n<meta property=\"og:description\" content=\"M\u0259h\u0259mm\u0259d Tal\u0131bl\u0131: &#039;&#039;Silah t\u0259hcizat\u0131n\u0131 h\u0259yata ke\u00e7ir\u0259n Rusiya Az\u0259rbaycanla idxal-ixrac \u0259m\u0259liyyatlar\u0131n\u0131n h\u0259cminin geni\u015fl\u0259nm\u0259sind\u0259 maraql\u0131 olmal\u0131d\u0131r&#039;&#039;\" \/>\n<meta property=\"og:url\" content=\"https:\/\/www.meydan.tv\/az\/article\/rusiya-postsovet-mekaninda-ticari-elaqeleri-itirmemeye-calisir\/\" \/>\n<meta property=\"og:site_name\" content=\"MEYDAN.TV\" \/>\n<meta property=\"article:published_time\" content=\"2016-04-09T02:18:01+00:00\" \/>\n<meta property=\"og:image\" content=\"https:\/\/www.meydan.tv\/wp-content\/uploads\/20472.jpg\" \/>\n\t<meta property=\"og:image:width\" content=\"750\" \/>\n\t<meta property=\"og:image:height\" content=\"458\" \/>\n\t<meta property=\"og:image:type\" content=\"image\/jpeg\" \/>\n<meta name=\"author\" content=\"user-manager\" \/>\n<meta name=\"twitter:card\" content=\"summary_large_image\" \/>\n<script type=\"application\/ld+json\" class=\"yoast-schema-graph\">{\"@context\":\"https:\\\/\\\/schema.org\",\"@graph\":[{\"@type\":\"Article\",\"@id\":\"https:\\\/\\\/www.meydan.tv\\\/az\\\/article\\\/rusiya-postsovet-mekaninda-ticari-elaqeleri-itirmemeye-calisir\\\/#article\",\"isPartOf\":{\"@id\":\"https:\\\/\\\/www.meydan.tv\\\/az\\\/article\\\/rusiya-postsovet-mekaninda-ticari-elaqeleri-itirmemeye-calisir\\\/\"},\"author\":{\"name\":\"user-manager\",\"@id\":\"https:\\\/\\\/www.meydan.tv\\\/az\\\/#\\\/schema\\\/person\\\/10d11eccf6da3662cf5fdab9806ea91a\"},\"headline\":\"&#8221;Rusiya postsovet m\u0259kan\u0131nda ticari \u0259laq\u0259l\u0259ri itirm\u0259m\u0259y\u0259 \u00e7al\u0131\u015f\u0131r&#8221;\",\"datePublished\":\"2016-04-09T02:18:01+00:00\",\"mainEntityOfPage\":{\"@id\":\"https:\\\/\\\/www.meydan.tv\\\/az\\\/article\\\/rusiya-postsovet-mekaninda-ticari-elaqeleri-itirmemeye-calisir\\\/\"},\"wordCount\":630,\"publisher\":{\"@id\":\"https:\\\/\\\/www.meydan.tv\\\/az\\\/#organization\"},\"image\":{\"@id\":\"https:\\\/\\\/www.meydan.tv\\\/az\\\/article\\\/rusiya-postsovet-mekaninda-ticari-elaqeleri-itirmemeye-calisir\\\/#primaryimage\"},\"thumbnailUrl\":\"https:\\\/\\\/www.meydan.tv\\\/wp-content\\\/uploads\\\/20472.jpg\",\"articleSection\":[\"Analitika\"],\"inLanguage\":\"az\"},{\"@type\":\"WebPage\",\"@id\":\"https:\\\/\\\/www.meydan.tv\\\/az\\\/article\\\/rusiya-postsovet-mekaninda-ticari-elaqeleri-itirmemeye-calisir\\\/\",\"url\":\"https:\\\/\\\/www.meydan.tv\\\/az\\\/article\\\/rusiya-postsovet-mekaninda-ticari-elaqeleri-itirmemeye-calisir\\\/\",\"name\":\"''Rusiya postsovet m\u0259kan\u0131nda ticari \u0259laq\u0259l\u0259ri itirm\u0259m\u0259y\u0259 \u00e7al\u0131\u015f\u0131r'' - MEYDAN.TV\",\"isPartOf\":{\"@id\":\"https:\\\/\\\/www.meydan.tv\\\/az\\\/#website\"},\"primaryImageOfPage\":{\"@id\":\"https:\\\/\\\/www.meydan.tv\\\/az\\\/article\\\/rusiya-postsovet-mekaninda-ticari-elaqeleri-itirmemeye-calisir\\\/#primaryimage\"},\"image\":{\"@id\":\"https:\\\/\\\/www.meydan.tv\\\/az\\\/article\\\/rusiya-postsovet-mekaninda-ticari-elaqeleri-itirmemeye-calisir\\\/#primaryimage\"},\"thumbnailUrl\":\"https:\\\/\\\/www.meydan.tv\\\/wp-content\\\/uploads\\\/20472.jpg\",\"datePublished\":\"2016-04-09T02:18:01+00:00\",\"breadcrumb\":{\"@id\":\"https:\\\/\\\/www.meydan.tv\\\/az\\\/article\\\/rusiya-postsovet-mekaninda-ticari-elaqeleri-itirmemeye-calisir\\\/#breadcrumb\"},\"inLanguage\":\"az\",\"potentialAction\":[{\"@type\":\"ReadAction\",\"target\":[\"https:\\\/\\\/www.meydan.tv\\\/az\\\/article\\\/rusiya-postsovet-mekaninda-ticari-elaqeleri-itirmemeye-calisir\\\/\"]}]},{\"@type\":\"ImageObject\",\"inLanguage\":\"az\",\"@id\":\"https:\\\/\\\/www.meydan.tv\\\/az\\\/article\\\/rusiya-postsovet-mekaninda-ticari-elaqeleri-itirmemeye-calisir\\\/#primaryimage\",\"url\":\"https:\\\/\\\/www.meydan.tv\\\/wp-content\\\/uploads\\\/20472.jpg\",\"contentUrl\":\"https:\\\/\\\/www.meydan.tv\\\/wp-content\\\/uploads\\\/20472.jpg\",\"width\":750,\"height\":458,\"caption\":\"Source:\"},{\"@type\":\"BreadcrumbList\",\"@id\":\"https:\\\/\\\/www.meydan.tv\\\/az\\\/article\\\/rusiya-postsovet-mekaninda-ticari-elaqeleri-itirmemeye-calisir\\\/#breadcrumb\",\"itemListElement\":[{\"@type\":\"ListItem\",\"position\":1,\"name\":\"Ana s\u0259hif\u0259\",\"item\":\"https:\\\/\\\/www.meydan.tv\\\/az\\\/\"},{\"@type\":\"ListItem\",\"position\":2,\"name\":\"Analitika\",\"item\":\"https:\\\/\\\/www.meydan.tv\\\/az\\\/section\\\/analitika\\\/\"},{\"@type\":\"ListItem\",\"position\":3,\"name\":\"&#8221;Rusiya postsovet m\u0259kan\u0131nda ticari \u0259laq\u0259l\u0259ri itirm\u0259m\u0259y\u0259 \u00e7al\u0131\u015f\u0131r&#8221;\"}]},{\"@type\":\"WebSite\",\"@id\":\"https:\\\/\\\/www.meydan.tv\\\/az\\\/#website\",\"url\":\"https:\\\/\\\/www.meydan.tv\\\/az\\\/\",\"name\":\"MEYDAN.TV\",\"description\":\"Meydan TV Az\u0259rbaycan\u0131n media m\u0259kan\u0131ndak\u0131 alternativ s\u0259sidir\",\"publisher\":{\"@id\":\"https:\\\/\\\/www.meydan.tv\\\/az\\\/#organization\"},\"potentialAction\":[{\"@type\":\"SearchAction\",\"target\":{\"@type\":\"EntryPoint\",\"urlTemplate\":\"https:\\\/\\\/www.meydan.tv\\\/az\\\/?s={search_term_string}\"},\"query-input\":{\"@type\":\"PropertyValueSpecification\",\"valueRequired\":true,\"valueName\":\"search_term_string\"}}],\"inLanguage\":\"az\"},{\"@type\":\"Organization\",\"@id\":\"https:\\\/\\\/www.meydan.tv\\\/az\\\/#organization\",\"name\":\"Meydan TV\",\"url\":\"https:\\\/\\\/www.meydan.tv\\\/az\\\/\",\"logo\":{\"@type\":\"ImageObject\",\"inLanguage\":\"az\",\"@id\":\"https:\\\/\\\/www.meydan.tv\\\/az\\\/#\\\/schema\\\/logo\\\/image\\\/\",\"url\":\"https:\\\/\\\/www.meydan.tv\\\/wp-content\\\/uploads\\\/2021\\\/07\\\/meydan-logo.svg\",\"contentUrl\":\"https:\\\/\\\/www.meydan.tv\\\/wp-content\\\/uploads\\\/2021\\\/07\\\/meydan-logo.svg\",\"width\":195,\"height\":46,\"caption\":\"Meydan TV\"},\"image\":{\"@id\":\"https:\\\/\\\/www.meydan.tv\\\/az\\\/#\\\/schema\\\/logo\\\/image\\\/\"}},{\"@type\":\"Person\",\"@id\":\"https:\\\/\\\/www.meydan.tv\\\/az\\\/#\\\/schema\\\/person\\\/10d11eccf6da3662cf5fdab9806ea91a\",\"name\":\"user-manager\"}]}<\/script>\n<!-- \/ Yoast SEO plugin. -->","yoast_head_json":{"title":"''Rusiya postsovet m\u0259kan\u0131nda ticari \u0259laq\u0259l\u0259ri itirm\u0259m\u0259y\u0259 \u00e7al\u0131\u015f\u0131r'' - MEYDAN.TV","robots":{"index":"index","follow":"follow","max-snippet":"max-snippet:-1","max-image-preview":"max-image-preview:large","max-video-preview":"max-video-preview:-1"},"canonical":"https:\/\/www.meydan.tv\/az\/article\/rusiya-postsovet-mekaninda-ticari-elaqeleri-itirmemeye-calisir\/","og_locale":"az_AZ","og_type":"article","og_title":"''Rusiya postsovet m\u0259kan\u0131nda ticari \u0259laq\u0259l\u0259ri itirm\u0259m\u0259y\u0259 \u00e7al\u0131\u015f\u0131r'' - MEYDAN.TV","og_description":"M\u0259h\u0259mm\u0259d Tal\u0131bl\u0131: ''Silah t\u0259hcizat\u0131n\u0131 h\u0259yata ke\u00e7ir\u0259n Rusiya Az\u0259rbaycanla idxal-ixrac \u0259m\u0259liyyatlar\u0131n\u0131n h\u0259cminin geni\u015fl\u0259nm\u0259sind\u0259 maraql\u0131 olmal\u0131d\u0131r''","og_url":"https:\/\/www.meydan.tv\/az\/article\/rusiya-postsovet-mekaninda-ticari-elaqeleri-itirmemeye-calisir\/","og_site_name":"MEYDAN.TV","article_published_time":"2016-04-09T02:18:01+00:00","og_image":[{"width":750,"height":458,"url":"https:\/\/www.meydan.tv\/wp-content\/uploads\/20472.jpg","type":"image\/jpeg"}],"author":"user-manager","twitter_card":"summary_large_image","schema":{"@context":"https:\/\/schema.org","@graph":[{"@type":"Article","@id":"https:\/\/www.meydan.tv\/az\/article\/rusiya-postsovet-mekaninda-ticari-elaqeleri-itirmemeye-calisir\/#article","isPartOf":{"@id":"https:\/\/www.meydan.tv\/az\/article\/rusiya-postsovet-mekaninda-ticari-elaqeleri-itirmemeye-calisir\/"},"author":{"name":"user-manager","@id":"https:\/\/www.meydan.tv\/az\/#\/schema\/person\/10d11eccf6da3662cf5fdab9806ea91a"},"headline":"&#8221;Rusiya postsovet m\u0259kan\u0131nda ticari \u0259laq\u0259l\u0259ri itirm\u0259m\u0259y\u0259 \u00e7al\u0131\u015f\u0131r&#8221;","datePublished":"2016-04-09T02:18:01+00:00","mainEntityOfPage":{"@id":"https:\/\/www.meydan.tv\/az\/article\/rusiya-postsovet-mekaninda-ticari-elaqeleri-itirmemeye-calisir\/"},"wordCount":630,"publisher":{"@id":"https:\/\/www.meydan.tv\/az\/#organization"},"image":{"@id":"https:\/\/www.meydan.tv\/az\/article\/rusiya-postsovet-mekaninda-ticari-elaqeleri-itirmemeye-calisir\/#primaryimage"},"thumbnailUrl":"https:\/\/www.meydan.tv\/wp-content\/uploads\/20472.jpg","articleSection":["Analitika"],"inLanguage":"az"},{"@type":"WebPage","@id":"https:\/\/www.meydan.tv\/az\/article\/rusiya-postsovet-mekaninda-ticari-elaqeleri-itirmemeye-calisir\/","url":"https:\/\/www.meydan.tv\/az\/article\/rusiya-postsovet-mekaninda-ticari-elaqeleri-itirmemeye-calisir\/","name":"''Rusiya postsovet m\u0259kan\u0131nda ticari \u0259laq\u0259l\u0259ri itirm\u0259m\u0259y\u0259 \u00e7al\u0131\u015f\u0131r'' - MEYDAN.TV","isPartOf":{"@id":"https:\/\/www.meydan.tv\/az\/#website"},"primaryImageOfPage":{"@id":"https:\/\/www.meydan.tv\/az\/article\/rusiya-postsovet-mekaninda-ticari-elaqeleri-itirmemeye-calisir\/#primaryimage"},"image":{"@id":"https:\/\/www.meydan.tv\/az\/article\/rusiya-postsovet-mekaninda-ticari-elaqeleri-itirmemeye-calisir\/#primaryimage"},"thumbnailUrl":"https:\/\/www.meydan.tv\/wp-content\/uploads\/20472.jpg","datePublished":"2016-04-09T02:18:01+00:00","breadcrumb":{"@id":"https:\/\/www.meydan.tv\/az\/article\/rusiya-postsovet-mekaninda-ticari-elaqeleri-itirmemeye-calisir\/#breadcrumb"},"inLanguage":"az","potentialAction":[{"@type":"ReadAction","target":["https:\/\/www.meydan.tv\/az\/article\/rusiya-postsovet-mekaninda-ticari-elaqeleri-itirmemeye-calisir\/"]}]},{"@type":"ImageObject","inLanguage":"az","@id":"https:\/\/www.meydan.tv\/az\/article\/rusiya-postsovet-mekaninda-ticari-elaqeleri-itirmemeye-calisir\/#primaryimage","url":"https:\/\/www.meydan.tv\/wp-content\/uploads\/20472.jpg","contentUrl":"https:\/\/www.meydan.tv\/wp-content\/uploads\/20472.jpg","width":750,"height":458,"caption":"Source:"},{"@type":"BreadcrumbList","@id":"https:\/\/www.meydan.tv\/az\/article\/rusiya-postsovet-mekaninda-ticari-elaqeleri-itirmemeye-calisir\/#breadcrumb","itemListElement":[{"@type":"ListItem","position":1,"name":"Ana s\u0259hif\u0259","item":"https:\/\/www.meydan.tv\/az\/"},{"@type":"ListItem","position":2,"name":"Analitika","item":"https:\/\/www.meydan.tv\/az\/section\/analitika\/"},{"@type":"ListItem","position":3,"name":"&#8221;Rusiya postsovet m\u0259kan\u0131nda ticari \u0259laq\u0259l\u0259ri itirm\u0259m\u0259y\u0259 \u00e7al\u0131\u015f\u0131r&#8221;"}]},{"@type":"WebSite","@id":"https:\/\/www.meydan.tv\/az\/#website","url":"https:\/\/www.meydan.tv\/az\/","name":"MEYDAN.TV","description":"Meydan TV Az\u0259rbaycan\u0131n media m\u0259kan\u0131ndak\u0131 alternativ s\u0259sidir","publisher":{"@id":"https:\/\/www.meydan.tv\/az\/#organization"},"potentialAction":[{"@type":"SearchAction","target":{"@type":"EntryPoint","urlTemplate":"https:\/\/www.meydan.tv\/az\/?s={search_term_string}"},"query-input":{"@type":"PropertyValueSpecification","valueRequired":true,"valueName":"search_term_string"}}],"inLanguage":"az"},{"@type":"Organization","@id":"https:\/\/www.meydan.tv\/az\/#organization","name":"Meydan TV","url":"https:\/\/www.meydan.tv\/az\/","logo":{"@type":"ImageObject","inLanguage":"az","@id":"https:\/\/www.meydan.tv\/az\/#\/schema\/logo\/image\/","url":"https:\/\/www.meydan.tv\/wp-content\/uploads\/2021\/07\/meydan-logo.svg","contentUrl":"https:\/\/www.meydan.tv\/wp-content\/uploads\/2021\/07\/meydan-logo.svg","width":195,"height":46,"caption":"Meydan TV"},"image":{"@id":"https:\/\/www.meydan.tv\/az\/#\/schema\/logo\/image\/"}},{"@type":"Person","@id":"https:\/\/www.meydan.tv\/az\/#\/schema\/person\/10d11eccf6da3662cf5fdab9806ea91a","name":"user-manager"}]}},"_links":{"self":[{"href":"https:\/\/www.meydan.tv\/az\/wp-json\/wp\/v2\/posts\/175043","targetHints":{"allow":["GET"]}}],"collection":[{"href":"https:\/\/www.meydan.tv\/az\/wp-json\/wp\/v2\/posts"}],"about":[{"href":"https:\/\/www.meydan.tv\/az\/wp-json\/wp\/v2\/types\/post"}],"author":[{"embeddable":true,"href":"https:\/\/www.meydan.tv\/az\/wp-json\/wp\/v2\/users\/11"}],"replies":[{"embeddable":true,"href":"https:\/\/www.meydan.tv\/az\/wp-json\/wp\/v2\/comments?post=175043"}],"version-history":[{"count":0,"href":"https:\/\/www.meydan.tv\/az\/wp-json\/wp\/v2\/posts\/175043\/revisions"}],"wp:featuredmedia":[{"embeddable":true,"href":"https:\/\/www.meydan.tv\/az\/wp-json\/wp\/v2\/media\/54171"}],"wp:attachment":[{"href":"https:\/\/www.meydan.tv\/az\/wp-json\/wp\/v2\/media?parent=175043"}],"wp:term":[{"taxonomy":"category","embeddable":true,"href":"https:\/\/www.meydan.tv\/az\/wp-json\/wp\/v2\/categories?post=175043"},{"taxonomy":"post_tag","embeddable":true,"href":"https:\/\/www.meydan.tv\/az\/wp-json\/wp\/v2\/tags?post=175043"}],"curies":[{"name":"wp","href":"https:\/\/api.w.org\/{rel}","templated":true}]}}