{"id":175035,"date":"2016-04-08T23:40:58","date_gmt":"2016-04-08T23:40:58","guid":{"rendered":"https:\/\/www.meydan.tv\/article\/kukla-teatri\/"},"modified":"2016-04-08T23:40:58","modified_gmt":"2016-04-08T23:40:58","slug":"kukla-teatri","status":"publish","type":"post","link":"https:\/\/www.meydan.tv\/az\/article\/kukla-teatri\/","title":{"rendered":"Kukla Teatr\u0131"},"content":{"rendered":"<figure class=\"wp-block-image size-large\">\n  <img decoding=\"async\" src=\"https:\/\/www.meydan.tv\/az\/54177\/\" alt=\"\" class=\"wp-image-54177\"\/><figcaption><\/figcaption><\/figure>\n<figure class=\"wp-block-image size-large\">\n  <img decoding=\"async\" src=\"https:\/\/www.meydan.tv\/az\/54183\/\" alt=\"\" class=\"wp-image-54183\"\/><figcaption><\/figcaption><\/figure>\n<p>\n  <b><br \/>\n    <i><br \/>\n      \u015eanl\u0131 ordumuzun son g\u00fcnl\u0259rd\u0259 d\u00f6y\u00fc\u015f \u0259m\u0259liyyatlar\u0131na ba\u015flay\u0131b torpaqlar\u0131m\u0131z\u0131 azad etm\u0259si h\u0259r bir Az\u0259rbaycan v\u0259t\u0259nda\u015f\u0131 kimi, bizim d\u0259 q\u0259lbimizi q\u00fcrurla d\u00f6y\u00fcnd\u00fcrd\u00fc. Ancaq \u015f\u0259xs\u0259n m\u0259n \u0259n \u00e7ox Az\u0259rbaycan D\u00f6vl\u0259t Kukla Teatr\u0131nda ke\u00e7iril\u0259n ordumuza d\u0259st\u0259k t\u0259dbirind\u0259n m\u00fct\u0259\u0259ssir oldum. Teatr\u0131n direktoru R\u0259\u015fad \u018fhm\u0259dzad\u0259 aprelin 5-d\u0259 buradak\u0131 geni\u015f iclasda \u00e7\u0131x\u0131\u015f\u0131nda bildirdi ki, h\u0259r zaman Ali Ba\u015f Komandan\u0131n \u0259mrini g\u00f6zl\u0259yirl\u0259r. Deyir, Kukla Teatr\u0131 c\u0259bh\u0259 x\u0259ttin\u0259 gedib \u0259sg\u0259rl\u0259rimiz qar\u015f\u0131s\u0131nda \u00e7\u0131x\u0131\u015f etm\u0259y\u0259 d\u0259 haz\u0131rd\u0131r.<br \/>\n    <\/i><br \/>\n  <\/b>\n<\/p>\n<p><div>\n    \u00dcmidvaram at\u0259\u015fk\u0259s yaranana q\u0259d\u0259r R\u0259\u015fad m\u00fc\u0259llimin r\u0259hb\u0259rlik etdiyi kollektiv \u0259sg\u0259rl\u0259rimiz qar\u015f\u0131s\u0131nda \u00e7\u0131x\u0131\u015f etm\u0259yi bacarm\u0131\u015fd\u0131r.\n  <\/div>\n<\/p>\n<p><div><\/div>\n<\/p>\n<p><div>\n    Dey\u0259 bil\u0259rsiniz: Kukla Teatr\u0131n\u0131n c\u0259bh\u0259 x\u0259ttin\u0259 n\u0259 d\u0259xli var? Axmaq suald\u0131r. V\u0259t\u0259n dardad\u0131rsa, h\u0259r bir k\u0259s k\u00f6m\u0259yini g\u00f6st\u0259rm\u0259lidir. Olmu\u015f \u0259hvalatd\u0131r, deyir bir g\u00fcn ot tayas\u0131 yan\u0131rm\u0131\u015f, bax\u0131rlar s\u0259r\u00e7\u0259 dimdiyind\u0259 su da\u015f\u0131y\u0131r. Camaat s\u0259r\u00e7\u0259y\u0259 la\u011f edir, ancaq s\u0259r\u00e7\u0259 deyir ki, \u0259sas odur m\u0259n yan\u011f\u0131n\u0131 s\u00f6nd\u00fcrm\u0259y\u0259 \u00e7al\u0131\u015f\u0131ram, daha q\u0131raqda dayan\u0131b sizin kimi di\u015fl\u0259rimi a\u011fartm\u0131ram. Yeri g\u0259lmi\u015fk\u0259n, Kukla Teatr\u0131 erm\u0259ni ordusunun kuklalar\u0131n\u0131 d\u00fcz\u0259ldib, \u0259sg\u0259rl\u0259rimiz qar\u015f\u0131s\u0131nda s\u0131nd\u0131ra, yand\u0131ra bil\u0259r, bununla v\u0259t\u0259np\u0259rv\u0259rlik v\u0259 d\u00f6y\u00fc\u015f ruhu y\u00fcks\u0259l\u0259r. S\u00f6z\u00fcm\u00fcn can\u0131 odur ki, ist\u0259s\u0259n h\u0259r k\u0259s\u0259 i\u015f tap\u0131lar. B\u0259sl\u0259s\u0259n atlas olar tut yarpa\u011f\u0131ndan.\n  <\/div>\n<\/p>\n<p><div><\/div>\n<\/p>\n<p><div>\n    Bu bax\u0131mdan Az\u0259rbaycan Yaz\u0131\u00e7\u0131lar Birliyinin Qaraba\u011f filial\u0131n\u0131n A\u011fcab\u0259di rayon \u015f\u00f6b\u0259sinin poeziya \u00fczr\u0259 m\u00fcdiri, korifey s\u0259n\u0259tkar\u0131m\u0131z, xalq \u015fairi \u018fnv\u0259r \u018fhm\u0259din moderator.az-a verdiyi interv\u00fc olduqca t\u0259qdir\u0259layiqdir. \u015eair deyir, ziyal\u0131lar\u0131 ba\u015f\u0131na y\u0131\u011f\u0131b vuru\u015fma\u011fa haz\u0131rd\u0131r. H\u0259tta gec\u0259 yatmay\u0131b, bu m\u00fcnasib\u0259tl\u0259 bir \u015feir d\u0259 yaratm\u0131\u015fd\u0131r:\n  <\/div>\n<\/p>\n<p><div><\/div>\n<\/p>\n<p><div>\n    \u201cAli Ba\u015f Komandan\u0131m, s\u0259nin h\u00f6km\u00fcn q\u0259tidir\n  <\/div>\n<\/p>\n<p><div>\n    T\u00f6kd\u00fcy\u00fcm\u00fcz q\u0131z\u0131l qan, b\u0259li, m\u00fcv\u0259qq\u0259tidir&#8221;.\n  <\/div>\n<\/p>\n<p><div><\/div>\n<\/p>\n<p><div>\n    M\u0259nc\u0259, bu \u015feir AYB s\u0259dri Anara, d\u00f6y\u00fc\u015f\u00fcn q\u0131z\u011f\u0131n vaxt\u0131nda s\u0259sini \u00e7\u0131xarmayan g\u0259nc \u015fair\u0259l\u0259r \u00fczr\u0259 komit\u0259 s\u0259dri R\u0259\u015fad M\u0259cid\u0259 d\u0259rs olmal\u0131d\u0131r. B\u0259s siz niy\u0259 yazm\u0131rs\u0131n\u0131z? N\u0259 \u00fc\u00e7\u00fcn \u0259sg\u0259rl\u0259rimiz\u0259 bir papiros i\u015f\u0131\u011f\u0131 boyda poetik ruh vermirsiniz, c\u0259h\u0259nn\u0259m, bir papiros al\u0131b vermirsiniz? H\u0259r\u00e7\u0259nd, \u018fnv\u0259r m\u00fc\u0259llimin d\u0259 \u0259s\u0259rind\u0259 bir q\u0259d\u0259r nala-m\u0131xa vurmaq, h\u0259tta dey\u0259rdim ki, iraq olsun, t\u0259slim\u00e7i s\u00fclh sazi\u015fin\u0259 y\u00f6n\u0259lik s\u0259tiralt\u0131 t\u0259bli\u011fat motivl\u0259ri hiss olunmaqdad\u0131r. Nec\u0259 y\u0259ni t\u00f6kd\u00fcy\u00fcm\u00fcz qan m\u00fcv\u0259qq\u0259tidir? Bel\u0259 m\u00fcq\u0259dd\u0259s i\u015fl\u0259r m\u00fcv\u0259qq\u0259ti ola bilm\u0259z, daimidir, \u0259b\u0259didir, d\u00f6nm\u0259zdir. Torpaqlar\u0131 torpaq yapan \u00fcst\u00fcnd\u0259ki qand\u0131r. Di g\u0259l, bunu torpa\u011f\u0131n sotunu 10 min\u0259 satan Hac\u0131bala m\u00fc\u0259llim\u0259 b\u0259z\u0259n izah etm\u0259k \u00e7ox \u00e7\u0259tin olur.\n  <\/div>\n<\/p>\n<p><div><\/div>\n<\/p>\n<p><div>\n    B\u0259y\u0259m Anar m\u00fc\u0259llim \u00f6z \u0259s\u0259rl\u0259rini d\u00f6y\u00fc\u015f\u0259n ordumuza h\u0259sr ed\u0259 bilm\u0259z? Qoy z\u0259hm\u0259t \u00e7\u0259ksin, \u201cBe\u015fm\u0259rt\u0259b\u0259li postun alt\u0131nc\u0131 m\u0259rt\u0259b\u0259sind\u0259ki S\u0259rkisyan\u201d adl\u0131 pyes yazs\u0131n. Orda Zaurun Sarkisyan\u0131 atmas\u0131n\u0131, bundan sonra erm\u0259ninin konyaka qur\u015fan\u0131b z\u0259lil g\u00fcn\u0259 d\u00fc\u015fm\u0259sini t\u0259svir etm\u0259k \u00e7ox yax\u015f\u0131 olard\u0131. Yoxsa neftin ya\u011fl\u0131 vaxtlar\u0131nda yeyib-i\u00e7ib Yesentukid\u0259-zadda g\u0259zm\u0259y\u0259 n\u0259 var? O vaxt da yaz\u0131q S\u0259m\u0259d Vur\u011fun c\u0259bh\u0259d\u0259 can qoydu, b\u0259zil\u0259rinin atalar\u0131 is\u0259 arxa c\u0259bh\u0259d\u0259 s\u0259rb\u0259st ya\u015fay\u0131b, s\u0259rb\u0259st \u015feir yazd\u0131lar. N\u0259s\u0259, a\u011f\u0131r s\u00f6hb\u0259tdir, \u00fcmid edir\u0259m bunu C\u0259mil H\u0259s\u0259nlinin Anar m\u00fc\u0259llimin kitab\u0131na yazd\u0131\u011f\u0131 n\u00f6vb\u0259ti \u00f6n s\u00f6zd\u0259 oxuyar\u0131q.\n  <\/div>\n<\/p>\n<p><div><\/div>\n<\/p>\n<p><div>\n    Deputatlar\u0131m\u0131z da qeyri-v\u0259t\u0259np\u0259rv\u0259r davrand\u0131lar. Biri deyib ki, maa\u015f\u0131m\u0131z\u0131n bir hiss\u0259sini orduya yard\u0131m ed\u0259k. Niy\u0259 ham\u0131s\u0131n\u0131 vermirsiniz? B\u0259y\u0259m \u0259sg\u0259rl\u0259rimiz v\u0259t\u0259n u\u011frunda d\u00f6y\u00fc\u015f\u0259 at\u0131landa \u201ccan\u0131m\u0131n bir hiss\u0259si v\u0259t\u0259n\u0259 qurban\u201d deyirl\u0259r? Ay\u0131b olsun bel\u0259 deputatlara.\n  <\/div>\n<\/p>\n<p><div><\/div>\n<\/p>\n<p><div>\n    O c\u00fcml\u0259d\u0259n M\u0259rk\u0259zi Bank\u0131n s\u0259dri, \u0259sl\u0259n i\u015f\u011fal edil\u0259n C\u0259bray\u0131l rayonundan olan Elman m\u00fc\u0259llimi v\u0259 n\u0259qliyyat naziri Ziya M\u0259mm\u0259dovu da q\u0131nay\u0131ram. Elman m\u00fc\u0259llim ordumuzun C\u0259bray\u0131l istiqam\u0259tind\u0259 ald\u0131\u011f\u0131 t\u0259p\u0259nin \u015f\u0259r\u0259fin\u0259 manat\u0131 m\u00f6hk\u0259ml\u0259ndir\u0259 bilm\u0259zdimi? Ziya m\u00fc\u0259llim is\u0259 g\u0259r\u0259k \u0259lind\u0259 qalan s\u0259lahiyy\u0259tl\u0259rin o biril\u0259rini d\u0259 orduya yard\u0131m fonduna ke\u00e7ir\u0259ydi.\n  <\/div>\n<\/p>\n<p><div><\/div>\n<\/p>\n<p><div>\n    \u0130ndi s\u00f6z, b\u0259li, \u0259laq\u0259dar orqanlar\u0131nd\u0131r.\n  <\/div>\n<\/p>\n<p><div><\/div>\n<\/p>\n<p><div>\n    <b><br \/>\n      Musavat.com<br \/>\n    <\/b>\n  <\/div>\n<\/p>\n<p><div><\/div>\n<\/p>\n<p><div>\n    <b><br \/>\n      Yaz\u0131 m\u00fc\u0259llifin \u015f\u0259xsi m\u00f6vqeyini \u0259ks etdirir. M\u00fc\u0259llifin m\u00f6vqeyi Meydan.Tv-nin m\u00f6vqeyi il\u0259 \u00fcst-\u00fcst\u0259 d\u00fc\u015fm\u0259y\u0259 bil\u0259r.<br \/>\n    <\/b>\n  <\/div><\/p>\n","protected":false},"excerpt":{"rendered":"<p>B\u0259s siz niy\u0259 yazm\u0131rs\u0131n\u0131z?<\/p>\n","protected":false},"author":11,"featured_media":54177,"comment_status":"closed","ping_status":"open","sticky":false,"template":"","format":"standard","meta":{"_acf_changed":false,"_sitemap_exclude":false,"_sitemap_priority":"","_sitemap_frequency":"","footnotes":""},"categories":[57],"tags":[],"class_list":["post-175035","post","type-post","status-publish","format-standard","has-post-thumbnail","hentry","category-menim-fikrimce","infinite-scroll-item","generate-columns","tablet-grid-50","mobile-grid-100","grid-parent","grid-33","no-featured-image-padding"],"acf":[],"yoast_head":"<!-- This site is optimized with the Yoast SEO plugin v27.5 - https:\/\/yoast.com\/product\/yoast-seo-wordpress\/ -->\n<title>Kukla Teatr\u0131 - MEYDAN.TV<\/title>\n<meta name=\"robots\" content=\"index, follow, max-snippet:-1, max-image-preview:large, max-video-preview:-1\" \/>\n<link rel=\"canonical\" href=\"https:\/\/www.meydan.tv\/az\/article\/kukla-teatri\/\" \/>\n<meta property=\"og:locale\" content=\"az_AZ\" \/>\n<meta property=\"og:type\" content=\"article\" \/>\n<meta property=\"og:title\" content=\"Kukla Teatr\u0131 - MEYDAN.TV\" \/>\n<meta property=\"og:description\" content=\"B\u0259s siz niy\u0259 yazm\u0131rs\u0131n\u0131z?\" \/>\n<meta property=\"og:url\" content=\"https:\/\/www.meydan.tv\/az\/article\/kukla-teatri\/\" \/>\n<meta property=\"og:site_name\" content=\"MEYDAN.TV\" \/>\n<meta property=\"article:published_time\" content=\"2016-04-08T23:40:58+00:00\" \/>\n<meta property=\"og:image\" content=\"https:\/\/www.meydan.tv\/wp-content\/uploads\/20460.jpg\" \/>\n\t<meta property=\"og:image:width\" content=\"500\" \/>\n\t<meta property=\"og:image:height\" content=\"500\" \/>\n\t<meta property=\"og:image:type\" content=\"image\/jpeg\" \/>\n<meta name=\"author\" content=\"user-manager\" \/>\n<meta name=\"twitter:card\" content=\"summary_large_image\" \/>\n<script type=\"application\/ld+json\" class=\"yoast-schema-graph\">{\"@context\":\"https:\\\/\\\/schema.org\",\"@graph\":[{\"@type\":\"Article\",\"@id\":\"https:\\\/\\\/www.meydan.tv\\\/az\\\/article\\\/kukla-teatri\\\/#article\",\"isPartOf\":{\"@id\":\"https:\\\/\\\/www.meydan.tv\\\/az\\\/article\\\/kukla-teatri\\\/\"},\"author\":{\"name\":\"user-manager\",\"@id\":\"https:\\\/\\\/www.meydan.tv\\\/az\\\/#\\\/schema\\\/person\\\/10d11eccf6da3662cf5fdab9806ea91a\"},\"headline\":\"Kukla Teatr\u0131\",\"datePublished\":\"2016-04-08T23:40:58+00:00\",\"mainEntityOfPage\":{\"@id\":\"https:\\\/\\\/www.meydan.tv\\\/az\\\/article\\\/kukla-teatri\\\/\"},\"wordCount\":912,\"publisher\":{\"@id\":\"https:\\\/\\\/www.meydan.tv\\\/az\\\/#organization\"},\"image\":{\"@id\":\"https:\\\/\\\/www.meydan.tv\\\/az\\\/article\\\/kukla-teatri\\\/#primaryimage\"},\"thumbnailUrl\":\"https:\\\/\\\/www.meydan.tv\\\/wp-content\\\/uploads\\\/20460.jpg\",\"articleSection\":[\"M\u0259nim Fikrimc\u0259\"],\"inLanguage\":\"az\"},{\"@type\":\"WebPage\",\"@id\":\"https:\\\/\\\/www.meydan.tv\\\/az\\\/article\\\/kukla-teatri\\\/\",\"url\":\"https:\\\/\\\/www.meydan.tv\\\/az\\\/article\\\/kukla-teatri\\\/\",\"name\":\"Kukla Teatr\u0131 - MEYDAN.TV\",\"isPartOf\":{\"@id\":\"https:\\\/\\\/www.meydan.tv\\\/az\\\/#website\"},\"primaryImageOfPage\":{\"@id\":\"https:\\\/\\\/www.meydan.tv\\\/az\\\/article\\\/kukla-teatri\\\/#primaryimage\"},\"image\":{\"@id\":\"https:\\\/\\\/www.meydan.tv\\\/az\\\/article\\\/kukla-teatri\\\/#primaryimage\"},\"thumbnailUrl\":\"https:\\\/\\\/www.meydan.tv\\\/wp-content\\\/uploads\\\/20460.jpg\",\"datePublished\":\"2016-04-08T23:40:58+00:00\",\"breadcrumb\":{\"@id\":\"https:\\\/\\\/www.meydan.tv\\\/az\\\/article\\\/kukla-teatri\\\/#breadcrumb\"},\"inLanguage\":\"az\",\"potentialAction\":[{\"@type\":\"ReadAction\",\"target\":[\"https:\\\/\\\/www.meydan.tv\\\/az\\\/article\\\/kukla-teatri\\\/\"]}]},{\"@type\":\"ImageObject\",\"inLanguage\":\"az\",\"@id\":\"https:\\\/\\\/www.meydan.tv\\\/az\\\/article\\\/kukla-teatri\\\/#primaryimage\",\"url\":\"https:\\\/\\\/www.meydan.tv\\\/wp-content\\\/uploads\\\/20460.jpg\",\"contentUrl\":\"https:\\\/\\\/www.meydan.tv\\\/wp-content\\\/uploads\\\/20460.jpg\",\"width\":500,\"height\":500,\"caption\":\"Source:\"},{\"@type\":\"BreadcrumbList\",\"@id\":\"https:\\\/\\\/www.meydan.tv\\\/az\\\/article\\\/kukla-teatri\\\/#breadcrumb\",\"itemListElement\":[{\"@type\":\"ListItem\",\"position\":1,\"name\":\"Ana s\u0259hif\u0259\",\"item\":\"https:\\\/\\\/www.meydan.tv\\\/az\\\/\"},{\"@type\":\"ListItem\",\"position\":2,\"name\":\"M\u0259nim Fikrimc\u0259\",\"item\":\"https:\\\/\\\/www.meydan.tv\\\/az\\\/section\\\/menim-fikrimce\\\/\"},{\"@type\":\"ListItem\",\"position\":3,\"name\":\"Kukla Teatr\u0131\"}]},{\"@type\":\"WebSite\",\"@id\":\"https:\\\/\\\/www.meydan.tv\\\/az\\\/#website\",\"url\":\"https:\\\/\\\/www.meydan.tv\\\/az\\\/\",\"name\":\"MEYDAN.TV\",\"description\":\"Meydan TV Az\u0259rbaycan\u0131n media m\u0259kan\u0131ndak\u0131 alternativ s\u0259sidir\",\"publisher\":{\"@id\":\"https:\\\/\\\/www.meydan.tv\\\/az\\\/#organization\"},\"potentialAction\":[{\"@type\":\"SearchAction\",\"target\":{\"@type\":\"EntryPoint\",\"urlTemplate\":\"https:\\\/\\\/www.meydan.tv\\\/az\\\/?s={search_term_string}\"},\"query-input\":{\"@type\":\"PropertyValueSpecification\",\"valueRequired\":true,\"valueName\":\"search_term_string\"}}],\"inLanguage\":\"az\"},{\"@type\":\"Organization\",\"@id\":\"https:\\\/\\\/www.meydan.tv\\\/az\\\/#organization\",\"name\":\"Meydan TV\",\"url\":\"https:\\\/\\\/www.meydan.tv\\\/az\\\/\",\"logo\":{\"@type\":\"ImageObject\",\"inLanguage\":\"az\",\"@id\":\"https:\\\/\\\/www.meydan.tv\\\/az\\\/#\\\/schema\\\/logo\\\/image\\\/\",\"url\":\"https:\\\/\\\/www.meydan.tv\\\/wp-content\\\/uploads\\\/2021\\\/07\\\/meydan-logo.svg\",\"contentUrl\":\"https:\\\/\\\/www.meydan.tv\\\/wp-content\\\/uploads\\\/2021\\\/07\\\/meydan-logo.svg\",\"width\":195,\"height\":46,\"caption\":\"Meydan TV\"},\"image\":{\"@id\":\"https:\\\/\\\/www.meydan.tv\\\/az\\\/#\\\/schema\\\/logo\\\/image\\\/\"}},{\"@type\":\"Person\",\"@id\":\"https:\\\/\\\/www.meydan.tv\\\/az\\\/#\\\/schema\\\/person\\\/10d11eccf6da3662cf5fdab9806ea91a\",\"name\":\"user-manager\"}]}<\/script>\n<!-- \/ Yoast SEO plugin. -->","yoast_head_json":{"title":"Kukla Teatr\u0131 - MEYDAN.TV","robots":{"index":"index","follow":"follow","max-snippet":"max-snippet:-1","max-image-preview":"max-image-preview:large","max-video-preview":"max-video-preview:-1"},"canonical":"https:\/\/www.meydan.tv\/az\/article\/kukla-teatri\/","og_locale":"az_AZ","og_type":"article","og_title":"Kukla Teatr\u0131 - MEYDAN.TV","og_description":"B\u0259s siz niy\u0259 yazm\u0131rs\u0131n\u0131z?","og_url":"https:\/\/www.meydan.tv\/az\/article\/kukla-teatri\/","og_site_name":"MEYDAN.TV","article_published_time":"2016-04-08T23:40:58+00:00","og_image":[{"width":500,"height":500,"url":"https:\/\/www.meydan.tv\/wp-content\/uploads\/20460.jpg","type":"image\/jpeg"}],"author":"user-manager","twitter_card":"summary_large_image","schema":{"@context":"https:\/\/schema.org","@graph":[{"@type":"Article","@id":"https:\/\/www.meydan.tv\/az\/article\/kukla-teatri\/#article","isPartOf":{"@id":"https:\/\/www.meydan.tv\/az\/article\/kukla-teatri\/"},"author":{"name":"user-manager","@id":"https:\/\/www.meydan.tv\/az\/#\/schema\/person\/10d11eccf6da3662cf5fdab9806ea91a"},"headline":"Kukla Teatr\u0131","datePublished":"2016-04-08T23:40:58+00:00","mainEntityOfPage":{"@id":"https:\/\/www.meydan.tv\/az\/article\/kukla-teatri\/"},"wordCount":912,"publisher":{"@id":"https:\/\/www.meydan.tv\/az\/#organization"},"image":{"@id":"https:\/\/www.meydan.tv\/az\/article\/kukla-teatri\/#primaryimage"},"thumbnailUrl":"https:\/\/www.meydan.tv\/wp-content\/uploads\/20460.jpg","articleSection":["M\u0259nim Fikrimc\u0259"],"inLanguage":"az"},{"@type":"WebPage","@id":"https:\/\/www.meydan.tv\/az\/article\/kukla-teatri\/","url":"https:\/\/www.meydan.tv\/az\/article\/kukla-teatri\/","name":"Kukla Teatr\u0131 - MEYDAN.TV","isPartOf":{"@id":"https:\/\/www.meydan.tv\/az\/#website"},"primaryImageOfPage":{"@id":"https:\/\/www.meydan.tv\/az\/article\/kukla-teatri\/#primaryimage"},"image":{"@id":"https:\/\/www.meydan.tv\/az\/article\/kukla-teatri\/#primaryimage"},"thumbnailUrl":"https:\/\/www.meydan.tv\/wp-content\/uploads\/20460.jpg","datePublished":"2016-04-08T23:40:58+00:00","breadcrumb":{"@id":"https:\/\/www.meydan.tv\/az\/article\/kukla-teatri\/#breadcrumb"},"inLanguage":"az","potentialAction":[{"@type":"ReadAction","target":["https:\/\/www.meydan.tv\/az\/article\/kukla-teatri\/"]}]},{"@type":"ImageObject","inLanguage":"az","@id":"https:\/\/www.meydan.tv\/az\/article\/kukla-teatri\/#primaryimage","url":"https:\/\/www.meydan.tv\/wp-content\/uploads\/20460.jpg","contentUrl":"https:\/\/www.meydan.tv\/wp-content\/uploads\/20460.jpg","width":500,"height":500,"caption":"Source:"},{"@type":"BreadcrumbList","@id":"https:\/\/www.meydan.tv\/az\/article\/kukla-teatri\/#breadcrumb","itemListElement":[{"@type":"ListItem","position":1,"name":"Ana s\u0259hif\u0259","item":"https:\/\/www.meydan.tv\/az\/"},{"@type":"ListItem","position":2,"name":"M\u0259nim Fikrimc\u0259","item":"https:\/\/www.meydan.tv\/az\/section\/menim-fikrimce\/"},{"@type":"ListItem","position":3,"name":"Kukla Teatr\u0131"}]},{"@type":"WebSite","@id":"https:\/\/www.meydan.tv\/az\/#website","url":"https:\/\/www.meydan.tv\/az\/","name":"MEYDAN.TV","description":"Meydan TV Az\u0259rbaycan\u0131n media m\u0259kan\u0131ndak\u0131 alternativ s\u0259sidir","publisher":{"@id":"https:\/\/www.meydan.tv\/az\/#organization"},"potentialAction":[{"@type":"SearchAction","target":{"@type":"EntryPoint","urlTemplate":"https:\/\/www.meydan.tv\/az\/?s={search_term_string}"},"query-input":{"@type":"PropertyValueSpecification","valueRequired":true,"valueName":"search_term_string"}}],"inLanguage":"az"},{"@type":"Organization","@id":"https:\/\/www.meydan.tv\/az\/#organization","name":"Meydan TV","url":"https:\/\/www.meydan.tv\/az\/","logo":{"@type":"ImageObject","inLanguage":"az","@id":"https:\/\/www.meydan.tv\/az\/#\/schema\/logo\/image\/","url":"https:\/\/www.meydan.tv\/wp-content\/uploads\/2021\/07\/meydan-logo.svg","contentUrl":"https:\/\/www.meydan.tv\/wp-content\/uploads\/2021\/07\/meydan-logo.svg","width":195,"height":46,"caption":"Meydan TV"},"image":{"@id":"https:\/\/www.meydan.tv\/az\/#\/schema\/logo\/image\/"}},{"@type":"Person","@id":"https:\/\/www.meydan.tv\/az\/#\/schema\/person\/10d11eccf6da3662cf5fdab9806ea91a","name":"user-manager"}]}},"_links":{"self":[{"href":"https:\/\/www.meydan.tv\/az\/wp-json\/wp\/v2\/posts\/175035","targetHints":{"allow":["GET"]}}],"collection":[{"href":"https:\/\/www.meydan.tv\/az\/wp-json\/wp\/v2\/posts"}],"about":[{"href":"https:\/\/www.meydan.tv\/az\/wp-json\/wp\/v2\/types\/post"}],"author":[{"embeddable":true,"href":"https:\/\/www.meydan.tv\/az\/wp-json\/wp\/v2\/users\/11"}],"replies":[{"embeddable":true,"href":"https:\/\/www.meydan.tv\/az\/wp-json\/wp\/v2\/comments?post=175035"}],"version-history":[{"count":0,"href":"https:\/\/www.meydan.tv\/az\/wp-json\/wp\/v2\/posts\/175035\/revisions"}],"wp:featuredmedia":[{"embeddable":true,"href":"https:\/\/www.meydan.tv\/az\/wp-json\/wp\/v2\/media\/54177"}],"wp:attachment":[{"href":"https:\/\/www.meydan.tv\/az\/wp-json\/wp\/v2\/media?parent=175035"}],"wp:term":[{"taxonomy":"category","embeddable":true,"href":"https:\/\/www.meydan.tv\/az\/wp-json\/wp\/v2\/categories?post=175035"},{"taxonomy":"post_tag","embeddable":true,"href":"https:\/\/www.meydan.tv\/az\/wp-json\/wp\/v2\/tags?post=175035"}],"curies":[{"name":"wp","href":"https:\/\/api.w.org\/{rel}","templated":true}]}}