{"id":175034,"date":"2016-04-08T23:01:33","date_gmt":"2016-04-08T23:01:33","guid":{"rendered":"https:\/\/www.meydan.tv\/article\/qarabag-derdim-menim\/"},"modified":"2016-04-08T23:01:33","modified_gmt":"2016-04-08T23:01:33","slug":"qarabag-derdim-menim","status":"publish","type":"post","link":"https:\/\/www.meydan.tv\/az\/article\/qarabag-derdim-menim\/","title":{"rendered":"Qaraba\u011f,  d\u0259rdim m\u0259nim!"},"content":{"rendered":"<figure class=\"wp-block-image size-large\">\n  <img decoding=\"async\" src=\"https:\/\/www.meydan.tv\/az\/54012\/\" alt=\"\" class=\"wp-image-54012\"\/><figcaption><\/figcaption><\/figure>\n<figure class=\"wp-block-image size-large\">\n  <img decoding=\"async\" src=\"https:\/\/www.meydan.tv\/az\/54015\/\" alt=\"\" class=\"wp-image-54015\"\/><figcaption><\/figcaption><\/figure>\n<p>\n  93-c\u00fc ilin yay\u0131&#8230;\u00e7\u00f6ld\u0259 d\u0259h\u015f\u0259t b\u00fcrk\u00fc vard\u0131. Yay oldu\u011fu d\u0259qiq yad\u0131mdad\u0131r. Hadis\u0259d\u0259n bir ne\u00e7\u0259 g\u00fcn \u00f6nc\u0259 ad g\u00fcn\u00fcm\u0259 sar\u0131 r\u0259ngd\u0259 gitara h\u0259diyy\u0259 alm\u0131\u015fd\u0131m. O g\u00fcn gitaram\u0131 evd\u0259 qoyub u\u015faqlarnan h\u0259y\u0259td\u0259 y\u0131\u011f\u0131\u015fm\u0131\u015fd\u0131q. Qon\u015fu k\u00fc\u00e7\u0259d\u0259 \u00e7\u0131\u011f\u0131rt\u0131, q\u0131\u015fq\u0131r\u0131q, a\u011fla\u015fma s\u0259sl\u0259ri e\u015fidilirdi. U\u015faqlarnan s\u0259s g\u0259l\u0259n s\u0259mt\u0259 y\u00fcy\u00fcrd\u00fck. Binan\u0131n qar\u015f\u0131s\u0131nda xeyli insan topla\u015fm\u0131\u015fd\u0131. \u018ftrafa qulaqbat\u0131r\u0131c\u0131 sakitlik \u00e7\u00f6km\u00fc\u015fd\u00fc.\n<\/p>\n<p>\n  Sonralar buna ox\u015far s\u0259ssizliy\u0259 yaln\u0131z q\u0259birstanl\u0131qda rast g\u0259l\u0259c\u0259m. \u0130nsan v\u00fccudunu tir-tir \u0259sdir\u0259n bir s\u00fckut. U\u015faqlarnan it\u0259l\u0259\u015f\u0259r\u0259k qon\u015fular\u0131n aras\u0131ndan sivrilib, dama d\u0131rma\u015fd\u0131q. \u201cXru\u015f\u015fovka\u201d tipli be\u015fm\u0259rt\u0259b\u0259 binalarda dam olan yer, ad\u0259t\u0259n blokun gir\u0259c\u0259yind\u0259 h\u00fcnd\u00fcr \u00e7\u0131x\u0131nt\u0131ya deyilir. \u0130nsanlar\u0131n \u0259hat\u0259y\u0259 ald\u0131\u011f\u0131, xall\u0131 palaza b\u00fcr\u00fcnm\u00fc\u015f c\u0259naz\u0259 imi\u015f. M\u0259rhumun atas\u0131 c\u0259naz\u0259nin ba\u015f t\u0259r\u0259find\u0259 yer\u0259, qaynar asfalta oturmu\u015fdu.\n<\/p>\n<p>\n  O ki\u015fini indi yad\u0131ma sala bilmir\u0259m. Sad\u0259c\u0259 s\u0259si yad\u0131mdad\u0131r. Biz balaca u\u015faq idik. Ham\u0131m\u0131z\u0131n 8-10 ya\u015f\u0131 olard\u0131. H\u0259l\u0259 \u00f6z\u00fcm\u00fcz\u00fc, d\u00fcnyan\u0131, m\u00fcharib\u0259ni anlam\u0131rd\u0131q. B\u00f6y\u00fcm\u0259mi\u015fdik, xisl\u0259timiz saf, q\u0259lbimiz inc\u0259, vijdan\u0131m\u0131z bakir\u0259 idi. U\u015faqlardan biri damdan x\u0131rda, \u00e7\u0131nq\u0131l da\u015f g\u00f6t\u00fcr\u00fcb, meyidin \u00fcst\u00fcn\u0259 atma\u011fa ba\u015flad\u0131. Da\u015f c\u0259naz\u0259nin \u00fcz\u0259rin\u0259 hopdu. U\u015faqlar q\u0131m\u0131\u015fd\u0131lar, h\u0259tta \u00f6l\u00fcml\u0259 bel\u0259 oynamaq ist\u0259yirdik, m\u0259hl\u0259ni is\u0259 yerd\u0259 oturan atan\u0131n zar\u0131lt\u0131s\u0131 b\u00fcr\u00fcm\u00fc\u015fd\u00fc.\n<\/p>\n<p>\n  Q\u0259fl\u0259t\u0259n ata d\u00fc\u015f\u0259n da\u015f\u0131 g\u00f6rd\u00fc. T\u0259\u0259c\u00fcbl\u0259nm\u0259di, ehmalca, sanki s\u00f6n g\u00fcc\u00fcyl\u0259 da\u015flar\u0131 c\u0259naz\u0259nin \u00fcz\u0259rind\u0259n g\u00f6t\u00fcr\u00fcb ovucuna y\u0131\u011fd\u0131. Astaca ba\u015f\u0131n\u0131 qald\u0131r\u0131b bizl\u0259r\u0259 baxd\u0131.\n<\/p>\n<p>\n  \u018ftrafdak\u0131lar susmu\u015fdu. Sanki he\u00e7 yox idil\u0259r. Biz qorxmu\u015fduq, yaramazl\u0131q etdiyimizi hiss etmi\u015fdik.\n<\/p>\n<p>\n  Ata is\u0259 sad\u0259c\u0259 ba\u015f\u0131n\u0131 qald\u0131r\u0131b, bo\u011fuq s\u0259sl\u0259 dedi: \u201cA bala, bu da\u015flar\u0131 ba\u015f\u0131ma niy\u0259 at\u0131rs\u0131z? G\u00f6rm\u00fcrs\u00fcz, ba\u015f\u0131ma da\u015f d\u00fc\u015f\u00fcb? O\u011flum \u00f6l\u00fcb&#8230;\u201d\n<\/p>\n<p>\n  \u00d6l\u0259n o\u011flan Qaraba\u011fda \u015f\u0259hid olmu\u015fdu&#8230;\n<\/p>\n<p>\n  \u00d6nc\u0259 deyim ki, m\u0259n \u0259sla pasifist deyil\u0259m. M\u00fcharib\u0259nin n\u0259l\u0259r t\u00f6r\u0259tdiyini, hans\u0131 ac\u0131lar g\u0259tir\u0259c\u0259yini yax\u015f\u0131 anlay\u0131ram. Amma buna r\u0259\u011fm\u0259n \u00f6lk\u0259m\u0259, torpa\u011f\u0131ma, k\u0259ndim\u0259, \u015f\u0259h\u0259rim\u0259, evim\u0259 t\u0259cav\u00fcz ed\u0259n h\u0259r bir \u015f\u0259xs\u0259, insana, m\u0259xluqa,t\u0259cav\u00fcskara qar\u015f\u0131 son n\u0259f\u0259sim\u0259c\u0259n vuru\u015facam.\n<\/p>\n<p>\n  Tam s\u0259mimi deyir\u0259m, bunupsevdo patriot\u00e7uluq sanmay\u0131n. \u00d6lk\u0259m\u0259 t\u0259cav\u00fcz ed\u0259nl\u0259r\u0259 qar\u015f\u0131 m\u0259n yaba, da\u015fla, lap el\u0259 raqatkayla m\u00fcqavim\u0259t g\u00f6st\u0259r\u0259c\u0259m. M\u0259n \u00f6z evimi qoruyacam. Biz he\u00e7 kimin torpa\u011f\u0131na, h\u0259y\u0259t-bacas\u0131na, evin\u0259 soxulmam\u0131\u015f\u0131q. Bu \u00fczd\u0259n haqq-\u0259dal\u0259t, d\u00fczg\u00fcnl\u00fck biz t\u0259r\u0259fd\u0259dir. Bird\u0259 ki, d\u00f6y\u00fc\u015f zaman\u0131 ana, ata, bala \u00e7\u0259tin yada d\u00fc\u015f\u0259. \u0130\u00e7imd\u0259ki ibtidai insan d\u00f6y\u00fc\u015f vaxt\u0131, tam olaraq beynimi, d\u00fc\u015f\u00fcnm\u0259k, hissl\u0259r\u0259 qap\u0131lmaq imkan\u0131m\u0131 \u0259limd\u0259n alacaq.\n<\/p>\n<p>\n  Fedor Bondar\u00e7ukun lent\u0259 ald\u0131\u011f\u0131 \u201c9-cu rota\u201d filmin\u0259 baxanlar m\u0259ni daha yax\u015f\u0131 anlayar. Adi h\u0259yatda i\u00e7i qorxularla dolu olan birisi s\u0259ng\u0259rd\u0259, g\u00fcll\u0259 ya\u011f\u0131\u015f\u0131 alt\u0131nda yaln\u0131z sa\u011f qalmaq haqq\u0131nda d\u00fc\u015f\u00fcn\u0259c\u0259k. H\u0259min an \u00e7ox d\u00fc\u015f\u00fcnm\u0259y\u0259 vaxt olmur. Ya\u015famaq instinkti s\u0259ni ir\u0259li at\u0131r, d\u00f6y\u00fc\u015f\u0259. S\u0259ni \u00f6ld\u00fcrm\u0259k ist\u0259y\u0259nin \u00fcz\u0259rin\u0259.\n<\/p>\n<p>\n  \u00d6t\u0259n h\u0259ft\u0259nin olaylar\u0131 g\u00f6zl\u0259nilm\u0259z oldu. A\u00e7\u0131\u011f\u0131, son aylarda \u00f6lk\u0259d\u0259 ba\u015f ver\u0259nl\u0259r, m\u00fcv\u0259qq\u0259ti olaraq Qaraba\u011f m\u0259s\u0259l\u0259sin unutdurmu\u015fdu. Qaraba\u011f d\u0259rdi bir n\u00f6v arxa, lap arxa plana ke\u00e7mi\u015fdi. \u00d6lk\u0259d\u0259 daha maraql\u0131, anla\u015f\u0131lmaz hadis\u0259l\u0259r c\u0259r\u0259yan edirdi. Devalvasiyalardan sonra, h\u00f6k\u00fcm\u0259tin siyasi m\u0259hbuslar haqq\u0131nda verdiyi q\u0259rar c\u0259miyy\u0259ti, d\u00fc\u015f\u00fcn\u0259n t\u0259b\u0259q\u0259ni sevindirdiyi yerd\u0259, q\u0259fl\u0259t\u0259n c\u0259bh\u0259d\u0259, Qaraba\u011fda at\u0259\u015fk\u0259s pozuldu. \u00d6t\u0259n iyirmi ild\u0259 insanlar\u0131m\u0131z ara-s\u0131ra at\u0259\u015fk\u0259sin pozulmas\u0131na art\u0131q v\u0259rdi\u015f etmi\u015fdil\u0259r.\n<\/p>\n<p>\n  Amma bu d\u0259f\u0259&#8230;\n<\/p>\n<p>\n  C\u0259bh\u0259d\u0259 d\u00f6y\u00fc\u015f ged\u0259rk\u0259n, insanlar\u0131m\u0131z\u0131n ya\u015fad\u0131\u011f\u0131 eyforiya, ifrat patriotizm, qap\u0131ld\u0131\u011f\u0131 emosionall\u0131q ba\u015fa d\u00fc\u015f\u00fcl\u0259ndir. Qaraba\u011f m\u00f6vzusu mill\u0259timizin \u0259n h\u0259ssas yeridir. Axilles daban\u0131d\u0131r. \u018fsrin d\u00f6rdd\u0259 birini \u201cm\u0259\u011flub olmu\u015f\u201d m\u00f6vqeyind\u0259 ya\u015famaq, \u201citirilmi\u015f d\u0259d\u0259-baba yurdu\u201d kompleksi alt\u0131nda s\u0131x\u0131lmaq, \u201ctorpaqlar \u0259ld\u0259n getdi\u201d sindromu il\u0259 bar\u0131\u015fmaq olduqca \u00e7\u0259tindir.\n<\/p>\n<p>\n  Bu ill\u0259r \u0259rzind\u0259 Qaraba\u011f bir torpaq, \u0259razi anlam\u0131ndan b\u00f6y\u00fcy\u00fcb, daha geni\u015f m\u0259naya malik olmu\u015fdu. Bitm\u0259y\u0259n m\u00fcharib\u0259, qar\u015f\u0131l\u0131ql\u0131 nifr\u0259t h\u0259r iki t\u0259r\u0259fd\u0259 d\u00fc\u015fm\u0259n kultu yaratm\u0131\u015fd\u0131.\n<\/p>\n<p>\n  Mill\u0259t torpaqdan \u00e7ox q\u0259l\u0259b\u0259, \u00f6z\u00fcn\u0259 inam\u0131n\u0131 qaytarmaqdan \u00f6tr\u00fc susam\u0131\u015fd\u0131. Sosial \u015f\u0259b\u0259k\u0259d\u0259, virtual s\u0259ng\u0259rd\u0259 el\u0259 \u0259n aktiv t\u0259b\u0259q\u0259 d\u0259 g\u0259ncl\u0259r idi. M\u00fcst\u0259qillik d\u00f6vr\u00fcnd\u0259 g\u00f6z\u00fcn\u00fc Qaraba\u011fs\u0131zl\u0131qda a\u00e7an g\u0259ncl\u0259r. H\u0259m d\u0259 ill\u0259r \u00f6nc\u0259 birinci Qaraba\u011f m\u00fcharib\u0259sind\u0259 yax\u0131nlar\u0131n\u0131, do\u011fmalar\u0131n\u0131 itirmi\u015f insanlar\u0131m\u0131zda s\u00f6zs\u00fcz ki, ba\u015f ver\u0259nl\u0259r\u0259 laqeyd qala bilm\u0259zdi. Amma g\u0259lin, n\u0259 q\u0259d\u0259r \u00e7\u0259tin olsa da, emosiyalara qap\u0131lmayaq. Bir az soyuqqanl\u0131 olaq.\n<\/p>\n<p>\n  M\u0259n politoloq, siyasi analitik deyil\u0259m. Sad\u0259c\u0259, \u00f6z d\u00fc\u015f\u00fcnc\u0259l\u0259rimi b\u00f6l\u00fc\u015f\u0259c\u0259m.\n<\/p>\n<p>\n  Tarix g\u00f6st\u0259rir ki, b\u0259\u015f\u0259riyy\u0259t yaranandan, ist\u0259nil\u0259n m\u00fcharib\u0259nin arxas\u0131nda siyas\u0259t durub. Siyas\u0259t is\u0259 adi v\u0259t\u0259nda\u015f\u0131n ist\u0259yi il\u0259 oturub-duran deyil. Bu ac\u0131l\u0131 olsada, dan\u0131lmaz h\u0259qiq\u0259tdir.\n<\/p>\n<p>\n  1) Qaraba\u011f regionun \u0259n ciddi, m\u00fcr\u0259kk\u0259b m\u0259s\u0259l\u0259l\u0259rind\u0259n biridir. Rusiya kimi qon\u015fumuz olan yerd\u0259, bizim bu m\u0259s\u0259l\u0259ni \u00f6z ba\u015f\u0131m\u0131za v\u0259 g\u00fcc\u00fcm\u00fcz\u0259 \u00e7\u00f6zm\u0259yimiz absurddur.\n<\/p>\n<p>\n  Ba\u015f ver\u0259nl\u0259ri izl\u0259dikc\u0259, ilk a\u011fl\u0131ma g\u0259l\u0259n sual da \u201dRusiya niy\u0259 susur?!\u201doldu. Ham\u0131 \u00fc\u00e7\u00fcn Erm\u0259nistan\u0131n regionda rolu m\u0259lumdur. \u00dc\u00e7 g\u00fcn davam ed\u0259n arams\u0131z at\u0131\u015fmada, Az\u0259rbaycan ordusunun a\u00e7\u0131q-a\u015fkar \u00fcst\u00fcnl\u00fck qazand\u0131\u011f\u0131 zaman, Rusiyan\u0131n, \u00f6z h\u0259rbi m\u00fctt\u0259fiqin\u0259 yard\u0131m etm\u0259m\u0259si, sad\u0259c\u0259 K\u0130V-vasit\u0259si il\u0259 Erm\u0259nistana d\u0259st\u0259k olmas\u0131, \u00e7ox \u015f\u00fcbh\u0259li idi. Art\u0131q yeni bir siyasi oyunun ba\u015fland\u0131\u011f\u0131 m\u0259lum olurdu.\n<\/p>\n<p>\n  2) Az\u0259rbaycan\u0131n siyasi hakimiyy\u0259ti!\n<\/p>\n<p>\n  \u0130ndiki iqtidar, devalvasiyalardan sonra xalq aras\u0131nda n\u00fcfuzunu itirib. \u0130nsanlar art\u0131q \u00e7ox dan\u0131\u015f\u0131r. A\u00e7\u0131q-a\u015fkar, \u00e7\u0259kinm\u0259d\u0259n, qorxmadan probleml\u0259rini deyir. \u0130\u015f, \u00e7\u00f6r\u0259k t\u0259l\u0259b edirl\u0259r. M\u00fcharib\u0259, al\u0131nan torpaqlar itirilmi\u015f imici b\u0259rpa ed\u0259 bil\u0259r. Xalq torpaq, sava\u015f, revan\u015f almaq namin\u0259 \u00f6z\u00fc d\u0259 bilm\u0259d\u0259n, hakimiyy\u0259t \u0259traf\u0131nda s\u0131x birl\u0259\u015f\u0259c\u0259kdir. El\u0259 bu \u00fc\u00e7 g\u00fcn \u0259rzind\u0259 biz bunun \u015fahidi olmu\u015fduq. \u018fg\u0259r m\u00fcharib\u0259 davam ets\u0259 idi, bir ne\u00e7\u0259 rayon geri al\u0131nas\u0131 olsa idi, indiki iqtidar uzun \u00f6m\u00fcrl\u00fc taxta sahib olacaqd\u0131.\n<\/p>\n<p>\n  3) \u00dc\u00e7\u00fcnc\u00fc \u00f6lk\u0259l\u0259rin, AB\u015e, \u0130ran\u0131n, Q\u0259rbin regionda siyasi maraqlar\u0131. T\u00fcrkiy\u0259ni Rusiyaya qar\u015f\u0131 a\u00e7\u0131q sava\u015fa girm\u0259y\u0259 vadar etm\u0259k. \u00dcmumu stabilliyin pozulmas\u0131. Rus s\u00fclhm\u0259raml\u0131lar\u0131n\u0131n \u0259raziy\u0259 n\u0259zar\u0259ti.\n<\/p>\n<p>\n  \u201cAnad\u0131r arzulara h\u0259r zaman Qaraba\u011f.\u201d<br \/>\n  <br \/>\n  (xalq mahn\u0131s\u0131)\n<\/p>\n<p>\n  Ucuzla\u015fan neftin fonunda, \u00f6lk\u0259 iqtisadi krisiz \u00e7uxuruna yuvarland\u0131qca, n\u0259h\u0259ng \u00f6lk\u0259l\u0259rl\u0259 siyasi flirt etm\u0259k art\u0131q \u00e7\u0259tinl\u0259\u015fir. Dem\u0259li, d\u00f6vl\u0259t \u00f6z m\u00fcq\u0259dd\u0259rat\u0131n\u0131 h\u0259ll etm\u0259lidir. Siyasi m\u00fcst\u0259vid\u0259 ba\u015fdan sovduluq, d\u00fc\u015f\u00fcn\u00fclm\u0259mi\u015f add\u0131mlar, emosiyalara dal\u0131b, hirsli ba\u015fla d\u00f6y\u00fc\u015f\u0259 at\u0131lmaq sonradan ciddi probleml\u0259r yarada bil\u0259r. M\u00fcharib\u0259 oyun-oyuncaq deyil. \u0130ki k\u00fc\u00e7\u0259, m\u0259h\u0259ll\u0259 aras\u0131 sava\u015f deyil. Sad\u0259 insanlar\u0131n, v\u0259t\u0259nda\u015flar\u0131n a\u015f\u0131b-da\u015fan v\u0259t\u0259np\u0259rv\u0259rlik hissi, \u00f6z\u00fcn\u0259 inam indeksinin artmas\u0131, d\u00f6vl\u0259t bayra\u011f\u0131m\u0131za b\u00fcr\u00fcn\u00fcb Qaraba\u011f, Qaraba\u011f \u015f\u00fcarlar\u0131 s\u0259sl\u0259ndirm\u0259si alq\u0131\u015fa layiqdir. Bu g\u00f6z\u0259ldir, fantastikdir. H\u0259qiq\u0259t\u0259n f\u0259xr edil\u0259sidir!\n<\/p>\n<p>\n  Lakin unutmaq olmaz ki, m\u00fcharib\u0259 h\u0259m d\u0259 k\u00fcll\u00fc miqdarda v\u0259sait, pul t\u0259l\u0259b edir. Tutal\u0131m, torpaq u\u011frunda \u015f\u0259hid olmaq ist\u0259y\u0259nl\u0259r \u00e7oxdur, lap el\u0259 ham\u0131m\u0131z \u0259sg\u0259r olaq. B\u0259s t\u0259chizat m\u0259s\u0259l\u0259si, resurslar? \u00d6lk\u0259 onsuz da maliyy\u0259 b\u00f6hran\u0131 ya\u015fay\u0131r. M\u00fcharib\u0259 ba\u015flanaca\u011f\u0131 t\u0259qdird\u0259 bitm\u0259 vaxt\u0131 m\u0259lum deyil. Bir ay, bir il, yoxsa be\u015f il? Dayanaql\u0131, stabil iqtisadiyyat\u0131 olmayan d\u00f6vl\u0259t m\u00fcharib\u0259y\u0259 haz\u0131r deyil. Bird\u0259 ki, iyirmi il yeyib-i\u00e7ib, ya\u011f-bal i\u00e7ind\u0259 \u00fcz\u00fcb, pula-pul dem\u0259y\u0259n vaxt\u0131 m\u00fcharib\u0259 etm\u0259y\u0259n \u00f6lk\u0259, niy\u0259 m\u0259hz maliyy\u0259 b\u00f6hran\u0131 fonunda, art\u0131q xarici borclar\u0131 \u00fcz\u0259rin\u0259 g\u00f6t\u00fcrd\u00fckd\u0259n sonra m\u00fcharib\u0259 etsin?\n<\/p>\n<p>\n  S\u0259f\u0259rb\u0259rlik elan olunduqdan sonra, bir \u00e7ox xarici \u015firk\u0259tl\u0259r Az\u0259rbaycandan ged\u0259c\u0259k. Bu is\u0259 \u00f6lk\u0259 iqtisadiyyat\u0131na tutarl\u0131 z\u0259rb\u0259dir. Mill\u0259tin onsuz da yax\u015f\u0131 olmayan g\u00fczaran\u0131, ya\u015fay\u0131\u015f\u0131, sosial rifah\u0131 qat-qat \u00e7\u0259tinl\u0259\u015f\u0259c\u0259k. M\u00fcharib\u0259y\u0259 ged\u0259nl\u0259rin, d\u00f6y\u00fc\u015f\u0259nl\u0259rin ail\u0259si, balalar\u0131, valideyinl\u0259rin sosial probleml\u0259ri, ya\u015fay\u0131\u015f s\u0259viyy\u0259si pisl\u0259\u015f\u0259c\u0259k. \u00d6lk\u0259d\u0259 kriminogen v\u0259ziyy\u0259t kontroldan \u00e7\u0131xacaq. Bu is\u0259 h\u0259rci-m\u0259rcliy\u0259, v\u0259t\u0259nda\u015f m\u00fcharib\u0259sin\u0259, yenid\u0259n siyasi \u00e7axna\u015fmalara, sonda is\u0259 m\u00fcst\u0259qilliyimizi itirm\u0259yimiz\u0259 g\u0259tir\u0259 bil\u0259r.\n<\/p>\n<p>\n  \u0130ndiki siyasi hakimiyy\u0259t bunu bizd\u0259n daha d\u00fcr\u00fcst anlay\u0131r. Bird\u0259 ki, yen\u0259d\u0259 unutmayaq ki, Erm\u0259nistan sad\u0259c\u0259 oyuncaqd\u0131r v\u0259 h\u0259min oyuncaq Rusiya adl\u0131 h\u0259rbi liderin \u0259lind\u0259dir.\n<\/p>\n<p>\n  Yaz\u0131m\u0131n \u0259vv\u0259lind\u0259 u\u015faql\u0131q xatir\u0259mi s\u0259b\u0259bsiz b\u00f6l\u00fc\u015fm\u0259dim. M\u0259nim \u00fc\u00e7\u00fcn \u0259n vacib olan, mill\u0259tim, xalq\u0131m \u015f\u0259hid verm\u0259sin. B\u0259li, \u015f\u0259hidlik m\u00fcq\u0259dd\u0259sdir! Amma m\u0259n ist\u0259mir\u0259m ki, bu \u00f6lk\u0259nin, g\u0259nc, g\u00f6z\u0259l, savadl\u0131, sa\u011flam g\u0259ncl\u0259ri \u015f\u0259hid olsun. Torpaq vacibdir, amma torpaqdan vacib olan canl\u0131 insand\u0131r. O \u015f\u0259hidl\u0259r, o g\u0259ncl\u0259r g\u0259l\u0259c\u0259kd\u0259 bizim c\u0259miyy\u0259ti quracaqlar. \u00d6vlad b\u00f6y\u00fcd\u0259c\u0259kl\u0259r, yeni ail\u0259l\u0259r yaradacaqlar.\n<\/p>\n<p>\n  M\u0259n ist\u0259mir\u0259m ki, g\u0259l\u0259c\u0259kd\u0259 bizim n\u0259sil kimi, yeni, m\u00fcharib\u0259 travmas\u0131 alm\u0131\u015f n\u0259sil yeti\u015fsin.\n<\/p>\n<p>\n  M\u0259n ist\u0259mir\u0259m ki, \u00e7irkin siyas\u0259tin qurban\u0131, saf insanlar olsun.\n<\/p>\n<p>\n  M\u0259n ist\u0259mir\u0259m ki, sa\u011f olan v\u0259t\u0259nd\u0259, sa\u011f olmayan insanlar olsun!\n<\/p>\n<p>\n  <b><br \/>\n    Yaz\u0131 m\u00fc\u0259llifin \u015f\u0259xsi m\u00f6vqeyini \u0259ks etdirir. M\u00fc\u0259llifin m\u00f6vqeyi Meydan.Tv-nin m\u00f6vqeyi il\u0259 \u00fcst-\u00fcst\u0259 d\u00fc\u015fm\u0259y\u0259 bil\u0259r.<br \/>\n  <\/b><\/p>\n","protected":false},"excerpt":{"rendered":"<p>G\u00f6rm\u00fcrs\u00fcz, ba\u015f\u0131ma da\u015f d\u00fc\u015f\u00fcb? O\u011flum \u00f6l\u00fcb&#8230;<\/p>\n","protected":false},"author":11,"featured_media":54012,"comment_status":"closed","ping_status":"open","sticky":false,"template":"","format":"standard","meta":{"_acf_changed":false,"_sitemap_exclude":false,"_sitemap_priority":"","_sitemap_frequency":"","footnotes":""},"categories":[57],"tags":[],"class_list":["post-175034","post","type-post","status-publish","format-standard","has-post-thumbnail","hentry","category-menim-fikrimce","infinite-scroll-item","generate-columns","tablet-grid-50","mobile-grid-100","grid-parent","grid-33","no-featured-image-padding"],"acf":[],"yoast_head":"<!-- This site is optimized with the Yoast SEO plugin v27.5 - https:\/\/yoast.com\/product\/yoast-seo-wordpress\/ -->\n<title>Qaraba\u011f, d\u0259rdim m\u0259nim! - MEYDAN.TV<\/title>\n<meta name=\"robots\" content=\"index, follow, max-snippet:-1, max-image-preview:large, max-video-preview:-1\" \/>\n<link rel=\"canonical\" href=\"https:\/\/www.meydan.tv\/az\/article\/qarabag-derdim-menim\/\" \/>\n<meta property=\"og:locale\" content=\"az_AZ\" \/>\n<meta property=\"og:type\" content=\"article\" \/>\n<meta property=\"og:title\" content=\"Qaraba\u011f, d\u0259rdim m\u0259nim! - MEYDAN.TV\" \/>\n<meta property=\"og:description\" content=\"G\u00f6rm\u00fcrs\u00fcz, ba\u015f\u0131ma da\u015f d\u00fc\u015f\u00fcb? O\u011flum \u00f6l\u00fcb...\" \/>\n<meta property=\"og:url\" content=\"https:\/\/www.meydan.tv\/az\/article\/qarabag-derdim-menim\/\" \/>\n<meta property=\"og:site_name\" content=\"MEYDAN.TV\" \/>\n<meta property=\"article:published_time\" content=\"2016-04-08T23:01:33+00:00\" \/>\n<meta property=\"og:image\" content=\"https:\/\/www.meydan.tv\/wp-content\/uploads\/20456.jpg\" \/>\n\t<meta property=\"og:image:width\" content=\"400\" \/>\n\t<meta property=\"og:image:height\" content=\"400\" \/>\n\t<meta property=\"og:image:type\" content=\"image\/jpeg\" \/>\n<meta name=\"author\" content=\"user-manager\" \/>\n<meta name=\"twitter:card\" content=\"summary_large_image\" \/>\n<script type=\"application\/ld+json\" class=\"yoast-schema-graph\">{\"@context\":\"https:\\\/\\\/schema.org\",\"@graph\":[{\"@type\":\"Article\",\"@id\":\"https:\\\/\\\/www.meydan.tv\\\/az\\\/article\\\/qarabag-derdim-menim\\\/#article\",\"isPartOf\":{\"@id\":\"https:\\\/\\\/www.meydan.tv\\\/az\\\/article\\\/qarabag-derdim-menim\\\/\"},\"author\":{\"name\":\"user-manager\",\"@id\":\"https:\\\/\\\/www.meydan.tv\\\/az\\\/#\\\/schema\\\/person\\\/10d11eccf6da3662cf5fdab9806ea91a\"},\"headline\":\"Qaraba\u011f, d\u0259rdim m\u0259nim!\",\"datePublished\":\"2016-04-08T23:01:33+00:00\",\"mainEntityOfPage\":{\"@id\":\"https:\\\/\\\/www.meydan.tv\\\/az\\\/article\\\/qarabag-derdim-menim\\\/\"},\"wordCount\":1922,\"publisher\":{\"@id\":\"https:\\\/\\\/www.meydan.tv\\\/az\\\/#organization\"},\"image\":{\"@id\":\"https:\\\/\\\/www.meydan.tv\\\/az\\\/article\\\/qarabag-derdim-menim\\\/#primaryimage\"},\"thumbnailUrl\":\"https:\\\/\\\/www.meydan.tv\\\/wp-content\\\/uploads\\\/20456.jpg\",\"articleSection\":[\"M\u0259nim Fikrimc\u0259\"],\"inLanguage\":\"az\"},{\"@type\":\"WebPage\",\"@id\":\"https:\\\/\\\/www.meydan.tv\\\/az\\\/article\\\/qarabag-derdim-menim\\\/\",\"url\":\"https:\\\/\\\/www.meydan.tv\\\/az\\\/article\\\/qarabag-derdim-menim\\\/\",\"name\":\"Qaraba\u011f, d\u0259rdim m\u0259nim! - MEYDAN.TV\",\"isPartOf\":{\"@id\":\"https:\\\/\\\/www.meydan.tv\\\/az\\\/#website\"},\"primaryImageOfPage\":{\"@id\":\"https:\\\/\\\/www.meydan.tv\\\/az\\\/article\\\/qarabag-derdim-menim\\\/#primaryimage\"},\"image\":{\"@id\":\"https:\\\/\\\/www.meydan.tv\\\/az\\\/article\\\/qarabag-derdim-menim\\\/#primaryimage\"},\"thumbnailUrl\":\"https:\\\/\\\/www.meydan.tv\\\/wp-content\\\/uploads\\\/20456.jpg\",\"datePublished\":\"2016-04-08T23:01:33+00:00\",\"breadcrumb\":{\"@id\":\"https:\\\/\\\/www.meydan.tv\\\/az\\\/article\\\/qarabag-derdim-menim\\\/#breadcrumb\"},\"inLanguage\":\"az\",\"potentialAction\":[{\"@type\":\"ReadAction\",\"target\":[\"https:\\\/\\\/www.meydan.tv\\\/az\\\/article\\\/qarabag-derdim-menim\\\/\"]}]},{\"@type\":\"ImageObject\",\"inLanguage\":\"az\",\"@id\":\"https:\\\/\\\/www.meydan.tv\\\/az\\\/article\\\/qarabag-derdim-menim\\\/#primaryimage\",\"url\":\"https:\\\/\\\/www.meydan.tv\\\/wp-content\\\/uploads\\\/20456.jpg\",\"contentUrl\":\"https:\\\/\\\/www.meydan.tv\\\/wp-content\\\/uploads\\\/20456.jpg\",\"width\":400,\"height\":400,\"caption\":\"Source:\"},{\"@type\":\"BreadcrumbList\",\"@id\":\"https:\\\/\\\/www.meydan.tv\\\/az\\\/article\\\/qarabag-derdim-menim\\\/#breadcrumb\",\"itemListElement\":[{\"@type\":\"ListItem\",\"position\":1,\"name\":\"Ana s\u0259hif\u0259\",\"item\":\"https:\\\/\\\/www.meydan.tv\\\/az\\\/\"},{\"@type\":\"ListItem\",\"position\":2,\"name\":\"M\u0259nim Fikrimc\u0259\",\"item\":\"https:\\\/\\\/www.meydan.tv\\\/az\\\/section\\\/menim-fikrimce\\\/\"},{\"@type\":\"ListItem\",\"position\":3,\"name\":\"Qaraba\u011f, d\u0259rdim m\u0259nim!\"}]},{\"@type\":\"WebSite\",\"@id\":\"https:\\\/\\\/www.meydan.tv\\\/az\\\/#website\",\"url\":\"https:\\\/\\\/www.meydan.tv\\\/az\\\/\",\"name\":\"MEYDAN.TV\",\"description\":\"Meydan TV Az\u0259rbaycan\u0131n media m\u0259kan\u0131ndak\u0131 alternativ s\u0259sidir\",\"publisher\":{\"@id\":\"https:\\\/\\\/www.meydan.tv\\\/az\\\/#organization\"},\"potentialAction\":[{\"@type\":\"SearchAction\",\"target\":{\"@type\":\"EntryPoint\",\"urlTemplate\":\"https:\\\/\\\/www.meydan.tv\\\/az\\\/?s={search_term_string}\"},\"query-input\":{\"@type\":\"PropertyValueSpecification\",\"valueRequired\":true,\"valueName\":\"search_term_string\"}}],\"inLanguage\":\"az\"},{\"@type\":\"Organization\",\"@id\":\"https:\\\/\\\/www.meydan.tv\\\/az\\\/#organization\",\"name\":\"Meydan TV\",\"url\":\"https:\\\/\\\/www.meydan.tv\\\/az\\\/\",\"logo\":{\"@type\":\"ImageObject\",\"inLanguage\":\"az\",\"@id\":\"https:\\\/\\\/www.meydan.tv\\\/az\\\/#\\\/schema\\\/logo\\\/image\\\/\",\"url\":\"https:\\\/\\\/www.meydan.tv\\\/wp-content\\\/uploads\\\/2021\\\/07\\\/meydan-logo.svg\",\"contentUrl\":\"https:\\\/\\\/www.meydan.tv\\\/wp-content\\\/uploads\\\/2021\\\/07\\\/meydan-logo.svg\",\"width\":195,\"height\":46,\"caption\":\"Meydan TV\"},\"image\":{\"@id\":\"https:\\\/\\\/www.meydan.tv\\\/az\\\/#\\\/schema\\\/logo\\\/image\\\/\"}},{\"@type\":\"Person\",\"@id\":\"https:\\\/\\\/www.meydan.tv\\\/az\\\/#\\\/schema\\\/person\\\/10d11eccf6da3662cf5fdab9806ea91a\",\"name\":\"user-manager\"}]}<\/script>\n<!-- \/ Yoast SEO plugin. -->","yoast_head_json":{"title":"Qaraba\u011f, d\u0259rdim m\u0259nim! - MEYDAN.TV","robots":{"index":"index","follow":"follow","max-snippet":"max-snippet:-1","max-image-preview":"max-image-preview:large","max-video-preview":"max-video-preview:-1"},"canonical":"https:\/\/www.meydan.tv\/az\/article\/qarabag-derdim-menim\/","og_locale":"az_AZ","og_type":"article","og_title":"Qaraba\u011f, d\u0259rdim m\u0259nim! - MEYDAN.TV","og_description":"G\u00f6rm\u00fcrs\u00fcz, ba\u015f\u0131ma da\u015f d\u00fc\u015f\u00fcb? O\u011flum \u00f6l\u00fcb...","og_url":"https:\/\/www.meydan.tv\/az\/article\/qarabag-derdim-menim\/","og_site_name":"MEYDAN.TV","article_published_time":"2016-04-08T23:01:33+00:00","og_image":[{"width":400,"height":400,"url":"https:\/\/www.meydan.tv\/wp-content\/uploads\/20456.jpg","type":"image\/jpeg"}],"author":"user-manager","twitter_card":"summary_large_image","schema":{"@context":"https:\/\/schema.org","@graph":[{"@type":"Article","@id":"https:\/\/www.meydan.tv\/az\/article\/qarabag-derdim-menim\/#article","isPartOf":{"@id":"https:\/\/www.meydan.tv\/az\/article\/qarabag-derdim-menim\/"},"author":{"name":"user-manager","@id":"https:\/\/www.meydan.tv\/az\/#\/schema\/person\/10d11eccf6da3662cf5fdab9806ea91a"},"headline":"Qaraba\u011f, d\u0259rdim m\u0259nim!","datePublished":"2016-04-08T23:01:33+00:00","mainEntityOfPage":{"@id":"https:\/\/www.meydan.tv\/az\/article\/qarabag-derdim-menim\/"},"wordCount":1922,"publisher":{"@id":"https:\/\/www.meydan.tv\/az\/#organization"},"image":{"@id":"https:\/\/www.meydan.tv\/az\/article\/qarabag-derdim-menim\/#primaryimage"},"thumbnailUrl":"https:\/\/www.meydan.tv\/wp-content\/uploads\/20456.jpg","articleSection":["M\u0259nim Fikrimc\u0259"],"inLanguage":"az"},{"@type":"WebPage","@id":"https:\/\/www.meydan.tv\/az\/article\/qarabag-derdim-menim\/","url":"https:\/\/www.meydan.tv\/az\/article\/qarabag-derdim-menim\/","name":"Qaraba\u011f, d\u0259rdim m\u0259nim! - MEYDAN.TV","isPartOf":{"@id":"https:\/\/www.meydan.tv\/az\/#website"},"primaryImageOfPage":{"@id":"https:\/\/www.meydan.tv\/az\/article\/qarabag-derdim-menim\/#primaryimage"},"image":{"@id":"https:\/\/www.meydan.tv\/az\/article\/qarabag-derdim-menim\/#primaryimage"},"thumbnailUrl":"https:\/\/www.meydan.tv\/wp-content\/uploads\/20456.jpg","datePublished":"2016-04-08T23:01:33+00:00","breadcrumb":{"@id":"https:\/\/www.meydan.tv\/az\/article\/qarabag-derdim-menim\/#breadcrumb"},"inLanguage":"az","potentialAction":[{"@type":"ReadAction","target":["https:\/\/www.meydan.tv\/az\/article\/qarabag-derdim-menim\/"]}]},{"@type":"ImageObject","inLanguage":"az","@id":"https:\/\/www.meydan.tv\/az\/article\/qarabag-derdim-menim\/#primaryimage","url":"https:\/\/www.meydan.tv\/wp-content\/uploads\/20456.jpg","contentUrl":"https:\/\/www.meydan.tv\/wp-content\/uploads\/20456.jpg","width":400,"height":400,"caption":"Source:"},{"@type":"BreadcrumbList","@id":"https:\/\/www.meydan.tv\/az\/article\/qarabag-derdim-menim\/#breadcrumb","itemListElement":[{"@type":"ListItem","position":1,"name":"Ana s\u0259hif\u0259","item":"https:\/\/www.meydan.tv\/az\/"},{"@type":"ListItem","position":2,"name":"M\u0259nim Fikrimc\u0259","item":"https:\/\/www.meydan.tv\/az\/section\/menim-fikrimce\/"},{"@type":"ListItem","position":3,"name":"Qaraba\u011f, d\u0259rdim m\u0259nim!"}]},{"@type":"WebSite","@id":"https:\/\/www.meydan.tv\/az\/#website","url":"https:\/\/www.meydan.tv\/az\/","name":"MEYDAN.TV","description":"Meydan TV Az\u0259rbaycan\u0131n media m\u0259kan\u0131ndak\u0131 alternativ s\u0259sidir","publisher":{"@id":"https:\/\/www.meydan.tv\/az\/#organization"},"potentialAction":[{"@type":"SearchAction","target":{"@type":"EntryPoint","urlTemplate":"https:\/\/www.meydan.tv\/az\/?s={search_term_string}"},"query-input":{"@type":"PropertyValueSpecification","valueRequired":true,"valueName":"search_term_string"}}],"inLanguage":"az"},{"@type":"Organization","@id":"https:\/\/www.meydan.tv\/az\/#organization","name":"Meydan TV","url":"https:\/\/www.meydan.tv\/az\/","logo":{"@type":"ImageObject","inLanguage":"az","@id":"https:\/\/www.meydan.tv\/az\/#\/schema\/logo\/image\/","url":"https:\/\/www.meydan.tv\/wp-content\/uploads\/2021\/07\/meydan-logo.svg","contentUrl":"https:\/\/www.meydan.tv\/wp-content\/uploads\/2021\/07\/meydan-logo.svg","width":195,"height":46,"caption":"Meydan TV"},"image":{"@id":"https:\/\/www.meydan.tv\/az\/#\/schema\/logo\/image\/"}},{"@type":"Person","@id":"https:\/\/www.meydan.tv\/az\/#\/schema\/person\/10d11eccf6da3662cf5fdab9806ea91a","name":"user-manager"}]}},"_links":{"self":[{"href":"https:\/\/www.meydan.tv\/az\/wp-json\/wp\/v2\/posts\/175034","targetHints":{"allow":["GET"]}}],"collection":[{"href":"https:\/\/www.meydan.tv\/az\/wp-json\/wp\/v2\/posts"}],"about":[{"href":"https:\/\/www.meydan.tv\/az\/wp-json\/wp\/v2\/types\/post"}],"author":[{"embeddable":true,"href":"https:\/\/www.meydan.tv\/az\/wp-json\/wp\/v2\/users\/11"}],"replies":[{"embeddable":true,"href":"https:\/\/www.meydan.tv\/az\/wp-json\/wp\/v2\/comments?post=175034"}],"version-history":[{"count":0,"href":"https:\/\/www.meydan.tv\/az\/wp-json\/wp\/v2\/posts\/175034\/revisions"}],"wp:featuredmedia":[{"embeddable":true,"href":"https:\/\/www.meydan.tv\/az\/wp-json\/wp\/v2\/media\/54012"}],"wp:attachment":[{"href":"https:\/\/www.meydan.tv\/az\/wp-json\/wp\/v2\/media?parent=175034"}],"wp:term":[{"taxonomy":"category","embeddable":true,"href":"https:\/\/www.meydan.tv\/az\/wp-json\/wp\/v2\/categories?post=175034"},{"taxonomy":"post_tag","embeddable":true,"href":"https:\/\/www.meydan.tv\/az\/wp-json\/wp\/v2\/tags?post=175034"}],"curies":[{"name":"wp","href":"https:\/\/api.w.org\/{rel}","templated":true}]}}