{"id":175028,"date":"2016-04-08T21:48:17","date_gmt":"2016-04-08T21:48:17","guid":{"rendered":"https:\/\/www.meydan.tv\/article\/rusiyanin-sefiri-qarabagda-sulhmeramli-quvvelerin-yerlesdirilmesinden-danisib\/"},"modified":"2016-04-08T21:48:17","modified_gmt":"2016-04-08T21:48:17","slug":"rusiyanin-sefiri-qarabagda-sulhmeramli-quvvelerin-yerlesdirilmesinden-danisib","status":"publish","type":"post","link":"https:\/\/www.meydan.tv\/az\/article\/rusiyanin-sefiri-qarabagda-sulhmeramli-quvvelerin-yerlesdirilmesinden-danisib\/","title":{"rendered":"Rusiyan\u0131n s\u0259firi Qaraba\u011fda s\u00fclhm\u0259raml\u0131 q\u00fcvv\u0259l\u0259rin yerl\u0259\u015fdirilm\u0259sind\u0259n dan\u0131\u015f\u0131b"},"content":{"rendered":"<figure class=\"wp-block-image size-large\">\n  <img decoding=\"async\" src=\"https:\/\/www.meydan.tv\/az\/aleksandr-lukasevic\/\" alt=\"Aleksandr Luka\u015fevi\u00e7\" class=\"wp-image-54156\"\/><figcaption>\n    Aleksandr Luka\u015fevi\u00e7<br \/>\n  <\/figcaption><\/figure>\n<p>\n  <i><br \/>\n    &#8221;&#8217;Az\u0259rbaycan hakimiyy\u0259ti buna imza atsa, hesab edin ki, Qaraba\u011fdan imtina imzas\u0131n\u0131 atacaq&#8221;<br \/>\n  <\/i>\n<\/p>\n<p>\n  Da\u011fl\u0131q Qaraba\u011fda s\u00fclhm\u0259raml\u0131 q\u00fcvv\u0259l\u0259rin yerl\u0259\u015fdirilm\u0259si yaln\u0131z regionda siyasi nizamlanmaya nail olduqdan sonra m\u00fcmk\u00fcn ola bil\u0259r.\n<\/p>\n<p>\n  Rusyian\u0131n AT\u018fT yan\u0131nda daimi n\u00fcmay\u0259nd\u0259si Aleksandr Luka\u015fevi\u00e7 bildirib. \u201cRossiya Seqodnya\u201d agentliyi m\u0259lumat verib.\n<\/p>\n<p>\n  Onun s\u00f6zl\u0259rin\u0259 g\u00f6r\u0259, Vyanada Y\u00fcks\u0259k S\u0259viyy\u0259li Planla\u015fd\u0131rma qrupu f\u0259aliyy\u0259t g\u00f6st\u0259rir. Orada h\u0259rbi ekspertl\u0259r \u00e7al\u0131\u015f\u0131r, g\u0259l\u0259c\u0259k s\u00fclhyaratma \u0259m\u0259liyyatlar\u0131n\u0131n m\u00fcmk\u00fcn parametrl\u0259rini haz\u0131rlay\u0131rlar.\n<\/p>\n<p>\n  O qeyd edib ki, bunun nec\u0259, hans\u0131 formatda olaca\u011f\u0131 m\u00fczakir\u0259 olunmal\u0131d\u0131r.\n<\/p>\n<p>\n  Luka\u015fevi\u00e7 deyib ki, \u201c\u0259g\u0259r i\u015f bu yer\u0259 \u00e7atarsa bu, AT\u018fT-in \u00f6z\u00fcnd\u0259 tarixi t\u0259cr\u00fcb\u0259 olacaq. \u00c7\u00fcnki t\u0259\u015fkilat he\u00e7 zaman s\u00fclhyaratma \u0259m\u0259liyyat\u0131 ke\u00e7irm\u0259yib. Halbuki, bu f\u0259aliyy\u0259t n\u00f6v\u00fc \u00fc\u00e7\u00fcn onun mandat\u0131 var (<br \/>\n  <b><br \/>\n    <i><br \/>\n      &#8220;Turan&#8221; \u0130A<br \/>\n    <\/i><br \/>\n  <\/b><br \/>\n  ).\n<\/p>\n<p>\n  S\u0259fir\u00a0Luka\u015fevi\u00e7in a\u00e7\u0131qlamas\u0131n\u0131 Meydan TV-y\u0259 \u015f\u0259rh ed\u0259n siyasi \u015f\u0259rh\u00e7i Az\u0259r Qas\u0131ml\u0131 bildirib ki, buna he\u00e7 zaman yol verm\u0259k olmaz: &#8220;\u018fg\u0259r b\u00f6lg\u0259y\u0259 s\u00fclhm\u0259raml\u0131 q\u00fcvv\u0259l\u0259r yerl\u0259\u015fdirils\u0259, bu, Qaraba\u011f\u0131n tamamil\u0259 itirilm\u0259si dem\u0259kdir. F\u0259rqi yoxdur, s\u00fclhm\u0259raml\u0131lar hans\u0131 \u00f6lk\u0259nin kontingentind\u0259n olacaq. S\u00f6hb\u0259t yaln\u0131z Rusiyan\u0131n s\u00fclhm\u0259raml\u0131lar\u0131ndan getmir, ba\u015fqa d\u00f6vl\u0259tl\u0259rin d\u0259 s\u00fclhm\u0259raml\u0131lar\u0131 b\u00f6lg\u0259y\u0259 g\u0259lm\u0259m\u0259m\u0259lidir. Az\u0259rbaycan hakimiyy\u0259ti buna imza atsa, hesab edin ki, Qaraba\u011fdan imtina imzas\u0131n\u0131 atacaq. \u00dcmumiyy\u0259tl\u0259, referendum ke\u00e7irilm\u0259si v\u0259 s\u00fclhm\u0259raml\u0131 q\u00fcvv\u0259l\u0259rin b\u00f6lg\u0259y\u0259 g\u0259tirilm\u0259si problemin h\u0259llin\u0259 he\u00e7 bir m\u00fcsb\u0259t t\u0259sir g\u00f6st\u0259rm\u0259y\u0259c\u0259k&#8221;.\n<\/p>\n<figure class=\"wp-block-image size-large\">\n  <img decoding=\"async\" src=\"https:\/\/www.meydan.tv\/az\/azer-qasimli\/\" alt=\"Az\u0259r Qas\u0131ml\u0131\" class=\"wp-image-54159\"\/><figcaption>\n    Az\u0259r Qas\u0131ml\u0131<br \/>\n  <\/figcaption><\/figure>\n<p>\n  Az\u0259r Qas\u0131ml\u0131 xat\u0131rlad\u0131b ki, s\u00fclhm\u0259raml\u0131 q\u00fcvv\u0259l\u0259r Kosovada yerl\u0259\u015fdirildi, n\u0259tic\u0259d\u0259 Kosova m\u00fcst\u0259qil oldu: &#8220;Abxaziya v\u0259 Osetiyan\u0131 xat\u0131rlayaq, rus s\u00fclhm\u0259raml\u0131lar\u0131 yerl\u0259\u015firildi, n\u0259tic\u0259 m\u0259lumdur. 2008-ci ilin avqustunda Moskvan\u0131n h\u0259rbi h\u0259ml\u0259sini is\u0259 he\u00e7 kim unutmay\u0131b, guya, G\u00fcrc\u00fcstan s\u00fclhm\u0259raml\u0131lara qar\u015f\u0131 silah i\u015fl\u0259tmi\u015fdi. Yaxud Moldovada ruslar\u0131n s\u00fclhm\u0259raml\u0131lar\u0131 var, amma he\u00e7 n\u0259 d\u0259yi\u015fm\u0259yib. T\u0259s\u0259vv\u00fcr edin ki, s\u00fclhm\u0259raml\u0131lar b\u00f6lg\u0259d\u0259 yerl\u0259\u015fdirils\u0259 v\u0259 sabah onlara bir x\u0259t\u0259r d\u0259ys\u0259, Az\u0259rbaycvan buna cavab verm\u0259li olacaq. Bu bax\u0131mdan status-kvonun saxlan\u0131lmas\u0131 s\u00fclhm\u0259raml\u0131lar\u0131n yerl\u0259\u015fdirilm\u0259sind\u0259n daha yax\u015f\u0131d\u0131r<\/p>\n","protected":false},"excerpt":{"rendered":"<p>&#8221;Az\u0259rbaycan hakimiyy\u0259ti buna imza atsa, hesab edin ki, Qaraba\u011fdan imtina imzas\u0131n\u0131 atacaq&#8221;<\/p>\n","protected":false},"author":11,"featured_media":54156,"comment_status":"closed","ping_status":"open","sticky":false,"template":"","format":"standard","meta":{"_acf_changed":false,"_sitemap_exclude":false,"_sitemap_priority":"","_sitemap_frequency":"","footnotes":""},"categories":[51],"tags":[],"class_list":["post-175028","post","type-post","status-publish","format-standard","has-post-thumbnail","hentry","category-analitika","infinite-scroll-item","generate-columns","tablet-grid-50","mobile-grid-100","grid-parent","grid-33","no-featured-image-padding"],"acf":[],"yoast_head":"<!-- This site is optimized with the Yoast SEO plugin v27.5 - https:\/\/yoast.com\/product\/yoast-seo-wordpress\/ -->\n<title>Rusiyan\u0131n s\u0259firi Qaraba\u011fda s\u00fclhm\u0259raml\u0131 q\u00fcvv\u0259l\u0259rin yerl\u0259\u015fdirilm\u0259sind\u0259n dan\u0131\u015f\u0131b - MEYDAN.TV<\/title>\n<meta name=\"robots\" content=\"index, follow, max-snippet:-1, max-image-preview:large, max-video-preview:-1\" \/>\n<link rel=\"canonical\" href=\"https:\/\/www.meydan.tv\/az\/article\/rusiyanin-sefiri-qarabagda-sulhmeramli-quvvelerin-yerlesdirilmesinden-danisib\/\" \/>\n<meta property=\"og:locale\" content=\"az_AZ\" \/>\n<meta property=\"og:type\" content=\"article\" \/>\n<meta property=\"og:title\" content=\"Rusiyan\u0131n s\u0259firi Qaraba\u011fda s\u00fclhm\u0259raml\u0131 q\u00fcvv\u0259l\u0259rin yerl\u0259\u015fdirilm\u0259sind\u0259n dan\u0131\u015f\u0131b - MEYDAN.TV\" \/>\n<meta property=\"og:description\" content=\"&#039;&#039;Az\u0259rbaycan hakimiyy\u0259ti buna imza atsa, hesab edin ki, Qaraba\u011fdan imtina imzas\u0131n\u0131 atacaq&#039;&#039;\" \/>\n<meta property=\"og:url\" content=\"https:\/\/www.meydan.tv\/az\/article\/rusiyanin-sefiri-qarabagda-sulhmeramli-quvvelerin-yerlesdirilmesinden-danisib\/\" \/>\n<meta property=\"og:site_name\" content=\"MEYDAN.TV\" \/>\n<meta property=\"article:published_time\" content=\"2016-04-08T21:48:17+00:00\" \/>\n<meta property=\"og:image\" content=\"https:\/\/www.meydan.tv\/wp-content\/uploads\/20452.jpg\" \/>\n\t<meta property=\"og:image:width\" content=\"720\" \/>\n\t<meta property=\"og:image:height\" content=\"409\" \/>\n\t<meta property=\"og:image:type\" content=\"image\/jpeg\" \/>\n<meta name=\"author\" content=\"user-manager\" \/>\n<meta name=\"twitter:card\" content=\"summary_large_image\" \/>\n<script type=\"application\/ld+json\" class=\"yoast-schema-graph\">{\"@context\":\"https:\\\/\\\/schema.org\",\"@graph\":[{\"@type\":\"Article\",\"@id\":\"https:\\\/\\\/www.meydan.tv\\\/az\\\/article\\\/rusiyanin-sefiri-qarabagda-sulhmeramli-quvvelerin-yerlesdirilmesinden-danisib\\\/#article\",\"isPartOf\":{\"@id\":\"https:\\\/\\\/www.meydan.tv\\\/az\\\/article\\\/rusiyanin-sefiri-qarabagda-sulhmeramli-quvvelerin-yerlesdirilmesinden-danisib\\\/\"},\"author\":{\"name\":\"user-manager\",\"@id\":\"https:\\\/\\\/www.meydan.tv\\\/az\\\/#\\\/schema\\\/person\\\/10d11eccf6da3662cf5fdab9806ea91a\"},\"headline\":\"Rusiyan\u0131n s\u0259firi Qaraba\u011fda s\u00fclhm\u0259raml\u0131 q\u00fcvv\u0259l\u0259rin yerl\u0259\u015fdirilm\u0259sind\u0259n dan\u0131\u015f\u0131b\",\"datePublished\":\"2016-04-08T21:48:17+00:00\",\"mainEntityOfPage\":{\"@id\":\"https:\\\/\\\/www.meydan.tv\\\/az\\\/article\\\/rusiyanin-sefiri-qarabagda-sulhmeramli-quvvelerin-yerlesdirilmesinden-danisib\\\/\"},\"wordCount\":484,\"publisher\":{\"@id\":\"https:\\\/\\\/www.meydan.tv\\\/az\\\/#organization\"},\"image\":{\"@id\":\"https:\\\/\\\/www.meydan.tv\\\/az\\\/article\\\/rusiyanin-sefiri-qarabagda-sulhmeramli-quvvelerin-yerlesdirilmesinden-danisib\\\/#primaryimage\"},\"thumbnailUrl\":\"https:\\\/\\\/www.meydan.tv\\\/wp-content\\\/uploads\\\/20452.jpg\",\"articleSection\":[\"Analitika\"],\"inLanguage\":\"az\"},{\"@type\":\"WebPage\",\"@id\":\"https:\\\/\\\/www.meydan.tv\\\/az\\\/article\\\/rusiyanin-sefiri-qarabagda-sulhmeramli-quvvelerin-yerlesdirilmesinden-danisib\\\/\",\"url\":\"https:\\\/\\\/www.meydan.tv\\\/az\\\/article\\\/rusiyanin-sefiri-qarabagda-sulhmeramli-quvvelerin-yerlesdirilmesinden-danisib\\\/\",\"name\":\"Rusiyan\u0131n s\u0259firi Qaraba\u011fda s\u00fclhm\u0259raml\u0131 q\u00fcvv\u0259l\u0259rin yerl\u0259\u015fdirilm\u0259sind\u0259n dan\u0131\u015f\u0131b - MEYDAN.TV\",\"isPartOf\":{\"@id\":\"https:\\\/\\\/www.meydan.tv\\\/az\\\/#website\"},\"primaryImageOfPage\":{\"@id\":\"https:\\\/\\\/www.meydan.tv\\\/az\\\/article\\\/rusiyanin-sefiri-qarabagda-sulhmeramli-quvvelerin-yerlesdirilmesinden-danisib\\\/#primaryimage\"},\"image\":{\"@id\":\"https:\\\/\\\/www.meydan.tv\\\/az\\\/article\\\/rusiyanin-sefiri-qarabagda-sulhmeramli-quvvelerin-yerlesdirilmesinden-danisib\\\/#primaryimage\"},\"thumbnailUrl\":\"https:\\\/\\\/www.meydan.tv\\\/wp-content\\\/uploads\\\/20452.jpg\",\"datePublished\":\"2016-04-08T21:48:17+00:00\",\"breadcrumb\":{\"@id\":\"https:\\\/\\\/www.meydan.tv\\\/az\\\/article\\\/rusiyanin-sefiri-qarabagda-sulhmeramli-quvvelerin-yerlesdirilmesinden-danisib\\\/#breadcrumb\"},\"inLanguage\":\"az\",\"potentialAction\":[{\"@type\":\"ReadAction\",\"target\":[\"https:\\\/\\\/www.meydan.tv\\\/az\\\/article\\\/rusiyanin-sefiri-qarabagda-sulhmeramli-quvvelerin-yerlesdirilmesinden-danisib\\\/\"]}]},{\"@type\":\"ImageObject\",\"inLanguage\":\"az\",\"@id\":\"https:\\\/\\\/www.meydan.tv\\\/az\\\/article\\\/rusiyanin-sefiri-qarabagda-sulhmeramli-quvvelerin-yerlesdirilmesinden-danisib\\\/#primaryimage\",\"url\":\"https:\\\/\\\/www.meydan.tv\\\/wp-content\\\/uploads\\\/20452.jpg\",\"contentUrl\":\"https:\\\/\\\/www.meydan.tv\\\/wp-content\\\/uploads\\\/20452.jpg\",\"width\":720,\"height\":409,\"caption\":\"Source:\"},{\"@type\":\"BreadcrumbList\",\"@id\":\"https:\\\/\\\/www.meydan.tv\\\/az\\\/article\\\/rusiyanin-sefiri-qarabagda-sulhmeramli-quvvelerin-yerlesdirilmesinden-danisib\\\/#breadcrumb\",\"itemListElement\":[{\"@type\":\"ListItem\",\"position\":1,\"name\":\"Ana s\u0259hif\u0259\",\"item\":\"https:\\\/\\\/www.meydan.tv\\\/az\\\/\"},{\"@type\":\"ListItem\",\"position\":2,\"name\":\"Analitika\",\"item\":\"https:\\\/\\\/www.meydan.tv\\\/az\\\/section\\\/analitika\\\/\"},{\"@type\":\"ListItem\",\"position\":3,\"name\":\"Rusiyan\u0131n s\u0259firi Qaraba\u011fda s\u00fclhm\u0259raml\u0131 q\u00fcvv\u0259l\u0259rin yerl\u0259\u015fdirilm\u0259sind\u0259n dan\u0131\u015f\u0131b\"}]},{\"@type\":\"WebSite\",\"@id\":\"https:\\\/\\\/www.meydan.tv\\\/az\\\/#website\",\"url\":\"https:\\\/\\\/www.meydan.tv\\\/az\\\/\",\"name\":\"MEYDAN.TV\",\"description\":\"Meydan TV Az\u0259rbaycan\u0131n media m\u0259kan\u0131ndak\u0131 alternativ s\u0259sidir\",\"publisher\":{\"@id\":\"https:\\\/\\\/www.meydan.tv\\\/az\\\/#organization\"},\"potentialAction\":[{\"@type\":\"SearchAction\",\"target\":{\"@type\":\"EntryPoint\",\"urlTemplate\":\"https:\\\/\\\/www.meydan.tv\\\/az\\\/?s={search_term_string}\"},\"query-input\":{\"@type\":\"PropertyValueSpecification\",\"valueRequired\":true,\"valueName\":\"search_term_string\"}}],\"inLanguage\":\"az\"},{\"@type\":\"Organization\",\"@id\":\"https:\\\/\\\/www.meydan.tv\\\/az\\\/#organization\",\"name\":\"Meydan TV\",\"url\":\"https:\\\/\\\/www.meydan.tv\\\/az\\\/\",\"logo\":{\"@type\":\"ImageObject\",\"inLanguage\":\"az\",\"@id\":\"https:\\\/\\\/www.meydan.tv\\\/az\\\/#\\\/schema\\\/logo\\\/image\\\/\",\"url\":\"https:\\\/\\\/www.meydan.tv\\\/wp-content\\\/uploads\\\/2021\\\/07\\\/meydan-logo.svg\",\"contentUrl\":\"https:\\\/\\\/www.meydan.tv\\\/wp-content\\\/uploads\\\/2021\\\/07\\\/meydan-logo.svg\",\"width\":195,\"height\":46,\"caption\":\"Meydan TV\"},\"image\":{\"@id\":\"https:\\\/\\\/www.meydan.tv\\\/az\\\/#\\\/schema\\\/logo\\\/image\\\/\"}},{\"@type\":\"Person\",\"@id\":\"https:\\\/\\\/www.meydan.tv\\\/az\\\/#\\\/schema\\\/person\\\/10d11eccf6da3662cf5fdab9806ea91a\",\"name\":\"user-manager\"}]}<\/script>\n<!-- \/ Yoast SEO plugin. -->","yoast_head_json":{"title":"Rusiyan\u0131n s\u0259firi Qaraba\u011fda s\u00fclhm\u0259raml\u0131 q\u00fcvv\u0259l\u0259rin yerl\u0259\u015fdirilm\u0259sind\u0259n dan\u0131\u015f\u0131b - MEYDAN.TV","robots":{"index":"index","follow":"follow","max-snippet":"max-snippet:-1","max-image-preview":"max-image-preview:large","max-video-preview":"max-video-preview:-1"},"canonical":"https:\/\/www.meydan.tv\/az\/article\/rusiyanin-sefiri-qarabagda-sulhmeramli-quvvelerin-yerlesdirilmesinden-danisib\/","og_locale":"az_AZ","og_type":"article","og_title":"Rusiyan\u0131n s\u0259firi Qaraba\u011fda s\u00fclhm\u0259raml\u0131 q\u00fcvv\u0259l\u0259rin yerl\u0259\u015fdirilm\u0259sind\u0259n dan\u0131\u015f\u0131b - MEYDAN.TV","og_description":"''Az\u0259rbaycan hakimiyy\u0259ti buna imza atsa, hesab edin ki, Qaraba\u011fdan imtina imzas\u0131n\u0131 atacaq''","og_url":"https:\/\/www.meydan.tv\/az\/article\/rusiyanin-sefiri-qarabagda-sulhmeramli-quvvelerin-yerlesdirilmesinden-danisib\/","og_site_name":"MEYDAN.TV","article_published_time":"2016-04-08T21:48:17+00:00","og_image":[{"width":720,"height":409,"url":"https:\/\/www.meydan.tv\/wp-content\/uploads\/20452.jpg","type":"image\/jpeg"}],"author":"user-manager","twitter_card":"summary_large_image","schema":{"@context":"https:\/\/schema.org","@graph":[{"@type":"Article","@id":"https:\/\/www.meydan.tv\/az\/article\/rusiyanin-sefiri-qarabagda-sulhmeramli-quvvelerin-yerlesdirilmesinden-danisib\/#article","isPartOf":{"@id":"https:\/\/www.meydan.tv\/az\/article\/rusiyanin-sefiri-qarabagda-sulhmeramli-quvvelerin-yerlesdirilmesinden-danisib\/"},"author":{"name":"user-manager","@id":"https:\/\/www.meydan.tv\/az\/#\/schema\/person\/10d11eccf6da3662cf5fdab9806ea91a"},"headline":"Rusiyan\u0131n s\u0259firi Qaraba\u011fda s\u00fclhm\u0259raml\u0131 q\u00fcvv\u0259l\u0259rin yerl\u0259\u015fdirilm\u0259sind\u0259n dan\u0131\u015f\u0131b","datePublished":"2016-04-08T21:48:17+00:00","mainEntityOfPage":{"@id":"https:\/\/www.meydan.tv\/az\/article\/rusiyanin-sefiri-qarabagda-sulhmeramli-quvvelerin-yerlesdirilmesinden-danisib\/"},"wordCount":484,"publisher":{"@id":"https:\/\/www.meydan.tv\/az\/#organization"},"image":{"@id":"https:\/\/www.meydan.tv\/az\/article\/rusiyanin-sefiri-qarabagda-sulhmeramli-quvvelerin-yerlesdirilmesinden-danisib\/#primaryimage"},"thumbnailUrl":"https:\/\/www.meydan.tv\/wp-content\/uploads\/20452.jpg","articleSection":["Analitika"],"inLanguage":"az"},{"@type":"WebPage","@id":"https:\/\/www.meydan.tv\/az\/article\/rusiyanin-sefiri-qarabagda-sulhmeramli-quvvelerin-yerlesdirilmesinden-danisib\/","url":"https:\/\/www.meydan.tv\/az\/article\/rusiyanin-sefiri-qarabagda-sulhmeramli-quvvelerin-yerlesdirilmesinden-danisib\/","name":"Rusiyan\u0131n s\u0259firi Qaraba\u011fda s\u00fclhm\u0259raml\u0131 q\u00fcvv\u0259l\u0259rin yerl\u0259\u015fdirilm\u0259sind\u0259n dan\u0131\u015f\u0131b - MEYDAN.TV","isPartOf":{"@id":"https:\/\/www.meydan.tv\/az\/#website"},"primaryImageOfPage":{"@id":"https:\/\/www.meydan.tv\/az\/article\/rusiyanin-sefiri-qarabagda-sulhmeramli-quvvelerin-yerlesdirilmesinden-danisib\/#primaryimage"},"image":{"@id":"https:\/\/www.meydan.tv\/az\/article\/rusiyanin-sefiri-qarabagda-sulhmeramli-quvvelerin-yerlesdirilmesinden-danisib\/#primaryimage"},"thumbnailUrl":"https:\/\/www.meydan.tv\/wp-content\/uploads\/20452.jpg","datePublished":"2016-04-08T21:48:17+00:00","breadcrumb":{"@id":"https:\/\/www.meydan.tv\/az\/article\/rusiyanin-sefiri-qarabagda-sulhmeramli-quvvelerin-yerlesdirilmesinden-danisib\/#breadcrumb"},"inLanguage":"az","potentialAction":[{"@type":"ReadAction","target":["https:\/\/www.meydan.tv\/az\/article\/rusiyanin-sefiri-qarabagda-sulhmeramli-quvvelerin-yerlesdirilmesinden-danisib\/"]}]},{"@type":"ImageObject","inLanguage":"az","@id":"https:\/\/www.meydan.tv\/az\/article\/rusiyanin-sefiri-qarabagda-sulhmeramli-quvvelerin-yerlesdirilmesinden-danisib\/#primaryimage","url":"https:\/\/www.meydan.tv\/wp-content\/uploads\/20452.jpg","contentUrl":"https:\/\/www.meydan.tv\/wp-content\/uploads\/20452.jpg","width":720,"height":409,"caption":"Source:"},{"@type":"BreadcrumbList","@id":"https:\/\/www.meydan.tv\/az\/article\/rusiyanin-sefiri-qarabagda-sulhmeramli-quvvelerin-yerlesdirilmesinden-danisib\/#breadcrumb","itemListElement":[{"@type":"ListItem","position":1,"name":"Ana s\u0259hif\u0259","item":"https:\/\/www.meydan.tv\/az\/"},{"@type":"ListItem","position":2,"name":"Analitika","item":"https:\/\/www.meydan.tv\/az\/section\/analitika\/"},{"@type":"ListItem","position":3,"name":"Rusiyan\u0131n s\u0259firi Qaraba\u011fda s\u00fclhm\u0259raml\u0131 q\u00fcvv\u0259l\u0259rin yerl\u0259\u015fdirilm\u0259sind\u0259n dan\u0131\u015f\u0131b"}]},{"@type":"WebSite","@id":"https:\/\/www.meydan.tv\/az\/#website","url":"https:\/\/www.meydan.tv\/az\/","name":"MEYDAN.TV","description":"Meydan TV Az\u0259rbaycan\u0131n media m\u0259kan\u0131ndak\u0131 alternativ s\u0259sidir","publisher":{"@id":"https:\/\/www.meydan.tv\/az\/#organization"},"potentialAction":[{"@type":"SearchAction","target":{"@type":"EntryPoint","urlTemplate":"https:\/\/www.meydan.tv\/az\/?s={search_term_string}"},"query-input":{"@type":"PropertyValueSpecification","valueRequired":true,"valueName":"search_term_string"}}],"inLanguage":"az"},{"@type":"Organization","@id":"https:\/\/www.meydan.tv\/az\/#organization","name":"Meydan TV","url":"https:\/\/www.meydan.tv\/az\/","logo":{"@type":"ImageObject","inLanguage":"az","@id":"https:\/\/www.meydan.tv\/az\/#\/schema\/logo\/image\/","url":"https:\/\/www.meydan.tv\/wp-content\/uploads\/2021\/07\/meydan-logo.svg","contentUrl":"https:\/\/www.meydan.tv\/wp-content\/uploads\/2021\/07\/meydan-logo.svg","width":195,"height":46,"caption":"Meydan TV"},"image":{"@id":"https:\/\/www.meydan.tv\/az\/#\/schema\/logo\/image\/"}},{"@type":"Person","@id":"https:\/\/www.meydan.tv\/az\/#\/schema\/person\/10d11eccf6da3662cf5fdab9806ea91a","name":"user-manager"}]}},"_links":{"self":[{"href":"https:\/\/www.meydan.tv\/az\/wp-json\/wp\/v2\/posts\/175028","targetHints":{"allow":["GET"]}}],"collection":[{"href":"https:\/\/www.meydan.tv\/az\/wp-json\/wp\/v2\/posts"}],"about":[{"href":"https:\/\/www.meydan.tv\/az\/wp-json\/wp\/v2\/types\/post"}],"author":[{"embeddable":true,"href":"https:\/\/www.meydan.tv\/az\/wp-json\/wp\/v2\/users\/11"}],"replies":[{"embeddable":true,"href":"https:\/\/www.meydan.tv\/az\/wp-json\/wp\/v2\/comments?post=175028"}],"version-history":[{"count":0,"href":"https:\/\/www.meydan.tv\/az\/wp-json\/wp\/v2\/posts\/175028\/revisions"}],"wp:featuredmedia":[{"embeddable":true,"href":"https:\/\/www.meydan.tv\/az\/wp-json\/wp\/v2\/media\/54156"}],"wp:attachment":[{"href":"https:\/\/www.meydan.tv\/az\/wp-json\/wp\/v2\/media?parent=175028"}],"wp:term":[{"taxonomy":"category","embeddable":true,"href":"https:\/\/www.meydan.tv\/az\/wp-json\/wp\/v2\/categories?post=175028"},{"taxonomy":"post_tag","embeddable":true,"href":"https:\/\/www.meydan.tv\/az\/wp-json\/wp\/v2\/tags?post=175028"}],"curies":[{"name":"wp","href":"https:\/\/api.w.org\/{rel}","templated":true}]}}