{"id":174961,"date":"2016-04-07T01:28:23","date_gmt":"2016-04-07T01:28:23","guid":{"rendered":"https:\/\/www.meydan.tv\/article\/bize-muharibe-lazimdirmi\/"},"modified":"2016-04-07T01:28:23","modified_gmt":"2016-04-07T01:28:23","slug":"bize-muharibe-lazimdirmi","status":"publish","type":"post","link":"https:\/\/www.meydan.tv\/az\/article\/bize-muharibe-lazimdirmi\/","title":{"rendered":"Biz\u0259 m\u00fcharib\u0259 laz\u0131md\u0131rm\u0131?"},"content":{"rendered":"<figure class=\"wp-block-image size-large\">\n  <img decoding=\"async\" src=\"https:\/\/www.meydan.tv\/az\/nahid-ceferov\/\" alt=\"Nahid C\u0259f\u0259rov\" class=\"wp-image-3310\"\/><figcaption>\n    Nahid C\u0259f\u0259rov<br \/>\n  <\/figcaption><\/figure>\n<p>\n  <b><br \/>\n    H<br \/>\n  <\/b><br \/>\n  <b><br \/>\n    az\u0131rk\u0131 v\u0259ziyy\u0259td\u0259 Az\u0259rbaycanda neft g\u0259lirl\u0259rinin a\u015fa\u011f\u0131 d\u00fc\u015fm\u0259sini n\u0259z\u0259r\u0259 alaraq, neftin demokratikl\u0259\u015fm\u0259 prosesin\u0259 m\u0259nfi t\u0259sirinin aradan qalxmas\u0131 ehtimal oluna bil\u0259r<br \/>\n  <\/b>\n<\/p>\n<p>\n  M\u00fcharib\u0259 xarici siyas\u0259tin h\u0259yata ke\u00e7irilm\u0259sind\u0259 \u0259n vacib elementl\u0259rd\u0259n biridir. Ona siyas\u0259t\u015f\u00fcnasl\u0131qda \u201csiyas\u0259tin ba\u015fqa yollarla davam\u0131\u201d kimi t\u0259rif verilir. M\u00fcasir beyn\u0259lxalq h\u00fcquqla m\u00fcharib\u0259 qada\u011fand\u0131r v\u0259 o, cinay\u0259t hesab edilir. Amma m\u00fcharib\u0259y\u0259 h\u00fcquqi don geyindir\u0259n b\u0259zi elementl\u0259r BMT nizamnam\u0259sind\u0259 \u0259ks etdirilib. \u015e\u0259xs\u0259n m\u00fcharib\u0259nin t\u0259r\u0259fdar\u0131 olmasaq da, yeni realizm n\u00f6qt\u0259yi n\u0259z\u0259rind\u0259n izah ets\u0259k, beyn\u0259lxalq sistemin anarxik x\u00fcsusiyy\u0259ti b\u0259z\u0259n m\u00fcharib\u0259l\u0259ri qa\u00e7\u0131lmaz edir. M\u00fcharib\u0259l\u0259r h\u0259r zaman b\u00f6y\u00fck itkil\u0259r v\u0259 a\u011f\u0131r iqtisadi n\u0259tic\u0259l\u0259r\u0259 s\u0259b\u0259b olur. Bir \u00e7ox analitik m\u00fcharib\u0259nin h\u0259r iki t\u0259r\u0259f\u0259 ziyan vurdu\u011funu v\u0259 t\u0259r\u0259fl\u0259rin m\u00fcharib\u0259d\u0259n \u0259vv\u0259lki v\u0259ziyy\u0259td\u0259n daha yax\u015f\u0131 statusa malik olmad\u0131\u011f\u0131n\u0131 vur\u011fulay\u0131r. Lakin qeyd edil\u0259n analitikl\u0259r v\u0259 onlar\u0131n t\u0259dbiq etdikl\u0259ri m\u00fcxt\u0259lif n\u0259z\u0259riyy\u0259l\u0259r m\u00fcharib\u0259l\u0259rin milli kimliyin formala\u015fmas\u0131nda v\u0259 d\u00f6vl\u0259t\u00e7iliyin \u0259sas s\u00fctunlar\u0131n\u0131n m\u00f6hk\u0259ml\u0259nm\u0259sind\u0259ki rolunu n\u0259z\u0259r\u0259 alm\u0131r. Bu m\u0259nada m\u00fcharib\u0259 faktorunu xarici v\u0259 daxili aspektd\u0259n n\u0259z\u0259rd\u0259n ke\u00e7irm\u0259kl\u0259 bir s\u0131ra m\u0259s\u0259l\u0259l\u0259r\u0259 ayd\u0131nl\u0131q g\u0259tirm\u0259k aktual g\u00f6r\u00fcn\u00fcr.\n<\/p>\n<p>\n  T\u0259\u0259ss\u00fcfl\u0259 qeyd etm\u0259k laz\u0131md\u0131r ki, m\u00fcharib\u0259 iki \u0259sas s\u0259b\u0259b\u0259 g\u00f6r\u0259 haz\u0131rk\u0131 status-kvonu d\u0259yi\u015f\u0259 bil\u0259c\u0259k v\u0259 torpaqlar\u0131m\u0131z\u0131 i\u015f\u011faldan azad ed\u0259 bil\u0259c\u0259k yegan\u0259 vasit\u0259dir. \u0130lkin s\u0259b\u0259b m\u00fcnaqi\u015f\u0259nin mahiyy\u0259ti il\u0259 izah olunsa da, dig\u0259r s\u0259b\u0259b beyn\u0259lxalq m\u00fcnasib\u0259tl\u0259r sisteminin bu c\u00fcr m\u00fcnaqi\u015f\u0259l\u0259rin h\u0259lli il\u0259 ba\u011fl\u0131 qeyri-adekvat olmas\u0131 il\u0259 \u0259laq\u0259dard\u0131r.\n<\/p>\n<p>\n  <i><br \/>\n    <b><br \/>\n      M\u00fcnaqi\u015f\u0259nin mahiyy\u0259ti v\u0259 beyn\u0259lxalq h\u00fcququn prinsipl\u0259ri<br \/>\n    <\/b><br \/>\n  <\/i>\n<\/p>\n<p>\n  M\u00fcharib\u0259nin t\u0259r\u0259fl\u0259ri olan Az\u0259rbaycan v\u0259 Erm\u0259nistan m\u00f6vqel\u0259rini beyn\u0259lxalq h\u00fcququn bir-birin\u0259 tam zidd olan iki \u0259sas prinsipl\u0259ri il\u0259 m\u00fcdafi\u0259 edirl\u0259r: \u0259razi b\u00fct\u00f6vl\u00fcy\u00fc prinsipi (Az\u0259rbaycan), \u00f6z m\u00fcq\u0259ddarat\u0131n\u0131 t\u0259yinetm\u0259 h\u00fcququ (Erm\u0259nistan). Bir \u00e7ox ekspert bu iki prinsip aras\u0131nda ierarxiyan\u0131n oldu\u011funu qeyd ets\u0259 d\u0259, b\u0259zi m\u0259nb\u0259l\u0259r beyn\u0259lxalq h\u00fcququn \u0259sas prinsipl\u0259ri aras\u0131nda he\u00e7 bir ierarxiyan\u0131n m\u00f6vcud olmad\u0131\u011f\u0131n\u0131 qeyd edir. M\u00f6vqel\u0259rin k\u0259skin \u015f\u0259kild\u0259 bir-birin\u0259 zidd olmas\u0131 t\u0259r\u0259fl\u0259r aras\u0131nda m\u00fcmk\u00fcn raz\u0131l\u0131q zonas\u0131n\u0131n (ZOPA) yaranmas\u0131n\u0131 qeyri-m\u00fcmk\u00fcn edir. Sad\u0259 dild\u0259 ifad\u0259 etm\u0259li olsaq, beyn\u0259lxalq h\u00fcquqda el\u0259 bir prinsip yoxdur ki, yuxar\u0131da qeyd edil\u0259n h\u0259r iki prinsipin m\u00fcdd\u0259alar\u0131n\u0131 m\u00fc\u0259yy\u0259n m\u0259nada \u00f6z\u00fcnd\u0259 ehtiva ed\u0259r\u0259k, t\u0259r\u0259fl\u0259ri eyni d\u0259r\u0259c\u0259d\u0259 m\u0259mnun etsin. \u00dcmum\u0259n t\u0259r\u0259fl\u0259r aras\u0131ndak\u0131 a\u011f-qara ziddiyy\u0259tinin m\u00f6vcud olmas\u0131 m\u00fcnaqi\u015f\u0259 il\u0259 ba\u011fl\u0131 iki h\u0259ll variant\u0131n\u0131 t\u0259klif edir: 1) m\u00fcnaqi\u015f\u0259 t\u0259r\u0259fl\u0259rd\u0259n birinin xeyrin\u0259 h\u0259ll olunmal\u0131d\u0131r \u2013 bel\u0259 olan halda t\u0259r\u0259fl\u0259rd\u0259n birinin tam m\u0259\u011flub olmas\u0131 h\u0259min t\u0259r\u0259fi t\u0259msil ed\u0259n siyasi rejimin s\u00fcqutuna g\u0259tirib \u00e7\u0131xaracaq v\u0259 yeni h\u00f6kum\u0259tin qurulmas\u0131 yeni m\u00fcnaqi\u015f\u0259 oca\u011f\u0131n\u0131n yaranmas\u0131na s\u0259b\u0259b olacaq; 2) haz\u0131rk\u0131 status-kvonun qorunub saxlan\u0131lmas\u0131 \u2013 bu regionda sabitliyin h\u00f6km s\u00fcrm\u0259sin\u0259 xidm\u0259t edir v\u0259 beyn\u0259lxalq t\u0259\u015fkilatlar v\u0259 onlar\u0131n \u00fczvl\u0259ri \u00fc\u00e7\u00fcn \u0259n ideal variantd\u0131r.\n<\/p>\n<p>\n  <i><br \/>\n    <b><br \/>\n      Beyn\u0259lxalq t\u0259\u015fkilatlar\u0131n qeyri-s\u0259m\u0259r\u0259liliyi<br \/>\n    <\/b><br \/>\n  <\/i>\n<\/p>\n<p>\n  Beyn\u0259lxalq m\u00fcnasib\u0259tl\u0259r tarixin\u0259 n\u0259z\u0259r salsaq, bir qayda olaraq, bu n\u00f6v m\u00fcnaqi\u015f\u0259l\u0259rin dan\u0131\u015f\u0131qlar yolu il\u0259 t\u0259r\u0259fl\u0259ri raz\u0131 salacaq formada h\u0259ll olunmad\u0131\u011f\u0131n\u0131n \u015fahidi olar\u0131q. Bunun \u0259sas s\u0259b\u0259bl\u0259rind\u0259n biri m\u00fcvafiq beyn\u0259lxalq t\u0259\u015fkilatlar, o c\u00fcml\u0259d\u0259n AT\u018fT-in t\u0259r\u0259fl\u0259r\u0259 t\u0259zyiqetm\u0259 mexanizmin\u0259 malik olmamas\u0131d\u0131r. AT\u018fT-d\u0259 q\u0259rarlar\u0131n yaln\u0131z yekdillikl\u0259 q\u0259bulu prinspi v\u0259 bundan ir\u0259li g\u0259l\u0259r\u0259k m\u00fcnaqi\u015f\u0259 t\u0259r\u0259fl\u0259rinin k\u0259skin f\u0259rql\u0259n\u0259n m\u00f6vqel\u0259ri v\u0259 eyni zamanda h\u0259m Az\u0259rbaycan\u0131n v\u0259 h\u0259m d\u0259 Erm\u0259nistan\u0131n t\u0259qdim edil\u0259n t\u0259klifl\u0259r \u00fcz\u0259rind\u0259 veto h\u00fcququna malik olmalar\u0131 dan\u0131\u015f\u0131qlar prosesini blokla\u015fd\u0131r\u0131r v\u0259 bu da Minsk Qrupunun statusunu iki \u00f6lk\u0259 aras\u0131nda m\u0259lumat m\u00fcbadil\u0259sini h\u0259yata ke\u00e7ir\u0259n t\u0259\u015fkilat s\u0259viyy\u0259sin\u0259 endirir. Dig\u0259r t\u0259r\u0259fd\u0259n, m\u00fcnaqi\u015f\u0259nin h\u0259llin\u0259 \u00e7oxlu d\u00f6vl\u0259tl\u0259rin c\u0259lb olunmas\u0131 h\u0259ll prosesind\u0259 yaln\u0131z Az\u0259rbaycan v\u0259 Erm\u0259nistan\u0131n maraqlar\u0131n\u0131 deyil, dig\u0259r d\u00f6vl\u0259tl\u0259rin maraqlar\u0131n\u0131n da n\u0259z\u0259r\u0259 al\u0131nmas\u0131n\u0131 lab\u00fcdl\u0259\u015fdirir v\u0259 bu da m\u00fcnaqi\u015f\u0259nin dan\u0131\u015f\u0131qlar yolu il\u0259 h\u0259llini qeyri-m\u00fcmk\u00fcn edir. B\u00fct\u00fcn bunlarla yana\u015f\u0131 qeyd etm\u0259k laz\u0131md\u0131r ki, m\u00fcharib\u0259 mill\u0259tin v\u0259 d\u00f6vl\u0259tin formala\u015fmas\u0131 v\u0259 eyni zamanda demokratiyan\u0131n b\u0259rq\u0259rar olunmas\u0131nda vacib rola malikdir.\n<\/p>\n<p>\n  <i><br \/>\n    <b><br \/>\n      M\u00fcharib\u0259 v\u0259 milli kimlik<br \/>\n    <\/b><br \/>\n  <\/i>\n<\/p>\n<p>\n  Daxili faktora g\u0259ldikd\u0259 is\u0259 qeyd etm\u0259k laz\u0131md\u0131r ki, m\u00fcharib\u0259 Amerikan politoloqu Cohn M\u00fcllerin qeyd etdiyi kimi \u201cbayraq \u0259traf\u0131nda birl\u0259\u015fm\u0259k effekti\u201dni yarad\u0131r. M\u00fcharib\u0259 bir d\u00f6vl\u0259tin \u0259razisind\u0259 ya\u015fayan etnik m\u0259nsubiyy\u0259tind\u0259n, dini g\u00f6r\u00fc\u015f\u00fcnd\u0259n v\u0259 siyasi bax\u0131\u015f\u0131ndan as\u0131l\u0131 olmayaraq mill\u0259ti bir araya g\u0259tir\u0259r\u0259k, birg\u0259 m\u00fcbariz\u0259nin kodlar\u0131n\u0131 formala\u015fd\u0131r\u0131r. Bu davran\u0131\u015f x\u00fcsusiyy\u0259tl\u0259ri zamanla institutla\u015faraq, mill\u0259tin vahid bir varl\u0131q kimi \u00fcmumi x\u00fcsusiyy\u0259tl\u0259rini m\u00f6hk\u0259ml\u0259ndirir v\u0259 vahid az\u0259rbaycanl\u0131 kimliyini b\u00fct\u00fcn etnik kimlikl\u0259rin f\u00f6vq\u00fcn\u0259 qald\u0131r\u0131r. Milli kimliyin g\u00fccl\u0259nm\u0259si Az\u0259rbaycan\u0131 daxild\u0259n par\u00e7alamaq ist\u0259y\u0259n bir s\u0131ra xarici q\u00fcvv\u0259l\u0259rin b\u00fct\u00fcn c\u0259htl\u0259rin\u0259 qar\u015f\u0131 d\u00f6vl\u0259ti v\u0259 onun vahid birliyini s\u0131\u011fortalay\u0131r. Bu g\u00fcn Erm\u0259nistan ordusuna endirdiyimiz sars\u0131d\u0131c\u0131 z\u0259rb\u0259l\u0259rl\u0259 ba\u011fl\u0131 x\u0259b\u0259rl\u0259r kimliyind\u0259n as\u0131l\u0131 olmayaraq, \u0259ks\u0259r az\u0259rbaycanl\u0131ya \u015f\u00fcuralt\u0131 olaraq bu mill\u0259tin n\u00fcmay\u0259nd\u0259si olmaqla f\u0259xr etm\u0259k hissini ya\u015fatd\u0131.\n<\/p>\n<p>\n  <i><br \/>\n    <b><br \/>\n      M\u00fcharib\u0259, d\u00f6vl\u0259t institutlar\u0131 v\u0259 demokratiya<br \/>\n    <\/b><br \/>\n  <\/i>\n<\/p>\n<p>\n  Bundan \u0259lav\u0259, m\u00fcharib\u0259 d\u00f6vl\u0259t institutlar\u0131n\u0131 g\u00fccl\u0259ndir\u0259r\u0259k, demokratik v\u0259t\u0259nda\u015f c\u0259miyy\u0259tinin ilkin toxumlar\u0131n\u0131 s\u0259pir. Q\u0259bul edilmi\u015f bir s\u0131ra yana\u015fmalara zidd olsa da, Amerikan sosioloqu \u00c7arles Tilli \u00f6z\u00fcn\u00fcn \u201cM\u0259cburiyy\u0259t, kapital v\u0259 Avropa d\u00f6vl\u0259tl\u0259ri\u201d kitab\u0131nda Avropada milli d\u00f6vl\u0259tl\u0259rin yaranmas\u0131n\u0131 v\u0259 inki\u015faf\u0131n\u0131 m\u0259hz m\u00fcharib\u0259l\u0259rl\u0259 izah etm\u0259y\u0259 \u00e7al\u0131\u015f\u0131r. M\u00fc\u0259llifin fikrin\u0259 g\u00f6r\u0259, m\u00fcharib\u0259 vacib bir d\u00f6vl\u0259t institutu olan ordunun yaranmas\u0131na v\u0259 g\u00fccl\u0259nm\u0259sin\u0259 s\u0259b\u0259b olur. H\u0259rbi sah\u0259d\u0259 ekspert olmasam da, ordu quruculu\u011fu sah\u0259sind\u0259 islahatlar\u0131n h\u0259yata ke\u00e7irilm\u0259sini vacib hesab edir\u0259m. Ordunun saxlan\u0131lmas\u0131n\u0131 z\u0259ruri ed\u0259n maliyy\u0259 resurslar\u0131na olan ehtiyac n\u00f6vb\u0259ti bir d\u00f6vl\u0259t institutu olan vergi sisteminin yaranmas\u0131n\u0131 v\u0259 g\u00fccl\u0259nm\u0259sini \u015f\u0259rtl\u0259ndirir. Az\u0259rbaycanda yuxar\u0131da qeyd etdiyimiz iki institut aras\u0131nda \u2013 ordu v\u0259 vergi- \u0259laq\u0259nin q\u0259na\u0259tb\u0259x\u015f olmamas\u0131 sad\u0259 v\u0259t\u0259nda\u015flar\u0131n \u00fcz\u0259rin\u0259 bu \u0259laq\u0259ni kort\u0259bii qaydada yaratmaq m\u0259suliyy\u0259tini qoyur. Bu g\u00fcn sosial \u015f\u0259b\u0259k\u0259l\u0259rd\u0259 \u0259sg\u0259rl\u0259r \u00fc\u00e7\u00fcn \u0259rzaq v\u0259 dig\u0259r resurslar\u0131n toplanmas\u0131na dair edil\u0259n \u00e7a\u011f\u0131r\u0131\u015flar v\u0259 \u0259halinin buna aktiv \u015f\u0259kild\u0259 qo\u015fulmas\u0131 b\u00fct\u00fcn bunlar\u0131n bariz n\u00fcmun\u0259sidir.\n<\/p>\n<p>\n  Vergil\u0259rin \u0259sas\u0259n sad\u0259 v\u0259t\u0259nda\u015flardan y\u0131\u011f\u0131ld\u0131\u011f\u0131n\u0131 n\u0259z\u0259r\u0259 alsaq, m\u00fc\u0259llifin fikrin\u0259 g\u00f6r\u0259, ordunu maddi v\u0259 texniki t\u0259chizatla t\u0259min etm\u0259k m\u0259qs\u0259di il\u0259 h\u00f6kum\u0259t \u0259halid\u0259n m\u00fc\u0259yy\u0259n m\u0259nada as\u0131l\u0131 v\u0259ziyy\u0259t\u0259 d\u00fc\u015f\u00fcr. Bu as\u0131l\u0131l\u0131q t\u0259dric\u0259n sad\u0259 \u0259halinin d\u00f6vl\u0259tin formala\u015fmas\u0131ndak\u0131 i\u015ftirak\u0131n\u0131 art\u0131raraq, \u0259haliy\u0259 h\u00f6kum\u0259tin qurulmas\u0131nda yax\u0131ndan i\u015ftirak etm\u0259k \u015fans\u0131n\u0131 t\u0259klif edir. Bel\u0259likl\u0259, m\u00fcharib\u0259 da\u011f\u0131nt\u0131lar v\u0259 insan \u00f6l\u00fcm\u00fc il\u0259 n\u0259tic\u0259l\u0259ns\u0259 d\u0259, eyni zamanda g\u00fccl\u00fc d\u00f6vl\u0259t institutlar\u0131n\u0131n formala\u015fmas\u0131nda v\u0259 demokratik d\u00f6vl\u0259t qurulu\u015funun b\u0259rq\u0259rar olunmas\u0131nda m\u00fch\u00fcm rol oynay\u0131r. Lakin neftl\u0259 z\u0259ngin olan \u00f6lk\u0259l\u0259rd\u0259 bu mexanizm neft pullar\u0131 hesab\u0131na pozulur v\u0259 neft demokratiyan\u0131n yaranmas\u0131nda b\u00f6y\u00fck mane\u0259y\u0259 \u00e7evrilir. Bu fikri Kaliforniya Universitetinin professoru Maykl Ross \u00f6z\u00fcn\u00fcn \u201cNeft demokratiyaya mane\u0259dirmi?\u201d adl\u0131 \u0259s\u0259rind\u0259 ayd\u0131n \u015f\u0259kild\u0259 izah edir. M\u00fc\u0259llif qeyd edir ki, m\u0259hz k\u00fclli miqdarda neft g\u0259lirl\u0259rin\u0259 malik olan \u00f6lk\u0259l\u0259rd\u0259 h\u00f6kum\u0259tin \u0259halid\u0259n y\u0131\u011f\u0131lan vergi pullar\u0131na ehtiyac\u0131 olmamas\u0131 \u0259halinin siyasi prosesl\u0259rd\u0259n uzaqla\u015fd\u0131r\u0131lmas\u0131na v\u0259 avtoritar idar\u0259etm\u0259 formas\u0131n\u0131n yaranmas\u0131na s\u0259b\u0259b olur. Lakin haz\u0131rk\u0131 v\u0259ziyy\u0259td\u0259 Az\u0259rbaycanda neft g\u0259lirl\u0259rinin a\u015fa\u011f\u0131 d\u00fc\u015fm\u0259sini n\u0259z\u0259r\u0259 alaraq, neftin demokratikl\u0259\u015fm\u0259 prosesin\u0259 m\u0259nfi t\u0259sirinin aradan qalxmas\u0131 ehtimal oluna bil\u0259r. H\u0259min bo\u015flu\u011fun doldurmas\u0131 \u00fc\u00e7\u00fcn m\u00fcharib\u0259 faktoru is\u0259 pis proqnoz kimi d\u0259y\u0259rl\u0259ndirilm\u0259lidir.<\/p>\n","protected":false},"excerpt":{"rendered":"<p>Haz\u0131rk\u0131 v\u0259ziyy\u0259td\u0259 Az\u0259rbaycanda neft g\u0259lirl\u0259rinin a\u015fa\u011f\u0131 d\u00fc\u015fm\u0259sini n\u0259z\u0259r\u0259 alaraq, neftin demokratikl\u0259\u015fm\u0259 prosesin\u0259 m\u0259nfi t\u0259sirinin aradan qalxmas\u0131 ehtimal oluna bil\u0259r<\/p>\n","protected":false},"author":11,"featured_media":3310,"comment_status":"closed","ping_status":"open","sticky":false,"template":"","format":"standard","meta":{"_acf_changed":false,"_sitemap_exclude":false,"_sitemap_priority":"","_sitemap_frequency":"","footnotes":""},"categories":[51],"tags":[],"class_list":["post-174961","post","type-post","status-publish","format-standard","has-post-thumbnail","hentry","category-analitika","infinite-scroll-item","generate-columns","tablet-grid-50","mobile-grid-100","grid-parent","grid-33","no-featured-image-padding"],"acf":[],"yoast_head":"<!-- This site is optimized with the Yoast SEO plugin v27.5 - https:\/\/yoast.com\/product\/yoast-seo-wordpress\/ -->\n<title>Biz\u0259 m\u00fcharib\u0259 laz\u0131md\u0131rm\u0131? - MEYDAN.TV<\/title>\n<meta name=\"robots\" content=\"index, follow, max-snippet:-1, max-image-preview:large, max-video-preview:-1\" \/>\n<link rel=\"canonical\" href=\"https:\/\/www.meydan.tv\/az\/article\/bize-muharibe-lazimdirmi\/\" \/>\n<meta property=\"og:locale\" content=\"az_AZ\" \/>\n<meta property=\"og:type\" content=\"article\" \/>\n<meta property=\"og:title\" content=\"Biz\u0259 m\u00fcharib\u0259 laz\u0131md\u0131rm\u0131? - MEYDAN.TV\" \/>\n<meta property=\"og:description\" content=\"Haz\u0131rk\u0131 v\u0259ziyy\u0259td\u0259 Az\u0259rbaycanda neft g\u0259lirl\u0259rinin a\u015fa\u011f\u0131 d\u00fc\u015fm\u0259sini n\u0259z\u0259r\u0259 alaraq, neftin demokratikl\u0259\u015fm\u0259 prosesin\u0259 m\u0259nfi t\u0259sirinin aradan qalxmas\u0131 ehtimal oluna bil\u0259r\" \/>\n<meta property=\"og:url\" content=\"https:\/\/www.meydan.tv\/az\/article\/bize-muharibe-lazimdirmi\/\" \/>\n<meta property=\"og:site_name\" content=\"MEYDAN.TV\" \/>\n<meta property=\"article:published_time\" content=\"2016-04-07T01:28:23+00:00\" \/>\n<meta property=\"og:image\" content=\"https:\/\/www.meydan.tv\/wp-content\/uploads\/20070.jpg\" \/>\n\t<meta property=\"og:image:width\" content=\"800\" \/>\n\t<meta property=\"og:image:height\" content=\"486\" \/>\n\t<meta property=\"og:image:type\" content=\"image\/jpeg\" \/>\n<meta name=\"author\" content=\"user-manager\" \/>\n<meta name=\"twitter:card\" content=\"summary_large_image\" \/>\n<script type=\"application\/ld+json\" class=\"yoast-schema-graph\">{\"@context\":\"https:\\\/\\\/schema.org\",\"@graph\":[{\"@type\":\"Article\",\"@id\":\"https:\\\/\\\/www.meydan.tv\\\/az\\\/article\\\/bize-muharibe-lazimdirmi\\\/#article\",\"isPartOf\":{\"@id\":\"https:\\\/\\\/www.meydan.tv\\\/az\\\/article\\\/bize-muharibe-lazimdirmi\\\/\"},\"author\":{\"name\":\"user-manager\",\"@id\":\"https:\\\/\\\/www.meydan.tv\\\/az\\\/#\\\/schema\\\/person\\\/10d11eccf6da3662cf5fdab9806ea91a\"},\"headline\":\"Biz\u0259 m\u00fcharib\u0259 laz\u0131md\u0131rm\u0131?\",\"datePublished\":\"2016-04-07T01:28:23+00:00\",\"mainEntityOfPage\":{\"@id\":\"https:\\\/\\\/www.meydan.tv\\\/az\\\/article\\\/bize-muharibe-lazimdirmi\\\/\"},\"wordCount\":1728,\"publisher\":{\"@id\":\"https:\\\/\\\/www.meydan.tv\\\/az\\\/#organization\"},\"image\":{\"@id\":\"https:\\\/\\\/www.meydan.tv\\\/az\\\/article\\\/bize-muharibe-lazimdirmi\\\/#primaryimage\"},\"thumbnailUrl\":\"https:\\\/\\\/www.meydan.tv\\\/wp-content\\\/uploads\\\/20070.jpg\",\"articleSection\":[\"Analitika\"],\"inLanguage\":\"az\"},{\"@type\":\"WebPage\",\"@id\":\"https:\\\/\\\/www.meydan.tv\\\/az\\\/article\\\/bize-muharibe-lazimdirmi\\\/\",\"url\":\"https:\\\/\\\/www.meydan.tv\\\/az\\\/article\\\/bize-muharibe-lazimdirmi\\\/\",\"name\":\"Biz\u0259 m\u00fcharib\u0259 laz\u0131md\u0131rm\u0131? - MEYDAN.TV\",\"isPartOf\":{\"@id\":\"https:\\\/\\\/www.meydan.tv\\\/az\\\/#website\"},\"primaryImageOfPage\":{\"@id\":\"https:\\\/\\\/www.meydan.tv\\\/az\\\/article\\\/bize-muharibe-lazimdirmi\\\/#primaryimage\"},\"image\":{\"@id\":\"https:\\\/\\\/www.meydan.tv\\\/az\\\/article\\\/bize-muharibe-lazimdirmi\\\/#primaryimage\"},\"thumbnailUrl\":\"https:\\\/\\\/www.meydan.tv\\\/wp-content\\\/uploads\\\/20070.jpg\",\"datePublished\":\"2016-04-07T01:28:23+00:00\",\"breadcrumb\":{\"@id\":\"https:\\\/\\\/www.meydan.tv\\\/az\\\/article\\\/bize-muharibe-lazimdirmi\\\/#breadcrumb\"},\"inLanguage\":\"az\",\"potentialAction\":[{\"@type\":\"ReadAction\",\"target\":[\"https:\\\/\\\/www.meydan.tv\\\/az\\\/article\\\/bize-muharibe-lazimdirmi\\\/\"]}]},{\"@type\":\"ImageObject\",\"inLanguage\":\"az\",\"@id\":\"https:\\\/\\\/www.meydan.tv\\\/az\\\/article\\\/bize-muharibe-lazimdirmi\\\/#primaryimage\",\"url\":\"https:\\\/\\\/www.meydan.tv\\\/wp-content\\\/uploads\\\/20070.jpg\",\"contentUrl\":\"https:\\\/\\\/www.meydan.tv\\\/wp-content\\\/uploads\\\/20070.jpg\",\"width\":800,\"height\":486,\"caption\":\"Source:\"},{\"@type\":\"BreadcrumbList\",\"@id\":\"https:\\\/\\\/www.meydan.tv\\\/az\\\/article\\\/bize-muharibe-lazimdirmi\\\/#breadcrumb\",\"itemListElement\":[{\"@type\":\"ListItem\",\"position\":1,\"name\":\"Ana s\u0259hif\u0259\",\"item\":\"https:\\\/\\\/www.meydan.tv\\\/az\\\/\"},{\"@type\":\"ListItem\",\"position\":2,\"name\":\"Analitika\",\"item\":\"https:\\\/\\\/www.meydan.tv\\\/az\\\/section\\\/analitika\\\/\"},{\"@type\":\"ListItem\",\"position\":3,\"name\":\"Biz\u0259 m\u00fcharib\u0259 laz\u0131md\u0131rm\u0131?\"}]},{\"@type\":\"WebSite\",\"@id\":\"https:\\\/\\\/www.meydan.tv\\\/az\\\/#website\",\"url\":\"https:\\\/\\\/www.meydan.tv\\\/az\\\/\",\"name\":\"MEYDAN.TV\",\"description\":\"Meydan TV Az\u0259rbaycan\u0131n media m\u0259kan\u0131ndak\u0131 alternativ s\u0259sidir\",\"publisher\":{\"@id\":\"https:\\\/\\\/www.meydan.tv\\\/az\\\/#organization\"},\"potentialAction\":[{\"@type\":\"SearchAction\",\"target\":{\"@type\":\"EntryPoint\",\"urlTemplate\":\"https:\\\/\\\/www.meydan.tv\\\/az\\\/?s={search_term_string}\"},\"query-input\":{\"@type\":\"PropertyValueSpecification\",\"valueRequired\":true,\"valueName\":\"search_term_string\"}}],\"inLanguage\":\"az\"},{\"@type\":\"Organization\",\"@id\":\"https:\\\/\\\/www.meydan.tv\\\/az\\\/#organization\",\"name\":\"Meydan TV\",\"url\":\"https:\\\/\\\/www.meydan.tv\\\/az\\\/\",\"logo\":{\"@type\":\"ImageObject\",\"inLanguage\":\"az\",\"@id\":\"https:\\\/\\\/www.meydan.tv\\\/az\\\/#\\\/schema\\\/logo\\\/image\\\/\",\"url\":\"https:\\\/\\\/www.meydan.tv\\\/wp-content\\\/uploads\\\/2021\\\/07\\\/meydan-logo.svg\",\"contentUrl\":\"https:\\\/\\\/www.meydan.tv\\\/wp-content\\\/uploads\\\/2021\\\/07\\\/meydan-logo.svg\",\"width\":195,\"height\":46,\"caption\":\"Meydan TV\"},\"image\":{\"@id\":\"https:\\\/\\\/www.meydan.tv\\\/az\\\/#\\\/schema\\\/logo\\\/image\\\/\"}},{\"@type\":\"Person\",\"@id\":\"https:\\\/\\\/www.meydan.tv\\\/az\\\/#\\\/schema\\\/person\\\/10d11eccf6da3662cf5fdab9806ea91a\",\"name\":\"user-manager\"}]}<\/script>\n<!-- \/ Yoast SEO plugin. -->","yoast_head_json":{"title":"Biz\u0259 m\u00fcharib\u0259 laz\u0131md\u0131rm\u0131? - MEYDAN.TV","robots":{"index":"index","follow":"follow","max-snippet":"max-snippet:-1","max-image-preview":"max-image-preview:large","max-video-preview":"max-video-preview:-1"},"canonical":"https:\/\/www.meydan.tv\/az\/article\/bize-muharibe-lazimdirmi\/","og_locale":"az_AZ","og_type":"article","og_title":"Biz\u0259 m\u00fcharib\u0259 laz\u0131md\u0131rm\u0131? - MEYDAN.TV","og_description":"Haz\u0131rk\u0131 v\u0259ziyy\u0259td\u0259 Az\u0259rbaycanda neft g\u0259lirl\u0259rinin a\u015fa\u011f\u0131 d\u00fc\u015fm\u0259sini n\u0259z\u0259r\u0259 alaraq, neftin demokratikl\u0259\u015fm\u0259 prosesin\u0259 m\u0259nfi t\u0259sirinin aradan qalxmas\u0131 ehtimal oluna bil\u0259r","og_url":"https:\/\/www.meydan.tv\/az\/article\/bize-muharibe-lazimdirmi\/","og_site_name":"MEYDAN.TV","article_published_time":"2016-04-07T01:28:23+00:00","og_image":[{"width":800,"height":486,"url":"https:\/\/www.meydan.tv\/wp-content\/uploads\/20070.jpg","type":"image\/jpeg"}],"author":"user-manager","twitter_card":"summary_large_image","schema":{"@context":"https:\/\/schema.org","@graph":[{"@type":"Article","@id":"https:\/\/www.meydan.tv\/az\/article\/bize-muharibe-lazimdirmi\/#article","isPartOf":{"@id":"https:\/\/www.meydan.tv\/az\/article\/bize-muharibe-lazimdirmi\/"},"author":{"name":"user-manager","@id":"https:\/\/www.meydan.tv\/az\/#\/schema\/person\/10d11eccf6da3662cf5fdab9806ea91a"},"headline":"Biz\u0259 m\u00fcharib\u0259 laz\u0131md\u0131rm\u0131?","datePublished":"2016-04-07T01:28:23+00:00","mainEntityOfPage":{"@id":"https:\/\/www.meydan.tv\/az\/article\/bize-muharibe-lazimdirmi\/"},"wordCount":1728,"publisher":{"@id":"https:\/\/www.meydan.tv\/az\/#organization"},"image":{"@id":"https:\/\/www.meydan.tv\/az\/article\/bize-muharibe-lazimdirmi\/#primaryimage"},"thumbnailUrl":"https:\/\/www.meydan.tv\/wp-content\/uploads\/20070.jpg","articleSection":["Analitika"],"inLanguage":"az"},{"@type":"WebPage","@id":"https:\/\/www.meydan.tv\/az\/article\/bize-muharibe-lazimdirmi\/","url":"https:\/\/www.meydan.tv\/az\/article\/bize-muharibe-lazimdirmi\/","name":"Biz\u0259 m\u00fcharib\u0259 laz\u0131md\u0131rm\u0131? - MEYDAN.TV","isPartOf":{"@id":"https:\/\/www.meydan.tv\/az\/#website"},"primaryImageOfPage":{"@id":"https:\/\/www.meydan.tv\/az\/article\/bize-muharibe-lazimdirmi\/#primaryimage"},"image":{"@id":"https:\/\/www.meydan.tv\/az\/article\/bize-muharibe-lazimdirmi\/#primaryimage"},"thumbnailUrl":"https:\/\/www.meydan.tv\/wp-content\/uploads\/20070.jpg","datePublished":"2016-04-07T01:28:23+00:00","breadcrumb":{"@id":"https:\/\/www.meydan.tv\/az\/article\/bize-muharibe-lazimdirmi\/#breadcrumb"},"inLanguage":"az","potentialAction":[{"@type":"ReadAction","target":["https:\/\/www.meydan.tv\/az\/article\/bize-muharibe-lazimdirmi\/"]}]},{"@type":"ImageObject","inLanguage":"az","@id":"https:\/\/www.meydan.tv\/az\/article\/bize-muharibe-lazimdirmi\/#primaryimage","url":"https:\/\/www.meydan.tv\/wp-content\/uploads\/20070.jpg","contentUrl":"https:\/\/www.meydan.tv\/wp-content\/uploads\/20070.jpg","width":800,"height":486,"caption":"Source:"},{"@type":"BreadcrumbList","@id":"https:\/\/www.meydan.tv\/az\/article\/bize-muharibe-lazimdirmi\/#breadcrumb","itemListElement":[{"@type":"ListItem","position":1,"name":"Ana s\u0259hif\u0259","item":"https:\/\/www.meydan.tv\/az\/"},{"@type":"ListItem","position":2,"name":"Analitika","item":"https:\/\/www.meydan.tv\/az\/section\/analitika\/"},{"@type":"ListItem","position":3,"name":"Biz\u0259 m\u00fcharib\u0259 laz\u0131md\u0131rm\u0131?"}]},{"@type":"WebSite","@id":"https:\/\/www.meydan.tv\/az\/#website","url":"https:\/\/www.meydan.tv\/az\/","name":"MEYDAN.TV","description":"Meydan TV Az\u0259rbaycan\u0131n media m\u0259kan\u0131ndak\u0131 alternativ s\u0259sidir","publisher":{"@id":"https:\/\/www.meydan.tv\/az\/#organization"},"potentialAction":[{"@type":"SearchAction","target":{"@type":"EntryPoint","urlTemplate":"https:\/\/www.meydan.tv\/az\/?s={search_term_string}"},"query-input":{"@type":"PropertyValueSpecification","valueRequired":true,"valueName":"search_term_string"}}],"inLanguage":"az"},{"@type":"Organization","@id":"https:\/\/www.meydan.tv\/az\/#organization","name":"Meydan TV","url":"https:\/\/www.meydan.tv\/az\/","logo":{"@type":"ImageObject","inLanguage":"az","@id":"https:\/\/www.meydan.tv\/az\/#\/schema\/logo\/image\/","url":"https:\/\/www.meydan.tv\/wp-content\/uploads\/2021\/07\/meydan-logo.svg","contentUrl":"https:\/\/www.meydan.tv\/wp-content\/uploads\/2021\/07\/meydan-logo.svg","width":195,"height":46,"caption":"Meydan TV"},"image":{"@id":"https:\/\/www.meydan.tv\/az\/#\/schema\/logo\/image\/"}},{"@type":"Person","@id":"https:\/\/www.meydan.tv\/az\/#\/schema\/person\/10d11eccf6da3662cf5fdab9806ea91a","name":"user-manager"}]}},"_links":{"self":[{"href":"https:\/\/www.meydan.tv\/az\/wp-json\/wp\/v2\/posts\/174961","targetHints":{"allow":["GET"]}}],"collection":[{"href":"https:\/\/www.meydan.tv\/az\/wp-json\/wp\/v2\/posts"}],"about":[{"href":"https:\/\/www.meydan.tv\/az\/wp-json\/wp\/v2\/types\/post"}],"author":[{"embeddable":true,"href":"https:\/\/www.meydan.tv\/az\/wp-json\/wp\/v2\/users\/11"}],"replies":[{"embeddable":true,"href":"https:\/\/www.meydan.tv\/az\/wp-json\/wp\/v2\/comments?post=174961"}],"version-history":[{"count":0,"href":"https:\/\/www.meydan.tv\/az\/wp-json\/wp\/v2\/posts\/174961\/revisions"}],"wp:featuredmedia":[{"embeddable":true,"href":"https:\/\/www.meydan.tv\/az\/wp-json\/wp\/v2\/media\/3310"}],"wp:attachment":[{"href":"https:\/\/www.meydan.tv\/az\/wp-json\/wp\/v2\/media?parent=174961"}],"wp:term":[{"taxonomy":"category","embeddable":true,"href":"https:\/\/www.meydan.tv\/az\/wp-json\/wp\/v2\/categories?post=174961"},{"taxonomy":"post_tag","embeddable":true,"href":"https:\/\/www.meydan.tv\/az\/wp-json\/wp\/v2\/tags?post=174961"}],"curies":[{"name":"wp","href":"https:\/\/api.w.org\/{rel}","templated":true}]}}