{"id":174959,"date":"2016-04-06T23:58:24","date_gmt":"2016-04-06T23:58:24","guid":{"rendered":"https:\/\/www.meydan.tv\/article\/ucgunluk-muharibe\/"},"modified":"2016-04-06T23:58:24","modified_gmt":"2016-04-06T23:58:24","slug":"ucgunluk-muharibe","status":"publish","type":"post","link":"https:\/\/www.meydan.tv\/az\/article\/ucgunluk-muharibe\/","title":{"rendered":"\u00dc\u00e7g\u00fcnl\u00fck m\u00fcharib\u0259"},"content":{"rendered":"<figure class=\"wp-block-image size-large\">\n  <img decoding=\"async\" src=\"https:\/\/www.meydan.tv\/az\/53814\/\" alt=\"\" class=\"wp-image-53814\"\/><figcaption><\/figcaption><\/figure>\n<\/p>\n<figure class=\"wp-block-image size-large\">\n  <img decoding=\"async\" src=\"https:\/\/www.meydan.tv\/az\/53817\/\" alt=\"\" class=\"wp-image-53817\"\/><figcaption><\/figcaption><\/figure>\n<p>\n  1 aprel gec\u0259si bildiyiniz kimi h\u0259rbi \u0259m\u0259liyyatlar ba\u015flad\u0131. \u0130nanmaq olmurdu: bu n\u0259dir, zarafatd\u0131r, ya n\u0259? Ba\u015fland\u0131 y\u0259ni? 1988-ci ild\u0259n, lap g\u0259nc ya\u015flar\u0131ndan milli l\u0259yaq\u0259tinin d\u0259rin t\u0259hqiri hissini ke\u00e7irmi\u015f biri kimi dey\u0259 bil\u0259r\u0259m ki, c\u0259miyy\u0259td\u0259ki revan\u015f yan\u011f\u0131s\u0131n\u0131 tam anlay\u0131ram. Buna tarixi analogiya \u00e7oxdur, m\u0259s\u0259l\u0259n, frans\u0131zlar 1871-ci ild\u0259 Prussiyaya m\u0259\u011flub olaraq, bu hissi d\u00fcz 43 il, 1914-c\u00fc il Birinci D\u00fcnya M\u00fcharib\u0259sin\u0259 kimi ya\u015fam\u0131\u015fd\u0131lar. O m\u00fcharib\u0259ni frans\u0131z c\u0259miyy\u0259ti b\u00f6y\u00fck ruh y\u00fcks\u0259kliyi il\u0259 qar\u015f\u0131lam\u0131\u015fd\u0131, ard\u0131ndan n\u0259 kimi faci\u0259l\u0259r ba\u015f verdiyi is\u0259 tamam ba\u015fqa m\u00f6vzudur.\n<\/p>\n<p>\n  B\u0259s bizd\u0259 n\u0259l\u0259r ba\u015f verdi? Hakimiyy\u0259t 20 ild\u0259n art\u0131q idi ki, biz\u0259 &#8220;laz\u0131m&#8221; havas\u0131n\u0131 \u00e7al\u0131rd\u0131. C\u0259miyy\u0259td\u0259ki m\u00fcdhi\u015f sosial \u0259dal\u0259tsizlik haqda birc\u0259 k\u0259lm\u0259 k\u0259s\u0259nin &#8220;a ki\u015fi, bizim Qaraba\u011f boyda d\u0259rdimiz var&#8221; replikas\u0131 il\u0259 qar\u015f\u0131lay\u0131rd\u0131. V\u0259t\u0259nda\u015f\u0131na say\u011f\u0131 verm\u0259yib, saxta &#8220;v\u0259t\u0259n sevgisi&#8221;ni c\u0259miyy\u0259td\u0259 t\u0259bli\u011f edir, insanr\u0131n normal patriotik hissl\u0259rini ifrat ksenofobik ritorika il\u0259 \u0259v\u0259zl\u0259yirdi. Bununla da biab\u0131r\u00e7\u0131 korrupsiyan\u0131 p\u0259rd\u0259l\u0259m\u0259kl\u0259 m\u0259\u015f\u011ful olurdu \u2013 bu, \u0259sla he\u00e7 kim \u00fc\u00e7\u00fcn sirr deyil.\n<\/p>\n<p>\n  \u0130st\u0259nil\u0259n avtoritar hakimiyy\u0259t \u00fc\u00e7\u00fcn xarici d\u00fc\u015fm\u0259n hava-su kimi g\u0259r\u0259kdir &#8211; bu da, \u015f\u0259ksiz, bir aksiomad\u0131r. Bu m\u0259nada &#8220;Qaraba\u011f d\u0259rdi&#8221; 1993-c\u00fc ild\u0259n b\u0259ri bu \u00f6lk\u0259nin v\u0259 bu xalq\u0131n ba\u015f\u0131na a\u00e7mad\u0131\u011f\u0131 oyun qalmam\u0131\u015f hakimiyy\u0259t \u00fc\u00e7\u00fcn \u00e7ox \u0259la bir manipulyasiya vasit\u0259sidir. Bu al\u0259td\u0259n istifad\u0259 ed\u0259r\u0259k, \u00e7ox asanl\u0131qla b\u00fct\u00fcn edilmi\u015f al\u00e7aql\u0131qlar\u0131n \u00fcst\u00fcnd\u0259n rahatl\u0131qla x\u0259tt \u00e7\u0259km\u0259k, unutdurmaq olar. Lap sad\u0259si &#8211; bu banal manipulyasiya vasit\u0259sidir v\u0259 hakim dair\u0259l\u0259r uzun ill\u0259r insanlar\u0131n hissl\u0259ri il\u0259 oynayaraq, bunu \u00e7ox rahat h\u0259yata ke\u00e7irirdirl\u0259r. Daxild\u0259ki ist\u0259nil\u0259n ki\u00e7icik naraz\u0131l\u0131q yaranan kimi, onu \u00e7ox rahatca bu vasit\u0259 il\u0259 s\u00f6nd\u00fcr\u00fcrd\u00fcl\u0259r.\n<\/p>\n<p>\n  Bu ill\u0259r \u0259rzind\u0259 t\u00f6k\u00fcl\u0259n insan qan\u0131, \u015f\u0259hid olan, \u015fik\u0259st edil\u0259n g\u0259ncl\u0259r is\u0259 bunu ed\u0259nl\u0259rin t\u00fck\u00fcn\u00fc d\u0259 t\u0259rp\u0259tmirdi. \u018fksin\u0259, bu v\u0259t\u0259nin b\u00fct\u00fcn s\u0259rv\u0259tl\u0259rini \u0259lin\u0259 ke\u00e7irib talan ed\u0259nl\u0259r, \u00f6z \u00f6vladlar\u0131n\u0131 ya\u011f i\u00e7ind\u0259 b\u0259sl\u0259yib Maserati-Lamborghinil\u0259r\u0259 otuzduranlar, he\u00e7 bir untanc hissi ke\u00e7irm\u0259d\u0259n: &#8220;m\u00fcharib\u0259dir, m\u00fcharib\u0259d\u0259 \u0259sg\u0259r \u00f6l\u0259r d\u0259\u2026&#8221; deyib hayq\u0131r\u0131rd\u0131lar. \u018fsg\u0259r dey\u0259rk\u0259n d\u0259, n\u0259z\u0259rd\u0259 tutduqlar\u0131 sad\u0259 xalq\u0131n, y\u0259ni &#8220;sosial a\u015fa\u011f\u0131lar\u0131n&#8221;, q\u0131saca bizim \u00f6vladlar\u0131m\u0131z idi. T\u0259\u0259ss\u00fcf ki, bu d\u0259f\u0259 d\u0259 eyniyl\u0259 bel\u0259 oldu.\n<\/p>\n<p>\n  H\u0259l\u0259 dekabrda ikinci devalvasiya ba\u015f ver\u0259nd\u0259, \u00f6nc\u0259d\u0259n demi\u015fdik ki, iqtidar reytinqini saxlamaq \u00fc\u00e7\u00fcn ki\u00e7ik m\u00fcharib\u0259y\u0259 ged\u0259 bil\u0259r. Bu aprel kampaniyas\u0131n\u0131n nec\u0259 ba\u015flanmas\u0131 v\u0259 nec\u0259 bitm\u0259si bunun tam s\u00fcbutu idi. Bu \u0259m\u0259liyyat\u0131 ba\u015fladanlar b\u0259lk\u0259 d\u0259 V\u0259t\u0259n haqda sonuncu m\u0259rh\u0259l\u0259d\u0259 d\u00fc\u015f\u00fcn\u00fcrd\u00fc &#8211; bunu da \u0259sass\u0131z demirik. V\u0259t\u0259ni uzun ill\u0259r \u00e7al\u0131b-talayan, onun s\u0259rv\u0259tl\u0259rini havaya sovuran, V\u0259t\u0259ni \u00f6z v\u0259t\u0259nda\u015flar\u0131 \u00fc\u00e7\u00fcn c\u0259h\u0259nn\u0259m\u0259 \u00e7evir\u0259nl\u0259r onu nec\u0259 azad ed\u0259c\u0259kdi ki? Bunu nec\u0259 t\u0259s\u0259vv\u00fcr edirdiniz?\n<\/p>\n<p>\n  \u0130ndi is\u0259 bu \u0259m\u0259liyyat\u0131n \u00f6lk\u0259nin azad edilm\u0259si \u00fc\u00e7\u00fcn yox, s\u0131rf siyasi s\u0259b\u0259bl\u0259rini a\u00e7\u0131qlayaq.\n<\/p>\n<p>\n  Ham\u0131 g\u00f6rd\u00fc v\u0259 \u015fahidi oldu ki, Az\u0259rbaycan h\u0259tta bu g\u00fcn\u00fcnd\u0259, ill\u0259rl\u0259 \u018fliyevl\u0259r rejimi t\u0259r\u0259find\u0259n taland\u0131\u011f\u0131 halda \u00f6z \u0259razisini t\u0259cav\u00fczkardan azad etm\u0259k g\u00fcc\u00fcn\u0259 malikdir. \u018fg\u0259r geosiyasi v\u0259ziyy\u0259t azac\u0131q imkan vers\u0259 (bunu da g\u00fccl\u00fc m\u00fctt\u0259fiql\u0259 \u0259ld\u0259 etm\u0259kl\u0259 qazanmaq olar, daha &#8220;balansl\u0131&#8221; siyas\u0259tl\u0259 yox), \u00f6lk\u0259d\u0259 h\u0259qiqi milli v\u0259 demokratik bir hakimiyy\u0259t b\u0259rq\u0259rar olarsa, biz buna nail ola bil\u0259rik.\n<\/p>\n<p>\n  \u0130ndi is\u0259 qar\u015f\u0131la\u015fd\u0131\u011f\u0131m\u0131z m\u0259nz\u0259r\u0259 bu oldu &#8211; n\u0259 \u00fc\u00e7\u00fcn m\u0259hz 1 aprel gec\u0259si ba\u015fland\u0131\u011f\u0131 bilinm\u0259y\u0259n bu \u0259m\u0259liyyat u\u011furlu ke\u00e7m\u0259sin\u0259 r\u0259\u011fm\u0259n, ba\u015fland\u0131\u011f\u0131 kimi d\u0259 q\u0259fl\u0259t\u0259n dayand\u0131r\u0131ld\u0131. Zat\u0259n ba\u015fland\u0131\u011f\u0131 g\u00fcn\u00fcn sabah\u0131 art\u0131q M\u00fcdafi\u0259 Nazirliyi birt\u0259r\u0259fli qaydada at\u0259\u015fk\u0259s elan etmi\u015fdi. Sonra yenid\u0259n \u0259m\u0259liyyat davam etdirildi v\u0259 verilmi\u015f \u015f\u0259hidl\u0259r\u0259, a\u011f\u0131r itkil\u0259rimiz\u0259 r\u0259\u011fm\u0259n b\u00f6y\u00fck n\u0259tic\u0259l\u0259rsiz dayand\u0131r\u0131ld\u0131.\n<\/p>\n<p>\n  Sual olunur n\u0259d\u0259n ba\u015flad\u0131n, niy\u0259 bitirdin? Deyirl\u0259r ki, hans\u0131sa t\u0259p\u0259likl\u0259r\u0259 yiy\u0259l\u0259nmi\u015fik &#8211; \u00e7ox g\u00f6z\u0259l, amma m\u00fcasir m\u00fcharib\u0259d\u0259 bunu n\u0259tic\u0259 saymal\u0131y\u0131qm\u0131? \u018frazil\u0259rimizi azad edilirdis\u0259, o zaman niy\u0259 t\u0259p\u0259likl\u0259rl\u0259 kifay\u0259tl\u0259nildi, ax\u0131 bundan \u00f6tr\u00fc bizim \u0259zizl\u0259rimiz qurban getdi? Bu \u0259m\u0259liyyat\u0131n apar\u0131lmas\u0131nda m\u0259qs\u0259d n\u0259 idi, bilm\u0259k olarm\u0131? Yax\u015f\u0131, he\u00e7 olmazsa o tutulmu\u015f t\u0259p\u0259likl\u0259rin ad\u0131n\u0131, azad olunmu\u015f \u0259razil\u0259rin d\u0259qiq lokasiyas\u0131n\u0131 bilm\u0259k olarm\u0131, yoxsa bu da indiy\u0259 kimi h\u0259rbi sirrdir?\n<\/p>\n<p>\n  Bu suallar\u0131n \u0259n a\u011f\u0131r v\u0259 yegan\u0259 h\u0259qiqi cavab\u0131 &#8211; bu m\u00fcharib\u0259 d\u0259 ill\u0259r boyu g\u00f6rd\u00fcy\u00fcm\u00fcz siyasi oyun idi.\n<\/p>\n<p>\n  M\u0259s\u0259l\u0259y\u0259 ba\u015fqa prizmadan baxmaq \u00fc\u00e7\u00fcn qar\u015f\u0131 t\u0259r\u0259fin m\u00f6vqeyin\u0259 d\u0259 g\u0259l\u0259k. Erm\u0259nil\u0259r Qaraba\u011f\u0131 uzun ill\u0259r i\u015f\u011fal etm\u0259l\u0259rin\u0259 r\u0259\u011fm\u0259n, onun &#8220;m\u00fcst\u0259qilliyini&#8221; indiy\u0259 kimi tan\u0131ma\u011fa c\u0259sar\u0259t etm\u0259yibl\u0259r. S\u0259b\u0259b ayd\u0131nd\u0131r, y\u0259qin ki, a\u011falar\u0131 buna icaz\u0259 vermir. (Bu s\u00f6zl\u0259riml\u0259 \u0259sla qar\u015f\u0131 t\u0259r\u0259fin xalq\u0131 haqda a\u015fa\u011f\u0131lay\u0131c\u0131 ifad\u0259 i\u015fl\u0259tm\u0259k fikrim yoxdur, sad\u0259c\u0259 o \u00f6lk\u0259nin eks-prezidenti Robert Ko\u00e7aryan \u00f6z\u00fc bunu demi\u015fdi ki, bizim d\u00f6vl\u0259t Rusiyan\u0131n Qafqazdak\u0131 forpostudur. \u018fg\u0259r bunu \u00f6lk\u0259nin ali r\u0259hb\u0259ri deyirs\u0259, ona iqtibas verm\u0259k \u0259sla a\u015fa\u011f\u0131lay\u0131c\u0131 anlama g\u0259lm\u0259z.) Bu d\u0259f\u0259ki \u0259m\u0259liyyat g\u00fccl\u0259n\u0259nd\u0259 qeyd etdim &#8211; bu m\u0259s\u0259l\u0259l\u0259rin ciddiyy\u0259tini yaln\u0131z Erm\u0259nistan Qaraba\u011f\u0131n m\u00fcst\u0259qilliyini tan\u0131sa q\u0259bul etm\u0259k olar. \u00c7\u00fcnki d\u00fc\u015fm\u0259n ald\u0131\u011f\u0131 a\u011f\u0131r z\u0259rb\u0259l\u0259rd\u0259n \u00e7ox hidd\u0259tl\u0259nmi\u015fdi. Lakin bu da g\u00f6zl\u0259nildiyi kimi ba\u015f verm\u0259di.\n<\/p>\n<p>\n  \u0130ndi \u00e7\u0131xaraca\u011f\u0131m\u0131z n\u0259tic\u0259l\u0259rd\u0259n kims\u0259 xo\u015flanmayacaq, \u00e7oxlar\u0131 is\u0259 y\u0259qin ki, m\u00fc\u0259llif\u0259 t\u0259hqir-k\u00fcfr ya\u011fd\u0131racaq. Olsun.\n<\/p>\n<figure class=\"wp-block-image size-large\">\n  <img decoding=\"async\" src=\"https:\/\/www.meydan.tv\/az\/53820\/\" alt=\"\" class=\"wp-image-53820\"\/><figcaption><\/figcaption><\/figure>\n<\/p>\n<p>\n  Lakin bu V\u0259t\u0259nin azad edilm\u0259si deyildi, \u0259zizl\u0259rim. Bu hakimiyy\u0259tin n\u00f6vb\u0259ti siyasi oyunu idi. V\u0259 onlar\u0131n \u00e7ald\u0131\u011f\u0131 bu havaya ham\u0131 bir daha oynad\u0131, ham\u0131 &#8211; g\u0259ncl\u0259r, m\u00fcxalifl\u0259r, ictimai sektor, ziyal\u0131lar, inc\u0259s\u0259n\u0259t xadiml\u0259ri, yaz\u0131\u00e7\u0131lar, man\u0131slar, TV apar\u0131c\u0131lar\u0131, q\u0131sas\u0131 b\u00fct\u00fcn c\u0259miyy\u0259t. \u00c7ox adam h\u0259tta fa\u015fist ritorikas\u0131na ke\u00e7di, ba\u015fqalar\u0131 dedi ki, biz bir olduq, birlik ba\u015f verdi, bu m\u0259s\u0259l\u0259d\u0259 ham\u0131m\u0131z birik-filan. Lakin aldanmay\u0131n, bu \u0259sla bel\u0259 deyil, h\u0259r halda hakim t\u0259b\u0259q\u0259miz \u0259sla bu fikird\u0259 deyil, \u00f6lk\u0259d\u0259 indiy\u0259 kimi ba\u015f ver\u0259n \u0259dal\u0259tsizlikl\u0259r, qanunsuzluqlar, \u00f6zba\u015f\u0131nal\u0131q, h\u0259bsl\u0259r ara verm\u0259y\u0259c\u0259k, \u0259ksin\u0259, ham\u0131s\u0131 daha da &#8220;legitim&#8221; olaraq davam ed\u0259c\u0259k. Ax\u0131 &#8220;t\u0259p\u0259likl\u0259ri&#8221; alm\u0131\u015f\u0131q. \u00d6z\u00fc d\u0259 nec\u0259 bir g\u0259ncl\u0259rin h\u0259yat\u0131 bahas\u0131na&#8230;\n<\/p>\n<p>\n  G\u00f6r\u0259s\u0259n bel\u0259 oyunlar h\u0259l\u0259 ne\u00e7\u0259 d\u0259f\u0259 ba\u015f\u0131m\u0131za g\u0259tir\u0259c\u0259kl\u0259r, ne\u00e7\u0259 d\u0259f\u0259?!\n<\/p>\n<p>\n  Burada son s\u00f6z kimi vicdanl\u0131 v\u0259t\u0259nda\u015f Elnur Astanb\u0259ylid\u0259n iqtibas g\u0259tir\u0259rdim:\n<\/p>\n<p>\n  &#8220;Y\u00fcks\u0259klikl\u0259r al\u0131ns\u0131n, amma al\u00e7aql\u0131qlar da unudulmas\u0131n!&#8221;\n<\/p>\n<p>\n  <b><br \/>\n    Yaz\u0131 m\u00fc\u0259llifin \u015f\u0259xsi m\u00f6vqeyini \u0259ks etdirir&#8230;<br \/>\n  <\/b><\/p>\n","protected":false},"excerpt":{"rendered":"<p>S\u0259b\u0259bl\u0259r v\u0259 n\u0259tic\u0259l\u0259r&#8230;<\/p>\n","protected":false},"author":11,"featured_media":53814,"comment_status":"closed","ping_status":"open","sticky":false,"template":"","format":"standard","meta":{"_acf_changed":false,"_sitemap_exclude":false,"_sitemap_priority":"","_sitemap_frequency":"","footnotes":""},"categories":[57],"tags":[],"class_list":["post-174959","post","type-post","status-publish","format-standard","has-post-thumbnail","hentry","category-menim-fikrimce","infinite-scroll-item","generate-columns","tablet-grid-50","mobile-grid-100","grid-parent","grid-33","no-featured-image-padding"],"acf":[],"yoast_head":"<!-- This site is optimized with the Yoast SEO plugin v27.5 - https:\/\/yoast.com\/product\/yoast-seo-wordpress\/ -->\n<title>\u00dc\u00e7g\u00fcnl\u00fck m\u00fcharib\u0259 - MEYDAN.TV<\/title>\n<meta name=\"robots\" content=\"index, follow, max-snippet:-1, max-image-preview:large, max-video-preview:-1\" \/>\n<link rel=\"canonical\" href=\"https:\/\/www.meydan.tv\/az\/article\/ucgunluk-muharibe\/\" \/>\n<meta property=\"og:locale\" content=\"az_AZ\" \/>\n<meta property=\"og:type\" content=\"article\" \/>\n<meta property=\"og:title\" content=\"\u00dc\u00e7g\u00fcnl\u00fck m\u00fcharib\u0259 - MEYDAN.TV\" \/>\n<meta property=\"og:description\" content=\"S\u0259b\u0259bl\u0259r v\u0259 n\u0259tic\u0259l\u0259r...\" \/>\n<meta property=\"og:url\" content=\"https:\/\/www.meydan.tv\/az\/article\/ucgunluk-muharibe\/\" \/>\n<meta property=\"og:site_name\" content=\"MEYDAN.TV\" \/>\n<meta property=\"article:published_time\" content=\"2016-04-06T23:58:24+00:00\" \/>\n<meta property=\"og:image\" content=\"https:\/\/www.meydan.tv\/wp-content\/uploads\/20344.jpg\" \/>\n\t<meta property=\"og:image:width\" content=\"500\" \/>\n\t<meta property=\"og:image:height\" content=\"500\" \/>\n\t<meta property=\"og:image:type\" content=\"image\/jpeg\" \/>\n<meta name=\"author\" content=\"user-manager\" \/>\n<meta name=\"twitter:card\" content=\"summary_large_image\" \/>\n<script type=\"application\/ld+json\" class=\"yoast-schema-graph\">{\"@context\":\"https:\\\/\\\/schema.org\",\"@graph\":[{\"@type\":\"Article\",\"@id\":\"https:\\\/\\\/www.meydan.tv\\\/az\\\/article\\\/ucgunluk-muharibe\\\/#article\",\"isPartOf\":{\"@id\":\"https:\\\/\\\/www.meydan.tv\\\/az\\\/article\\\/ucgunluk-muharibe\\\/\"},\"author\":{\"name\":\"user-manager\",\"@id\":\"https:\\\/\\\/www.meydan.tv\\\/az\\\/#\\\/schema\\\/person\\\/10d11eccf6da3662cf5fdab9806ea91a\"},\"headline\":\"\u00dc\u00e7g\u00fcnl\u00fck m\u00fcharib\u0259\",\"datePublished\":\"2016-04-06T23:58:24+00:00\",\"mainEntityOfPage\":{\"@id\":\"https:\\\/\\\/www.meydan.tv\\\/az\\\/article\\\/ucgunluk-muharibe\\\/\"},\"wordCount\":1403,\"publisher\":{\"@id\":\"https:\\\/\\\/www.meydan.tv\\\/az\\\/#organization\"},\"image\":{\"@id\":\"https:\\\/\\\/www.meydan.tv\\\/az\\\/article\\\/ucgunluk-muharibe\\\/#primaryimage\"},\"thumbnailUrl\":\"https:\\\/\\\/www.meydan.tv\\\/wp-content\\\/uploads\\\/20344.jpg\",\"articleSection\":[\"M\u0259nim Fikrimc\u0259\"],\"inLanguage\":\"az\"},{\"@type\":\"WebPage\",\"@id\":\"https:\\\/\\\/www.meydan.tv\\\/az\\\/article\\\/ucgunluk-muharibe\\\/\",\"url\":\"https:\\\/\\\/www.meydan.tv\\\/az\\\/article\\\/ucgunluk-muharibe\\\/\",\"name\":\"\u00dc\u00e7g\u00fcnl\u00fck m\u00fcharib\u0259 - MEYDAN.TV\",\"isPartOf\":{\"@id\":\"https:\\\/\\\/www.meydan.tv\\\/az\\\/#website\"},\"primaryImageOfPage\":{\"@id\":\"https:\\\/\\\/www.meydan.tv\\\/az\\\/article\\\/ucgunluk-muharibe\\\/#primaryimage\"},\"image\":{\"@id\":\"https:\\\/\\\/www.meydan.tv\\\/az\\\/article\\\/ucgunluk-muharibe\\\/#primaryimage\"},\"thumbnailUrl\":\"https:\\\/\\\/www.meydan.tv\\\/wp-content\\\/uploads\\\/20344.jpg\",\"datePublished\":\"2016-04-06T23:58:24+00:00\",\"breadcrumb\":{\"@id\":\"https:\\\/\\\/www.meydan.tv\\\/az\\\/article\\\/ucgunluk-muharibe\\\/#breadcrumb\"},\"inLanguage\":\"az\",\"potentialAction\":[{\"@type\":\"ReadAction\",\"target\":[\"https:\\\/\\\/www.meydan.tv\\\/az\\\/article\\\/ucgunluk-muharibe\\\/\"]}]},{\"@type\":\"ImageObject\",\"inLanguage\":\"az\",\"@id\":\"https:\\\/\\\/www.meydan.tv\\\/az\\\/article\\\/ucgunluk-muharibe\\\/#primaryimage\",\"url\":\"https:\\\/\\\/www.meydan.tv\\\/wp-content\\\/uploads\\\/20344.jpg\",\"contentUrl\":\"https:\\\/\\\/www.meydan.tv\\\/wp-content\\\/uploads\\\/20344.jpg\",\"width\":500,\"height\":500,\"caption\":\"Source:\"},{\"@type\":\"BreadcrumbList\",\"@id\":\"https:\\\/\\\/www.meydan.tv\\\/az\\\/article\\\/ucgunluk-muharibe\\\/#breadcrumb\",\"itemListElement\":[{\"@type\":\"ListItem\",\"position\":1,\"name\":\"Ana s\u0259hif\u0259\",\"item\":\"https:\\\/\\\/www.meydan.tv\\\/az\\\/\"},{\"@type\":\"ListItem\",\"position\":2,\"name\":\"M\u0259nim Fikrimc\u0259\",\"item\":\"https:\\\/\\\/www.meydan.tv\\\/az\\\/section\\\/menim-fikrimce\\\/\"},{\"@type\":\"ListItem\",\"position\":3,\"name\":\"\u00dc\u00e7g\u00fcnl\u00fck m\u00fcharib\u0259\"}]},{\"@type\":\"WebSite\",\"@id\":\"https:\\\/\\\/www.meydan.tv\\\/az\\\/#website\",\"url\":\"https:\\\/\\\/www.meydan.tv\\\/az\\\/\",\"name\":\"MEYDAN.TV\",\"description\":\"Meydan TV Az\u0259rbaycan\u0131n media m\u0259kan\u0131ndak\u0131 alternativ s\u0259sidir\",\"publisher\":{\"@id\":\"https:\\\/\\\/www.meydan.tv\\\/az\\\/#organization\"},\"potentialAction\":[{\"@type\":\"SearchAction\",\"target\":{\"@type\":\"EntryPoint\",\"urlTemplate\":\"https:\\\/\\\/www.meydan.tv\\\/az\\\/?s={search_term_string}\"},\"query-input\":{\"@type\":\"PropertyValueSpecification\",\"valueRequired\":true,\"valueName\":\"search_term_string\"}}],\"inLanguage\":\"az\"},{\"@type\":\"Organization\",\"@id\":\"https:\\\/\\\/www.meydan.tv\\\/az\\\/#organization\",\"name\":\"Meydan TV\",\"url\":\"https:\\\/\\\/www.meydan.tv\\\/az\\\/\",\"logo\":{\"@type\":\"ImageObject\",\"inLanguage\":\"az\",\"@id\":\"https:\\\/\\\/www.meydan.tv\\\/az\\\/#\\\/schema\\\/logo\\\/image\\\/\",\"url\":\"https:\\\/\\\/www.meydan.tv\\\/wp-content\\\/uploads\\\/2021\\\/07\\\/meydan-logo.svg\",\"contentUrl\":\"https:\\\/\\\/www.meydan.tv\\\/wp-content\\\/uploads\\\/2021\\\/07\\\/meydan-logo.svg\",\"width\":195,\"height\":46,\"caption\":\"Meydan TV\"},\"image\":{\"@id\":\"https:\\\/\\\/www.meydan.tv\\\/az\\\/#\\\/schema\\\/logo\\\/image\\\/\"}},{\"@type\":\"Person\",\"@id\":\"https:\\\/\\\/www.meydan.tv\\\/az\\\/#\\\/schema\\\/person\\\/10d11eccf6da3662cf5fdab9806ea91a\",\"name\":\"user-manager\"}]}<\/script>\n<!-- \/ Yoast SEO plugin. -->","yoast_head_json":{"title":"\u00dc\u00e7g\u00fcnl\u00fck m\u00fcharib\u0259 - MEYDAN.TV","robots":{"index":"index","follow":"follow","max-snippet":"max-snippet:-1","max-image-preview":"max-image-preview:large","max-video-preview":"max-video-preview:-1"},"canonical":"https:\/\/www.meydan.tv\/az\/article\/ucgunluk-muharibe\/","og_locale":"az_AZ","og_type":"article","og_title":"\u00dc\u00e7g\u00fcnl\u00fck m\u00fcharib\u0259 - MEYDAN.TV","og_description":"S\u0259b\u0259bl\u0259r v\u0259 n\u0259tic\u0259l\u0259r...","og_url":"https:\/\/www.meydan.tv\/az\/article\/ucgunluk-muharibe\/","og_site_name":"MEYDAN.TV","article_published_time":"2016-04-06T23:58:24+00:00","og_image":[{"width":500,"height":500,"url":"https:\/\/www.meydan.tv\/wp-content\/uploads\/20344.jpg","type":"image\/jpeg"}],"author":"user-manager","twitter_card":"summary_large_image","schema":{"@context":"https:\/\/schema.org","@graph":[{"@type":"Article","@id":"https:\/\/www.meydan.tv\/az\/article\/ucgunluk-muharibe\/#article","isPartOf":{"@id":"https:\/\/www.meydan.tv\/az\/article\/ucgunluk-muharibe\/"},"author":{"name":"user-manager","@id":"https:\/\/www.meydan.tv\/az\/#\/schema\/person\/10d11eccf6da3662cf5fdab9806ea91a"},"headline":"\u00dc\u00e7g\u00fcnl\u00fck m\u00fcharib\u0259","datePublished":"2016-04-06T23:58:24+00:00","mainEntityOfPage":{"@id":"https:\/\/www.meydan.tv\/az\/article\/ucgunluk-muharibe\/"},"wordCount":1403,"publisher":{"@id":"https:\/\/www.meydan.tv\/az\/#organization"},"image":{"@id":"https:\/\/www.meydan.tv\/az\/article\/ucgunluk-muharibe\/#primaryimage"},"thumbnailUrl":"https:\/\/www.meydan.tv\/wp-content\/uploads\/20344.jpg","articleSection":["M\u0259nim Fikrimc\u0259"],"inLanguage":"az"},{"@type":"WebPage","@id":"https:\/\/www.meydan.tv\/az\/article\/ucgunluk-muharibe\/","url":"https:\/\/www.meydan.tv\/az\/article\/ucgunluk-muharibe\/","name":"\u00dc\u00e7g\u00fcnl\u00fck m\u00fcharib\u0259 - MEYDAN.TV","isPartOf":{"@id":"https:\/\/www.meydan.tv\/az\/#website"},"primaryImageOfPage":{"@id":"https:\/\/www.meydan.tv\/az\/article\/ucgunluk-muharibe\/#primaryimage"},"image":{"@id":"https:\/\/www.meydan.tv\/az\/article\/ucgunluk-muharibe\/#primaryimage"},"thumbnailUrl":"https:\/\/www.meydan.tv\/wp-content\/uploads\/20344.jpg","datePublished":"2016-04-06T23:58:24+00:00","breadcrumb":{"@id":"https:\/\/www.meydan.tv\/az\/article\/ucgunluk-muharibe\/#breadcrumb"},"inLanguage":"az","potentialAction":[{"@type":"ReadAction","target":["https:\/\/www.meydan.tv\/az\/article\/ucgunluk-muharibe\/"]}]},{"@type":"ImageObject","inLanguage":"az","@id":"https:\/\/www.meydan.tv\/az\/article\/ucgunluk-muharibe\/#primaryimage","url":"https:\/\/www.meydan.tv\/wp-content\/uploads\/20344.jpg","contentUrl":"https:\/\/www.meydan.tv\/wp-content\/uploads\/20344.jpg","width":500,"height":500,"caption":"Source:"},{"@type":"BreadcrumbList","@id":"https:\/\/www.meydan.tv\/az\/article\/ucgunluk-muharibe\/#breadcrumb","itemListElement":[{"@type":"ListItem","position":1,"name":"Ana s\u0259hif\u0259","item":"https:\/\/www.meydan.tv\/az\/"},{"@type":"ListItem","position":2,"name":"M\u0259nim Fikrimc\u0259","item":"https:\/\/www.meydan.tv\/az\/section\/menim-fikrimce\/"},{"@type":"ListItem","position":3,"name":"\u00dc\u00e7g\u00fcnl\u00fck m\u00fcharib\u0259"}]},{"@type":"WebSite","@id":"https:\/\/www.meydan.tv\/az\/#website","url":"https:\/\/www.meydan.tv\/az\/","name":"MEYDAN.TV","description":"Meydan TV Az\u0259rbaycan\u0131n media m\u0259kan\u0131ndak\u0131 alternativ s\u0259sidir","publisher":{"@id":"https:\/\/www.meydan.tv\/az\/#organization"},"potentialAction":[{"@type":"SearchAction","target":{"@type":"EntryPoint","urlTemplate":"https:\/\/www.meydan.tv\/az\/?s={search_term_string}"},"query-input":{"@type":"PropertyValueSpecification","valueRequired":true,"valueName":"search_term_string"}}],"inLanguage":"az"},{"@type":"Organization","@id":"https:\/\/www.meydan.tv\/az\/#organization","name":"Meydan TV","url":"https:\/\/www.meydan.tv\/az\/","logo":{"@type":"ImageObject","inLanguage":"az","@id":"https:\/\/www.meydan.tv\/az\/#\/schema\/logo\/image\/","url":"https:\/\/www.meydan.tv\/wp-content\/uploads\/2021\/07\/meydan-logo.svg","contentUrl":"https:\/\/www.meydan.tv\/wp-content\/uploads\/2021\/07\/meydan-logo.svg","width":195,"height":46,"caption":"Meydan TV"},"image":{"@id":"https:\/\/www.meydan.tv\/az\/#\/schema\/logo\/image\/"}},{"@type":"Person","@id":"https:\/\/www.meydan.tv\/az\/#\/schema\/person\/10d11eccf6da3662cf5fdab9806ea91a","name":"user-manager"}]}},"_links":{"self":[{"href":"https:\/\/www.meydan.tv\/az\/wp-json\/wp\/v2\/posts\/174959","targetHints":{"allow":["GET"]}}],"collection":[{"href":"https:\/\/www.meydan.tv\/az\/wp-json\/wp\/v2\/posts"}],"about":[{"href":"https:\/\/www.meydan.tv\/az\/wp-json\/wp\/v2\/types\/post"}],"author":[{"embeddable":true,"href":"https:\/\/www.meydan.tv\/az\/wp-json\/wp\/v2\/users\/11"}],"replies":[{"embeddable":true,"href":"https:\/\/www.meydan.tv\/az\/wp-json\/wp\/v2\/comments?post=174959"}],"version-history":[{"count":0,"href":"https:\/\/www.meydan.tv\/az\/wp-json\/wp\/v2\/posts\/174959\/revisions"}],"wp:featuredmedia":[{"embeddable":true,"href":"https:\/\/www.meydan.tv\/az\/wp-json\/wp\/v2\/media\/53814"}],"wp:attachment":[{"href":"https:\/\/www.meydan.tv\/az\/wp-json\/wp\/v2\/media?parent=174959"}],"wp:term":[{"taxonomy":"category","embeddable":true,"href":"https:\/\/www.meydan.tv\/az\/wp-json\/wp\/v2\/categories?post=174959"},{"taxonomy":"post_tag","embeddable":true,"href":"https:\/\/www.meydan.tv\/az\/wp-json\/wp\/v2\/tags?post=174959"}],"curies":[{"name":"wp","href":"https:\/\/api.w.org\/{rel}","templated":true}]}}