{"id":174955,"date":"2016-04-06T23:00:29","date_gmt":"2016-04-06T23:00:29","guid":{"rendered":"https:\/\/www.meydan.tv\/article\/romada-parlament-binasi-qarsisinda-qarabag-ucun-aksiya-video\/"},"modified":"2016-04-06T23:00:29","modified_gmt":"2016-04-06T23:00:29","slug":"romada-parlament-binasi-qarsisinda-qarabag-ucun-aksiya-video","status":"publish","type":"post","link":"https:\/\/www.meydan.tv\/az\/article\/romada-parlament-binasi-qarsisinda-qarabag-ucun-aksiya-video\/","title":{"rendered":"Romada Parlament binas\u0131 qar\u015f\u0131s\u0131nda Qaraba\u011f \u00fc\u00e7\u00fcn aksiya (V\u0130DEO)"},"content":{"rendered":"<figure class=\"wp-block-embed is-type-video is-provider-youtube wp-block-embed-youtube wp-embed-aspect-16-9 wp-has-aspect-ratio\">\n<div class=\"wp-block-embed__wrapper\">\n    <iframe\ttitle=\"\" width=\"1200\" height=\"675\" data-src=\"https:\/\/www.youtube.com\/embed\/flt7LxbyhdI\"\tframeborder=\"0\"\tallow=\"accelerometer; autoplay; clipboard-write; encrypted-media; gyroscope; picture-in-picture\" allowfullscreen src=\"data:image\/svg+xml;base64,PHN2ZyB3aWR0aD0iMSIgaGVpZ2h0PSIxIiB4bWxucz0iaHR0cDovL3d3dy53My5vcmcvMjAwMC9zdmciPjwvc3ZnPg==\" class=\"lazyload\" data-load-mode=\"1\"><\/iframe>\n  <\/div><figcaption><\/figcaption><\/figure>\n<p>\n  Bu g\u00fcn \u0130taliyan\u0131n paytaxt\u0131 Roma \u015f\u0259h\u0259rind\u0259 Parlamentin binas\u0131 qar\u015f\u0131s\u0131nda Qaraba\u011f \u00fc\u00e7\u00fcn aksiya ba\u015f tutub<\/p>\n","protected":false},"excerpt":{"rendered":"<p>Bu g\u00fcn \u0130taliyan\u0131n paytaxt\u0131 Roma \u015f\u0259h\u0259rind\u0259 Parlamentin binas\u0131 qar\u015f\u0131s\u0131nda Qaraba\u011f &#8230; <\/p>\n<p class=\"read-more-container\"><a title=\"Romada Parlament binas\u0131 qar\u015f\u0131s\u0131nda Qaraba\u011f \u00fc\u00e7\u00fcn aksiya (V\u0130DEO)\" class=\"read-more button\" href=\"https:\/\/www.meydan.tv\/az\/article\/romada-parlament-binasi-qarsisinda-qarabag-ucun-aksiya-video\/#more-174955\" aria-label=\"Read more about Romada Parlament binas\u0131 qar\u015f\u0131s\u0131nda Qaraba\u011f \u00fc\u00e7\u00fcn aksiya (V\u0130DEO)\">Davam\u0131<\/a><\/p>\n","protected":false},"author":11,"featured_media":53883,"comment_status":"closed","ping_status":"open","sticky":false,"template":"","format":"standard","meta":{"_acf_changed":false,"_sitemap_exclude":false,"_sitemap_priority":"","_sitemap_frequency":"","footnotes":""},"categories":[51],"tags":[],"class_list":["post-174955","post","type-post","status-publish","format-standard","has-post-thumbnail","hentry","category-analitika","infinite-scroll-item","generate-columns","tablet-grid-50","mobile-grid-100","grid-parent","grid-33","no-featured-image-padding"],"acf":[],"yoast_head":"<!-- This site is optimized with the Yoast SEO plugin v27.5 - https:\/\/yoast.com\/product\/yoast-seo-wordpress\/ -->\n<title>Romada Parlament binas\u0131 qar\u015f\u0131s\u0131nda Qaraba\u011f \u00fc\u00e7\u00fcn aksiya (V\u0130DEO) - MEYDAN.TV<\/title>\n<meta name=\"robots\" content=\"index, follow, max-snippet:-1, max-image-preview:large, max-video-preview:-1\" \/>\n<link rel=\"canonical\" href=\"https:\/\/www.meydan.tv\/az\/article\/romada-parlament-binasi-qarsisinda-qarabag-ucun-aksiya-video\/\" \/>\n<meta property=\"og:locale\" content=\"az_AZ\" \/>\n<meta property=\"og:type\" content=\"article\" \/>\n<meta property=\"og:title\" content=\"Romada Parlament binas\u0131 qar\u015f\u0131s\u0131nda Qaraba\u011f \u00fc\u00e7\u00fcn aksiya (V\u0130DEO) - MEYDAN.TV\" \/>\n<meta property=\"og:description\" content=\"Bu g\u00fcn \u0130taliyan\u0131n paytaxt\u0131 Roma \u015f\u0259h\u0259rind\u0259 Parlamentin binas\u0131 qar\u015f\u0131s\u0131nda Qaraba\u011f ... Davam\u0131\" \/>\n<meta property=\"og:url\" content=\"https:\/\/www.meydan.tv\/az\/article\/romada-parlament-binasi-qarsisinda-qarabag-ucun-aksiya-video\/\" \/>\n<meta property=\"og:site_name\" content=\"MEYDAN.TV\" \/>\n<meta property=\"article:published_time\" content=\"2016-04-06T23:00:29+00:00\" \/>\n<meta property=\"og:image\" content=\"https:\/\/www.meydan.tv\/wp-content\/uploads\/20343.jpg\" \/>\n\t<meta property=\"og:image:width\" content=\"720\" \/>\n\t<meta property=\"og:image:height\" content=\"479\" \/>\n\t<meta property=\"og:image:type\" content=\"image\/jpeg\" \/>\n<meta name=\"author\" content=\"user-manager\" \/>\n<meta name=\"twitter:card\" content=\"summary_large_image\" \/>\n<script type=\"application\/ld+json\" class=\"yoast-schema-graph\">{\"@context\":\"https:\\\/\\\/schema.org\",\"@graph\":[{\"@type\":\"Article\",\"@id\":\"https:\\\/\\\/www.meydan.tv\\\/az\\\/article\\\/romada-parlament-binasi-qarsisinda-qarabag-ucun-aksiya-video\\\/#article\",\"isPartOf\":{\"@id\":\"https:\\\/\\\/www.meydan.tv\\\/az\\\/article\\\/romada-parlament-binasi-qarsisinda-qarabag-ucun-aksiya-video\\\/\"},\"author\":{\"name\":\"user-manager\",\"@id\":\"https:\\\/\\\/www.meydan.tv\\\/az\\\/#\\\/schema\\\/person\\\/10d11eccf6da3662cf5fdab9806ea91a\"},\"headline\":\"Romada Parlament binas\u0131 qar\u015f\u0131s\u0131nda Qaraba\u011f \u00fc\u00e7\u00fcn aksiya (V\u0130DEO)\",\"datePublished\":\"2016-04-06T23:00:29+00:00\",\"mainEntityOfPage\":{\"@id\":\"https:\\\/\\\/www.meydan.tv\\\/az\\\/article\\\/romada-parlament-binasi-qarsisinda-qarabag-ucun-aksiya-video\\\/\"},\"wordCount\":30,\"publisher\":{\"@id\":\"https:\\\/\\\/www.meydan.tv\\\/az\\\/#organization\"},\"image\":{\"@id\":\"https:\\\/\\\/www.meydan.tv\\\/az\\\/article\\\/romada-parlament-binasi-qarsisinda-qarabag-ucun-aksiya-video\\\/#primaryimage\"},\"thumbnailUrl\":\"https:\\\/\\\/www.meydan.tv\\\/wp-content\\\/uploads\\\/20343.jpg\",\"articleSection\":[\"Analitika\"],\"inLanguage\":\"az\"},{\"@type\":\"WebPage\",\"@id\":\"https:\\\/\\\/www.meydan.tv\\\/az\\\/article\\\/romada-parlament-binasi-qarsisinda-qarabag-ucun-aksiya-video\\\/\",\"url\":\"https:\\\/\\\/www.meydan.tv\\\/az\\\/article\\\/romada-parlament-binasi-qarsisinda-qarabag-ucun-aksiya-video\\\/\",\"name\":\"Romada Parlament binas\u0131 qar\u015f\u0131s\u0131nda Qaraba\u011f \u00fc\u00e7\u00fcn aksiya (V\u0130DEO) - MEYDAN.TV\",\"isPartOf\":{\"@id\":\"https:\\\/\\\/www.meydan.tv\\\/az\\\/#website\"},\"primaryImageOfPage\":{\"@id\":\"https:\\\/\\\/www.meydan.tv\\\/az\\\/article\\\/romada-parlament-binasi-qarsisinda-qarabag-ucun-aksiya-video\\\/#primaryimage\"},\"image\":{\"@id\":\"https:\\\/\\\/www.meydan.tv\\\/az\\\/article\\\/romada-parlament-binasi-qarsisinda-qarabag-ucun-aksiya-video\\\/#primaryimage\"},\"thumbnailUrl\":\"https:\\\/\\\/www.meydan.tv\\\/wp-content\\\/uploads\\\/20343.jpg\",\"datePublished\":\"2016-04-06T23:00:29+00:00\",\"breadcrumb\":{\"@id\":\"https:\\\/\\\/www.meydan.tv\\\/az\\\/article\\\/romada-parlament-binasi-qarsisinda-qarabag-ucun-aksiya-video\\\/#breadcrumb\"},\"inLanguage\":\"az\",\"potentialAction\":[{\"@type\":\"ReadAction\",\"target\":[\"https:\\\/\\\/www.meydan.tv\\\/az\\\/article\\\/romada-parlament-binasi-qarsisinda-qarabag-ucun-aksiya-video\\\/\"]}]},{\"@type\":\"ImageObject\",\"inLanguage\":\"az\",\"@id\":\"https:\\\/\\\/www.meydan.tv\\\/az\\\/article\\\/romada-parlament-binasi-qarsisinda-qarabag-ucun-aksiya-video\\\/#primaryimage\",\"url\":\"https:\\\/\\\/www.meydan.tv\\\/wp-content\\\/uploads\\\/20343.jpg\",\"contentUrl\":\"https:\\\/\\\/www.meydan.tv\\\/wp-content\\\/uploads\\\/20343.jpg\",\"width\":720,\"height\":479,\"caption\":\"Source:\"},{\"@type\":\"BreadcrumbList\",\"@id\":\"https:\\\/\\\/www.meydan.tv\\\/az\\\/article\\\/romada-parlament-binasi-qarsisinda-qarabag-ucun-aksiya-video\\\/#breadcrumb\",\"itemListElement\":[{\"@type\":\"ListItem\",\"position\":1,\"name\":\"Ana s\u0259hif\u0259\",\"item\":\"https:\\\/\\\/www.meydan.tv\\\/az\\\/\"},{\"@type\":\"ListItem\",\"position\":2,\"name\":\"Analitika\",\"item\":\"https:\\\/\\\/www.meydan.tv\\\/az\\\/section\\\/analitika\\\/\"},{\"@type\":\"ListItem\",\"position\":3,\"name\":\"Romada Parlament binas\u0131 qar\u015f\u0131s\u0131nda Qaraba\u011f \u00fc\u00e7\u00fcn aksiya (V\u0130DEO)\"}]},{\"@type\":\"WebSite\",\"@id\":\"https:\\\/\\\/www.meydan.tv\\\/az\\\/#website\",\"url\":\"https:\\\/\\\/www.meydan.tv\\\/az\\\/\",\"name\":\"MEYDAN.TV\",\"description\":\"Meydan TV Az\u0259rbaycan\u0131n media m\u0259kan\u0131ndak\u0131 alternativ s\u0259sidir\",\"publisher\":{\"@id\":\"https:\\\/\\\/www.meydan.tv\\\/az\\\/#organization\"},\"potentialAction\":[{\"@type\":\"SearchAction\",\"target\":{\"@type\":\"EntryPoint\",\"urlTemplate\":\"https:\\\/\\\/www.meydan.tv\\\/az\\\/?s={search_term_string}\"},\"query-input\":{\"@type\":\"PropertyValueSpecification\",\"valueRequired\":true,\"valueName\":\"search_term_string\"}}],\"inLanguage\":\"az\"},{\"@type\":\"Organization\",\"@id\":\"https:\\\/\\\/www.meydan.tv\\\/az\\\/#organization\",\"name\":\"Meydan TV\",\"url\":\"https:\\\/\\\/www.meydan.tv\\\/az\\\/\",\"logo\":{\"@type\":\"ImageObject\",\"inLanguage\":\"az\",\"@id\":\"https:\\\/\\\/www.meydan.tv\\\/az\\\/#\\\/schema\\\/logo\\\/image\\\/\",\"url\":\"https:\\\/\\\/www.meydan.tv\\\/wp-content\\\/uploads\\\/2021\\\/07\\\/meydan-logo.svg\",\"contentUrl\":\"https:\\\/\\\/www.meydan.tv\\\/wp-content\\\/uploads\\\/2021\\\/07\\\/meydan-logo.svg\",\"width\":195,\"height\":46,\"caption\":\"Meydan TV\"},\"image\":{\"@id\":\"https:\\\/\\\/www.meydan.tv\\\/az\\\/#\\\/schema\\\/logo\\\/image\\\/\"}},{\"@type\":\"Person\",\"@id\":\"https:\\\/\\\/www.meydan.tv\\\/az\\\/#\\\/schema\\\/person\\\/10d11eccf6da3662cf5fdab9806ea91a\",\"name\":\"user-manager\"}]}<\/script>\n<!-- \/ Yoast SEO plugin. -->","yoast_head_json":{"title":"Romada Parlament binas\u0131 qar\u015f\u0131s\u0131nda Qaraba\u011f \u00fc\u00e7\u00fcn aksiya (V\u0130DEO) - MEYDAN.TV","robots":{"index":"index","follow":"follow","max-snippet":"max-snippet:-1","max-image-preview":"max-image-preview:large","max-video-preview":"max-video-preview:-1"},"canonical":"https:\/\/www.meydan.tv\/az\/article\/romada-parlament-binasi-qarsisinda-qarabag-ucun-aksiya-video\/","og_locale":"az_AZ","og_type":"article","og_title":"Romada Parlament binas\u0131 qar\u015f\u0131s\u0131nda Qaraba\u011f \u00fc\u00e7\u00fcn aksiya (V\u0130DEO) - MEYDAN.TV","og_description":"Bu g\u00fcn \u0130taliyan\u0131n paytaxt\u0131 Roma \u015f\u0259h\u0259rind\u0259 Parlamentin binas\u0131 qar\u015f\u0131s\u0131nda Qaraba\u011f ... Davam\u0131","og_url":"https:\/\/www.meydan.tv\/az\/article\/romada-parlament-binasi-qarsisinda-qarabag-ucun-aksiya-video\/","og_site_name":"MEYDAN.TV","article_published_time":"2016-04-06T23:00:29+00:00","og_image":[{"width":720,"height":479,"url":"https:\/\/www.meydan.tv\/wp-content\/uploads\/20343.jpg","type":"image\/jpeg"}],"author":"user-manager","twitter_card":"summary_large_image","schema":{"@context":"https:\/\/schema.org","@graph":[{"@type":"Article","@id":"https:\/\/www.meydan.tv\/az\/article\/romada-parlament-binasi-qarsisinda-qarabag-ucun-aksiya-video\/#article","isPartOf":{"@id":"https:\/\/www.meydan.tv\/az\/article\/romada-parlament-binasi-qarsisinda-qarabag-ucun-aksiya-video\/"},"author":{"name":"user-manager","@id":"https:\/\/www.meydan.tv\/az\/#\/schema\/person\/10d11eccf6da3662cf5fdab9806ea91a"},"headline":"Romada Parlament binas\u0131 qar\u015f\u0131s\u0131nda Qaraba\u011f \u00fc\u00e7\u00fcn aksiya (V\u0130DEO)","datePublished":"2016-04-06T23:00:29+00:00","mainEntityOfPage":{"@id":"https:\/\/www.meydan.tv\/az\/article\/romada-parlament-binasi-qarsisinda-qarabag-ucun-aksiya-video\/"},"wordCount":30,"publisher":{"@id":"https:\/\/www.meydan.tv\/az\/#organization"},"image":{"@id":"https:\/\/www.meydan.tv\/az\/article\/romada-parlament-binasi-qarsisinda-qarabag-ucun-aksiya-video\/#primaryimage"},"thumbnailUrl":"https:\/\/www.meydan.tv\/wp-content\/uploads\/20343.jpg","articleSection":["Analitika"],"inLanguage":"az"},{"@type":"WebPage","@id":"https:\/\/www.meydan.tv\/az\/article\/romada-parlament-binasi-qarsisinda-qarabag-ucun-aksiya-video\/","url":"https:\/\/www.meydan.tv\/az\/article\/romada-parlament-binasi-qarsisinda-qarabag-ucun-aksiya-video\/","name":"Romada Parlament binas\u0131 qar\u015f\u0131s\u0131nda Qaraba\u011f \u00fc\u00e7\u00fcn aksiya (V\u0130DEO) - MEYDAN.TV","isPartOf":{"@id":"https:\/\/www.meydan.tv\/az\/#website"},"primaryImageOfPage":{"@id":"https:\/\/www.meydan.tv\/az\/article\/romada-parlament-binasi-qarsisinda-qarabag-ucun-aksiya-video\/#primaryimage"},"image":{"@id":"https:\/\/www.meydan.tv\/az\/article\/romada-parlament-binasi-qarsisinda-qarabag-ucun-aksiya-video\/#primaryimage"},"thumbnailUrl":"https:\/\/www.meydan.tv\/wp-content\/uploads\/20343.jpg","datePublished":"2016-04-06T23:00:29+00:00","breadcrumb":{"@id":"https:\/\/www.meydan.tv\/az\/article\/romada-parlament-binasi-qarsisinda-qarabag-ucun-aksiya-video\/#breadcrumb"},"inLanguage":"az","potentialAction":[{"@type":"ReadAction","target":["https:\/\/www.meydan.tv\/az\/article\/romada-parlament-binasi-qarsisinda-qarabag-ucun-aksiya-video\/"]}]},{"@type":"ImageObject","inLanguage":"az","@id":"https:\/\/www.meydan.tv\/az\/article\/romada-parlament-binasi-qarsisinda-qarabag-ucun-aksiya-video\/#primaryimage","url":"https:\/\/www.meydan.tv\/wp-content\/uploads\/20343.jpg","contentUrl":"https:\/\/www.meydan.tv\/wp-content\/uploads\/20343.jpg","width":720,"height":479,"caption":"Source:"},{"@type":"BreadcrumbList","@id":"https:\/\/www.meydan.tv\/az\/article\/romada-parlament-binasi-qarsisinda-qarabag-ucun-aksiya-video\/#breadcrumb","itemListElement":[{"@type":"ListItem","position":1,"name":"Ana s\u0259hif\u0259","item":"https:\/\/www.meydan.tv\/az\/"},{"@type":"ListItem","position":2,"name":"Analitika","item":"https:\/\/www.meydan.tv\/az\/section\/analitika\/"},{"@type":"ListItem","position":3,"name":"Romada Parlament binas\u0131 qar\u015f\u0131s\u0131nda Qaraba\u011f \u00fc\u00e7\u00fcn aksiya (V\u0130DEO)"}]},{"@type":"WebSite","@id":"https:\/\/www.meydan.tv\/az\/#website","url":"https:\/\/www.meydan.tv\/az\/","name":"MEYDAN.TV","description":"Meydan TV Az\u0259rbaycan\u0131n media m\u0259kan\u0131ndak\u0131 alternativ s\u0259sidir","publisher":{"@id":"https:\/\/www.meydan.tv\/az\/#organization"},"potentialAction":[{"@type":"SearchAction","target":{"@type":"EntryPoint","urlTemplate":"https:\/\/www.meydan.tv\/az\/?s={search_term_string}"},"query-input":{"@type":"PropertyValueSpecification","valueRequired":true,"valueName":"search_term_string"}}],"inLanguage":"az"},{"@type":"Organization","@id":"https:\/\/www.meydan.tv\/az\/#organization","name":"Meydan TV","url":"https:\/\/www.meydan.tv\/az\/","logo":{"@type":"ImageObject","inLanguage":"az","@id":"https:\/\/www.meydan.tv\/az\/#\/schema\/logo\/image\/","url":"https:\/\/www.meydan.tv\/wp-content\/uploads\/2021\/07\/meydan-logo.svg","contentUrl":"https:\/\/www.meydan.tv\/wp-content\/uploads\/2021\/07\/meydan-logo.svg","width":195,"height":46,"caption":"Meydan TV"},"image":{"@id":"https:\/\/www.meydan.tv\/az\/#\/schema\/logo\/image\/"}},{"@type":"Person","@id":"https:\/\/www.meydan.tv\/az\/#\/schema\/person\/10d11eccf6da3662cf5fdab9806ea91a","name":"user-manager"}]}},"_links":{"self":[{"href":"https:\/\/www.meydan.tv\/az\/wp-json\/wp\/v2\/posts\/174955","targetHints":{"allow":["GET"]}}],"collection":[{"href":"https:\/\/www.meydan.tv\/az\/wp-json\/wp\/v2\/posts"}],"about":[{"href":"https:\/\/www.meydan.tv\/az\/wp-json\/wp\/v2\/types\/post"}],"author":[{"embeddable":true,"href":"https:\/\/www.meydan.tv\/az\/wp-json\/wp\/v2\/users\/11"}],"replies":[{"embeddable":true,"href":"https:\/\/www.meydan.tv\/az\/wp-json\/wp\/v2\/comments?post=174955"}],"version-history":[{"count":0,"href":"https:\/\/www.meydan.tv\/az\/wp-json\/wp\/v2\/posts\/174955\/revisions"}],"wp:featuredmedia":[{"embeddable":true,"href":"https:\/\/www.meydan.tv\/az\/wp-json\/wp\/v2\/media\/53883"}],"wp:attachment":[{"href":"https:\/\/www.meydan.tv\/az\/wp-json\/wp\/v2\/media?parent=174955"}],"wp:term":[{"taxonomy":"category","embeddable":true,"href":"https:\/\/www.meydan.tv\/az\/wp-json\/wp\/v2\/categories?post=174955"},{"taxonomy":"post_tag","embeddable":true,"href":"https:\/\/www.meydan.tv\/az\/wp-json\/wp\/v2\/tags?post=174955"}],"curies":[{"name":"wp","href":"https:\/\/api.w.org\/{rel}","templated":true}]}}