{"id":174906,"date":"2016-04-05T18:08:57","date_gmt":"2016-04-05T18:08:57","guid":{"rendered":"https:\/\/www.meydan.tv\/article\/elmar-memmedyarov-ermenistan-butun-tesebbusleri-redd-edir\/"},"modified":"2016-04-05T18:08:57","modified_gmt":"2016-04-05T18:08:57","slug":"elmar-memmedyarov-ermenistan-butun-tesebbusleri-redd-edir","status":"publish","type":"post","link":"https:\/\/www.meydan.tv\/az\/article\/elmar-memmedyarov-ermenistan-butun-tesebbusleri-redd-edir\/","title":{"rendered":"Elmar M\u0259mm\u0259dyarov: &#8221;Erm\u0259nistan b\u00fct\u00fcn t\u0259\u015f\u0259bb\u00fcsl\u0259ri r\u0259dd edir&#8221;"},"content":{"rendered":"<figure class=\"wp-block-image size-large\">\n  <img decoding=\"async\" src=\"https:\/\/www.meydan.tv\/az\/elmar-memmedyarov-3\/\" alt=\"Elmar M\u0259mm\u0259dyarov\" class=\"wp-image-53706\"\/><figcaption>\n    Elmar M\u0259mm\u0259dyarov<br \/>\n  <\/figcaption><\/figure>\n<figure class=\"wp-block-image size-large\">\n  <img decoding=\"async\" src=\"https:\/\/www.meydan.tv\/az\/elmar-memmedyarov-3\/\" alt=\"Elmar M\u0259mm\u0259dyarov\" class=\"wp-image-53706\"\/><figcaption>\n    Elmar M\u0259mm\u0259dyarov<br \/>\n  <\/figcaption><\/figure>\n<p>\n  <i><br \/>\n    Nazir yenil\u0259nmi\u015f Madrid prinsipl\u0259ri \u0259sas\u0131nda m\u00fcnaqi\u015f\u0259nin m\u0259rh\u0259l\u0259li \u015f\u0259kild\u0259 h\u0259llinin m\u00fcmk\u00fcn oldu\u011funu bildirib<br \/>\n  <\/i>\n<\/p>\n<p>\n  Az\u0259rbaycan Xarici i\u015fl\u0259r naziri Elmar M\u0259mm\u0259dyarov aprelin 4-\u0259 CNN kanal\u0131nda jurnalist Beki Andersonun &#8220;Connect the World&#8221; proqram\u0131nda \u00e7\u0131x\u0131\u015f edib.\n<\/p>\n<p>\n  X\u0130N-in M\u0259tbuat Xidm\u0259tind\u0259n Trend-\u0259 veril\u0259n m\u0259lumatda bildirilir ki, nazir E.M\u0259mm\u0259dyarov c\u0259bh\u0259d\u0259 yaranm\u0131\u015f son g\u0259rginlik, Erm\u0259nistan silahl\u0131 q\u00fcvv\u0259l\u0259rinin c\u0259bh\u0259yan\u0131 \u0259razil\u0259rd\u0259 s\u0131x m\u0259skunla\u015fan az\u0259rbaycanl\u0131 m\u00fclki \u0259halini v\u0259 m\u00fclki obyektl\u0259ri h\u0259d\u0259f\u0259 almas\u0131, Erm\u0259nistan\u0131n h\u0259yata ke\u00e7irdiyi t\u0259xribat\u00e7\u0131 \u0259m\u0259ll\u0259ri haqq\u0131nda m\u0259lumat verib.\n<\/p>\n<p>\n  Nazir E.M\u0259mm\u0259dyarov qeyd edib ki, Erm\u0259nistan\u0131n m\u0259qs\u0259di status-kvonu saxlamaqla m\u00fcnaqi\u015f\u0259nin h\u0259llin\u0259 mane\u0259 yaratmaqdan ibar\u0259tdir.\n<\/p>\n<p>\n  Nazir E.M\u0259mm\u0259dyarov yenil\u0259nmi\u015f Madrid prinsipl\u0259ri \u0259sas\u0131nda m\u00fcnaqi\u015f\u0259nin m\u0259rh\u0259l\u0259li \u015f\u0259kild\u0259 h\u0259llinin m\u00fcmk\u00fcn oldu\u011funu bildirib.\n<\/p>\n<p>\n  Erm\u0259nistan\u0131n h\u0259r bir v\u0259chl\u0259 dan\u0131\u015f\u0131qlar prosesini \u0259ng\u0259ll\u0259diyini v\u0259 b\u00fct\u00fcn t\u0259\u015f\u0259bb\u00fcsl\u0259ri r\u0259dd etdiyini vur\u011fulay\u0131b v\u0259 jurnalistin suallar\u0131n\u0131 cavabland\u0131r\u0131b.<\/p>\n","protected":false},"excerpt":{"rendered":"<p>Nazir yenil\u0259nmi\u015f Madrid prinsipl\u0259ri \u0259sas\u0131nda m\u00fcnaqi\u015f\u0259nin m\u0259rh\u0259l\u0259li \u015f\u0259kild\u0259 h\u0259llinin m\u00fcmk\u00fcn oldu\u011funu bildirib<\/p>\n","protected":false},"author":11,"featured_media":53706,"comment_status":"closed","ping_status":"open","sticky":false,"template":"","format":"standard","meta":{"_acf_changed":false,"_sitemap_exclude":false,"_sitemap_priority":"","_sitemap_frequency":"","footnotes":""},"categories":[51],"tags":[],"class_list":["post-174906","post","type-post","status-publish","format-standard","has-post-thumbnail","hentry","category-analitika","infinite-scroll-item","generate-columns","tablet-grid-50","mobile-grid-100","grid-parent","grid-33","no-featured-image-padding"],"acf":[],"yoast_head":"<!-- This site is optimized with the Yoast SEO plugin v27.5 - https:\/\/yoast.com\/product\/yoast-seo-wordpress\/ -->\n<title>Elmar M\u0259mm\u0259dyarov: &#039;&#039;Erm\u0259nistan b\u00fct\u00fcn t\u0259\u015f\u0259bb\u00fcsl\u0259ri r\u0259dd edir&#039;&#039; - MEYDAN.TV<\/title>\n<meta name=\"robots\" content=\"index, follow, max-snippet:-1, max-image-preview:large, max-video-preview:-1\" \/>\n<link rel=\"canonical\" href=\"https:\/\/www.meydan.tv\/az\/article\/elmar-memmedyarov-ermenistan-butun-tesebbusleri-redd-edir\/\" \/>\n<meta property=\"og:locale\" content=\"az_AZ\" \/>\n<meta property=\"og:type\" content=\"article\" \/>\n<meta property=\"og:title\" content=\"Elmar M\u0259mm\u0259dyarov: &#039;&#039;Erm\u0259nistan b\u00fct\u00fcn t\u0259\u015f\u0259bb\u00fcsl\u0259ri r\u0259dd edir&#039;&#039; - MEYDAN.TV\" \/>\n<meta property=\"og:description\" content=\"Nazir yenil\u0259nmi\u015f Madrid prinsipl\u0259ri \u0259sas\u0131nda m\u00fcnaqi\u015f\u0259nin m\u0259rh\u0259l\u0259li \u015f\u0259kild\u0259 h\u0259llinin m\u00fcmk\u00fcn oldu\u011funu bildirib\" \/>\n<meta property=\"og:url\" content=\"https:\/\/www.meydan.tv\/az\/article\/elmar-memmedyarov-ermenistan-butun-tesebbusleri-redd-edir\/\" \/>\n<meta property=\"og:site_name\" content=\"MEYDAN.TV\" \/>\n<meta property=\"article:published_time\" content=\"2016-04-05T18:08:57+00:00\" \/>\n<meta property=\"og:image\" content=\"https:\/\/www.meydan.tv\/wp-content\/uploads\/20258.jpg\" \/>\n\t<meta property=\"og:image:width\" content=\"467\" \/>\n\t<meta property=\"og:image:height\" content=\"350\" \/>\n\t<meta property=\"og:image:type\" content=\"image\/jpeg\" \/>\n<meta name=\"author\" content=\"user-manager\" \/>\n<meta name=\"twitter:card\" content=\"summary_large_image\" \/>\n<script type=\"application\/ld+json\" class=\"yoast-schema-graph\">{\"@context\":\"https:\\\/\\\/schema.org\",\"@graph\":[{\"@type\":\"Article\",\"@id\":\"https:\\\/\\\/www.meydan.tv\\\/az\\\/article\\\/elmar-memmedyarov-ermenistan-butun-tesebbusleri-redd-edir\\\/#article\",\"isPartOf\":{\"@id\":\"https:\\\/\\\/www.meydan.tv\\\/az\\\/article\\\/elmar-memmedyarov-ermenistan-butun-tesebbusleri-redd-edir\\\/\"},\"author\":{\"name\":\"user-manager\",\"@id\":\"https:\\\/\\\/www.meydan.tv\\\/az\\\/#\\\/schema\\\/person\\\/10d11eccf6da3662cf5fdab9806ea91a\"},\"headline\":\"Elmar M\u0259mm\u0259dyarov: &#8221;Erm\u0259nistan b\u00fct\u00fcn t\u0259\u015f\u0259bb\u00fcsl\u0259ri r\u0259dd edir&#8221;\",\"datePublished\":\"2016-04-05T18:08:57+00:00\",\"mainEntityOfPage\":{\"@id\":\"https:\\\/\\\/www.meydan.tv\\\/az\\\/article\\\/elmar-memmedyarov-ermenistan-butun-tesebbusleri-redd-edir\\\/\"},\"wordCount\":236,\"publisher\":{\"@id\":\"https:\\\/\\\/www.meydan.tv\\\/az\\\/#organization\"},\"image\":{\"@id\":\"https:\\\/\\\/www.meydan.tv\\\/az\\\/article\\\/elmar-memmedyarov-ermenistan-butun-tesebbusleri-redd-edir\\\/#primaryimage\"},\"thumbnailUrl\":\"https:\\\/\\\/www.meydan.tv\\\/wp-content\\\/uploads\\\/20258.jpg\",\"articleSection\":[\"Analitika\"],\"inLanguage\":\"az\"},{\"@type\":\"WebPage\",\"@id\":\"https:\\\/\\\/www.meydan.tv\\\/az\\\/article\\\/elmar-memmedyarov-ermenistan-butun-tesebbusleri-redd-edir\\\/\",\"url\":\"https:\\\/\\\/www.meydan.tv\\\/az\\\/article\\\/elmar-memmedyarov-ermenistan-butun-tesebbusleri-redd-edir\\\/\",\"name\":\"Elmar M\u0259mm\u0259dyarov: ''Erm\u0259nistan b\u00fct\u00fcn t\u0259\u015f\u0259bb\u00fcsl\u0259ri r\u0259dd edir'' - MEYDAN.TV\",\"isPartOf\":{\"@id\":\"https:\\\/\\\/www.meydan.tv\\\/az\\\/#website\"},\"primaryImageOfPage\":{\"@id\":\"https:\\\/\\\/www.meydan.tv\\\/az\\\/article\\\/elmar-memmedyarov-ermenistan-butun-tesebbusleri-redd-edir\\\/#primaryimage\"},\"image\":{\"@id\":\"https:\\\/\\\/www.meydan.tv\\\/az\\\/article\\\/elmar-memmedyarov-ermenistan-butun-tesebbusleri-redd-edir\\\/#primaryimage\"},\"thumbnailUrl\":\"https:\\\/\\\/www.meydan.tv\\\/wp-content\\\/uploads\\\/20258.jpg\",\"datePublished\":\"2016-04-05T18:08:57+00:00\",\"breadcrumb\":{\"@id\":\"https:\\\/\\\/www.meydan.tv\\\/az\\\/article\\\/elmar-memmedyarov-ermenistan-butun-tesebbusleri-redd-edir\\\/#breadcrumb\"},\"inLanguage\":\"az\",\"potentialAction\":[{\"@type\":\"ReadAction\",\"target\":[\"https:\\\/\\\/www.meydan.tv\\\/az\\\/article\\\/elmar-memmedyarov-ermenistan-butun-tesebbusleri-redd-edir\\\/\"]}]},{\"@type\":\"ImageObject\",\"inLanguage\":\"az\",\"@id\":\"https:\\\/\\\/www.meydan.tv\\\/az\\\/article\\\/elmar-memmedyarov-ermenistan-butun-tesebbusleri-redd-edir\\\/#primaryimage\",\"url\":\"https:\\\/\\\/www.meydan.tv\\\/wp-content\\\/uploads\\\/20258.jpg\",\"contentUrl\":\"https:\\\/\\\/www.meydan.tv\\\/wp-content\\\/uploads\\\/20258.jpg\",\"width\":467,\"height\":350,\"caption\":\"Source:\"},{\"@type\":\"BreadcrumbList\",\"@id\":\"https:\\\/\\\/www.meydan.tv\\\/az\\\/article\\\/elmar-memmedyarov-ermenistan-butun-tesebbusleri-redd-edir\\\/#breadcrumb\",\"itemListElement\":[{\"@type\":\"ListItem\",\"position\":1,\"name\":\"Ana s\u0259hif\u0259\",\"item\":\"https:\\\/\\\/www.meydan.tv\\\/az\\\/\"},{\"@type\":\"ListItem\",\"position\":2,\"name\":\"Analitika\",\"item\":\"https:\\\/\\\/www.meydan.tv\\\/az\\\/section\\\/analitika\\\/\"},{\"@type\":\"ListItem\",\"position\":3,\"name\":\"Elmar M\u0259mm\u0259dyarov: &#8221;Erm\u0259nistan b\u00fct\u00fcn t\u0259\u015f\u0259bb\u00fcsl\u0259ri r\u0259dd edir&#8221;\"}]},{\"@type\":\"WebSite\",\"@id\":\"https:\\\/\\\/www.meydan.tv\\\/az\\\/#website\",\"url\":\"https:\\\/\\\/www.meydan.tv\\\/az\\\/\",\"name\":\"MEYDAN.TV\",\"description\":\"Meydan TV Az\u0259rbaycan\u0131n media m\u0259kan\u0131ndak\u0131 alternativ s\u0259sidir\",\"publisher\":{\"@id\":\"https:\\\/\\\/www.meydan.tv\\\/az\\\/#organization\"},\"potentialAction\":[{\"@type\":\"SearchAction\",\"target\":{\"@type\":\"EntryPoint\",\"urlTemplate\":\"https:\\\/\\\/www.meydan.tv\\\/az\\\/?s={search_term_string}\"},\"query-input\":{\"@type\":\"PropertyValueSpecification\",\"valueRequired\":true,\"valueName\":\"search_term_string\"}}],\"inLanguage\":\"az\"},{\"@type\":\"Organization\",\"@id\":\"https:\\\/\\\/www.meydan.tv\\\/az\\\/#organization\",\"name\":\"Meydan TV\",\"url\":\"https:\\\/\\\/www.meydan.tv\\\/az\\\/\",\"logo\":{\"@type\":\"ImageObject\",\"inLanguage\":\"az\",\"@id\":\"https:\\\/\\\/www.meydan.tv\\\/az\\\/#\\\/schema\\\/logo\\\/image\\\/\",\"url\":\"https:\\\/\\\/www.meydan.tv\\\/wp-content\\\/uploads\\\/2021\\\/07\\\/meydan-logo.svg\",\"contentUrl\":\"https:\\\/\\\/www.meydan.tv\\\/wp-content\\\/uploads\\\/2021\\\/07\\\/meydan-logo.svg\",\"width\":195,\"height\":46,\"caption\":\"Meydan TV\"},\"image\":{\"@id\":\"https:\\\/\\\/www.meydan.tv\\\/az\\\/#\\\/schema\\\/logo\\\/image\\\/\"}},{\"@type\":\"Person\",\"@id\":\"https:\\\/\\\/www.meydan.tv\\\/az\\\/#\\\/schema\\\/person\\\/10d11eccf6da3662cf5fdab9806ea91a\",\"name\":\"user-manager\"}]}<\/script>\n<!-- \/ Yoast SEO plugin. -->","yoast_head_json":{"title":"Elmar M\u0259mm\u0259dyarov: ''Erm\u0259nistan b\u00fct\u00fcn t\u0259\u015f\u0259bb\u00fcsl\u0259ri r\u0259dd edir'' - MEYDAN.TV","robots":{"index":"index","follow":"follow","max-snippet":"max-snippet:-1","max-image-preview":"max-image-preview:large","max-video-preview":"max-video-preview:-1"},"canonical":"https:\/\/www.meydan.tv\/az\/article\/elmar-memmedyarov-ermenistan-butun-tesebbusleri-redd-edir\/","og_locale":"az_AZ","og_type":"article","og_title":"Elmar M\u0259mm\u0259dyarov: ''Erm\u0259nistan b\u00fct\u00fcn t\u0259\u015f\u0259bb\u00fcsl\u0259ri r\u0259dd edir'' - MEYDAN.TV","og_description":"Nazir yenil\u0259nmi\u015f Madrid prinsipl\u0259ri \u0259sas\u0131nda m\u00fcnaqi\u015f\u0259nin m\u0259rh\u0259l\u0259li \u015f\u0259kild\u0259 h\u0259llinin m\u00fcmk\u00fcn oldu\u011funu bildirib","og_url":"https:\/\/www.meydan.tv\/az\/article\/elmar-memmedyarov-ermenistan-butun-tesebbusleri-redd-edir\/","og_site_name":"MEYDAN.TV","article_published_time":"2016-04-05T18:08:57+00:00","og_image":[{"width":467,"height":350,"url":"https:\/\/www.meydan.tv\/wp-content\/uploads\/20258.jpg","type":"image\/jpeg"}],"author":"user-manager","twitter_card":"summary_large_image","schema":{"@context":"https:\/\/schema.org","@graph":[{"@type":"Article","@id":"https:\/\/www.meydan.tv\/az\/article\/elmar-memmedyarov-ermenistan-butun-tesebbusleri-redd-edir\/#article","isPartOf":{"@id":"https:\/\/www.meydan.tv\/az\/article\/elmar-memmedyarov-ermenistan-butun-tesebbusleri-redd-edir\/"},"author":{"name":"user-manager","@id":"https:\/\/www.meydan.tv\/az\/#\/schema\/person\/10d11eccf6da3662cf5fdab9806ea91a"},"headline":"Elmar M\u0259mm\u0259dyarov: &#8221;Erm\u0259nistan b\u00fct\u00fcn t\u0259\u015f\u0259bb\u00fcsl\u0259ri r\u0259dd edir&#8221;","datePublished":"2016-04-05T18:08:57+00:00","mainEntityOfPage":{"@id":"https:\/\/www.meydan.tv\/az\/article\/elmar-memmedyarov-ermenistan-butun-tesebbusleri-redd-edir\/"},"wordCount":236,"publisher":{"@id":"https:\/\/www.meydan.tv\/az\/#organization"},"image":{"@id":"https:\/\/www.meydan.tv\/az\/article\/elmar-memmedyarov-ermenistan-butun-tesebbusleri-redd-edir\/#primaryimage"},"thumbnailUrl":"https:\/\/www.meydan.tv\/wp-content\/uploads\/20258.jpg","articleSection":["Analitika"],"inLanguage":"az"},{"@type":"WebPage","@id":"https:\/\/www.meydan.tv\/az\/article\/elmar-memmedyarov-ermenistan-butun-tesebbusleri-redd-edir\/","url":"https:\/\/www.meydan.tv\/az\/article\/elmar-memmedyarov-ermenistan-butun-tesebbusleri-redd-edir\/","name":"Elmar M\u0259mm\u0259dyarov: ''Erm\u0259nistan b\u00fct\u00fcn t\u0259\u015f\u0259bb\u00fcsl\u0259ri r\u0259dd edir'' - MEYDAN.TV","isPartOf":{"@id":"https:\/\/www.meydan.tv\/az\/#website"},"primaryImageOfPage":{"@id":"https:\/\/www.meydan.tv\/az\/article\/elmar-memmedyarov-ermenistan-butun-tesebbusleri-redd-edir\/#primaryimage"},"image":{"@id":"https:\/\/www.meydan.tv\/az\/article\/elmar-memmedyarov-ermenistan-butun-tesebbusleri-redd-edir\/#primaryimage"},"thumbnailUrl":"https:\/\/www.meydan.tv\/wp-content\/uploads\/20258.jpg","datePublished":"2016-04-05T18:08:57+00:00","breadcrumb":{"@id":"https:\/\/www.meydan.tv\/az\/article\/elmar-memmedyarov-ermenistan-butun-tesebbusleri-redd-edir\/#breadcrumb"},"inLanguage":"az","potentialAction":[{"@type":"ReadAction","target":["https:\/\/www.meydan.tv\/az\/article\/elmar-memmedyarov-ermenistan-butun-tesebbusleri-redd-edir\/"]}]},{"@type":"ImageObject","inLanguage":"az","@id":"https:\/\/www.meydan.tv\/az\/article\/elmar-memmedyarov-ermenistan-butun-tesebbusleri-redd-edir\/#primaryimage","url":"https:\/\/www.meydan.tv\/wp-content\/uploads\/20258.jpg","contentUrl":"https:\/\/www.meydan.tv\/wp-content\/uploads\/20258.jpg","width":467,"height":350,"caption":"Source:"},{"@type":"BreadcrumbList","@id":"https:\/\/www.meydan.tv\/az\/article\/elmar-memmedyarov-ermenistan-butun-tesebbusleri-redd-edir\/#breadcrumb","itemListElement":[{"@type":"ListItem","position":1,"name":"Ana s\u0259hif\u0259","item":"https:\/\/www.meydan.tv\/az\/"},{"@type":"ListItem","position":2,"name":"Analitika","item":"https:\/\/www.meydan.tv\/az\/section\/analitika\/"},{"@type":"ListItem","position":3,"name":"Elmar M\u0259mm\u0259dyarov: &#8221;Erm\u0259nistan b\u00fct\u00fcn t\u0259\u015f\u0259bb\u00fcsl\u0259ri r\u0259dd edir&#8221;"}]},{"@type":"WebSite","@id":"https:\/\/www.meydan.tv\/az\/#website","url":"https:\/\/www.meydan.tv\/az\/","name":"MEYDAN.TV","description":"Meydan TV Az\u0259rbaycan\u0131n media m\u0259kan\u0131ndak\u0131 alternativ s\u0259sidir","publisher":{"@id":"https:\/\/www.meydan.tv\/az\/#organization"},"potentialAction":[{"@type":"SearchAction","target":{"@type":"EntryPoint","urlTemplate":"https:\/\/www.meydan.tv\/az\/?s={search_term_string}"},"query-input":{"@type":"PropertyValueSpecification","valueRequired":true,"valueName":"search_term_string"}}],"inLanguage":"az"},{"@type":"Organization","@id":"https:\/\/www.meydan.tv\/az\/#organization","name":"Meydan TV","url":"https:\/\/www.meydan.tv\/az\/","logo":{"@type":"ImageObject","inLanguage":"az","@id":"https:\/\/www.meydan.tv\/az\/#\/schema\/logo\/image\/","url":"https:\/\/www.meydan.tv\/wp-content\/uploads\/2021\/07\/meydan-logo.svg","contentUrl":"https:\/\/www.meydan.tv\/wp-content\/uploads\/2021\/07\/meydan-logo.svg","width":195,"height":46,"caption":"Meydan TV"},"image":{"@id":"https:\/\/www.meydan.tv\/az\/#\/schema\/logo\/image\/"}},{"@type":"Person","@id":"https:\/\/www.meydan.tv\/az\/#\/schema\/person\/10d11eccf6da3662cf5fdab9806ea91a","name":"user-manager"}]}},"_links":{"self":[{"href":"https:\/\/www.meydan.tv\/az\/wp-json\/wp\/v2\/posts\/174906","targetHints":{"allow":["GET"]}}],"collection":[{"href":"https:\/\/www.meydan.tv\/az\/wp-json\/wp\/v2\/posts"}],"about":[{"href":"https:\/\/www.meydan.tv\/az\/wp-json\/wp\/v2\/types\/post"}],"author":[{"embeddable":true,"href":"https:\/\/www.meydan.tv\/az\/wp-json\/wp\/v2\/users\/11"}],"replies":[{"embeddable":true,"href":"https:\/\/www.meydan.tv\/az\/wp-json\/wp\/v2\/comments?post=174906"}],"version-history":[{"count":0,"href":"https:\/\/www.meydan.tv\/az\/wp-json\/wp\/v2\/posts\/174906\/revisions"}],"wp:featuredmedia":[{"embeddable":true,"href":"https:\/\/www.meydan.tv\/az\/wp-json\/wp\/v2\/media\/53706"}],"wp:attachment":[{"href":"https:\/\/www.meydan.tv\/az\/wp-json\/wp\/v2\/media?parent=174906"}],"wp:term":[{"taxonomy":"category","embeddable":true,"href":"https:\/\/www.meydan.tv\/az\/wp-json\/wp\/v2\/categories?post=174906"},{"taxonomy":"post_tag","embeddable":true,"href":"https:\/\/www.meydan.tv\/az\/wp-json\/wp\/v2\/tags?post=174906"}],"curies":[{"name":"wp","href":"https:\/\/api.w.org\/{rel}","templated":true}]}}