{"id":174904,"date":"2016-04-05T17:40:38","date_gmt":"2016-04-05T17:40:38","guid":{"rendered":"https:\/\/www.meydan.tv\/article\/ilham-eliyev-biz-oz-torpagimizda-vurusuruq\/"},"modified":"2016-04-05T17:40:38","modified_gmt":"2016-04-05T17:40:38","slug":"ilham-eliyev-biz-oz-torpagimizda-vurusuruq","status":"publish","type":"post","link":"https:\/\/www.meydan.tv\/az\/article\/ilham-eliyev-biz-oz-torpagimizda-vurusuruq\/","title":{"rendered":"\u0130lham \u018fliyev: &#8221;Biz \u00f6z torpa\u011f\u0131m\u0131zda vuru\u015furuq&#8221;"},"content":{"rendered":"<figure class=\"wp-block-image size-large\">\n  <img decoding=\"async\" src=\"https:\/\/www.meydan.tv\/az\/53697\/\" alt=\"\" class=\"wp-image-53697\"\/><figcaption><\/figcaption><\/figure>\n<figure class=\"wp-block-image size-large\">\n  <img decoding=\"async\" src=\"https:\/\/www.meydan.tv\/az\/53697\/\" alt=\"\" class=\"wp-image-53697\"\/><figcaption><\/figcaption><\/figure>\n<p>\n  <i><br \/>\n    &#8221;Az\u0259rbaycan \u0259sg\u0259ri, Az\u0259rbaycan zabiti is\u0259 he\u00e7 zaman m\u00fclk\u00fc \u0259haliy\u0259 qar\u015f\u0131 vuru\u015fmay\u0131b, vuru\u015fmur, vuru\u015fmayacaq&#8221;<br \/>\n  <\/i>\n<\/p>\n<p>\n  Az\u0259rbaycan\u0131n Ali Ba\u015f Komandan\u0131, Prezident \u0130lham \u018fliyev c\u0259bh\u0259 b\u00f6lg\u0259sind\u0259 erm\u0259nil\u0259rin h\u00fccumunu d\u0259f ed\u0259rk\u0259n yaral\u0131lanm\u0131\u015f v\u0259 \u015f\u0259hid olmu\u015f h\u0259rb\u00e7il\u0259rin ail\u0259l\u0259 \u00fczvl\u0259ri il\u0259 g\u00f6r\u00fc\u015f\u00fcb.\n<\/p>\n<p>\n  &#8220;Report&#8221;un m\u0259lumat\u0131na g\u00f6r\u0259, Prezident sonuncu ba\u015f ver\u0259nl\u0259rin erm\u0259nil\u0259rin birinci t\u0259xribat\u0131 olmad\u0131\u011f\u0131n\u0131 deyib: &#8220;Az\u0259rbaycan Ordusunun q\u0259hr\u0259man zabit v\u0259 \u0259sg\u0259rl\u0259ri d\u00fc\u015fm\u0259nin t\u0259xribat\u0131n\u0131n qar\u015f\u0131s\u0131n\u0131 al\u0131blar. D\u00fc\u015fm\u0259nin layiqli cavab\u0131n\u0131 verdi v\u0259 t\u0259mas x\u0259ttind\u0259 \u00f6z \u00fcst\u00fcnl\u00fcy\u00fcn\u00fc daha da m\u00f6hk\u0259ml\u0259ndirdi. Erm\u0259nil\u0259r yay\u015fay\u0131\u015f yerl\u0259rini at\u0259\u015f\u0259 tutub, m\u00fclk\u00fc \u0259halind\u0259n yaralananlar var. 300-\u0259 yax\u0131n ev\u0259 ziyan vurulub. Az\u0259rbaycan \u0259sg\u0259ri, Az\u0259rbaycan zabiti is\u0259 he\u00e7 zaman m\u00fclk\u00fc \u0259haliy\u0259 qar\u015f\u0131 vuru\u015fmay\u0131b, vuru\u015fmur, vuru\u015fmayacaq. Biz \u00f6z torpa\u011f\u0131m\u0131zda vuru\u015furuq, \u00f6z torpa\u011f\u0131m\u0131z\u0131 qoruyuruq. Bizim i\u015fimiz haqq i\u015fidir&#8221;.<\/p>\n","protected":false},"excerpt":{"rendered":"<p>&#8221;Az\u0259rbaycan \u0259sg\u0259ri, Az\u0259rbaycan zabiti is\u0259 he\u00e7 zaman m\u00fclk\u00fc \u0259haliy\u0259 qar\u015f\u0131 vuru\u015fmay\u0131b, vuru\u015fmur, vuru\u015fmayacaq&#8221;<\/p>\n","protected":false},"author":11,"featured_media":53697,"comment_status":"closed","ping_status":"open","sticky":false,"template":"","format":"standard","meta":{"_acf_changed":false,"_sitemap_exclude":false,"_sitemap_priority":"","_sitemap_frequency":"","footnotes":""},"categories":[51],"tags":[],"class_list":["post-174904","post","type-post","status-publish","format-standard","has-post-thumbnail","hentry","category-analitika","infinite-scroll-item","generate-columns","tablet-grid-50","mobile-grid-100","grid-parent","grid-33","no-featured-image-padding"],"acf":[],"yoast_head":"<!-- This site is optimized with the Yoast SEO plugin v27.5 - https:\/\/yoast.com\/product\/yoast-seo-wordpress\/ -->\n<title>\u0130lham \u018fliyev: &#039;&#039;Biz \u00f6z torpa\u011f\u0131m\u0131zda vuru\u015furuq&#039;&#039; - MEYDAN.TV<\/title>\n<meta name=\"robots\" content=\"index, follow, max-snippet:-1, max-image-preview:large, max-video-preview:-1\" \/>\n<link rel=\"canonical\" href=\"https:\/\/www.meydan.tv\/az\/article\/ilham-eliyev-biz-oz-torpagimizda-vurusuruq\/\" \/>\n<meta property=\"og:locale\" content=\"az_AZ\" \/>\n<meta property=\"og:type\" content=\"article\" \/>\n<meta property=\"og:title\" content=\"\u0130lham \u018fliyev: &#039;&#039;Biz \u00f6z torpa\u011f\u0131m\u0131zda vuru\u015furuq&#039;&#039; - MEYDAN.TV\" \/>\n<meta property=\"og:description\" content=\"&#039;&#039;Az\u0259rbaycan \u0259sg\u0259ri, Az\u0259rbaycan zabiti is\u0259 he\u00e7 zaman m\u00fclk\u00fc \u0259haliy\u0259 qar\u015f\u0131 vuru\u015fmay\u0131b, vuru\u015fmur, vuru\u015fmayacaq&#039;&#039;\" \/>\n<meta property=\"og:url\" content=\"https:\/\/www.meydan.tv\/az\/article\/ilham-eliyev-biz-oz-torpagimizda-vurusuruq\/\" \/>\n<meta property=\"og:site_name\" content=\"MEYDAN.TV\" \/>\n<meta property=\"article:published_time\" content=\"2016-04-05T17:40:38+00:00\" \/>\n<meta property=\"og:image\" content=\"https:\/\/www.meydan.tv\/wp-content\/uploads\/20255.jpg\" \/>\n\t<meta property=\"og:image:width\" content=\"666\" \/>\n\t<meta property=\"og:image:height\" content=\"350\" \/>\n\t<meta property=\"og:image:type\" content=\"image\/jpeg\" \/>\n<meta name=\"author\" content=\"user-manager\" \/>\n<meta name=\"twitter:card\" content=\"summary_large_image\" \/>\n<script type=\"application\/ld+json\" class=\"yoast-schema-graph\">{\"@context\":\"https:\\\/\\\/schema.org\",\"@graph\":[{\"@type\":\"Article\",\"@id\":\"https:\\\/\\\/www.meydan.tv\\\/az\\\/article\\\/ilham-eliyev-biz-oz-torpagimizda-vurusuruq\\\/#article\",\"isPartOf\":{\"@id\":\"https:\\\/\\\/www.meydan.tv\\\/az\\\/article\\\/ilham-eliyev-biz-oz-torpagimizda-vurusuruq\\\/\"},\"author\":{\"name\":\"user-manager\",\"@id\":\"https:\\\/\\\/www.meydan.tv\\\/az\\\/#\\\/schema\\\/person\\\/10d11eccf6da3662cf5fdab9806ea91a\"},\"headline\":\"\u0130lham \u018fliyev: &#8221;Biz \u00f6z torpa\u011f\u0131m\u0131zda vuru\u015furuq&#8221;\",\"datePublished\":\"2016-04-05T17:40:38+00:00\",\"mainEntityOfPage\":{\"@id\":\"https:\\\/\\\/www.meydan.tv\\\/az\\\/article\\\/ilham-eliyev-biz-oz-torpagimizda-vurusuruq\\\/\"},\"wordCount\":199,\"publisher\":{\"@id\":\"https:\\\/\\\/www.meydan.tv\\\/az\\\/#organization\"},\"image\":{\"@id\":\"https:\\\/\\\/www.meydan.tv\\\/az\\\/article\\\/ilham-eliyev-biz-oz-torpagimizda-vurusuruq\\\/#primaryimage\"},\"thumbnailUrl\":\"https:\\\/\\\/www.meydan.tv\\\/wp-content\\\/uploads\\\/20255.jpg\",\"articleSection\":[\"Analitika\"],\"inLanguage\":\"az\"},{\"@type\":\"WebPage\",\"@id\":\"https:\\\/\\\/www.meydan.tv\\\/az\\\/article\\\/ilham-eliyev-biz-oz-torpagimizda-vurusuruq\\\/\",\"url\":\"https:\\\/\\\/www.meydan.tv\\\/az\\\/article\\\/ilham-eliyev-biz-oz-torpagimizda-vurusuruq\\\/\",\"name\":\"\u0130lham \u018fliyev: ''Biz \u00f6z torpa\u011f\u0131m\u0131zda vuru\u015furuq'' - MEYDAN.TV\",\"isPartOf\":{\"@id\":\"https:\\\/\\\/www.meydan.tv\\\/az\\\/#website\"},\"primaryImageOfPage\":{\"@id\":\"https:\\\/\\\/www.meydan.tv\\\/az\\\/article\\\/ilham-eliyev-biz-oz-torpagimizda-vurusuruq\\\/#primaryimage\"},\"image\":{\"@id\":\"https:\\\/\\\/www.meydan.tv\\\/az\\\/article\\\/ilham-eliyev-biz-oz-torpagimizda-vurusuruq\\\/#primaryimage\"},\"thumbnailUrl\":\"https:\\\/\\\/www.meydan.tv\\\/wp-content\\\/uploads\\\/20255.jpg\",\"datePublished\":\"2016-04-05T17:40:38+00:00\",\"breadcrumb\":{\"@id\":\"https:\\\/\\\/www.meydan.tv\\\/az\\\/article\\\/ilham-eliyev-biz-oz-torpagimizda-vurusuruq\\\/#breadcrumb\"},\"inLanguage\":\"az\",\"potentialAction\":[{\"@type\":\"ReadAction\",\"target\":[\"https:\\\/\\\/www.meydan.tv\\\/az\\\/article\\\/ilham-eliyev-biz-oz-torpagimizda-vurusuruq\\\/\"]}]},{\"@type\":\"ImageObject\",\"inLanguage\":\"az\",\"@id\":\"https:\\\/\\\/www.meydan.tv\\\/az\\\/article\\\/ilham-eliyev-biz-oz-torpagimizda-vurusuruq\\\/#primaryimage\",\"url\":\"https:\\\/\\\/www.meydan.tv\\\/wp-content\\\/uploads\\\/20255.jpg\",\"contentUrl\":\"https:\\\/\\\/www.meydan.tv\\\/wp-content\\\/uploads\\\/20255.jpg\",\"width\":666,\"height\":350,\"caption\":\"Source:\"},{\"@type\":\"BreadcrumbList\",\"@id\":\"https:\\\/\\\/www.meydan.tv\\\/az\\\/article\\\/ilham-eliyev-biz-oz-torpagimizda-vurusuruq\\\/#breadcrumb\",\"itemListElement\":[{\"@type\":\"ListItem\",\"position\":1,\"name\":\"Ana s\u0259hif\u0259\",\"item\":\"https:\\\/\\\/www.meydan.tv\\\/az\\\/\"},{\"@type\":\"ListItem\",\"position\":2,\"name\":\"Analitika\",\"item\":\"https:\\\/\\\/www.meydan.tv\\\/az\\\/section\\\/analitika\\\/\"},{\"@type\":\"ListItem\",\"position\":3,\"name\":\"\u0130lham \u018fliyev: &#8221;Biz \u00f6z torpa\u011f\u0131m\u0131zda vuru\u015furuq&#8221;\"}]},{\"@type\":\"WebSite\",\"@id\":\"https:\\\/\\\/www.meydan.tv\\\/az\\\/#website\",\"url\":\"https:\\\/\\\/www.meydan.tv\\\/az\\\/\",\"name\":\"MEYDAN.TV\",\"description\":\"Meydan TV Az\u0259rbaycan\u0131n media m\u0259kan\u0131ndak\u0131 alternativ s\u0259sidir\",\"publisher\":{\"@id\":\"https:\\\/\\\/www.meydan.tv\\\/az\\\/#organization\"},\"potentialAction\":[{\"@type\":\"SearchAction\",\"target\":{\"@type\":\"EntryPoint\",\"urlTemplate\":\"https:\\\/\\\/www.meydan.tv\\\/az\\\/?s={search_term_string}\"},\"query-input\":{\"@type\":\"PropertyValueSpecification\",\"valueRequired\":true,\"valueName\":\"search_term_string\"}}],\"inLanguage\":\"az\"},{\"@type\":\"Organization\",\"@id\":\"https:\\\/\\\/www.meydan.tv\\\/az\\\/#organization\",\"name\":\"Meydan TV\",\"url\":\"https:\\\/\\\/www.meydan.tv\\\/az\\\/\",\"logo\":{\"@type\":\"ImageObject\",\"inLanguage\":\"az\",\"@id\":\"https:\\\/\\\/www.meydan.tv\\\/az\\\/#\\\/schema\\\/logo\\\/image\\\/\",\"url\":\"https:\\\/\\\/www.meydan.tv\\\/wp-content\\\/uploads\\\/2021\\\/07\\\/meydan-logo.svg\",\"contentUrl\":\"https:\\\/\\\/www.meydan.tv\\\/wp-content\\\/uploads\\\/2021\\\/07\\\/meydan-logo.svg\",\"width\":195,\"height\":46,\"caption\":\"Meydan TV\"},\"image\":{\"@id\":\"https:\\\/\\\/www.meydan.tv\\\/az\\\/#\\\/schema\\\/logo\\\/image\\\/\"}},{\"@type\":\"Person\",\"@id\":\"https:\\\/\\\/www.meydan.tv\\\/az\\\/#\\\/schema\\\/person\\\/10d11eccf6da3662cf5fdab9806ea91a\",\"name\":\"user-manager\"}]}<\/script>\n<!-- \/ Yoast SEO plugin. -->","yoast_head_json":{"title":"\u0130lham \u018fliyev: ''Biz \u00f6z torpa\u011f\u0131m\u0131zda vuru\u015furuq'' - MEYDAN.TV","robots":{"index":"index","follow":"follow","max-snippet":"max-snippet:-1","max-image-preview":"max-image-preview:large","max-video-preview":"max-video-preview:-1"},"canonical":"https:\/\/www.meydan.tv\/az\/article\/ilham-eliyev-biz-oz-torpagimizda-vurusuruq\/","og_locale":"az_AZ","og_type":"article","og_title":"\u0130lham \u018fliyev: ''Biz \u00f6z torpa\u011f\u0131m\u0131zda vuru\u015furuq'' - MEYDAN.TV","og_description":"''Az\u0259rbaycan \u0259sg\u0259ri, Az\u0259rbaycan zabiti is\u0259 he\u00e7 zaman m\u00fclk\u00fc \u0259haliy\u0259 qar\u015f\u0131 vuru\u015fmay\u0131b, vuru\u015fmur, vuru\u015fmayacaq''","og_url":"https:\/\/www.meydan.tv\/az\/article\/ilham-eliyev-biz-oz-torpagimizda-vurusuruq\/","og_site_name":"MEYDAN.TV","article_published_time":"2016-04-05T17:40:38+00:00","og_image":[{"width":666,"height":350,"url":"https:\/\/www.meydan.tv\/wp-content\/uploads\/20255.jpg","type":"image\/jpeg"}],"author":"user-manager","twitter_card":"summary_large_image","schema":{"@context":"https:\/\/schema.org","@graph":[{"@type":"Article","@id":"https:\/\/www.meydan.tv\/az\/article\/ilham-eliyev-biz-oz-torpagimizda-vurusuruq\/#article","isPartOf":{"@id":"https:\/\/www.meydan.tv\/az\/article\/ilham-eliyev-biz-oz-torpagimizda-vurusuruq\/"},"author":{"name":"user-manager","@id":"https:\/\/www.meydan.tv\/az\/#\/schema\/person\/10d11eccf6da3662cf5fdab9806ea91a"},"headline":"\u0130lham \u018fliyev: &#8221;Biz \u00f6z torpa\u011f\u0131m\u0131zda vuru\u015furuq&#8221;","datePublished":"2016-04-05T17:40:38+00:00","mainEntityOfPage":{"@id":"https:\/\/www.meydan.tv\/az\/article\/ilham-eliyev-biz-oz-torpagimizda-vurusuruq\/"},"wordCount":199,"publisher":{"@id":"https:\/\/www.meydan.tv\/az\/#organization"},"image":{"@id":"https:\/\/www.meydan.tv\/az\/article\/ilham-eliyev-biz-oz-torpagimizda-vurusuruq\/#primaryimage"},"thumbnailUrl":"https:\/\/www.meydan.tv\/wp-content\/uploads\/20255.jpg","articleSection":["Analitika"],"inLanguage":"az"},{"@type":"WebPage","@id":"https:\/\/www.meydan.tv\/az\/article\/ilham-eliyev-biz-oz-torpagimizda-vurusuruq\/","url":"https:\/\/www.meydan.tv\/az\/article\/ilham-eliyev-biz-oz-torpagimizda-vurusuruq\/","name":"\u0130lham \u018fliyev: ''Biz \u00f6z torpa\u011f\u0131m\u0131zda vuru\u015furuq'' - MEYDAN.TV","isPartOf":{"@id":"https:\/\/www.meydan.tv\/az\/#website"},"primaryImageOfPage":{"@id":"https:\/\/www.meydan.tv\/az\/article\/ilham-eliyev-biz-oz-torpagimizda-vurusuruq\/#primaryimage"},"image":{"@id":"https:\/\/www.meydan.tv\/az\/article\/ilham-eliyev-biz-oz-torpagimizda-vurusuruq\/#primaryimage"},"thumbnailUrl":"https:\/\/www.meydan.tv\/wp-content\/uploads\/20255.jpg","datePublished":"2016-04-05T17:40:38+00:00","breadcrumb":{"@id":"https:\/\/www.meydan.tv\/az\/article\/ilham-eliyev-biz-oz-torpagimizda-vurusuruq\/#breadcrumb"},"inLanguage":"az","potentialAction":[{"@type":"ReadAction","target":["https:\/\/www.meydan.tv\/az\/article\/ilham-eliyev-biz-oz-torpagimizda-vurusuruq\/"]}]},{"@type":"ImageObject","inLanguage":"az","@id":"https:\/\/www.meydan.tv\/az\/article\/ilham-eliyev-biz-oz-torpagimizda-vurusuruq\/#primaryimage","url":"https:\/\/www.meydan.tv\/wp-content\/uploads\/20255.jpg","contentUrl":"https:\/\/www.meydan.tv\/wp-content\/uploads\/20255.jpg","width":666,"height":350,"caption":"Source:"},{"@type":"BreadcrumbList","@id":"https:\/\/www.meydan.tv\/az\/article\/ilham-eliyev-biz-oz-torpagimizda-vurusuruq\/#breadcrumb","itemListElement":[{"@type":"ListItem","position":1,"name":"Ana s\u0259hif\u0259","item":"https:\/\/www.meydan.tv\/az\/"},{"@type":"ListItem","position":2,"name":"Analitika","item":"https:\/\/www.meydan.tv\/az\/section\/analitika\/"},{"@type":"ListItem","position":3,"name":"\u0130lham \u018fliyev: &#8221;Biz \u00f6z torpa\u011f\u0131m\u0131zda vuru\u015furuq&#8221;"}]},{"@type":"WebSite","@id":"https:\/\/www.meydan.tv\/az\/#website","url":"https:\/\/www.meydan.tv\/az\/","name":"MEYDAN.TV","description":"Meydan TV Az\u0259rbaycan\u0131n media m\u0259kan\u0131ndak\u0131 alternativ s\u0259sidir","publisher":{"@id":"https:\/\/www.meydan.tv\/az\/#organization"},"potentialAction":[{"@type":"SearchAction","target":{"@type":"EntryPoint","urlTemplate":"https:\/\/www.meydan.tv\/az\/?s={search_term_string}"},"query-input":{"@type":"PropertyValueSpecification","valueRequired":true,"valueName":"search_term_string"}}],"inLanguage":"az"},{"@type":"Organization","@id":"https:\/\/www.meydan.tv\/az\/#organization","name":"Meydan TV","url":"https:\/\/www.meydan.tv\/az\/","logo":{"@type":"ImageObject","inLanguage":"az","@id":"https:\/\/www.meydan.tv\/az\/#\/schema\/logo\/image\/","url":"https:\/\/www.meydan.tv\/wp-content\/uploads\/2021\/07\/meydan-logo.svg","contentUrl":"https:\/\/www.meydan.tv\/wp-content\/uploads\/2021\/07\/meydan-logo.svg","width":195,"height":46,"caption":"Meydan TV"},"image":{"@id":"https:\/\/www.meydan.tv\/az\/#\/schema\/logo\/image\/"}},{"@type":"Person","@id":"https:\/\/www.meydan.tv\/az\/#\/schema\/person\/10d11eccf6da3662cf5fdab9806ea91a","name":"user-manager"}]}},"_links":{"self":[{"href":"https:\/\/www.meydan.tv\/az\/wp-json\/wp\/v2\/posts\/174904","targetHints":{"allow":["GET"]}}],"collection":[{"href":"https:\/\/www.meydan.tv\/az\/wp-json\/wp\/v2\/posts"}],"about":[{"href":"https:\/\/www.meydan.tv\/az\/wp-json\/wp\/v2\/types\/post"}],"author":[{"embeddable":true,"href":"https:\/\/www.meydan.tv\/az\/wp-json\/wp\/v2\/users\/11"}],"replies":[{"embeddable":true,"href":"https:\/\/www.meydan.tv\/az\/wp-json\/wp\/v2\/comments?post=174904"}],"version-history":[{"count":0,"href":"https:\/\/www.meydan.tv\/az\/wp-json\/wp\/v2\/posts\/174904\/revisions"}],"wp:featuredmedia":[{"embeddable":true,"href":"https:\/\/www.meydan.tv\/az\/wp-json\/wp\/v2\/media\/53697"}],"wp:attachment":[{"href":"https:\/\/www.meydan.tv\/az\/wp-json\/wp\/v2\/media?parent=174904"}],"wp:term":[{"taxonomy":"category","embeddable":true,"href":"https:\/\/www.meydan.tv\/az\/wp-json\/wp\/v2\/categories?post=174904"},{"taxonomy":"post_tag","embeddable":true,"href":"https:\/\/www.meydan.tv\/az\/wp-json\/wp\/v2\/tags?post=174904"}],"curies":[{"name":"wp","href":"https:\/\/api.w.org\/{rel}","templated":true}]}}