{"id":174898,"date":"2016-04-05T15:39:06","date_gmt":"2016-04-05T15:39:06","guid":{"rendered":"https:\/\/www.meydan.tv\/article\/milli-meclis-sehidleri-yad-edib\/"},"modified":"2016-04-05T15:39:06","modified_gmt":"2016-04-05T15:39:06","slug":"milli-meclis-sehidleri-yad-edib","status":"publish","type":"post","link":"https:\/\/www.meydan.tv\/az\/article\/milli-meclis-sehidleri-yad-edib\/","title":{"rendered":"Milli M\u0259clis \u015f\u0259hidl\u0259ri yad edib"},"content":{"rendered":"<figure class=\"wp-block-image size-large\">\n  <img decoding=\"async\" src=\"https:\/\/www.meydan.tv\/az\/53454\/\" alt=\"\" class=\"wp-image-53454\"\/><figcaption><\/figcaption><\/figure>\n<figure class=\"wp-block-image size-large\">\n  <img decoding=\"async\" src=\"https:\/\/www.meydan.tv\/az\/53454\/\" alt=\"\" class=\"wp-image-53454\"\/><figcaption><\/figcaption><\/figure>\n<p>\n  <i><br \/>\n    Oqtay \u018fs\u0259dov: &#8221;Az\u0259rbaycan status-kvonun qalmas\u0131na raz\u0131 deyil&#8221;<br \/>\n    <br \/>\n  <\/i>\n<\/p>\n<p>\n  Aprelin 5-d\u0259 Milli M\u0259clisin n\u00f6vb\u0259ti plenar iclas\u0131 ba\u015flay\u0131b. \u0130clas\u0131n g\u00fcnd\u0259liyin\u0259 21 m\u0259s\u0259l\u0259nin m\u00fczakir\u0259si daxil edilib.\n<\/p>\n<p>\n  \u0130clasda son g\u00fcnl\u0259r c\u0259bh\u0259 x\u0259ttind\u0259 \u015f\u0259hid olan Az\u0259rbaycan Ordusunun h\u0259rbi qulluq\u00e7ular\u0131n xatir\u0259si bir d\u0259qiq\u0259lik s\u00fckutla yad edilib.\n<\/p>\n<p>\n  Daha sonra spiker Oqtay \u018fs\u0259dov bildirib ki, Az\u0259rbaycan\u0131n h\u0259r d\u0259f\u0259 y\u00fcks\u0259k nailiyy\u0259ti olanda Erm\u0259nistan t\u0259r\u0259fd\u0259n t\u0259xribatlarla qar\u015f\u0131la\u015f\u0131r\u0131q: &#8220;H\u0259r d\u0259f\u0259 at\u0259\u015fk\u0259si Erm\u0259nistan ordusu pozurdu v\u0259 bizim ordu cavab at\u0259\u015fi il\u0259 onlar\u0131 susdururdu. Son vaxtlar erm\u0259nil\u0259r m\u0259rmil\u0259rd\u0259n at\u0259\u015f a\u00e7ma\u011fa ba\u015flad\u0131lar. Az\u0259rbaycan\u0131n da art\u0131q s\u0259bri \u00e7atmad\u0131. Bildiyiniz kimi, aprelin 1-d\u0259n 2-n\u0259 ke\u00e7\u0259n gec\u0259 erm\u0259nil\u0259rin t\u0259xribat\u0131na cavab ver\u0259r\u0259k g\u00fccl\u00fc \u0259m\u0259liyyat apard\u0131. G\u0259rginlik bu g\u00fcn d\u0259 davam edir. Az\u0259rbaycan y\u00fcks\u0259kilikl\u0259ri ald\u0131qdan sonra m\u00fcv\u0259qq\u0259ti olaraq at\u0259\u015fk\u0259s rejimi elan ed\u0259r\u0259k m\u0259s\u0259l\u0259nin \u00f6z h\u0259llini tapmas\u0131n\u0131 ist\u0259s\u0259 d\u0259, Erm\u0259nistan t\u0259r\u0259fi buna raz\u0131 olmad\u0131. Yen\u0259 d\u0259 \u00f6z h\u00fccumlar\u0131n\u0131 davam etdirdi. Ona g\u00f6r\u0259 d\u0259 Az\u0259rbaycan X\u0130N b\u0259yanat yayd\u0131 ki, erm\u0259ni qo\u015funlar\u0131 Da\u011fl\u0131q Qaraba\u011fdan \u00e7\u0131xar\u0131landan sonra biz hans\u0131sa dan\u0131\u015f\u0131qlara ged\u0259 bil\u0259rik. Az\u0259rbaycan \u00f6z torpa\u011f\u0131nda vuru\u015fur&#8221;.\n<\/p>\n<p>\n  O \u0259lav\u0259 edib ki, Az\u0259rbaycan status-kvonun qalmas\u0131na raz\u0131 deyil: &#8220;Az\u0259rbaycan \u0259lind\u0259n g\u0259l\u0259ni ed\u0259c\u0259k ki, Da\u011fl\u0131q Qaraba\u011f\u0131n azad olunmas\u0131 istiqam\u0259tind\u0259 n\u0259hay\u0259t ki, bir h\u0259r\u0259k\u0259t ba\u015flans\u0131n. Beyn\u0259lxalq t\u0259\u015fkilatlara art\u0131q bir inam yoxdur. Y\u0259qin ki, Az\u0259rbaycan\u0131n qoydu\u011fu \u015f\u0259rtl\u0259r yerin\u0259 yetiril\u0259c\u0259k, \u0259ks halda, m\u0259s\u0259l\u0259nin sonrak\u0131 aqib\u0259tini g\u0259l\u0259c\u0259k g\u00f6st\u0259r\u0259c\u0259k&#8221;.\n<\/p>\n<p>\n  Toplant\u0131da deputatlar \u0130nsan h\u00fcquqlar\u0131 \u00fczr\u0259 m\u00fcv\u0259kkilin (ombudsman\u0131n) illik m\u0259ruz\u0259sini dinl\u0259y\u0259c\u0259k.\n<\/p>\n<p>\n  Daha sonra &#8220;Antiinhisar f\u0259aliyy\u0259ti haqq\u0131nda&#8221;, &#8220;Banklar haqq\u0131nda&#8221;, &#8220;Bank olmayan kredit t\u0259\u015fkilatlar\u0131 haqq\u0131nda&#8221;, &#8220;\u0130nvestisiya fondlar\u0131 haqq\u0131nda&#8221;, &#8220;S\u0131\u011forta f\u0259aliyy\u0259ti haqq\u0131nda&#8221;, &#8220;\u0130nzibati icraat haqq\u0131nda&#8221;, &#8220;H\u00fcquqi \u015f\u0259xsl\u0259rin d\u00f6vl\u0259t qeydiyyat\u0131 v\u0259 d\u00f6vl\u0259t reyestri haqq\u0131nda&#8221;, &#8220;Da\u015f\u0131nmaz \u0259mlak\u0131n d\u00f6vl\u0259t reyestri haqq\u0131nda&#8221; qanunlara, el\u0259c\u0259 d\u0259 Cinay\u0259t, Torpaq v\u0259 M\u00fclki, \u0130nzibati X\u0259talar M\u0259c\u0259ll\u0259l\u0259rin\u0259 d\u0259yi\u015fiklik edilm\u0259si n\u0259z\u0259rd\u0259 tutulur.\n<\/p>\n<p>\n  Bundan ba\u015fqa, iclasda &#8220;\u015e\u0259k\u0259rli diabet x\u0259st\u0259liyin\u0259 tutulmu\u015f \u015f\u0259xsl\u0259r\u0259 d\u00f6vl\u0259t qay\u011f\u0131s\u0131 haqq\u0131nda&#8221;, &#8220;Az\u0259rbaycan Respublikas\u0131nda v\u0259r\u0259ml\u0259 m\u00fcbariz\u0259 haqq\u0131nda&#8221;, &#8220;Hemofiliya v\u0259 talassemiya irsi qan x\u0259st\u0259likl\u0259rin\u0259 d\u00fc\u00e7ar olmu\u015f \u015f\u0259xsl\u0259r\u0259 d\u00f6vl\u0259t qay\u011f\u0131s\u0131 haqq\u0131nda&#8221;, &#8220;\u0130nsan\u0131n immun\u00e7at\u0131\u015fmazl\u0131\u011f\u0131 virusunun t\u00f6r\u0259tdiyi x\u0259st\u0259likl\u0259 m\u00fcbariz\u0259 haqq\u0131nda&#8221;, &#8220;\u018fhaliy\u0259 tibbi yard\u0131m\u0131n g\u00f6st\u0259rilm\u0259si, virusologiya m\u00fc\u0259ssis\u0259l\u0259ri \u00fczr\u0259 elmi t\u0259dqiqatlar\u0131n apar\u0131lmas\u0131 v\u0259 virus preparatlar\u0131n\u0131n istehsal\u0131 il\u0259 m\u0259\u015f\u011ful olan i\u015f\u00e7il\u0259rin \u00f6z xidm\u0259ti v\u0259zif\u0259l\u0259rinin yerin\u0259 yetirilm\u0259si zaman\u0131 insan\u0131n immun\u00e7at\u0131\u015fmazl\u0131\u011f\u0131 virusunun t\u00f6r\u0259tdiyi x\u0259st\u0259liy\u0259 yoluxma, habel\u0259 bununla \u0259laq\u0259dar ba\u015f vermi\u015f \u0259lillik, 18 ya\u015f\u0131nad\u0259k sa\u011flaml\u0131q imkanlar\u0131n\u0131n m\u0259hdudlu\u011fu v\u0259 \u00f6l\u00fcm hadis\u0259l\u0259rinin d\u00f6vl\u0259t icbari s\u0131\u011fortas\u0131 qaydalar\u0131 haqq\u0131nda&#8221; \u018fsasnam\u0259nin t\u0259sdiq edilm\u0259si bar\u0259d\u0259&#8221; qanunun l\u0259\u011fv edilm\u0259si haqq\u0131nda qanun layih\u0259sin\u0259 d\u0259yi\u015fiklik edilm\u0259sin\u0259 bax\u0131lacaq.<\/p>\n","protected":false},"excerpt":{"rendered":"<p>Oqtay \u018fs\u0259dov: &#8221;Az\u0259rbaycan status-kvonun qalmas\u0131na raz\u0131 deyil&#8221;<\/p>\n","protected":false},"author":11,"featured_media":53454,"comment_status":"closed","ping_status":"open","sticky":false,"template":"","format":"standard","meta":{"_acf_changed":false,"_sitemap_exclude":false,"_sitemap_priority":"","_sitemap_frequency":"","footnotes":""},"categories":[51],"tags":[],"class_list":["post-174898","post","type-post","status-publish","format-standard","has-post-thumbnail","hentry","category-analitika","infinite-scroll-item","generate-columns","tablet-grid-50","mobile-grid-100","grid-parent","grid-33","no-featured-image-padding"],"acf":[],"yoast_head":"<!-- This site is optimized with the Yoast SEO plugin v27.5 - https:\/\/yoast.com\/product\/yoast-seo-wordpress\/ -->\n<title>Milli M\u0259clis \u015f\u0259hidl\u0259ri yad edib - MEYDAN.TV<\/title>\n<meta name=\"robots\" content=\"index, follow, max-snippet:-1, max-image-preview:large, max-video-preview:-1\" \/>\n<link rel=\"canonical\" href=\"https:\/\/www.meydan.tv\/az\/article\/milli-meclis-sehidleri-yad-edib\/\" \/>\n<meta property=\"og:locale\" content=\"az_AZ\" \/>\n<meta property=\"og:type\" content=\"article\" \/>\n<meta property=\"og:title\" content=\"Milli M\u0259clis \u015f\u0259hidl\u0259ri yad edib - MEYDAN.TV\" \/>\n<meta property=\"og:description\" content=\"Oqtay \u018fs\u0259dov: &#039;&#039;Az\u0259rbaycan status-kvonun qalmas\u0131na raz\u0131 deyil&#039;&#039;\" \/>\n<meta property=\"og:url\" content=\"https:\/\/www.meydan.tv\/az\/article\/milli-meclis-sehidleri-yad-edib\/\" \/>\n<meta property=\"og:site_name\" content=\"MEYDAN.TV\" \/>\n<meta property=\"article:published_time\" content=\"2016-04-05T15:39:06+00:00\" \/>\n<meta property=\"og:image\" content=\"https:\/\/www.meydan.tv\/wp-content\/uploads\/20239.jpg\" \/>\n\t<meta property=\"og:image:width\" content=\"533\" \/>\n\t<meta property=\"og:image:height\" content=\"400\" \/>\n\t<meta property=\"og:image:type\" content=\"image\/jpeg\" \/>\n<meta name=\"author\" content=\"user-manager\" \/>\n<meta name=\"twitter:card\" content=\"summary_large_image\" \/>\n<script type=\"application\/ld+json\" class=\"yoast-schema-graph\">{\"@context\":\"https:\\\/\\\/schema.org\",\"@graph\":[{\"@type\":\"Article\",\"@id\":\"https:\\\/\\\/www.meydan.tv\\\/az\\\/article\\\/milli-meclis-sehidleri-yad-edib\\\/#article\",\"isPartOf\":{\"@id\":\"https:\\\/\\\/www.meydan.tv\\\/az\\\/article\\\/milli-meclis-sehidleri-yad-edib\\\/\"},\"author\":{\"name\":\"user-manager\",\"@id\":\"https:\\\/\\\/www.meydan.tv\\\/az\\\/#\\\/schema\\\/person\\\/10d11eccf6da3662cf5fdab9806ea91a\"},\"headline\":\"Milli M\u0259clis \u015f\u0259hidl\u0259ri yad edib\",\"datePublished\":\"2016-04-05T15:39:06+00:00\",\"mainEntityOfPage\":{\"@id\":\"https:\\\/\\\/www.meydan.tv\\\/az\\\/article\\\/milli-meclis-sehidleri-yad-edib\\\/\"},\"wordCount\":646,\"publisher\":{\"@id\":\"https:\\\/\\\/www.meydan.tv\\\/az\\\/#organization\"},\"image\":{\"@id\":\"https:\\\/\\\/www.meydan.tv\\\/az\\\/article\\\/milli-meclis-sehidleri-yad-edib\\\/#primaryimage\"},\"thumbnailUrl\":\"https:\\\/\\\/www.meydan.tv\\\/wp-content\\\/uploads\\\/20239.jpg\",\"articleSection\":[\"Analitika\"],\"inLanguage\":\"az\"},{\"@type\":\"WebPage\",\"@id\":\"https:\\\/\\\/www.meydan.tv\\\/az\\\/article\\\/milli-meclis-sehidleri-yad-edib\\\/\",\"url\":\"https:\\\/\\\/www.meydan.tv\\\/az\\\/article\\\/milli-meclis-sehidleri-yad-edib\\\/\",\"name\":\"Milli M\u0259clis \u015f\u0259hidl\u0259ri yad edib - MEYDAN.TV\",\"isPartOf\":{\"@id\":\"https:\\\/\\\/www.meydan.tv\\\/az\\\/#website\"},\"primaryImageOfPage\":{\"@id\":\"https:\\\/\\\/www.meydan.tv\\\/az\\\/article\\\/milli-meclis-sehidleri-yad-edib\\\/#primaryimage\"},\"image\":{\"@id\":\"https:\\\/\\\/www.meydan.tv\\\/az\\\/article\\\/milli-meclis-sehidleri-yad-edib\\\/#primaryimage\"},\"thumbnailUrl\":\"https:\\\/\\\/www.meydan.tv\\\/wp-content\\\/uploads\\\/20239.jpg\",\"datePublished\":\"2016-04-05T15:39:06+00:00\",\"breadcrumb\":{\"@id\":\"https:\\\/\\\/www.meydan.tv\\\/az\\\/article\\\/milli-meclis-sehidleri-yad-edib\\\/#breadcrumb\"},\"inLanguage\":\"az\",\"potentialAction\":[{\"@type\":\"ReadAction\",\"target\":[\"https:\\\/\\\/www.meydan.tv\\\/az\\\/article\\\/milli-meclis-sehidleri-yad-edib\\\/\"]}]},{\"@type\":\"ImageObject\",\"inLanguage\":\"az\",\"@id\":\"https:\\\/\\\/www.meydan.tv\\\/az\\\/article\\\/milli-meclis-sehidleri-yad-edib\\\/#primaryimage\",\"url\":\"https:\\\/\\\/www.meydan.tv\\\/wp-content\\\/uploads\\\/20239.jpg\",\"contentUrl\":\"https:\\\/\\\/www.meydan.tv\\\/wp-content\\\/uploads\\\/20239.jpg\",\"width\":533,\"height\":400,\"caption\":\"Source:\"},{\"@type\":\"BreadcrumbList\",\"@id\":\"https:\\\/\\\/www.meydan.tv\\\/az\\\/article\\\/milli-meclis-sehidleri-yad-edib\\\/#breadcrumb\",\"itemListElement\":[{\"@type\":\"ListItem\",\"position\":1,\"name\":\"Ana s\u0259hif\u0259\",\"item\":\"https:\\\/\\\/www.meydan.tv\\\/az\\\/\"},{\"@type\":\"ListItem\",\"position\":2,\"name\":\"Analitika\",\"item\":\"https:\\\/\\\/www.meydan.tv\\\/az\\\/section\\\/analitika\\\/\"},{\"@type\":\"ListItem\",\"position\":3,\"name\":\"Milli M\u0259clis \u015f\u0259hidl\u0259ri yad edib\"}]},{\"@type\":\"WebSite\",\"@id\":\"https:\\\/\\\/www.meydan.tv\\\/az\\\/#website\",\"url\":\"https:\\\/\\\/www.meydan.tv\\\/az\\\/\",\"name\":\"MEYDAN.TV\",\"description\":\"Meydan TV Az\u0259rbaycan\u0131n media m\u0259kan\u0131ndak\u0131 alternativ s\u0259sidir\",\"publisher\":{\"@id\":\"https:\\\/\\\/www.meydan.tv\\\/az\\\/#organization\"},\"potentialAction\":[{\"@type\":\"SearchAction\",\"target\":{\"@type\":\"EntryPoint\",\"urlTemplate\":\"https:\\\/\\\/www.meydan.tv\\\/az\\\/?s={search_term_string}\"},\"query-input\":{\"@type\":\"PropertyValueSpecification\",\"valueRequired\":true,\"valueName\":\"search_term_string\"}}],\"inLanguage\":\"az\"},{\"@type\":\"Organization\",\"@id\":\"https:\\\/\\\/www.meydan.tv\\\/az\\\/#organization\",\"name\":\"Meydan TV\",\"url\":\"https:\\\/\\\/www.meydan.tv\\\/az\\\/\",\"logo\":{\"@type\":\"ImageObject\",\"inLanguage\":\"az\",\"@id\":\"https:\\\/\\\/www.meydan.tv\\\/az\\\/#\\\/schema\\\/logo\\\/image\\\/\",\"url\":\"https:\\\/\\\/www.meydan.tv\\\/wp-content\\\/uploads\\\/2021\\\/07\\\/meydan-logo.svg\",\"contentUrl\":\"https:\\\/\\\/www.meydan.tv\\\/wp-content\\\/uploads\\\/2021\\\/07\\\/meydan-logo.svg\",\"width\":195,\"height\":46,\"caption\":\"Meydan TV\"},\"image\":{\"@id\":\"https:\\\/\\\/www.meydan.tv\\\/az\\\/#\\\/schema\\\/logo\\\/image\\\/\"}},{\"@type\":\"Person\",\"@id\":\"https:\\\/\\\/www.meydan.tv\\\/az\\\/#\\\/schema\\\/person\\\/10d11eccf6da3662cf5fdab9806ea91a\",\"name\":\"user-manager\"}]}<\/script>\n<!-- \/ Yoast SEO plugin. -->","yoast_head_json":{"title":"Milli M\u0259clis \u015f\u0259hidl\u0259ri yad edib - MEYDAN.TV","robots":{"index":"index","follow":"follow","max-snippet":"max-snippet:-1","max-image-preview":"max-image-preview:large","max-video-preview":"max-video-preview:-1"},"canonical":"https:\/\/www.meydan.tv\/az\/article\/milli-meclis-sehidleri-yad-edib\/","og_locale":"az_AZ","og_type":"article","og_title":"Milli M\u0259clis \u015f\u0259hidl\u0259ri yad edib - MEYDAN.TV","og_description":"Oqtay \u018fs\u0259dov: ''Az\u0259rbaycan status-kvonun qalmas\u0131na raz\u0131 deyil''","og_url":"https:\/\/www.meydan.tv\/az\/article\/milli-meclis-sehidleri-yad-edib\/","og_site_name":"MEYDAN.TV","article_published_time":"2016-04-05T15:39:06+00:00","og_image":[{"width":533,"height":400,"url":"https:\/\/www.meydan.tv\/wp-content\/uploads\/20239.jpg","type":"image\/jpeg"}],"author":"user-manager","twitter_card":"summary_large_image","schema":{"@context":"https:\/\/schema.org","@graph":[{"@type":"Article","@id":"https:\/\/www.meydan.tv\/az\/article\/milli-meclis-sehidleri-yad-edib\/#article","isPartOf":{"@id":"https:\/\/www.meydan.tv\/az\/article\/milli-meclis-sehidleri-yad-edib\/"},"author":{"name":"user-manager","@id":"https:\/\/www.meydan.tv\/az\/#\/schema\/person\/10d11eccf6da3662cf5fdab9806ea91a"},"headline":"Milli M\u0259clis \u015f\u0259hidl\u0259ri yad edib","datePublished":"2016-04-05T15:39:06+00:00","mainEntityOfPage":{"@id":"https:\/\/www.meydan.tv\/az\/article\/milli-meclis-sehidleri-yad-edib\/"},"wordCount":646,"publisher":{"@id":"https:\/\/www.meydan.tv\/az\/#organization"},"image":{"@id":"https:\/\/www.meydan.tv\/az\/article\/milli-meclis-sehidleri-yad-edib\/#primaryimage"},"thumbnailUrl":"https:\/\/www.meydan.tv\/wp-content\/uploads\/20239.jpg","articleSection":["Analitika"],"inLanguage":"az"},{"@type":"WebPage","@id":"https:\/\/www.meydan.tv\/az\/article\/milli-meclis-sehidleri-yad-edib\/","url":"https:\/\/www.meydan.tv\/az\/article\/milli-meclis-sehidleri-yad-edib\/","name":"Milli M\u0259clis \u015f\u0259hidl\u0259ri yad edib - MEYDAN.TV","isPartOf":{"@id":"https:\/\/www.meydan.tv\/az\/#website"},"primaryImageOfPage":{"@id":"https:\/\/www.meydan.tv\/az\/article\/milli-meclis-sehidleri-yad-edib\/#primaryimage"},"image":{"@id":"https:\/\/www.meydan.tv\/az\/article\/milli-meclis-sehidleri-yad-edib\/#primaryimage"},"thumbnailUrl":"https:\/\/www.meydan.tv\/wp-content\/uploads\/20239.jpg","datePublished":"2016-04-05T15:39:06+00:00","breadcrumb":{"@id":"https:\/\/www.meydan.tv\/az\/article\/milli-meclis-sehidleri-yad-edib\/#breadcrumb"},"inLanguage":"az","potentialAction":[{"@type":"ReadAction","target":["https:\/\/www.meydan.tv\/az\/article\/milli-meclis-sehidleri-yad-edib\/"]}]},{"@type":"ImageObject","inLanguage":"az","@id":"https:\/\/www.meydan.tv\/az\/article\/milli-meclis-sehidleri-yad-edib\/#primaryimage","url":"https:\/\/www.meydan.tv\/wp-content\/uploads\/20239.jpg","contentUrl":"https:\/\/www.meydan.tv\/wp-content\/uploads\/20239.jpg","width":533,"height":400,"caption":"Source:"},{"@type":"BreadcrumbList","@id":"https:\/\/www.meydan.tv\/az\/article\/milli-meclis-sehidleri-yad-edib\/#breadcrumb","itemListElement":[{"@type":"ListItem","position":1,"name":"Ana s\u0259hif\u0259","item":"https:\/\/www.meydan.tv\/az\/"},{"@type":"ListItem","position":2,"name":"Analitika","item":"https:\/\/www.meydan.tv\/az\/section\/analitika\/"},{"@type":"ListItem","position":3,"name":"Milli M\u0259clis \u015f\u0259hidl\u0259ri yad edib"}]},{"@type":"WebSite","@id":"https:\/\/www.meydan.tv\/az\/#website","url":"https:\/\/www.meydan.tv\/az\/","name":"MEYDAN.TV","description":"Meydan TV Az\u0259rbaycan\u0131n media m\u0259kan\u0131ndak\u0131 alternativ s\u0259sidir","publisher":{"@id":"https:\/\/www.meydan.tv\/az\/#organization"},"potentialAction":[{"@type":"SearchAction","target":{"@type":"EntryPoint","urlTemplate":"https:\/\/www.meydan.tv\/az\/?s={search_term_string}"},"query-input":{"@type":"PropertyValueSpecification","valueRequired":true,"valueName":"search_term_string"}}],"inLanguage":"az"},{"@type":"Organization","@id":"https:\/\/www.meydan.tv\/az\/#organization","name":"Meydan TV","url":"https:\/\/www.meydan.tv\/az\/","logo":{"@type":"ImageObject","inLanguage":"az","@id":"https:\/\/www.meydan.tv\/az\/#\/schema\/logo\/image\/","url":"https:\/\/www.meydan.tv\/wp-content\/uploads\/2021\/07\/meydan-logo.svg","contentUrl":"https:\/\/www.meydan.tv\/wp-content\/uploads\/2021\/07\/meydan-logo.svg","width":195,"height":46,"caption":"Meydan TV"},"image":{"@id":"https:\/\/www.meydan.tv\/az\/#\/schema\/logo\/image\/"}},{"@type":"Person","@id":"https:\/\/www.meydan.tv\/az\/#\/schema\/person\/10d11eccf6da3662cf5fdab9806ea91a","name":"user-manager"}]}},"_links":{"self":[{"href":"https:\/\/www.meydan.tv\/az\/wp-json\/wp\/v2\/posts\/174898","targetHints":{"allow":["GET"]}}],"collection":[{"href":"https:\/\/www.meydan.tv\/az\/wp-json\/wp\/v2\/posts"}],"about":[{"href":"https:\/\/www.meydan.tv\/az\/wp-json\/wp\/v2\/types\/post"}],"author":[{"embeddable":true,"href":"https:\/\/www.meydan.tv\/az\/wp-json\/wp\/v2\/users\/11"}],"replies":[{"embeddable":true,"href":"https:\/\/www.meydan.tv\/az\/wp-json\/wp\/v2\/comments?post=174898"}],"version-history":[{"count":0,"href":"https:\/\/www.meydan.tv\/az\/wp-json\/wp\/v2\/posts\/174898\/revisions"}],"wp:featuredmedia":[{"embeddable":true,"href":"https:\/\/www.meydan.tv\/az\/wp-json\/wp\/v2\/media\/53454"}],"wp:attachment":[{"href":"https:\/\/www.meydan.tv\/az\/wp-json\/wp\/v2\/media?parent=174898"}],"wp:term":[{"taxonomy":"category","embeddable":true,"href":"https:\/\/www.meydan.tv\/az\/wp-json\/wp\/v2\/categories?post=174898"},{"taxonomy":"post_tag","embeddable":true,"href":"https:\/\/www.meydan.tv\/az\/wp-json\/wp\/v2\/tags?post=174898"}],"curies":[{"name":"wp","href":"https:\/\/api.w.org\/{rel}","templated":true}]}}