{"id":174895,"date":"2016-04-05T14:44:46","date_gmt":"2016-04-05T14:44:46","guid":{"rendered":"https:\/\/www.meydan.tv\/article\/abs-dovlet-departamenti-her-iki-terefi-gerginliyi-azaltmaga-cagiririq\/"},"modified":"2016-04-05T14:44:46","modified_gmt":"2016-04-05T14:44:46","slug":"abs-dovlet-departamenti-her-iki-terefi-gerginliyi-azaltmaga-cagiririq","status":"publish","type":"post","link":"https:\/\/www.meydan.tv\/az\/article\/abs-dovlet-departamenti-her-iki-terefi-gerginliyi-azaltmaga-cagiririq\/","title":{"rendered":"AB\u015e D\u00f6vl\u0259t Departamenti: &#8221;H\u0259r iki t\u0259r\u0259fi g\u0259rginliyi azaltma\u011fa \u00e7a\u011f\u0131r\u0131r\u0131q&#8221;"},"content":{"rendered":"<figure class=\"wp-block-image size-large\">\n  <img decoding=\"async\" src=\"https:\/\/www.meydan.tv\/az\/53640\/\" alt=\"\" class=\"wp-image-53640\"\/><figcaption><\/figcaption><\/figure>\n<figure class=\"wp-block-image size-large\">\n  <img decoding=\"async\" src=\"https:\/\/www.meydan.tv\/az\/53640\/\" alt=\"\" class=\"wp-image-53640\"\/><figcaption><\/figcaption><\/figure>\n<p>\n  <i><br \/>\n    Az\u0259r Qas\u0131ml\u0131 hesab edir ki, AB\u015e h\u0259l\u0259 prosesi m\u00fc\u015fahid\u0259 edir v\u0259 ba\u015flanan h\u0259rbi \u0259m\u0259liyyatlar\u0131n nec\u0259 bit\u0259c\u0259yini g\u00f6zl\u0259yir&#8217;<br \/>\n  <\/i>\n<\/p>\n<p>\n  \u201cDa\u011fl\u0131q Qaraba\u011fda g\u0259rginliyin artmas\u0131 il\u0259 \u0259laq\u0259dar biz \u00f6z narahatl\u0131\u011f\u0131m\u0131z\u0131 ifad\u0259 etmi\u015fik. Biz Erm\u0259nistan\u0131 v\u0259 Az\u0259rbaycan\u0131 g\u0259rginliyi azaltma\u011fa \u00e7a\u011f\u0131r\u0131r\u0131q. At\u0259\u015fk\u0259s\u0259 v\u0259 davaml\u0131 s\u00fclh\u0259 nail olmaq Erm\u0259nistan v\u0259 Az\u0259rbaycan liderl\u0259rinin siyasi irad\u0259sind\u0259n as\u0131l\u0131d\u0131r. AB\u015e Minsk Qrupunun h\u0259ms\u0259drl\u0259rind\u0259n biri kimi t\u0259r\u0259fl\u0259ri dan\u0131\u015f\u0131q masas\u0131na qaytarmaq \u00fc\u00e7\u00fcn c\u0259hdl\u0259rini davam etdir\u0259c\u0259k\u201d.<\/p>\n<p>  Bu s\u00f6zl\u0259ri AB\u015e D\u00f6vl\u0259t Departamentinin (DD) n\u00fcmay\u0259nd\u0259si Mark Toner Va\u015finqtonda g\u00fcnd\u0259lik brifinqd\u0259 jurnalistl\u0259rin suallar\u0131n\u0131 cavabland\u0131rark\u0259n deyib.<\/p>\n<p>  \u201cBiz Minsk Qrupunun f\u0259aliyy\u0259tini d\u0259st\u0259kl\u0259yirik. H\u0259m\u00e7inin h\u0259ms\u0259drl\u0259rin Da\u011fl\u0131q Qaraba\u011f m\u00fcnaqi\u015f\u0259sinin beyn\u0259lxalq h\u00fcquq, BMT nizamnam\u0259si v\u0259 Helsinki Yekun Akt\u0131, x\u00fcsusil\u0259 d\u0259 g\u00fccd\u0259n istifad\u0259 etm\u0259m\u0259k, \u0259razi b\u00fct\u00f6vl\u00fcy\u00fc v\u0259 \u00f6z m\u00fcq\u0259dd\u0259rat\u0131n\u0131 t\u0259yin etm\u0259 prinsipl\u0259rin\u0259 uy\u011fun nizamlanmas\u0131 \u00fc\u00e7\u00fcn vasit\u0259\u00e7ilik c\u0259hdl\u0259rini m\u00f6hk\u0259m d\u0259st\u0259kl\u0259yirik. Bildirdiyim kimi, davaml\u0131 s\u00fclh \u00f6lk\u0259 liderl\u0259rinin siyasi irad\u0259sind\u0259n as\u0131l\u0131d\u0131r. Biz Minsk Qrupu prosesi \u00e7\u0259r\u00e7iv\u0259sind\u0259 m\u0259hz buna nail olma\u011fa \u00e7al\u0131\u015f\u0131r\u0131q\u201d, dey\u0259 M.Toner bildirib (<br \/>\n  <b><br \/>\n    <i><br \/>\n      APA<br \/>\n    <\/i><br \/>\n  <\/b><br \/>\n  ).\n<\/p>\n<p>\n  AB\u015e DD-nin b\u0259yanat\u0131n\u0131 Meydan TV-y\u0259 \u015f\u0259rh ed\u0259n ReAL liderinin ictimai-siyasi m\u0259s\u0259l\u0259l\u0259r \u00fczr\u0259 m\u00fcavini Az\u0259r Qas\u0131ml\u0131 bildirib ki, Az\u0259rbaycan iki c\u00fcr b\u0259yanat g\u00f6zl\u0259yirdi, ya s\u0259rt olmal\u0131yd\u0131, ya da indiki kimi: &#8220;S\u0259rt dedikd\u0259, D\u00f6vl\u0259t Departamentind\u0259n h\u0259r iki t\u0259r\u0259fi dan\u0131\u015f\u0131qlar masas\u0131na oturma\u011fa d\u0259v\u0259t yox, t\u0259l\u0259b variant\u0131 g\u00f6zl\u0259nilirdi. \u0130kinci variatnd\u0131 xat\u0131rlad\u0131lan b\u0259yanatd\u0131r. Y\u0259ni biri var d\u0259v\u0259t etm\u0259k, biri d\u0259 var t\u0259l\u0259b \u00e7a\u011f\u0131r\u0131\u015f\u0131. DD-nin birinci variant\u0131 se\u00e7m\u0259si bizim \u00fc\u00e7\u00fcn yax\u015f\u0131 hald\u0131r. Az\u0259rbaycan bundan maksimal d\u0259r\u0259c\u0259d\u0259 istifad\u0259 etm\u0259lidir&#8221;.\n<\/p>\n<figure class=\"wp-block-image size-large\">\n  <img decoding=\"async\" src=\"https:\/\/www.meydan.tv\/az\/53643\/\" alt=\"\" class=\"wp-image-53643\"\/><figcaption>\n    Az\u0259r Qas\u0131ml\u0131<br \/>\n  <\/figcaption><\/figure>\n<p>\n  Az\u0259r Qas\u0131ml\u0131 hesab edir ki, AB\u015e h\u0259l\u0259 prosesi m\u00fc\u015fahid\u0259 edir v\u0259 ba\u015flanan h\u0259rbi \u0259m\u0259liyyatlar\u0131n nec\u0259 bit\u0259c\u0259yini g\u00f6zl\u0259yir: &#8220;Yaln\u0131z bundan sonra t\u0259l\u0259bini ir\u0259li s\u00fcr\u00fcb Helsinki Akt\u0131na uy\u011fun h\u0259r\u0259k\u0259t etm\u0259yi g\u00fcnd\u0259m\u0259 g\u0259tir\u0259c\u0259k. Bu is\u0259 o dem\u0259kdir ki, problem Az\u0259rbaycan\u0131n \u0259razi b\u00fct\u00f6vl\u00fcy\u00fc \u00e7\u0259r\u00e7iv\u0259sind\u0259 h\u0259ll olunmal\u0131d\u0131r, m\u00fcq\u0259dd\u0259rat\u0131n h\u0259ll olunmas\u0131 ikinci plana ke\u00e7ir. Y\u0259ni bu m\u0259s\u0259l\u0259y\u0259 Az\u0259rbaycan\u0131n \u0259razi b\u00fct\u00f6vl\u00fcy\u00fc \u00e7\u0259r\u00e7iv\u0259sind\u0259 bax\u0131lacaq. AB\u015e DD-nin d\u0259 dediyi budur&#8221;.\n<\/p><\/p>\n","protected":false},"excerpt":{"rendered":"<p>Az\u0259r Qas\u0131ml\u0131 hesab edir ki, AB\u015e h\u0259l\u0259 prosesi m\u00fc\u015fahid\u0259 edir v\u0259 ba\u015flanan h\u0259rbi \u0259m\u0259liyyatlar\u0131n nec\u0259 bit\u0259c\u0259yini g\u00f6zl\u0259yir<\/p>\n","protected":false},"author":11,"featured_media":53640,"comment_status":"closed","ping_status":"open","sticky":false,"template":"","format":"standard","meta":{"_acf_changed":false,"_sitemap_exclude":false,"_sitemap_priority":"","_sitemap_frequency":"","footnotes":""},"categories":[51],"tags":[],"class_list":["post-174895","post","type-post","status-publish","format-standard","has-post-thumbnail","hentry","category-analitika","infinite-scroll-item","generate-columns","tablet-grid-50","mobile-grid-100","grid-parent","grid-33","no-featured-image-padding"],"acf":[],"yoast_head":"<!-- This site is optimized with the Yoast SEO plugin v27.5 - https:\/\/yoast.com\/product\/yoast-seo-wordpress\/ -->\n<title>AB\u015e D\u00f6vl\u0259t Departamenti: &#039;&#039;H\u0259r iki t\u0259r\u0259fi g\u0259rginliyi azaltma\u011fa \u00e7a\u011f\u0131r\u0131r\u0131q&#039;&#039; - MEYDAN.TV<\/title>\n<meta name=\"robots\" content=\"index, follow, max-snippet:-1, max-image-preview:large, max-video-preview:-1\" \/>\n<link rel=\"canonical\" href=\"https:\/\/www.meydan.tv\/az\/article\/abs-dovlet-departamenti-her-iki-terefi-gerginliyi-azaltmaga-cagiririq\/\" \/>\n<meta property=\"og:locale\" content=\"az_AZ\" \/>\n<meta property=\"og:type\" content=\"article\" \/>\n<meta property=\"og:title\" content=\"AB\u015e D\u00f6vl\u0259t Departamenti: &#039;&#039;H\u0259r iki t\u0259r\u0259fi g\u0259rginliyi azaltma\u011fa \u00e7a\u011f\u0131r\u0131r\u0131q&#039;&#039; - MEYDAN.TV\" \/>\n<meta property=\"og:description\" content=\"Az\u0259r Qas\u0131ml\u0131 hesab edir ki, AB\u015e h\u0259l\u0259 prosesi m\u00fc\u015fahid\u0259 edir v\u0259 ba\u015flanan h\u0259rbi \u0259m\u0259liyyatlar\u0131n nec\u0259 bit\u0259c\u0259yini g\u00f6zl\u0259yir\" \/>\n<meta property=\"og:url\" content=\"https:\/\/www.meydan.tv\/az\/article\/abs-dovlet-departamenti-her-iki-terefi-gerginliyi-azaltmaga-cagiririq\/\" \/>\n<meta property=\"og:site_name\" content=\"MEYDAN.TV\" \/>\n<meta property=\"article:published_time\" content=\"2016-04-05T14:44:46+00:00\" \/>\n<meta property=\"og:image\" content=\"https:\/\/www.meydan.tv\/wp-content\/uploads\/20232.jpg\" \/>\n\t<meta property=\"og:image:width\" content=\"294\" \/>\n\t<meta property=\"og:image:height\" content=\"172\" \/>\n\t<meta property=\"og:image:type\" content=\"image\/jpeg\" \/>\n<meta name=\"author\" content=\"user-manager\" \/>\n<meta name=\"twitter:card\" content=\"summary_large_image\" \/>\n<script type=\"application\/ld+json\" class=\"yoast-schema-graph\">{\"@context\":\"https:\\\/\\\/schema.org\",\"@graph\":[{\"@type\":\"Article\",\"@id\":\"https:\\\/\\\/www.meydan.tv\\\/az\\\/article\\\/abs-dovlet-departamenti-her-iki-terefi-gerginliyi-azaltmaga-cagiririq\\\/#article\",\"isPartOf\":{\"@id\":\"https:\\\/\\\/www.meydan.tv\\\/az\\\/article\\\/abs-dovlet-departamenti-her-iki-terefi-gerginliyi-azaltmaga-cagiririq\\\/\"},\"author\":{\"name\":\"user-manager\",\"@id\":\"https:\\\/\\\/www.meydan.tv\\\/az\\\/#\\\/schema\\\/person\\\/10d11eccf6da3662cf5fdab9806ea91a\"},\"headline\":\"AB\u015e D\u00f6vl\u0259t Departamenti: &#8221;H\u0259r iki t\u0259r\u0259fi g\u0259rginliyi azaltma\u011fa \u00e7a\u011f\u0131r\u0131r\u0131q&#8221;\",\"datePublished\":\"2016-04-05T14:44:46+00:00\",\"mainEntityOfPage\":{\"@id\":\"https:\\\/\\\/www.meydan.tv\\\/az\\\/article\\\/abs-dovlet-departamenti-her-iki-terefi-gerginliyi-azaltmaga-cagiririq\\\/\"},\"wordCount\":524,\"publisher\":{\"@id\":\"https:\\\/\\\/www.meydan.tv\\\/az\\\/#organization\"},\"image\":{\"@id\":\"https:\\\/\\\/www.meydan.tv\\\/az\\\/article\\\/abs-dovlet-departamenti-her-iki-terefi-gerginliyi-azaltmaga-cagiririq\\\/#primaryimage\"},\"thumbnailUrl\":\"https:\\\/\\\/www.meydan.tv\\\/wp-content\\\/uploads\\\/20232.jpg\",\"articleSection\":[\"Analitika\"],\"inLanguage\":\"az\"},{\"@type\":\"WebPage\",\"@id\":\"https:\\\/\\\/www.meydan.tv\\\/az\\\/article\\\/abs-dovlet-departamenti-her-iki-terefi-gerginliyi-azaltmaga-cagiririq\\\/\",\"url\":\"https:\\\/\\\/www.meydan.tv\\\/az\\\/article\\\/abs-dovlet-departamenti-her-iki-terefi-gerginliyi-azaltmaga-cagiririq\\\/\",\"name\":\"AB\u015e D\u00f6vl\u0259t Departamenti: ''H\u0259r iki t\u0259r\u0259fi g\u0259rginliyi azaltma\u011fa \u00e7a\u011f\u0131r\u0131r\u0131q'' - MEYDAN.TV\",\"isPartOf\":{\"@id\":\"https:\\\/\\\/www.meydan.tv\\\/az\\\/#website\"},\"primaryImageOfPage\":{\"@id\":\"https:\\\/\\\/www.meydan.tv\\\/az\\\/article\\\/abs-dovlet-departamenti-her-iki-terefi-gerginliyi-azaltmaga-cagiririq\\\/#primaryimage\"},\"image\":{\"@id\":\"https:\\\/\\\/www.meydan.tv\\\/az\\\/article\\\/abs-dovlet-departamenti-her-iki-terefi-gerginliyi-azaltmaga-cagiririq\\\/#primaryimage\"},\"thumbnailUrl\":\"https:\\\/\\\/www.meydan.tv\\\/wp-content\\\/uploads\\\/20232.jpg\",\"datePublished\":\"2016-04-05T14:44:46+00:00\",\"breadcrumb\":{\"@id\":\"https:\\\/\\\/www.meydan.tv\\\/az\\\/article\\\/abs-dovlet-departamenti-her-iki-terefi-gerginliyi-azaltmaga-cagiririq\\\/#breadcrumb\"},\"inLanguage\":\"az\",\"potentialAction\":[{\"@type\":\"ReadAction\",\"target\":[\"https:\\\/\\\/www.meydan.tv\\\/az\\\/article\\\/abs-dovlet-departamenti-her-iki-terefi-gerginliyi-azaltmaga-cagiririq\\\/\"]}]},{\"@type\":\"ImageObject\",\"inLanguage\":\"az\",\"@id\":\"https:\\\/\\\/www.meydan.tv\\\/az\\\/article\\\/abs-dovlet-departamenti-her-iki-terefi-gerginliyi-azaltmaga-cagiririq\\\/#primaryimage\",\"url\":\"https:\\\/\\\/www.meydan.tv\\\/wp-content\\\/uploads\\\/20232.jpg\",\"contentUrl\":\"https:\\\/\\\/www.meydan.tv\\\/wp-content\\\/uploads\\\/20232.jpg\",\"width\":294,\"height\":172,\"caption\":\"Source:\"},{\"@type\":\"BreadcrumbList\",\"@id\":\"https:\\\/\\\/www.meydan.tv\\\/az\\\/article\\\/abs-dovlet-departamenti-her-iki-terefi-gerginliyi-azaltmaga-cagiririq\\\/#breadcrumb\",\"itemListElement\":[{\"@type\":\"ListItem\",\"position\":1,\"name\":\"Ana s\u0259hif\u0259\",\"item\":\"https:\\\/\\\/www.meydan.tv\\\/az\\\/\"},{\"@type\":\"ListItem\",\"position\":2,\"name\":\"Analitika\",\"item\":\"https:\\\/\\\/www.meydan.tv\\\/az\\\/section\\\/analitika\\\/\"},{\"@type\":\"ListItem\",\"position\":3,\"name\":\"AB\u015e D\u00f6vl\u0259t Departamenti: &#8221;H\u0259r iki t\u0259r\u0259fi g\u0259rginliyi azaltma\u011fa \u00e7a\u011f\u0131r\u0131r\u0131q&#8221;\"}]},{\"@type\":\"WebSite\",\"@id\":\"https:\\\/\\\/www.meydan.tv\\\/az\\\/#website\",\"url\":\"https:\\\/\\\/www.meydan.tv\\\/az\\\/\",\"name\":\"MEYDAN.TV\",\"description\":\"Meydan TV Az\u0259rbaycan\u0131n media m\u0259kan\u0131ndak\u0131 alternativ s\u0259sidir\",\"publisher\":{\"@id\":\"https:\\\/\\\/www.meydan.tv\\\/az\\\/#organization\"},\"potentialAction\":[{\"@type\":\"SearchAction\",\"target\":{\"@type\":\"EntryPoint\",\"urlTemplate\":\"https:\\\/\\\/www.meydan.tv\\\/az\\\/?s={search_term_string}\"},\"query-input\":{\"@type\":\"PropertyValueSpecification\",\"valueRequired\":true,\"valueName\":\"search_term_string\"}}],\"inLanguage\":\"az\"},{\"@type\":\"Organization\",\"@id\":\"https:\\\/\\\/www.meydan.tv\\\/az\\\/#organization\",\"name\":\"Meydan TV\",\"url\":\"https:\\\/\\\/www.meydan.tv\\\/az\\\/\",\"logo\":{\"@type\":\"ImageObject\",\"inLanguage\":\"az\",\"@id\":\"https:\\\/\\\/www.meydan.tv\\\/az\\\/#\\\/schema\\\/logo\\\/image\\\/\",\"url\":\"https:\\\/\\\/www.meydan.tv\\\/wp-content\\\/uploads\\\/2021\\\/07\\\/meydan-logo.svg\",\"contentUrl\":\"https:\\\/\\\/www.meydan.tv\\\/wp-content\\\/uploads\\\/2021\\\/07\\\/meydan-logo.svg\",\"width\":195,\"height\":46,\"caption\":\"Meydan TV\"},\"image\":{\"@id\":\"https:\\\/\\\/www.meydan.tv\\\/az\\\/#\\\/schema\\\/logo\\\/image\\\/\"}},{\"@type\":\"Person\",\"@id\":\"https:\\\/\\\/www.meydan.tv\\\/az\\\/#\\\/schema\\\/person\\\/10d11eccf6da3662cf5fdab9806ea91a\",\"name\":\"user-manager\"}]}<\/script>\n<!-- \/ Yoast SEO plugin. -->","yoast_head_json":{"title":"AB\u015e D\u00f6vl\u0259t Departamenti: ''H\u0259r iki t\u0259r\u0259fi g\u0259rginliyi azaltma\u011fa \u00e7a\u011f\u0131r\u0131r\u0131q'' - MEYDAN.TV","robots":{"index":"index","follow":"follow","max-snippet":"max-snippet:-1","max-image-preview":"max-image-preview:large","max-video-preview":"max-video-preview:-1"},"canonical":"https:\/\/www.meydan.tv\/az\/article\/abs-dovlet-departamenti-her-iki-terefi-gerginliyi-azaltmaga-cagiririq\/","og_locale":"az_AZ","og_type":"article","og_title":"AB\u015e D\u00f6vl\u0259t Departamenti: ''H\u0259r iki t\u0259r\u0259fi g\u0259rginliyi azaltma\u011fa \u00e7a\u011f\u0131r\u0131r\u0131q'' - MEYDAN.TV","og_description":"Az\u0259r Qas\u0131ml\u0131 hesab edir ki, AB\u015e h\u0259l\u0259 prosesi m\u00fc\u015fahid\u0259 edir v\u0259 ba\u015flanan h\u0259rbi \u0259m\u0259liyyatlar\u0131n nec\u0259 bit\u0259c\u0259yini g\u00f6zl\u0259yir","og_url":"https:\/\/www.meydan.tv\/az\/article\/abs-dovlet-departamenti-her-iki-terefi-gerginliyi-azaltmaga-cagiririq\/","og_site_name":"MEYDAN.TV","article_published_time":"2016-04-05T14:44:46+00:00","og_image":[{"width":294,"height":172,"url":"https:\/\/www.meydan.tv\/wp-content\/uploads\/20232.jpg","type":"image\/jpeg"}],"author":"user-manager","twitter_card":"summary_large_image","schema":{"@context":"https:\/\/schema.org","@graph":[{"@type":"Article","@id":"https:\/\/www.meydan.tv\/az\/article\/abs-dovlet-departamenti-her-iki-terefi-gerginliyi-azaltmaga-cagiririq\/#article","isPartOf":{"@id":"https:\/\/www.meydan.tv\/az\/article\/abs-dovlet-departamenti-her-iki-terefi-gerginliyi-azaltmaga-cagiririq\/"},"author":{"name":"user-manager","@id":"https:\/\/www.meydan.tv\/az\/#\/schema\/person\/10d11eccf6da3662cf5fdab9806ea91a"},"headline":"AB\u015e D\u00f6vl\u0259t Departamenti: &#8221;H\u0259r iki t\u0259r\u0259fi g\u0259rginliyi azaltma\u011fa \u00e7a\u011f\u0131r\u0131r\u0131q&#8221;","datePublished":"2016-04-05T14:44:46+00:00","mainEntityOfPage":{"@id":"https:\/\/www.meydan.tv\/az\/article\/abs-dovlet-departamenti-her-iki-terefi-gerginliyi-azaltmaga-cagiririq\/"},"wordCount":524,"publisher":{"@id":"https:\/\/www.meydan.tv\/az\/#organization"},"image":{"@id":"https:\/\/www.meydan.tv\/az\/article\/abs-dovlet-departamenti-her-iki-terefi-gerginliyi-azaltmaga-cagiririq\/#primaryimage"},"thumbnailUrl":"https:\/\/www.meydan.tv\/wp-content\/uploads\/20232.jpg","articleSection":["Analitika"],"inLanguage":"az"},{"@type":"WebPage","@id":"https:\/\/www.meydan.tv\/az\/article\/abs-dovlet-departamenti-her-iki-terefi-gerginliyi-azaltmaga-cagiririq\/","url":"https:\/\/www.meydan.tv\/az\/article\/abs-dovlet-departamenti-her-iki-terefi-gerginliyi-azaltmaga-cagiririq\/","name":"AB\u015e D\u00f6vl\u0259t Departamenti: ''H\u0259r iki t\u0259r\u0259fi g\u0259rginliyi azaltma\u011fa \u00e7a\u011f\u0131r\u0131r\u0131q'' - MEYDAN.TV","isPartOf":{"@id":"https:\/\/www.meydan.tv\/az\/#website"},"primaryImageOfPage":{"@id":"https:\/\/www.meydan.tv\/az\/article\/abs-dovlet-departamenti-her-iki-terefi-gerginliyi-azaltmaga-cagiririq\/#primaryimage"},"image":{"@id":"https:\/\/www.meydan.tv\/az\/article\/abs-dovlet-departamenti-her-iki-terefi-gerginliyi-azaltmaga-cagiririq\/#primaryimage"},"thumbnailUrl":"https:\/\/www.meydan.tv\/wp-content\/uploads\/20232.jpg","datePublished":"2016-04-05T14:44:46+00:00","breadcrumb":{"@id":"https:\/\/www.meydan.tv\/az\/article\/abs-dovlet-departamenti-her-iki-terefi-gerginliyi-azaltmaga-cagiririq\/#breadcrumb"},"inLanguage":"az","potentialAction":[{"@type":"ReadAction","target":["https:\/\/www.meydan.tv\/az\/article\/abs-dovlet-departamenti-her-iki-terefi-gerginliyi-azaltmaga-cagiririq\/"]}]},{"@type":"ImageObject","inLanguage":"az","@id":"https:\/\/www.meydan.tv\/az\/article\/abs-dovlet-departamenti-her-iki-terefi-gerginliyi-azaltmaga-cagiririq\/#primaryimage","url":"https:\/\/www.meydan.tv\/wp-content\/uploads\/20232.jpg","contentUrl":"https:\/\/www.meydan.tv\/wp-content\/uploads\/20232.jpg","width":294,"height":172,"caption":"Source:"},{"@type":"BreadcrumbList","@id":"https:\/\/www.meydan.tv\/az\/article\/abs-dovlet-departamenti-her-iki-terefi-gerginliyi-azaltmaga-cagiririq\/#breadcrumb","itemListElement":[{"@type":"ListItem","position":1,"name":"Ana s\u0259hif\u0259","item":"https:\/\/www.meydan.tv\/az\/"},{"@type":"ListItem","position":2,"name":"Analitika","item":"https:\/\/www.meydan.tv\/az\/section\/analitika\/"},{"@type":"ListItem","position":3,"name":"AB\u015e D\u00f6vl\u0259t Departamenti: &#8221;H\u0259r iki t\u0259r\u0259fi g\u0259rginliyi azaltma\u011fa \u00e7a\u011f\u0131r\u0131r\u0131q&#8221;"}]},{"@type":"WebSite","@id":"https:\/\/www.meydan.tv\/az\/#website","url":"https:\/\/www.meydan.tv\/az\/","name":"MEYDAN.TV","description":"Meydan TV Az\u0259rbaycan\u0131n media m\u0259kan\u0131ndak\u0131 alternativ s\u0259sidir","publisher":{"@id":"https:\/\/www.meydan.tv\/az\/#organization"},"potentialAction":[{"@type":"SearchAction","target":{"@type":"EntryPoint","urlTemplate":"https:\/\/www.meydan.tv\/az\/?s={search_term_string}"},"query-input":{"@type":"PropertyValueSpecification","valueRequired":true,"valueName":"search_term_string"}}],"inLanguage":"az"},{"@type":"Organization","@id":"https:\/\/www.meydan.tv\/az\/#organization","name":"Meydan TV","url":"https:\/\/www.meydan.tv\/az\/","logo":{"@type":"ImageObject","inLanguage":"az","@id":"https:\/\/www.meydan.tv\/az\/#\/schema\/logo\/image\/","url":"https:\/\/www.meydan.tv\/wp-content\/uploads\/2021\/07\/meydan-logo.svg","contentUrl":"https:\/\/www.meydan.tv\/wp-content\/uploads\/2021\/07\/meydan-logo.svg","width":195,"height":46,"caption":"Meydan TV"},"image":{"@id":"https:\/\/www.meydan.tv\/az\/#\/schema\/logo\/image\/"}},{"@type":"Person","@id":"https:\/\/www.meydan.tv\/az\/#\/schema\/person\/10d11eccf6da3662cf5fdab9806ea91a","name":"user-manager"}]}},"_links":{"self":[{"href":"https:\/\/www.meydan.tv\/az\/wp-json\/wp\/v2\/posts\/174895","targetHints":{"allow":["GET"]}}],"collection":[{"href":"https:\/\/www.meydan.tv\/az\/wp-json\/wp\/v2\/posts"}],"about":[{"href":"https:\/\/www.meydan.tv\/az\/wp-json\/wp\/v2\/types\/post"}],"author":[{"embeddable":true,"href":"https:\/\/www.meydan.tv\/az\/wp-json\/wp\/v2\/users\/11"}],"replies":[{"embeddable":true,"href":"https:\/\/www.meydan.tv\/az\/wp-json\/wp\/v2\/comments?post=174895"}],"version-history":[{"count":0,"href":"https:\/\/www.meydan.tv\/az\/wp-json\/wp\/v2\/posts\/174895\/revisions"}],"wp:featuredmedia":[{"embeddable":true,"href":"https:\/\/www.meydan.tv\/az\/wp-json\/wp\/v2\/media\/53640"}],"wp:attachment":[{"href":"https:\/\/www.meydan.tv\/az\/wp-json\/wp\/v2\/media?parent=174895"}],"wp:term":[{"taxonomy":"category","embeddable":true,"href":"https:\/\/www.meydan.tv\/az\/wp-json\/wp\/v2\/categories?post=174895"},{"taxonomy":"post_tag","embeddable":true,"href":"https:\/\/www.meydan.tv\/az\/wp-json\/wp\/v2\/tags?post=174895"}],"curies":[{"name":"wp","href":"https:\/\/api.w.org\/{rel}","templated":true}]}}