{"id":174888,"date":"2016-04-05T04:42:55","date_gmt":"2016-04-05T04:42:55","guid":{"rendered":"https:\/\/www.meydan.tv\/article\/sehid-olan-herbcilerin-kredit-borclari-silinecek\/"},"modified":"2016-04-05T04:42:55","modified_gmt":"2016-04-05T04:42:55","slug":"sehid-olan-herbcilerin-kredit-borclari-silinecek","status":"publish","type":"post","link":"https:\/\/www.meydan.tv\/az\/article\/sehid-olan-herbcilerin-kredit-borclari-silinecek\/","title":{"rendered":"\u015e\u0259hid olan h\u0259rb\u00e7il\u0259rin kredit borclar\u0131 silin\u0259c\u0259k"},"content":{"rendered":"<figure class=\"wp-block-image size-large\">\n  <img decoding=\"async\" src=\"https:\/\/www.meydan.tv\/az\/cebhe-xetti-2\/\" alt=\"C\u0259bh\u0259 x\u0259tti\" class=\"wp-image-53625\"\/><figcaption>\n    C\u0259bh\u0259 x\u0259tti<br \/>\n  <\/figcaption><\/figure>\n<figure class=\"wp-block-image size-large\">\n  <img decoding=\"async\" src=\"https:\/\/www.meydan.tv\/az\/cebhe-xetti-2\/\" alt=\"C\u0259bh\u0259 x\u0259tti\" class=\"wp-image-53625\"\/><figcaption>\n    C\u0259bh\u0259 x\u0259tti<br \/>\n  <\/figcaption><\/figure>\n<p>\n  C\u0259bh\u0259d\u0259 ged\u0259n d\u00f6y\u00fc\u015fl\u0259r zaman\u0131 h\u0259lak olan h\u0259rb\u00e7il\u0259rimiz, yaxud da onlar\u0131n ail\u0259 \u00fczvl\u0259rinin kredit borclar\u0131 silin\u0259c\u0259k.\n<\/p>\n<p>\n  ANS PRESS-in m\u0259lumat\u0131na g\u00f6r\u0259, bu bar\u0259d\u0259 \u201cAz\u0259rbaycan Beyn\u0259lxalq Bank\u0131\u201dn\u0131n a\u00e7\u0131qlamas\u0131nda bildirilir.\n<\/p>\n<p>\n  \u201cAprelin 2-d\u0259 erm\u0259ni h\u0259rbi birl\u0259\u015fm\u0259l\u0259rinin qo\u015funlar\u0131n t\u0259mas x\u0259ttind\u0259 t\u00f6r\u0259tdiyi t\u0259xribat\u0131n qar\u015f\u0131s\u0131n\u0131n al\u0131nmas\u0131 \u00fc\u00e7\u00fcn s\u00fcr\u0259tli \u0259ks-h\u0259ml\u0259 h\u0259yata ke\u00e7iril\u0259r\u0259k strateji \u0259h\u0259miyy\u0259t\u0259 malik bir ne\u00e7\u0259 y\u00fcks\u0259klik v\u0259 ya\u015fay\u0131\u015f m\u0259nt\u0259q\u0259si d\u00fc\u015fm\u0259nd\u0259n azad edilib. Az\u0259rbaycan Silahl\u0131 Q\u00fcvv\u0259l\u0259rinin bu z\u0259f\u0259ri c\u0259miyy\u0259timizd\u0259 b\u00f6y\u00fck ruh y\u00fcks\u0259kliyi yarad\u0131b.\n<\/p>\n<p>\n  V\u0259t\u0259nda\u015flar\u0131m\u0131z, el\u0259c\u0259 d\u0259 ayr\u0131-ayr\u0131 qurumlar ordumuza minn\u0259tdarl\u0131q v\u0259 d\u0259st\u0259k hissinin n\u00fcmayi\u015fi \u00fc\u00e7\u00fcn imkanlar\u0131ndan istifad\u0259 etm\u0259y\u0259 \u00e7al\u0131\u015f\u0131rlar. Sabah ABB-nin ba\u015f ofisind\u0259 d\u0259 qanverm\u0259 aksiyas\u0131 ke\u00e7iril\u0259c\u0259k. Bank \u0259m\u0259kda\u015flar\u0131 h\u0259rbi \u0259m\u0259liyyatlar zaman\u0131 yaralanm\u0131\u015f h\u0259rb\u00e7il\u0259rimizin m\u00fcalic\u0259sin\u0259 k\u00f6m\u0259k m\u0259qs\u0259dil\u0259 qan ver\u0259c\u0259kl\u0259r.\n<\/p>\n<p>\n  Bundan ba\u015fqa, \u0259m\u0259liyyatlar zaman\u0131 h\u0259lak olmu\u015f h\u0259rb\u00e7il\u0259rimizin, yaxud onlar\u0131n ail\u0259 \u00fczvl\u0259rinin ABB-y\u0259 kredit borcunun olub-olmad\u0131\u011f\u0131 ara\u015fd\u0131r\u0131lacaq. Bel\u0259 bir borc oldu\u011fu t\u0259qdird\u0259 bank bu borclar\u0131n l\u0259\u011fvi bar\u0259d\u0259 q\u0259rar q\u0259bul ed\u0259c\u0259k.\n<\/p>\n<p>\n  Az\u0259rbaycan\u0131n m\u00fcst\u0259qilliyi v\u0259 \u0259razi b\u00fct\u00f6vl\u00fcy\u00fc u\u011frunda h\u0259lak olmu\u015f b\u00fct\u00fcn \u015f\u0259hidl\u0259rimiz\u0259 Allah r\u0259hm\u0259t el\u0259sin!\u201d \u2013 dey\u0259 a\u00e7\u0131qlamada deyilir.<\/p>\n","protected":false},"excerpt":{"rendered":"<p>C\u0259bh\u0259d\u0259 ged\u0259n d\u00f6y\u00fc\u015fl\u0259r zaman\u0131 h\u0259lak olan h\u0259rb\u00e7il\u0259rimiz, yaxud da onlar\u0131n ail\u0259 \u00fczvl\u0259rinin kredit borclar\u0131 silin\u0259c\u0259k.<\/p>\n","protected":false},"author":11,"featured_media":53625,"comment_status":"closed","ping_status":"open","sticky":false,"template":"","format":"standard","meta":{"_acf_changed":false,"_sitemap_exclude":false,"_sitemap_priority":"","_sitemap_frequency":"","footnotes":""},"categories":[51],"tags":[],"class_list":["post-174888","post","type-post","status-publish","format-standard","has-post-thumbnail","hentry","category-analitika","infinite-scroll-item","generate-columns","tablet-grid-50","mobile-grid-100","grid-parent","grid-33","no-featured-image-padding"],"acf":[],"yoast_head":"<!-- This site is optimized with the Yoast SEO plugin v27.5 - https:\/\/yoast.com\/product\/yoast-seo-wordpress\/ -->\n<title>\u015e\u0259hid olan h\u0259rb\u00e7il\u0259rin kredit borclar\u0131 silin\u0259c\u0259k - MEYDAN.TV<\/title>\n<meta name=\"robots\" content=\"index, follow, max-snippet:-1, max-image-preview:large, max-video-preview:-1\" \/>\n<link rel=\"canonical\" href=\"https:\/\/www.meydan.tv\/az\/article\/sehid-olan-herbcilerin-kredit-borclari-silinecek\/\" \/>\n<meta property=\"og:locale\" content=\"az_AZ\" \/>\n<meta property=\"og:type\" content=\"article\" \/>\n<meta property=\"og:title\" content=\"\u015e\u0259hid olan h\u0259rb\u00e7il\u0259rin kredit borclar\u0131 silin\u0259c\u0259k - MEYDAN.TV\" \/>\n<meta property=\"og:description\" content=\"C\u0259bh\u0259d\u0259 ged\u0259n d\u00f6y\u00fc\u015fl\u0259r zaman\u0131 h\u0259lak olan h\u0259rb\u00e7il\u0259rimiz, yaxud da onlar\u0131n ail\u0259 \u00fczvl\u0259rinin kredit borclar\u0131 silin\u0259c\u0259k.\" \/>\n<meta property=\"og:url\" content=\"https:\/\/www.meydan.tv\/az\/article\/sehid-olan-herbcilerin-kredit-borclari-silinecek\/\" \/>\n<meta property=\"og:site_name\" content=\"MEYDAN.TV\" \/>\n<meta property=\"article:published_time\" content=\"2016-04-05T04:42:55+00:00\" \/>\n<meta property=\"og:image\" content=\"https:\/\/www.meydan.tv\/wp-content\/uploads\/20225.jpg\" \/>\n\t<meta property=\"og:image:width\" content=\"600\" \/>\n\t<meta property=\"og:image:height\" content=\"334\" \/>\n\t<meta property=\"og:image:type\" content=\"image\/jpeg\" \/>\n<meta name=\"author\" content=\"user-manager\" \/>\n<meta name=\"twitter:card\" content=\"summary_large_image\" \/>\n<script type=\"application\/ld+json\" class=\"yoast-schema-graph\">{\"@context\":\"https:\\\/\\\/schema.org\",\"@graph\":[{\"@type\":\"Article\",\"@id\":\"https:\\\/\\\/www.meydan.tv\\\/az\\\/article\\\/sehid-olan-herbcilerin-kredit-borclari-silinecek\\\/#article\",\"isPartOf\":{\"@id\":\"https:\\\/\\\/www.meydan.tv\\\/az\\\/article\\\/sehid-olan-herbcilerin-kredit-borclari-silinecek\\\/\"},\"author\":{\"name\":\"user-manager\",\"@id\":\"https:\\\/\\\/www.meydan.tv\\\/az\\\/#\\\/schema\\\/person\\\/10d11eccf6da3662cf5fdab9806ea91a\"},\"headline\":\"\u015e\u0259hid olan h\u0259rb\u00e7il\u0259rin kredit borclar\u0131 silin\u0259c\u0259k\",\"datePublished\":\"2016-04-05T04:42:55+00:00\",\"mainEntityOfPage\":{\"@id\":\"https:\\\/\\\/www.meydan.tv\\\/az\\\/article\\\/sehid-olan-herbcilerin-kredit-borclari-silinecek\\\/\"},\"wordCount\":308,\"publisher\":{\"@id\":\"https:\\\/\\\/www.meydan.tv\\\/az\\\/#organization\"},\"image\":{\"@id\":\"https:\\\/\\\/www.meydan.tv\\\/az\\\/article\\\/sehid-olan-herbcilerin-kredit-borclari-silinecek\\\/#primaryimage\"},\"thumbnailUrl\":\"https:\\\/\\\/www.meydan.tv\\\/wp-content\\\/uploads\\\/20225.jpg\",\"articleSection\":[\"Analitika\"],\"inLanguage\":\"az\"},{\"@type\":\"WebPage\",\"@id\":\"https:\\\/\\\/www.meydan.tv\\\/az\\\/article\\\/sehid-olan-herbcilerin-kredit-borclari-silinecek\\\/\",\"url\":\"https:\\\/\\\/www.meydan.tv\\\/az\\\/article\\\/sehid-olan-herbcilerin-kredit-borclari-silinecek\\\/\",\"name\":\"\u015e\u0259hid olan h\u0259rb\u00e7il\u0259rin kredit borclar\u0131 silin\u0259c\u0259k - MEYDAN.TV\",\"isPartOf\":{\"@id\":\"https:\\\/\\\/www.meydan.tv\\\/az\\\/#website\"},\"primaryImageOfPage\":{\"@id\":\"https:\\\/\\\/www.meydan.tv\\\/az\\\/article\\\/sehid-olan-herbcilerin-kredit-borclari-silinecek\\\/#primaryimage\"},\"image\":{\"@id\":\"https:\\\/\\\/www.meydan.tv\\\/az\\\/article\\\/sehid-olan-herbcilerin-kredit-borclari-silinecek\\\/#primaryimage\"},\"thumbnailUrl\":\"https:\\\/\\\/www.meydan.tv\\\/wp-content\\\/uploads\\\/20225.jpg\",\"datePublished\":\"2016-04-05T04:42:55+00:00\",\"breadcrumb\":{\"@id\":\"https:\\\/\\\/www.meydan.tv\\\/az\\\/article\\\/sehid-olan-herbcilerin-kredit-borclari-silinecek\\\/#breadcrumb\"},\"inLanguage\":\"az\",\"potentialAction\":[{\"@type\":\"ReadAction\",\"target\":[\"https:\\\/\\\/www.meydan.tv\\\/az\\\/article\\\/sehid-olan-herbcilerin-kredit-borclari-silinecek\\\/\"]}]},{\"@type\":\"ImageObject\",\"inLanguage\":\"az\",\"@id\":\"https:\\\/\\\/www.meydan.tv\\\/az\\\/article\\\/sehid-olan-herbcilerin-kredit-borclari-silinecek\\\/#primaryimage\",\"url\":\"https:\\\/\\\/www.meydan.tv\\\/wp-content\\\/uploads\\\/20225.jpg\",\"contentUrl\":\"https:\\\/\\\/www.meydan.tv\\\/wp-content\\\/uploads\\\/20225.jpg\",\"width\":600,\"height\":334,\"caption\":\"Source:\"},{\"@type\":\"BreadcrumbList\",\"@id\":\"https:\\\/\\\/www.meydan.tv\\\/az\\\/article\\\/sehid-olan-herbcilerin-kredit-borclari-silinecek\\\/#breadcrumb\",\"itemListElement\":[{\"@type\":\"ListItem\",\"position\":1,\"name\":\"Ana s\u0259hif\u0259\",\"item\":\"https:\\\/\\\/www.meydan.tv\\\/az\\\/\"},{\"@type\":\"ListItem\",\"position\":2,\"name\":\"Analitika\",\"item\":\"https:\\\/\\\/www.meydan.tv\\\/az\\\/section\\\/analitika\\\/\"},{\"@type\":\"ListItem\",\"position\":3,\"name\":\"\u015e\u0259hid olan h\u0259rb\u00e7il\u0259rin kredit borclar\u0131 silin\u0259c\u0259k\"}]},{\"@type\":\"WebSite\",\"@id\":\"https:\\\/\\\/www.meydan.tv\\\/az\\\/#website\",\"url\":\"https:\\\/\\\/www.meydan.tv\\\/az\\\/\",\"name\":\"MEYDAN.TV\",\"description\":\"Meydan TV Az\u0259rbaycan\u0131n media m\u0259kan\u0131ndak\u0131 alternativ s\u0259sidir\",\"publisher\":{\"@id\":\"https:\\\/\\\/www.meydan.tv\\\/az\\\/#organization\"},\"potentialAction\":[{\"@type\":\"SearchAction\",\"target\":{\"@type\":\"EntryPoint\",\"urlTemplate\":\"https:\\\/\\\/www.meydan.tv\\\/az\\\/?s={search_term_string}\"},\"query-input\":{\"@type\":\"PropertyValueSpecification\",\"valueRequired\":true,\"valueName\":\"search_term_string\"}}],\"inLanguage\":\"az\"},{\"@type\":\"Organization\",\"@id\":\"https:\\\/\\\/www.meydan.tv\\\/az\\\/#organization\",\"name\":\"Meydan TV\",\"url\":\"https:\\\/\\\/www.meydan.tv\\\/az\\\/\",\"logo\":{\"@type\":\"ImageObject\",\"inLanguage\":\"az\",\"@id\":\"https:\\\/\\\/www.meydan.tv\\\/az\\\/#\\\/schema\\\/logo\\\/image\\\/\",\"url\":\"https:\\\/\\\/www.meydan.tv\\\/wp-content\\\/uploads\\\/2021\\\/07\\\/meydan-logo.svg\",\"contentUrl\":\"https:\\\/\\\/www.meydan.tv\\\/wp-content\\\/uploads\\\/2021\\\/07\\\/meydan-logo.svg\",\"width\":195,\"height\":46,\"caption\":\"Meydan TV\"},\"image\":{\"@id\":\"https:\\\/\\\/www.meydan.tv\\\/az\\\/#\\\/schema\\\/logo\\\/image\\\/\"}},{\"@type\":\"Person\",\"@id\":\"https:\\\/\\\/www.meydan.tv\\\/az\\\/#\\\/schema\\\/person\\\/10d11eccf6da3662cf5fdab9806ea91a\",\"name\":\"user-manager\"}]}<\/script>\n<!-- \/ Yoast SEO plugin. -->","yoast_head_json":{"title":"\u015e\u0259hid olan h\u0259rb\u00e7il\u0259rin kredit borclar\u0131 silin\u0259c\u0259k - MEYDAN.TV","robots":{"index":"index","follow":"follow","max-snippet":"max-snippet:-1","max-image-preview":"max-image-preview:large","max-video-preview":"max-video-preview:-1"},"canonical":"https:\/\/www.meydan.tv\/az\/article\/sehid-olan-herbcilerin-kredit-borclari-silinecek\/","og_locale":"az_AZ","og_type":"article","og_title":"\u015e\u0259hid olan h\u0259rb\u00e7il\u0259rin kredit borclar\u0131 silin\u0259c\u0259k - MEYDAN.TV","og_description":"C\u0259bh\u0259d\u0259 ged\u0259n d\u00f6y\u00fc\u015fl\u0259r zaman\u0131 h\u0259lak olan h\u0259rb\u00e7il\u0259rimiz, yaxud da onlar\u0131n ail\u0259 \u00fczvl\u0259rinin kredit borclar\u0131 silin\u0259c\u0259k.","og_url":"https:\/\/www.meydan.tv\/az\/article\/sehid-olan-herbcilerin-kredit-borclari-silinecek\/","og_site_name":"MEYDAN.TV","article_published_time":"2016-04-05T04:42:55+00:00","og_image":[{"width":600,"height":334,"url":"https:\/\/www.meydan.tv\/wp-content\/uploads\/20225.jpg","type":"image\/jpeg"}],"author":"user-manager","twitter_card":"summary_large_image","schema":{"@context":"https:\/\/schema.org","@graph":[{"@type":"Article","@id":"https:\/\/www.meydan.tv\/az\/article\/sehid-olan-herbcilerin-kredit-borclari-silinecek\/#article","isPartOf":{"@id":"https:\/\/www.meydan.tv\/az\/article\/sehid-olan-herbcilerin-kredit-borclari-silinecek\/"},"author":{"name":"user-manager","@id":"https:\/\/www.meydan.tv\/az\/#\/schema\/person\/10d11eccf6da3662cf5fdab9806ea91a"},"headline":"\u015e\u0259hid olan h\u0259rb\u00e7il\u0259rin kredit borclar\u0131 silin\u0259c\u0259k","datePublished":"2016-04-05T04:42:55+00:00","mainEntityOfPage":{"@id":"https:\/\/www.meydan.tv\/az\/article\/sehid-olan-herbcilerin-kredit-borclari-silinecek\/"},"wordCount":308,"publisher":{"@id":"https:\/\/www.meydan.tv\/az\/#organization"},"image":{"@id":"https:\/\/www.meydan.tv\/az\/article\/sehid-olan-herbcilerin-kredit-borclari-silinecek\/#primaryimage"},"thumbnailUrl":"https:\/\/www.meydan.tv\/wp-content\/uploads\/20225.jpg","articleSection":["Analitika"],"inLanguage":"az"},{"@type":"WebPage","@id":"https:\/\/www.meydan.tv\/az\/article\/sehid-olan-herbcilerin-kredit-borclari-silinecek\/","url":"https:\/\/www.meydan.tv\/az\/article\/sehid-olan-herbcilerin-kredit-borclari-silinecek\/","name":"\u015e\u0259hid olan h\u0259rb\u00e7il\u0259rin kredit borclar\u0131 silin\u0259c\u0259k - MEYDAN.TV","isPartOf":{"@id":"https:\/\/www.meydan.tv\/az\/#website"},"primaryImageOfPage":{"@id":"https:\/\/www.meydan.tv\/az\/article\/sehid-olan-herbcilerin-kredit-borclari-silinecek\/#primaryimage"},"image":{"@id":"https:\/\/www.meydan.tv\/az\/article\/sehid-olan-herbcilerin-kredit-borclari-silinecek\/#primaryimage"},"thumbnailUrl":"https:\/\/www.meydan.tv\/wp-content\/uploads\/20225.jpg","datePublished":"2016-04-05T04:42:55+00:00","breadcrumb":{"@id":"https:\/\/www.meydan.tv\/az\/article\/sehid-olan-herbcilerin-kredit-borclari-silinecek\/#breadcrumb"},"inLanguage":"az","potentialAction":[{"@type":"ReadAction","target":["https:\/\/www.meydan.tv\/az\/article\/sehid-olan-herbcilerin-kredit-borclari-silinecek\/"]}]},{"@type":"ImageObject","inLanguage":"az","@id":"https:\/\/www.meydan.tv\/az\/article\/sehid-olan-herbcilerin-kredit-borclari-silinecek\/#primaryimage","url":"https:\/\/www.meydan.tv\/wp-content\/uploads\/20225.jpg","contentUrl":"https:\/\/www.meydan.tv\/wp-content\/uploads\/20225.jpg","width":600,"height":334,"caption":"Source:"},{"@type":"BreadcrumbList","@id":"https:\/\/www.meydan.tv\/az\/article\/sehid-olan-herbcilerin-kredit-borclari-silinecek\/#breadcrumb","itemListElement":[{"@type":"ListItem","position":1,"name":"Ana s\u0259hif\u0259","item":"https:\/\/www.meydan.tv\/az\/"},{"@type":"ListItem","position":2,"name":"Analitika","item":"https:\/\/www.meydan.tv\/az\/section\/analitika\/"},{"@type":"ListItem","position":3,"name":"\u015e\u0259hid olan h\u0259rb\u00e7il\u0259rin kredit borclar\u0131 silin\u0259c\u0259k"}]},{"@type":"WebSite","@id":"https:\/\/www.meydan.tv\/az\/#website","url":"https:\/\/www.meydan.tv\/az\/","name":"MEYDAN.TV","description":"Meydan TV Az\u0259rbaycan\u0131n media m\u0259kan\u0131ndak\u0131 alternativ s\u0259sidir","publisher":{"@id":"https:\/\/www.meydan.tv\/az\/#organization"},"potentialAction":[{"@type":"SearchAction","target":{"@type":"EntryPoint","urlTemplate":"https:\/\/www.meydan.tv\/az\/?s={search_term_string}"},"query-input":{"@type":"PropertyValueSpecification","valueRequired":true,"valueName":"search_term_string"}}],"inLanguage":"az"},{"@type":"Organization","@id":"https:\/\/www.meydan.tv\/az\/#organization","name":"Meydan TV","url":"https:\/\/www.meydan.tv\/az\/","logo":{"@type":"ImageObject","inLanguage":"az","@id":"https:\/\/www.meydan.tv\/az\/#\/schema\/logo\/image\/","url":"https:\/\/www.meydan.tv\/wp-content\/uploads\/2021\/07\/meydan-logo.svg","contentUrl":"https:\/\/www.meydan.tv\/wp-content\/uploads\/2021\/07\/meydan-logo.svg","width":195,"height":46,"caption":"Meydan TV"},"image":{"@id":"https:\/\/www.meydan.tv\/az\/#\/schema\/logo\/image\/"}},{"@type":"Person","@id":"https:\/\/www.meydan.tv\/az\/#\/schema\/person\/10d11eccf6da3662cf5fdab9806ea91a","name":"user-manager"}]}},"_links":{"self":[{"href":"https:\/\/www.meydan.tv\/az\/wp-json\/wp\/v2\/posts\/174888","targetHints":{"allow":["GET"]}}],"collection":[{"href":"https:\/\/www.meydan.tv\/az\/wp-json\/wp\/v2\/posts"}],"about":[{"href":"https:\/\/www.meydan.tv\/az\/wp-json\/wp\/v2\/types\/post"}],"author":[{"embeddable":true,"href":"https:\/\/www.meydan.tv\/az\/wp-json\/wp\/v2\/users\/11"}],"replies":[{"embeddable":true,"href":"https:\/\/www.meydan.tv\/az\/wp-json\/wp\/v2\/comments?post=174888"}],"version-history":[{"count":0,"href":"https:\/\/www.meydan.tv\/az\/wp-json\/wp\/v2\/posts\/174888\/revisions"}],"wp:featuredmedia":[{"embeddable":true,"href":"https:\/\/www.meydan.tv\/az\/wp-json\/wp\/v2\/media\/53625"}],"wp:attachment":[{"href":"https:\/\/www.meydan.tv\/az\/wp-json\/wp\/v2\/media?parent=174888"}],"wp:term":[{"taxonomy":"category","embeddable":true,"href":"https:\/\/www.meydan.tv\/az\/wp-json\/wp\/v2\/categories?post=174888"},{"taxonomy":"post_tag","embeddable":true,"href":"https:\/\/www.meydan.tv\/az\/wp-json\/wp\/v2\/tags?post=174888"}],"curies":[{"name":"wp","href":"https:\/\/api.w.org\/{rel}","templated":true}]}}