{"id":174879,"date":"2016-04-05T00:13:55","date_gmt":"2016-04-05T00:13:55","guid":{"rendered":"https:\/\/www.meydan.tv\/article\/hefteboyu-dusunceler\/"},"modified":"2016-04-05T00:13:55","modified_gmt":"2016-04-05T00:13:55","slug":"hefteboyu-dusunceler","status":"publish","type":"post","link":"https:\/\/www.meydan.tv\/az\/article\/hefteboyu-dusunceler\/","title":{"rendered":"H\u0259ft\u0259boyu d\u00fc\u015f\u00fcnc\u0259l\u0259r"},"content":{"rendered":"<figure class=\"wp-block-image size-large\">\n  <img decoding=\"async\" src=\"https:\/\/www.meydan.tv\/az\/53466\/\" alt=\"\" class=\"wp-image-53466\"\/><figcaption><\/figcaption><\/figure>\n<figure class=\"wp-block-image size-large\">\n  <img decoding=\"async\" src=\"https:\/\/www.meydan.tv\/az\/53469\/\" alt=\"\" class=\"wp-image-53469\"\/><figcaption><\/figcaption><\/figure>\n<p>\n  \u0130lk bax\u0131\u015fdan bir-biri il\u0259 he\u00e7 bir \u0259laq\u0259si olmayan iki hadis\u0259 cavab verm\u0259k arzusu do\u011furdu: birincisi, m\u0259n\u0259 bel\u0259 hallarda xas olan q\u0259z\u0259b duy\u011fusu idi ki, bu da Az\u0259rbaycan hakimiyy\u0259ti t\u0259r\u0259find\u0259n \u00f6lk\u0259 v\u0259t\u0259nda\u015f\u0131n\u0131n, \u00fcst\u0259lik \u018fkr\u0259m \u018fylisli kimi m\u0259\u015fhur yaz\u0131\u00e7\u0131n\u0131n \u00f6lk\u0259d\u0259n xaric\u0259 he\u00e7 bir ciddi izah verilm\u0259d\u0259n burax\u0131lmamas\u0131 il\u0259 ba\u011fl\u0131yd\u0131. \u0130kincisi, bu hadis\u0259d\u0259n bir ne\u00e7\u0259 g\u00fcn sonra Qaraba\u011fdak\u0131 konfliktin h\u0259rbi m\u00fcnaqi\u015f\u0259y\u0259 \u00e7evril\u0259r\u0259k, ciddi h\u0259yacan hissini itirm\u0259siydi.\n<\/p>\n<p>\n  B\u00fct\u00fcn bunlar k\u0259d\u0259rlidir, faci\u0259vidir, m\u0259n bu hadis\u0259l\u0259r\u0259 filosofluq etm\u0259d\u0259n yana\u015fa bilmir\u0259m. Bu, m\u0259nim v\u0259t\u0259nim, tarixi yadda\u015f\u0131m, yax\u0131nlar\u0131md\u0131r. Amma m\u0259n h\u0259m d\u0259 bu a\u011flas\u0131\u011fmaz d\u00fc\u015fm\u0259nliyin, bu d\u00fc\u015fm\u0259n\u00e7iliyin az\u0259rbaycanl\u0131lar v\u0259 erm\u0259nil\u0259r aras\u0131nda bel\u0259 dol\u011fun \u015f\u0259kild\u0259 k\u00f6k almas\u0131n\u0131n qar\u015f\u0131s\u0131n\u0131 a\u011f\u0131lla, d\u00fc\u015f\u00fcnc\u0259 il\u0259 ala bilmir\u0259m. S\u0259mimi olsaq, dey\u0259 bil\u0259rik ki, bu \u00e7oxillik konflikt orda da, burda da d\u00f6vl\u0259tl\u0259rin deqradasiyas\u0131na g\u0259tirib \u00e7\u0131xar\u0131b. Odur ki, n\u0259 q\u0259d\u0259r q\u0259rib\u0259 olsa da, \u00fcmidl\u0259r ancaq daha n\u00fcfuzlu m\u00fctt\u0259fiql\u0259r\u0259dir: b\u0259lk\u0259 onlar q\u0131\u015f yuxusundan oyan\u0131b, g\u00fccl\u0259rini aktivl\u0259\u015fdir\u0259l\u0259r? Dava ed\u0259nl\u0259ri bir-birini m\u0259hv etm\u0259m\u0259y\u0259 \u00e7a\u011f\u0131ralar? T\u0259r\u0259fl\u0259ri m\u0259s\u0259l\u0259ni \u0259dal\u0259tl\u0259 h\u0259ll etm\u0259y\u0259 m\u0259cbur ed\u0259l\u0259r?..\n<\/p>\n<p>\n  \u018fsrl\u0259rl\u0259 yoxlanm\u0131\u015f fikird\u0259n yap\u0131\u015f\u0131ram: b\u0259lk\u0259 indi, m\u0259hvedici t\u0259hl\u00fck\u0259l\u0259r artan zamanda \u0259n d\u00fcz olan\u0131 erm\u0259nil\u0259r t\u0259r\u0259fin \u201c\u00f6l\u0259rik, geri \u00e7\u0259kilm\u0259rik\u201d v\u0259 bizimkil\u0259rin \u201c\u00f6l\u0259c\u0259yik, amma torpaqlar\u0131m\u0131z\u0131 azad ed\u0259c\u0259yik\u201d q\u0131\u015fq\u0131rt\u0131lar\u0131 alt\u0131nda e\u015fidilm\u0259k \u00fcmidi il\u0259 inild\u0259m\u0259k, q\u0131\u015fq\u0131rmaqd\u0131r?\n<\/p>\n<p>\n  B\u0259lk\u0259 \u00e7\u0131x\u0131\u015f yolu bizim \u00fcmumi m\u0259d\u0259niyy\u0259timizi vur\u011fulamaqd\u0131r \u2013 ax\u0131 biz ill\u0259r uzunu bir yerd\u0259, \u0259min-amanl\u0131q i\u00e7ind\u0259 ya\u015fam\u0131\u015f\u0131q?Amma bu da var ki, d\u00fcnyaya \u0259b\u0259di qurbanlar maraql\u0131 deyil, ona ke\u00e7mi\u015fd\u0259 d\u0259 olsa, pozitivlik laz\u0131md\u0131r\u2026 Amma a\u011fl\u0131 ba\u015f\u0131nda olanlar\u0131n s\u0259sini e\u015fid\u0259c\u0259k kim var ki?\n<\/p>\n<p>\n  Xat\u0131rlatd\u0131\u011f\u0131m hadis\u0259l\u0259r \u00f6z miqyas\u0131na g\u00f6r\u0259 m\u00fcqayis\u0259 olunmazd\u0131r- biri f\u00f6vq\u0259lvacib olsa da, \u015f\u0259xsi m\u0259s\u0259l\u0259dir, dig\u0259rind\u0259 is\u0259 qan, insan qurbanlar\u0131 var. Amma bunlar\u0131n aras\u0131nda dolay\u0131 olsa da, bir n\u00f6v \u0259laq\u0259 var. \u00dcst\u0259lik, birinci hadis\u0259ni t\u00f6r\u0259d\u0259n t\u0259bli\u011fat\u00e7\u0131lar plakat idi \u2013 o plakat ki, \u00fcst\u00fcnd\u0259 iki sima h\u0259kk olunmu\u015fdu: hakimiyy\u0259tin ist\u0259yin\u0259 g\u00f6r\u0259 q\u0259hraman elan olunmu\u015f (balta il\u0259 erm\u0259ni h\u0259rb\u00e7isini \u00f6ld\u00fcrd\u00fcy\u00fcn\u0259 g\u00f6r\u0259) h\u0259rb\u00e7i Ramil S\u0259f\u0259rov v\u0259 \u00f6z\u00fcn\u00fcn \u201cDa\u015f yuxular\u201d povestind\u0259 az\u0259rbaycanl\u0131lar\u0131 erm\u0259nil\u0259rin qatili kimi q\u0259l\u0259m\u0259 ver\u0259n, buna g\u00f6r\u0259 d\u0259 onu \u0259vv\u0259l quca\u011f\u0131nda isitmi\u015f, Xalq yaz\u0131\u00e7\u0131s\u0131 ad\u0131 vermi\u015f \u018fkr\u0259m \u018fylisli. Onun \u00f6lk\u0259d\u0259n \u00e7\u0131x\u0131\u015f\u0131na qoyulan qada\u011fa da el\u0259 bununla ba\u011fl\u0131d\u0131r.\n<\/p>\n<p>\n  N\u0259 etm\u0259li? H\u0259ft\u0259nin h\u0259r iki hadis\u0259si il\u0259 ba\u011fl\u0131 fikirl\u0259rimi deyim. H\u0259r \u015feyd\u0259n \u0259vv\u0259l, m\u00fcharib\u0259 il\u0259 ba\u011fl\u0131.\n<\/p>\n<p>\n  \u018fg\u0259r m\u00fcharib\u0259 (h\u0259tta erm\u0259nil\u0259rin i\u015f\u011fal el\u0259diyi Az\u0259rbaycan torpaqlar\u0131n\u0131n azad olunmas\u0131 u\u011frunda) ramil s\u0259f\u0259rovlar ovqat\u0131nda v\u0259t\u0259np\u0259rv\u0259rliyin t\u0259nt\u0259n\u0259si elan olunursa, m\u0259n bel\u0259 m\u00fcharib\u0259ni q\u0131nay\u0131ram v\u0259 Qaraba\u011f daxil olmaqla, he\u00e7 bir konfliktin h\u0259lli kimi q\u0259bul el\u0259mir\u0259m. Biz indiki, Ukraynadak\u0131, Suriyadak\u0131 m\u00fcharib\u0259l\u0259ri g\u00f6r\u00fcr\u00fck, onlar m\u0259nas\u0131z, qanl\u0131, f\u0131r\u0131ldaq, da\u011f\u0131d\u0131c\u0131 m\u00fcharib\u0259l\u0259rdir v\u0259 he\u00e7 bir izah\u0131 yoxdur. Bu m\u00fcharib\u0259l\u0259r\u0259 haqq qazand\u0131rmaq m\u00fcmk\u00fcn deyil, bunlar insanl\u0131q qar\u015f\u0131s\u0131nda cinay\u0259tdir.\n<\/p>\n<p>\n  Bel\u0259 \u015f\u0259rtl\u0259r alt\u0131nda m\u00fcharib\u0259 m\u0259nas\u0131zd\u0131r. B\u0259li, Qaraba\u011f konfliktinin iyirmid\u0259n \u00e7ox ya\u015f\u0131 var. B\u0259li, \u00e7oxdan raz\u0131l\u0131\u011fa g\u0259lm\u0259k olard\u0131, amma \u0259g\u0259r indiy\u0259 kimi he\u00e7 n\u0259 h\u0259ll olunmay\u0131bsa, m\u00fcharib\u0259 d\u0259 he\u00e7 n\u0259yi h\u0259ll etm\u0259y\u0259c\u0259k. M\u00fchairb\u0259 konflikti daha da k\u00f6r\u00fckl\u0259y\u0259c\u0259k, xalqlar a\u011f\u0131r d\u0259rdl\u0259r\u0259, da\u011f\u0131nt\u0131lara, m\u0259hv\u0259 d\u00fc\u00e7ar olacaq, xaos ba\u015f al\u0131b ged\u0259c\u0259k. Buna g\u00f6r\u0259 d\u0259, \u0259n a\u011flabatan fikir dan\u0131\u015f\u0131qlar n\u0259 q\u0259d\u0259r uzansa da, soyuq ba\u015fla davam el\u0259tdirm\u0259k laz\u0131md\u0131r. Bunun ba\u015fqa yolu yoxdur.\n<\/p>\n<p>\n  \u0130ndis\u0259 \u018fkr\u0259m \u018fylisli bar\u0259d\u0259. Zaman\u0131nda yaz\u0131\u00e7\u0131n\u0131n status v\u0259 istedad\u0131n\u0131 m\u00fcdafi\u0259 ed\u0259r\u0259k, onun ad\u0131\u00e7\u0259kil\u0259n \u0259s\u0259rini estetik \u015fedevr adland\u0131rm\u0131\u015fd\u0131m. Bununla bel\u0259, onu yarimh\u0259qiq\u0259t hesab ed\u0259r\u0259k, \u0259s\u0259rin kosepsiyas\u0131 il\u0259 raz\u0131 olmad\u0131\u011f\u0131m\u0131 da bildirmi\u015fdim.Tam h\u0259qiq\u0259t is\u0259 ancaq ikinci bel\u0259 bir roman, amma erm\u0259ni yaz\u0131\u00e7\u0131s\u0131n\u0131n q\u0259l\u0259mind\u0259n \u00e7\u0131xandan sonra b\u0259rq\u0259rar ola bil\u0259r. O erm\u0259ni yaz\u0131\u00e7\u0131s\u0131n\u0131n ki, \u00f6z h\u0259mv\u0259t\u0259nl\u0259rinin, erm\u0259nil\u0259rin Xocal\u0131da t\u00f6r\u0259tdikl\u0259rini \u018fkr\u0259m \u018fylisli kimi yan\u011f\u0131l\u0131 halda t\u0259svir el\u0259sin, onlar\u0131 tarix qar\u015f\u0131s\u0131nda bel\u0259 ittiham etsin. Bel\u0259 bir dialoq olsayd\u0131, biz, d\u00fc\u015f\u00fcn\u00fcr\u0259m ki, xalqlar\u0131n ax\u0131r ki, ortaq dil tapd\u0131\u011f\u0131na inana bil\u0259rdik. Amma&#8230;.n\u0259 q\u0259d\u0259r ki m\u00fcharib\u0259 gedir&#8230;.bu qeydl\u0259r yar\u0131m\u00e7\u0131q qalma\u011fa m\u0259hkumdur&#8230;\n<\/p>\n<p>\n  <b><br \/>\n    Yaz\u0131 m\u00fc\u0259llifin \u015f\u0259xsi m\u00f6vqeyini \u0259ks etdirir&#8230;<br \/>\n  <\/b><\/p>\n","protected":false},"excerpt":{"rendered":"<p>M\u0259n bel\u0259 m\u00fcharib\u0259ni q\u0131nay\u0131ram&#8230;<\/p>\n","protected":false},"author":11,"featured_media":53466,"comment_status":"closed","ping_status":"open","sticky":false,"template":"","format":"standard","meta":{"_acf_changed":false,"_sitemap_exclude":false,"_sitemap_priority":"","_sitemap_frequency":"","footnotes":""},"categories":[57],"tags":[],"class_list":["post-174879","post","type-post","status-publish","format-standard","has-post-thumbnail","hentry","category-menim-fikrimce","infinite-scroll-item","generate-columns","tablet-grid-50","mobile-grid-100","grid-parent","grid-33","no-featured-image-padding"],"acf":[],"yoast_head":"<!-- This site is optimized with the Yoast SEO plugin v27.5 - https:\/\/yoast.com\/product\/yoast-seo-wordpress\/ -->\n<title>H\u0259ft\u0259boyu d\u00fc\u015f\u00fcnc\u0259l\u0259r - MEYDAN.TV<\/title>\n<meta name=\"robots\" content=\"index, follow, max-snippet:-1, max-image-preview:large, max-video-preview:-1\" \/>\n<link rel=\"canonical\" href=\"https:\/\/www.meydan.tv\/az\/article\/hefteboyu-dusunceler\/\" \/>\n<meta property=\"og:locale\" content=\"az_AZ\" \/>\n<meta property=\"og:type\" content=\"article\" \/>\n<meta property=\"og:title\" content=\"H\u0259ft\u0259boyu d\u00fc\u015f\u00fcnc\u0259l\u0259r - MEYDAN.TV\" \/>\n<meta property=\"og:description\" content=\"M\u0259n bel\u0259 m\u00fcharib\u0259ni q\u0131nay\u0131ram...\" \/>\n<meta property=\"og:url\" content=\"https:\/\/www.meydan.tv\/az\/article\/hefteboyu-dusunceler\/\" \/>\n<meta property=\"og:site_name\" content=\"MEYDAN.TV\" \/>\n<meta property=\"article:published_time\" content=\"2016-04-05T00:13:55+00:00\" \/>\n<meta property=\"og:image\" content=\"https:\/\/www.meydan.tv\/wp-content\/uploads\/20222.jpg\" \/>\n\t<meta property=\"og:image:width\" content=\"640\" \/>\n\t<meta property=\"og:image:height\" content=\"640\" \/>\n\t<meta property=\"og:image:type\" content=\"image\/jpeg\" \/>\n<meta name=\"author\" content=\"user-manager\" \/>\n<meta name=\"twitter:card\" content=\"summary_large_image\" \/>\n<script type=\"application\/ld+json\" class=\"yoast-schema-graph\">{\"@context\":\"https:\\\/\\\/schema.org\",\"@graph\":[{\"@type\":\"Article\",\"@id\":\"https:\\\/\\\/www.meydan.tv\\\/az\\\/article\\\/hefteboyu-dusunceler\\\/#article\",\"isPartOf\":{\"@id\":\"https:\\\/\\\/www.meydan.tv\\\/az\\\/article\\\/hefteboyu-dusunceler\\\/\"},\"author\":{\"name\":\"user-manager\",\"@id\":\"https:\\\/\\\/www.meydan.tv\\\/az\\\/#\\\/schema\\\/person\\\/10d11eccf6da3662cf5fdab9806ea91a\"},\"headline\":\"H\u0259ft\u0259boyu d\u00fc\u015f\u00fcnc\u0259l\u0259r\",\"datePublished\":\"2016-04-05T00:13:55+00:00\",\"mainEntityOfPage\":{\"@id\":\"https:\\\/\\\/www.meydan.tv\\\/az\\\/article\\\/hefteboyu-dusunceler\\\/\"},\"wordCount\":1001,\"publisher\":{\"@id\":\"https:\\\/\\\/www.meydan.tv\\\/az\\\/#organization\"},\"image\":{\"@id\":\"https:\\\/\\\/www.meydan.tv\\\/az\\\/article\\\/hefteboyu-dusunceler\\\/#primaryimage\"},\"thumbnailUrl\":\"https:\\\/\\\/www.meydan.tv\\\/wp-content\\\/uploads\\\/20222.jpg\",\"articleSection\":[\"M\u0259nim Fikrimc\u0259\"],\"inLanguage\":\"az\"},{\"@type\":\"WebPage\",\"@id\":\"https:\\\/\\\/www.meydan.tv\\\/az\\\/article\\\/hefteboyu-dusunceler\\\/\",\"url\":\"https:\\\/\\\/www.meydan.tv\\\/az\\\/article\\\/hefteboyu-dusunceler\\\/\",\"name\":\"H\u0259ft\u0259boyu d\u00fc\u015f\u00fcnc\u0259l\u0259r - MEYDAN.TV\",\"isPartOf\":{\"@id\":\"https:\\\/\\\/www.meydan.tv\\\/az\\\/#website\"},\"primaryImageOfPage\":{\"@id\":\"https:\\\/\\\/www.meydan.tv\\\/az\\\/article\\\/hefteboyu-dusunceler\\\/#primaryimage\"},\"image\":{\"@id\":\"https:\\\/\\\/www.meydan.tv\\\/az\\\/article\\\/hefteboyu-dusunceler\\\/#primaryimage\"},\"thumbnailUrl\":\"https:\\\/\\\/www.meydan.tv\\\/wp-content\\\/uploads\\\/20222.jpg\",\"datePublished\":\"2016-04-05T00:13:55+00:00\",\"breadcrumb\":{\"@id\":\"https:\\\/\\\/www.meydan.tv\\\/az\\\/article\\\/hefteboyu-dusunceler\\\/#breadcrumb\"},\"inLanguage\":\"az\",\"potentialAction\":[{\"@type\":\"ReadAction\",\"target\":[\"https:\\\/\\\/www.meydan.tv\\\/az\\\/article\\\/hefteboyu-dusunceler\\\/\"]}]},{\"@type\":\"ImageObject\",\"inLanguage\":\"az\",\"@id\":\"https:\\\/\\\/www.meydan.tv\\\/az\\\/article\\\/hefteboyu-dusunceler\\\/#primaryimage\",\"url\":\"https:\\\/\\\/www.meydan.tv\\\/wp-content\\\/uploads\\\/20222.jpg\",\"contentUrl\":\"https:\\\/\\\/www.meydan.tv\\\/wp-content\\\/uploads\\\/20222.jpg\",\"width\":640,\"height\":640,\"caption\":\"Source:\"},{\"@type\":\"BreadcrumbList\",\"@id\":\"https:\\\/\\\/www.meydan.tv\\\/az\\\/article\\\/hefteboyu-dusunceler\\\/#breadcrumb\",\"itemListElement\":[{\"@type\":\"ListItem\",\"position\":1,\"name\":\"Ana s\u0259hif\u0259\",\"item\":\"https:\\\/\\\/www.meydan.tv\\\/az\\\/\"},{\"@type\":\"ListItem\",\"position\":2,\"name\":\"M\u0259nim Fikrimc\u0259\",\"item\":\"https:\\\/\\\/www.meydan.tv\\\/az\\\/section\\\/menim-fikrimce\\\/\"},{\"@type\":\"ListItem\",\"position\":3,\"name\":\"H\u0259ft\u0259boyu d\u00fc\u015f\u00fcnc\u0259l\u0259r\"}]},{\"@type\":\"WebSite\",\"@id\":\"https:\\\/\\\/www.meydan.tv\\\/az\\\/#website\",\"url\":\"https:\\\/\\\/www.meydan.tv\\\/az\\\/\",\"name\":\"MEYDAN.TV\",\"description\":\"Meydan TV Az\u0259rbaycan\u0131n media m\u0259kan\u0131ndak\u0131 alternativ s\u0259sidir\",\"publisher\":{\"@id\":\"https:\\\/\\\/www.meydan.tv\\\/az\\\/#organization\"},\"potentialAction\":[{\"@type\":\"SearchAction\",\"target\":{\"@type\":\"EntryPoint\",\"urlTemplate\":\"https:\\\/\\\/www.meydan.tv\\\/az\\\/?s={search_term_string}\"},\"query-input\":{\"@type\":\"PropertyValueSpecification\",\"valueRequired\":true,\"valueName\":\"search_term_string\"}}],\"inLanguage\":\"az\"},{\"@type\":\"Organization\",\"@id\":\"https:\\\/\\\/www.meydan.tv\\\/az\\\/#organization\",\"name\":\"Meydan TV\",\"url\":\"https:\\\/\\\/www.meydan.tv\\\/az\\\/\",\"logo\":{\"@type\":\"ImageObject\",\"inLanguage\":\"az\",\"@id\":\"https:\\\/\\\/www.meydan.tv\\\/az\\\/#\\\/schema\\\/logo\\\/image\\\/\",\"url\":\"https:\\\/\\\/www.meydan.tv\\\/wp-content\\\/uploads\\\/2021\\\/07\\\/meydan-logo.svg\",\"contentUrl\":\"https:\\\/\\\/www.meydan.tv\\\/wp-content\\\/uploads\\\/2021\\\/07\\\/meydan-logo.svg\",\"width\":195,\"height\":46,\"caption\":\"Meydan TV\"},\"image\":{\"@id\":\"https:\\\/\\\/www.meydan.tv\\\/az\\\/#\\\/schema\\\/logo\\\/image\\\/\"}},{\"@type\":\"Person\",\"@id\":\"https:\\\/\\\/www.meydan.tv\\\/az\\\/#\\\/schema\\\/person\\\/10d11eccf6da3662cf5fdab9806ea91a\",\"name\":\"user-manager\"}]}<\/script>\n<!-- \/ Yoast SEO plugin. -->","yoast_head_json":{"title":"H\u0259ft\u0259boyu d\u00fc\u015f\u00fcnc\u0259l\u0259r - MEYDAN.TV","robots":{"index":"index","follow":"follow","max-snippet":"max-snippet:-1","max-image-preview":"max-image-preview:large","max-video-preview":"max-video-preview:-1"},"canonical":"https:\/\/www.meydan.tv\/az\/article\/hefteboyu-dusunceler\/","og_locale":"az_AZ","og_type":"article","og_title":"H\u0259ft\u0259boyu d\u00fc\u015f\u00fcnc\u0259l\u0259r - MEYDAN.TV","og_description":"M\u0259n bel\u0259 m\u00fcharib\u0259ni q\u0131nay\u0131ram...","og_url":"https:\/\/www.meydan.tv\/az\/article\/hefteboyu-dusunceler\/","og_site_name":"MEYDAN.TV","article_published_time":"2016-04-05T00:13:55+00:00","og_image":[{"width":640,"height":640,"url":"https:\/\/www.meydan.tv\/wp-content\/uploads\/20222.jpg","type":"image\/jpeg"}],"author":"user-manager","twitter_card":"summary_large_image","schema":{"@context":"https:\/\/schema.org","@graph":[{"@type":"Article","@id":"https:\/\/www.meydan.tv\/az\/article\/hefteboyu-dusunceler\/#article","isPartOf":{"@id":"https:\/\/www.meydan.tv\/az\/article\/hefteboyu-dusunceler\/"},"author":{"name":"user-manager","@id":"https:\/\/www.meydan.tv\/az\/#\/schema\/person\/10d11eccf6da3662cf5fdab9806ea91a"},"headline":"H\u0259ft\u0259boyu d\u00fc\u015f\u00fcnc\u0259l\u0259r","datePublished":"2016-04-05T00:13:55+00:00","mainEntityOfPage":{"@id":"https:\/\/www.meydan.tv\/az\/article\/hefteboyu-dusunceler\/"},"wordCount":1001,"publisher":{"@id":"https:\/\/www.meydan.tv\/az\/#organization"},"image":{"@id":"https:\/\/www.meydan.tv\/az\/article\/hefteboyu-dusunceler\/#primaryimage"},"thumbnailUrl":"https:\/\/www.meydan.tv\/wp-content\/uploads\/20222.jpg","articleSection":["M\u0259nim Fikrimc\u0259"],"inLanguage":"az"},{"@type":"WebPage","@id":"https:\/\/www.meydan.tv\/az\/article\/hefteboyu-dusunceler\/","url":"https:\/\/www.meydan.tv\/az\/article\/hefteboyu-dusunceler\/","name":"H\u0259ft\u0259boyu d\u00fc\u015f\u00fcnc\u0259l\u0259r - MEYDAN.TV","isPartOf":{"@id":"https:\/\/www.meydan.tv\/az\/#website"},"primaryImageOfPage":{"@id":"https:\/\/www.meydan.tv\/az\/article\/hefteboyu-dusunceler\/#primaryimage"},"image":{"@id":"https:\/\/www.meydan.tv\/az\/article\/hefteboyu-dusunceler\/#primaryimage"},"thumbnailUrl":"https:\/\/www.meydan.tv\/wp-content\/uploads\/20222.jpg","datePublished":"2016-04-05T00:13:55+00:00","breadcrumb":{"@id":"https:\/\/www.meydan.tv\/az\/article\/hefteboyu-dusunceler\/#breadcrumb"},"inLanguage":"az","potentialAction":[{"@type":"ReadAction","target":["https:\/\/www.meydan.tv\/az\/article\/hefteboyu-dusunceler\/"]}]},{"@type":"ImageObject","inLanguage":"az","@id":"https:\/\/www.meydan.tv\/az\/article\/hefteboyu-dusunceler\/#primaryimage","url":"https:\/\/www.meydan.tv\/wp-content\/uploads\/20222.jpg","contentUrl":"https:\/\/www.meydan.tv\/wp-content\/uploads\/20222.jpg","width":640,"height":640,"caption":"Source:"},{"@type":"BreadcrumbList","@id":"https:\/\/www.meydan.tv\/az\/article\/hefteboyu-dusunceler\/#breadcrumb","itemListElement":[{"@type":"ListItem","position":1,"name":"Ana s\u0259hif\u0259","item":"https:\/\/www.meydan.tv\/az\/"},{"@type":"ListItem","position":2,"name":"M\u0259nim Fikrimc\u0259","item":"https:\/\/www.meydan.tv\/az\/section\/menim-fikrimce\/"},{"@type":"ListItem","position":3,"name":"H\u0259ft\u0259boyu d\u00fc\u015f\u00fcnc\u0259l\u0259r"}]},{"@type":"WebSite","@id":"https:\/\/www.meydan.tv\/az\/#website","url":"https:\/\/www.meydan.tv\/az\/","name":"MEYDAN.TV","description":"Meydan TV Az\u0259rbaycan\u0131n media m\u0259kan\u0131ndak\u0131 alternativ s\u0259sidir","publisher":{"@id":"https:\/\/www.meydan.tv\/az\/#organization"},"potentialAction":[{"@type":"SearchAction","target":{"@type":"EntryPoint","urlTemplate":"https:\/\/www.meydan.tv\/az\/?s={search_term_string}"},"query-input":{"@type":"PropertyValueSpecification","valueRequired":true,"valueName":"search_term_string"}}],"inLanguage":"az"},{"@type":"Organization","@id":"https:\/\/www.meydan.tv\/az\/#organization","name":"Meydan TV","url":"https:\/\/www.meydan.tv\/az\/","logo":{"@type":"ImageObject","inLanguage":"az","@id":"https:\/\/www.meydan.tv\/az\/#\/schema\/logo\/image\/","url":"https:\/\/www.meydan.tv\/wp-content\/uploads\/2021\/07\/meydan-logo.svg","contentUrl":"https:\/\/www.meydan.tv\/wp-content\/uploads\/2021\/07\/meydan-logo.svg","width":195,"height":46,"caption":"Meydan TV"},"image":{"@id":"https:\/\/www.meydan.tv\/az\/#\/schema\/logo\/image\/"}},{"@type":"Person","@id":"https:\/\/www.meydan.tv\/az\/#\/schema\/person\/10d11eccf6da3662cf5fdab9806ea91a","name":"user-manager"}]}},"_links":{"self":[{"href":"https:\/\/www.meydan.tv\/az\/wp-json\/wp\/v2\/posts\/174879","targetHints":{"allow":["GET"]}}],"collection":[{"href":"https:\/\/www.meydan.tv\/az\/wp-json\/wp\/v2\/posts"}],"about":[{"href":"https:\/\/www.meydan.tv\/az\/wp-json\/wp\/v2\/types\/post"}],"author":[{"embeddable":true,"href":"https:\/\/www.meydan.tv\/az\/wp-json\/wp\/v2\/users\/11"}],"replies":[{"embeddable":true,"href":"https:\/\/www.meydan.tv\/az\/wp-json\/wp\/v2\/comments?post=174879"}],"version-history":[{"count":0,"href":"https:\/\/www.meydan.tv\/az\/wp-json\/wp\/v2\/posts\/174879\/revisions"}],"wp:featuredmedia":[{"embeddable":true,"href":"https:\/\/www.meydan.tv\/az\/wp-json\/wp\/v2\/media\/53466"}],"wp:attachment":[{"href":"https:\/\/www.meydan.tv\/az\/wp-json\/wp\/v2\/media?parent=174879"}],"wp:term":[{"taxonomy":"category","embeddable":true,"href":"https:\/\/www.meydan.tv\/az\/wp-json\/wp\/v2\/categories?post=174879"},{"taxonomy":"post_tag","embeddable":true,"href":"https:\/\/www.meydan.tv\/az\/wp-json\/wp\/v2\/tags?post=174879"}],"curies":[{"name":"wp","href":"https:\/\/api.w.org\/{rel}","templated":true}]}}