{"id":174871,"date":"2016-04-04T21:34:27","date_gmt":"2016-04-04T21:34:27","guid":{"rendered":"https:\/\/www.meydan.tv\/article\/agdamda-1-nefer-heyatini-itirdi-terterde-iki-nefer-yaralandi\/"},"modified":"2016-04-04T21:34:27","modified_gmt":"2016-04-04T21:34:27","slug":"agdamda-1-nefer-heyatini-itirdi-terterde-iki-nefer-yaralandi","status":"publish","type":"post","link":"https:\/\/www.meydan.tv\/az\/article\/agdamda-1-nefer-heyatini-itirdi-terterde-iki-nefer-yaralandi\/","title":{"rendered":"A\u011fdamda 1 n\u0259f\u0259r h\u0259yat\u0131n\u0131 itirdi, T\u0259rt\u0259rd\u0259 iki n\u0259f\u0259r yaraland\u0131"},"content":{"rendered":"<figure class=\"wp-block-image size-large\">\n  <img decoding=\"async\" src=\"https:\/\/www.meydan.tv\/az\/53586\/\" alt=\"\" class=\"wp-image-53586\"\/><figcaption><\/figcaption><\/figure>\n<p>\n  X\u0259sar\u0259t alan qad\u0131nlar\u0131n 28-29 ya\u015flar\u0131 var\n<\/p>\n<p>\n  At\u0131\u015fma n\u0259tic\u0259sind\u0259 T\u0259rt\u0259rin Sar\u0131cal\u0131-D\u00fcy\u0259rli k\u0259ndind\u0259 iki m\u00fclki \u015f\u0259xs yaralan\u0131b.\n<\/p>\n<p>\n  Bu bar\u0259d\u0259 Azvision.az-a k\u0259ndin b\u0259l\u0259diyy\u0259 s\u0259diri \u0130ld\u0131r\u0131m Bayramov m\u0259lumat verib. Onun s\u00f6zl\u0259rin\u0259 g\u00f6r\u0259, erm\u0259nil\u0259r g\u00fcn \u0259rzind\u0259 bir ne\u00e7\u0259 d\u0259f\u0259 ya\u015fay\u0131\u015f evl\u0259rini at\u0259\u015f\u0259 tutub:\n<\/p>\n<p>\n  \u201cErm\u0259ni silahl\u0131 q\u00fcvv\u0259l\u0259rinin atd\u0131\u011f\u0131 m\u0259rmi k\u0259ndd\u0259 yerl\u0259\u015f\u0259n evl\u0259rd\u0259n birinin h\u0259y\u0259tin\u0259 d\u00fc\u015f\u00fcb. Hadis\u0259 n\u0259tic\u0259sind\u0259 \u018fliyeva Mehpar\u0259 N\u0259bi q\u0131z\u0131 v\u0259 A\u011fayeva K\u0259mal\u0259 \u018fjd\u0259r q\u0131z\u0131 yaralan\u0131b. Qad\u0131nlar\u0131n 28-29 ya\u015flar\u0131 var. Q\u0259lp\u0259l\u0259r onlar\u0131n ayaq, qol, \u00fcz nahiy\u0259l\u0259rin\u0259 d\u0259yib. T\u0259rt\u0259r rayon \u0130cra Hakimiyy\u0259tinin ba\u015f\u00e7\u0131s\u0131 hadis\u0259nin ba\u015f verdiyi \u0259raziy\u0259 ba\u015f \u00e7\u0259kib. Z\u0259rb\u0259 n\u0259tic\u0259sind\u0259 evin dam\u0131 da\u011f\u0131l\u0131b\u201d.\n<\/p>\n<p>\n  APA-n\u0131n Qaraba\u011f b\u00fcrosunun \u00a0x\u0259b\u0259rin\u0259 g\u00f6r\u0259 is\u0259 erm\u0259nil\u0259rin A\u011fdam\u0131n \u018fhm\u0259da\u011fal\u0131 \u018frazi Vahidliyinin \u015e\u0259rifli k\u0259ndini at\u0259\u015f\u0259 tutmas\u0131 n\u0259tic\u0259sind\u0259 yaranan m\u0259rmi partlay\u0131\u015flar\u0131 zaman\u0131 k\u0259nd sakini, 1954-c\u00fc il t\u0259v\u0259ll\u00fcdl\u00fc Dada\u015fov Qara\u015f \u015eahmar o\u011flu h\u0259yat\u0131n\u0131 itirib.\n<\/p>\n<p>\n  Aprelin 4-d\u0259 erm\u0259ni silahl\u0131 q\u00fcvv\u0259l\u0259ri \u00dc\u00e7o\u011flan v\u0259 X\u0131nd\u0131r\u0131stan \u0259razi vahidlikl\u0259rini d\u0259 at\u0259\u015f\u0259 tutub. \u00dc\u00e7o\u011flan \u0259razi vahidliyinin Ballar k\u0259ndinin \u0259razisin\u0259 5 artilleriya m\u0259rmisi at\u0131l\u0131b.<\/p>\n","protected":false},"excerpt":{"rendered":"<p>X\u0259sar\u0259t alan qad\u0131nlar\u0131n 28-29 ya\u015flar\u0131 var<\/p>\n","protected":false},"author":11,"featured_media":53586,"comment_status":"closed","ping_status":"open","sticky":false,"template":"","format":"standard","meta":{"_acf_changed":false,"_sitemap_exclude":false,"_sitemap_priority":"","_sitemap_frequency":"","footnotes":""},"categories":[51],"tags":[],"class_list":["post-174871","post","type-post","status-publish","format-standard","has-post-thumbnail","hentry","category-analitika","infinite-scroll-item","generate-columns","tablet-grid-50","mobile-grid-100","grid-parent","grid-33","no-featured-image-padding"],"acf":[],"yoast_head":"<!-- This site is optimized with the Yoast SEO plugin v27.5 - https:\/\/yoast.com\/product\/yoast-seo-wordpress\/ -->\n<title>A\u011fdamda 1 n\u0259f\u0259r h\u0259yat\u0131n\u0131 itirdi, T\u0259rt\u0259rd\u0259 iki n\u0259f\u0259r yaraland\u0131 - MEYDAN.TV<\/title>\n<meta name=\"robots\" content=\"index, follow, max-snippet:-1, max-image-preview:large, max-video-preview:-1\" \/>\n<link rel=\"canonical\" href=\"https:\/\/www.meydan.tv\/az\/article\/agdamda-1-nefer-heyatini-itirdi-terterde-iki-nefer-yaralandi\/\" \/>\n<meta property=\"og:locale\" content=\"az_AZ\" \/>\n<meta property=\"og:type\" content=\"article\" \/>\n<meta property=\"og:title\" content=\"A\u011fdamda 1 n\u0259f\u0259r h\u0259yat\u0131n\u0131 itirdi, T\u0259rt\u0259rd\u0259 iki n\u0259f\u0259r yaraland\u0131 - MEYDAN.TV\" \/>\n<meta property=\"og:description\" content=\"X\u0259sar\u0259t alan qad\u0131nlar\u0131n 28-29 ya\u015flar\u0131 var\" \/>\n<meta property=\"og:url\" content=\"https:\/\/www.meydan.tv\/az\/article\/agdamda-1-nefer-heyatini-itirdi-terterde-iki-nefer-yaralandi\/\" \/>\n<meta property=\"og:site_name\" content=\"MEYDAN.TV\" \/>\n<meta property=\"article:published_time\" content=\"2016-04-04T21:34:27+00:00\" \/>\n<meta property=\"og:image\" content=\"https:\/\/www.meydan.tv\/wp-content\/uploads\/20202.jpg\" \/>\n\t<meta property=\"og:image:width\" content=\"750\" \/>\n\t<meta property=\"og:image:height\" content=\"500\" \/>\n\t<meta property=\"og:image:type\" content=\"image\/jpeg\" \/>\n<meta name=\"author\" content=\"user-manager\" \/>\n<meta name=\"twitter:card\" content=\"summary_large_image\" \/>\n<script type=\"application\/ld+json\" class=\"yoast-schema-graph\">{\"@context\":\"https:\\\/\\\/schema.org\",\"@graph\":[{\"@type\":\"Article\",\"@id\":\"https:\\\/\\\/www.meydan.tv\\\/az\\\/article\\\/agdamda-1-nefer-heyatini-itirdi-terterde-iki-nefer-yaralandi\\\/#article\",\"isPartOf\":{\"@id\":\"https:\\\/\\\/www.meydan.tv\\\/az\\\/article\\\/agdamda-1-nefer-heyatini-itirdi-terterde-iki-nefer-yaralandi\\\/\"},\"author\":{\"name\":\"user-manager\",\"@id\":\"https:\\\/\\\/www.meydan.tv\\\/az\\\/#\\\/schema\\\/person\\\/10d11eccf6da3662cf5fdab9806ea91a\"},\"headline\":\"A\u011fdamda 1 n\u0259f\u0259r h\u0259yat\u0131n\u0131 itirdi, T\u0259rt\u0259rd\u0259 iki n\u0259f\u0259r yaraland\u0131\",\"datePublished\":\"2016-04-04T21:34:27+00:00\",\"mainEntityOfPage\":{\"@id\":\"https:\\\/\\\/www.meydan.tv\\\/az\\\/article\\\/agdamda-1-nefer-heyatini-itirdi-terterde-iki-nefer-yaralandi\\\/\"},\"wordCount\":272,\"publisher\":{\"@id\":\"https:\\\/\\\/www.meydan.tv\\\/az\\\/#organization\"},\"image\":{\"@id\":\"https:\\\/\\\/www.meydan.tv\\\/az\\\/article\\\/agdamda-1-nefer-heyatini-itirdi-terterde-iki-nefer-yaralandi\\\/#primaryimage\"},\"thumbnailUrl\":\"https:\\\/\\\/www.meydan.tv\\\/wp-content\\\/uploads\\\/20202.jpg\",\"articleSection\":[\"Analitika\"],\"inLanguage\":\"az\"},{\"@type\":\"WebPage\",\"@id\":\"https:\\\/\\\/www.meydan.tv\\\/az\\\/article\\\/agdamda-1-nefer-heyatini-itirdi-terterde-iki-nefer-yaralandi\\\/\",\"url\":\"https:\\\/\\\/www.meydan.tv\\\/az\\\/article\\\/agdamda-1-nefer-heyatini-itirdi-terterde-iki-nefer-yaralandi\\\/\",\"name\":\"A\u011fdamda 1 n\u0259f\u0259r h\u0259yat\u0131n\u0131 itirdi, T\u0259rt\u0259rd\u0259 iki n\u0259f\u0259r yaraland\u0131 - MEYDAN.TV\",\"isPartOf\":{\"@id\":\"https:\\\/\\\/www.meydan.tv\\\/az\\\/#website\"},\"primaryImageOfPage\":{\"@id\":\"https:\\\/\\\/www.meydan.tv\\\/az\\\/article\\\/agdamda-1-nefer-heyatini-itirdi-terterde-iki-nefer-yaralandi\\\/#primaryimage\"},\"image\":{\"@id\":\"https:\\\/\\\/www.meydan.tv\\\/az\\\/article\\\/agdamda-1-nefer-heyatini-itirdi-terterde-iki-nefer-yaralandi\\\/#primaryimage\"},\"thumbnailUrl\":\"https:\\\/\\\/www.meydan.tv\\\/wp-content\\\/uploads\\\/20202.jpg\",\"datePublished\":\"2016-04-04T21:34:27+00:00\",\"breadcrumb\":{\"@id\":\"https:\\\/\\\/www.meydan.tv\\\/az\\\/article\\\/agdamda-1-nefer-heyatini-itirdi-terterde-iki-nefer-yaralandi\\\/#breadcrumb\"},\"inLanguage\":\"az\",\"potentialAction\":[{\"@type\":\"ReadAction\",\"target\":[\"https:\\\/\\\/www.meydan.tv\\\/az\\\/article\\\/agdamda-1-nefer-heyatini-itirdi-terterde-iki-nefer-yaralandi\\\/\"]}]},{\"@type\":\"ImageObject\",\"inLanguage\":\"az\",\"@id\":\"https:\\\/\\\/www.meydan.tv\\\/az\\\/article\\\/agdamda-1-nefer-heyatini-itirdi-terterde-iki-nefer-yaralandi\\\/#primaryimage\",\"url\":\"https:\\\/\\\/www.meydan.tv\\\/wp-content\\\/uploads\\\/20202.jpg\",\"contentUrl\":\"https:\\\/\\\/www.meydan.tv\\\/wp-content\\\/uploads\\\/20202.jpg\",\"width\":750,\"height\":500,\"caption\":\"Source:\"},{\"@type\":\"BreadcrumbList\",\"@id\":\"https:\\\/\\\/www.meydan.tv\\\/az\\\/article\\\/agdamda-1-nefer-heyatini-itirdi-terterde-iki-nefer-yaralandi\\\/#breadcrumb\",\"itemListElement\":[{\"@type\":\"ListItem\",\"position\":1,\"name\":\"Ana s\u0259hif\u0259\",\"item\":\"https:\\\/\\\/www.meydan.tv\\\/az\\\/\"},{\"@type\":\"ListItem\",\"position\":2,\"name\":\"Analitika\",\"item\":\"https:\\\/\\\/www.meydan.tv\\\/az\\\/section\\\/analitika\\\/\"},{\"@type\":\"ListItem\",\"position\":3,\"name\":\"A\u011fdamda 1 n\u0259f\u0259r h\u0259yat\u0131n\u0131 itirdi, T\u0259rt\u0259rd\u0259 iki n\u0259f\u0259r yaraland\u0131\"}]},{\"@type\":\"WebSite\",\"@id\":\"https:\\\/\\\/www.meydan.tv\\\/az\\\/#website\",\"url\":\"https:\\\/\\\/www.meydan.tv\\\/az\\\/\",\"name\":\"MEYDAN.TV\",\"description\":\"Meydan TV Az\u0259rbaycan\u0131n media m\u0259kan\u0131ndak\u0131 alternativ s\u0259sidir\",\"publisher\":{\"@id\":\"https:\\\/\\\/www.meydan.tv\\\/az\\\/#organization\"},\"potentialAction\":[{\"@type\":\"SearchAction\",\"target\":{\"@type\":\"EntryPoint\",\"urlTemplate\":\"https:\\\/\\\/www.meydan.tv\\\/az\\\/?s={search_term_string}\"},\"query-input\":{\"@type\":\"PropertyValueSpecification\",\"valueRequired\":true,\"valueName\":\"search_term_string\"}}],\"inLanguage\":\"az\"},{\"@type\":\"Organization\",\"@id\":\"https:\\\/\\\/www.meydan.tv\\\/az\\\/#organization\",\"name\":\"Meydan TV\",\"url\":\"https:\\\/\\\/www.meydan.tv\\\/az\\\/\",\"logo\":{\"@type\":\"ImageObject\",\"inLanguage\":\"az\",\"@id\":\"https:\\\/\\\/www.meydan.tv\\\/az\\\/#\\\/schema\\\/logo\\\/image\\\/\",\"url\":\"https:\\\/\\\/www.meydan.tv\\\/wp-content\\\/uploads\\\/2021\\\/07\\\/meydan-logo.svg\",\"contentUrl\":\"https:\\\/\\\/www.meydan.tv\\\/wp-content\\\/uploads\\\/2021\\\/07\\\/meydan-logo.svg\",\"width\":195,\"height\":46,\"caption\":\"Meydan TV\"},\"image\":{\"@id\":\"https:\\\/\\\/www.meydan.tv\\\/az\\\/#\\\/schema\\\/logo\\\/image\\\/\"}},{\"@type\":\"Person\",\"@id\":\"https:\\\/\\\/www.meydan.tv\\\/az\\\/#\\\/schema\\\/person\\\/10d11eccf6da3662cf5fdab9806ea91a\",\"name\":\"user-manager\"}]}<\/script>\n<!-- \/ Yoast SEO plugin. -->","yoast_head_json":{"title":"A\u011fdamda 1 n\u0259f\u0259r h\u0259yat\u0131n\u0131 itirdi, T\u0259rt\u0259rd\u0259 iki n\u0259f\u0259r yaraland\u0131 - MEYDAN.TV","robots":{"index":"index","follow":"follow","max-snippet":"max-snippet:-1","max-image-preview":"max-image-preview:large","max-video-preview":"max-video-preview:-1"},"canonical":"https:\/\/www.meydan.tv\/az\/article\/agdamda-1-nefer-heyatini-itirdi-terterde-iki-nefer-yaralandi\/","og_locale":"az_AZ","og_type":"article","og_title":"A\u011fdamda 1 n\u0259f\u0259r h\u0259yat\u0131n\u0131 itirdi, T\u0259rt\u0259rd\u0259 iki n\u0259f\u0259r yaraland\u0131 - MEYDAN.TV","og_description":"X\u0259sar\u0259t alan qad\u0131nlar\u0131n 28-29 ya\u015flar\u0131 var","og_url":"https:\/\/www.meydan.tv\/az\/article\/agdamda-1-nefer-heyatini-itirdi-terterde-iki-nefer-yaralandi\/","og_site_name":"MEYDAN.TV","article_published_time":"2016-04-04T21:34:27+00:00","og_image":[{"width":750,"height":500,"url":"https:\/\/www.meydan.tv\/wp-content\/uploads\/20202.jpg","type":"image\/jpeg"}],"author":"user-manager","twitter_card":"summary_large_image","schema":{"@context":"https:\/\/schema.org","@graph":[{"@type":"Article","@id":"https:\/\/www.meydan.tv\/az\/article\/agdamda-1-nefer-heyatini-itirdi-terterde-iki-nefer-yaralandi\/#article","isPartOf":{"@id":"https:\/\/www.meydan.tv\/az\/article\/agdamda-1-nefer-heyatini-itirdi-terterde-iki-nefer-yaralandi\/"},"author":{"name":"user-manager","@id":"https:\/\/www.meydan.tv\/az\/#\/schema\/person\/10d11eccf6da3662cf5fdab9806ea91a"},"headline":"A\u011fdamda 1 n\u0259f\u0259r h\u0259yat\u0131n\u0131 itirdi, T\u0259rt\u0259rd\u0259 iki n\u0259f\u0259r yaraland\u0131","datePublished":"2016-04-04T21:34:27+00:00","mainEntityOfPage":{"@id":"https:\/\/www.meydan.tv\/az\/article\/agdamda-1-nefer-heyatini-itirdi-terterde-iki-nefer-yaralandi\/"},"wordCount":272,"publisher":{"@id":"https:\/\/www.meydan.tv\/az\/#organization"},"image":{"@id":"https:\/\/www.meydan.tv\/az\/article\/agdamda-1-nefer-heyatini-itirdi-terterde-iki-nefer-yaralandi\/#primaryimage"},"thumbnailUrl":"https:\/\/www.meydan.tv\/wp-content\/uploads\/20202.jpg","articleSection":["Analitika"],"inLanguage":"az"},{"@type":"WebPage","@id":"https:\/\/www.meydan.tv\/az\/article\/agdamda-1-nefer-heyatini-itirdi-terterde-iki-nefer-yaralandi\/","url":"https:\/\/www.meydan.tv\/az\/article\/agdamda-1-nefer-heyatini-itirdi-terterde-iki-nefer-yaralandi\/","name":"A\u011fdamda 1 n\u0259f\u0259r h\u0259yat\u0131n\u0131 itirdi, T\u0259rt\u0259rd\u0259 iki n\u0259f\u0259r yaraland\u0131 - MEYDAN.TV","isPartOf":{"@id":"https:\/\/www.meydan.tv\/az\/#website"},"primaryImageOfPage":{"@id":"https:\/\/www.meydan.tv\/az\/article\/agdamda-1-nefer-heyatini-itirdi-terterde-iki-nefer-yaralandi\/#primaryimage"},"image":{"@id":"https:\/\/www.meydan.tv\/az\/article\/agdamda-1-nefer-heyatini-itirdi-terterde-iki-nefer-yaralandi\/#primaryimage"},"thumbnailUrl":"https:\/\/www.meydan.tv\/wp-content\/uploads\/20202.jpg","datePublished":"2016-04-04T21:34:27+00:00","breadcrumb":{"@id":"https:\/\/www.meydan.tv\/az\/article\/agdamda-1-nefer-heyatini-itirdi-terterde-iki-nefer-yaralandi\/#breadcrumb"},"inLanguage":"az","potentialAction":[{"@type":"ReadAction","target":["https:\/\/www.meydan.tv\/az\/article\/agdamda-1-nefer-heyatini-itirdi-terterde-iki-nefer-yaralandi\/"]}]},{"@type":"ImageObject","inLanguage":"az","@id":"https:\/\/www.meydan.tv\/az\/article\/agdamda-1-nefer-heyatini-itirdi-terterde-iki-nefer-yaralandi\/#primaryimage","url":"https:\/\/www.meydan.tv\/wp-content\/uploads\/20202.jpg","contentUrl":"https:\/\/www.meydan.tv\/wp-content\/uploads\/20202.jpg","width":750,"height":500,"caption":"Source:"},{"@type":"BreadcrumbList","@id":"https:\/\/www.meydan.tv\/az\/article\/agdamda-1-nefer-heyatini-itirdi-terterde-iki-nefer-yaralandi\/#breadcrumb","itemListElement":[{"@type":"ListItem","position":1,"name":"Ana s\u0259hif\u0259","item":"https:\/\/www.meydan.tv\/az\/"},{"@type":"ListItem","position":2,"name":"Analitika","item":"https:\/\/www.meydan.tv\/az\/section\/analitika\/"},{"@type":"ListItem","position":3,"name":"A\u011fdamda 1 n\u0259f\u0259r h\u0259yat\u0131n\u0131 itirdi, T\u0259rt\u0259rd\u0259 iki n\u0259f\u0259r yaraland\u0131"}]},{"@type":"WebSite","@id":"https:\/\/www.meydan.tv\/az\/#website","url":"https:\/\/www.meydan.tv\/az\/","name":"MEYDAN.TV","description":"Meydan TV Az\u0259rbaycan\u0131n media m\u0259kan\u0131ndak\u0131 alternativ s\u0259sidir","publisher":{"@id":"https:\/\/www.meydan.tv\/az\/#organization"},"potentialAction":[{"@type":"SearchAction","target":{"@type":"EntryPoint","urlTemplate":"https:\/\/www.meydan.tv\/az\/?s={search_term_string}"},"query-input":{"@type":"PropertyValueSpecification","valueRequired":true,"valueName":"search_term_string"}}],"inLanguage":"az"},{"@type":"Organization","@id":"https:\/\/www.meydan.tv\/az\/#organization","name":"Meydan TV","url":"https:\/\/www.meydan.tv\/az\/","logo":{"@type":"ImageObject","inLanguage":"az","@id":"https:\/\/www.meydan.tv\/az\/#\/schema\/logo\/image\/","url":"https:\/\/www.meydan.tv\/wp-content\/uploads\/2021\/07\/meydan-logo.svg","contentUrl":"https:\/\/www.meydan.tv\/wp-content\/uploads\/2021\/07\/meydan-logo.svg","width":195,"height":46,"caption":"Meydan TV"},"image":{"@id":"https:\/\/www.meydan.tv\/az\/#\/schema\/logo\/image\/"}},{"@type":"Person","@id":"https:\/\/www.meydan.tv\/az\/#\/schema\/person\/10d11eccf6da3662cf5fdab9806ea91a","name":"user-manager"}]}},"_links":{"self":[{"href":"https:\/\/www.meydan.tv\/az\/wp-json\/wp\/v2\/posts\/174871","targetHints":{"allow":["GET"]}}],"collection":[{"href":"https:\/\/www.meydan.tv\/az\/wp-json\/wp\/v2\/posts"}],"about":[{"href":"https:\/\/www.meydan.tv\/az\/wp-json\/wp\/v2\/types\/post"}],"author":[{"embeddable":true,"href":"https:\/\/www.meydan.tv\/az\/wp-json\/wp\/v2\/users\/11"}],"replies":[{"embeddable":true,"href":"https:\/\/www.meydan.tv\/az\/wp-json\/wp\/v2\/comments?post=174871"}],"version-history":[{"count":0,"href":"https:\/\/www.meydan.tv\/az\/wp-json\/wp\/v2\/posts\/174871\/revisions"}],"wp:featuredmedia":[{"embeddable":true,"href":"https:\/\/www.meydan.tv\/az\/wp-json\/wp\/v2\/media\/53586"}],"wp:attachment":[{"href":"https:\/\/www.meydan.tv\/az\/wp-json\/wp\/v2\/media?parent=174871"}],"wp:term":[{"taxonomy":"category","embeddable":true,"href":"https:\/\/www.meydan.tv\/az\/wp-json\/wp\/v2\/categories?post=174871"},{"taxonomy":"post_tag","embeddable":true,"href":"https:\/\/www.meydan.tv\/az\/wp-json\/wp\/v2\/tags?post=174871"}],"curies":[{"name":"wp","href":"https:\/\/api.w.org\/{rel}","templated":true}]}}