{"id":174862,"date":"2016-04-04T19:06:22","date_gmt":"2016-04-04T19:06:22","guid":{"rendered":"https:\/\/www.meydan.tv\/article\/dagliq-qarabagda-gerginliyin-yaranmasinda-rusiya-ankarani-da-qinamir\/"},"modified":"2016-04-04T19:06:22","modified_gmt":"2016-04-04T19:06:22","slug":"dagliq-qarabagda-gerginliyin-yaranmasinda-rusiya-ankarani-da-qinamir","status":"publish","type":"post","link":"https:\/\/www.meydan.tv\/az\/article\/dagliq-qarabagda-gerginliyin-yaranmasinda-rusiya-ankarani-da-qinamir\/","title":{"rendered":"&#8221;Da\u011fl\u0131q Qaraba\u011fda g\u0259rginliyin yaranmas\u0131nda Rusiya Ankaran\u0131 da q\u0131nam\u0131r&#8221;"},"content":{"rendered":"<figure class=\"wp-block-image size-large\">\n  <img decoding=\"async\" src=\"https:\/\/www.meydan.tv\/az\/53523\/\" alt=\"\" class=\"wp-image-53523\"\/><figcaption><\/figcaption><\/figure>\n<p>\n  <i><br \/>\n    &#8221;Klassik diplomatiyada bel\u0259dir: s\u00f6zd\u0259 bir, \u0259m\u0259ld\u0259 ba\u015fqa. Ancaq o yerd\u0259ki insan \u00f6l\u00fcr, \u0259razil\u0259r xaraba qal\u0131r, bu c\u00fcr m\u00f6vqe tamamil\u0259 \u0259xlaqs\u0131z say\u0131lmal\u0131d\u0131r&#8221;<br \/>\n  <\/i>\n<\/p>\n<p>\n  &#8220;Da\u011fl\u0131q Qaraba\u011fda g\u0259rginliyin yaranmas\u0131nda Rusiya Ankara\u00a0da daxil olmaqla he\u00e7 bir xarici q\u00fcvv\u0259ni q\u0131nam\u0131r&#8221;.\n<\/p>\n<p>\n  &#8220;Da\u011fl\u0131q Qaraba\u011fda g\u0259rginliyin yaranmas\u0131nda Rusiya Ankara\u00a0da daxil olmaqla he\u00e7 bir xarici q\u00fcvv\u0259ni q\u0131nam\u0131r. Da\u011fl\u0131q Qaraba\u011f m\u00fcnaqi\u015f\u0259si h\u0259rbi yolla h\u0259ll edil\u0259 bilm\u0259z. AT\u018fT-in Minsk Qrupu format\u0131n\u0131n d\u0259yi\u015fdirilm\u0259si m\u0259qs\u0259d\u0259uy\u011fun deyil. Bu m\u00fcnaqi\u015f\u0259nin t\u0259nziml\u0259nm\u0259si \u00fc\u00e7\u00fcn \u0259n uy\u011fun mexanizmdir&#8221;, &#8211;\u00a0dey\u0259 Sergey Lavrov s\u00f6yl\u0259yib \u00a0(<br \/>\n  <b><br \/>\n    <i><br \/>\n      report.az<br \/>\n    <\/i><br \/>\n  <\/b><br \/>\n  ).\n<\/p>\n<p>\n  Rusiya X\u0130N-in ba\u015f\u00e7\u0131s\u0131 Lavrovun a\u00e7\u0131qlamas\u0131n\u0131 Meydan TV-y\u0259 \u015f\u0259rh ed\u0259n siyasi \u015f\u0259rh\u00e7i Z\u0259rd\u00fc\u015ft \u018flizad\u0259 bildirib ki, Kremlin yana\u015fmas\u0131nda ziddiyy\u0259t var: &#8220;H\u0259m bel\u0259 b\u0259yanat verir, h\u0259m d\u0259 Az\u0259rbaycan \u0259razil\u0259rini i\u015f\u011fal etmi\u015f Erm\u0259nistana yard\u0131m edir. Eyni zamanda, t\u0259cav\u00fczkar\u0131 d\u0259st\u0259kl\u0259y\u0259-d\u0259st\u0259kl\u0259y\u0259 vasit\u0259\u00e7i rolunu oynay\u0131r, t\u0259r\u0259fl\u0259ri raz\u0131l\u0131\u011fa g\u0259lm\u0259y\u0259 d\u0259v\u0259t edir. D\u00fczd\u00fcr, bu, klassik diplomatiyada var, s\u00f6zd\u0259 bir, \u0259m\u0259ld\u0259 ba\u015fqa. Ancaq o yerd\u0259ki insan \u00f6l\u00fcr, \u0259razil\u0259r xaraba qal\u0131r, bu c\u00fcr m\u00f6vqe tamamil\u0259 \u0259xlaqs\u0131z say\u0131lmal\u0131d\u0131r. Ham\u0131 Erm\u0259nistan\u0131n Rusiyan\u0131n cibind\u0259 oldu\u011funa, Moskvan\u0131n raz\u0131l\u0131\u011f\u0131 olmadan bir add\u0131m ata bilm\u0259diyin\u0259 b\u0259l\u0259ddir\u201d.\n<\/p>\n<figure class=\"wp-block-image size-large\">\n  <img decoding=\"async\" src=\"https:\/\/www.meydan.tv\/az\/zerdust-elizade-7\/\" alt=\"Z\u0259rd\u00fc\u015ft \u018flizad\u0259\" class=\"wp-image-53526\"\/><figcaption>\n    Z\u0259rd\u00fc\u015ft \u018flizad\u0259<br \/>\n  <\/figcaption><\/figure>\n<p>\n  Siyasi \u015f\u0259rh\u00e7inin s\u00f6zl\u0259rin\u0259 g\u00f6r\u0259, \u0130r\u0259van m\u00fcst\u0259qil add\u0131m atanda parlamentd\u0259 1999-cu ild\u0259 terror t\u00f6r\u0259dildi: \u201cH\u0259tta \u0259n vacib q\u0259rar\u0131 Moskvas\u0131z q\u0259bul etmirl\u0259r. \u018fn parlaq misal \u00f6t\u0259n ilin sentyabr\u0131n 3-d\u0259 G\u00f6mr\u00fck \u0130ttifaq\u0131na \u00fczv olmalar\u0131 idi. Az\u0259rbaycan da geni\u015fmiqyasl\u0131 m\u00fcharib\u0259y\u0259 haz\u0131r deyil, \u00e7\u00fcnki ist\u0259nil\u0259n anda Rusiya bir b\u0259han\u0259 tap\u0131b bizi vura bil\u0259r&#8221;.<br \/>\n  <br \/>\n  Kollektiv T\u0259hl\u00fck\u0259zilik \u015euras\u0131n\u0131n Erm\u0259nistana d\u0259st\u0259k ver\u0259c\u0259yin\u0259 g\u0259linc\u0259, Z\u0259rd\u00fc\u015ft \u018flizad\u0259 bildirdi ki, bu qurumda Belarus v\u0259 Qazax\u0131stan Az\u0259rbaycanla h\u0259mr\u0259y oldu\u011funu n\u00fcmayi\u015f etdirdi. \u201cTacikistan susur, \u0130ran d\u0259st\u0259k verdi, Pakistan v\u0259 T\u00fcrkiy\u0259 is\u0259 m\u0259lumdur. Bel\u0259 v\u0259ziyy\u0259td\u0259 Kollektiv T\u0259hl\u00fck\u0259sizlik M\u00fcqavil\u0259si Rusiya v\u0259 Erm\u0259nistandan ibar\u0259t olur. Erm\u0259nistanda Rusiyan\u0131n ordusu v\u0259 h\u0259rbi bazas\u0131 var, v\u0259ziyy\u0259t g\u0259rginl\u0259\u015f\u0259n kimi G\u00fcmr\u00fcy\u0259 h\u0259rbi t\u0259yyar\u0259l\u0259r endi. Bununla bel\u0259, Moskva Minsk Qrupunun \u0259la format oldu\u011funu deyir. B\u0259li, \u00f6zl\u0259ri \u00fc\u00e7\u00fcn \u0259la formatd\u0131r, \u00e7\u00fcnki 25 ildir m\u00fcnaqi\u015f\u0259ni dondurublar&#8221;,- s\u00f6yl\u0259di Z.\u018flizad\u0259.<\/p>\n","protected":false},"excerpt":{"rendered":"<p>&#8221;Klassik diplomatiyada bel\u0259dir: s\u00f6zd\u0259 bir, \u0259m\u0259ld\u0259 ba\u015fqa. Ancaq o yerd\u0259ki insan \u00f6l\u00fcr, \u0259razil\u0259r xaraba qal\u0131r, bu c\u00fcr m\u00f6vqe tamamil\u0259 \u0259xlaqs\u0131z say\u0131lmal\u0131d\u0131r&#8221;<\/p>\n","protected":false},"author":11,"featured_media":53523,"comment_status":"closed","ping_status":"open","sticky":false,"template":"","format":"standard","meta":{"_acf_changed":false,"_sitemap_exclude":false,"_sitemap_priority":"","_sitemap_frequency":"","footnotes":""},"categories":[51],"tags":[],"class_list":["post-174862","post","type-post","status-publish","format-standard","has-post-thumbnail","hentry","category-analitika","infinite-scroll-item","generate-columns","tablet-grid-50","mobile-grid-100","grid-parent","grid-33","no-featured-image-padding"],"acf":[],"yoast_head":"<!-- This site is optimized with the Yoast SEO plugin v27.5 - https:\/\/yoast.com\/product\/yoast-seo-wordpress\/ -->\n<title>&#039;&#039;Da\u011fl\u0131q Qaraba\u011fda g\u0259rginliyin yaranmas\u0131nda Rusiya Ankaran\u0131 da q\u0131nam\u0131r&#039;&#039; - MEYDAN.TV<\/title>\n<meta name=\"robots\" content=\"index, follow, max-snippet:-1, max-image-preview:large, max-video-preview:-1\" \/>\n<link rel=\"canonical\" href=\"https:\/\/www.meydan.tv\/az\/article\/dagliq-qarabagda-gerginliyin-yaranmasinda-rusiya-ankarani-da-qinamir\/\" \/>\n<meta property=\"og:locale\" content=\"az_AZ\" \/>\n<meta property=\"og:type\" content=\"article\" \/>\n<meta property=\"og:title\" content=\"&#039;&#039;Da\u011fl\u0131q Qaraba\u011fda g\u0259rginliyin yaranmas\u0131nda Rusiya Ankaran\u0131 da q\u0131nam\u0131r&#039;&#039; - MEYDAN.TV\" \/>\n<meta property=\"og:description\" content=\"&#039;&#039;Klassik diplomatiyada bel\u0259dir: s\u00f6zd\u0259 bir, \u0259m\u0259ld\u0259 ba\u015fqa. Ancaq o yerd\u0259ki insan \u00f6l\u00fcr, \u0259razil\u0259r xaraba qal\u0131r, bu c\u00fcr m\u00f6vqe tamamil\u0259 \u0259xlaqs\u0131z say\u0131lmal\u0131d\u0131r&#039;&#039;\" \/>\n<meta property=\"og:url\" content=\"https:\/\/www.meydan.tv\/az\/article\/dagliq-qarabagda-gerginliyin-yaranmasinda-rusiya-ankarani-da-qinamir\/\" \/>\n<meta property=\"og:site_name\" content=\"MEYDAN.TV\" \/>\n<meta property=\"article:published_time\" content=\"2016-04-04T19:06:22+00:00\" \/>\n<meta property=\"og:image\" content=\"https:\/\/www.meydan.tv\/wp-content\/uploads\/20192.jpg\" \/>\n\t<meta property=\"og:image:width\" content=\"690\" \/>\n\t<meta property=\"og:image:height\" content=\"388\" \/>\n\t<meta property=\"og:image:type\" content=\"image\/jpeg\" \/>\n<meta name=\"author\" content=\"user-manager\" \/>\n<meta name=\"twitter:card\" content=\"summary_large_image\" \/>\n<script type=\"application\/ld+json\" class=\"yoast-schema-graph\">{\"@context\":\"https:\\\/\\\/schema.org\",\"@graph\":[{\"@type\":\"Article\",\"@id\":\"https:\\\/\\\/www.meydan.tv\\\/az\\\/article\\\/dagliq-qarabagda-gerginliyin-yaranmasinda-rusiya-ankarani-da-qinamir\\\/#article\",\"isPartOf\":{\"@id\":\"https:\\\/\\\/www.meydan.tv\\\/az\\\/article\\\/dagliq-qarabagda-gerginliyin-yaranmasinda-rusiya-ankarani-da-qinamir\\\/\"},\"author\":{\"name\":\"user-manager\",\"@id\":\"https:\\\/\\\/www.meydan.tv\\\/az\\\/#\\\/schema\\\/person\\\/10d11eccf6da3662cf5fdab9806ea91a\"},\"headline\":\"&#8221;Da\u011fl\u0131q Qaraba\u011fda g\u0259rginliyin yaranmas\u0131nda Rusiya Ankaran\u0131 da q\u0131nam\u0131r&#8221;\",\"datePublished\":\"2016-04-04T19:06:22+00:00\",\"mainEntityOfPage\":{\"@id\":\"https:\\\/\\\/www.meydan.tv\\\/az\\\/article\\\/dagliq-qarabagda-gerginliyin-yaranmasinda-rusiya-ankarani-da-qinamir\\\/\"},\"wordCount\":506,\"publisher\":{\"@id\":\"https:\\\/\\\/www.meydan.tv\\\/az\\\/#organization\"},\"image\":{\"@id\":\"https:\\\/\\\/www.meydan.tv\\\/az\\\/article\\\/dagliq-qarabagda-gerginliyin-yaranmasinda-rusiya-ankarani-da-qinamir\\\/#primaryimage\"},\"thumbnailUrl\":\"https:\\\/\\\/www.meydan.tv\\\/wp-content\\\/uploads\\\/20192.jpg\",\"articleSection\":[\"Analitika\"],\"inLanguage\":\"az\"},{\"@type\":\"WebPage\",\"@id\":\"https:\\\/\\\/www.meydan.tv\\\/az\\\/article\\\/dagliq-qarabagda-gerginliyin-yaranmasinda-rusiya-ankarani-da-qinamir\\\/\",\"url\":\"https:\\\/\\\/www.meydan.tv\\\/az\\\/article\\\/dagliq-qarabagda-gerginliyin-yaranmasinda-rusiya-ankarani-da-qinamir\\\/\",\"name\":\"''Da\u011fl\u0131q Qaraba\u011fda g\u0259rginliyin yaranmas\u0131nda Rusiya Ankaran\u0131 da q\u0131nam\u0131r'' - MEYDAN.TV\",\"isPartOf\":{\"@id\":\"https:\\\/\\\/www.meydan.tv\\\/az\\\/#website\"},\"primaryImageOfPage\":{\"@id\":\"https:\\\/\\\/www.meydan.tv\\\/az\\\/article\\\/dagliq-qarabagda-gerginliyin-yaranmasinda-rusiya-ankarani-da-qinamir\\\/#primaryimage\"},\"image\":{\"@id\":\"https:\\\/\\\/www.meydan.tv\\\/az\\\/article\\\/dagliq-qarabagda-gerginliyin-yaranmasinda-rusiya-ankarani-da-qinamir\\\/#primaryimage\"},\"thumbnailUrl\":\"https:\\\/\\\/www.meydan.tv\\\/wp-content\\\/uploads\\\/20192.jpg\",\"datePublished\":\"2016-04-04T19:06:22+00:00\",\"breadcrumb\":{\"@id\":\"https:\\\/\\\/www.meydan.tv\\\/az\\\/article\\\/dagliq-qarabagda-gerginliyin-yaranmasinda-rusiya-ankarani-da-qinamir\\\/#breadcrumb\"},\"inLanguage\":\"az\",\"potentialAction\":[{\"@type\":\"ReadAction\",\"target\":[\"https:\\\/\\\/www.meydan.tv\\\/az\\\/article\\\/dagliq-qarabagda-gerginliyin-yaranmasinda-rusiya-ankarani-da-qinamir\\\/\"]}]},{\"@type\":\"ImageObject\",\"inLanguage\":\"az\",\"@id\":\"https:\\\/\\\/www.meydan.tv\\\/az\\\/article\\\/dagliq-qarabagda-gerginliyin-yaranmasinda-rusiya-ankarani-da-qinamir\\\/#primaryimage\",\"url\":\"https:\\\/\\\/www.meydan.tv\\\/wp-content\\\/uploads\\\/20192.jpg\",\"contentUrl\":\"https:\\\/\\\/www.meydan.tv\\\/wp-content\\\/uploads\\\/20192.jpg\",\"width\":690,\"height\":388,\"caption\":\"Source:\"},{\"@type\":\"BreadcrumbList\",\"@id\":\"https:\\\/\\\/www.meydan.tv\\\/az\\\/article\\\/dagliq-qarabagda-gerginliyin-yaranmasinda-rusiya-ankarani-da-qinamir\\\/#breadcrumb\",\"itemListElement\":[{\"@type\":\"ListItem\",\"position\":1,\"name\":\"Ana s\u0259hif\u0259\",\"item\":\"https:\\\/\\\/www.meydan.tv\\\/az\\\/\"},{\"@type\":\"ListItem\",\"position\":2,\"name\":\"Analitika\",\"item\":\"https:\\\/\\\/www.meydan.tv\\\/az\\\/section\\\/analitika\\\/\"},{\"@type\":\"ListItem\",\"position\":3,\"name\":\"&#8221;Da\u011fl\u0131q Qaraba\u011fda g\u0259rginliyin yaranmas\u0131nda Rusiya Ankaran\u0131 da q\u0131nam\u0131r&#8221;\"}]},{\"@type\":\"WebSite\",\"@id\":\"https:\\\/\\\/www.meydan.tv\\\/az\\\/#website\",\"url\":\"https:\\\/\\\/www.meydan.tv\\\/az\\\/\",\"name\":\"MEYDAN.TV\",\"description\":\"Meydan TV Az\u0259rbaycan\u0131n media m\u0259kan\u0131ndak\u0131 alternativ s\u0259sidir\",\"publisher\":{\"@id\":\"https:\\\/\\\/www.meydan.tv\\\/az\\\/#organization\"},\"potentialAction\":[{\"@type\":\"SearchAction\",\"target\":{\"@type\":\"EntryPoint\",\"urlTemplate\":\"https:\\\/\\\/www.meydan.tv\\\/az\\\/?s={search_term_string}\"},\"query-input\":{\"@type\":\"PropertyValueSpecification\",\"valueRequired\":true,\"valueName\":\"search_term_string\"}}],\"inLanguage\":\"az\"},{\"@type\":\"Organization\",\"@id\":\"https:\\\/\\\/www.meydan.tv\\\/az\\\/#organization\",\"name\":\"Meydan TV\",\"url\":\"https:\\\/\\\/www.meydan.tv\\\/az\\\/\",\"logo\":{\"@type\":\"ImageObject\",\"inLanguage\":\"az\",\"@id\":\"https:\\\/\\\/www.meydan.tv\\\/az\\\/#\\\/schema\\\/logo\\\/image\\\/\",\"url\":\"https:\\\/\\\/www.meydan.tv\\\/wp-content\\\/uploads\\\/2021\\\/07\\\/meydan-logo.svg\",\"contentUrl\":\"https:\\\/\\\/www.meydan.tv\\\/wp-content\\\/uploads\\\/2021\\\/07\\\/meydan-logo.svg\",\"width\":195,\"height\":46,\"caption\":\"Meydan TV\"},\"image\":{\"@id\":\"https:\\\/\\\/www.meydan.tv\\\/az\\\/#\\\/schema\\\/logo\\\/image\\\/\"}},{\"@type\":\"Person\",\"@id\":\"https:\\\/\\\/www.meydan.tv\\\/az\\\/#\\\/schema\\\/person\\\/10d11eccf6da3662cf5fdab9806ea91a\",\"name\":\"user-manager\"}]}<\/script>\n<!-- \/ Yoast SEO plugin. -->","yoast_head_json":{"title":"''Da\u011fl\u0131q Qaraba\u011fda g\u0259rginliyin yaranmas\u0131nda Rusiya Ankaran\u0131 da q\u0131nam\u0131r'' - MEYDAN.TV","robots":{"index":"index","follow":"follow","max-snippet":"max-snippet:-1","max-image-preview":"max-image-preview:large","max-video-preview":"max-video-preview:-1"},"canonical":"https:\/\/www.meydan.tv\/az\/article\/dagliq-qarabagda-gerginliyin-yaranmasinda-rusiya-ankarani-da-qinamir\/","og_locale":"az_AZ","og_type":"article","og_title":"''Da\u011fl\u0131q Qaraba\u011fda g\u0259rginliyin yaranmas\u0131nda Rusiya Ankaran\u0131 da q\u0131nam\u0131r'' - MEYDAN.TV","og_description":"''Klassik diplomatiyada bel\u0259dir: s\u00f6zd\u0259 bir, \u0259m\u0259ld\u0259 ba\u015fqa. Ancaq o yerd\u0259ki insan \u00f6l\u00fcr, \u0259razil\u0259r xaraba qal\u0131r, bu c\u00fcr m\u00f6vqe tamamil\u0259 \u0259xlaqs\u0131z say\u0131lmal\u0131d\u0131r''","og_url":"https:\/\/www.meydan.tv\/az\/article\/dagliq-qarabagda-gerginliyin-yaranmasinda-rusiya-ankarani-da-qinamir\/","og_site_name":"MEYDAN.TV","article_published_time":"2016-04-04T19:06:22+00:00","og_image":[{"width":690,"height":388,"url":"https:\/\/www.meydan.tv\/wp-content\/uploads\/20192.jpg","type":"image\/jpeg"}],"author":"user-manager","twitter_card":"summary_large_image","schema":{"@context":"https:\/\/schema.org","@graph":[{"@type":"Article","@id":"https:\/\/www.meydan.tv\/az\/article\/dagliq-qarabagda-gerginliyin-yaranmasinda-rusiya-ankarani-da-qinamir\/#article","isPartOf":{"@id":"https:\/\/www.meydan.tv\/az\/article\/dagliq-qarabagda-gerginliyin-yaranmasinda-rusiya-ankarani-da-qinamir\/"},"author":{"name":"user-manager","@id":"https:\/\/www.meydan.tv\/az\/#\/schema\/person\/10d11eccf6da3662cf5fdab9806ea91a"},"headline":"&#8221;Da\u011fl\u0131q Qaraba\u011fda g\u0259rginliyin yaranmas\u0131nda Rusiya Ankaran\u0131 da q\u0131nam\u0131r&#8221;","datePublished":"2016-04-04T19:06:22+00:00","mainEntityOfPage":{"@id":"https:\/\/www.meydan.tv\/az\/article\/dagliq-qarabagda-gerginliyin-yaranmasinda-rusiya-ankarani-da-qinamir\/"},"wordCount":506,"publisher":{"@id":"https:\/\/www.meydan.tv\/az\/#organization"},"image":{"@id":"https:\/\/www.meydan.tv\/az\/article\/dagliq-qarabagda-gerginliyin-yaranmasinda-rusiya-ankarani-da-qinamir\/#primaryimage"},"thumbnailUrl":"https:\/\/www.meydan.tv\/wp-content\/uploads\/20192.jpg","articleSection":["Analitika"],"inLanguage":"az"},{"@type":"WebPage","@id":"https:\/\/www.meydan.tv\/az\/article\/dagliq-qarabagda-gerginliyin-yaranmasinda-rusiya-ankarani-da-qinamir\/","url":"https:\/\/www.meydan.tv\/az\/article\/dagliq-qarabagda-gerginliyin-yaranmasinda-rusiya-ankarani-da-qinamir\/","name":"''Da\u011fl\u0131q Qaraba\u011fda g\u0259rginliyin yaranmas\u0131nda Rusiya Ankaran\u0131 da q\u0131nam\u0131r'' - MEYDAN.TV","isPartOf":{"@id":"https:\/\/www.meydan.tv\/az\/#website"},"primaryImageOfPage":{"@id":"https:\/\/www.meydan.tv\/az\/article\/dagliq-qarabagda-gerginliyin-yaranmasinda-rusiya-ankarani-da-qinamir\/#primaryimage"},"image":{"@id":"https:\/\/www.meydan.tv\/az\/article\/dagliq-qarabagda-gerginliyin-yaranmasinda-rusiya-ankarani-da-qinamir\/#primaryimage"},"thumbnailUrl":"https:\/\/www.meydan.tv\/wp-content\/uploads\/20192.jpg","datePublished":"2016-04-04T19:06:22+00:00","breadcrumb":{"@id":"https:\/\/www.meydan.tv\/az\/article\/dagliq-qarabagda-gerginliyin-yaranmasinda-rusiya-ankarani-da-qinamir\/#breadcrumb"},"inLanguage":"az","potentialAction":[{"@type":"ReadAction","target":["https:\/\/www.meydan.tv\/az\/article\/dagliq-qarabagda-gerginliyin-yaranmasinda-rusiya-ankarani-da-qinamir\/"]}]},{"@type":"ImageObject","inLanguage":"az","@id":"https:\/\/www.meydan.tv\/az\/article\/dagliq-qarabagda-gerginliyin-yaranmasinda-rusiya-ankarani-da-qinamir\/#primaryimage","url":"https:\/\/www.meydan.tv\/wp-content\/uploads\/20192.jpg","contentUrl":"https:\/\/www.meydan.tv\/wp-content\/uploads\/20192.jpg","width":690,"height":388,"caption":"Source:"},{"@type":"BreadcrumbList","@id":"https:\/\/www.meydan.tv\/az\/article\/dagliq-qarabagda-gerginliyin-yaranmasinda-rusiya-ankarani-da-qinamir\/#breadcrumb","itemListElement":[{"@type":"ListItem","position":1,"name":"Ana s\u0259hif\u0259","item":"https:\/\/www.meydan.tv\/az\/"},{"@type":"ListItem","position":2,"name":"Analitika","item":"https:\/\/www.meydan.tv\/az\/section\/analitika\/"},{"@type":"ListItem","position":3,"name":"&#8221;Da\u011fl\u0131q Qaraba\u011fda g\u0259rginliyin yaranmas\u0131nda Rusiya Ankaran\u0131 da q\u0131nam\u0131r&#8221;"}]},{"@type":"WebSite","@id":"https:\/\/www.meydan.tv\/az\/#website","url":"https:\/\/www.meydan.tv\/az\/","name":"MEYDAN.TV","description":"Meydan TV Az\u0259rbaycan\u0131n media m\u0259kan\u0131ndak\u0131 alternativ s\u0259sidir","publisher":{"@id":"https:\/\/www.meydan.tv\/az\/#organization"},"potentialAction":[{"@type":"SearchAction","target":{"@type":"EntryPoint","urlTemplate":"https:\/\/www.meydan.tv\/az\/?s={search_term_string}"},"query-input":{"@type":"PropertyValueSpecification","valueRequired":true,"valueName":"search_term_string"}}],"inLanguage":"az"},{"@type":"Organization","@id":"https:\/\/www.meydan.tv\/az\/#organization","name":"Meydan TV","url":"https:\/\/www.meydan.tv\/az\/","logo":{"@type":"ImageObject","inLanguage":"az","@id":"https:\/\/www.meydan.tv\/az\/#\/schema\/logo\/image\/","url":"https:\/\/www.meydan.tv\/wp-content\/uploads\/2021\/07\/meydan-logo.svg","contentUrl":"https:\/\/www.meydan.tv\/wp-content\/uploads\/2021\/07\/meydan-logo.svg","width":195,"height":46,"caption":"Meydan TV"},"image":{"@id":"https:\/\/www.meydan.tv\/az\/#\/schema\/logo\/image\/"}},{"@type":"Person","@id":"https:\/\/www.meydan.tv\/az\/#\/schema\/person\/10d11eccf6da3662cf5fdab9806ea91a","name":"user-manager"}]}},"_links":{"self":[{"href":"https:\/\/www.meydan.tv\/az\/wp-json\/wp\/v2\/posts\/174862","targetHints":{"allow":["GET"]}}],"collection":[{"href":"https:\/\/www.meydan.tv\/az\/wp-json\/wp\/v2\/posts"}],"about":[{"href":"https:\/\/www.meydan.tv\/az\/wp-json\/wp\/v2\/types\/post"}],"author":[{"embeddable":true,"href":"https:\/\/www.meydan.tv\/az\/wp-json\/wp\/v2\/users\/11"}],"replies":[{"embeddable":true,"href":"https:\/\/www.meydan.tv\/az\/wp-json\/wp\/v2\/comments?post=174862"}],"version-history":[{"count":0,"href":"https:\/\/www.meydan.tv\/az\/wp-json\/wp\/v2\/posts\/174862\/revisions"}],"wp:featuredmedia":[{"embeddable":true,"href":"https:\/\/www.meydan.tv\/az\/wp-json\/wp\/v2\/media\/53523"}],"wp:attachment":[{"href":"https:\/\/www.meydan.tv\/az\/wp-json\/wp\/v2\/media?parent=174862"}],"wp:term":[{"taxonomy":"category","embeddable":true,"href":"https:\/\/www.meydan.tv\/az\/wp-json\/wp\/v2\/categories?post=174862"},{"taxonomy":"post_tag","embeddable":true,"href":"https:\/\/www.meydan.tv\/az\/wp-json\/wp\/v2\/tags?post=174862"}],"curies":[{"name":"wp","href":"https:\/\/api.w.org\/{rel}","templated":true}]}}