{"id":174860,"date":"2016-04-04T18:54:36","date_gmt":"2016-04-04T18:54:36","guid":{"rendered":"https:\/\/www.meydan.tv\/article\/ermenistan-prezidenti-guzeste-hazir-oldugunu-bildirib\/"},"modified":"2016-04-04T18:54:36","modified_gmt":"2016-04-04T18:54:36","slug":"ermenistan-prezidenti-guzeste-hazir-oldugunu-bildirib","status":"publish","type":"post","link":"https:\/\/www.meydan.tv\/az\/article\/ermenistan-prezidenti-guzeste-hazir-oldugunu-bildirib\/","title":{"rendered":"Erm\u0259nistan prezidenti g\u00fcz\u0259\u015ft\u0259 haz\u0131r oldu\u011funu bildirib"},"content":{"rendered":"<figure class=\"wp-block-image size-large\">\n  <img decoding=\"async\" src=\"https:\/\/www.meydan.tv\/az\/serj-sarqsyan\/\" alt=\"Serj Sarqsyan\" class=\"wp-image-53520\"\/><figcaption>\n    Serj Sarqsyan<br \/>\n  <\/figcaption><\/figure>\n<p>\n  <i><br \/>\n    &#8221;Biz h\u0259l\u0259 Erm\u0259nistan\u0131n Rusiya il\u0259 birg\u0259 hans\u0131 plan haz\u0131rlad\u0131\u011f\u0131n\u0131 bilmirik&#8221;<br \/>\n  <\/i>\n<\/p>\n<p>\n  <b><\/b><br \/>\n  &#8220;Erm\u0259nistan Qaraba\u011f m\u00fcnaqi\u015f\u0259sinin nizama sal\u0131nmas\u0131nda g\u00fcz\u0259\u015ftl\u0259r\u0259 haz\u0131rd\u0131r&#8221;.\n<\/p>\n<p>\n  \u00a0\u201cR\u0130A-Novosti\u201d agentliyi x\u0259b\u0259r verir ki, bunu Erm\u0259nistan prezidenti Serj Sarqsyan deyib.\n<\/p>\n<p>\n  S. Sarqsyan bildirib ki, Qaraba\u011f m\u00fcnaqi\u015f\u0259si zonas\u0131nda h\u0259rbi \u0259m\u0259liyyatlar\u0131n g\u00fccl\u0259nm\u0259si geni\u015fmiqyasl\u0131 m\u00fcharib\u0259y\u0259 s\u0259b\u0259b ola bil\u0259r: \u201cBu, t\u0259kc\u0259 C\u0259nubi Qafqaza yox, Avropa regionunda sabitlik v\u0259 t\u0259hl\u00fck\u0259sizlik m\u0259s\u0259l\u0259l\u0259rin\u0259 d\u0259 t\u0259sir ed\u0259c\u0259k\u201d.<\/p>\n<p>  S. Sarqsyan T\u00fcrkiy\u0259ni Az\u0259rbaycana d\u0259st\u0259k verm\u0259kd\u0259 ittiham edib. O, \u0130r\u0259van\u0131n m\u0259ntiqli kompromisl\u0259r\u0259 haz\u0131r oldu\u011funu vur\u011fulay\u0131b. Eyni zamanda, \u0259lav\u0259 edib ki, h\u0259rbi \u0259m\u0259liyyatlar geni\u015fl\u0259n\u0259rs\u0259, Erm\u0259nistan Da\u011fl\u0131q Qaraba\u011f\u0131 m\u00fcst\u0259qil d\u00f6vl\u0259t kimi tan\u0131ya bil\u0259r.\n<\/p>\n<p>\n  M\u0259lumat\u0131 Meydan TV-y\u0259 \u015f\u0259rh ed\u0259n siyasi \u015f\u0259rh\u00e7i Elxan \u015eahino\u011flu Az\u0259rbaycan\u0131 sakitl\u0259\u015fdirm\u0259k \u00fc\u00e7\u00fcn bunun t\u0259xribat olaca\u011f\u0131n\u0131 da istisna etm\u0259yib: &#8220;Biz h\u0259l\u0259 Erm\u0259nistan\u0131n Rusiya il\u0259 birg\u0259 hans\u0131 plan haz\u0131rlad\u0131\u011f\u0131n\u0131 bilmirik. C\u0259bh\u0259 b\u00f6lg\u0259sind\u0259n g\u0259l\u0259n x\u0259b\u0259rl\u0259rd\u0259 Az\u0259rbaycan ordusunun m\u00fc\u0259yy\u0259n q\u0259d\u0259r u\u011furlar qazand\u0131\u011f\u0131 g\u00f6st\u0259rilir. \u00a0\u0130kinci, Az\u0259rbaycan itkil\u0259r\u0259 m\u00fc\u0259yy\u0259n q\u0259d\u0259r d\u0259 haz\u0131rd\u0131r, \u00e7\u00fcnki \u00f6z torpaqlar\u0131 u\u011frudan d\u00f6y\u00fc\u015f\u00fcr, amma Erm\u0259nistan v\u0259t\u0259nda\u015flar\u0131 itkil\u0259rt\u0259 haz\u0131r deyil. \u00dc\u00e7\u00fcnc\u00fc, m\u00fcharib\u0259 \u00fc\u00e7\u00fcn pul v\u0259 enerji d\u0259 laz\u0131md\u0131r. Biz ill\u0259rdir buna haz\u0131rla\u015fm\u0131\u015f\u0131q. Erm\u0259nistan is\u0259 iqtisadi bax\u0131mdan a\u011f\u0131r durumdad\u0131r. G\u00fcman ki, Erm\u0131\u0259nistanda real v\u0259ziyy\u0259td\u0259n narahatl\u0131q var&#8221;.\n<\/p>\n<p>\n  Siyasi \u015f\u0259rh\u00e7i Az\u0259rbaycan\u0131n g\u00fcc n\u00fcmayi\u015finin Erm\u0259nistana da laz\u0131m oldu\u011funu d\u00fc\u015f\u00fcn\u00fcr: &#8220;G\u00fcc g\u00f6rm\u0259y\u0259nd\u0259 Erm\u0259nistan hakimiyy\u0259ti g\u00fcz\u0259\u015ft\u0259 getm\u0259y\u0259c\u0259k v\u0259 \u00a0Qaraba\u011f \u0259traf\u0131ndak\u0131 rayonlar\u0131 bo\u015faltma\u011fa \u00f6z\u00fcn\u00fc inand\u0131rmayacaq. \u0130ndi Erm\u0259nistan c\u0259miyy\u0259ti d\u0259 Az\u0259rbaycan\u0131n Qaraba\u011f \u0259traf\u0131 rayonlar\u0131n i\u015f\u011fal\u0131yla raz\u0131la\u015fmayaca\u011f\u0131n\u0131 g\u00f6rd\u00fc. Bu m\u0259nada ilkin add\u0131m\u0131 qar\u015f\u0131 t\u0259r\u0259f atmal\u0131d\u0131r. Bununla bel\u0259 Sarqisyan\u0131n a\u00e7\u0131qlamas\u0131 Az\u0259rbaycan\u0131 sakitl\u0259\u015fdirib sonra hans\u0131sa m\u0259rh\u0259l\u0259d\u0259 \u0259ks-h\u00fccuma ke\u00e7m\u0259k \u00fc\u00e7\u00fcn hiyl\u0259 d\u0259 ola bil\u0259r&#8221;<\/p>\n","protected":false},"excerpt":{"rendered":"<p>&#8221;Biz h\u0259l\u0259 Erm\u0259nistan\u0131n Rusiya il\u0259 birg\u0259 hans\u0131 plan haz\u0131rlad\u0131\u011f\u0131n\u0131 bilmirik&#8221;<\/p>\n","protected":false},"author":11,"featured_media":53520,"comment_status":"closed","ping_status":"open","sticky":false,"template":"","format":"standard","meta":{"_acf_changed":false,"_sitemap_exclude":false,"_sitemap_priority":"","_sitemap_frequency":"","footnotes":""},"categories":[51],"tags":[],"class_list":["post-174860","post","type-post","status-publish","format-standard","has-post-thumbnail","hentry","category-analitika","infinite-scroll-item","generate-columns","tablet-grid-50","mobile-grid-100","grid-parent","grid-33","no-featured-image-padding"],"acf":[],"yoast_head":"<!-- This site is optimized with the Yoast SEO plugin v27.5 - https:\/\/yoast.com\/product\/yoast-seo-wordpress\/ -->\n<title>Erm\u0259nistan prezidenti g\u00fcz\u0259\u015ft\u0259 haz\u0131r oldu\u011funu bildirib - MEYDAN.TV<\/title>\n<meta name=\"robots\" content=\"index, follow, max-snippet:-1, max-image-preview:large, max-video-preview:-1\" \/>\n<link rel=\"canonical\" href=\"https:\/\/www.meydan.tv\/az\/article\/ermenistan-prezidenti-guzeste-hazir-oldugunu-bildirib\/\" \/>\n<meta property=\"og:locale\" content=\"az_AZ\" \/>\n<meta property=\"og:type\" content=\"article\" \/>\n<meta property=\"og:title\" content=\"Erm\u0259nistan prezidenti g\u00fcz\u0259\u015ft\u0259 haz\u0131r oldu\u011funu bildirib - MEYDAN.TV\" \/>\n<meta property=\"og:description\" content=\"&#039;&#039;Biz h\u0259l\u0259 Erm\u0259nistan\u0131n Rusiya il\u0259 birg\u0259 hans\u0131 plan haz\u0131rlad\u0131\u011f\u0131n\u0131 bilmirik&#039;&#039;\" \/>\n<meta property=\"og:url\" content=\"https:\/\/www.meydan.tv\/az\/article\/ermenistan-prezidenti-guzeste-hazir-oldugunu-bildirib\/\" \/>\n<meta property=\"og:site_name\" content=\"MEYDAN.TV\" \/>\n<meta property=\"article:published_time\" content=\"2016-04-04T18:54:36+00:00\" \/>\n<meta property=\"og:image\" content=\"https:\/\/www.meydan.tv\/wp-content\/uploads\/20191.jpg\" \/>\n\t<meta property=\"og:image:width\" content=\"661\" \/>\n\t<meta property=\"og:image:height\" content=\"400\" \/>\n\t<meta property=\"og:image:type\" content=\"image\/jpeg\" \/>\n<meta name=\"author\" content=\"user-manager\" \/>\n<meta name=\"twitter:card\" content=\"summary_large_image\" \/>\n<script type=\"application\/ld+json\" class=\"yoast-schema-graph\">{\"@context\":\"https:\\\/\\\/schema.org\",\"@graph\":[{\"@type\":\"Article\",\"@id\":\"https:\\\/\\\/www.meydan.tv\\\/az\\\/article\\\/ermenistan-prezidenti-guzeste-hazir-oldugunu-bildirib\\\/#article\",\"isPartOf\":{\"@id\":\"https:\\\/\\\/www.meydan.tv\\\/az\\\/article\\\/ermenistan-prezidenti-guzeste-hazir-oldugunu-bildirib\\\/\"},\"author\":{\"name\":\"user-manager\",\"@id\":\"https:\\\/\\\/www.meydan.tv\\\/az\\\/#\\\/schema\\\/person\\\/10d11eccf6da3662cf5fdab9806ea91a\"},\"headline\":\"Erm\u0259nistan prezidenti g\u00fcz\u0259\u015ft\u0259 haz\u0131r oldu\u011funu bildirib\",\"datePublished\":\"2016-04-04T18:54:36+00:00\",\"mainEntityOfPage\":{\"@id\":\"https:\\\/\\\/www.meydan.tv\\\/az\\\/article\\\/ermenistan-prezidenti-guzeste-hazir-oldugunu-bildirib\\\/\"},\"wordCount\":437,\"publisher\":{\"@id\":\"https:\\\/\\\/www.meydan.tv\\\/az\\\/#organization\"},\"image\":{\"@id\":\"https:\\\/\\\/www.meydan.tv\\\/az\\\/article\\\/ermenistan-prezidenti-guzeste-hazir-oldugunu-bildirib\\\/#primaryimage\"},\"thumbnailUrl\":\"https:\\\/\\\/www.meydan.tv\\\/wp-content\\\/uploads\\\/20191.jpg\",\"articleSection\":[\"Analitika\"],\"inLanguage\":\"az\"},{\"@type\":\"WebPage\",\"@id\":\"https:\\\/\\\/www.meydan.tv\\\/az\\\/article\\\/ermenistan-prezidenti-guzeste-hazir-oldugunu-bildirib\\\/\",\"url\":\"https:\\\/\\\/www.meydan.tv\\\/az\\\/article\\\/ermenistan-prezidenti-guzeste-hazir-oldugunu-bildirib\\\/\",\"name\":\"Erm\u0259nistan prezidenti g\u00fcz\u0259\u015ft\u0259 haz\u0131r oldu\u011funu bildirib - MEYDAN.TV\",\"isPartOf\":{\"@id\":\"https:\\\/\\\/www.meydan.tv\\\/az\\\/#website\"},\"primaryImageOfPage\":{\"@id\":\"https:\\\/\\\/www.meydan.tv\\\/az\\\/article\\\/ermenistan-prezidenti-guzeste-hazir-oldugunu-bildirib\\\/#primaryimage\"},\"image\":{\"@id\":\"https:\\\/\\\/www.meydan.tv\\\/az\\\/article\\\/ermenistan-prezidenti-guzeste-hazir-oldugunu-bildirib\\\/#primaryimage\"},\"thumbnailUrl\":\"https:\\\/\\\/www.meydan.tv\\\/wp-content\\\/uploads\\\/20191.jpg\",\"datePublished\":\"2016-04-04T18:54:36+00:00\",\"breadcrumb\":{\"@id\":\"https:\\\/\\\/www.meydan.tv\\\/az\\\/article\\\/ermenistan-prezidenti-guzeste-hazir-oldugunu-bildirib\\\/#breadcrumb\"},\"inLanguage\":\"az\",\"potentialAction\":[{\"@type\":\"ReadAction\",\"target\":[\"https:\\\/\\\/www.meydan.tv\\\/az\\\/article\\\/ermenistan-prezidenti-guzeste-hazir-oldugunu-bildirib\\\/\"]}]},{\"@type\":\"ImageObject\",\"inLanguage\":\"az\",\"@id\":\"https:\\\/\\\/www.meydan.tv\\\/az\\\/article\\\/ermenistan-prezidenti-guzeste-hazir-oldugunu-bildirib\\\/#primaryimage\",\"url\":\"https:\\\/\\\/www.meydan.tv\\\/wp-content\\\/uploads\\\/20191.jpg\",\"contentUrl\":\"https:\\\/\\\/www.meydan.tv\\\/wp-content\\\/uploads\\\/20191.jpg\",\"width\":661,\"height\":400,\"caption\":\"Source:\"},{\"@type\":\"BreadcrumbList\",\"@id\":\"https:\\\/\\\/www.meydan.tv\\\/az\\\/article\\\/ermenistan-prezidenti-guzeste-hazir-oldugunu-bildirib\\\/#breadcrumb\",\"itemListElement\":[{\"@type\":\"ListItem\",\"position\":1,\"name\":\"Ana s\u0259hif\u0259\",\"item\":\"https:\\\/\\\/www.meydan.tv\\\/az\\\/\"},{\"@type\":\"ListItem\",\"position\":2,\"name\":\"Analitika\",\"item\":\"https:\\\/\\\/www.meydan.tv\\\/az\\\/section\\\/analitika\\\/\"},{\"@type\":\"ListItem\",\"position\":3,\"name\":\"Erm\u0259nistan prezidenti g\u00fcz\u0259\u015ft\u0259 haz\u0131r oldu\u011funu bildirib\"}]},{\"@type\":\"WebSite\",\"@id\":\"https:\\\/\\\/www.meydan.tv\\\/az\\\/#website\",\"url\":\"https:\\\/\\\/www.meydan.tv\\\/az\\\/\",\"name\":\"MEYDAN.TV\",\"description\":\"Meydan TV Az\u0259rbaycan\u0131n media m\u0259kan\u0131ndak\u0131 alternativ s\u0259sidir\",\"publisher\":{\"@id\":\"https:\\\/\\\/www.meydan.tv\\\/az\\\/#organization\"},\"potentialAction\":[{\"@type\":\"SearchAction\",\"target\":{\"@type\":\"EntryPoint\",\"urlTemplate\":\"https:\\\/\\\/www.meydan.tv\\\/az\\\/?s={search_term_string}\"},\"query-input\":{\"@type\":\"PropertyValueSpecification\",\"valueRequired\":true,\"valueName\":\"search_term_string\"}}],\"inLanguage\":\"az\"},{\"@type\":\"Organization\",\"@id\":\"https:\\\/\\\/www.meydan.tv\\\/az\\\/#organization\",\"name\":\"Meydan TV\",\"url\":\"https:\\\/\\\/www.meydan.tv\\\/az\\\/\",\"logo\":{\"@type\":\"ImageObject\",\"inLanguage\":\"az\",\"@id\":\"https:\\\/\\\/www.meydan.tv\\\/az\\\/#\\\/schema\\\/logo\\\/image\\\/\",\"url\":\"https:\\\/\\\/www.meydan.tv\\\/wp-content\\\/uploads\\\/2021\\\/07\\\/meydan-logo.svg\",\"contentUrl\":\"https:\\\/\\\/www.meydan.tv\\\/wp-content\\\/uploads\\\/2021\\\/07\\\/meydan-logo.svg\",\"width\":195,\"height\":46,\"caption\":\"Meydan TV\"},\"image\":{\"@id\":\"https:\\\/\\\/www.meydan.tv\\\/az\\\/#\\\/schema\\\/logo\\\/image\\\/\"}},{\"@type\":\"Person\",\"@id\":\"https:\\\/\\\/www.meydan.tv\\\/az\\\/#\\\/schema\\\/person\\\/10d11eccf6da3662cf5fdab9806ea91a\",\"name\":\"user-manager\"}]}<\/script>\n<!-- \/ Yoast SEO plugin. -->","yoast_head_json":{"title":"Erm\u0259nistan prezidenti g\u00fcz\u0259\u015ft\u0259 haz\u0131r oldu\u011funu bildirib - MEYDAN.TV","robots":{"index":"index","follow":"follow","max-snippet":"max-snippet:-1","max-image-preview":"max-image-preview:large","max-video-preview":"max-video-preview:-1"},"canonical":"https:\/\/www.meydan.tv\/az\/article\/ermenistan-prezidenti-guzeste-hazir-oldugunu-bildirib\/","og_locale":"az_AZ","og_type":"article","og_title":"Erm\u0259nistan prezidenti g\u00fcz\u0259\u015ft\u0259 haz\u0131r oldu\u011funu bildirib - MEYDAN.TV","og_description":"''Biz h\u0259l\u0259 Erm\u0259nistan\u0131n Rusiya il\u0259 birg\u0259 hans\u0131 plan haz\u0131rlad\u0131\u011f\u0131n\u0131 bilmirik''","og_url":"https:\/\/www.meydan.tv\/az\/article\/ermenistan-prezidenti-guzeste-hazir-oldugunu-bildirib\/","og_site_name":"MEYDAN.TV","article_published_time":"2016-04-04T18:54:36+00:00","og_image":[{"width":661,"height":400,"url":"https:\/\/www.meydan.tv\/wp-content\/uploads\/20191.jpg","type":"image\/jpeg"}],"author":"user-manager","twitter_card":"summary_large_image","schema":{"@context":"https:\/\/schema.org","@graph":[{"@type":"Article","@id":"https:\/\/www.meydan.tv\/az\/article\/ermenistan-prezidenti-guzeste-hazir-oldugunu-bildirib\/#article","isPartOf":{"@id":"https:\/\/www.meydan.tv\/az\/article\/ermenistan-prezidenti-guzeste-hazir-oldugunu-bildirib\/"},"author":{"name":"user-manager","@id":"https:\/\/www.meydan.tv\/az\/#\/schema\/person\/10d11eccf6da3662cf5fdab9806ea91a"},"headline":"Erm\u0259nistan prezidenti g\u00fcz\u0259\u015ft\u0259 haz\u0131r oldu\u011funu bildirib","datePublished":"2016-04-04T18:54:36+00:00","mainEntityOfPage":{"@id":"https:\/\/www.meydan.tv\/az\/article\/ermenistan-prezidenti-guzeste-hazir-oldugunu-bildirib\/"},"wordCount":437,"publisher":{"@id":"https:\/\/www.meydan.tv\/az\/#organization"},"image":{"@id":"https:\/\/www.meydan.tv\/az\/article\/ermenistan-prezidenti-guzeste-hazir-oldugunu-bildirib\/#primaryimage"},"thumbnailUrl":"https:\/\/www.meydan.tv\/wp-content\/uploads\/20191.jpg","articleSection":["Analitika"],"inLanguage":"az"},{"@type":"WebPage","@id":"https:\/\/www.meydan.tv\/az\/article\/ermenistan-prezidenti-guzeste-hazir-oldugunu-bildirib\/","url":"https:\/\/www.meydan.tv\/az\/article\/ermenistan-prezidenti-guzeste-hazir-oldugunu-bildirib\/","name":"Erm\u0259nistan prezidenti g\u00fcz\u0259\u015ft\u0259 haz\u0131r oldu\u011funu bildirib - MEYDAN.TV","isPartOf":{"@id":"https:\/\/www.meydan.tv\/az\/#website"},"primaryImageOfPage":{"@id":"https:\/\/www.meydan.tv\/az\/article\/ermenistan-prezidenti-guzeste-hazir-oldugunu-bildirib\/#primaryimage"},"image":{"@id":"https:\/\/www.meydan.tv\/az\/article\/ermenistan-prezidenti-guzeste-hazir-oldugunu-bildirib\/#primaryimage"},"thumbnailUrl":"https:\/\/www.meydan.tv\/wp-content\/uploads\/20191.jpg","datePublished":"2016-04-04T18:54:36+00:00","breadcrumb":{"@id":"https:\/\/www.meydan.tv\/az\/article\/ermenistan-prezidenti-guzeste-hazir-oldugunu-bildirib\/#breadcrumb"},"inLanguage":"az","potentialAction":[{"@type":"ReadAction","target":["https:\/\/www.meydan.tv\/az\/article\/ermenistan-prezidenti-guzeste-hazir-oldugunu-bildirib\/"]}]},{"@type":"ImageObject","inLanguage":"az","@id":"https:\/\/www.meydan.tv\/az\/article\/ermenistan-prezidenti-guzeste-hazir-oldugunu-bildirib\/#primaryimage","url":"https:\/\/www.meydan.tv\/wp-content\/uploads\/20191.jpg","contentUrl":"https:\/\/www.meydan.tv\/wp-content\/uploads\/20191.jpg","width":661,"height":400,"caption":"Source:"},{"@type":"BreadcrumbList","@id":"https:\/\/www.meydan.tv\/az\/article\/ermenistan-prezidenti-guzeste-hazir-oldugunu-bildirib\/#breadcrumb","itemListElement":[{"@type":"ListItem","position":1,"name":"Ana s\u0259hif\u0259","item":"https:\/\/www.meydan.tv\/az\/"},{"@type":"ListItem","position":2,"name":"Analitika","item":"https:\/\/www.meydan.tv\/az\/section\/analitika\/"},{"@type":"ListItem","position":3,"name":"Erm\u0259nistan prezidenti g\u00fcz\u0259\u015ft\u0259 haz\u0131r oldu\u011funu bildirib"}]},{"@type":"WebSite","@id":"https:\/\/www.meydan.tv\/az\/#website","url":"https:\/\/www.meydan.tv\/az\/","name":"MEYDAN.TV","description":"Meydan TV Az\u0259rbaycan\u0131n media m\u0259kan\u0131ndak\u0131 alternativ s\u0259sidir","publisher":{"@id":"https:\/\/www.meydan.tv\/az\/#organization"},"potentialAction":[{"@type":"SearchAction","target":{"@type":"EntryPoint","urlTemplate":"https:\/\/www.meydan.tv\/az\/?s={search_term_string}"},"query-input":{"@type":"PropertyValueSpecification","valueRequired":true,"valueName":"search_term_string"}}],"inLanguage":"az"},{"@type":"Organization","@id":"https:\/\/www.meydan.tv\/az\/#organization","name":"Meydan TV","url":"https:\/\/www.meydan.tv\/az\/","logo":{"@type":"ImageObject","inLanguage":"az","@id":"https:\/\/www.meydan.tv\/az\/#\/schema\/logo\/image\/","url":"https:\/\/www.meydan.tv\/wp-content\/uploads\/2021\/07\/meydan-logo.svg","contentUrl":"https:\/\/www.meydan.tv\/wp-content\/uploads\/2021\/07\/meydan-logo.svg","width":195,"height":46,"caption":"Meydan TV"},"image":{"@id":"https:\/\/www.meydan.tv\/az\/#\/schema\/logo\/image\/"}},{"@type":"Person","@id":"https:\/\/www.meydan.tv\/az\/#\/schema\/person\/10d11eccf6da3662cf5fdab9806ea91a","name":"user-manager"}]}},"_links":{"self":[{"href":"https:\/\/www.meydan.tv\/az\/wp-json\/wp\/v2\/posts\/174860","targetHints":{"allow":["GET"]}}],"collection":[{"href":"https:\/\/www.meydan.tv\/az\/wp-json\/wp\/v2\/posts"}],"about":[{"href":"https:\/\/www.meydan.tv\/az\/wp-json\/wp\/v2\/types\/post"}],"author":[{"embeddable":true,"href":"https:\/\/www.meydan.tv\/az\/wp-json\/wp\/v2\/users\/11"}],"replies":[{"embeddable":true,"href":"https:\/\/www.meydan.tv\/az\/wp-json\/wp\/v2\/comments?post=174860"}],"version-history":[{"count":0,"href":"https:\/\/www.meydan.tv\/az\/wp-json\/wp\/v2\/posts\/174860\/revisions"}],"wp:featuredmedia":[{"embeddable":true,"href":"https:\/\/www.meydan.tv\/az\/wp-json\/wp\/v2\/media\/53520"}],"wp:attachment":[{"href":"https:\/\/www.meydan.tv\/az\/wp-json\/wp\/v2\/media?parent=174860"}],"wp:term":[{"taxonomy":"category","embeddable":true,"href":"https:\/\/www.meydan.tv\/az\/wp-json\/wp\/v2\/categories?post=174860"},{"taxonomy":"post_tag","embeddable":true,"href":"https:\/\/www.meydan.tv\/az\/wp-json\/wp\/v2\/tags?post=174860"}],"curies":[{"name":"wp","href":"https:\/\/api.w.org\/{rel}","templated":true}]}}