{"id":174854,"date":"2016-04-04T17:31:29","date_gmt":"2016-04-04T17:31:29","guid":{"rendered":"https:\/\/www.meydan.tv\/article\/cebheyani-erazilerde-dersler-dayandirilib\/"},"modified":"2016-04-04T17:31:29","modified_gmt":"2016-04-04T17:31:29","slug":"cebheyani-erazilerde-dersler-dayandirilib","status":"publish","type":"post","link":"https:\/\/www.meydan.tv\/az\/article\/cebheyani-erazilerde-dersler-dayandirilib\/","title":{"rendered":"C\u0259bh\u0259yan\u0131 \u0259razil\u0259rd\u0259 d\u0259rsl\u0259r dayand\u0131r\u0131l\u0131b"},"content":{"rendered":"<figure class=\"wp-block-image size-large\">\n  <img decoding=\"async\" src=\"https:\/\/www.meydan.tv\/az\/53472\/\" alt=\"\" class=\"wp-image-53472\"\/><figcaption><\/figcaption><\/figure>\n<figure class=\"wp-block-image size-large\">\n  <img decoding=\"async\" src=\"https:\/\/www.meydan.tv\/az\/53472\/\" alt=\"\" class=\"wp-image-53472\"\/><figcaption><\/figcaption><\/figure>\n<p>\n  <i><br \/>\n    \u018frazid\u0259 ne\u00e7\u0259 m\u0259kt\u0259bin da\u011f\u0131d\u0131ld\u0131\u011f\u0131 ara\u015fd\u0131r\u0131l\u0131r<br \/>\n  <\/i>\n<\/p>\n<p>\n  &#8220;Erm\u0259nil\u0259rin a\u00e7d\u0131\u011f\u0131 artilleriya at\u0259\u015fi n\u0259tic\u0259sind\u0259 ne\u00e7\u0259 m\u0259kt\u0259b\u0259 ziyan d\u0259ym\u0259si \u00fcmumil\u0259\u015fdirilir. Art\u0131q bir ne\u00e7\u0259 faktla ba\u011fl\u0131 biz\u0259 m\u0259lumat daxil olub. G\u00fcn\u00fcn sonuna q\u0259d\u0259r tam m\u0259lumatlar \u0259limizd\u0259 olacaq&#8221;.\n<\/p>\n<p>\n  &#8220;Report&#8221;-un m\u0259lumat\u0131na g\u00f6r\u0259, bunu jurnalistl\u0259r\u0259 a\u00e7\u0131qlamas\u0131nda t\u0259hsil naziri Mikay\u0131l Cabbarov deyib.\n<\/p>\n<p>\n  Nazir h\u0259m\u00e7inin erm\u0259nil\u0259r t\u0259r\u0259find\u0259n a\u00e7\u0131lm\u0131\u015f at\u0259\u015f n\u0259tic\u0259sind\u0259 yaralanan m\u0259kt\u0259bliy\u0259 ba\u015f \u00e7\u0259kib.\n<\/p>\n<p>\n  O, B\u0259rd\u0259 M\u00fcalic\u0259-Diaqnostika M\u0259rk\u0259zind\u0259 T\u0259rt\u0259r rayonu, Seydimli k\u0259nd sakini, 2003-c\u00fc il t\u0259v\u0259ll\u00fcdl\u00fc V\u0259lizad\u0259 S\u0259nan Samid o\u011flunun s\u0259hh\u0259ti il\u0259 maraqlan\u0131b.\n<\/p>\n<figure class=\"wp-block-image size-large\">\n  <img decoding=\"async\" src=\"https:\/\/www.meydan.tv\/az\/53478\/\" alt=\"\" class=\"wp-image-53478\"\/><figcaption><\/figcaption><\/figure>\n<p>\n  Nazir m\u0259kt\u0259bliy\u0259 \u00e7oxlu kitab, d\u0259rslik g\u00f6nd\u0259r\u0259c\u0259yin\u0259 s\u00f6z verib.\n<\/p>\n<p>\n  M. Cabbarov bildirib ki, g\u00fcll\u0259 yaras\u0131 alm\u0131\u015f 13 ya\u015fl\u0131 Az\u0259rbaycan \u015fagirdinin d\u00fc\u015f\u00fcnc\u0259 t\u0259rzi, v\u0259t\u0259n\u0259, tarix\u0259, ya\u015fad\u0131\u011f\u0131 \u0259raziy\u0259, Az\u0259rbaycana, Qaraba\u011fa olan m\u00fcnasib\u0259ti \u00e7ox yax\u015f\u0131 g\u00f6st\u0259ricidir: &#8220;M\u0259kt\u0259bliy\u0259 ba\u015f \u00e7\u0259kdik, t\u0259\u0259ss\u00fcfl\u0259r olsun ki, bel\u0259 hallar ba\u015f verir. Bu b\u00f6lg\u0259d\u0259 t\u0259dris prosesi \u00fcmumilikd\u0259 davam etdirilir. El\u0259 m\u0259kt\u0259bl\u0259rimiz var ki, orada m\u00fcv\u0259qq\u0259ti olaraq d\u0259rsl\u0259rin ke\u00e7irilm\u0259sini dayand\u0131rm\u0131\u015f\u0131q, h\u0259min d\u0259rsl\u0259r qon\u015fu k\u0259ndl\u0259rin t\u0259dris ocaqlar\u0131nda davam etdirilir&#8221;.\n<\/p><\/p>\n","protected":false},"excerpt":{"rendered":"<p>\u018frazid\u0259 ne\u00e7\u0259 m\u0259kt\u0259bin da\u011f\u0131d\u0131ld\u0131\u011f\u0131 ara\u015fd\u0131r\u0131l\u0131r<\/p>\n","protected":false},"author":11,"featured_media":53472,"comment_status":"closed","ping_status":"open","sticky":false,"template":"","format":"standard","meta":{"_acf_changed":false,"_sitemap_exclude":false,"_sitemap_priority":"","_sitemap_frequency":"","footnotes":""},"categories":[51],"tags":[],"class_list":["post-174854","post","type-post","status-publish","format-standard","has-post-thumbnail","hentry","category-analitika","infinite-scroll-item","generate-columns","tablet-grid-50","mobile-grid-100","grid-parent","grid-33","no-featured-image-padding"],"acf":[],"yoast_head":"<!-- This site is optimized with the Yoast SEO plugin v27.5 - https:\/\/yoast.com\/product\/yoast-seo-wordpress\/ -->\n<title>C\u0259bh\u0259yan\u0131 \u0259razil\u0259rd\u0259 d\u0259rsl\u0259r dayand\u0131r\u0131l\u0131b - MEYDAN.TV<\/title>\n<meta name=\"robots\" content=\"index, follow, max-snippet:-1, max-image-preview:large, max-video-preview:-1\" \/>\n<link rel=\"canonical\" href=\"https:\/\/www.meydan.tv\/az\/article\/cebheyani-erazilerde-dersler-dayandirilib\/\" \/>\n<meta property=\"og:locale\" content=\"az_AZ\" \/>\n<meta property=\"og:type\" content=\"article\" \/>\n<meta property=\"og:title\" content=\"C\u0259bh\u0259yan\u0131 \u0259razil\u0259rd\u0259 d\u0259rsl\u0259r dayand\u0131r\u0131l\u0131b - MEYDAN.TV\" \/>\n<meta property=\"og:description\" content=\"\u018frazid\u0259 ne\u00e7\u0259 m\u0259kt\u0259bin da\u011f\u0131d\u0131ld\u0131\u011f\u0131 ara\u015fd\u0131r\u0131l\u0131r\" \/>\n<meta property=\"og:url\" content=\"https:\/\/www.meydan.tv\/az\/article\/cebheyani-erazilerde-dersler-dayandirilib\/\" \/>\n<meta property=\"og:site_name\" content=\"MEYDAN.TV\" \/>\n<meta property=\"article:published_time\" content=\"2016-04-04T17:31:29+00:00\" \/>\n<meta property=\"og:image\" content=\"https:\/\/www.meydan.tv\/wp-content\/uploads\/20178.jpg\" \/>\n\t<meta property=\"og:image:width\" content=\"640\" \/>\n\t<meta property=\"og:image:height\" content=\"427\" \/>\n\t<meta property=\"og:image:type\" content=\"image\/jpeg\" \/>\n<meta name=\"author\" content=\"user-manager\" \/>\n<meta name=\"twitter:card\" content=\"summary_large_image\" \/>\n<script type=\"application\/ld+json\" class=\"yoast-schema-graph\">{\"@context\":\"https:\\\/\\\/schema.org\",\"@graph\":[{\"@type\":\"Article\",\"@id\":\"https:\\\/\\\/www.meydan.tv\\\/az\\\/article\\\/cebheyani-erazilerde-dersler-dayandirilib\\\/#article\",\"isPartOf\":{\"@id\":\"https:\\\/\\\/www.meydan.tv\\\/az\\\/article\\\/cebheyani-erazilerde-dersler-dayandirilib\\\/\"},\"author\":{\"name\":\"user-manager\",\"@id\":\"https:\\\/\\\/www.meydan.tv\\\/az\\\/#\\\/schema\\\/person\\\/10d11eccf6da3662cf5fdab9806ea91a\"},\"headline\":\"C\u0259bh\u0259yan\u0131 \u0259razil\u0259rd\u0259 d\u0259rsl\u0259r dayand\u0131r\u0131l\u0131b\",\"datePublished\":\"2016-04-04T17:31:29+00:00\",\"mainEntityOfPage\":{\"@id\":\"https:\\\/\\\/www.meydan.tv\\\/az\\\/article\\\/cebheyani-erazilerde-dersler-dayandirilib\\\/\"},\"wordCount\":265,\"publisher\":{\"@id\":\"https:\\\/\\\/www.meydan.tv\\\/az\\\/#organization\"},\"image\":{\"@id\":\"https:\\\/\\\/www.meydan.tv\\\/az\\\/article\\\/cebheyani-erazilerde-dersler-dayandirilib\\\/#primaryimage\"},\"thumbnailUrl\":\"https:\\\/\\\/www.meydan.tv\\\/wp-content\\\/uploads\\\/20178.jpg\",\"articleSection\":[\"Analitika\"],\"inLanguage\":\"az\"},{\"@type\":\"WebPage\",\"@id\":\"https:\\\/\\\/www.meydan.tv\\\/az\\\/article\\\/cebheyani-erazilerde-dersler-dayandirilib\\\/\",\"url\":\"https:\\\/\\\/www.meydan.tv\\\/az\\\/article\\\/cebheyani-erazilerde-dersler-dayandirilib\\\/\",\"name\":\"C\u0259bh\u0259yan\u0131 \u0259razil\u0259rd\u0259 d\u0259rsl\u0259r dayand\u0131r\u0131l\u0131b - MEYDAN.TV\",\"isPartOf\":{\"@id\":\"https:\\\/\\\/www.meydan.tv\\\/az\\\/#website\"},\"primaryImageOfPage\":{\"@id\":\"https:\\\/\\\/www.meydan.tv\\\/az\\\/article\\\/cebheyani-erazilerde-dersler-dayandirilib\\\/#primaryimage\"},\"image\":{\"@id\":\"https:\\\/\\\/www.meydan.tv\\\/az\\\/article\\\/cebheyani-erazilerde-dersler-dayandirilib\\\/#primaryimage\"},\"thumbnailUrl\":\"https:\\\/\\\/www.meydan.tv\\\/wp-content\\\/uploads\\\/20178.jpg\",\"datePublished\":\"2016-04-04T17:31:29+00:00\",\"breadcrumb\":{\"@id\":\"https:\\\/\\\/www.meydan.tv\\\/az\\\/article\\\/cebheyani-erazilerde-dersler-dayandirilib\\\/#breadcrumb\"},\"inLanguage\":\"az\",\"potentialAction\":[{\"@type\":\"ReadAction\",\"target\":[\"https:\\\/\\\/www.meydan.tv\\\/az\\\/article\\\/cebheyani-erazilerde-dersler-dayandirilib\\\/\"]}]},{\"@type\":\"ImageObject\",\"inLanguage\":\"az\",\"@id\":\"https:\\\/\\\/www.meydan.tv\\\/az\\\/article\\\/cebheyani-erazilerde-dersler-dayandirilib\\\/#primaryimage\",\"url\":\"https:\\\/\\\/www.meydan.tv\\\/wp-content\\\/uploads\\\/20178.jpg\",\"contentUrl\":\"https:\\\/\\\/www.meydan.tv\\\/wp-content\\\/uploads\\\/20178.jpg\",\"width\":640,\"height\":427,\"caption\":\"Source:\"},{\"@type\":\"BreadcrumbList\",\"@id\":\"https:\\\/\\\/www.meydan.tv\\\/az\\\/article\\\/cebheyani-erazilerde-dersler-dayandirilib\\\/#breadcrumb\",\"itemListElement\":[{\"@type\":\"ListItem\",\"position\":1,\"name\":\"Ana s\u0259hif\u0259\",\"item\":\"https:\\\/\\\/www.meydan.tv\\\/az\\\/\"},{\"@type\":\"ListItem\",\"position\":2,\"name\":\"Analitika\",\"item\":\"https:\\\/\\\/www.meydan.tv\\\/az\\\/section\\\/analitika\\\/\"},{\"@type\":\"ListItem\",\"position\":3,\"name\":\"C\u0259bh\u0259yan\u0131 \u0259razil\u0259rd\u0259 d\u0259rsl\u0259r dayand\u0131r\u0131l\u0131b\"}]},{\"@type\":\"WebSite\",\"@id\":\"https:\\\/\\\/www.meydan.tv\\\/az\\\/#website\",\"url\":\"https:\\\/\\\/www.meydan.tv\\\/az\\\/\",\"name\":\"MEYDAN.TV\",\"description\":\"Meydan TV Az\u0259rbaycan\u0131n media m\u0259kan\u0131ndak\u0131 alternativ s\u0259sidir\",\"publisher\":{\"@id\":\"https:\\\/\\\/www.meydan.tv\\\/az\\\/#organization\"},\"potentialAction\":[{\"@type\":\"SearchAction\",\"target\":{\"@type\":\"EntryPoint\",\"urlTemplate\":\"https:\\\/\\\/www.meydan.tv\\\/az\\\/?s={search_term_string}\"},\"query-input\":{\"@type\":\"PropertyValueSpecification\",\"valueRequired\":true,\"valueName\":\"search_term_string\"}}],\"inLanguage\":\"az\"},{\"@type\":\"Organization\",\"@id\":\"https:\\\/\\\/www.meydan.tv\\\/az\\\/#organization\",\"name\":\"Meydan TV\",\"url\":\"https:\\\/\\\/www.meydan.tv\\\/az\\\/\",\"logo\":{\"@type\":\"ImageObject\",\"inLanguage\":\"az\",\"@id\":\"https:\\\/\\\/www.meydan.tv\\\/az\\\/#\\\/schema\\\/logo\\\/image\\\/\",\"url\":\"https:\\\/\\\/www.meydan.tv\\\/wp-content\\\/uploads\\\/2021\\\/07\\\/meydan-logo.svg\",\"contentUrl\":\"https:\\\/\\\/www.meydan.tv\\\/wp-content\\\/uploads\\\/2021\\\/07\\\/meydan-logo.svg\",\"width\":195,\"height\":46,\"caption\":\"Meydan TV\"},\"image\":{\"@id\":\"https:\\\/\\\/www.meydan.tv\\\/az\\\/#\\\/schema\\\/logo\\\/image\\\/\"}},{\"@type\":\"Person\",\"@id\":\"https:\\\/\\\/www.meydan.tv\\\/az\\\/#\\\/schema\\\/person\\\/10d11eccf6da3662cf5fdab9806ea91a\",\"name\":\"user-manager\"}]}<\/script>\n<!-- \/ Yoast SEO plugin. -->","yoast_head_json":{"title":"C\u0259bh\u0259yan\u0131 \u0259razil\u0259rd\u0259 d\u0259rsl\u0259r dayand\u0131r\u0131l\u0131b - MEYDAN.TV","robots":{"index":"index","follow":"follow","max-snippet":"max-snippet:-1","max-image-preview":"max-image-preview:large","max-video-preview":"max-video-preview:-1"},"canonical":"https:\/\/www.meydan.tv\/az\/article\/cebheyani-erazilerde-dersler-dayandirilib\/","og_locale":"az_AZ","og_type":"article","og_title":"C\u0259bh\u0259yan\u0131 \u0259razil\u0259rd\u0259 d\u0259rsl\u0259r dayand\u0131r\u0131l\u0131b - MEYDAN.TV","og_description":"\u018frazid\u0259 ne\u00e7\u0259 m\u0259kt\u0259bin da\u011f\u0131d\u0131ld\u0131\u011f\u0131 ara\u015fd\u0131r\u0131l\u0131r","og_url":"https:\/\/www.meydan.tv\/az\/article\/cebheyani-erazilerde-dersler-dayandirilib\/","og_site_name":"MEYDAN.TV","article_published_time":"2016-04-04T17:31:29+00:00","og_image":[{"width":640,"height":427,"url":"https:\/\/www.meydan.tv\/wp-content\/uploads\/20178.jpg","type":"image\/jpeg"}],"author":"user-manager","twitter_card":"summary_large_image","schema":{"@context":"https:\/\/schema.org","@graph":[{"@type":"Article","@id":"https:\/\/www.meydan.tv\/az\/article\/cebheyani-erazilerde-dersler-dayandirilib\/#article","isPartOf":{"@id":"https:\/\/www.meydan.tv\/az\/article\/cebheyani-erazilerde-dersler-dayandirilib\/"},"author":{"name":"user-manager","@id":"https:\/\/www.meydan.tv\/az\/#\/schema\/person\/10d11eccf6da3662cf5fdab9806ea91a"},"headline":"C\u0259bh\u0259yan\u0131 \u0259razil\u0259rd\u0259 d\u0259rsl\u0259r dayand\u0131r\u0131l\u0131b","datePublished":"2016-04-04T17:31:29+00:00","mainEntityOfPage":{"@id":"https:\/\/www.meydan.tv\/az\/article\/cebheyani-erazilerde-dersler-dayandirilib\/"},"wordCount":265,"publisher":{"@id":"https:\/\/www.meydan.tv\/az\/#organization"},"image":{"@id":"https:\/\/www.meydan.tv\/az\/article\/cebheyani-erazilerde-dersler-dayandirilib\/#primaryimage"},"thumbnailUrl":"https:\/\/www.meydan.tv\/wp-content\/uploads\/20178.jpg","articleSection":["Analitika"],"inLanguage":"az"},{"@type":"WebPage","@id":"https:\/\/www.meydan.tv\/az\/article\/cebheyani-erazilerde-dersler-dayandirilib\/","url":"https:\/\/www.meydan.tv\/az\/article\/cebheyani-erazilerde-dersler-dayandirilib\/","name":"C\u0259bh\u0259yan\u0131 \u0259razil\u0259rd\u0259 d\u0259rsl\u0259r dayand\u0131r\u0131l\u0131b - MEYDAN.TV","isPartOf":{"@id":"https:\/\/www.meydan.tv\/az\/#website"},"primaryImageOfPage":{"@id":"https:\/\/www.meydan.tv\/az\/article\/cebheyani-erazilerde-dersler-dayandirilib\/#primaryimage"},"image":{"@id":"https:\/\/www.meydan.tv\/az\/article\/cebheyani-erazilerde-dersler-dayandirilib\/#primaryimage"},"thumbnailUrl":"https:\/\/www.meydan.tv\/wp-content\/uploads\/20178.jpg","datePublished":"2016-04-04T17:31:29+00:00","breadcrumb":{"@id":"https:\/\/www.meydan.tv\/az\/article\/cebheyani-erazilerde-dersler-dayandirilib\/#breadcrumb"},"inLanguage":"az","potentialAction":[{"@type":"ReadAction","target":["https:\/\/www.meydan.tv\/az\/article\/cebheyani-erazilerde-dersler-dayandirilib\/"]}]},{"@type":"ImageObject","inLanguage":"az","@id":"https:\/\/www.meydan.tv\/az\/article\/cebheyani-erazilerde-dersler-dayandirilib\/#primaryimage","url":"https:\/\/www.meydan.tv\/wp-content\/uploads\/20178.jpg","contentUrl":"https:\/\/www.meydan.tv\/wp-content\/uploads\/20178.jpg","width":640,"height":427,"caption":"Source:"},{"@type":"BreadcrumbList","@id":"https:\/\/www.meydan.tv\/az\/article\/cebheyani-erazilerde-dersler-dayandirilib\/#breadcrumb","itemListElement":[{"@type":"ListItem","position":1,"name":"Ana s\u0259hif\u0259","item":"https:\/\/www.meydan.tv\/az\/"},{"@type":"ListItem","position":2,"name":"Analitika","item":"https:\/\/www.meydan.tv\/az\/section\/analitika\/"},{"@type":"ListItem","position":3,"name":"C\u0259bh\u0259yan\u0131 \u0259razil\u0259rd\u0259 d\u0259rsl\u0259r dayand\u0131r\u0131l\u0131b"}]},{"@type":"WebSite","@id":"https:\/\/www.meydan.tv\/az\/#website","url":"https:\/\/www.meydan.tv\/az\/","name":"MEYDAN.TV","description":"Meydan TV Az\u0259rbaycan\u0131n media m\u0259kan\u0131ndak\u0131 alternativ s\u0259sidir","publisher":{"@id":"https:\/\/www.meydan.tv\/az\/#organization"},"potentialAction":[{"@type":"SearchAction","target":{"@type":"EntryPoint","urlTemplate":"https:\/\/www.meydan.tv\/az\/?s={search_term_string}"},"query-input":{"@type":"PropertyValueSpecification","valueRequired":true,"valueName":"search_term_string"}}],"inLanguage":"az"},{"@type":"Organization","@id":"https:\/\/www.meydan.tv\/az\/#organization","name":"Meydan TV","url":"https:\/\/www.meydan.tv\/az\/","logo":{"@type":"ImageObject","inLanguage":"az","@id":"https:\/\/www.meydan.tv\/az\/#\/schema\/logo\/image\/","url":"https:\/\/www.meydan.tv\/wp-content\/uploads\/2021\/07\/meydan-logo.svg","contentUrl":"https:\/\/www.meydan.tv\/wp-content\/uploads\/2021\/07\/meydan-logo.svg","width":195,"height":46,"caption":"Meydan TV"},"image":{"@id":"https:\/\/www.meydan.tv\/az\/#\/schema\/logo\/image\/"}},{"@type":"Person","@id":"https:\/\/www.meydan.tv\/az\/#\/schema\/person\/10d11eccf6da3662cf5fdab9806ea91a","name":"user-manager"}]}},"_links":{"self":[{"href":"https:\/\/www.meydan.tv\/az\/wp-json\/wp\/v2\/posts\/174854","targetHints":{"allow":["GET"]}}],"collection":[{"href":"https:\/\/www.meydan.tv\/az\/wp-json\/wp\/v2\/posts"}],"about":[{"href":"https:\/\/www.meydan.tv\/az\/wp-json\/wp\/v2\/types\/post"}],"author":[{"embeddable":true,"href":"https:\/\/www.meydan.tv\/az\/wp-json\/wp\/v2\/users\/11"}],"replies":[{"embeddable":true,"href":"https:\/\/www.meydan.tv\/az\/wp-json\/wp\/v2\/comments?post=174854"}],"version-history":[{"count":0,"href":"https:\/\/www.meydan.tv\/az\/wp-json\/wp\/v2\/posts\/174854\/revisions"}],"wp:featuredmedia":[{"embeddable":true,"href":"https:\/\/www.meydan.tv\/az\/wp-json\/wp\/v2\/media\/53472"}],"wp:attachment":[{"href":"https:\/\/www.meydan.tv\/az\/wp-json\/wp\/v2\/media?parent=174854"}],"wp:term":[{"taxonomy":"category","embeddable":true,"href":"https:\/\/www.meydan.tv\/az\/wp-json\/wp\/v2\/categories?post=174854"},{"taxonomy":"post_tag","embeddable":true,"href":"https:\/\/www.meydan.tv\/az\/wp-json\/wp\/v2\/tags?post=174854"}],"curies":[{"name":"wp","href":"https:\/\/api.w.org\/{rel}","templated":true}]}}