{"id":174849,"date":"2016-04-04T16:53:03","date_gmt":"2016-04-04T16:53:03","guid":{"rendered":"https:\/\/www.meydan.tv\/article\/qarabagda-savas-kime-serf-edir\/"},"modified":"2016-04-04T16:53:03","modified_gmt":"2016-04-04T16:53:03","slug":"qarabagda-savas-kime-serf-edir","status":"publish","type":"post","link":"https:\/\/www.meydan.tv\/az\/article\/qarabagda-savas-kime-serf-edir\/","title":{"rendered":"Qaraba\u011fda sava\u015f kim\u0259 s\u0259rf edir?"},"content":{"rendered":"<figure class=\"wp-block-image size-large\">\n  <img decoding=\"async\" src=\"https:\/\/www.meydan.tv\/az\/53442\/\" alt=\"\" class=\"wp-image-53442\"\/><figcaption><\/figcaption><\/figure>\n<figure class=\"wp-block-image size-large\">\n  <img decoding=\"async\" src=\"https:\/\/www.meydan.tv\/az\/53451\/\" alt=\"\" class=\"wp-image-53451\"\/><figcaption><\/figcaption><\/figure>\n<p>\n  <i><br \/>\n    Geni\u015fmiqyasl\u0131 \u0259m\u0259liyyatlar ba\u015flayarsa, t\u0259r\u0259fl\u0259r zor\u0259n s\u00fclh\u0259 vadar edil\u0259 bil\u0259rmi?<br \/>\n  <\/i>\n<\/p>\n<p>\n  \u00d6lk\u0259d\u0259 sava\u015f \u0259hval\u0131 dominantl\u0131q t\u0259\u015fkil edir. C\u0259bh\u0259 x\u0259ttind\u0259 at\u0259\u015fk\u0259s pozulub v\u0259 iqtidar bel\u0259 bir r\u0259y formala\u015fd\u0131rmaq ist\u0259yir ki, Az\u0259rbaycan art\u0131q h\u0259rbi \u0259m\u0259liyyatlara ba\u015flayaraq, \u0259n az\u0131 bir ne\u00e7\u0259 rayonu geri qaytarmaq \u00fczr\u0259dir. M\u00fcharib\u0259 m\u0259s\u0259l\u0259sini Az\u0259rbaycan da daxil olmaqla siyasi m\u0259qs\u0259dl\u0259r \u00fc\u00e7\u00fcn h\u0259r t\u0259r\u0259f istifad\u0259 edir.\u00a0 Vur\u011fulamaq laz\u0131md\u0131r ki, Az\u0259rbaycan\u0131n \u00f6z \u0259razi b\u00fct\u00f6vl\u00fcy\u00fcn\u00fc b\u0259rpa etm\u0259k nyy\u0259ti d\u00fcnya g\u00fccl\u0259ri t\u0259r\u0259find\u0259n birm\u0259nal\u0131 qar\u015f\u0131lanm\u0131r.\u00a0 Q\u0259rb at\u0259\u015fk\u0259sin pozulmas\u0131ndan narahatl\u0131\u011f\u0131n\u0131 dil\u0259 g\u0259tirib.\u00a0 Lakin burada s\u00f6hb\u0259t daha \u00e7ox Rusiyadan gedir. Sava\u015f\u0131n \u0259sas t\u0259\u015f\u0259bb\u00fcskar\u0131 kimi dolay\u0131s\u0131 il\u0259 d\u0259 olsa Moskva \u00e7\u0131x\u0131\u015f edir.\u00a0 Kreml Bak\u0131n\u0131n Q\u0259rbl\u0259 yax\u0131nla\u015fmas\u0131na at\u0259\u015fk\u0259sin pozulmas\u0131 il\u0259 cavab verir.\u00a0 Unutmaq olmaz ki, Rusiya d\u0259f\u0259l\u0259rl\u0259 g\u00f6st\u0259rib ki, o, ist\u0259diyi halda he\u00e7 bir m\u00fcqavil\u0259y\u0259 \u0259saslanmadan \u00f6z h\u0259rbi q\u00fcvv\u0259l\u0259rind\u0259n istifad\u0259\u00a0ed\u0259\u00a0bil\u0259r. Bu bax\u0131mdan, daha irimiqyasl\u0131 sava\u015f ba\u015flayarsa, ruslar Az\u0259rbaycana h\u0259rbi m\u00fcdaxil\u0259 d\u0259 ed\u0259 bil\u0259r. B\u00fct\u00fcn bunlar a\u00e7\u0131q \u2013 ayd\u0131n sezil\u0259n h\u0259qiq\u0259tl\u0259rdir. Bel\u0259 olan t\u0259qdird\u0259, son sava\u015f\u0131n n\u0259y\u0259 xidm\u0259t etdiyini anlamaq laz\u0131m g\u0259lir. \u0130lk bax\u0131\u015fdan, Bak\u0131n\u0131n silaha \u0259l ataraq, i\u015f\u011fal olunmu\u015f \u0259razil\u0259rd\u0259n bir qismini azad etm\u0259si m\u00fcmk\u00fcn g\u00f6r\u00fcn\u00fcr. Lakin bu m\u0259s\u0259l\u0259 g\u00f6r\u00fcnd\u00fcy\u00fc q\u0259d\u0259r d\u0259 sad\u0259 deyil. Son prosesl\u0259r fonunda yaranan t\u0259\u0259ss\u00fcrat ondan ibar\u0259tdir ki, m\u0259hz ruslar Bak\u0131n\u0131 bel\u0259 add\u0131m atma\u011fa t\u0259hrik edir. Az\u0259rbaycan\u0131n silaha \u0259l atmas\u0131 \u0130r\u0259van\u0131n da maraqlar\u0131na cavab verir. Erm\u0259nistan uzun m\u00fcdd\u0259tdir ki, m\u00fcnaqi\u015f\u0259nin etnik z\u0259mind\u0259 ba\u015f verdiyini b\u0259yan edir. Geni\u015fmiqyasl\u0131 sava\u015f ba\u015flayarsa, \u0130r\u0259van \u00f6z t\u0259bli\u011fat\u0131n\u0131 bu istiqam\u0259td\u0259 qura bil\u0259r &#8211; \u201cmill\u0259tl\u0259rin \u00f6z\u00fcn\u00fc t\u0259yin etm\u0259 h\u00fcququna\u201d Bak\u0131 etnik t\u0259mizl\u0259m\u0259 il\u0259 cavab\u0131 verir. Bu m\u0259rh\u0259l\u0259d\u0259 sava\u015fa ba\u015flamaq g\u00f6r\u00fcnd\u00fcy\u00fc kimi sad\u0259 deyil. Erm\u0259ni t\u0259bli\u011fat\u0131 n\u00f6vb\u0259ti \u201czavall\u0131 erm\u0259ni xalq\u0131n\u0131n\u201d \u201csoyq\u0131r\u0131m\u0131\u201d bar\u0259d\u0259 a\u011fla\u015fma qurmaq \u00fc\u00e7\u00fcn bu f\u00fcrs\u0259td\u0259n istifad\u0259 ed\u0259 bil\u0259r. D\u00fcnyadak\u0131 reall\u0131q Birl\u0259\u015fmi\u015f \u015etatlar\u0131n da \u00a0Az\u0259rbaycana s\u0259rf etm\u0259y\u0259c\u0259k m\u00f6vqed\u0259n \u00e7\u0131x\u0131\u015f ed\u0259c\u0259yini ehtimal etm\u0259y\u0259 \u0259sas verir. Art\u0131q AT\u018fT-in Minsk Qrupunun amerikal\u0131 h\u0259ms\u0259dri d\u0259 at\u0259\u015fk\u0259sin pozulmas\u0131n\u0131 pisl\u0259yib. BMT-d\u0259n d\u0259 eyni reaksiya g\u0259ldi.\n<\/p>\n<p>\n  Lakin d\u00fcnyan\u0131n g\u00fcc m\u0259rk\u0259zl\u0259ri unudurlar ki, Qaraba\u011f m\u00fcnaqi\u015f\u0259ni C\u0259nubi Qafqazda v\u0259 \u015e\u0259rqi Avropada m\u00f6vcud olan dig\u0259r m\u00fcnaqi\u015f\u0259l\u0259rl\u0259 eynil\u0259\u015fdirm\u0259k olmaz. \u018fn az\u0131 ona g\u00f6r\u0259 ki, Da\u011fl\u0131q Qaraba\u011f \u0259halisinin ham\u0131s\u0131 etnik erm\u0259nil\u0259rd\u0259n ibar\u0259t deyil, bu \u0259razid\u0259 ya\u015fayan Az\u0259rbaycan t\u00fcrkl\u0259rinin h\u00fcquqlar\u0131 da n\u0259z\u0259rd\u0259n qa\u00e7\u0131r\u0131la bilm\u0259z.\n<\/p>\n<p>\n  Dig\u0259r t\u0259r\u0259fd\u0259n, i\u015f\u011fal alt\u0131nda olan \u0259razil\u0259rin \u0259halisinin \u0259ks\u0259riyy\u0259ti t\u00fcrkl\u0259rdir v\u0259 m\u0259s\u0259l\u0259y\u0259 milli t\u0259yinetm\u0259 prizmas\u0131ndan he\u00e7 c\u00fcr\u0259 bax\u0131la bilm\u0259z. Bir m\u0259qama da diqq\u0259t yetir\u0259k. Bel\u0259 bir fikir ir\u0259li s\u00fcr\u00fcl\u00fcr ki, \u0259g\u0259r Az\u0259rbaycan irimiqyasl\u0131 &#8211; i\u015f\u011fal olunmu\u015f \u0259razil\u0259rin \u0259n m\u00fcxt\u0259lif istiqam\u0259tl\u0259rind\u0259n azad olunmas\u0131na ba\u015flasa, Erm\u0259nistan bu q\u0259d\u0259r \u0259razini qorumaq imkan\u0131nda olmayacaq. Lakin unutmaq olmaz ki, daha irimiqyasl\u0131 sava\u015f ba\u015flayarsa, bu zaman proses\u0259 Rusiya m\u00fcdaxil\u0259 ed\u0259 bil\u0259r. \u018flb\u0259tt\u0259, Q\u0259rbin bu hadis\u0259l\u0259r\u0259 m\u00f6vqeyind\u0259n d\u0259 \u00e7ox \u015fey as\u0131l\u0131 olacaq. Bu m\u00f6vqenin is\u0259 Az\u0259rbaycan\u0131n m\u00f6vqeyi il\u0259 \u00fcst-\u00fcst\u0259 d\u00fc\u015f\u0259c\u0259yini t\u0259xmin etm\u0259k el\u0259 d\u0259 asan deyil. Lakin k\u0259nar bax\u0131\u015fla g\u00f6r\u00fcn\u0259n budur ki, Kreml Az\u0259rbaycan\u0131 yeni sava\u015fa \u015firnikl\u0259ndirir v\u0259 i\u015f\u011fal olunmu\u015f torpaqlar\u0131m\u0131z\u0131n azad olunaca\u011f\u0131na dolay\u0131s\u0131 il\u0259 yard\u0131m ed\u0259c\u0259yin\u0259 \u201cz\u0259man\u0259t\u201d verir. Bu m\u0259s\u0259l\u0259d\u0259 ruslar\u0131n s\u0259mimiliyin\u0259 inananlar unudurlar ki, Erm\u0259nistan Rusiyan\u0131n forpostudur v\u0259 Moskvan\u0131n ist\u0259yi olsa idi, \u0130r\u0259van\u0131 sava\u015fs\u0131z da torpaqlar\u0131 azad etm\u0259y\u0259 vadar ed\u0259 bil\u0259rdi. G\u00f6r\u00fcn\u0259n budur ki, Rusiyaya Qaraba\u011f\u0131n azad edilm\u0259si deyil, yeni sava\u015f laz\u0131md\u0131r. Ayd\u0131n m\u0259s\u0259l\u0259dir ki, b\u00f6y\u00fck\u00a0 sava\u015f ba\u015flayarsa, ruslar \u00f6z tarixi m\u00fctt\u0259fiql\u0259ri olan erm\u0259nil\u0259r\u0259 yard\u0131m ed\u0259c\u0259kl\u0259r. Bu is\u0259 yeni torpaq itkisi riski dem\u0259kdir. Q\u0259rb d\u0259 Az\u0259rbaycan\u0131n sava\u015fa ba\u015flamas\u0131n\u0131 arzu etmir. Odur ki, d\u00fc\u015f\u00fcn\u00fclm\u0259mi\u015f sava\u015f yeni \u0259razi itkisi il\u0259 sonuclana bil\u0259r. H\u0259rbi \u0259m\u0259liyyatlara ba\u015flamaq laz\u0131md\u0131r, lakin bu m\u0259s\u0259l\u0259d\u0259 soyuqqanl\u0131 q\u0259rar q\u0259bul etm\u0259k daha \u00f6n\u0259mlidir.\n<\/p>\n<p>\n  Dig\u0259r t\u0259r\u0259fd\u0259n, sava\u015fa ba\u015flayan ist\u0259nil\u0259n hakimiyy\u0259t \u00f6lk\u0259 daxilind\u0259 v\u0259t\u0259nda\u015f birliyin\u0259 nail olma\u011fa c\u0259hd edir. Milli birlik v\u0259 v\u0259t\u0259nda\u015f s\u00fclh\u00fc olmadan, yeni sava\u015fa ba\u015flamaq m\u0259ntiqsizdir. Bu bax\u0131mdan, siyasi m\u0259hbuslar\u0131n ham\u0131s\u0131n\u0131n azad edilm\u0259si z\u0259rur\u0259ti yaran\u0131r.\n<\/p>\n<p>\n  Prosesl\u0259rin g\u0259l\u0259c\u0259k inki\u015faf\u0131n\u0131n konturlar\u0131 da art\u0131q c\u0131z\u0131lmaqdad\u0131r. Sava\u015fda m\u0259\u011flubiyy\u0259t ya\u015fanarsa, bu, \u00f6lk\u0259d\u0259 naraz\u0131l\u0131\u011f\u0131n artmas\u0131 il\u0259 sonuclana bil\u0259r v\u0259 n\u0259tic\u0259d\u0259 r\u0259smi Bak\u0131 Kremlin G\u00f6mr\u00fck \u0130ttifaq\u0131 layih\u0259sin\u0259 raz\u0131l\u0131q ver\u0259 bil\u0259r. Lakin s\u00f6hb\u0259t irimiqyasl\u0131 sava\u015fdan deyil, q\u0131s m\u00fcdd\u0259tli d\u00f6y\u00fc\u015fl\u0259rd\u0259n ged\u0259 bil\u0259r. Az\u0259rbaycan bir-iki k\u0259ndi geri qaytara bil\u0259r. \u018fm\u0259liyyatlar\u0131n miqyas\u0131 geni\u015fl\u0259n\u0259rs\u0259, s\u00fclh\u0259 vadar etm\u0259k plan\u0131 da i\u015f\u0259 d\u00fc\u015f\u0259 bil\u0259r. Yaranm\u0131\u015f v\u0259ziyy\u0259td\u0259 Q\u0259rb \u0259n optimal yol kimi zor\u0259n s\u00fclh\u0259 nail olma\u011f\u0131 n\u0259z\u0259rd\u0259n ke\u00e7ir\u0259 bil\u0259r. Az\u0259rbaycan-Erm\u0259nistan aras\u0131nda h\u0259rbi \u0259m\u0259liyyatlar\u0131n yenid\u0259n ba\u015flaya bil\u0259c\u0259yi zor\u0259n s\u00fclh variant\u0131n\u0131 aktual edir.\n<\/p>\n<p>\n  G\u00f6r\u00fcn\u0259n budur ki, dalana dir\u0259n\u0259n dan\u0131\u015f\u0131qlar prosesi yenid\u0259n canlana bil\u0259r. Lakin C\u0259nubi Qafqazla ba\u011fl\u0131 t\u0259r\u0259fl\u0259rin qar\u015f\u0131dak\u0131 d\u00f6vr \u00fc\u00e7\u00fcn raz\u0131l\u0131\u011fa g\u0259l\u0259 bilm\u0259si ehtimal\u0131 inand\u0131r\u0131c\u0131 deyil. Geosiyasi maraqlar m\u00fcxt\u0259lif oldu\u011fundan bunu etm\u0259k imkans\u0131z g\u00f6r\u00fcn\u00fcr. Superg\u00fccl\u0259r Az\u0259rbaycandan yeni geosiyasi m\u00fcbariz\u0259d\u0259 birm\u0259nal\u0131 se\u00e7imini m\u00fc\u0259yy\u0259n etm\u0259yi t\u0259l\u0259b ed\u0259c\u0259kl\u0259r.\u00a0Prosesl\u0259r g\u0259rginliy\u0259 do\u011fru inki\u015faf edir. Sava\u015f\u0131n qar\u015f\u0131s\u0131n\u0131n al\u0131nmas\u0131 \u00fc\u00e7\u00fcn dan\u0131\u015f\u0131qlar prosesinin b\u0259rpa olunaca\u011f\u0131 vacib g\u00f6r\u00fcn\u00fcr. Lakin bu d\u0259f\u0259 dan\u0131\u015f\u0131qlar Az\u0259rbaycan\u0131n maraqlar\u0131na xidm\u0259t etm\u0259lidir.\n<\/p>\n<p>\n  Burada bir amil\u0259 d\u0259 diqq\u0259t yetirm\u0259k laz\u0131m g\u0259lir. Hakimiyy\u0259t d\u0259hlizl\u0259rind\u0259 be\u015finci kolonun t\u0259msil\u00e7il\u0259ri kifay\u0259t q\u0259d\u0259rdir. Onlar\u0131 t\u0259mizl\u0259m\u0259d\u0259n yeni Qaraba\u011f sava\u015f\u0131na ba\u015flamaq olduqca risklidir&#8230;<\/p>\n","protected":false},"excerpt":{"rendered":"<p>Geni\u015fmiqyasl\u0131 \u0259m\u0259liyyatlar ba\u015flayarsa, t\u0259r\u0259fl\u0259r zor\u0259n s\u00fclh\u0259 vadar edil\u0259 bil\u0259rmi?<\/p>\n","protected":false},"author":11,"featured_media":53442,"comment_status":"closed","ping_status":"open","sticky":false,"template":"","format":"standard","meta":{"_acf_changed":false,"_sitemap_exclude":false,"_sitemap_priority":"","_sitemap_frequency":"","footnotes":""},"categories":[51],"tags":[],"class_list":["post-174849","post","type-post","status-publish","format-standard","has-post-thumbnail","hentry","category-analitika","infinite-scroll-item","generate-columns","tablet-grid-50","mobile-grid-100","grid-parent","grid-33","no-featured-image-padding"],"acf":[],"yoast_head":"<!-- This site is optimized with the Yoast SEO plugin v27.5 - https:\/\/yoast.com\/product\/yoast-seo-wordpress\/ -->\n<title>Qaraba\u011fda sava\u015f kim\u0259 s\u0259rf edir? - MEYDAN.TV<\/title>\n<meta name=\"robots\" content=\"index, follow, max-snippet:-1, max-image-preview:large, max-video-preview:-1\" \/>\n<link rel=\"canonical\" href=\"https:\/\/www.meydan.tv\/az\/article\/qarabagda-savas-kime-serf-edir\/\" \/>\n<meta property=\"og:locale\" content=\"az_AZ\" \/>\n<meta property=\"og:type\" content=\"article\" \/>\n<meta property=\"og:title\" content=\"Qaraba\u011fda sava\u015f kim\u0259 s\u0259rf edir? - MEYDAN.TV\" \/>\n<meta property=\"og:description\" content=\"Geni\u015fmiqyasl\u0131 \u0259m\u0259liyyatlar ba\u015flayarsa, t\u0259r\u0259fl\u0259r zor\u0259n s\u00fclh\u0259 vadar edil\u0259 bil\u0259rmi?\" \/>\n<meta property=\"og:url\" content=\"https:\/\/www.meydan.tv\/az\/article\/qarabagda-savas-kime-serf-edir\/\" \/>\n<meta property=\"og:site_name\" content=\"MEYDAN.TV\" \/>\n<meta property=\"article:published_time\" content=\"2016-04-04T16:53:03+00:00\" \/>\n<meta property=\"og:image\" content=\"https:\/\/www.meydan.tv\/wp-content\/uploads\/20173.jpg\" \/>\n\t<meta property=\"og:image:width\" content=\"500\" \/>\n\t<meta property=\"og:image:height\" content=\"304\" \/>\n\t<meta property=\"og:image:type\" content=\"image\/jpeg\" \/>\n<meta name=\"author\" content=\"user-manager\" \/>\n<meta name=\"twitter:card\" content=\"summary_large_image\" \/>\n<script type=\"application\/ld+json\" class=\"yoast-schema-graph\">{\"@context\":\"https:\\\/\\\/schema.org\",\"@graph\":[{\"@type\":\"Article\",\"@id\":\"https:\\\/\\\/www.meydan.tv\\\/az\\\/article\\\/qarabagda-savas-kime-serf-edir\\\/#article\",\"isPartOf\":{\"@id\":\"https:\\\/\\\/www.meydan.tv\\\/az\\\/article\\\/qarabagda-savas-kime-serf-edir\\\/\"},\"author\":{\"name\":\"user-manager\",\"@id\":\"https:\\\/\\\/www.meydan.tv\\\/az\\\/#\\\/schema\\\/person\\\/10d11eccf6da3662cf5fdab9806ea91a\"},\"headline\":\"Qaraba\u011fda sava\u015f kim\u0259 s\u0259rf edir?\",\"datePublished\":\"2016-04-04T16:53:03+00:00\",\"mainEntityOfPage\":{\"@id\":\"https:\\\/\\\/www.meydan.tv\\\/az\\\/article\\\/qarabagda-savas-kime-serf-edir\\\/\"},\"wordCount\":1312,\"publisher\":{\"@id\":\"https:\\\/\\\/www.meydan.tv\\\/az\\\/#organization\"},\"image\":{\"@id\":\"https:\\\/\\\/www.meydan.tv\\\/az\\\/article\\\/qarabagda-savas-kime-serf-edir\\\/#primaryimage\"},\"thumbnailUrl\":\"https:\\\/\\\/www.meydan.tv\\\/wp-content\\\/uploads\\\/20173.jpg\",\"articleSection\":[\"Analitika\"],\"inLanguage\":\"az\"},{\"@type\":\"WebPage\",\"@id\":\"https:\\\/\\\/www.meydan.tv\\\/az\\\/article\\\/qarabagda-savas-kime-serf-edir\\\/\",\"url\":\"https:\\\/\\\/www.meydan.tv\\\/az\\\/article\\\/qarabagda-savas-kime-serf-edir\\\/\",\"name\":\"Qaraba\u011fda sava\u015f kim\u0259 s\u0259rf edir? - MEYDAN.TV\",\"isPartOf\":{\"@id\":\"https:\\\/\\\/www.meydan.tv\\\/az\\\/#website\"},\"primaryImageOfPage\":{\"@id\":\"https:\\\/\\\/www.meydan.tv\\\/az\\\/article\\\/qarabagda-savas-kime-serf-edir\\\/#primaryimage\"},\"image\":{\"@id\":\"https:\\\/\\\/www.meydan.tv\\\/az\\\/article\\\/qarabagda-savas-kime-serf-edir\\\/#primaryimage\"},\"thumbnailUrl\":\"https:\\\/\\\/www.meydan.tv\\\/wp-content\\\/uploads\\\/20173.jpg\",\"datePublished\":\"2016-04-04T16:53:03+00:00\",\"breadcrumb\":{\"@id\":\"https:\\\/\\\/www.meydan.tv\\\/az\\\/article\\\/qarabagda-savas-kime-serf-edir\\\/#breadcrumb\"},\"inLanguage\":\"az\",\"potentialAction\":[{\"@type\":\"ReadAction\",\"target\":[\"https:\\\/\\\/www.meydan.tv\\\/az\\\/article\\\/qarabagda-savas-kime-serf-edir\\\/\"]}]},{\"@type\":\"ImageObject\",\"inLanguage\":\"az\",\"@id\":\"https:\\\/\\\/www.meydan.tv\\\/az\\\/article\\\/qarabagda-savas-kime-serf-edir\\\/#primaryimage\",\"url\":\"https:\\\/\\\/www.meydan.tv\\\/wp-content\\\/uploads\\\/20173.jpg\",\"contentUrl\":\"https:\\\/\\\/www.meydan.tv\\\/wp-content\\\/uploads\\\/20173.jpg\",\"width\":500,\"height\":304,\"caption\":\"Source:\"},{\"@type\":\"BreadcrumbList\",\"@id\":\"https:\\\/\\\/www.meydan.tv\\\/az\\\/article\\\/qarabagda-savas-kime-serf-edir\\\/#breadcrumb\",\"itemListElement\":[{\"@type\":\"ListItem\",\"position\":1,\"name\":\"Ana s\u0259hif\u0259\",\"item\":\"https:\\\/\\\/www.meydan.tv\\\/az\\\/\"},{\"@type\":\"ListItem\",\"position\":2,\"name\":\"Analitika\",\"item\":\"https:\\\/\\\/www.meydan.tv\\\/az\\\/section\\\/analitika\\\/\"},{\"@type\":\"ListItem\",\"position\":3,\"name\":\"Qaraba\u011fda sava\u015f kim\u0259 s\u0259rf edir?\"}]},{\"@type\":\"WebSite\",\"@id\":\"https:\\\/\\\/www.meydan.tv\\\/az\\\/#website\",\"url\":\"https:\\\/\\\/www.meydan.tv\\\/az\\\/\",\"name\":\"MEYDAN.TV\",\"description\":\"Meydan TV Az\u0259rbaycan\u0131n media m\u0259kan\u0131ndak\u0131 alternativ s\u0259sidir\",\"publisher\":{\"@id\":\"https:\\\/\\\/www.meydan.tv\\\/az\\\/#organization\"},\"potentialAction\":[{\"@type\":\"SearchAction\",\"target\":{\"@type\":\"EntryPoint\",\"urlTemplate\":\"https:\\\/\\\/www.meydan.tv\\\/az\\\/?s={search_term_string}\"},\"query-input\":{\"@type\":\"PropertyValueSpecification\",\"valueRequired\":true,\"valueName\":\"search_term_string\"}}],\"inLanguage\":\"az\"},{\"@type\":\"Organization\",\"@id\":\"https:\\\/\\\/www.meydan.tv\\\/az\\\/#organization\",\"name\":\"Meydan TV\",\"url\":\"https:\\\/\\\/www.meydan.tv\\\/az\\\/\",\"logo\":{\"@type\":\"ImageObject\",\"inLanguage\":\"az\",\"@id\":\"https:\\\/\\\/www.meydan.tv\\\/az\\\/#\\\/schema\\\/logo\\\/image\\\/\",\"url\":\"https:\\\/\\\/www.meydan.tv\\\/wp-content\\\/uploads\\\/2021\\\/07\\\/meydan-logo.svg\",\"contentUrl\":\"https:\\\/\\\/www.meydan.tv\\\/wp-content\\\/uploads\\\/2021\\\/07\\\/meydan-logo.svg\",\"width\":195,\"height\":46,\"caption\":\"Meydan TV\"},\"image\":{\"@id\":\"https:\\\/\\\/www.meydan.tv\\\/az\\\/#\\\/schema\\\/logo\\\/image\\\/\"}},{\"@type\":\"Person\",\"@id\":\"https:\\\/\\\/www.meydan.tv\\\/az\\\/#\\\/schema\\\/person\\\/10d11eccf6da3662cf5fdab9806ea91a\",\"name\":\"user-manager\"}]}<\/script>\n<!-- \/ Yoast SEO plugin. -->","yoast_head_json":{"title":"Qaraba\u011fda sava\u015f kim\u0259 s\u0259rf edir? - MEYDAN.TV","robots":{"index":"index","follow":"follow","max-snippet":"max-snippet:-1","max-image-preview":"max-image-preview:large","max-video-preview":"max-video-preview:-1"},"canonical":"https:\/\/www.meydan.tv\/az\/article\/qarabagda-savas-kime-serf-edir\/","og_locale":"az_AZ","og_type":"article","og_title":"Qaraba\u011fda sava\u015f kim\u0259 s\u0259rf edir? - MEYDAN.TV","og_description":"Geni\u015fmiqyasl\u0131 \u0259m\u0259liyyatlar ba\u015flayarsa, t\u0259r\u0259fl\u0259r zor\u0259n s\u00fclh\u0259 vadar edil\u0259 bil\u0259rmi?","og_url":"https:\/\/www.meydan.tv\/az\/article\/qarabagda-savas-kime-serf-edir\/","og_site_name":"MEYDAN.TV","article_published_time":"2016-04-04T16:53:03+00:00","og_image":[{"width":500,"height":304,"url":"https:\/\/www.meydan.tv\/wp-content\/uploads\/20173.jpg","type":"image\/jpeg"}],"author":"user-manager","twitter_card":"summary_large_image","schema":{"@context":"https:\/\/schema.org","@graph":[{"@type":"Article","@id":"https:\/\/www.meydan.tv\/az\/article\/qarabagda-savas-kime-serf-edir\/#article","isPartOf":{"@id":"https:\/\/www.meydan.tv\/az\/article\/qarabagda-savas-kime-serf-edir\/"},"author":{"name":"user-manager","@id":"https:\/\/www.meydan.tv\/az\/#\/schema\/person\/10d11eccf6da3662cf5fdab9806ea91a"},"headline":"Qaraba\u011fda sava\u015f kim\u0259 s\u0259rf edir?","datePublished":"2016-04-04T16:53:03+00:00","mainEntityOfPage":{"@id":"https:\/\/www.meydan.tv\/az\/article\/qarabagda-savas-kime-serf-edir\/"},"wordCount":1312,"publisher":{"@id":"https:\/\/www.meydan.tv\/az\/#organization"},"image":{"@id":"https:\/\/www.meydan.tv\/az\/article\/qarabagda-savas-kime-serf-edir\/#primaryimage"},"thumbnailUrl":"https:\/\/www.meydan.tv\/wp-content\/uploads\/20173.jpg","articleSection":["Analitika"],"inLanguage":"az"},{"@type":"WebPage","@id":"https:\/\/www.meydan.tv\/az\/article\/qarabagda-savas-kime-serf-edir\/","url":"https:\/\/www.meydan.tv\/az\/article\/qarabagda-savas-kime-serf-edir\/","name":"Qaraba\u011fda sava\u015f kim\u0259 s\u0259rf edir? - MEYDAN.TV","isPartOf":{"@id":"https:\/\/www.meydan.tv\/az\/#website"},"primaryImageOfPage":{"@id":"https:\/\/www.meydan.tv\/az\/article\/qarabagda-savas-kime-serf-edir\/#primaryimage"},"image":{"@id":"https:\/\/www.meydan.tv\/az\/article\/qarabagda-savas-kime-serf-edir\/#primaryimage"},"thumbnailUrl":"https:\/\/www.meydan.tv\/wp-content\/uploads\/20173.jpg","datePublished":"2016-04-04T16:53:03+00:00","breadcrumb":{"@id":"https:\/\/www.meydan.tv\/az\/article\/qarabagda-savas-kime-serf-edir\/#breadcrumb"},"inLanguage":"az","potentialAction":[{"@type":"ReadAction","target":["https:\/\/www.meydan.tv\/az\/article\/qarabagda-savas-kime-serf-edir\/"]}]},{"@type":"ImageObject","inLanguage":"az","@id":"https:\/\/www.meydan.tv\/az\/article\/qarabagda-savas-kime-serf-edir\/#primaryimage","url":"https:\/\/www.meydan.tv\/wp-content\/uploads\/20173.jpg","contentUrl":"https:\/\/www.meydan.tv\/wp-content\/uploads\/20173.jpg","width":500,"height":304,"caption":"Source:"},{"@type":"BreadcrumbList","@id":"https:\/\/www.meydan.tv\/az\/article\/qarabagda-savas-kime-serf-edir\/#breadcrumb","itemListElement":[{"@type":"ListItem","position":1,"name":"Ana s\u0259hif\u0259","item":"https:\/\/www.meydan.tv\/az\/"},{"@type":"ListItem","position":2,"name":"Analitika","item":"https:\/\/www.meydan.tv\/az\/section\/analitika\/"},{"@type":"ListItem","position":3,"name":"Qaraba\u011fda sava\u015f kim\u0259 s\u0259rf edir?"}]},{"@type":"WebSite","@id":"https:\/\/www.meydan.tv\/az\/#website","url":"https:\/\/www.meydan.tv\/az\/","name":"MEYDAN.TV","description":"Meydan TV Az\u0259rbaycan\u0131n media m\u0259kan\u0131ndak\u0131 alternativ s\u0259sidir","publisher":{"@id":"https:\/\/www.meydan.tv\/az\/#organization"},"potentialAction":[{"@type":"SearchAction","target":{"@type":"EntryPoint","urlTemplate":"https:\/\/www.meydan.tv\/az\/?s={search_term_string}"},"query-input":{"@type":"PropertyValueSpecification","valueRequired":true,"valueName":"search_term_string"}}],"inLanguage":"az"},{"@type":"Organization","@id":"https:\/\/www.meydan.tv\/az\/#organization","name":"Meydan TV","url":"https:\/\/www.meydan.tv\/az\/","logo":{"@type":"ImageObject","inLanguage":"az","@id":"https:\/\/www.meydan.tv\/az\/#\/schema\/logo\/image\/","url":"https:\/\/www.meydan.tv\/wp-content\/uploads\/2021\/07\/meydan-logo.svg","contentUrl":"https:\/\/www.meydan.tv\/wp-content\/uploads\/2021\/07\/meydan-logo.svg","width":195,"height":46,"caption":"Meydan TV"},"image":{"@id":"https:\/\/www.meydan.tv\/az\/#\/schema\/logo\/image\/"}},{"@type":"Person","@id":"https:\/\/www.meydan.tv\/az\/#\/schema\/person\/10d11eccf6da3662cf5fdab9806ea91a","name":"user-manager"}]}},"_links":{"self":[{"href":"https:\/\/www.meydan.tv\/az\/wp-json\/wp\/v2\/posts\/174849","targetHints":{"allow":["GET"]}}],"collection":[{"href":"https:\/\/www.meydan.tv\/az\/wp-json\/wp\/v2\/posts"}],"about":[{"href":"https:\/\/www.meydan.tv\/az\/wp-json\/wp\/v2\/types\/post"}],"author":[{"embeddable":true,"href":"https:\/\/www.meydan.tv\/az\/wp-json\/wp\/v2\/users\/11"}],"replies":[{"embeddable":true,"href":"https:\/\/www.meydan.tv\/az\/wp-json\/wp\/v2\/comments?post=174849"}],"version-history":[{"count":0,"href":"https:\/\/www.meydan.tv\/az\/wp-json\/wp\/v2\/posts\/174849\/revisions"}],"wp:featuredmedia":[{"embeddable":true,"href":"https:\/\/www.meydan.tv\/az\/wp-json\/wp\/v2\/media\/53442"}],"wp:attachment":[{"href":"https:\/\/www.meydan.tv\/az\/wp-json\/wp\/v2\/media?parent=174849"}],"wp:term":[{"taxonomy":"category","embeddable":true,"href":"https:\/\/www.meydan.tv\/az\/wp-json\/wp\/v2\/categories?post=174849"},{"taxonomy":"post_tag","embeddable":true,"href":"https:\/\/www.meydan.tv\/az\/wp-json\/wp\/v2\/tags?post=174849"}],"curies":[{"name":"wp","href":"https:\/\/api.w.org\/{rel}","templated":true}]}}