{"id":174843,"date":"2016-04-04T14:56:34","date_gmt":"2016-04-04T14:56:34","guid":{"rendered":"https:\/\/www.meydan.tv\/article\/azerbaycan-ordusu-daha-3-sehid-verdi\/"},"modified":"2016-04-04T14:56:34","modified_gmt":"2016-04-04T14:56:34","slug":"azerbaycan-ordusu-daha-3-sehid-verdi","status":"publish","type":"post","link":"https:\/\/www.meydan.tv\/az\/article\/azerbaycan-ordusu-daha-3-sehid-verdi\/","title":{"rendered":"Az\u0259rbaycan ordusu daha 3 \u015f\u0259hid verdi"},"content":{"rendered":"<figure class=\"wp-block-image size-large\">\n  <img decoding=\"async\" src=\"https:\/\/www.meydan.tv\/az\/53421\/\" alt=\"\" class=\"wp-image-53421\"\/><figcaption><\/figcaption><\/figure>\n<p>\n  <i><br \/>\n    Vaqif D\u0259rgahl\u0131: \u201cSon d\u0259qiq\u0259l\u0259r\u0259 q\u0259d\u0259r olan m\u0259lumata g\u00f6r\u0259, biz he\u00e7 bir m\u00f6vqel\u0259rimizi itirm\u0259mi\u015fik v\u0259 Az\u0259rbaycan Silahl\u0131 Q\u00fcvv\u0259l\u0259ri \u0259m\u0259liyyat \u015f\u0259raitin\u0259 tam n\u0259zar\u0259t edir\u201d<br \/>\n  <\/i>\n<\/p>\n<p>\n  Silahl\u0131 q\u00fcvv\u0259l\u0259rimizin daha 3 h\u0259rbi qulluq\u00e7usu \u015f\u0259hid olub.\n<\/p>\n<p>\n  M\u00fcdafi\u0259 Nazirliyinin m\u0259tbuat xidm\u0259tind\u0259n APA-ya veril\u0259n m\u0259lumata g\u00f6r\u0259, erm\u0259ni t\u0259r\u0259fi itirilmi\u015f m\u00f6vqel\u0259rinin geri qaytar\u0131lmas\u0131 m\u0259qs\u0259dil\u0259 c\u0259bh\u0259nin \u0259sas\u0259n, A\u011fd\u0259r\u0259-T\u0259rt\u0259r v\u0259 Xocav\u0259nd-F\u00fczuli istiqam\u0259tl\u0259rin\u0259 h\u00fccum edir v\u0259 t\u0259mas x\u0259ttin\u0259 yax\u0131n olan ya\u015fay\u0131\u015f m\u0259nt\u0259q\u0259l\u0259rini intensiv sur\u0259td\u0259 at\u0259\u015f\u0259 tutur.\u00a0\u00d6t\u0259n g\u00fcn v\u0259 gec\u0259 \u0259rzind\u0259 apar\u0131lan d\u00f6y\u00fc\u015fl\u0259rd\u0259 erm\u0259nil\u0259r canl\u0131 q\u00fcvv\u0259 v\u0259 h\u0259rbi texnika sar\u0131dan \u00e7oxsayl\u0131 itkil\u0259r\u0259 m\u0259ruz qal\u0131b.\n<\/p>\n<p>\n  M\u00fcdafi\u0259 Nazirliyi erm\u0259nil\u0259rin yeni m\u00f6vqel\u0259r \u0259ld\u0259 etm\u0259l\u0259ri bar\u0259d\u0259 yay\u0131lan m\u0259lumatlara da m\u00fcnasib\u0259t bildirib.\n<\/p>\n<p>\n  Nazirliyin m\u0259tbuat xidm\u0259tinin r\u0259hb\u0259ri Vaqif D\u0259rgahl\u0131 qeyd edib ki, bu bar\u0259d\u0259 yay\u0131lan m\u0259lumatlar yaland\u0131r: \u201cSon d\u0259qiq\u0259l\u0259r\u0259 q\u0259d\u0259r olan m\u0259lumata g\u00f6r\u0259, biz he\u00e7 bir m\u00f6vqel\u0259rimizi itirm\u0259mi\u015fik v\u0259 Az\u0259rbaycan Silahl\u0131 Q\u00fcvv\u0259l\u0259ri \u0259m\u0259liyyat \u015f\u0259raitin\u0259 tam n\u0259zar\u0259t edir\u201d.\n<\/p>\n<p>\n  Erm\u0259nistan\u00a0M\u00fcdafi\u0259 Nazirliyi t\u0259mas x\u0259ttind\u0259 yeni m\u00f6vqel\u0259r \u0259ld\u0259 etdikl\u0259rini a\u00e7\u0131qlay\u0131b.\n<\/p>\n<p>\n  M\u00fcdafi\u0259 Nazirliyinin r\u0259smi m\u0259lumat\u0131na g\u00f6r\u0259,\u00a0Erm\u0259nistan silahl\u0131 q\u00fcvv\u0259l\u0259rinin \u00e7oxlu sayda h\u0259rbi qulluq\u00e7usu &#8211; polkovnik v\u0259 general r\u00fctb\u0259li zabitl\u0259ri d\u0259 z\u0259rb\u0259 n\u0259tic\u0259sind\u0259 \u00f6ld\u00fcr\u00fcl\u00fcb.<br \/>\n  <br \/>\n  M\u00fcdafi\u0259 Nazirliyi bildirir ki, h\u0259yata ke\u00e7iril\u0259n \u0259m\u0259liyyatla ba\u011fl\u0131 video g\u00f6r\u00fcnt\u00fcl\u0259r ictimaiyy\u0259t\u0259 t\u0259qdim olunacaq.<\/p>\n","protected":false},"excerpt":{"rendered":"<p>Vaqif D\u0259rgahl\u0131: \u201cSon d\u0259qiq\u0259l\u0259r\u0259 q\u0259d\u0259r olan m\u0259lumata g\u00f6r\u0259, biz he\u00e7 bir m\u00f6vqel\u0259rimizi itirm\u0259mi\u015fik v\u0259 Az\u0259rbaycan Silahl\u0131 Q\u00fcvv\u0259l\u0259ri \u0259m\u0259liyyat \u015f\u0259raitin\u0259 tam n\u0259zar\u0259t edir\u201d<\/p>\n","protected":false},"author":11,"featured_media":53421,"comment_status":"closed","ping_status":"open","sticky":false,"template":"","format":"standard","meta":{"_acf_changed":false,"_sitemap_exclude":false,"_sitemap_priority":"","_sitemap_frequency":"","footnotes":""},"categories":[51],"tags":[],"class_list":["post-174843","post","type-post","status-publish","format-standard","has-post-thumbnail","hentry","category-analitika","infinite-scroll-item","generate-columns","tablet-grid-50","mobile-grid-100","grid-parent","grid-33","no-featured-image-padding"],"acf":[],"yoast_head":"<!-- This site is optimized with the Yoast SEO plugin v27.5 - https:\/\/yoast.com\/product\/yoast-seo-wordpress\/ -->\n<title>Az\u0259rbaycan ordusu daha 3 \u015f\u0259hid verdi - MEYDAN.TV<\/title>\n<meta name=\"robots\" content=\"index, follow, max-snippet:-1, max-image-preview:large, max-video-preview:-1\" \/>\n<link rel=\"canonical\" href=\"https:\/\/www.meydan.tv\/az\/article\/azerbaycan-ordusu-daha-3-sehid-verdi\/\" \/>\n<meta property=\"og:locale\" content=\"az_AZ\" \/>\n<meta property=\"og:type\" content=\"article\" \/>\n<meta property=\"og:title\" content=\"Az\u0259rbaycan ordusu daha 3 \u015f\u0259hid verdi - MEYDAN.TV\" \/>\n<meta property=\"og:description\" content=\"Vaqif D\u0259rgahl\u0131: \u201cSon d\u0259qiq\u0259l\u0259r\u0259 q\u0259d\u0259r olan m\u0259lumata g\u00f6r\u0259, biz he\u00e7 bir m\u00f6vqel\u0259rimizi itirm\u0259mi\u015fik v\u0259 Az\u0259rbaycan Silahl\u0131 Q\u00fcvv\u0259l\u0259ri \u0259m\u0259liyyat \u015f\u0259raitin\u0259 tam n\u0259zar\u0259t edir\u201d\" \/>\n<meta property=\"og:url\" content=\"https:\/\/www.meydan.tv\/az\/article\/azerbaycan-ordusu-daha-3-sehid-verdi\/\" \/>\n<meta property=\"og:site_name\" content=\"MEYDAN.TV\" \/>\n<meta property=\"article:published_time\" content=\"2016-04-04T14:56:34+00:00\" \/>\n<meta property=\"og:image\" content=\"https:\/\/www.meydan.tv\/wp-content\/uploads\/20162.jpg\" \/>\n\t<meta property=\"og:image:width\" content=\"750\" \/>\n\t<meta property=\"og:image:height\" content=\"561\" \/>\n\t<meta property=\"og:image:type\" content=\"image\/jpeg\" \/>\n<meta name=\"author\" content=\"user-manager\" \/>\n<meta name=\"twitter:card\" content=\"summary_large_image\" \/>\n<script type=\"application\/ld+json\" class=\"yoast-schema-graph\">{\"@context\":\"https:\\\/\\\/schema.org\",\"@graph\":[{\"@type\":\"Article\",\"@id\":\"https:\\\/\\\/www.meydan.tv\\\/az\\\/article\\\/azerbaycan-ordusu-daha-3-sehid-verdi\\\/#article\",\"isPartOf\":{\"@id\":\"https:\\\/\\\/www.meydan.tv\\\/az\\\/article\\\/azerbaycan-ordusu-daha-3-sehid-verdi\\\/\"},\"author\":{\"name\":\"user-manager\",\"@id\":\"https:\\\/\\\/www.meydan.tv\\\/az\\\/#\\\/schema\\\/person\\\/10d11eccf6da3662cf5fdab9806ea91a\"},\"headline\":\"Az\u0259rbaycan ordusu daha 3 \u015f\u0259hid verdi\",\"datePublished\":\"2016-04-04T14:56:34+00:00\",\"mainEntityOfPage\":{\"@id\":\"https:\\\/\\\/www.meydan.tv\\\/az\\\/article\\\/azerbaycan-ordusu-daha-3-sehid-verdi\\\/\"},\"wordCount\":334,\"publisher\":{\"@id\":\"https:\\\/\\\/www.meydan.tv\\\/az\\\/#organization\"},\"image\":{\"@id\":\"https:\\\/\\\/www.meydan.tv\\\/az\\\/article\\\/azerbaycan-ordusu-daha-3-sehid-verdi\\\/#primaryimage\"},\"thumbnailUrl\":\"https:\\\/\\\/www.meydan.tv\\\/wp-content\\\/uploads\\\/20162.jpg\",\"articleSection\":[\"Analitika\"],\"inLanguage\":\"az\"},{\"@type\":\"WebPage\",\"@id\":\"https:\\\/\\\/www.meydan.tv\\\/az\\\/article\\\/azerbaycan-ordusu-daha-3-sehid-verdi\\\/\",\"url\":\"https:\\\/\\\/www.meydan.tv\\\/az\\\/article\\\/azerbaycan-ordusu-daha-3-sehid-verdi\\\/\",\"name\":\"Az\u0259rbaycan ordusu daha 3 \u015f\u0259hid verdi - MEYDAN.TV\",\"isPartOf\":{\"@id\":\"https:\\\/\\\/www.meydan.tv\\\/az\\\/#website\"},\"primaryImageOfPage\":{\"@id\":\"https:\\\/\\\/www.meydan.tv\\\/az\\\/article\\\/azerbaycan-ordusu-daha-3-sehid-verdi\\\/#primaryimage\"},\"image\":{\"@id\":\"https:\\\/\\\/www.meydan.tv\\\/az\\\/article\\\/azerbaycan-ordusu-daha-3-sehid-verdi\\\/#primaryimage\"},\"thumbnailUrl\":\"https:\\\/\\\/www.meydan.tv\\\/wp-content\\\/uploads\\\/20162.jpg\",\"datePublished\":\"2016-04-04T14:56:34+00:00\",\"breadcrumb\":{\"@id\":\"https:\\\/\\\/www.meydan.tv\\\/az\\\/article\\\/azerbaycan-ordusu-daha-3-sehid-verdi\\\/#breadcrumb\"},\"inLanguage\":\"az\",\"potentialAction\":[{\"@type\":\"ReadAction\",\"target\":[\"https:\\\/\\\/www.meydan.tv\\\/az\\\/article\\\/azerbaycan-ordusu-daha-3-sehid-verdi\\\/\"]}]},{\"@type\":\"ImageObject\",\"inLanguage\":\"az\",\"@id\":\"https:\\\/\\\/www.meydan.tv\\\/az\\\/article\\\/azerbaycan-ordusu-daha-3-sehid-verdi\\\/#primaryimage\",\"url\":\"https:\\\/\\\/www.meydan.tv\\\/wp-content\\\/uploads\\\/20162.jpg\",\"contentUrl\":\"https:\\\/\\\/www.meydan.tv\\\/wp-content\\\/uploads\\\/20162.jpg\",\"width\":750,\"height\":561,\"caption\":\"Source:\"},{\"@type\":\"BreadcrumbList\",\"@id\":\"https:\\\/\\\/www.meydan.tv\\\/az\\\/article\\\/azerbaycan-ordusu-daha-3-sehid-verdi\\\/#breadcrumb\",\"itemListElement\":[{\"@type\":\"ListItem\",\"position\":1,\"name\":\"Ana s\u0259hif\u0259\",\"item\":\"https:\\\/\\\/www.meydan.tv\\\/az\\\/\"},{\"@type\":\"ListItem\",\"position\":2,\"name\":\"Analitika\",\"item\":\"https:\\\/\\\/www.meydan.tv\\\/az\\\/section\\\/analitika\\\/\"},{\"@type\":\"ListItem\",\"position\":3,\"name\":\"Az\u0259rbaycan ordusu daha 3 \u015f\u0259hid verdi\"}]},{\"@type\":\"WebSite\",\"@id\":\"https:\\\/\\\/www.meydan.tv\\\/az\\\/#website\",\"url\":\"https:\\\/\\\/www.meydan.tv\\\/az\\\/\",\"name\":\"MEYDAN.TV\",\"description\":\"Meydan TV Az\u0259rbaycan\u0131n media m\u0259kan\u0131ndak\u0131 alternativ s\u0259sidir\",\"publisher\":{\"@id\":\"https:\\\/\\\/www.meydan.tv\\\/az\\\/#organization\"},\"potentialAction\":[{\"@type\":\"SearchAction\",\"target\":{\"@type\":\"EntryPoint\",\"urlTemplate\":\"https:\\\/\\\/www.meydan.tv\\\/az\\\/?s={search_term_string}\"},\"query-input\":{\"@type\":\"PropertyValueSpecification\",\"valueRequired\":true,\"valueName\":\"search_term_string\"}}],\"inLanguage\":\"az\"},{\"@type\":\"Organization\",\"@id\":\"https:\\\/\\\/www.meydan.tv\\\/az\\\/#organization\",\"name\":\"Meydan TV\",\"url\":\"https:\\\/\\\/www.meydan.tv\\\/az\\\/\",\"logo\":{\"@type\":\"ImageObject\",\"inLanguage\":\"az\",\"@id\":\"https:\\\/\\\/www.meydan.tv\\\/az\\\/#\\\/schema\\\/logo\\\/image\\\/\",\"url\":\"https:\\\/\\\/www.meydan.tv\\\/wp-content\\\/uploads\\\/2021\\\/07\\\/meydan-logo.svg\",\"contentUrl\":\"https:\\\/\\\/www.meydan.tv\\\/wp-content\\\/uploads\\\/2021\\\/07\\\/meydan-logo.svg\",\"width\":195,\"height\":46,\"caption\":\"Meydan TV\"},\"image\":{\"@id\":\"https:\\\/\\\/www.meydan.tv\\\/az\\\/#\\\/schema\\\/logo\\\/image\\\/\"}},{\"@type\":\"Person\",\"@id\":\"https:\\\/\\\/www.meydan.tv\\\/az\\\/#\\\/schema\\\/person\\\/10d11eccf6da3662cf5fdab9806ea91a\",\"name\":\"user-manager\"}]}<\/script>\n<!-- \/ Yoast SEO plugin. -->","yoast_head_json":{"title":"Az\u0259rbaycan ordusu daha 3 \u015f\u0259hid verdi - MEYDAN.TV","robots":{"index":"index","follow":"follow","max-snippet":"max-snippet:-1","max-image-preview":"max-image-preview:large","max-video-preview":"max-video-preview:-1"},"canonical":"https:\/\/www.meydan.tv\/az\/article\/azerbaycan-ordusu-daha-3-sehid-verdi\/","og_locale":"az_AZ","og_type":"article","og_title":"Az\u0259rbaycan ordusu daha 3 \u015f\u0259hid verdi - MEYDAN.TV","og_description":"Vaqif D\u0259rgahl\u0131: \u201cSon d\u0259qiq\u0259l\u0259r\u0259 q\u0259d\u0259r olan m\u0259lumata g\u00f6r\u0259, biz he\u00e7 bir m\u00f6vqel\u0259rimizi itirm\u0259mi\u015fik v\u0259 Az\u0259rbaycan Silahl\u0131 Q\u00fcvv\u0259l\u0259ri \u0259m\u0259liyyat \u015f\u0259raitin\u0259 tam n\u0259zar\u0259t edir\u201d","og_url":"https:\/\/www.meydan.tv\/az\/article\/azerbaycan-ordusu-daha-3-sehid-verdi\/","og_site_name":"MEYDAN.TV","article_published_time":"2016-04-04T14:56:34+00:00","og_image":[{"width":750,"height":561,"url":"https:\/\/www.meydan.tv\/wp-content\/uploads\/20162.jpg","type":"image\/jpeg"}],"author":"user-manager","twitter_card":"summary_large_image","schema":{"@context":"https:\/\/schema.org","@graph":[{"@type":"Article","@id":"https:\/\/www.meydan.tv\/az\/article\/azerbaycan-ordusu-daha-3-sehid-verdi\/#article","isPartOf":{"@id":"https:\/\/www.meydan.tv\/az\/article\/azerbaycan-ordusu-daha-3-sehid-verdi\/"},"author":{"name":"user-manager","@id":"https:\/\/www.meydan.tv\/az\/#\/schema\/person\/10d11eccf6da3662cf5fdab9806ea91a"},"headline":"Az\u0259rbaycan ordusu daha 3 \u015f\u0259hid verdi","datePublished":"2016-04-04T14:56:34+00:00","mainEntityOfPage":{"@id":"https:\/\/www.meydan.tv\/az\/article\/azerbaycan-ordusu-daha-3-sehid-verdi\/"},"wordCount":334,"publisher":{"@id":"https:\/\/www.meydan.tv\/az\/#organization"},"image":{"@id":"https:\/\/www.meydan.tv\/az\/article\/azerbaycan-ordusu-daha-3-sehid-verdi\/#primaryimage"},"thumbnailUrl":"https:\/\/www.meydan.tv\/wp-content\/uploads\/20162.jpg","articleSection":["Analitika"],"inLanguage":"az"},{"@type":"WebPage","@id":"https:\/\/www.meydan.tv\/az\/article\/azerbaycan-ordusu-daha-3-sehid-verdi\/","url":"https:\/\/www.meydan.tv\/az\/article\/azerbaycan-ordusu-daha-3-sehid-verdi\/","name":"Az\u0259rbaycan ordusu daha 3 \u015f\u0259hid verdi - MEYDAN.TV","isPartOf":{"@id":"https:\/\/www.meydan.tv\/az\/#website"},"primaryImageOfPage":{"@id":"https:\/\/www.meydan.tv\/az\/article\/azerbaycan-ordusu-daha-3-sehid-verdi\/#primaryimage"},"image":{"@id":"https:\/\/www.meydan.tv\/az\/article\/azerbaycan-ordusu-daha-3-sehid-verdi\/#primaryimage"},"thumbnailUrl":"https:\/\/www.meydan.tv\/wp-content\/uploads\/20162.jpg","datePublished":"2016-04-04T14:56:34+00:00","breadcrumb":{"@id":"https:\/\/www.meydan.tv\/az\/article\/azerbaycan-ordusu-daha-3-sehid-verdi\/#breadcrumb"},"inLanguage":"az","potentialAction":[{"@type":"ReadAction","target":["https:\/\/www.meydan.tv\/az\/article\/azerbaycan-ordusu-daha-3-sehid-verdi\/"]}]},{"@type":"ImageObject","inLanguage":"az","@id":"https:\/\/www.meydan.tv\/az\/article\/azerbaycan-ordusu-daha-3-sehid-verdi\/#primaryimage","url":"https:\/\/www.meydan.tv\/wp-content\/uploads\/20162.jpg","contentUrl":"https:\/\/www.meydan.tv\/wp-content\/uploads\/20162.jpg","width":750,"height":561,"caption":"Source:"},{"@type":"BreadcrumbList","@id":"https:\/\/www.meydan.tv\/az\/article\/azerbaycan-ordusu-daha-3-sehid-verdi\/#breadcrumb","itemListElement":[{"@type":"ListItem","position":1,"name":"Ana s\u0259hif\u0259","item":"https:\/\/www.meydan.tv\/az\/"},{"@type":"ListItem","position":2,"name":"Analitika","item":"https:\/\/www.meydan.tv\/az\/section\/analitika\/"},{"@type":"ListItem","position":3,"name":"Az\u0259rbaycan ordusu daha 3 \u015f\u0259hid verdi"}]},{"@type":"WebSite","@id":"https:\/\/www.meydan.tv\/az\/#website","url":"https:\/\/www.meydan.tv\/az\/","name":"MEYDAN.TV","description":"Meydan TV Az\u0259rbaycan\u0131n media m\u0259kan\u0131ndak\u0131 alternativ s\u0259sidir","publisher":{"@id":"https:\/\/www.meydan.tv\/az\/#organization"},"potentialAction":[{"@type":"SearchAction","target":{"@type":"EntryPoint","urlTemplate":"https:\/\/www.meydan.tv\/az\/?s={search_term_string}"},"query-input":{"@type":"PropertyValueSpecification","valueRequired":true,"valueName":"search_term_string"}}],"inLanguage":"az"},{"@type":"Organization","@id":"https:\/\/www.meydan.tv\/az\/#organization","name":"Meydan TV","url":"https:\/\/www.meydan.tv\/az\/","logo":{"@type":"ImageObject","inLanguage":"az","@id":"https:\/\/www.meydan.tv\/az\/#\/schema\/logo\/image\/","url":"https:\/\/www.meydan.tv\/wp-content\/uploads\/2021\/07\/meydan-logo.svg","contentUrl":"https:\/\/www.meydan.tv\/wp-content\/uploads\/2021\/07\/meydan-logo.svg","width":195,"height":46,"caption":"Meydan TV"},"image":{"@id":"https:\/\/www.meydan.tv\/az\/#\/schema\/logo\/image\/"}},{"@type":"Person","@id":"https:\/\/www.meydan.tv\/az\/#\/schema\/person\/10d11eccf6da3662cf5fdab9806ea91a","name":"user-manager"}]}},"_links":{"self":[{"href":"https:\/\/www.meydan.tv\/az\/wp-json\/wp\/v2\/posts\/174843","targetHints":{"allow":["GET"]}}],"collection":[{"href":"https:\/\/www.meydan.tv\/az\/wp-json\/wp\/v2\/posts"}],"about":[{"href":"https:\/\/www.meydan.tv\/az\/wp-json\/wp\/v2\/types\/post"}],"author":[{"embeddable":true,"href":"https:\/\/www.meydan.tv\/az\/wp-json\/wp\/v2\/users\/11"}],"replies":[{"embeddable":true,"href":"https:\/\/www.meydan.tv\/az\/wp-json\/wp\/v2\/comments?post=174843"}],"version-history":[{"count":0,"href":"https:\/\/www.meydan.tv\/az\/wp-json\/wp\/v2\/posts\/174843\/revisions"}],"wp:featuredmedia":[{"embeddable":true,"href":"https:\/\/www.meydan.tv\/az\/wp-json\/wp\/v2\/media\/53421"}],"wp:attachment":[{"href":"https:\/\/www.meydan.tv\/az\/wp-json\/wp\/v2\/media?parent=174843"}],"wp:term":[{"taxonomy":"category","embeddable":true,"href":"https:\/\/www.meydan.tv\/az\/wp-json\/wp\/v2\/categories?post=174843"},{"taxonomy":"post_tag","embeddable":true,"href":"https:\/\/www.meydan.tv\/az\/wp-json\/wp\/v2\/tags?post=174843"}],"curies":[{"name":"wp","href":"https:\/\/api.w.org\/{rel}","templated":true}]}}