{"id":174839,"date":"2016-04-04T04:05:56","date_gmt":"2016-04-04T04:05:56","guid":{"rendered":"https:\/\/www.meydan.tv\/article\/terterde-31-ev-dagilib\/"},"modified":"2016-04-04T04:05:56","modified_gmt":"2016-04-04T04:05:56","slug":"terterde-31-ev-dagilib","status":"publish","type":"post","link":"https:\/\/www.meydan.tv\/az\/article\/terterde-31-ev-dagilib\/","title":{"rendered":"T\u0259rt\u0259rd\u0259 31 ev da\u011f\u0131l\u0131b"},"content":{"rendered":"<figure class=\"wp-block-image size-large\">\n  <img decoding=\"async\" src=\"https:\/\/www.meydan.tv\/az\/arxiv-foto-12\/\" alt=\"Arxiv foto\" class=\"wp-image-53321\"\/><figcaption>\n    Arxiv foto<br \/>\n  <\/figcaption><\/figure>\n<p>\n  &#8220;Erm\u0259nil\u0259rin ya\u015fay\u0131\u015f m\u0259nt\u0259q\u0259l\u0259rini at\u0259\u015f\u0259 tutmas\u0131 n\u0259tic\u0259sind\u0259 m\u00fclki v\u0259t\u0259nda\u015flara m\u0259xsus 31 f\u0259rdi ya\u015fay\u0131\u015f evi da\u011f\u0131d\u0131l\u0131b&#8221;.\n<\/p>\n<p>\n  Bunu &#8220;Report&#8221;a a\u00e7\u0131qlamas\u0131nda T\u0259rt\u0259r rayon icra hakimiyy\u0259tinin ba\u015f\u00e7\u0131s\u0131 M\u00fcst\u0259qim M\u0259mm\u0259dov deyib.\n<\/p>\n<p>\n  O bildirib ki, ziyan d\u0259y\u0259n 15 ya\u015fay\u0131\u015f evi rayonun Qarada\u011fl\u0131 k\u0259ndind\u0259, 2 ya\u015fay\u0131\u015f evi \u015f\u0259h\u0259rin m\u0259rk\u0259zind\u0259, dig\u0259r ya\u015fay\u0131\u015f evl\u0259ri is\u0259 Seyidimli v\u0259 \u015eirxah k\u0259ndl\u0259rind\u0259dir: &#8220;Haz\u0131rda d\u0259ymi\u015f ziyan\u0131n miqdar\u0131 d\u0259qiql\u0259\u015fdirilir&#8221;.\n<\/p>\n<p>\n  <b><br \/>\n    [C\u018fBH\u018f X\u018fTT\u0130ND\u018fN OLAN V\u0130DEOLARI \u0130ZL\u018f]<br \/>\n  <\/b>\n<\/p>\n<p>\n  <a href=\"\/az\/article\/fuzuli-sakinine-tankdan-ates-acilib-video\/\" target=\"_blank\" rel=\"noopener\"><br \/>\n    <b><br \/>\n      F\u00fczuli sakinin\u0259 tankdan at\u0259\u015f a\u00e7\u0131l\u0131b<br \/>\n    <\/b><br \/>\n  <\/a>\n<\/p>\n<p>\n  <a href=\"\/az\/article\/hemise-deyirdi-ki-oz-torpagimizi-ozum-alacam-video\/\" target=\"_blank\" rel=\"noopener\"><br \/>\n    <b><br \/>\n      &#8221;H\u0259mi\u015f\u0259 deyirdi ki, \u00f6z torpa\u011f\u0131m\u0131z\u0131 \u00f6z\u00fcm alacam&#8221;<br \/>\n    <\/b><br \/>\n  <\/a>\n<\/p>\n<p>\n  <a href=\"\/az\/article\/fuzulide-ates-sesleri-video\/\" target=\"_blank\" rel=\"noopener\"><br \/>\n    <b><br \/>\n      F\u00fczulid\u0259 at\u0259\u015f s\u0259sl\u0259ri<br \/>\n    <\/b><br \/>\n  <\/a><\/p>\n","protected":false},"excerpt":{"rendered":"<p>&#8220;Erm\u0259nil\u0259rin ya\u015fay\u0131\u015f m\u0259nt\u0259q\u0259l\u0259rini at\u0259\u015f\u0259 tutmas\u0131 n\u0259tic\u0259sind\u0259 m\u00fclki v\u0259t\u0259nda\u015flara m\u0259xsus 31 f\u0259rdi ya\u015fay\u0131\u015f evi da\u011f\u0131d\u0131l\u0131b&#8221;.<\/p>\n","protected":false},"author":11,"featured_media":53321,"comment_status":"closed","ping_status":"open","sticky":false,"template":"","format":"standard","meta":{"_acf_changed":false,"_sitemap_exclude":false,"_sitemap_priority":"","_sitemap_frequency":"","footnotes":""},"categories":[51],"tags":[],"class_list":["post-174839","post","type-post","status-publish","format-standard","has-post-thumbnail","hentry","category-analitika","infinite-scroll-item","generate-columns","tablet-grid-50","mobile-grid-100","grid-parent","grid-33","no-featured-image-padding"],"acf":[],"yoast_head":"<!-- This site is optimized with the Yoast SEO plugin v27.5 - https:\/\/yoast.com\/product\/yoast-seo-wordpress\/ -->\n<title>T\u0259rt\u0259rd\u0259 31 ev da\u011f\u0131l\u0131b - MEYDAN.TV<\/title>\n<meta name=\"robots\" content=\"index, follow, max-snippet:-1, max-image-preview:large, max-video-preview:-1\" \/>\n<link rel=\"canonical\" href=\"https:\/\/www.meydan.tv\/az\/article\/terterde-31-ev-dagilib\/\" \/>\n<meta property=\"og:locale\" content=\"az_AZ\" \/>\n<meta property=\"og:type\" content=\"article\" \/>\n<meta property=\"og:title\" content=\"T\u0259rt\u0259rd\u0259 31 ev da\u011f\u0131l\u0131b - MEYDAN.TV\" \/>\n<meta property=\"og:description\" content=\"&quot;Erm\u0259nil\u0259rin ya\u015fay\u0131\u015f m\u0259nt\u0259q\u0259l\u0259rini at\u0259\u015f\u0259 tutmas\u0131 n\u0259tic\u0259sind\u0259 m\u00fclki v\u0259t\u0259nda\u015flara m\u0259xsus 31 f\u0259rdi ya\u015fay\u0131\u015f evi da\u011f\u0131d\u0131l\u0131b&quot;.\" \/>\n<meta property=\"og:url\" content=\"https:\/\/www.meydan.tv\/az\/article\/terterde-31-ev-dagilib\/\" \/>\n<meta property=\"og:site_name\" content=\"MEYDAN.TV\" \/>\n<meta property=\"article:published_time\" content=\"2016-04-04T04:05:56+00:00\" \/>\n<meta property=\"og:image\" content=\"https:\/\/www.meydan.tv\/wp-content\/uploads\/20156.jpg\" \/>\n\t<meta property=\"og:image:width\" content=\"700\" \/>\n\t<meta property=\"og:image:height\" content=\"439\" \/>\n\t<meta property=\"og:image:type\" content=\"image\/jpeg\" \/>\n<meta name=\"author\" content=\"user-manager\" \/>\n<meta name=\"twitter:card\" content=\"summary_large_image\" \/>\n<script type=\"application\/ld+json\" class=\"yoast-schema-graph\">{\"@context\":\"https:\\\/\\\/schema.org\",\"@graph\":[{\"@type\":\"Article\",\"@id\":\"https:\\\/\\\/www.meydan.tv\\\/az\\\/article\\\/terterde-31-ev-dagilib\\\/#article\",\"isPartOf\":{\"@id\":\"https:\\\/\\\/www.meydan.tv\\\/az\\\/article\\\/terterde-31-ev-dagilib\\\/\"},\"author\":{\"name\":\"user-manager\",\"@id\":\"https:\\\/\\\/www.meydan.tv\\\/az\\\/#\\\/schema\\\/person\\\/10d11eccf6da3662cf5fdab9806ea91a\"},\"headline\":\"T\u0259rt\u0259rd\u0259 31 ev da\u011f\u0131l\u0131b\",\"datePublished\":\"2016-04-04T04:05:56+00:00\",\"mainEntityOfPage\":{\"@id\":\"https:\\\/\\\/www.meydan.tv\\\/az\\\/article\\\/terterde-31-ev-dagilib\\\/\"},\"wordCount\":145,\"publisher\":{\"@id\":\"https:\\\/\\\/www.meydan.tv\\\/az\\\/#organization\"},\"image\":{\"@id\":\"https:\\\/\\\/www.meydan.tv\\\/az\\\/article\\\/terterde-31-ev-dagilib\\\/#primaryimage\"},\"thumbnailUrl\":\"https:\\\/\\\/www.meydan.tv\\\/wp-content\\\/uploads\\\/20156.jpg\",\"articleSection\":[\"Analitika\"],\"inLanguage\":\"az\"},{\"@type\":\"WebPage\",\"@id\":\"https:\\\/\\\/www.meydan.tv\\\/az\\\/article\\\/terterde-31-ev-dagilib\\\/\",\"url\":\"https:\\\/\\\/www.meydan.tv\\\/az\\\/article\\\/terterde-31-ev-dagilib\\\/\",\"name\":\"T\u0259rt\u0259rd\u0259 31 ev da\u011f\u0131l\u0131b - MEYDAN.TV\",\"isPartOf\":{\"@id\":\"https:\\\/\\\/www.meydan.tv\\\/az\\\/#website\"},\"primaryImageOfPage\":{\"@id\":\"https:\\\/\\\/www.meydan.tv\\\/az\\\/article\\\/terterde-31-ev-dagilib\\\/#primaryimage\"},\"image\":{\"@id\":\"https:\\\/\\\/www.meydan.tv\\\/az\\\/article\\\/terterde-31-ev-dagilib\\\/#primaryimage\"},\"thumbnailUrl\":\"https:\\\/\\\/www.meydan.tv\\\/wp-content\\\/uploads\\\/20156.jpg\",\"datePublished\":\"2016-04-04T04:05:56+00:00\",\"breadcrumb\":{\"@id\":\"https:\\\/\\\/www.meydan.tv\\\/az\\\/article\\\/terterde-31-ev-dagilib\\\/#breadcrumb\"},\"inLanguage\":\"az\",\"potentialAction\":[{\"@type\":\"ReadAction\",\"target\":[\"https:\\\/\\\/www.meydan.tv\\\/az\\\/article\\\/terterde-31-ev-dagilib\\\/\"]}]},{\"@type\":\"ImageObject\",\"inLanguage\":\"az\",\"@id\":\"https:\\\/\\\/www.meydan.tv\\\/az\\\/article\\\/terterde-31-ev-dagilib\\\/#primaryimage\",\"url\":\"https:\\\/\\\/www.meydan.tv\\\/wp-content\\\/uploads\\\/20156.jpg\",\"contentUrl\":\"https:\\\/\\\/www.meydan.tv\\\/wp-content\\\/uploads\\\/20156.jpg\",\"width\":700,\"height\":439,\"caption\":\"Source:\"},{\"@type\":\"BreadcrumbList\",\"@id\":\"https:\\\/\\\/www.meydan.tv\\\/az\\\/article\\\/terterde-31-ev-dagilib\\\/#breadcrumb\",\"itemListElement\":[{\"@type\":\"ListItem\",\"position\":1,\"name\":\"Ana s\u0259hif\u0259\",\"item\":\"https:\\\/\\\/www.meydan.tv\\\/az\\\/\"},{\"@type\":\"ListItem\",\"position\":2,\"name\":\"Analitika\",\"item\":\"https:\\\/\\\/www.meydan.tv\\\/az\\\/section\\\/analitika\\\/\"},{\"@type\":\"ListItem\",\"position\":3,\"name\":\"T\u0259rt\u0259rd\u0259 31 ev da\u011f\u0131l\u0131b\"}]},{\"@type\":\"WebSite\",\"@id\":\"https:\\\/\\\/www.meydan.tv\\\/az\\\/#website\",\"url\":\"https:\\\/\\\/www.meydan.tv\\\/az\\\/\",\"name\":\"MEYDAN.TV\",\"description\":\"Meydan TV Az\u0259rbaycan\u0131n media m\u0259kan\u0131ndak\u0131 alternativ s\u0259sidir\",\"publisher\":{\"@id\":\"https:\\\/\\\/www.meydan.tv\\\/az\\\/#organization\"},\"potentialAction\":[{\"@type\":\"SearchAction\",\"target\":{\"@type\":\"EntryPoint\",\"urlTemplate\":\"https:\\\/\\\/www.meydan.tv\\\/az\\\/?s={search_term_string}\"},\"query-input\":{\"@type\":\"PropertyValueSpecification\",\"valueRequired\":true,\"valueName\":\"search_term_string\"}}],\"inLanguage\":\"az\"},{\"@type\":\"Organization\",\"@id\":\"https:\\\/\\\/www.meydan.tv\\\/az\\\/#organization\",\"name\":\"Meydan TV\",\"url\":\"https:\\\/\\\/www.meydan.tv\\\/az\\\/\",\"logo\":{\"@type\":\"ImageObject\",\"inLanguage\":\"az\",\"@id\":\"https:\\\/\\\/www.meydan.tv\\\/az\\\/#\\\/schema\\\/logo\\\/image\\\/\",\"url\":\"https:\\\/\\\/www.meydan.tv\\\/wp-content\\\/uploads\\\/2021\\\/07\\\/meydan-logo.svg\",\"contentUrl\":\"https:\\\/\\\/www.meydan.tv\\\/wp-content\\\/uploads\\\/2021\\\/07\\\/meydan-logo.svg\",\"width\":195,\"height\":46,\"caption\":\"Meydan TV\"},\"image\":{\"@id\":\"https:\\\/\\\/www.meydan.tv\\\/az\\\/#\\\/schema\\\/logo\\\/image\\\/\"}},{\"@type\":\"Person\",\"@id\":\"https:\\\/\\\/www.meydan.tv\\\/az\\\/#\\\/schema\\\/person\\\/10d11eccf6da3662cf5fdab9806ea91a\",\"name\":\"user-manager\"}]}<\/script>\n<!-- \/ Yoast SEO plugin. -->","yoast_head_json":{"title":"T\u0259rt\u0259rd\u0259 31 ev da\u011f\u0131l\u0131b - MEYDAN.TV","robots":{"index":"index","follow":"follow","max-snippet":"max-snippet:-1","max-image-preview":"max-image-preview:large","max-video-preview":"max-video-preview:-1"},"canonical":"https:\/\/www.meydan.tv\/az\/article\/terterde-31-ev-dagilib\/","og_locale":"az_AZ","og_type":"article","og_title":"T\u0259rt\u0259rd\u0259 31 ev da\u011f\u0131l\u0131b - MEYDAN.TV","og_description":"\"Erm\u0259nil\u0259rin ya\u015fay\u0131\u015f m\u0259nt\u0259q\u0259l\u0259rini at\u0259\u015f\u0259 tutmas\u0131 n\u0259tic\u0259sind\u0259 m\u00fclki v\u0259t\u0259nda\u015flara m\u0259xsus 31 f\u0259rdi ya\u015fay\u0131\u015f evi da\u011f\u0131d\u0131l\u0131b\".","og_url":"https:\/\/www.meydan.tv\/az\/article\/terterde-31-ev-dagilib\/","og_site_name":"MEYDAN.TV","article_published_time":"2016-04-04T04:05:56+00:00","og_image":[{"width":700,"height":439,"url":"https:\/\/www.meydan.tv\/wp-content\/uploads\/20156.jpg","type":"image\/jpeg"}],"author":"user-manager","twitter_card":"summary_large_image","schema":{"@context":"https:\/\/schema.org","@graph":[{"@type":"Article","@id":"https:\/\/www.meydan.tv\/az\/article\/terterde-31-ev-dagilib\/#article","isPartOf":{"@id":"https:\/\/www.meydan.tv\/az\/article\/terterde-31-ev-dagilib\/"},"author":{"name":"user-manager","@id":"https:\/\/www.meydan.tv\/az\/#\/schema\/person\/10d11eccf6da3662cf5fdab9806ea91a"},"headline":"T\u0259rt\u0259rd\u0259 31 ev da\u011f\u0131l\u0131b","datePublished":"2016-04-04T04:05:56+00:00","mainEntityOfPage":{"@id":"https:\/\/www.meydan.tv\/az\/article\/terterde-31-ev-dagilib\/"},"wordCount":145,"publisher":{"@id":"https:\/\/www.meydan.tv\/az\/#organization"},"image":{"@id":"https:\/\/www.meydan.tv\/az\/article\/terterde-31-ev-dagilib\/#primaryimage"},"thumbnailUrl":"https:\/\/www.meydan.tv\/wp-content\/uploads\/20156.jpg","articleSection":["Analitika"],"inLanguage":"az"},{"@type":"WebPage","@id":"https:\/\/www.meydan.tv\/az\/article\/terterde-31-ev-dagilib\/","url":"https:\/\/www.meydan.tv\/az\/article\/terterde-31-ev-dagilib\/","name":"T\u0259rt\u0259rd\u0259 31 ev da\u011f\u0131l\u0131b - MEYDAN.TV","isPartOf":{"@id":"https:\/\/www.meydan.tv\/az\/#website"},"primaryImageOfPage":{"@id":"https:\/\/www.meydan.tv\/az\/article\/terterde-31-ev-dagilib\/#primaryimage"},"image":{"@id":"https:\/\/www.meydan.tv\/az\/article\/terterde-31-ev-dagilib\/#primaryimage"},"thumbnailUrl":"https:\/\/www.meydan.tv\/wp-content\/uploads\/20156.jpg","datePublished":"2016-04-04T04:05:56+00:00","breadcrumb":{"@id":"https:\/\/www.meydan.tv\/az\/article\/terterde-31-ev-dagilib\/#breadcrumb"},"inLanguage":"az","potentialAction":[{"@type":"ReadAction","target":["https:\/\/www.meydan.tv\/az\/article\/terterde-31-ev-dagilib\/"]}]},{"@type":"ImageObject","inLanguage":"az","@id":"https:\/\/www.meydan.tv\/az\/article\/terterde-31-ev-dagilib\/#primaryimage","url":"https:\/\/www.meydan.tv\/wp-content\/uploads\/20156.jpg","contentUrl":"https:\/\/www.meydan.tv\/wp-content\/uploads\/20156.jpg","width":700,"height":439,"caption":"Source:"},{"@type":"BreadcrumbList","@id":"https:\/\/www.meydan.tv\/az\/article\/terterde-31-ev-dagilib\/#breadcrumb","itemListElement":[{"@type":"ListItem","position":1,"name":"Ana s\u0259hif\u0259","item":"https:\/\/www.meydan.tv\/az\/"},{"@type":"ListItem","position":2,"name":"Analitika","item":"https:\/\/www.meydan.tv\/az\/section\/analitika\/"},{"@type":"ListItem","position":3,"name":"T\u0259rt\u0259rd\u0259 31 ev da\u011f\u0131l\u0131b"}]},{"@type":"WebSite","@id":"https:\/\/www.meydan.tv\/az\/#website","url":"https:\/\/www.meydan.tv\/az\/","name":"MEYDAN.TV","description":"Meydan TV Az\u0259rbaycan\u0131n media m\u0259kan\u0131ndak\u0131 alternativ s\u0259sidir","publisher":{"@id":"https:\/\/www.meydan.tv\/az\/#organization"},"potentialAction":[{"@type":"SearchAction","target":{"@type":"EntryPoint","urlTemplate":"https:\/\/www.meydan.tv\/az\/?s={search_term_string}"},"query-input":{"@type":"PropertyValueSpecification","valueRequired":true,"valueName":"search_term_string"}}],"inLanguage":"az"},{"@type":"Organization","@id":"https:\/\/www.meydan.tv\/az\/#organization","name":"Meydan TV","url":"https:\/\/www.meydan.tv\/az\/","logo":{"@type":"ImageObject","inLanguage":"az","@id":"https:\/\/www.meydan.tv\/az\/#\/schema\/logo\/image\/","url":"https:\/\/www.meydan.tv\/wp-content\/uploads\/2021\/07\/meydan-logo.svg","contentUrl":"https:\/\/www.meydan.tv\/wp-content\/uploads\/2021\/07\/meydan-logo.svg","width":195,"height":46,"caption":"Meydan TV"},"image":{"@id":"https:\/\/www.meydan.tv\/az\/#\/schema\/logo\/image\/"}},{"@type":"Person","@id":"https:\/\/www.meydan.tv\/az\/#\/schema\/person\/10d11eccf6da3662cf5fdab9806ea91a","name":"user-manager"}]}},"_links":{"self":[{"href":"https:\/\/www.meydan.tv\/az\/wp-json\/wp\/v2\/posts\/174839","targetHints":{"allow":["GET"]}}],"collection":[{"href":"https:\/\/www.meydan.tv\/az\/wp-json\/wp\/v2\/posts"}],"about":[{"href":"https:\/\/www.meydan.tv\/az\/wp-json\/wp\/v2\/types\/post"}],"author":[{"embeddable":true,"href":"https:\/\/www.meydan.tv\/az\/wp-json\/wp\/v2\/users\/11"}],"replies":[{"embeddable":true,"href":"https:\/\/www.meydan.tv\/az\/wp-json\/wp\/v2\/comments?post=174839"}],"version-history":[{"count":0,"href":"https:\/\/www.meydan.tv\/az\/wp-json\/wp\/v2\/posts\/174839\/revisions"}],"wp:featuredmedia":[{"embeddable":true,"href":"https:\/\/www.meydan.tv\/az\/wp-json\/wp\/v2\/media\/53321"}],"wp:attachment":[{"href":"https:\/\/www.meydan.tv\/az\/wp-json\/wp\/v2\/media?parent=174839"}],"wp:term":[{"taxonomy":"category","embeddable":true,"href":"https:\/\/www.meydan.tv\/az\/wp-json\/wp\/v2\/categories?post=174839"},{"taxonomy":"post_tag","embeddable":true,"href":"https:\/\/www.meydan.tv\/az\/wp-json\/wp\/v2\/tags?post=174839"}],"curies":[{"name":"wp","href":"https:\/\/api.w.org\/{rel}","templated":true}]}}