{"id":174838,"date":"2016-04-04T03:55:19","date_gmt":"2016-04-04T03:55:19","guid":{"rendered":"https:\/\/www.meydan.tv\/article\/mudafie-nazirliyinin-sozcusu-temas-xettinde-gerginlik-davam-edir\/"},"modified":"2016-04-04T03:55:19","modified_gmt":"2016-04-04T03:55:19","slug":"mudafie-nazirliyinin-sozcusu-temas-xettinde-gerginlik-davam-edir","status":"publish","type":"post","link":"https:\/\/www.meydan.tv\/az\/article\/mudafie-nazirliyinin-sozcusu-temas-xettinde-gerginlik-davam-edir\/","title":{"rendered":"M\u00fcdafi\u0259 Nazirliyinin s\u00f6z\u00e7\u00fcs\u00fc: &#8221;T\u0259mas x\u0259ttind\u0259 g\u0259rginlik davam edir&#8221;"},"content":{"rendered":"<figure class=\"wp-block-image size-large\">\n  <img decoding=\"async\" src=\"https:\/\/www.meydan.tv\/az\/53141\/\" alt=\"\" class=\"wp-image-53141\"\/><figcaption><\/figcaption><\/figure>\n<p>\n  Haz\u0131rda Az\u0259rbaycan Erm\u0259nistan qo\u015funlar\u0131n\u0131n t\u0259mas x\u0259ttind\u0259 g\u0259rginlik davam edir.<\/p>\n<p>  Bunu APA-ya a\u00e7\u0131qlamas\u0131nda Az\u0259rbaycan M\u00fcdafi\u0259 Nazirliyi m\u0259tbuat xidm\u0259tinin r\u0259hb\u0259ri Vaqif D\u0259rgahl\u0131 deyib.<\/p>\n<p>  V. D\u0259rgahl\u0131 qeyd edib ki, haz\u0131rda c\u0259bh\u0259nin T\u0259rt\u0259r-A\u011fd\u0259r\u0259 v\u0259 F\u00fczuli istiqam\u0259tl\u0259rind\u0259 at\u0259\u015fk\u0259s pozulur.<\/p>\n<p>  &#8220;Az\u0259rbaycan Silahl\u0131 Q\u00fcvv\u0259l\u0259ri \u0259m\u0259liyyat \u015f\u0259raitin\u0259 tam n\u0259zar\u0259t edir&#8221; dey\u0259 D\u0259rgahl\u0131 qeyd edib.\n<\/p>\n<p>\n  <b><br \/>\n    [C\u018fBH\u018f X\u018fTT\u0130ND\u018fN OLAN D\u0130G\u018fR X\u018fB\u018fRL\u018fR\u0130 D\u018f OXU]<br \/>\n  <\/b>\n<\/p>\n<p>\n  <a href=\"\/az\/article\/azerbaycan-terefi-eks-hemle-emeliyyatini-dayandirir\/\" target=\"_blank\" rel=\"noopener\"><br \/>\n    <b><br \/>\n      Az\u0259rbaycan t\u0259r\u0259fi \u0259ks-h\u0259ml\u0259 \u0259m\u0259liyyat\u0131n\u0131 dayand\u0131r\u0131r<br \/>\n    <\/b><br \/>\n  <\/a>\n<\/p>\n<p>\n  <a href=\"\/az\/article\/irevanla-minski-arasinda-dagliq-qarabaga-gore-diplomatik-gerginlik-yasanib\/\" target=\"_blank\" rel=\"noopener\"><br \/>\n    <b><br \/>\n      \u0130r\u0259vanla Minski aras\u0131nda Da\u011fl\u0131q Qaraba\u011fa g\u00f6r\u0259 diplomatik g\u0259rginlik ya\u015fan\u0131b<br \/>\n    <\/b><br \/>\n  <\/a>\n<\/p>\n<p>\n  <a href=\"\/az\/article\/ermenilerin-atdigi-top-mermilerinden-3-u-iran-erazisine-dusub\/\" target=\"_blank\" rel=\"noopener\"><br \/>\n    <b><br \/>\n      Erm\u0259nil\u0259rin atd\u0131\u011f\u0131 top m\u0259rmil\u0259rind\u0259n 3-\u00fc \u0130ran \u0259razisin\u0259 d\u00fc\u015f\u00fcb<br \/>\n    <\/b><br \/>\n  <\/a><\/p>\n","protected":false},"excerpt":{"rendered":"<p>Haz\u0131rda Az\u0259rbaycan Erm\u0259nistan qo\u015funlar\u0131n\u0131n t\u0259mas x\u0259ttind\u0259 g\u0259rginlik davam edir.<\/p>\n","protected":false},"author":11,"featured_media":53141,"comment_status":"closed","ping_status":"open","sticky":false,"template":"","format":"standard","meta":{"_acf_changed":false,"_sitemap_exclude":false,"_sitemap_priority":"","_sitemap_frequency":"","footnotes":""},"categories":[51],"tags":[],"class_list":["post-174838","post","type-post","status-publish","format-standard","has-post-thumbnail","hentry","category-analitika","infinite-scroll-item","generate-columns","tablet-grid-50","mobile-grid-100","grid-parent","grid-33","no-featured-image-padding"],"acf":[],"yoast_head":"<!-- This site is optimized with the Yoast SEO plugin v27.5 - https:\/\/yoast.com\/product\/yoast-seo-wordpress\/ -->\n<title>M\u00fcdafi\u0259 Nazirliyinin s\u00f6z\u00e7\u00fcs\u00fc: &#039;&#039;T\u0259mas x\u0259ttind\u0259 g\u0259rginlik davam edir&#039;&#039; - MEYDAN.TV<\/title>\n<meta name=\"robots\" content=\"index, follow, max-snippet:-1, max-image-preview:large, max-video-preview:-1\" \/>\n<link rel=\"canonical\" href=\"https:\/\/www.meydan.tv\/az\/article\/mudafie-nazirliyinin-sozcusu-temas-xettinde-gerginlik-davam-edir\/\" \/>\n<meta property=\"og:locale\" content=\"az_AZ\" \/>\n<meta property=\"og:type\" content=\"article\" \/>\n<meta property=\"og:title\" content=\"M\u00fcdafi\u0259 Nazirliyinin s\u00f6z\u00e7\u00fcs\u00fc: &#039;&#039;T\u0259mas x\u0259ttind\u0259 g\u0259rginlik davam edir&#039;&#039; - MEYDAN.TV\" \/>\n<meta property=\"og:description\" content=\"Haz\u0131rda Az\u0259rbaycan Erm\u0259nistan qo\u015funlar\u0131n\u0131n t\u0259mas x\u0259ttind\u0259 g\u0259rginlik davam edir.\" \/>\n<meta property=\"og:url\" content=\"https:\/\/www.meydan.tv\/az\/article\/mudafie-nazirliyinin-sozcusu-temas-xettinde-gerginlik-davam-edir\/\" \/>\n<meta property=\"og:site_name\" content=\"MEYDAN.TV\" \/>\n<meta property=\"article:published_time\" content=\"2016-04-04T03:55:19+00:00\" \/>\n<meta property=\"og:image\" content=\"https:\/\/www.meydan.tv\/wp-content\/uploads\/20074.jpg\" \/>\n\t<meta property=\"og:image:width\" content=\"750\" \/>\n\t<meta property=\"og:image:height\" content=\"561\" \/>\n\t<meta property=\"og:image:type\" content=\"image\/jpeg\" \/>\n<meta name=\"author\" content=\"user-manager\" \/>\n<meta name=\"twitter:card\" content=\"summary_large_image\" \/>\n<script type=\"application\/ld+json\" class=\"yoast-schema-graph\">{\"@context\":\"https:\\\/\\\/schema.org\",\"@graph\":[{\"@type\":\"Article\",\"@id\":\"https:\\\/\\\/www.meydan.tv\\\/az\\\/article\\\/mudafie-nazirliyinin-sozcusu-temas-xettinde-gerginlik-davam-edir\\\/#article\",\"isPartOf\":{\"@id\":\"https:\\\/\\\/www.meydan.tv\\\/az\\\/article\\\/mudafie-nazirliyinin-sozcusu-temas-xettinde-gerginlik-davam-edir\\\/\"},\"author\":{\"name\":\"user-manager\",\"@id\":\"https:\\\/\\\/www.meydan.tv\\\/az\\\/#\\\/schema\\\/person\\\/10d11eccf6da3662cf5fdab9806ea91a\"},\"headline\":\"M\u00fcdafi\u0259 Nazirliyinin s\u00f6z\u00e7\u00fcs\u00fc: &#8221;T\u0259mas x\u0259ttind\u0259 g\u0259rginlik davam edir&#8221;\",\"datePublished\":\"2016-04-04T03:55:19+00:00\",\"mainEntityOfPage\":{\"@id\":\"https:\\\/\\\/www.meydan.tv\\\/az\\\/article\\\/mudafie-nazirliyinin-sozcusu-temas-xettinde-gerginlik-davam-edir\\\/\"},\"wordCount\":160,\"publisher\":{\"@id\":\"https:\\\/\\\/www.meydan.tv\\\/az\\\/#organization\"},\"image\":{\"@id\":\"https:\\\/\\\/www.meydan.tv\\\/az\\\/article\\\/mudafie-nazirliyinin-sozcusu-temas-xettinde-gerginlik-davam-edir\\\/#primaryimage\"},\"thumbnailUrl\":\"https:\\\/\\\/www.meydan.tv\\\/wp-content\\\/uploads\\\/20074.jpg\",\"articleSection\":[\"Analitika\"],\"inLanguage\":\"az\"},{\"@type\":\"WebPage\",\"@id\":\"https:\\\/\\\/www.meydan.tv\\\/az\\\/article\\\/mudafie-nazirliyinin-sozcusu-temas-xettinde-gerginlik-davam-edir\\\/\",\"url\":\"https:\\\/\\\/www.meydan.tv\\\/az\\\/article\\\/mudafie-nazirliyinin-sozcusu-temas-xettinde-gerginlik-davam-edir\\\/\",\"name\":\"M\u00fcdafi\u0259 Nazirliyinin s\u00f6z\u00e7\u00fcs\u00fc: ''T\u0259mas x\u0259ttind\u0259 g\u0259rginlik davam edir'' - MEYDAN.TV\",\"isPartOf\":{\"@id\":\"https:\\\/\\\/www.meydan.tv\\\/az\\\/#website\"},\"primaryImageOfPage\":{\"@id\":\"https:\\\/\\\/www.meydan.tv\\\/az\\\/article\\\/mudafie-nazirliyinin-sozcusu-temas-xettinde-gerginlik-davam-edir\\\/#primaryimage\"},\"image\":{\"@id\":\"https:\\\/\\\/www.meydan.tv\\\/az\\\/article\\\/mudafie-nazirliyinin-sozcusu-temas-xettinde-gerginlik-davam-edir\\\/#primaryimage\"},\"thumbnailUrl\":\"https:\\\/\\\/www.meydan.tv\\\/wp-content\\\/uploads\\\/20074.jpg\",\"datePublished\":\"2016-04-04T03:55:19+00:00\",\"breadcrumb\":{\"@id\":\"https:\\\/\\\/www.meydan.tv\\\/az\\\/article\\\/mudafie-nazirliyinin-sozcusu-temas-xettinde-gerginlik-davam-edir\\\/#breadcrumb\"},\"inLanguage\":\"az\",\"potentialAction\":[{\"@type\":\"ReadAction\",\"target\":[\"https:\\\/\\\/www.meydan.tv\\\/az\\\/article\\\/mudafie-nazirliyinin-sozcusu-temas-xettinde-gerginlik-davam-edir\\\/\"]}]},{\"@type\":\"ImageObject\",\"inLanguage\":\"az\",\"@id\":\"https:\\\/\\\/www.meydan.tv\\\/az\\\/article\\\/mudafie-nazirliyinin-sozcusu-temas-xettinde-gerginlik-davam-edir\\\/#primaryimage\",\"url\":\"https:\\\/\\\/www.meydan.tv\\\/wp-content\\\/uploads\\\/20074.jpg\",\"contentUrl\":\"https:\\\/\\\/www.meydan.tv\\\/wp-content\\\/uploads\\\/20074.jpg\",\"width\":750,\"height\":561,\"caption\":\"Source:\"},{\"@type\":\"BreadcrumbList\",\"@id\":\"https:\\\/\\\/www.meydan.tv\\\/az\\\/article\\\/mudafie-nazirliyinin-sozcusu-temas-xettinde-gerginlik-davam-edir\\\/#breadcrumb\",\"itemListElement\":[{\"@type\":\"ListItem\",\"position\":1,\"name\":\"Ana s\u0259hif\u0259\",\"item\":\"https:\\\/\\\/www.meydan.tv\\\/az\\\/\"},{\"@type\":\"ListItem\",\"position\":2,\"name\":\"Analitika\",\"item\":\"https:\\\/\\\/www.meydan.tv\\\/az\\\/section\\\/analitika\\\/\"},{\"@type\":\"ListItem\",\"position\":3,\"name\":\"M\u00fcdafi\u0259 Nazirliyinin s\u00f6z\u00e7\u00fcs\u00fc: &#8221;T\u0259mas x\u0259ttind\u0259 g\u0259rginlik davam edir&#8221;\"}]},{\"@type\":\"WebSite\",\"@id\":\"https:\\\/\\\/www.meydan.tv\\\/az\\\/#website\",\"url\":\"https:\\\/\\\/www.meydan.tv\\\/az\\\/\",\"name\":\"MEYDAN.TV\",\"description\":\"Meydan TV Az\u0259rbaycan\u0131n media m\u0259kan\u0131ndak\u0131 alternativ s\u0259sidir\",\"publisher\":{\"@id\":\"https:\\\/\\\/www.meydan.tv\\\/az\\\/#organization\"},\"potentialAction\":[{\"@type\":\"SearchAction\",\"target\":{\"@type\":\"EntryPoint\",\"urlTemplate\":\"https:\\\/\\\/www.meydan.tv\\\/az\\\/?s={search_term_string}\"},\"query-input\":{\"@type\":\"PropertyValueSpecification\",\"valueRequired\":true,\"valueName\":\"search_term_string\"}}],\"inLanguage\":\"az\"},{\"@type\":\"Organization\",\"@id\":\"https:\\\/\\\/www.meydan.tv\\\/az\\\/#organization\",\"name\":\"Meydan TV\",\"url\":\"https:\\\/\\\/www.meydan.tv\\\/az\\\/\",\"logo\":{\"@type\":\"ImageObject\",\"inLanguage\":\"az\",\"@id\":\"https:\\\/\\\/www.meydan.tv\\\/az\\\/#\\\/schema\\\/logo\\\/image\\\/\",\"url\":\"https:\\\/\\\/www.meydan.tv\\\/wp-content\\\/uploads\\\/2021\\\/07\\\/meydan-logo.svg\",\"contentUrl\":\"https:\\\/\\\/www.meydan.tv\\\/wp-content\\\/uploads\\\/2021\\\/07\\\/meydan-logo.svg\",\"width\":195,\"height\":46,\"caption\":\"Meydan TV\"},\"image\":{\"@id\":\"https:\\\/\\\/www.meydan.tv\\\/az\\\/#\\\/schema\\\/logo\\\/image\\\/\"}},{\"@type\":\"Person\",\"@id\":\"https:\\\/\\\/www.meydan.tv\\\/az\\\/#\\\/schema\\\/person\\\/10d11eccf6da3662cf5fdab9806ea91a\",\"name\":\"user-manager\"}]}<\/script>\n<!-- \/ Yoast SEO plugin. -->","yoast_head_json":{"title":"M\u00fcdafi\u0259 Nazirliyinin s\u00f6z\u00e7\u00fcs\u00fc: ''T\u0259mas x\u0259ttind\u0259 g\u0259rginlik davam edir'' - MEYDAN.TV","robots":{"index":"index","follow":"follow","max-snippet":"max-snippet:-1","max-image-preview":"max-image-preview:large","max-video-preview":"max-video-preview:-1"},"canonical":"https:\/\/www.meydan.tv\/az\/article\/mudafie-nazirliyinin-sozcusu-temas-xettinde-gerginlik-davam-edir\/","og_locale":"az_AZ","og_type":"article","og_title":"M\u00fcdafi\u0259 Nazirliyinin s\u00f6z\u00e7\u00fcs\u00fc: ''T\u0259mas x\u0259ttind\u0259 g\u0259rginlik davam edir'' - MEYDAN.TV","og_description":"Haz\u0131rda Az\u0259rbaycan Erm\u0259nistan qo\u015funlar\u0131n\u0131n t\u0259mas x\u0259ttind\u0259 g\u0259rginlik davam edir.","og_url":"https:\/\/www.meydan.tv\/az\/article\/mudafie-nazirliyinin-sozcusu-temas-xettinde-gerginlik-davam-edir\/","og_site_name":"MEYDAN.TV","article_published_time":"2016-04-04T03:55:19+00:00","og_image":[{"width":750,"height":561,"url":"https:\/\/www.meydan.tv\/wp-content\/uploads\/20074.jpg","type":"image\/jpeg"}],"author":"user-manager","twitter_card":"summary_large_image","schema":{"@context":"https:\/\/schema.org","@graph":[{"@type":"Article","@id":"https:\/\/www.meydan.tv\/az\/article\/mudafie-nazirliyinin-sozcusu-temas-xettinde-gerginlik-davam-edir\/#article","isPartOf":{"@id":"https:\/\/www.meydan.tv\/az\/article\/mudafie-nazirliyinin-sozcusu-temas-xettinde-gerginlik-davam-edir\/"},"author":{"name":"user-manager","@id":"https:\/\/www.meydan.tv\/az\/#\/schema\/person\/10d11eccf6da3662cf5fdab9806ea91a"},"headline":"M\u00fcdafi\u0259 Nazirliyinin s\u00f6z\u00e7\u00fcs\u00fc: &#8221;T\u0259mas x\u0259ttind\u0259 g\u0259rginlik davam edir&#8221;","datePublished":"2016-04-04T03:55:19+00:00","mainEntityOfPage":{"@id":"https:\/\/www.meydan.tv\/az\/article\/mudafie-nazirliyinin-sozcusu-temas-xettinde-gerginlik-davam-edir\/"},"wordCount":160,"publisher":{"@id":"https:\/\/www.meydan.tv\/az\/#organization"},"image":{"@id":"https:\/\/www.meydan.tv\/az\/article\/mudafie-nazirliyinin-sozcusu-temas-xettinde-gerginlik-davam-edir\/#primaryimage"},"thumbnailUrl":"https:\/\/www.meydan.tv\/wp-content\/uploads\/20074.jpg","articleSection":["Analitika"],"inLanguage":"az"},{"@type":"WebPage","@id":"https:\/\/www.meydan.tv\/az\/article\/mudafie-nazirliyinin-sozcusu-temas-xettinde-gerginlik-davam-edir\/","url":"https:\/\/www.meydan.tv\/az\/article\/mudafie-nazirliyinin-sozcusu-temas-xettinde-gerginlik-davam-edir\/","name":"M\u00fcdafi\u0259 Nazirliyinin s\u00f6z\u00e7\u00fcs\u00fc: ''T\u0259mas x\u0259ttind\u0259 g\u0259rginlik davam edir'' - MEYDAN.TV","isPartOf":{"@id":"https:\/\/www.meydan.tv\/az\/#website"},"primaryImageOfPage":{"@id":"https:\/\/www.meydan.tv\/az\/article\/mudafie-nazirliyinin-sozcusu-temas-xettinde-gerginlik-davam-edir\/#primaryimage"},"image":{"@id":"https:\/\/www.meydan.tv\/az\/article\/mudafie-nazirliyinin-sozcusu-temas-xettinde-gerginlik-davam-edir\/#primaryimage"},"thumbnailUrl":"https:\/\/www.meydan.tv\/wp-content\/uploads\/20074.jpg","datePublished":"2016-04-04T03:55:19+00:00","breadcrumb":{"@id":"https:\/\/www.meydan.tv\/az\/article\/mudafie-nazirliyinin-sozcusu-temas-xettinde-gerginlik-davam-edir\/#breadcrumb"},"inLanguage":"az","potentialAction":[{"@type":"ReadAction","target":["https:\/\/www.meydan.tv\/az\/article\/mudafie-nazirliyinin-sozcusu-temas-xettinde-gerginlik-davam-edir\/"]}]},{"@type":"ImageObject","inLanguage":"az","@id":"https:\/\/www.meydan.tv\/az\/article\/mudafie-nazirliyinin-sozcusu-temas-xettinde-gerginlik-davam-edir\/#primaryimage","url":"https:\/\/www.meydan.tv\/wp-content\/uploads\/20074.jpg","contentUrl":"https:\/\/www.meydan.tv\/wp-content\/uploads\/20074.jpg","width":750,"height":561,"caption":"Source:"},{"@type":"BreadcrumbList","@id":"https:\/\/www.meydan.tv\/az\/article\/mudafie-nazirliyinin-sozcusu-temas-xettinde-gerginlik-davam-edir\/#breadcrumb","itemListElement":[{"@type":"ListItem","position":1,"name":"Ana s\u0259hif\u0259","item":"https:\/\/www.meydan.tv\/az\/"},{"@type":"ListItem","position":2,"name":"Analitika","item":"https:\/\/www.meydan.tv\/az\/section\/analitika\/"},{"@type":"ListItem","position":3,"name":"M\u00fcdafi\u0259 Nazirliyinin s\u00f6z\u00e7\u00fcs\u00fc: &#8221;T\u0259mas x\u0259ttind\u0259 g\u0259rginlik davam edir&#8221;"}]},{"@type":"WebSite","@id":"https:\/\/www.meydan.tv\/az\/#website","url":"https:\/\/www.meydan.tv\/az\/","name":"MEYDAN.TV","description":"Meydan TV Az\u0259rbaycan\u0131n media m\u0259kan\u0131ndak\u0131 alternativ s\u0259sidir","publisher":{"@id":"https:\/\/www.meydan.tv\/az\/#organization"},"potentialAction":[{"@type":"SearchAction","target":{"@type":"EntryPoint","urlTemplate":"https:\/\/www.meydan.tv\/az\/?s={search_term_string}"},"query-input":{"@type":"PropertyValueSpecification","valueRequired":true,"valueName":"search_term_string"}}],"inLanguage":"az"},{"@type":"Organization","@id":"https:\/\/www.meydan.tv\/az\/#organization","name":"Meydan TV","url":"https:\/\/www.meydan.tv\/az\/","logo":{"@type":"ImageObject","inLanguage":"az","@id":"https:\/\/www.meydan.tv\/az\/#\/schema\/logo\/image\/","url":"https:\/\/www.meydan.tv\/wp-content\/uploads\/2021\/07\/meydan-logo.svg","contentUrl":"https:\/\/www.meydan.tv\/wp-content\/uploads\/2021\/07\/meydan-logo.svg","width":195,"height":46,"caption":"Meydan TV"},"image":{"@id":"https:\/\/www.meydan.tv\/az\/#\/schema\/logo\/image\/"}},{"@type":"Person","@id":"https:\/\/www.meydan.tv\/az\/#\/schema\/person\/10d11eccf6da3662cf5fdab9806ea91a","name":"user-manager"}]}},"_links":{"self":[{"href":"https:\/\/www.meydan.tv\/az\/wp-json\/wp\/v2\/posts\/174838","targetHints":{"allow":["GET"]}}],"collection":[{"href":"https:\/\/www.meydan.tv\/az\/wp-json\/wp\/v2\/posts"}],"about":[{"href":"https:\/\/www.meydan.tv\/az\/wp-json\/wp\/v2\/types\/post"}],"author":[{"embeddable":true,"href":"https:\/\/www.meydan.tv\/az\/wp-json\/wp\/v2\/users\/11"}],"replies":[{"embeddable":true,"href":"https:\/\/www.meydan.tv\/az\/wp-json\/wp\/v2\/comments?post=174838"}],"version-history":[{"count":0,"href":"https:\/\/www.meydan.tv\/az\/wp-json\/wp\/v2\/posts\/174838\/revisions"}],"wp:featuredmedia":[{"embeddable":true,"href":"https:\/\/www.meydan.tv\/az\/wp-json\/wp\/v2\/media\/53141"}],"wp:attachment":[{"href":"https:\/\/www.meydan.tv\/az\/wp-json\/wp\/v2\/media?parent=174838"}],"wp:term":[{"taxonomy":"category","embeddable":true,"href":"https:\/\/www.meydan.tv\/az\/wp-json\/wp\/v2\/categories?post=174838"},{"taxonomy":"post_tag","embeddable":true,"href":"https:\/\/www.meydan.tv\/az\/wp-json\/wp\/v2\/tags?post=174838"}],"curies":[{"name":"wp","href":"https:\/\/api.w.org\/{rel}","templated":true}]}}