{"id":174815,"date":"2016-04-03T17:56:52","date_gmt":"2016-04-03T17:56:52","guid":{"rendered":"https:\/\/www.meydan.tv\/article\/dovlet-maraqlarini-temsil-eden-jurnalist\/"},"modified":"2016-04-03T17:56:52","modified_gmt":"2016-04-03T17:56:52","slug":"dovlet-maraqlarini-temsil-eden-jurnalist","status":"publish","type":"post","link":"https:\/\/www.meydan.tv\/az\/article\/dovlet-maraqlarini-temsil-eden-jurnalist\/","title":{"rendered":"D\u00f6vl\u0259t maraqlar\u0131n\u0131 t\u0259msil ed\u0259n jurnalist"},"content":{"rendered":"<figure class=\"wp-block-image size-large\">\n  <img decoding=\"async\" src=\"https:\/\/www.meydan.tv\/az\/53345\/\" alt=\"\" class=\"wp-image-53345\"\/><figcaption><\/figcaption><\/figure>\n<figure class=\"wp-block-image size-large\">\n  <img decoding=\"async\" src=\"https:\/\/www.meydan.tv\/az\/53342\/\" alt=\"\" class=\"wp-image-53342\"\/><figcaption><\/figcaption><\/figure>\n<p>\n  Qaraba\u011fda ba\u015flayan sava\u015flar\u0131n n\u0259 q\u0259d\u0259r s\u00fcr\u0259c\u0259yini, hans\u0131 tempd\u0259, hans\u0131 itkil\u0259rl\u0259 davam ed\u0259c\u0259yini, n\u0259tic\u0259sinin nec\u0259 olaca\u011f\u0131n\u0131 qabaqcadan proqnozla\u015fd\u0131rmaq olduqca \u00e7\u0259tindir. Mediaya d\u00fc\u015f\u0259n, bu olaylar\u0131 t\u0259r\u0259fsiz, q\u0259r\u0259zsiz, m\u00fcmk\u00fcn q\u0259d\u0259r soyuqqanl\u0131 \u015f\u0259kild\u0259 i\u015f\u0131qland\u0131rmaq, bu m\u00fcr\u0259kk\u0259b, h\u0259ssas g\u00fcnl\u0259rd\u0259 x\u0259b\u0259r\u0259 susayan, x\u0259b\u0259r \u00fc\u00e7\u00fcn al\u0131\u015f\u0131b-yanan insanlara d\u00fczg\u00fcn informasiya verm\u0259kdir.\n<\/p>\n<p>\n  El\u0259 sava\u015f ba\u015flayan g\u00fcn d\u0259, insanlar\u0131m\u0131zda jurnalistikaya, jurnalistl\u0259r\u0259 qar\u015f\u0131 x\u00fcsusi iddialar, x\u00fcsusi ittihamlar ba\u015flad\u0131. Sosial \u015f\u0259b\u0259k\u0259l\u0259rd\u0259 trend fikirl\u0259rd\u0259n biri d\u0259 \u201cjurnalistl\u0259r bu h\u0259ssas anda d\u00f6vl\u0259timizin maraqlar\u0131n\u0131 qorumal\u0131d\u0131r\u201d kimi q\u0259ti t\u0259l\u0259b ovqat\u0131nda bir b\u0259yanatd\u0131r.\n<\/p>\n<p>\n  Bu fikirl\u0259ri onlarla, az qala y\u00fczl\u0259rl\u0259 istifad\u0259\u00e7id\u0259n oxuyandan sonra, anlad\u0131m ki, pe\u015f\u0259kar jurnalistl\u0259r h\u0259m xalqa, h\u0259m d\u0259 jurnalistika il\u0259 m\u0259\u015f\u011ful oldu\u011fu halda, bu sah\u0259nin t\u0259m\u0259l prinsipl\u0259rind\u0259n x\u0259b\u0259rsiz olan, ya da x\u0259b\u0259ri oldu\u011fu halda, \u00f6z\u00fcn\u00fc klounlu\u011fa qoyan b\u0259zi adamlara jurnalistin i\u015finin, missiyas\u0131n\u0131n, \u00f6hd\u0259likl\u0259rinin n\u0259 oldu\u011funu izah etm\u0259lidirl\u0259r.\n<\/p>\n<p>\n  M\u0259ns\u0259, onlar ba\u015flayana q\u0259d\u0259r on ild\u0259 t\u0259cr\u00fcb\u0259md\u0259n, \u00f6yr\u0259n\u0259 bildikl\u0259rimd\u0259n, \u00f6lk\u0259d\u0259 v\u0259 xaricd\u0259 i\u015finin pe\u015f\u0259kar\u0131 olan insanlardan m\u00fctl\u0259q oldu\u011funu e\u015fitdiyim bir ne\u00e7\u0259 m\u0259qam\u0131 yazmaq ist\u0259yir\u0259m.\n<\/p>\n<p>\n  Ba\u015flayaq, \u201c\u00f6lk\u0259 \u0259leyhin\u0259 x\u0259b\u0259r\u201d ifad\u0259sind\u0259n.\n<\/p>\n<p>\n  \u018fzizl\u0259rim, x\u0259b\u0259r bu kateqoriyalara b\u00f6l\u00fcn\u0259 bil\u0259r: Yoxlanm\u0131\u015f, bir ne\u00e7\u0259 m\u0259nb\u0259d\u0259n yoxlanm\u0131\u015f, t\u0259sdiqini tapm\u0131\u015f, yax\u015f\u0131 yoxlanmam\u0131\u015f, t\u0259sdiqini tapmam\u0131\u015f, m\u0259nb\u0259l\u0259rin b\u0259zil\u0259rinin t\u0259sdiq etdiyi, b\u0259zil\u0259rinin inkar etdiyi x\u0259b\u0259r, q\u0259liz x\u0259b\u0259r, sad\u0259 x\u0259b\u0259r, inki\u015faf ed\u0259n, yenil\u0259n\u0259n x\u0259b\u0259r&#8230;bu siyah\u0131n\u0131 uzatmaq olar, amma siyah\u0131 n\u0259 q\u0259d\u0259r uzansa da \u201c\u00f6lk\u0259 \u0259leyhin\u0259\u201d v\u0259 ya \u201c\u00f6lk\u0259nin xeyrin\u0259\u201d kimi kateqoriyalara b\u00f6l\u00fcnd\u00fcr\u00fcl\u0259n x\u0259b\u0259rl\u0259r bu siyah\u0131da olmayacaq. D\u00fcnyan\u0131n he\u00e7 bir yerind\u0259, he\u00e7 bir \u00f6z\u00fcn\u0259 h\u00f6rm\u0259t ed\u0259n jurnalist bu kateqoriyada x\u0259b\u0259rin m\u00f6vcudlu\u011funu iddia ed\u0259 bilm\u0259z. X\u0259b\u0259r \u00f6lk\u0259nin \u0259leyhin\u0259dirs\u0259, bu, \u00f6lk\u0259nin problemidir, jurnalistin v\u0259 ya jurnalistikan\u0131n yox.\n<\/p>\n<p>\n  \u201cD\u00f6vl\u0259tin maraqlar\u0131na xidm\u0259t ed\u0259n\u201d, \u201cd\u00f6vl\u0259tin maraqlar\u0131n\u0131 qoruyan jurnalist\u201d ifad\u0259l\u0259ri&#8230;H\u00f6rm\u0259tli jurnalist dostlar, m\u0259n Jurnalistika fak\u00fclt\u0259sini bitirm\u0259mi\u015f\u0259m. Bizim t\u0259hsil sistemind\u0259, jurnalistika fak\u00fclt\u0259sind\u0259 b\u0259lk\u0259 d\u0259 bel\u0259 bir d\u0259rs ke\u00e7ir, jurnalistin boynuna bel\u0259 bir \u00f6hd\u0259lik qoyurlar, bilmir\u0259m. Ona g\u00f6r\u0259 d\u0259, bu bar\u0259d\u0259 bir t\u0259cr\u00fcb\u0259si olanlar, qoy yaz\u0131b, payla\u015f\u0131b, bizi d\u0259 maarifl\u0259ndirsinl\u0259r. M\u0259ni is\u0259 d\u00f6vl\u0259t maraqlar\u0131, \u00f6lk\u0259 maraqlar\u0131 v\u0259 jurnalist i\u015finin n\u0259 q\u0259d\u0259r k\u0259si\u015fdiyini, bu m\u0259s\u0259l\u0259d\u0259 jurnalistin n\u0259 q\u0259d\u0259r g\u00fcz\u0259\u015ft\u0259 ged\u0259 bil\u0259c\u0259yi m\u0259s\u0259l\u0259si h\u0259mi\u015f\u0259 maraqland\u0131r\u0131b v\u0259 i\u015ftirak el\u0259diyim b\u00fct\u00fcn treninql\u0259rd\u0259, seminarlarda pe\u015f\u0259karlara bu sual\u0131 vermi\u015f\u0259m, oxudu\u011fum jurnalist d\u0259rslikl\u0259rind\u0259 bu sual\u0131n cavab\u0131n\u0131 axtarm\u0131\u015fam v\u0259 ald\u0131\u011f\u0131m b\u00fct\u00fcn cavablar indi dey\u0259c\u0259kl\u0259rim\u0259 haqq qazand\u0131r\u0131r:\n<\/p>\n<p>\n  Jurnalistin d\u00f6vl\u0259tin maraqlar\u0131n\u0131 qorumaq kimi bir \u00f6hd\u0259liyi yoxdur. Birincisi, ona g\u00f6r\u0259 ki, bu i\u015f, bu missiya jurnalistin kompetensiyas\u0131nda deyil. Y\u0259ni jurnalist d\u00f6vl\u0259tin \u201cm\u0259tb\u0259xind\u0259\u201d olmad\u0131\u011f\u0131 \u00fc\u00e7\u00fcn bu an, bu d\u0259qiq\u0259 hans\u0131 x\u0259b\u0259rin d\u00f6vl\u0259tin mara\u011f\u0131na xidm\u0259t etdiyini, hans\u0131 x\u0259b\u0259rin is\u0259 maraqlar\u0131n ziddin\u0259 xidm\u0259t etdiyini bilm\u0259rr\u0259 bil\u0259 bilm\u0259z.\n<\/p>\n<p>\n  Bunu ke\u00e7dik. \u0130kincisi, jurnalistin i\u015finin, missiyas\u0131n\u0131n, \u00f6hd\u0259liyinin he\u00e7 bir halda ilkin v\u0259 ya ikinci, \u00fc\u00e7\u00fcnc\u00fc, d\u00f6rd\u00fcnd\u00fc, q\u0131rx mininci ad\u0131 d\u00f6vl\u0259tin maraqlar\u0131n\u0131 qorumaq deyil. jurnalistin ilkin, m\u00fcq\u0259dd\u0259s, birm\u0259nal\u0131 \u015f\u0259kild\u0259 i\u015finin ad\u0131 oxucular\u0131n\u0131, tama\u015fa\u00e7\u0131lar\u0131n\u0131, dinl\u0259yicil\u0259rini x\u0259b\u0259rl\u0259ndirm\u0259k, onlara informasiya verm\u0259kdir. Bu informasiya d\u00f6vl\u0259tin maraqlar\u0131na xidm\u0259t edir, ya etmir, bu da d\u00f6vl\u0259tin problemidir.\n<\/p>\n<p>\n  D\u00f6vl\u0259tin maraqlar\u0131n\u0131 qorumaq, bu maraqlara xidm\u0259t etm\u0259k is\u0259 d\u00f6vl\u0259t qulluq\u00e7ular\u0131n\u0131n borcudur, i\u015fidir. D\u00f6vl\u0259tin b\u00fcdc\u0259sind\u0259n buna g\u00f6r\u0259 maa\u015f alan insanlar var ki, onlar\u0131n el\u0259 i\u015finin ad\u0131 bu maraqlar\u0131 qorumaqd\u0131r. Onlar bu maraqlar\u0131 el\u0259 qoruma\u011fa borcludurlar ki, hans\u0131sa x\u0259b\u0259r bu maraqlara z\u0259r\u0259r ver\u0259 bilm\u0259sin. Ya da o x\u0259b\u0259r maraqlara z\u0259r\u0259r ver\u0259c\u0259ks\u0259, o x\u0259b\u0259r k\u0259nara s\u0131zmas\u0131n. Jurnalist bu x\u0259b\u0259ri nec\u0259s\u0259 tap\u0131rsa, bunun birc\u0259 ad\u0131 var: dem\u0259li, jurnalist \u00f6z x\u0259b\u0259r tapmaq i\u015fini yax\u015f\u0131, d\u00f6vl\u0259t i\u015f\u00e7isi is\u0259 \u00f6z\u00fcn\u00fcn x\u0259b\u0259r gizl\u0259m\u0259k i\u015fini pis g\u00f6r\u00fcb.\n<\/p>\n<p>\n  V\u0259 bu he\u00e7 bir halda jurnalistin g\u00fcnah\u0131 deyil.\n<\/p>\n<p>\n  Jurnalistin \u0259n m\u00fcq\u0259dd\u0259s v\u0259 qeyd-\u015f\u0259rtsiz \u00f6hd\u0259liyi oxucusuna informasiya verm\u0259kdir. D\u00fczg\u00fcn, t\u0259hrifsiz, b\u0259z\u0259ksiz, x\u0259b\u0259rin kimin maraqlar\u0131na xidm\u0259t etdiyini d\u00fc\u015f\u00fcnm\u0259d\u0259n. Onu oxucunun oxucu kimi maraqlar\u0131 narahat etm\u0259lidir.\n<\/p>\n<p>\n  Bu \u0259n\u0259n\u0259nin, bu m\u0259d\u0259niyy\u0259tin \u00f6lk\u0259 m\u0259tbuat\u0131nda yoxlu\u011funun s\u0259b\u0259bidir b\u00fct\u00fcn bu pafoslu, g\u00fclm\u0259li ifad\u0259l\u0259r, maraq s\u00f6hb\u0259tl\u0259ri. \u00c7\u00fcnki m\u0259tbuat bu \u00f6lk\u0259d\u0259 h\u0259mi\u015f\u0259 ya d\u00f6vl\u0259tin, ya oliqarx\u0131n, ya da m\u00fcxalif\u0259t liderinin hesab\u0131na m\u00f6vcud olub. \u00d6lk\u0259d\u0259 bir media orqan\u0131, bir q\u0259zet, bir televiziya he\u00e7 vaxt oxucu, tama\u015fa\u00e7\u0131, dinl\u0259yicinin abun\u0259si hesab\u0131na m\u00f6vcud olmad\u0131\u011f\u0131ndan, he\u00e7 kimi oxucunun maraqlar\u0131 d\u00fc\u015f\u00fcnd\u00fcrm\u00fcr. Kimis\u0259 d\u00f6vl\u0259tin maraqlar\u0131 d\u00fc\u015f\u00fcnd\u00fcr\u00fcr, kimis\u0259 oliqarx\u0131n maraqlar\u0131, kimini d\u0259 m\u00fcxalif\u0259tin&#8230;<br \/>\n  <br \/>\n  V\u0259 n\u0259 vaxta q\u0259d\u0259r ki, az\u0259rbaycan oxucusu \u00f6z\u00fc media maliyy\u0259l\u0259\u015fdirm\u0259y\u0259c\u0259k, oxudu\u011fu, ald\u0131\u011f\u0131 informasiyan\u0131n haqq\u0131n\u0131 \u00f6d\u0259m\u0259y\u0259c\u0259k, ona kimins\u0259 maraqlar\u0131na xidm\u0259t ed\u0259n x\u0259b\u0259r ver\u0259c\u0259kl\u0259r.\n<\/p>\n<p>\n  Ham\u0131n\u0131n\u0131 maraqlar\u0131na, birc\u0259 onun \u00f6z maraqlar\u0131ndan ba\u015fqa&#8230;\n<\/p>\n<p>\n  <b><br \/>\n    Yaz\u0131 m\u00fc\u0259llifin \u015f\u0259xsi m\u00f6vqeyini \u0259ks etdirir&#8230;<br \/>\n  <\/b><\/p>\n","protected":false},"excerpt":{"rendered":"<p>Ya d\u00f6vl\u0259t\u00e7ilikd\u0259n, ya jurnalistikadan bix\u0259b\u0259r&#8230;<\/p>\n","protected":false},"author":11,"featured_media":53345,"comment_status":"closed","ping_status":"open","sticky":false,"template":"","format":"standard","meta":{"_acf_changed":false,"_sitemap_exclude":false,"_sitemap_priority":"","_sitemap_frequency":"","footnotes":""},"categories":[57],"tags":[],"class_list":["post-174815","post","type-post","status-publish","format-standard","has-post-thumbnail","hentry","category-menim-fikrimce","infinite-scroll-item","generate-columns","tablet-grid-50","mobile-grid-100","grid-parent","grid-33","no-featured-image-padding"],"acf":[],"yoast_head":"<!-- This site is optimized with the Yoast SEO plugin v27.5 - https:\/\/yoast.com\/product\/yoast-seo-wordpress\/ -->\n<title>D\u00f6vl\u0259t maraqlar\u0131n\u0131 t\u0259msil ed\u0259n jurnalist - MEYDAN.TV<\/title>\n<meta name=\"robots\" content=\"index, follow, max-snippet:-1, max-image-preview:large, max-video-preview:-1\" \/>\n<link rel=\"canonical\" href=\"https:\/\/www.meydan.tv\/az\/article\/dovlet-maraqlarini-temsil-eden-jurnalist\/\" \/>\n<meta property=\"og:locale\" content=\"az_AZ\" \/>\n<meta property=\"og:type\" content=\"article\" \/>\n<meta property=\"og:title\" content=\"D\u00f6vl\u0259t maraqlar\u0131n\u0131 t\u0259msil ed\u0259n jurnalist - MEYDAN.TV\" \/>\n<meta property=\"og:description\" content=\"Ya d\u00f6vl\u0259t\u00e7ilikd\u0259n, ya jurnalistikadan bix\u0259b\u0259r...\" \/>\n<meta property=\"og:url\" content=\"https:\/\/www.meydan.tv\/az\/article\/dovlet-maraqlarini-temsil-eden-jurnalist\/\" \/>\n<meta property=\"og:site_name\" content=\"MEYDAN.TV\" \/>\n<meta property=\"article:published_time\" content=\"2016-04-03T17:56:52+00:00\" \/>\n<meta property=\"og:image\" content=\"https:\/\/www.meydan.tv\/wp-content\/uploads\/20129.jpg\" \/>\n\t<meta property=\"og:image:width\" content=\"500\" \/>\n\t<meta property=\"og:image:height\" content=\"500\" \/>\n\t<meta property=\"og:image:type\" content=\"image\/jpeg\" \/>\n<meta name=\"author\" content=\"user-manager\" \/>\n<meta name=\"twitter:card\" content=\"summary_large_image\" \/>\n<script type=\"application\/ld+json\" class=\"yoast-schema-graph\">{\"@context\":\"https:\\\/\\\/schema.org\",\"@graph\":[{\"@type\":\"Article\",\"@id\":\"https:\\\/\\\/www.meydan.tv\\\/az\\\/article\\\/dovlet-maraqlarini-temsil-eden-jurnalist\\\/#article\",\"isPartOf\":{\"@id\":\"https:\\\/\\\/www.meydan.tv\\\/az\\\/article\\\/dovlet-maraqlarini-temsil-eden-jurnalist\\\/\"},\"author\":{\"name\":\"user-manager\",\"@id\":\"https:\\\/\\\/www.meydan.tv\\\/az\\\/#\\\/schema\\\/person\\\/10d11eccf6da3662cf5fdab9806ea91a\"},\"headline\":\"D\u00f6vl\u0259t maraqlar\u0131n\u0131 t\u0259msil ed\u0259n jurnalist\",\"datePublished\":\"2016-04-03T17:56:52+00:00\",\"mainEntityOfPage\":{\"@id\":\"https:\\\/\\\/www.meydan.tv\\\/az\\\/article\\\/dovlet-maraqlarini-temsil-eden-jurnalist\\\/\"},\"wordCount\":1124,\"publisher\":{\"@id\":\"https:\\\/\\\/www.meydan.tv\\\/az\\\/#organization\"},\"image\":{\"@id\":\"https:\\\/\\\/www.meydan.tv\\\/az\\\/article\\\/dovlet-maraqlarini-temsil-eden-jurnalist\\\/#primaryimage\"},\"thumbnailUrl\":\"https:\\\/\\\/www.meydan.tv\\\/wp-content\\\/uploads\\\/20129.jpg\",\"articleSection\":[\"M\u0259nim Fikrimc\u0259\"],\"inLanguage\":\"az\"},{\"@type\":\"WebPage\",\"@id\":\"https:\\\/\\\/www.meydan.tv\\\/az\\\/article\\\/dovlet-maraqlarini-temsil-eden-jurnalist\\\/\",\"url\":\"https:\\\/\\\/www.meydan.tv\\\/az\\\/article\\\/dovlet-maraqlarini-temsil-eden-jurnalist\\\/\",\"name\":\"D\u00f6vl\u0259t maraqlar\u0131n\u0131 t\u0259msil ed\u0259n jurnalist - MEYDAN.TV\",\"isPartOf\":{\"@id\":\"https:\\\/\\\/www.meydan.tv\\\/az\\\/#website\"},\"primaryImageOfPage\":{\"@id\":\"https:\\\/\\\/www.meydan.tv\\\/az\\\/article\\\/dovlet-maraqlarini-temsil-eden-jurnalist\\\/#primaryimage\"},\"image\":{\"@id\":\"https:\\\/\\\/www.meydan.tv\\\/az\\\/article\\\/dovlet-maraqlarini-temsil-eden-jurnalist\\\/#primaryimage\"},\"thumbnailUrl\":\"https:\\\/\\\/www.meydan.tv\\\/wp-content\\\/uploads\\\/20129.jpg\",\"datePublished\":\"2016-04-03T17:56:52+00:00\",\"breadcrumb\":{\"@id\":\"https:\\\/\\\/www.meydan.tv\\\/az\\\/article\\\/dovlet-maraqlarini-temsil-eden-jurnalist\\\/#breadcrumb\"},\"inLanguage\":\"az\",\"potentialAction\":[{\"@type\":\"ReadAction\",\"target\":[\"https:\\\/\\\/www.meydan.tv\\\/az\\\/article\\\/dovlet-maraqlarini-temsil-eden-jurnalist\\\/\"]}]},{\"@type\":\"ImageObject\",\"inLanguage\":\"az\",\"@id\":\"https:\\\/\\\/www.meydan.tv\\\/az\\\/article\\\/dovlet-maraqlarini-temsil-eden-jurnalist\\\/#primaryimage\",\"url\":\"https:\\\/\\\/www.meydan.tv\\\/wp-content\\\/uploads\\\/20129.jpg\",\"contentUrl\":\"https:\\\/\\\/www.meydan.tv\\\/wp-content\\\/uploads\\\/20129.jpg\",\"width\":500,\"height\":500,\"caption\":\"Source:\"},{\"@type\":\"BreadcrumbList\",\"@id\":\"https:\\\/\\\/www.meydan.tv\\\/az\\\/article\\\/dovlet-maraqlarini-temsil-eden-jurnalist\\\/#breadcrumb\",\"itemListElement\":[{\"@type\":\"ListItem\",\"position\":1,\"name\":\"Ana s\u0259hif\u0259\",\"item\":\"https:\\\/\\\/www.meydan.tv\\\/az\\\/\"},{\"@type\":\"ListItem\",\"position\":2,\"name\":\"M\u0259nim Fikrimc\u0259\",\"item\":\"https:\\\/\\\/www.meydan.tv\\\/az\\\/section\\\/menim-fikrimce\\\/\"},{\"@type\":\"ListItem\",\"position\":3,\"name\":\"D\u00f6vl\u0259t maraqlar\u0131n\u0131 t\u0259msil ed\u0259n jurnalist\"}]},{\"@type\":\"WebSite\",\"@id\":\"https:\\\/\\\/www.meydan.tv\\\/az\\\/#website\",\"url\":\"https:\\\/\\\/www.meydan.tv\\\/az\\\/\",\"name\":\"MEYDAN.TV\",\"description\":\"Meydan TV Az\u0259rbaycan\u0131n media m\u0259kan\u0131ndak\u0131 alternativ s\u0259sidir\",\"publisher\":{\"@id\":\"https:\\\/\\\/www.meydan.tv\\\/az\\\/#organization\"},\"potentialAction\":[{\"@type\":\"SearchAction\",\"target\":{\"@type\":\"EntryPoint\",\"urlTemplate\":\"https:\\\/\\\/www.meydan.tv\\\/az\\\/?s={search_term_string}\"},\"query-input\":{\"@type\":\"PropertyValueSpecification\",\"valueRequired\":true,\"valueName\":\"search_term_string\"}}],\"inLanguage\":\"az\"},{\"@type\":\"Organization\",\"@id\":\"https:\\\/\\\/www.meydan.tv\\\/az\\\/#organization\",\"name\":\"Meydan TV\",\"url\":\"https:\\\/\\\/www.meydan.tv\\\/az\\\/\",\"logo\":{\"@type\":\"ImageObject\",\"inLanguage\":\"az\",\"@id\":\"https:\\\/\\\/www.meydan.tv\\\/az\\\/#\\\/schema\\\/logo\\\/image\\\/\",\"url\":\"https:\\\/\\\/www.meydan.tv\\\/wp-content\\\/uploads\\\/2021\\\/07\\\/meydan-logo.svg\",\"contentUrl\":\"https:\\\/\\\/www.meydan.tv\\\/wp-content\\\/uploads\\\/2021\\\/07\\\/meydan-logo.svg\",\"width\":195,\"height\":46,\"caption\":\"Meydan TV\"},\"image\":{\"@id\":\"https:\\\/\\\/www.meydan.tv\\\/az\\\/#\\\/schema\\\/logo\\\/image\\\/\"}},{\"@type\":\"Person\",\"@id\":\"https:\\\/\\\/www.meydan.tv\\\/az\\\/#\\\/schema\\\/person\\\/10d11eccf6da3662cf5fdab9806ea91a\",\"name\":\"user-manager\"}]}<\/script>\n<!-- \/ Yoast SEO plugin. -->","yoast_head_json":{"title":"D\u00f6vl\u0259t maraqlar\u0131n\u0131 t\u0259msil ed\u0259n jurnalist - MEYDAN.TV","robots":{"index":"index","follow":"follow","max-snippet":"max-snippet:-1","max-image-preview":"max-image-preview:large","max-video-preview":"max-video-preview:-1"},"canonical":"https:\/\/www.meydan.tv\/az\/article\/dovlet-maraqlarini-temsil-eden-jurnalist\/","og_locale":"az_AZ","og_type":"article","og_title":"D\u00f6vl\u0259t maraqlar\u0131n\u0131 t\u0259msil ed\u0259n jurnalist - MEYDAN.TV","og_description":"Ya d\u00f6vl\u0259t\u00e7ilikd\u0259n, ya jurnalistikadan bix\u0259b\u0259r...","og_url":"https:\/\/www.meydan.tv\/az\/article\/dovlet-maraqlarini-temsil-eden-jurnalist\/","og_site_name":"MEYDAN.TV","article_published_time":"2016-04-03T17:56:52+00:00","og_image":[{"width":500,"height":500,"url":"https:\/\/www.meydan.tv\/wp-content\/uploads\/20129.jpg","type":"image\/jpeg"}],"author":"user-manager","twitter_card":"summary_large_image","schema":{"@context":"https:\/\/schema.org","@graph":[{"@type":"Article","@id":"https:\/\/www.meydan.tv\/az\/article\/dovlet-maraqlarini-temsil-eden-jurnalist\/#article","isPartOf":{"@id":"https:\/\/www.meydan.tv\/az\/article\/dovlet-maraqlarini-temsil-eden-jurnalist\/"},"author":{"name":"user-manager","@id":"https:\/\/www.meydan.tv\/az\/#\/schema\/person\/10d11eccf6da3662cf5fdab9806ea91a"},"headline":"D\u00f6vl\u0259t maraqlar\u0131n\u0131 t\u0259msil ed\u0259n jurnalist","datePublished":"2016-04-03T17:56:52+00:00","mainEntityOfPage":{"@id":"https:\/\/www.meydan.tv\/az\/article\/dovlet-maraqlarini-temsil-eden-jurnalist\/"},"wordCount":1124,"publisher":{"@id":"https:\/\/www.meydan.tv\/az\/#organization"},"image":{"@id":"https:\/\/www.meydan.tv\/az\/article\/dovlet-maraqlarini-temsil-eden-jurnalist\/#primaryimage"},"thumbnailUrl":"https:\/\/www.meydan.tv\/wp-content\/uploads\/20129.jpg","articleSection":["M\u0259nim Fikrimc\u0259"],"inLanguage":"az"},{"@type":"WebPage","@id":"https:\/\/www.meydan.tv\/az\/article\/dovlet-maraqlarini-temsil-eden-jurnalist\/","url":"https:\/\/www.meydan.tv\/az\/article\/dovlet-maraqlarini-temsil-eden-jurnalist\/","name":"D\u00f6vl\u0259t maraqlar\u0131n\u0131 t\u0259msil ed\u0259n jurnalist - MEYDAN.TV","isPartOf":{"@id":"https:\/\/www.meydan.tv\/az\/#website"},"primaryImageOfPage":{"@id":"https:\/\/www.meydan.tv\/az\/article\/dovlet-maraqlarini-temsil-eden-jurnalist\/#primaryimage"},"image":{"@id":"https:\/\/www.meydan.tv\/az\/article\/dovlet-maraqlarini-temsil-eden-jurnalist\/#primaryimage"},"thumbnailUrl":"https:\/\/www.meydan.tv\/wp-content\/uploads\/20129.jpg","datePublished":"2016-04-03T17:56:52+00:00","breadcrumb":{"@id":"https:\/\/www.meydan.tv\/az\/article\/dovlet-maraqlarini-temsil-eden-jurnalist\/#breadcrumb"},"inLanguage":"az","potentialAction":[{"@type":"ReadAction","target":["https:\/\/www.meydan.tv\/az\/article\/dovlet-maraqlarini-temsil-eden-jurnalist\/"]}]},{"@type":"ImageObject","inLanguage":"az","@id":"https:\/\/www.meydan.tv\/az\/article\/dovlet-maraqlarini-temsil-eden-jurnalist\/#primaryimage","url":"https:\/\/www.meydan.tv\/wp-content\/uploads\/20129.jpg","contentUrl":"https:\/\/www.meydan.tv\/wp-content\/uploads\/20129.jpg","width":500,"height":500,"caption":"Source:"},{"@type":"BreadcrumbList","@id":"https:\/\/www.meydan.tv\/az\/article\/dovlet-maraqlarini-temsil-eden-jurnalist\/#breadcrumb","itemListElement":[{"@type":"ListItem","position":1,"name":"Ana s\u0259hif\u0259","item":"https:\/\/www.meydan.tv\/az\/"},{"@type":"ListItem","position":2,"name":"M\u0259nim Fikrimc\u0259","item":"https:\/\/www.meydan.tv\/az\/section\/menim-fikrimce\/"},{"@type":"ListItem","position":3,"name":"D\u00f6vl\u0259t maraqlar\u0131n\u0131 t\u0259msil ed\u0259n jurnalist"}]},{"@type":"WebSite","@id":"https:\/\/www.meydan.tv\/az\/#website","url":"https:\/\/www.meydan.tv\/az\/","name":"MEYDAN.TV","description":"Meydan TV Az\u0259rbaycan\u0131n media m\u0259kan\u0131ndak\u0131 alternativ s\u0259sidir","publisher":{"@id":"https:\/\/www.meydan.tv\/az\/#organization"},"potentialAction":[{"@type":"SearchAction","target":{"@type":"EntryPoint","urlTemplate":"https:\/\/www.meydan.tv\/az\/?s={search_term_string}"},"query-input":{"@type":"PropertyValueSpecification","valueRequired":true,"valueName":"search_term_string"}}],"inLanguage":"az"},{"@type":"Organization","@id":"https:\/\/www.meydan.tv\/az\/#organization","name":"Meydan TV","url":"https:\/\/www.meydan.tv\/az\/","logo":{"@type":"ImageObject","inLanguage":"az","@id":"https:\/\/www.meydan.tv\/az\/#\/schema\/logo\/image\/","url":"https:\/\/www.meydan.tv\/wp-content\/uploads\/2021\/07\/meydan-logo.svg","contentUrl":"https:\/\/www.meydan.tv\/wp-content\/uploads\/2021\/07\/meydan-logo.svg","width":195,"height":46,"caption":"Meydan TV"},"image":{"@id":"https:\/\/www.meydan.tv\/az\/#\/schema\/logo\/image\/"}},{"@type":"Person","@id":"https:\/\/www.meydan.tv\/az\/#\/schema\/person\/10d11eccf6da3662cf5fdab9806ea91a","name":"user-manager"}]}},"_links":{"self":[{"href":"https:\/\/www.meydan.tv\/az\/wp-json\/wp\/v2\/posts\/174815","targetHints":{"allow":["GET"]}}],"collection":[{"href":"https:\/\/www.meydan.tv\/az\/wp-json\/wp\/v2\/posts"}],"about":[{"href":"https:\/\/www.meydan.tv\/az\/wp-json\/wp\/v2\/types\/post"}],"author":[{"embeddable":true,"href":"https:\/\/www.meydan.tv\/az\/wp-json\/wp\/v2\/users\/11"}],"replies":[{"embeddable":true,"href":"https:\/\/www.meydan.tv\/az\/wp-json\/wp\/v2\/comments?post=174815"}],"version-history":[{"count":0,"href":"https:\/\/www.meydan.tv\/az\/wp-json\/wp\/v2\/posts\/174815\/revisions"}],"wp:featuredmedia":[{"embeddable":true,"href":"https:\/\/www.meydan.tv\/az\/wp-json\/wp\/v2\/media\/53345"}],"wp:attachment":[{"href":"https:\/\/www.meydan.tv\/az\/wp-json\/wp\/v2\/media?parent=174815"}],"wp:term":[{"taxonomy":"category","embeddable":true,"href":"https:\/\/www.meydan.tv\/az\/wp-json\/wp\/v2\/categories?post=174815"},{"taxonomy":"post_tag","embeddable":true,"href":"https:\/\/www.meydan.tv\/az\/wp-json\/wp\/v2\/tags?post=174815"}],"curies":[{"name":"wp","href":"https:\/\/api.w.org\/{rel}","templated":true}]}}