{"id":174800,"date":"2016-04-03T02:03:08","date_gmt":"2016-04-03T02:03:08","guid":{"rendered":"https:\/\/www.meydan.tv\/article\/serj-serkisyan-ermenistan-ve-dagliq-qarabag-mudafie-razilasmasi-imzalamalidir\/"},"modified":"2016-04-03T02:03:08","modified_gmt":"2016-04-03T02:03:08","slug":"serj-serkisyan-ermenistan-ve-dagliq-qarabag-mudafie-razilasmasi-imzalamalidir","status":"publish","type":"post","link":"https:\/\/www.meydan.tv\/az\/article\/serj-serkisyan-ermenistan-ve-dagliq-qarabag-mudafie-razilasmasi-imzalamalidir\/","title":{"rendered":"Serj S\u0259rkisyan: &#8221;Erm\u0259nistan v\u0259 Da\u011fl\u0131q Qaraba\u011f m\u00fcdafi\u0259 raz\u0131la\u015fmas\u0131 imzalamal\u0131d\u0131r&#8221;"},"content":{"rendered":"<figure class=\"wp-block-image size-large\">\n  <img decoding=\"async\" src=\"https:\/\/www.meydan.tv\/az\/53279\/\" alt=\"\" class=\"wp-image-53279\"\/><figcaption><\/figcaption><\/figure>\n<p>\n  <i><br \/>\n    Z\u0259rd\u00fc\u015ft \u018flizad\u0259: &#8221;Tan\u0131nmam\u0131\u015f subyektl\u0259 n\u0259 c\u00fcr m\u00fcqavil\u0259 imzalaya bil\u0259r?&#8221;<br \/>\n  <\/i>\n<\/p>\n<p>\n  \u201cDa\u011fl\u0131q Qaraba\u011f m\u0259s\u0259l\u0259si \u0259traf\u0131nda artan g\u0259rginlik fonunda Erm\u0259nistan v\u0259 Da\u011fl\u0131q Qaraba\u011f Respublikas\u0131 xarici i\u015fl\u0259r nazirl\u0259rinin effektiv \u015f\u0259kild\u0259 \u0259m\u0259kda\u015fl\u0131q etm\u0259si \u00fc\u00e7\u00fcn qar\u015f\u0131l\u0131ql\u0131 m\u00fcdafi\u0259 ra\u015f\u0131la\u015fmas\u0131 imzalamas\u0131na ehtiyac var\u201d. Bu t\u0259klifi Erm\u0259nistan prezidenti Serj S\u0259rkisyan Milli T\u0259hl\u00fck\u0259sizlik \u015euras\u0131n\u0131n iclas\u0131nda s\u0259sl\u0259ndirib.\n<\/p>\n<p>\n  M\u0259lumat\u0131<br \/>\n  <a href=\"http:\/\/www.tert.am\/en\/\"><br \/>\n    tert.am<br \/>\n  <\/a><br \/>\n  yay\u0131b.\n<\/p>\n<p>\n  \u201cRaz\u0131l\u0131q m\u0259tninin haz\u0131rlanmas\u0131 v\u0259 Milli M\u0259clis\u0259 t\u0259qdim olunmas\u0131 \u00fc\u00e7\u00fcn irad\u0259y\u0259 etiyac\u0131m\u0131z var. Erm\u0259nistan Da\u011fl\u0131q Qaraba\u011f Respublikas\u0131n\u0131n t\u0259hl\u00fck\u0259sizliyinin t\u0259min olunmas\u0131 istiqam\u0259tind\u0259 \u00fcz\u0259rin\u0259 g\u00f6t\u00fcrd\u00fcy\u00fc \u00f6hd\u0259likl\u0259ri yerin\u0259 yetir\u0259c\u0259k. 1994-c\u00fc ild\u0259 imzalanan at\u0259\u015fk\u0259s m\u00fcqavil\u0259sinin t\u0259r\u0259fi kimi bizim buna leqal h\u00fcququmuz var\u201d,- dey\u0259 Serj S\u0259rkisyan bildirib.\n<\/p>\n<p>\n  S.S\u0259rkisyan\u0131n a\u00e7\u0131qlamas\u0131n\u0131 Meydan TV-y\u0259 \u015f\u0259rh ed\u0259n siyasi \u015f\u0259rh\u00e7i Z\u0259rd\u00fc\u015ft \u018flizad\u0259 bildirib ki, Erm\u0259nistan\u0131n \u201cDa\u011fl\u0131q Qaraba\u011f\u201d rejimi il\u0259 qar\u015f\u0131l\u0131ql\u0131 m\u00fcdafi\u0259 m\u00fcqavil\u0259si \u00a0imzalamas\u0131ndan \u0259vv\u0259l \u0130r\u0259van\u0131n Da\u011fl\u0131q Qaraba\u011f\u0131 m\u00fcst\u0259qil d\u00f6vl\u0259t kimi tan\u0131mas\u0131 vacibdir: \u201cTan\u0131nmam\u0131\u015f subyektl\u0259 n\u0259 c\u00fcr m\u00fcqavil\u0259 imzalaya bil\u0259r? \u018fg\u0259r Erm\u0259nistan Da\u011fl\u0131q Qaraba\u011f\u0131 m\u00fcst\u0259qil d\u00f6vl\u0259t kimi tan\u0131yarsa, Minsk Qrupuna son qoyulur, o zaman, bir yol qal\u0131r &#8211; m\u00fcharib\u0259\u201d.\n<\/p>\n<p>\n  \u015e\u0259rh\u00e7i son hadis\u0259l\u0259ri t\u0259hl\u00fck\u0259li hesab etmir v\u0259 prosesin Rusiya t\u0259r\u0259find\u0259n idar\u0259 olundu\u011fu q\u0259na\u0259tind\u0259dir: \u201cErm\u0259nistan oyuncaq d\u00f6vl\u0259tdir, erm\u0259ni siyas\u0259t\u015f\u00fcnaslar\u0131 da d\u00f6vl\u0259tl\u0259rinin federal subyektd\u0259n d\u0259 az \u0259h\u0259miyy\u0259t da\u015f\u0131d\u0131\u011f\u0131n\u0131 gizl\u0259tmirl\u0259r. Az\u0259rbaycan\u0131n Q\u0259rb\u0259 t\u0259r\u0259f \u00a0add\u0131m atmas\u0131n\u0131n qar\u015f\u0131s\u0131n\u0131 almaq v\u0259 h\u0259r iki respublikaya g\u00fcc\u00fcn\u00fc g\u00f6st\u0259rm\u0259k \u00fc\u00e7\u00fcn Moskva Erm\u0259nistan h\u00f6kum\u0259tind\u0259ki n\u00f6k\u0259rl\u0259rin\u0259 \u0259mr verib ki, at\u0259\u015fk\u0259si pozun, sonra \u00f6z\u00fc bar\u0131\u015f\u0131q yaradacaq. Bununla Kreml Az\u0259rbaycan v\u0259 Erm\u0259nistana b\u00f6lg\u0259nin sahibi oldu\u011funu g\u00f6st\u0259rir\u201d.\n<\/p>\n<figure class=\"wp-block-image size-large\">\n  <img decoding=\"async\" src=\"https:\/\/www.meydan.tv\/az\/zerdust-elizade-6\/\" alt=\"Z\u0259rd\u00fc\u015ft \u018flizad\u0259\" class=\"wp-image-53282\"\/><figcaption>\n    Z\u0259rd\u00fc\u015ft \u018flizad\u0259<br \/>\n  <\/figcaption><\/figure>\n<p>\n  Siyasi \u015f\u0259rh\u00e7i d\u00fc\u015f\u00fcn\u00fcr ki, Putin son hadis\u0259l\u0259rd\u0259 odla oynay\u0131r: \u201c\u00c7\u00fcnki m\u00fcharib\u0259 el\u0259 bir \u015feydir ki, m\u00fc\u0259yy\u0259n h\u0259dd\u0259n sonra idar\u0259olunmaz \u015f\u0259kl\u0259 d\u00fc\u015f\u0259 bil\u0259r. \u0130\u015f o h\u0259dd\u0259 \u00e7atar ki, Rusiya qar\u0131\u015fmal\u0131 olar, o zaman T\u00fcrkiy\u0259 d\u0259 proses\u0259 m\u00fcdaxil\u0259 etm\u0259li olacaq. Bel\u0259 olanda is\u0259 NATO da qar\u0131\u015facaq. NATO v\u0259 Rusiyan\u0131n h\u0259rbi g\u00fcc\u00fc is\u0259 20\/1-dir. \u0130qtisadiyyatda 20 faiz Amerikad\u0131r, Avropa Birliyi il\u0259 birlikd\u0259 40 faizdir, 1,3 faiz Rusiyad\u0131r, h\u0259rbi sah\u0259d\u0259 d\u0259 eyni durumdur. Vladimir Putin sad\u0259c\u0259 xarici siyas\u0259tind\u0259 Stalinin \u00f6z\u00fcn\u00fcn d\u0259 b\u0259y\u0259nm\u0259diyi n\u00fcv\u0259 raket silah\u0131na \u00fcmid edir. Rusiyan\u0131n ba\u015fqa he\u00e7 n\u0259yi qalmay\u0131b\u201d.\n<\/p>\n<p>\n  Z\u0259rd\u00fc\u015ft \u018flizad\u0259 son hadis\u0259ni \u0130lham \u018fliyevin Va\u015finqtonda ke\u00e7iril\u0259n n\u00fcv\u0259 sammitind\u0259 i\u015ftirak\u0131yla ba\u011flay\u0131r: \u201cD\u00fczd\u00fcr, h\u0259min t\u0259dbird\u0259 Serj S\u0259rkisyan da i\u015ftirak edib, amma bu adam Putinin cibind\u0259dir. \u018fliyevin is\u0259 m\u00fc\u0259yy\u0259n siyasi s\u0259rb\u0259stlik h\u0259dl\u0259ri var. Moskva ona g\u00f6st\u0259rm\u0259k ist\u0259yir ki, bu h\u0259dl\u0259r\u0259 g\u00fcv\u0259nm\u0259, yerini bil v\u0259 Rusiyayla hesabla\u015f\u201d.\n<\/p><\/p>\n","protected":false},"excerpt":{"rendered":"<p>\u201cDa\u011fl\u0131q Qaraba\u011f m\u0259s\u0259l\u0259si \u0259traf\u0131nda artan g\u0259rginlik fonunda Erm\u0259nistan v\u0259 Da\u011fl\u0131q Qaraba\u011f Respublikas\u0131 xarici i\u015fl\u0259r nazirl\u0259rinin effektiv \u015f\u0259kild\u0259 \u0259m\u0259kda\u015fl\u0131q etm\u0259si \u00fc\u00e7\u00fcn qar\u015f\u0131l\u0131ql\u0131 m\u00fcdafi\u0259 ra\u015f\u0131la\u015fmas\u0131 imzalamas\u0131na ehtiyac var\u201d. Bu t\u0259klifi Erm\u0259nistan prezidenti Serj S\u0259rkisyan Milli T\u0259hl\u00fck\u0259sizlik \u015euras\u0131n\u0131n iclas\u0131nda s\u0259sl\u0259ndirib.<\/p>\n","protected":false},"author":11,"featured_media":53279,"comment_status":"closed","ping_status":"open","sticky":false,"template":"","format":"standard","meta":{"_acf_changed":false,"_sitemap_exclude":false,"_sitemap_priority":"","_sitemap_frequency":"","footnotes":""},"categories":[56],"tags":[],"class_list":["post-174800","post","type-post","status-publish","format-standard","has-post-thumbnail","hentry","category-xeberler","infinite-scroll-item","generate-columns","tablet-grid-50","mobile-grid-100","grid-parent","grid-33","no-featured-image-padding"],"acf":[],"yoast_head":"<!-- This site is optimized with the Yoast SEO plugin v27.5 - https:\/\/yoast.com\/product\/yoast-seo-wordpress\/ -->\n<title>Serj S\u0259rkisyan: &#039;&#039;Erm\u0259nistan v\u0259 Da\u011fl\u0131q Qaraba\u011f m\u00fcdafi\u0259 raz\u0131la\u015fmas\u0131 imzalamal\u0131d\u0131r&#039;&#039; - MEYDAN.TV<\/title>\n<meta name=\"robots\" content=\"index, follow, max-snippet:-1, max-image-preview:large, max-video-preview:-1\" \/>\n<link rel=\"canonical\" href=\"https:\/\/www.meydan.tv\/az\/article\/serj-serkisyan-ermenistan-ve-dagliq-qarabag-mudafie-razilasmasi-imzalamalidir\/\" \/>\n<meta property=\"og:locale\" content=\"az_AZ\" \/>\n<meta property=\"og:type\" content=\"article\" \/>\n<meta property=\"og:title\" content=\"Serj S\u0259rkisyan: &#039;&#039;Erm\u0259nistan v\u0259 Da\u011fl\u0131q Qaraba\u011f m\u00fcdafi\u0259 raz\u0131la\u015fmas\u0131 imzalamal\u0131d\u0131r&#039;&#039; - MEYDAN.TV\" \/>\n<meta property=\"og:description\" content=\"\u201cDa\u011fl\u0131q Qaraba\u011f m\u0259s\u0259l\u0259si \u0259traf\u0131nda artan g\u0259rginlik fonunda Erm\u0259nistan v\u0259 Da\u011fl\u0131q Qaraba\u011f Respublikas\u0131 xarici i\u015fl\u0259r nazirl\u0259rinin effektiv \u015f\u0259kild\u0259 \u0259m\u0259kda\u015fl\u0131q etm\u0259si \u00fc\u00e7\u00fcn qar\u015f\u0131l\u0131ql\u0131 m\u00fcdafi\u0259 ra\u015f\u0131la\u015fmas\u0131 imzalamas\u0131na ehtiyac var\u201d. Bu t\u0259klifi Erm\u0259nistan prezidenti Serj S\u0259rkisyan Milli T\u0259hl\u00fck\u0259sizlik \u015euras\u0131n\u0131n iclas\u0131nda s\u0259sl\u0259ndirib.\" \/>\n<meta property=\"og:url\" content=\"https:\/\/www.meydan.tv\/az\/article\/serj-serkisyan-ermenistan-ve-dagliq-qarabag-mudafie-razilasmasi-imzalamalidir\/\" \/>\n<meta property=\"og:site_name\" content=\"MEYDAN.TV\" \/>\n<meta property=\"article:published_time\" content=\"2016-04-03T02:03:08+00:00\" \/>\n<meta property=\"og:image\" content=\"https:\/\/www.meydan.tv\/wp-content\/uploads\/20103.jpg\" \/>\n\t<meta property=\"og:image:width\" content=\"768\" \/>\n\t<meta property=\"og:image:height\" content=\"383\" \/>\n\t<meta property=\"og:image:type\" content=\"image\/jpeg\" \/>\n<meta name=\"author\" content=\"user-manager\" \/>\n<meta name=\"twitter:card\" content=\"summary_large_image\" \/>\n<script type=\"application\/ld+json\" class=\"yoast-schema-graph\">{\"@context\":\"https:\\\/\\\/schema.org\",\"@graph\":[{\"@type\":\"Article\",\"@id\":\"https:\\\/\\\/www.meydan.tv\\\/az\\\/article\\\/serj-serkisyan-ermenistan-ve-dagliq-qarabag-mudafie-razilasmasi-imzalamalidir\\\/#article\",\"isPartOf\":{\"@id\":\"https:\\\/\\\/www.meydan.tv\\\/az\\\/article\\\/serj-serkisyan-ermenistan-ve-dagliq-qarabag-mudafie-razilasmasi-imzalamalidir\\\/\"},\"author\":{\"name\":\"user-manager\",\"@id\":\"https:\\\/\\\/www.meydan.tv\\\/az\\\/#\\\/schema\\\/person\\\/10d11eccf6da3662cf5fdab9806ea91a\"},\"headline\":\"Serj S\u0259rkisyan: &#8221;Erm\u0259nistan v\u0259 Da\u011fl\u0131q Qaraba\u011f m\u00fcdafi\u0259 raz\u0131la\u015fmas\u0131 imzalamal\u0131d\u0131r&#8221;\",\"datePublished\":\"2016-04-03T02:03:08+00:00\",\"mainEntityOfPage\":{\"@id\":\"https:\\\/\\\/www.meydan.tv\\\/az\\\/article\\\/serj-serkisyan-ermenistan-ve-dagliq-qarabag-mudafie-razilasmasi-imzalamalidir\\\/\"},\"wordCount\":616,\"publisher\":{\"@id\":\"https:\\\/\\\/www.meydan.tv\\\/az\\\/#organization\"},\"image\":{\"@id\":\"https:\\\/\\\/www.meydan.tv\\\/az\\\/article\\\/serj-serkisyan-ermenistan-ve-dagliq-qarabag-mudafie-razilasmasi-imzalamalidir\\\/#primaryimage\"},\"thumbnailUrl\":\"https:\\\/\\\/www.meydan.tv\\\/wp-content\\\/uploads\\\/20103.jpg\",\"articleSection\":[\"X\u0259b\u0259rl\u0259r\"],\"inLanguage\":\"az\"},{\"@type\":\"WebPage\",\"@id\":\"https:\\\/\\\/www.meydan.tv\\\/az\\\/article\\\/serj-serkisyan-ermenistan-ve-dagliq-qarabag-mudafie-razilasmasi-imzalamalidir\\\/\",\"url\":\"https:\\\/\\\/www.meydan.tv\\\/az\\\/article\\\/serj-serkisyan-ermenistan-ve-dagliq-qarabag-mudafie-razilasmasi-imzalamalidir\\\/\",\"name\":\"Serj S\u0259rkisyan: ''Erm\u0259nistan v\u0259 Da\u011fl\u0131q Qaraba\u011f m\u00fcdafi\u0259 raz\u0131la\u015fmas\u0131 imzalamal\u0131d\u0131r'' - MEYDAN.TV\",\"isPartOf\":{\"@id\":\"https:\\\/\\\/www.meydan.tv\\\/az\\\/#website\"},\"primaryImageOfPage\":{\"@id\":\"https:\\\/\\\/www.meydan.tv\\\/az\\\/article\\\/serj-serkisyan-ermenistan-ve-dagliq-qarabag-mudafie-razilasmasi-imzalamalidir\\\/#primaryimage\"},\"image\":{\"@id\":\"https:\\\/\\\/www.meydan.tv\\\/az\\\/article\\\/serj-serkisyan-ermenistan-ve-dagliq-qarabag-mudafie-razilasmasi-imzalamalidir\\\/#primaryimage\"},\"thumbnailUrl\":\"https:\\\/\\\/www.meydan.tv\\\/wp-content\\\/uploads\\\/20103.jpg\",\"datePublished\":\"2016-04-03T02:03:08+00:00\",\"breadcrumb\":{\"@id\":\"https:\\\/\\\/www.meydan.tv\\\/az\\\/article\\\/serj-serkisyan-ermenistan-ve-dagliq-qarabag-mudafie-razilasmasi-imzalamalidir\\\/#breadcrumb\"},\"inLanguage\":\"az\",\"potentialAction\":[{\"@type\":\"ReadAction\",\"target\":[\"https:\\\/\\\/www.meydan.tv\\\/az\\\/article\\\/serj-serkisyan-ermenistan-ve-dagliq-qarabag-mudafie-razilasmasi-imzalamalidir\\\/\"]}]},{\"@type\":\"ImageObject\",\"inLanguage\":\"az\",\"@id\":\"https:\\\/\\\/www.meydan.tv\\\/az\\\/article\\\/serj-serkisyan-ermenistan-ve-dagliq-qarabag-mudafie-razilasmasi-imzalamalidir\\\/#primaryimage\",\"url\":\"https:\\\/\\\/www.meydan.tv\\\/wp-content\\\/uploads\\\/20103.jpg\",\"contentUrl\":\"https:\\\/\\\/www.meydan.tv\\\/wp-content\\\/uploads\\\/20103.jpg\",\"width\":768,\"height\":383,\"caption\":\"Source:\"},{\"@type\":\"BreadcrumbList\",\"@id\":\"https:\\\/\\\/www.meydan.tv\\\/az\\\/article\\\/serj-serkisyan-ermenistan-ve-dagliq-qarabag-mudafie-razilasmasi-imzalamalidir\\\/#breadcrumb\",\"itemListElement\":[{\"@type\":\"ListItem\",\"position\":1,\"name\":\"Ana s\u0259hif\u0259\",\"item\":\"https:\\\/\\\/www.meydan.tv\\\/az\\\/\"},{\"@type\":\"ListItem\",\"position\":2,\"name\":\"X\u0259b\u0259rl\u0259r\",\"item\":\"https:\\\/\\\/www.meydan.tv\\\/az\\\/section\\\/xeberler\\\/\"},{\"@type\":\"ListItem\",\"position\":3,\"name\":\"Serj S\u0259rkisyan: &#8221;Erm\u0259nistan v\u0259 Da\u011fl\u0131q Qaraba\u011f m\u00fcdafi\u0259 raz\u0131la\u015fmas\u0131 imzalamal\u0131d\u0131r&#8221;\"}]},{\"@type\":\"WebSite\",\"@id\":\"https:\\\/\\\/www.meydan.tv\\\/az\\\/#website\",\"url\":\"https:\\\/\\\/www.meydan.tv\\\/az\\\/\",\"name\":\"MEYDAN.TV\",\"description\":\"Meydan TV Az\u0259rbaycan\u0131n media m\u0259kan\u0131ndak\u0131 alternativ s\u0259sidir\",\"publisher\":{\"@id\":\"https:\\\/\\\/www.meydan.tv\\\/az\\\/#organization\"},\"potentialAction\":[{\"@type\":\"SearchAction\",\"target\":{\"@type\":\"EntryPoint\",\"urlTemplate\":\"https:\\\/\\\/www.meydan.tv\\\/az\\\/?s={search_term_string}\"},\"query-input\":{\"@type\":\"PropertyValueSpecification\",\"valueRequired\":true,\"valueName\":\"search_term_string\"}}],\"inLanguage\":\"az\"},{\"@type\":\"Organization\",\"@id\":\"https:\\\/\\\/www.meydan.tv\\\/az\\\/#organization\",\"name\":\"Meydan TV\",\"url\":\"https:\\\/\\\/www.meydan.tv\\\/az\\\/\",\"logo\":{\"@type\":\"ImageObject\",\"inLanguage\":\"az\",\"@id\":\"https:\\\/\\\/www.meydan.tv\\\/az\\\/#\\\/schema\\\/logo\\\/image\\\/\",\"url\":\"https:\\\/\\\/www.meydan.tv\\\/wp-content\\\/uploads\\\/2021\\\/07\\\/meydan-logo.svg\",\"contentUrl\":\"https:\\\/\\\/www.meydan.tv\\\/wp-content\\\/uploads\\\/2021\\\/07\\\/meydan-logo.svg\",\"width\":195,\"height\":46,\"caption\":\"Meydan TV\"},\"image\":{\"@id\":\"https:\\\/\\\/www.meydan.tv\\\/az\\\/#\\\/schema\\\/logo\\\/image\\\/\"}},{\"@type\":\"Person\",\"@id\":\"https:\\\/\\\/www.meydan.tv\\\/az\\\/#\\\/schema\\\/person\\\/10d11eccf6da3662cf5fdab9806ea91a\",\"name\":\"user-manager\"}]}<\/script>\n<!-- \/ Yoast SEO plugin. -->","yoast_head_json":{"title":"Serj S\u0259rkisyan: ''Erm\u0259nistan v\u0259 Da\u011fl\u0131q Qaraba\u011f m\u00fcdafi\u0259 raz\u0131la\u015fmas\u0131 imzalamal\u0131d\u0131r'' - MEYDAN.TV","robots":{"index":"index","follow":"follow","max-snippet":"max-snippet:-1","max-image-preview":"max-image-preview:large","max-video-preview":"max-video-preview:-1"},"canonical":"https:\/\/www.meydan.tv\/az\/article\/serj-serkisyan-ermenistan-ve-dagliq-qarabag-mudafie-razilasmasi-imzalamalidir\/","og_locale":"az_AZ","og_type":"article","og_title":"Serj S\u0259rkisyan: ''Erm\u0259nistan v\u0259 Da\u011fl\u0131q Qaraba\u011f m\u00fcdafi\u0259 raz\u0131la\u015fmas\u0131 imzalamal\u0131d\u0131r'' - MEYDAN.TV","og_description":"\u201cDa\u011fl\u0131q Qaraba\u011f m\u0259s\u0259l\u0259si \u0259traf\u0131nda artan g\u0259rginlik fonunda Erm\u0259nistan v\u0259 Da\u011fl\u0131q Qaraba\u011f Respublikas\u0131 xarici i\u015fl\u0259r nazirl\u0259rinin effektiv \u015f\u0259kild\u0259 \u0259m\u0259kda\u015fl\u0131q etm\u0259si \u00fc\u00e7\u00fcn qar\u015f\u0131l\u0131ql\u0131 m\u00fcdafi\u0259 ra\u015f\u0131la\u015fmas\u0131 imzalamas\u0131na ehtiyac var\u201d. Bu t\u0259klifi Erm\u0259nistan prezidenti Serj S\u0259rkisyan Milli T\u0259hl\u00fck\u0259sizlik \u015euras\u0131n\u0131n iclas\u0131nda s\u0259sl\u0259ndirib.","og_url":"https:\/\/www.meydan.tv\/az\/article\/serj-serkisyan-ermenistan-ve-dagliq-qarabag-mudafie-razilasmasi-imzalamalidir\/","og_site_name":"MEYDAN.TV","article_published_time":"2016-04-03T02:03:08+00:00","og_image":[{"width":768,"height":383,"url":"https:\/\/www.meydan.tv\/wp-content\/uploads\/20103.jpg","type":"image\/jpeg"}],"author":"user-manager","twitter_card":"summary_large_image","schema":{"@context":"https:\/\/schema.org","@graph":[{"@type":"Article","@id":"https:\/\/www.meydan.tv\/az\/article\/serj-serkisyan-ermenistan-ve-dagliq-qarabag-mudafie-razilasmasi-imzalamalidir\/#article","isPartOf":{"@id":"https:\/\/www.meydan.tv\/az\/article\/serj-serkisyan-ermenistan-ve-dagliq-qarabag-mudafie-razilasmasi-imzalamalidir\/"},"author":{"name":"user-manager","@id":"https:\/\/www.meydan.tv\/az\/#\/schema\/person\/10d11eccf6da3662cf5fdab9806ea91a"},"headline":"Serj S\u0259rkisyan: &#8221;Erm\u0259nistan v\u0259 Da\u011fl\u0131q Qaraba\u011f m\u00fcdafi\u0259 raz\u0131la\u015fmas\u0131 imzalamal\u0131d\u0131r&#8221;","datePublished":"2016-04-03T02:03:08+00:00","mainEntityOfPage":{"@id":"https:\/\/www.meydan.tv\/az\/article\/serj-serkisyan-ermenistan-ve-dagliq-qarabag-mudafie-razilasmasi-imzalamalidir\/"},"wordCount":616,"publisher":{"@id":"https:\/\/www.meydan.tv\/az\/#organization"},"image":{"@id":"https:\/\/www.meydan.tv\/az\/article\/serj-serkisyan-ermenistan-ve-dagliq-qarabag-mudafie-razilasmasi-imzalamalidir\/#primaryimage"},"thumbnailUrl":"https:\/\/www.meydan.tv\/wp-content\/uploads\/20103.jpg","articleSection":["X\u0259b\u0259rl\u0259r"],"inLanguage":"az"},{"@type":"WebPage","@id":"https:\/\/www.meydan.tv\/az\/article\/serj-serkisyan-ermenistan-ve-dagliq-qarabag-mudafie-razilasmasi-imzalamalidir\/","url":"https:\/\/www.meydan.tv\/az\/article\/serj-serkisyan-ermenistan-ve-dagliq-qarabag-mudafie-razilasmasi-imzalamalidir\/","name":"Serj S\u0259rkisyan: ''Erm\u0259nistan v\u0259 Da\u011fl\u0131q Qaraba\u011f m\u00fcdafi\u0259 raz\u0131la\u015fmas\u0131 imzalamal\u0131d\u0131r'' - MEYDAN.TV","isPartOf":{"@id":"https:\/\/www.meydan.tv\/az\/#website"},"primaryImageOfPage":{"@id":"https:\/\/www.meydan.tv\/az\/article\/serj-serkisyan-ermenistan-ve-dagliq-qarabag-mudafie-razilasmasi-imzalamalidir\/#primaryimage"},"image":{"@id":"https:\/\/www.meydan.tv\/az\/article\/serj-serkisyan-ermenistan-ve-dagliq-qarabag-mudafie-razilasmasi-imzalamalidir\/#primaryimage"},"thumbnailUrl":"https:\/\/www.meydan.tv\/wp-content\/uploads\/20103.jpg","datePublished":"2016-04-03T02:03:08+00:00","breadcrumb":{"@id":"https:\/\/www.meydan.tv\/az\/article\/serj-serkisyan-ermenistan-ve-dagliq-qarabag-mudafie-razilasmasi-imzalamalidir\/#breadcrumb"},"inLanguage":"az","potentialAction":[{"@type":"ReadAction","target":["https:\/\/www.meydan.tv\/az\/article\/serj-serkisyan-ermenistan-ve-dagliq-qarabag-mudafie-razilasmasi-imzalamalidir\/"]}]},{"@type":"ImageObject","inLanguage":"az","@id":"https:\/\/www.meydan.tv\/az\/article\/serj-serkisyan-ermenistan-ve-dagliq-qarabag-mudafie-razilasmasi-imzalamalidir\/#primaryimage","url":"https:\/\/www.meydan.tv\/wp-content\/uploads\/20103.jpg","contentUrl":"https:\/\/www.meydan.tv\/wp-content\/uploads\/20103.jpg","width":768,"height":383,"caption":"Source:"},{"@type":"BreadcrumbList","@id":"https:\/\/www.meydan.tv\/az\/article\/serj-serkisyan-ermenistan-ve-dagliq-qarabag-mudafie-razilasmasi-imzalamalidir\/#breadcrumb","itemListElement":[{"@type":"ListItem","position":1,"name":"Ana s\u0259hif\u0259","item":"https:\/\/www.meydan.tv\/az\/"},{"@type":"ListItem","position":2,"name":"X\u0259b\u0259rl\u0259r","item":"https:\/\/www.meydan.tv\/az\/section\/xeberler\/"},{"@type":"ListItem","position":3,"name":"Serj S\u0259rkisyan: &#8221;Erm\u0259nistan v\u0259 Da\u011fl\u0131q Qaraba\u011f m\u00fcdafi\u0259 raz\u0131la\u015fmas\u0131 imzalamal\u0131d\u0131r&#8221;"}]},{"@type":"WebSite","@id":"https:\/\/www.meydan.tv\/az\/#website","url":"https:\/\/www.meydan.tv\/az\/","name":"MEYDAN.TV","description":"Meydan TV Az\u0259rbaycan\u0131n media m\u0259kan\u0131ndak\u0131 alternativ s\u0259sidir","publisher":{"@id":"https:\/\/www.meydan.tv\/az\/#organization"},"potentialAction":[{"@type":"SearchAction","target":{"@type":"EntryPoint","urlTemplate":"https:\/\/www.meydan.tv\/az\/?s={search_term_string}"},"query-input":{"@type":"PropertyValueSpecification","valueRequired":true,"valueName":"search_term_string"}}],"inLanguage":"az"},{"@type":"Organization","@id":"https:\/\/www.meydan.tv\/az\/#organization","name":"Meydan TV","url":"https:\/\/www.meydan.tv\/az\/","logo":{"@type":"ImageObject","inLanguage":"az","@id":"https:\/\/www.meydan.tv\/az\/#\/schema\/logo\/image\/","url":"https:\/\/www.meydan.tv\/wp-content\/uploads\/2021\/07\/meydan-logo.svg","contentUrl":"https:\/\/www.meydan.tv\/wp-content\/uploads\/2021\/07\/meydan-logo.svg","width":195,"height":46,"caption":"Meydan TV"},"image":{"@id":"https:\/\/www.meydan.tv\/az\/#\/schema\/logo\/image\/"}},{"@type":"Person","@id":"https:\/\/www.meydan.tv\/az\/#\/schema\/person\/10d11eccf6da3662cf5fdab9806ea91a","name":"user-manager"}]}},"_links":{"self":[{"href":"https:\/\/www.meydan.tv\/az\/wp-json\/wp\/v2\/posts\/174800","targetHints":{"allow":["GET"]}}],"collection":[{"href":"https:\/\/www.meydan.tv\/az\/wp-json\/wp\/v2\/posts"}],"about":[{"href":"https:\/\/www.meydan.tv\/az\/wp-json\/wp\/v2\/types\/post"}],"author":[{"embeddable":true,"href":"https:\/\/www.meydan.tv\/az\/wp-json\/wp\/v2\/users\/11"}],"replies":[{"embeddable":true,"href":"https:\/\/www.meydan.tv\/az\/wp-json\/wp\/v2\/comments?post=174800"}],"version-history":[{"count":0,"href":"https:\/\/www.meydan.tv\/az\/wp-json\/wp\/v2\/posts\/174800\/revisions"}],"wp:featuredmedia":[{"embeddable":true,"href":"https:\/\/www.meydan.tv\/az\/wp-json\/wp\/v2\/media\/53279"}],"wp:attachment":[{"href":"https:\/\/www.meydan.tv\/az\/wp-json\/wp\/v2\/media?parent=174800"}],"wp:term":[{"taxonomy":"category","embeddable":true,"href":"https:\/\/www.meydan.tv\/az\/wp-json\/wp\/v2\/categories?post=174800"},{"taxonomy":"post_tag","embeddable":true,"href":"https:\/\/www.meydan.tv\/az\/wp-json\/wp\/v2\/tags?post=174800"}],"curies":[{"name":"wp","href":"https:\/\/api.w.org\/{rel}","templated":true}]}}