{"id":174795,"date":"2016-04-03T01:16:23","date_gmt":"2016-04-03T01:16:23","guid":{"rendered":"https:\/\/www.meydan.tv\/article\/ele-bil-her-teref-dagilirdi-video\/"},"modified":"2016-04-03T01:16:23","modified_gmt":"2016-04-03T01:16:23","slug":"ele-bil-her-teref-dagilirdi-video","status":"publish","type":"post","link":"https:\/\/www.meydan.tv\/az\/article\/ele-bil-her-teref-dagilirdi-video\/","title":{"rendered":"&#8221;El\u0259 bil h\u0259r t\u0259r\u0259f da\u011f\u0131l\u0131rd\u0131&#8221; (V\u0130DEO)"},"content":{"rendered":"<figure class=\"wp-block-embed is-type-video is-provider-youtube wp-block-embed-youtube wp-embed-aspect-16-9 wp-has-aspect-ratio\">\n<div class=\"wp-block-embed__wrapper\">\n    <iframe loading=\"lazy\"\ttitle=\"\" width=\"1200\" height=\"675\" src=\"https:\/\/www.youtube.com\/embed\/PbOgHsDA4zs\"\tframeborder=\"0\"\tallow=\"accelerometer; autoplay; clipboard-write; encrypted-media; gyroscope; picture-in-picture\" allowfullscreen><\/iframe>\n  <\/div><figcaption><\/figcaption><\/figure>\n<p>\n  T\u0259rt\u0259rd\u0259 ya\u015fayan sakinl\u0259rin b\u0259zisi \u015fidd\u0259tli d\u00f6y\u00fc\u015fl\u0259r n\u0259tic\u0259sind\u0259 evl\u0259rind\u0259n \u00e7\u0131x\u0131b qon\u015fu rayonlara \u00fcz tutublar. Onlar\u0131n s\u00f6zl\u0259rin\u0259 g\u00f6r\u0259, m\u0259rmi h\u0259y\u0259tl\u0259rin\u0259 d\u00fc\u015fd\u00fcy\u00fcnd\u0259n evl\u0259rini m\u00fcv\u0259qq\u0259ti t\u0259rk etm\u0259li olublar. Meydan TV onlardan bir ne\u00e7\u0259si il\u0259 s\u00f6hb\u0259tl\u0259\u015fib. Sakinl\u0259rin s\u00f6zl\u0259rin\u0259 g\u00f6r\u0259, \u00f6t\u0259n gec\u0259 saat 03:00 rad\u0259l\u0259rind\u0259 at\u0131\u015fma ba\u015flay\u0131b v\u0259 s\u0259h\u0259r\u0259 q\u0259d\u0259r davam edib.\n<\/p>\n<p>\n  T\u0259rt\u0259r sakini\u00a0G\u00fclar\u0259 \u018fliyevan\u0131n s\u00f6zl\u0259rin\u0259 g\u00f6r\u0259, saat 3-d\u0259n s\u0259h\u0259r\u0259 q\u0259d\u0259r at\u0259\u015f s\u0259sl\u0259ri s\u0259ngim\u0259yib. &#8220;Biz saat 10-da \u00e7\u0131xd\u0131q T\u0259rt\u0259rd\u0259n. Bizd\u0259n sonra da davam edib. Dayanmay\u0131blar. Evl\u0259r\u0259 d\u0259y\u0259n g\u00fcll\u0259l\u0259rd\u0259n yaralanan olmay\u0131b. \u0130\u00e7\u0259ri bo\u015f idi. Amma ev da\u011f\u0131l\u0131b&#8221;.\n<\/p>\n<p>\n  Dig\u0259r sakin\u00a0Kifay\u0259t Quliyeva is\u0259 B\u0259rd\u0259y\u0259 g\u0259lm\u0259sinin s\u0259b\u0259bini at\u0131\u015fman\u0131n \u015fidd\u0259tli olmas\u0131 il\u0259 \u0259sasland\u0131r\u0131r. &#8220;M\u0259rmil\u0259r ev\u0259, qap\u0131ya-bacaya d\u00fc\u015fd\u00fcy\u00fc \u00fc\u00e7\u00fcn bura g\u0259lmi\u015fik. Ya\u015fay\u0131\u015f\u0131m\u0131z da pis g\u00fcnd\u0259. Bizi he\u00e7 kim \u00e7\u0131xarmay\u0131b, \u00f6z\u00fcm\u00fcz \u00e7\u0131xm\u0131\u015f\u0131q. H\u00f6kum\u0259t biz\u0259 dey\u0259rmi &#8220;qa\u00e7&#8221;?!&#8221;\n<\/p>\n<p>\n  Sakinl\u0259rin s\u00f6zl\u0259rin\u0259 g\u00f6r\u0259, c\u0259bh\u0259 b\u00f6lg\u0259sind\u0259 konturun qiym\u0259tini d\u0259 20 q\u0259pik art\u0131r\u0131blar.<\/p>\n","protected":false},"excerpt":{"rendered":"<p>&#8220;M\u0259rmil\u0259r ev\u0259, qap\u0131ya-bacaya d\u00fc\u015fd\u00fcy\u00fc \u00fc\u00e7\u00fcn bura g\u0259lmi\u015fik. Ya\u015fay\u0131\u015f\u0131m\u0131z da pis g\u00fcnd\u0259&#8221;.<\/p>\n","protected":false},"author":11,"featured_media":53267,"comment_status":"closed","ping_status":"open","sticky":false,"template":"","format":"standard","meta":{"_acf_changed":false,"_sitemap_exclude":false,"_sitemap_priority":"","_sitemap_frequency":"","footnotes":""},"categories":[63],"tags":[],"class_list":["post-174795","post","type-post","status-publish","format-standard","has-post-thumbnail","hentry","category-video-2","infinite-scroll-item","generate-columns","tablet-grid-50","mobile-grid-100","grid-parent","grid-33","no-featured-image-padding"],"acf":[],"yoast_head":"<!-- This site is optimized with the Yoast SEO plugin v28.4 - https:\/\/yoast.com\/product\/yoast-seo-wordpress\/ -->\n<title>&#039;&#039;El\u0259 bil h\u0259r t\u0259r\u0259f da\u011f\u0131l\u0131rd\u0131&#039;&#039; (V\u0130DEO) - MEYDAN.TV<\/title>\n<meta name=\"robots\" content=\"index, follow, max-snippet:-1, max-image-preview:large, max-video-preview:-1\" \/>\n<link rel=\"canonical\" href=\"https:\/\/www.meydan.tv\/az\/article\/ele-bil-her-teref-dagilirdi-video\/\" \/>\n<meta property=\"og:locale\" content=\"az_AZ\" \/>\n<meta property=\"og:type\" content=\"article\" \/>\n<meta property=\"og:title\" content=\"&#039;&#039;El\u0259 bil h\u0259r t\u0259r\u0259f da\u011f\u0131l\u0131rd\u0131&#039;&#039; (V\u0130DEO) - MEYDAN.TV\" \/>\n<meta property=\"og:description\" content=\"&quot;M\u0259rmil\u0259r ev\u0259, qap\u0131ya-bacaya d\u00fc\u015fd\u00fcy\u00fc \u00fc\u00e7\u00fcn bura g\u0259lmi\u015fik. Ya\u015fay\u0131\u015f\u0131m\u0131z da pis g\u00fcnd\u0259&quot;.\" \/>\n<meta property=\"og:url\" content=\"https:\/\/www.meydan.tv\/az\/article\/ele-bil-her-teref-dagilirdi-video\/\" \/>\n<meta property=\"og:site_name\" content=\"MEYDAN.TV\" \/>\n<meta property=\"article:published_time\" content=\"2016-04-03T01:16:23+00:00\" \/>\n<meta property=\"og:image\" content=\"https:\/\/www.meydan.tv\/wp-content\/uploads\/20102.jpg\" \/>\n\t<meta property=\"og:image:width\" content=\"969\" \/>\n\t<meta property=\"og:image:height\" content=\"539\" \/>\n\t<meta property=\"og:image:type\" content=\"image\/jpeg\" \/>\n<meta name=\"twitter:card\" content=\"summary_large_image\" \/>\n<!-- \/ Yoast SEO plugin. -->","yoast_head_json":{"title":"''El\u0259 bil h\u0259r t\u0259r\u0259f da\u011f\u0131l\u0131rd\u0131'' (V\u0130DEO) - MEYDAN.TV","robots":{"index":"index","follow":"follow","max-snippet":"max-snippet:-1","max-image-preview":"max-image-preview:large","max-video-preview":"max-video-preview:-1"},"canonical":"https:\/\/www.meydan.tv\/az\/article\/ele-bil-her-teref-dagilirdi-video\/","og_locale":"az_AZ","og_type":"article","og_title":"''El\u0259 bil h\u0259r t\u0259r\u0259f da\u011f\u0131l\u0131rd\u0131'' (V\u0130DEO) - MEYDAN.TV","og_description":"\"M\u0259rmil\u0259r ev\u0259, qap\u0131ya-bacaya d\u00fc\u015fd\u00fcy\u00fc \u00fc\u00e7\u00fcn bura g\u0259lmi\u015fik. Ya\u015fay\u0131\u015f\u0131m\u0131z da pis g\u00fcnd\u0259\".","og_url":"https:\/\/www.meydan.tv\/az\/article\/ele-bil-her-teref-dagilirdi-video\/","og_site_name":"MEYDAN.TV","article_published_time":"2016-04-03T01:16:23+00:00","og_image":[{"width":969,"height":539,"url":"https:\/\/www.meydan.tv\/wp-content\/uploads\/20102.jpg","type":"image\/jpeg"}],"twitter_card":"summary_large_image","schema":{"@context":"https:\/\/schema.org","@graph":[{"@type":"Article","@id":"https:\/\/www.meydan.tv\/az\/article\/ele-bil-her-teref-dagilirdi-video\/#article","isPartOf":{"@id":"https:\/\/www.meydan.tv\/az\/article\/ele-bil-her-teref-dagilirdi-video\/"},"author":{"name":"user-manager","@id":"https:\/\/www.meydan.tv\/az\/#\/schema\/person\/10d11eccf6da3662cf5fdab9806ea91a"},"headline":"&#8221;El\u0259 bil h\u0259r t\u0259r\u0259f da\u011f\u0131l\u0131rd\u0131&#8221; (V\u0130DEO)","datePublished":"2016-04-03T01:16:23+00:00","mainEntityOfPage":{"@id":"https:\/\/www.meydan.tv\/az\/article\/ele-bil-her-teref-dagilirdi-video\/"},"wordCount":261,"publisher":{"@id":"https:\/\/www.meydan.tv\/az\/#organization"},"image":{"@id":"https:\/\/www.meydan.tv\/az\/article\/ele-bil-her-teref-dagilirdi-video\/#primaryimage"},"thumbnailUrl":"https:\/\/www.meydan.tv\/wp-content\/uploads\/20102.jpg","articleSection":["Video"],"inLanguage":"az"},{"@type":"WebPage","@id":"https:\/\/www.meydan.tv\/az\/article\/ele-bil-her-teref-dagilirdi-video\/","url":"https:\/\/www.meydan.tv\/az\/article\/ele-bil-her-teref-dagilirdi-video\/","name":"''El\u0259 bil h\u0259r t\u0259r\u0259f da\u011f\u0131l\u0131rd\u0131'' (V\u0130DEO) - MEYDAN.TV","isPartOf":{"@id":"https:\/\/www.meydan.tv\/az\/#website"},"primaryImageOfPage":{"@id":"https:\/\/www.meydan.tv\/az\/article\/ele-bil-her-teref-dagilirdi-video\/#primaryimage"},"image":{"@id":"https:\/\/www.meydan.tv\/az\/article\/ele-bil-her-teref-dagilirdi-video\/#primaryimage"},"thumbnailUrl":"https:\/\/www.meydan.tv\/wp-content\/uploads\/20102.jpg","datePublished":"2016-04-03T01:16:23+00:00","breadcrumb":{"@id":"https:\/\/www.meydan.tv\/az\/article\/ele-bil-her-teref-dagilirdi-video\/#breadcrumb"},"inLanguage":"az","potentialAction":[{"@type":"ReadAction","target":["https:\/\/www.meydan.tv\/az\/article\/ele-bil-her-teref-dagilirdi-video\/"]}]},{"@type":"ImageObject","inLanguage":"az","@id":"https:\/\/www.meydan.tv\/az\/article\/ele-bil-her-teref-dagilirdi-video\/#primaryimage","url":"https:\/\/www.meydan.tv\/wp-content\/uploads\/20102.jpg","contentUrl":"https:\/\/www.meydan.tv\/wp-content\/uploads\/20102.jpg","width":969,"height":539,"caption":"Source:"},{"@type":"BreadcrumbList","@id":"https:\/\/www.meydan.tv\/az\/article\/ele-bil-her-teref-dagilirdi-video\/#breadcrumb","itemListElement":[{"@type":"ListItem","position":1,"name":"Ana s\u0259hif\u0259","item":"https:\/\/www.meydan.tv\/az\/"},{"@type":"ListItem","position":2,"name":"Video","item":"https:\/\/www.meydan.tv\/az\/section\/video-2\/"},{"@type":"ListItem","position":3,"name":"&#8221;El\u0259 bil h\u0259r t\u0259r\u0259f da\u011f\u0131l\u0131rd\u0131&#8221; (V\u0130DEO)"}]},{"@type":"WebSite","@id":"https:\/\/www.meydan.tv\/az\/#website","url":"https:\/\/www.meydan.tv\/az\/","name":"MEYDAN.TV","description":"Meydan TV Az\u0259rbaycan\u0131n media m\u0259kan\u0131ndak\u0131 alternativ s\u0259sidir","publisher":{"@id":"https:\/\/www.meydan.tv\/az\/#organization"},"potentialAction":[{"@type":"SearchAction","target":{"@type":"EntryPoint","urlTemplate":"https:\/\/www.meydan.tv\/az\/?s={search_term_string}"},"query-input":{"@type":"PropertyValueSpecification","valueRequired":true,"valueName":"search_term_string"}}],"inLanguage":"az"},{"@type":"Organization","@id":"https:\/\/www.meydan.tv\/az\/#organization","name":"Meydan TV","url":"https:\/\/www.meydan.tv\/az\/","logo":{"@type":"ImageObject","inLanguage":"az","@id":"https:\/\/www.meydan.tv\/az\/#\/schema\/logo\/image\/","url":"https:\/\/www.meydan.tv\/wp-content\/uploads\/2021\/07\/meydan-logo.svg","contentUrl":"https:\/\/www.meydan.tv\/wp-content\/uploads\/2021\/07\/meydan-logo.svg","width":195,"height":46,"caption":"Meydan TV"},"image":{"@id":"https:\/\/www.meydan.tv\/az\/#\/schema\/logo\/image\/"}},{"@type":"Person","@id":"https:\/\/www.meydan.tv\/az\/#\/schema\/person\/10d11eccf6da3662cf5fdab9806ea91a","name":"user-manager"}]}},"_links":{"self":[{"href":"https:\/\/www.meydan.tv\/az\/wp-json\/wp\/v2\/posts\/174795","targetHints":{"allow":["GET"]}}],"collection":[{"href":"https:\/\/www.meydan.tv\/az\/wp-json\/wp\/v2\/posts"}],"about":[{"href":"https:\/\/www.meydan.tv\/az\/wp-json\/wp\/v2\/types\/post"}],"author":[{"embeddable":true,"href":"https:\/\/www.meydan.tv\/az\/wp-json\/wp\/v2\/users\/11"}],"replies":[{"embeddable":true,"href":"https:\/\/www.meydan.tv\/az\/wp-json\/wp\/v2\/comments?post=174795"}],"version-history":[{"count":0,"href":"https:\/\/www.meydan.tv\/az\/wp-json\/wp\/v2\/posts\/174795\/revisions"}],"wp:featuredmedia":[{"embeddable":true,"href":"https:\/\/www.meydan.tv\/az\/wp-json\/wp\/v2\/media\/53267"}],"wp:attachment":[{"href":"https:\/\/www.meydan.tv\/az\/wp-json\/wp\/v2\/media?parent=174795"}],"wp:term":[{"taxonomy":"category","embeddable":true,"href":"https:\/\/www.meydan.tv\/az\/wp-json\/wp\/v2\/categories?post=174795"},{"taxonomy":"post_tag","embeddable":true,"href":"https:\/\/www.meydan.tv\/az\/wp-json\/wp\/v2\/tags?post=174795"}],"curies":[{"name":"wp","href":"https:\/\/api.w.org\/{rel}","templated":true}]}}