{"id":174793,"date":"2016-04-02T20:46:41","date_gmt":"2016-04-02T20:46:41","guid":{"rendered":"https:\/\/www.meydan.tv\/article\/o-dermanlar-olkeye-nece-gelir\/"},"modified":"2016-04-02T20:46:41","modified_gmt":"2016-04-02T20:46:41","slug":"o-dermanlar-olkeye-nece-gelir","status":"publish","type":"post","link":"https:\/\/www.meydan.tv\/az\/article\/o-dermanlar-olkeye-nece-gelir\/","title":{"rendered":"O d\u0259rmanlar \u00f6lk\u0259y\u0259 nec\u0259 g\u0259lir?"},"content":{"rendered":"<figure class=\"wp-block-image size-large\">\n  <img decoding=\"async\" src=\"https:\/\/www.meydan.tv\/az\/53108\/\" alt=\"\" class=\"wp-image-53108\"\/><figcaption><\/figcaption><\/figure>\n<figure class=\"wp-block-image size-large\">\n  <img decoding=\"async\" src=\"https:\/\/www.meydan.tv\/az\/53111\/\" alt=\"\" class=\"wp-image-53111\"\/><figcaption><\/figcaption><\/figure>\n<p>\n  Bu yax\u0131nlarda S\u0259hiyy\u0259 Nazirliyinin bir q\u0259rar\u0131 il\u0259 tan\u0131\u015f oldum \u201cTibb\u201d q\u0259zetind\u0259. Burda xat\u0131rlay\u0131b t\u0259krar \u00f6z\u00fcm\u00fcn v\u0259 sizin qan\u0131n\u0131z\u0131 qaraltmaq ist\u0259mir\u0259m. S\u00f6z\u00fcged\u0259n q\u0259rar ilk bax\u0131\u015fdan adamda el\u0259 t\u0259\u0259ss\u00fcrat oyad\u0131r ki, sanki tibbd\u0259n, s\u0259hiyy\u0259 sistemind\u0259n ba\u015f\u0131 \u00e7\u0131xmayan adamlar oturublar S\u0259hiyy\u0259 Nazirliyind\u0259. Yaz\u0131rlar, pozurlar, q\u0259rarlar verirl\u0259r. Tibb\u0259 bir qram da aidiyyat\u0131 yoxdur bunlar\u0131n.\n<\/p>\n<blockquote><p>\n  V\u0259zif\u0259y\u0259 t\u0259sadufi g\u0259lmi\u015f adamlard\u0131r sanki. Biri inc\u0259s\u0259n\u0259t xadimidir,dig\u0259ri aqronom, bir ba\u015fqas\u0131 da m\u00fcst\u0259ntiq. H\u0259r\u0259 \u00f6z \u00f6l\u00e7\u00fcs\u00fcn\u0259, \u00f6z s\u0259viyy\u0259sin\u0259 uy\u011fun s\u00f6z deyir, fikir y\u00fcr\u00fcd\u00fcr. Reall\u0131q hissini itiribl\u0259r. Sanki ba\u015fqa planetd\u0259 oturub, Az\u0259rbaycan haqq\u0131nda, Az\u0259rbaycandak\u0131 h\u0259yat haqq\u0131nda fikir y\u00fcr\u00fcd\u00fcrl\u0259r.\n<\/p><\/blockquote>\n<p>\n  Bunlar\u0131n u\u00e7ulub-t\u00f6k\u00fcl\u0259n x\u0259st\u0259xanalardan, bo\u011faza kimi c\u0259hal\u0259t\u0259 bula\u015fm\u0131\u015f h\u0259kiml\u0259rd\u0259n, keyfiyy\u0259tsiz d\u0259rmanlardan x\u0259b\u0259rl\u0259ri yoxdur. M\u0259n bildiyim h\u0259l\u0259 budur, i\u00e7ind\u0259 oldu\u011fum s\u0259hiyy\u0259 sistemidir.\n<\/p>\n<p>\n  B\u0259s neyl\u0259m\u0259li? Sad\u0259 sual\u0131n sad\u0259 d\u0259 cavab\u0131 var. A\u011f\u0131ll\u0131 olmaq. Burda s\u00f6hb\u0259t beyin q\u0131r\u0131\u015flar\u0131ndan v\u0259 yaxud ikinci siqnal sisteminden getmir. \u00d6z i\u015fin\u0259 a\u011f\u0131lla yana\u015fmaqdan gedir. Az\u0259rbaycandan xaricd\u0259 n\u0259 q\u0259d\u0259r savadl\u0131 az\u0259rbaycanl\u0131 h\u0259kiml\u0259r var ki, \u00f6z ya\u015fad\u0131qlar\u0131 \u00f6lk\u0259l\u0259rd\u0259 y\u00fcks\u0259k reytinq\u0259 sahibdirl\u0259r. Ist\u0259s\u0259niz, internetden maraqlana bil\u0259rsiniz. S\u00f6z\u00fcn \u0259sl m\u0259nas\u0131nda d\u00fcnya s\u0259viyy\u0259li h\u0259kiml\u0259r.\n<\/p>\n<p>\n  B\u0259s n\u0259 zamansa, o h\u0259kiml\u0259ri Az\u0259rbaycana, Tibb universitetin\u0259 d\u0259v\u0259t el\u0259yibl\u0259rmi? D\u0259rs dem\u0259yi, m\u00fchazir\u0259l\u0259r s\u00f6yl\u0259m\u0259yi, t\u0259cr\u00fcb\u0259l\u0259rini b\u00f6l\u00fc\u015fm\u0259yi t\u0259klif edibl\u0259rmi? Onlar\u0131n elmi i\u015fini Az\u0259rbaycan dilin\u0259 t\u0259rc\u00fcm\u0259 edib, d\u0259rslikl\u0259r\u0259 sal\u0131blarm\u0131? Kitabxanalara veribl\u0259rmi? Hans\u0131sa xaricd\u0259 ya\u015fayan h\u0259myerlimiz\u0259 t\u0259klif edibl\u0259rmi ki, m\u00fcqavil\u0259 \u0259sas\u0131nda g\u0259lsin 1 ay, para ay m\u00fchazir\u0259sini desin?\n<\/p>\n<p>\n  M\u0259n bilmir\u0259m, e\u015fitm\u0259mi\u015f\u0259m. \u018fn az\u0131ndan, \u00f6z\u00fcm t\u0259hsil ald\u0131\u011f\u0131m 2001-2007-ci ill\u0259rd\u0259 d\u0259 bel\u0259 bir \u015feyl\u0259 rastla\u015fmad\u0131m. El\u0259mirl\u0259r, \u00e7\u00fcnki s\u0259rf el\u0259mir \u00f6zl\u0259rin\u0259. Nazirlikd\u0259ki islahata getm\u0259k ist\u0259mir, \u00e7\u00fcnki d\u0259rman, klinika biznesin\u0259 ziyand\u0131r. \u00d6lk\u0259d\u0259 bu sektorda \u00e7al\u0131\u015fan ham\u0131ya a\u00e7\u0131q-ayd\u0131n m\u0259lumdur ki, xaricd\u0259n g\u0259tiril\u0259n d\u0259rmanlar hans\u0131 yolla \u201canaliz olunub\u201d lisenziya al\u0131n\u0131r. Ne\u00e7\u0259 ildir ki, televiziyalar ba\u015fda olmaqla, insanlar\u0131n beynin\u0259 \u201ch\u0259kim-keyfiyy\u0259tsiz d\u0259rman s\u00f6hb\u0259tini yeridirl\u0259r. Ama bir adam qalx\u0131b demir ki, bu d\u0259rmanlar hans\u0131 yolnan g\u0259lir \u00f6lk\u0259y\u0259? Kim bunlara lisenziya verir?\n<\/p>\n<p>\n  \u0130ndi b\u00fct\u00fcn bunlar g\u00f6z qaba\u011f\u0131nda ola-ola hans\u0131 islahatdan dan\u0131\u015fma\u011fa d\u0259y\u0259r?\n<\/p>\n<blockquote><p>\n  Universitetind\u0259ki islahata getm\u0259k ist\u0259mir, \u00e7\u00fcnki biznesin\u0259 ziyand\u0131r. T\u0259hsil ald\u0131\u011f\u0131m ill\u0259rd\u0259 bir d\u0259n\u0259 xarici m\u00fc\u0259llifin kitab\u0131 t\u0259rc\u00fcm\u0259 olunub, \u00e7ap olunmad\u0131. Ancaq \u00f6z kitablar\u0131, v\u0259ssalam. \u00d6z\u00fc d\u0259 t\u0259l\u0259b\u0259l\u0259r\u0259 m\u0259cburi qaydada sat\u0131lmaq \u015f\u0259rtil\u0259. Biznes, biznes yen\u0259 d\u0259 biznes. \u00d6lk\u0259 ba\u015fdan aya\u011fa biznes obyektin\u0259 \u00e7evrilib. Qocaman professorlar\u0131n \u00e7oxu islahata getmir, bilirl\u0259r ki, sonlar\u0131 olacaq sistem d\u0259yi\u015fils\u0259. \u00c7\u00fcnki quru m\u00fcq\u0259vvad\u0131rlar. Y\u00fcng\u00fcl t\u0259kan laz\u0131md\u0131r u\u00e7urub, da\u011f\u0131tma\u011fa.\u00a0Bird\u0259f\u0259lik ba\u015fa d\u00fc\u015f\u00fcn ki, bunun sonu yoxdur. Bu, ba\u015f aldatmaqd\u0131r. S\u0259hn\u0259cikl\u0259r qurublar orda, komediya, faci\u0259 oynay\u0131rlar.\n<\/p><\/blockquote>\n<p>\n  Dahil\u0259rd\u0259n kimins\u0259 s\u00f6z\u00fcd\u00fcr bu, ad\u0131n\u0131 d\u0259qiq dey\u0259mmiy\u0259c\u0259m: Bizim \u0259n b\u00f6y\u00fck m\u00fc\u0259llimimiz, s\u0259hvl\u0259rimizdir. S\u0259hvl\u0259rimizd\u0259n n\u0259tic\u0259 \u00e7\u0131xartmal\u0131 v\u0259 reall\u0131q hissin\u0259 qay\u0131tmal\u0131y\u0131q. Son hadis\u0259l\u0259r d\u0259 bunu g\u00f6st\u0259rdi ki, indiy\u0259 kimi bu \u00f6k\u0259d\u0259 qanunvericilik, n\u0259 bilim, d\u00f6vl\u0259t\u00e7ilik, islahat ham\u0131s\u0131 sad\u0259c\u0259 bir imitasiyad\u0131r. Bird\u0259f\u0259lik ba\u015fa d\u00fc\u015fm\u0259li v\u0259 ba\u015fa salmal\u0131y\u0131q ki, art\u0131q ind\u0259n bel\u0259 he\u00e7 n\u0259yi d\u0259yi\u015fm\u0259k m\u00fcmk\u00fcn deyil.\n<\/p>\n<p>\n  Yegan\u0259 d\u0259yi\u015fil\u0259si \u015fey varsa da, art\u0131q qocalan, k\u00f6t\u00fckl\u0259\u015f\u0259n \u00f6zl\u0259ridir. 23 ild\u0259 d\u0259yi\u015filmiy\u0259n \u015feyi 2-3 ild\u0259 d\u0259yi\u015fm\u0259k absurddur. Bu m\u0259qs\u0259dsiz, sonu g\u00f6r\u00fcnm\u0259y\u0259n bir i\u015fdir. Ax\u0131r\u0131 nec\u0259 olacaq hara \u00e7\u0131xacaq, m\u0259lum m\u0259s\u0259l\u0259dir.<br \/>\n  <br \/>\n  Can\u0131m\u0131z\u0131n sa\u011flaml\u0131\u011f\u0131na fikir ver\u0259k, c\u0259nablar. \u00c7\u00fcnki g\u00f6r\u00fcl\u0259si h\u0259l\u0259 \u00e7ox i\u015fl\u0259rimiz var.\n<\/p>\n<p>\n  <b><br \/>\n    Yaz\u0131 m\u00fc\u0259llifin \u015f\u0259xsi m\u00f6vqeyini \u0259ks etdirir&#8230;<br \/>\n  <\/b><\/p>\n","protected":false},"excerpt":{"rendered":"<p>Ba\u015fqa planetin adamlar\u0131<\/p>\n","protected":false},"author":11,"featured_media":53108,"comment_status":"closed","ping_status":"open","sticky":false,"template":"","format":"standard","meta":{"_acf_changed":false,"_sitemap_exclude":false,"_sitemap_priority":"","_sitemap_frequency":"","footnotes":""},"categories":[57],"tags":[],"class_list":["post-174793","post","type-post","status-publish","format-standard","has-post-thumbnail","hentry","category-menim-fikrimce","infinite-scroll-item","generate-columns","tablet-grid-50","mobile-grid-100","grid-parent","grid-33","no-featured-image-padding"],"acf":[],"yoast_head":"<!-- This site is optimized with the Yoast SEO plugin v27.5 - https:\/\/yoast.com\/product\/yoast-seo-wordpress\/ -->\n<title>O d\u0259rmanlar \u00f6lk\u0259y\u0259 nec\u0259 g\u0259lir? - MEYDAN.TV<\/title>\n<meta name=\"robots\" content=\"index, follow, max-snippet:-1, max-image-preview:large, max-video-preview:-1\" \/>\n<link rel=\"canonical\" href=\"https:\/\/www.meydan.tv\/az\/article\/o-dermanlar-olkeye-nece-gelir\/\" \/>\n<meta property=\"og:locale\" content=\"az_AZ\" \/>\n<meta property=\"og:type\" content=\"article\" \/>\n<meta property=\"og:title\" content=\"O d\u0259rmanlar \u00f6lk\u0259y\u0259 nec\u0259 g\u0259lir? - MEYDAN.TV\" \/>\n<meta property=\"og:description\" content=\"Ba\u015fqa planetin adamlar\u0131\" \/>\n<meta property=\"og:url\" content=\"https:\/\/www.meydan.tv\/az\/article\/o-dermanlar-olkeye-nece-gelir\/\" \/>\n<meta property=\"og:site_name\" content=\"MEYDAN.TV\" \/>\n<meta property=\"article:published_time\" content=\"2016-04-02T20:46:41+00:00\" \/>\n<meta property=\"og:image\" content=\"https:\/\/www.meydan.tv\/wp-content\/uploads\/20093.jpg\" \/>\n\t<meta property=\"og:image:width\" content=\"500\" \/>\n\t<meta property=\"og:image:height\" content=\"500\" \/>\n\t<meta property=\"og:image:type\" content=\"image\/jpeg\" \/>\n<meta name=\"author\" content=\"user-manager\" \/>\n<meta name=\"twitter:card\" content=\"summary_large_image\" \/>\n<script type=\"application\/ld+json\" class=\"yoast-schema-graph\">{\"@context\":\"https:\\\/\\\/schema.org\",\"@graph\":[{\"@type\":\"Article\",\"@id\":\"https:\\\/\\\/www.meydan.tv\\\/az\\\/article\\\/o-dermanlar-olkeye-nece-gelir\\\/#article\",\"isPartOf\":{\"@id\":\"https:\\\/\\\/www.meydan.tv\\\/az\\\/article\\\/o-dermanlar-olkeye-nece-gelir\\\/\"},\"author\":{\"name\":\"user-manager\",\"@id\":\"https:\\\/\\\/www.meydan.tv\\\/az\\\/#\\\/schema\\\/person\\\/10d11eccf6da3662cf5fdab9806ea91a\"},\"headline\":\"O d\u0259rmanlar \u00f6lk\u0259y\u0259 nec\u0259 g\u0259lir?\",\"datePublished\":\"2016-04-02T20:46:41+00:00\",\"mainEntityOfPage\":{\"@id\":\"https:\\\/\\\/www.meydan.tv\\\/az\\\/article\\\/o-dermanlar-olkeye-nece-gelir\\\/\"},\"wordCount\":828,\"publisher\":{\"@id\":\"https:\\\/\\\/www.meydan.tv\\\/az\\\/#organization\"},\"image\":{\"@id\":\"https:\\\/\\\/www.meydan.tv\\\/az\\\/article\\\/o-dermanlar-olkeye-nece-gelir\\\/#primaryimage\"},\"thumbnailUrl\":\"https:\\\/\\\/www.meydan.tv\\\/wp-content\\\/uploads\\\/20093.jpg\",\"articleSection\":[\"M\u0259nim Fikrimc\u0259\"],\"inLanguage\":\"az\"},{\"@type\":\"WebPage\",\"@id\":\"https:\\\/\\\/www.meydan.tv\\\/az\\\/article\\\/o-dermanlar-olkeye-nece-gelir\\\/\",\"url\":\"https:\\\/\\\/www.meydan.tv\\\/az\\\/article\\\/o-dermanlar-olkeye-nece-gelir\\\/\",\"name\":\"O d\u0259rmanlar \u00f6lk\u0259y\u0259 nec\u0259 g\u0259lir? - MEYDAN.TV\",\"isPartOf\":{\"@id\":\"https:\\\/\\\/www.meydan.tv\\\/az\\\/#website\"},\"primaryImageOfPage\":{\"@id\":\"https:\\\/\\\/www.meydan.tv\\\/az\\\/article\\\/o-dermanlar-olkeye-nece-gelir\\\/#primaryimage\"},\"image\":{\"@id\":\"https:\\\/\\\/www.meydan.tv\\\/az\\\/article\\\/o-dermanlar-olkeye-nece-gelir\\\/#primaryimage\"},\"thumbnailUrl\":\"https:\\\/\\\/www.meydan.tv\\\/wp-content\\\/uploads\\\/20093.jpg\",\"datePublished\":\"2016-04-02T20:46:41+00:00\",\"breadcrumb\":{\"@id\":\"https:\\\/\\\/www.meydan.tv\\\/az\\\/article\\\/o-dermanlar-olkeye-nece-gelir\\\/#breadcrumb\"},\"inLanguage\":\"az\",\"potentialAction\":[{\"@type\":\"ReadAction\",\"target\":[\"https:\\\/\\\/www.meydan.tv\\\/az\\\/article\\\/o-dermanlar-olkeye-nece-gelir\\\/\"]}]},{\"@type\":\"ImageObject\",\"inLanguage\":\"az\",\"@id\":\"https:\\\/\\\/www.meydan.tv\\\/az\\\/article\\\/o-dermanlar-olkeye-nece-gelir\\\/#primaryimage\",\"url\":\"https:\\\/\\\/www.meydan.tv\\\/wp-content\\\/uploads\\\/20093.jpg\",\"contentUrl\":\"https:\\\/\\\/www.meydan.tv\\\/wp-content\\\/uploads\\\/20093.jpg\",\"width\":500,\"height\":500,\"caption\":\"Source:\"},{\"@type\":\"BreadcrumbList\",\"@id\":\"https:\\\/\\\/www.meydan.tv\\\/az\\\/article\\\/o-dermanlar-olkeye-nece-gelir\\\/#breadcrumb\",\"itemListElement\":[{\"@type\":\"ListItem\",\"position\":1,\"name\":\"Ana s\u0259hif\u0259\",\"item\":\"https:\\\/\\\/www.meydan.tv\\\/az\\\/\"},{\"@type\":\"ListItem\",\"position\":2,\"name\":\"M\u0259nim Fikrimc\u0259\",\"item\":\"https:\\\/\\\/www.meydan.tv\\\/az\\\/section\\\/menim-fikrimce\\\/\"},{\"@type\":\"ListItem\",\"position\":3,\"name\":\"O d\u0259rmanlar \u00f6lk\u0259y\u0259 nec\u0259 g\u0259lir?\"}]},{\"@type\":\"WebSite\",\"@id\":\"https:\\\/\\\/www.meydan.tv\\\/az\\\/#website\",\"url\":\"https:\\\/\\\/www.meydan.tv\\\/az\\\/\",\"name\":\"MEYDAN.TV\",\"description\":\"Meydan TV Az\u0259rbaycan\u0131n media m\u0259kan\u0131ndak\u0131 alternativ s\u0259sidir\",\"publisher\":{\"@id\":\"https:\\\/\\\/www.meydan.tv\\\/az\\\/#organization\"},\"potentialAction\":[{\"@type\":\"SearchAction\",\"target\":{\"@type\":\"EntryPoint\",\"urlTemplate\":\"https:\\\/\\\/www.meydan.tv\\\/az\\\/?s={search_term_string}\"},\"query-input\":{\"@type\":\"PropertyValueSpecification\",\"valueRequired\":true,\"valueName\":\"search_term_string\"}}],\"inLanguage\":\"az\"},{\"@type\":\"Organization\",\"@id\":\"https:\\\/\\\/www.meydan.tv\\\/az\\\/#organization\",\"name\":\"Meydan TV\",\"url\":\"https:\\\/\\\/www.meydan.tv\\\/az\\\/\",\"logo\":{\"@type\":\"ImageObject\",\"inLanguage\":\"az\",\"@id\":\"https:\\\/\\\/www.meydan.tv\\\/az\\\/#\\\/schema\\\/logo\\\/image\\\/\",\"url\":\"https:\\\/\\\/www.meydan.tv\\\/wp-content\\\/uploads\\\/2021\\\/07\\\/meydan-logo.svg\",\"contentUrl\":\"https:\\\/\\\/www.meydan.tv\\\/wp-content\\\/uploads\\\/2021\\\/07\\\/meydan-logo.svg\",\"width\":195,\"height\":46,\"caption\":\"Meydan TV\"},\"image\":{\"@id\":\"https:\\\/\\\/www.meydan.tv\\\/az\\\/#\\\/schema\\\/logo\\\/image\\\/\"}},{\"@type\":\"Person\",\"@id\":\"https:\\\/\\\/www.meydan.tv\\\/az\\\/#\\\/schema\\\/person\\\/10d11eccf6da3662cf5fdab9806ea91a\",\"name\":\"user-manager\"}]}<\/script>\n<!-- \/ Yoast SEO plugin. -->","yoast_head_json":{"title":"O d\u0259rmanlar \u00f6lk\u0259y\u0259 nec\u0259 g\u0259lir? - MEYDAN.TV","robots":{"index":"index","follow":"follow","max-snippet":"max-snippet:-1","max-image-preview":"max-image-preview:large","max-video-preview":"max-video-preview:-1"},"canonical":"https:\/\/www.meydan.tv\/az\/article\/o-dermanlar-olkeye-nece-gelir\/","og_locale":"az_AZ","og_type":"article","og_title":"O d\u0259rmanlar \u00f6lk\u0259y\u0259 nec\u0259 g\u0259lir? - MEYDAN.TV","og_description":"Ba\u015fqa planetin adamlar\u0131","og_url":"https:\/\/www.meydan.tv\/az\/article\/o-dermanlar-olkeye-nece-gelir\/","og_site_name":"MEYDAN.TV","article_published_time":"2016-04-02T20:46:41+00:00","og_image":[{"width":500,"height":500,"url":"https:\/\/www.meydan.tv\/wp-content\/uploads\/20093.jpg","type":"image\/jpeg"}],"author":"user-manager","twitter_card":"summary_large_image","schema":{"@context":"https:\/\/schema.org","@graph":[{"@type":"Article","@id":"https:\/\/www.meydan.tv\/az\/article\/o-dermanlar-olkeye-nece-gelir\/#article","isPartOf":{"@id":"https:\/\/www.meydan.tv\/az\/article\/o-dermanlar-olkeye-nece-gelir\/"},"author":{"name":"user-manager","@id":"https:\/\/www.meydan.tv\/az\/#\/schema\/person\/10d11eccf6da3662cf5fdab9806ea91a"},"headline":"O d\u0259rmanlar \u00f6lk\u0259y\u0259 nec\u0259 g\u0259lir?","datePublished":"2016-04-02T20:46:41+00:00","mainEntityOfPage":{"@id":"https:\/\/www.meydan.tv\/az\/article\/o-dermanlar-olkeye-nece-gelir\/"},"wordCount":828,"publisher":{"@id":"https:\/\/www.meydan.tv\/az\/#organization"},"image":{"@id":"https:\/\/www.meydan.tv\/az\/article\/o-dermanlar-olkeye-nece-gelir\/#primaryimage"},"thumbnailUrl":"https:\/\/www.meydan.tv\/wp-content\/uploads\/20093.jpg","articleSection":["M\u0259nim Fikrimc\u0259"],"inLanguage":"az"},{"@type":"WebPage","@id":"https:\/\/www.meydan.tv\/az\/article\/o-dermanlar-olkeye-nece-gelir\/","url":"https:\/\/www.meydan.tv\/az\/article\/o-dermanlar-olkeye-nece-gelir\/","name":"O d\u0259rmanlar \u00f6lk\u0259y\u0259 nec\u0259 g\u0259lir? - MEYDAN.TV","isPartOf":{"@id":"https:\/\/www.meydan.tv\/az\/#website"},"primaryImageOfPage":{"@id":"https:\/\/www.meydan.tv\/az\/article\/o-dermanlar-olkeye-nece-gelir\/#primaryimage"},"image":{"@id":"https:\/\/www.meydan.tv\/az\/article\/o-dermanlar-olkeye-nece-gelir\/#primaryimage"},"thumbnailUrl":"https:\/\/www.meydan.tv\/wp-content\/uploads\/20093.jpg","datePublished":"2016-04-02T20:46:41+00:00","breadcrumb":{"@id":"https:\/\/www.meydan.tv\/az\/article\/o-dermanlar-olkeye-nece-gelir\/#breadcrumb"},"inLanguage":"az","potentialAction":[{"@type":"ReadAction","target":["https:\/\/www.meydan.tv\/az\/article\/o-dermanlar-olkeye-nece-gelir\/"]}]},{"@type":"ImageObject","inLanguage":"az","@id":"https:\/\/www.meydan.tv\/az\/article\/o-dermanlar-olkeye-nece-gelir\/#primaryimage","url":"https:\/\/www.meydan.tv\/wp-content\/uploads\/20093.jpg","contentUrl":"https:\/\/www.meydan.tv\/wp-content\/uploads\/20093.jpg","width":500,"height":500,"caption":"Source:"},{"@type":"BreadcrumbList","@id":"https:\/\/www.meydan.tv\/az\/article\/o-dermanlar-olkeye-nece-gelir\/#breadcrumb","itemListElement":[{"@type":"ListItem","position":1,"name":"Ana s\u0259hif\u0259","item":"https:\/\/www.meydan.tv\/az\/"},{"@type":"ListItem","position":2,"name":"M\u0259nim Fikrimc\u0259","item":"https:\/\/www.meydan.tv\/az\/section\/menim-fikrimce\/"},{"@type":"ListItem","position":3,"name":"O d\u0259rmanlar \u00f6lk\u0259y\u0259 nec\u0259 g\u0259lir?"}]},{"@type":"WebSite","@id":"https:\/\/www.meydan.tv\/az\/#website","url":"https:\/\/www.meydan.tv\/az\/","name":"MEYDAN.TV","description":"Meydan TV Az\u0259rbaycan\u0131n media m\u0259kan\u0131ndak\u0131 alternativ s\u0259sidir","publisher":{"@id":"https:\/\/www.meydan.tv\/az\/#organization"},"potentialAction":[{"@type":"SearchAction","target":{"@type":"EntryPoint","urlTemplate":"https:\/\/www.meydan.tv\/az\/?s={search_term_string}"},"query-input":{"@type":"PropertyValueSpecification","valueRequired":true,"valueName":"search_term_string"}}],"inLanguage":"az"},{"@type":"Organization","@id":"https:\/\/www.meydan.tv\/az\/#organization","name":"Meydan TV","url":"https:\/\/www.meydan.tv\/az\/","logo":{"@type":"ImageObject","inLanguage":"az","@id":"https:\/\/www.meydan.tv\/az\/#\/schema\/logo\/image\/","url":"https:\/\/www.meydan.tv\/wp-content\/uploads\/2021\/07\/meydan-logo.svg","contentUrl":"https:\/\/www.meydan.tv\/wp-content\/uploads\/2021\/07\/meydan-logo.svg","width":195,"height":46,"caption":"Meydan TV"},"image":{"@id":"https:\/\/www.meydan.tv\/az\/#\/schema\/logo\/image\/"}},{"@type":"Person","@id":"https:\/\/www.meydan.tv\/az\/#\/schema\/person\/10d11eccf6da3662cf5fdab9806ea91a","name":"user-manager"}]}},"_links":{"self":[{"href":"https:\/\/www.meydan.tv\/az\/wp-json\/wp\/v2\/posts\/174793","targetHints":{"allow":["GET"]}}],"collection":[{"href":"https:\/\/www.meydan.tv\/az\/wp-json\/wp\/v2\/posts"}],"about":[{"href":"https:\/\/www.meydan.tv\/az\/wp-json\/wp\/v2\/types\/post"}],"author":[{"embeddable":true,"href":"https:\/\/www.meydan.tv\/az\/wp-json\/wp\/v2\/users\/11"}],"replies":[{"embeddable":true,"href":"https:\/\/www.meydan.tv\/az\/wp-json\/wp\/v2\/comments?post=174793"}],"version-history":[{"count":0,"href":"https:\/\/www.meydan.tv\/az\/wp-json\/wp\/v2\/posts\/174793\/revisions"}],"wp:featuredmedia":[{"embeddable":true,"href":"https:\/\/www.meydan.tv\/az\/wp-json\/wp\/v2\/media\/53108"}],"wp:attachment":[{"href":"https:\/\/www.meydan.tv\/az\/wp-json\/wp\/v2\/media?parent=174793"}],"wp:term":[{"taxonomy":"category","embeddable":true,"href":"https:\/\/www.meydan.tv\/az\/wp-json\/wp\/v2\/categories?post=174793"},{"taxonomy":"post_tag","embeddable":true,"href":"https:\/\/www.meydan.tv\/az\/wp-json\/wp\/v2\/tags?post=174793"}],"curies":[{"name":"wp","href":"https:\/\/api.w.org\/{rel}","templated":true}]}}