{"id":174755,"date":"2016-04-01T20:55:13","date_gmt":"2016-04-01T20:55:13","guid":{"rendered":"https:\/\/www.meydan.tv\/article\/hemin-sekil-hemin-heyat\/"},"modified":"2016-04-01T20:55:13","modified_gmt":"2016-04-01T20:55:13","slug":"hemin-sekil-hemin-heyat","status":"publish","type":"post","link":"https:\/\/www.meydan.tv\/az\/article\/hemin-sekil-hemin-heyat\/","title":{"rendered":"H\u0259min \u015f\u0259kil, h\u0259min h\u0259yat"},"content":{"rendered":"<figure class=\"wp-block-image size-large\">\n  <img decoding=\"async\" src=\"https:\/\/www.meydan.tv\/az\/53135\/\" alt=\"\" class=\"wp-image-53135\"\/><figcaption><\/figcaption><\/figure>\n<figure class=\"wp-block-image size-large\">\n  <img decoding=\"async\" src=\"https:\/\/www.meydan.tv\/az\/53138\/\" alt=\"\" class=\"wp-image-53138\"\/><figcaption><\/figcaption><\/figure>\n<p>\n  M\u00fcst\u0259qil Az\u0259rbaycanda h\u0259yat sovet Az\u0259rbaycan\u0131ndak\u0131 h\u0259yata \u00e7ox ox\u015fay\u0131r. O q\u0259d\u0259r ox\u015fay\u0131r ki, ist\u0259yir\u0259m deyim: he\u00e7 n\u0259 d\u0259yi\u015fm\u0259yib!\n<\/p>\n<p>\n  Al\u0131rd\u0131n sovet q\u0259zetl\u0259rini, birinci s\u0259hif\u0259d\u0259 xo\u015fb\u0259xt insanlar\u0131n sevincd\u0259n al\u0131\u015f\u0131b-yanan g\u00f6zl\u0259rini, g\u00fcl\u00fc\u015fd\u0259n qula\u011fa \u00e7atan a\u011f\u0131zlar\u0131n\u0131, h\u0259mr\u0259ylik v\u0259 mehribanl\u0131q \u0259lam\u0259ti olaraq qucaqla\u015fmalar\u0131n\u0131 g\u00f6r\u00fcrd\u00fcn. G\u00f6r\u00fcrd\u00fcn v\u0259 bilirdin ki, \u201cG\u00f6z\u0259ldir bizd\u0259 h\u0259yat.\u201d V\u0259 ya, \u0259n az\u0131, \u201cEy h\u0259yat, s\u0259n n\u0259 q\u0259rib\u0259s\u0259n!\u201d\n<\/p>\n<blockquote><p>\n  Nec\u0259? \u00c7ox sad\u0259. \u018ffv f\u0259rman\u0131 il\u0259 14 siyasi m\u0259hbus azadl\u0131\u011fa \u00e7\u0131x\u0131b. Ham\u0131 sevinir! Ail\u0259 \u00fczvl\u0259ri, dost-tan\u0131\u015f, h\u00fcquq m\u00fcdafi\u0259\u00e7il\u0259ri, m\u00fcxalif\u0259t partiyalar\u0131n\u0131n liderl\u0259ri, jurnalistl\u0259r, yaz\u0131\u00e7\u0131lar, intelligentl\u0259r, qo\u00e7ular, studentl\u0259r, baqqallar v\u0259 h\u0259tta bir abbas\u0131s\u0131n\u0131 alm\u0131\u015f hambal&#8230;\n<\/p><\/blockquote>\n<p>\n  B\u0259li, sovet insanlar\u0131 cox sevinirdil\u0259r. Daima v\u0259 arams\u0131z. N\u0259y\u0259? Fotom\u00fcxbirl\u0259r n\u0259yin sevincini \u00e7\u0259kib oxuculara g\u00f6st\u0259rirdil\u0259r?<br \/>\n  <br \/>\n  Neft\u00e7il\u0259r plan\u0131 vaxt\u0131ndan iki g\u00fcn \u0259vv\u0259l yerin\u0259 yetirib V\u0259t\u0259n\u0259 q\u0259l\u0259b\u0259 raportu verdikl\u0259rin\u0259 sevinirdil\u0259r.\n<\/p>\n<p>\n  Kolxoz\u00e7ular h\u0259r hektardan 12 sentner bu\u011fda (pamb\u0131q, \u00e7\u0259ltik, t\u00fct\u00fcn, pomidor, xiyar, bad\u0131mcan, k\u0259l\u0259m, barama v\u0259 s.) y\u0131\u011f\u0131b respublikan\u0131n \u00fcz\u00fcn\u00fc a\u011f etdikl\u0259rin\u0259 sevinirdil\u0259r .\n<\/p>\n<p>\n  T\u0259l\u0259b\u0259l\u0259r yay v\u0259 q\u0131\u015f sessiyalar\u0131nda b\u00fct\u00fcn imtahanlar\u0131 u\u011furla verdikl\u0259rin\u0259 sevinirdil\u0259r.\n<\/p>\n<p>\n  T\u0259z\u0259 m\u0259nzil orderini alm\u0131\u015f sovet v\u0259t\u0259nda\u015flar\u0131 \u00f6z ev \u015f\u0259raitl\u0259rini yax\u015f\u0131la\u015fd\u0131rd\u0131qlar\u0131na sevinirdil\u0259r.\n<\/p>\n<p>\n  Kim bu sevinci bizim v\u0259t\u0259nda\u015flara verirdi? \u018flb\u0259tt\u0259 ki, d\u00fcnyada \u0259n \u0259dal\u0259tli sovet qurulu\u015fu!\n<\/p>\n<p>\n  \u0130ndi d\u0259 m\u00fcst\u0259qil Az\u0259rbaycan\u0131n q\u0259zetl\u0259rin\u0259 baxaq. Birinci s\u0259hif\u0259l\u0259rd\u0259 \u00fcz\u00fcnd\u0259n xo\u015fb\u0259xtlik v\u0259 sevinc ya\u011fan insanlar\u0131n sif\u0259ti diqq\u0259ti c\u0259lb edir. \u018fn\u0259n\u0259vi sevinc ya\u011fan g\u00f6zl\u0259r, qulaqlara q\u0259d\u0259r dart\u0131lm\u0131\u015f a\u011f\u0131zlar, quc-quclar v\u0259 ma\u00e7-ma\u00e7lar!\n<\/p>\n<p>\n  Kim bu insanlar\u0131 xo\u015fb\u0259xt edib? Bizim m\u00fcst\u0259qil Az\u0259rbaycan\u0131m\u0131z\u0131n milli h\u00f6kum\u0259ti!\n<\/p>\n<p>\n  Nec\u0259? \u00c7ox sad\u0259. \u018ffv f\u0259rman\u0131 il\u0259 14 siyasi m\u0259hbus azadl\u0131\u011fa \u00e7\u0131x\u0131b. Ham\u0131 sevinir! Ail\u0259 \u00fczvl\u0259ri, dost-tan\u0131\u015f, h\u00fcquq m\u00fcdafi\u0259\u00e7il\u0259ri, m\u00fcxalif\u0259t partiyalar\u0131n\u0131n liderl\u0259ri, jurnalistl\u0259r, yaz\u0131\u00e7\u0131lar, intelligentl\u0259r, qo\u00e7ular, studentl\u0259r, baqqallar v\u0259 h\u0259tta bir abbas\u0131s\u0131n\u0131 alm\u0131\u015f hambal&#8230;\n<\/p>\n<p>\n  Nec\u0259 d\u0259 z\u0259lil bir \u00f6lk\u0259d\u0259, nec\u0259 d\u0259 r\u0259zil bir qurulu\u015fda ya\u015fay\u0131r\u0131q! Mill\u0259t g\u00f6r n\u0259y\u0259 sevinir! Burada deyirl\u0259r ki, yetimin pulunu v\u0259 papa\u011f\u0131n\u0131 al\u0131rlar, \u00e7ox z\u0131r\u0131ldayanda c\u0131r\u0131q papa\u011f\u0131n\u0131 qaytar\u0131rlar, sevinir&#8230;\n<\/p>\n<p>\n  Ma\u015fallah, daha he\u00e7 k\u0259s tapdanm\u0131\u015f h\u00fcquqlara, sat\u0131lm\u0131\u015f torpa\u011fa, xaraba qalm\u0131\u015f iqtisadiyyata, pozulmu\u015f m\u0259n\u0259viyyata a\u011f\u0131 demir, q\u0259z\u0259bl\u0259nmir, haqq\u0131n\u0131 t\u0259l\u0259b etmir. Salt\u0131kov-\u015eedrin demi\u015fk\u0259n, \u201cal\u00e7aql\u0131\u011fa uy\u011funla\u015f\u0131b zind\u0259ganl\u0131q edir&#8230;\u201d\n<\/p>\n<p>\n  Bel\u0259 d\u0259 olmal\u0131yd\u0131. Yuxar\u0131da h\u0259min adamlar, qurulu\u015f h\u0259min-h\u0259min, xalq da d\u0259yi\u015fm\u0259yib h\u0259min qal\u0131b. H\u0259yat h\u0259mindirs\u0259, onun \u015f\u0259kill\u0259ri d\u0259 h\u0259min olacaq. Fotom\u00fcxbirl\u0259r he\u00e7 n\u0259 \u00f6zl\u0259rind\u0259n icad etmirl\u0259r. G\u00f6r\u00fcn\u0259ni \u00e7\u0259kirl\u0259r.\n<\/p>\n<\/p>\n<p>\n  <b><br \/>\n    Yaz\u0131 m\u00fc\u0259llifin \u015f\u0259xsi m\u00f6vqeyini \u0259ks etdirir&#8230;<br \/>\n  <\/b><\/p>\n","protected":false},"excerpt":{"rendered":"<p>Yetimin papa\u011f\u0131n\u0131 al\u0131b, a\u011flayanda \u00f6z\u00fcn\u0259 qaytar\u0131rlar<\/p>\n","protected":false},"author":11,"featured_media":53135,"comment_status":"closed","ping_status":"open","sticky":false,"template":"","format":"standard","meta":{"_acf_changed":false,"_sitemap_exclude":false,"_sitemap_priority":"","_sitemap_frequency":"","footnotes":""},"categories":[57],"tags":[],"class_list":["post-174755","post","type-post","status-publish","format-standard","has-post-thumbnail","hentry","category-menim-fikrimce","infinite-scroll-item","generate-columns","tablet-grid-50","mobile-grid-100","grid-parent","grid-33","no-featured-image-padding"],"acf":[],"yoast_head":"<!-- This site is optimized with the Yoast SEO plugin v27.5 - https:\/\/yoast.com\/product\/yoast-seo-wordpress\/ -->\n<title>H\u0259min \u015f\u0259kil, h\u0259min h\u0259yat - MEYDAN.TV<\/title>\n<meta name=\"robots\" content=\"index, follow, max-snippet:-1, max-image-preview:large, max-video-preview:-1\" \/>\n<link rel=\"canonical\" href=\"https:\/\/www.meydan.tv\/az\/article\/hemin-sekil-hemin-heyat\/\" \/>\n<meta property=\"og:locale\" content=\"az_AZ\" \/>\n<meta property=\"og:type\" content=\"article\" \/>\n<meta property=\"og:title\" content=\"H\u0259min \u015f\u0259kil, h\u0259min h\u0259yat - MEYDAN.TV\" \/>\n<meta property=\"og:description\" content=\"Yetimin papa\u011f\u0131n\u0131 al\u0131b, a\u011flayanda \u00f6z\u00fcn\u0259 qaytar\u0131rlar\" \/>\n<meta property=\"og:url\" content=\"https:\/\/www.meydan.tv\/az\/article\/hemin-sekil-hemin-heyat\/\" \/>\n<meta property=\"og:site_name\" content=\"MEYDAN.TV\" \/>\n<meta property=\"article:published_time\" content=\"2016-04-01T20:55:13+00:00\" \/>\n<meta property=\"og:image\" content=\"https:\/\/www.meydan.tv\/wp-content\/uploads\/20049.jpg\" \/>\n\t<meta property=\"og:image:width\" content=\"500\" \/>\n\t<meta property=\"og:image:height\" content=\"500\" \/>\n\t<meta property=\"og:image:type\" content=\"image\/jpeg\" \/>\n<meta name=\"author\" content=\"user-manager\" \/>\n<meta name=\"twitter:card\" content=\"summary_large_image\" \/>\n<script type=\"application\/ld+json\" class=\"yoast-schema-graph\">{\"@context\":\"https:\\\/\\\/schema.org\",\"@graph\":[{\"@type\":\"Article\",\"@id\":\"https:\\\/\\\/www.meydan.tv\\\/az\\\/article\\\/hemin-sekil-hemin-heyat\\\/#article\",\"isPartOf\":{\"@id\":\"https:\\\/\\\/www.meydan.tv\\\/az\\\/article\\\/hemin-sekil-hemin-heyat\\\/\"},\"author\":{\"name\":\"user-manager\",\"@id\":\"https:\\\/\\\/www.meydan.tv\\\/az\\\/#\\\/schema\\\/person\\\/10d11eccf6da3662cf5fdab9806ea91a\"},\"headline\":\"H\u0259min \u015f\u0259kil, h\u0259min h\u0259yat\",\"datePublished\":\"2016-04-01T20:55:13+00:00\",\"mainEntityOfPage\":{\"@id\":\"https:\\\/\\\/www.meydan.tv\\\/az\\\/article\\\/hemin-sekil-hemin-heyat\\\/\"},\"wordCount\":606,\"publisher\":{\"@id\":\"https:\\\/\\\/www.meydan.tv\\\/az\\\/#organization\"},\"image\":{\"@id\":\"https:\\\/\\\/www.meydan.tv\\\/az\\\/article\\\/hemin-sekil-hemin-heyat\\\/#primaryimage\"},\"thumbnailUrl\":\"https:\\\/\\\/www.meydan.tv\\\/wp-content\\\/uploads\\\/20049.jpg\",\"articleSection\":[\"M\u0259nim Fikrimc\u0259\"],\"inLanguage\":\"az\"},{\"@type\":\"WebPage\",\"@id\":\"https:\\\/\\\/www.meydan.tv\\\/az\\\/article\\\/hemin-sekil-hemin-heyat\\\/\",\"url\":\"https:\\\/\\\/www.meydan.tv\\\/az\\\/article\\\/hemin-sekil-hemin-heyat\\\/\",\"name\":\"H\u0259min \u015f\u0259kil, h\u0259min h\u0259yat - MEYDAN.TV\",\"isPartOf\":{\"@id\":\"https:\\\/\\\/www.meydan.tv\\\/az\\\/#website\"},\"primaryImageOfPage\":{\"@id\":\"https:\\\/\\\/www.meydan.tv\\\/az\\\/article\\\/hemin-sekil-hemin-heyat\\\/#primaryimage\"},\"image\":{\"@id\":\"https:\\\/\\\/www.meydan.tv\\\/az\\\/article\\\/hemin-sekil-hemin-heyat\\\/#primaryimage\"},\"thumbnailUrl\":\"https:\\\/\\\/www.meydan.tv\\\/wp-content\\\/uploads\\\/20049.jpg\",\"datePublished\":\"2016-04-01T20:55:13+00:00\",\"breadcrumb\":{\"@id\":\"https:\\\/\\\/www.meydan.tv\\\/az\\\/article\\\/hemin-sekil-hemin-heyat\\\/#breadcrumb\"},\"inLanguage\":\"az\",\"potentialAction\":[{\"@type\":\"ReadAction\",\"target\":[\"https:\\\/\\\/www.meydan.tv\\\/az\\\/article\\\/hemin-sekil-hemin-heyat\\\/\"]}]},{\"@type\":\"ImageObject\",\"inLanguage\":\"az\",\"@id\":\"https:\\\/\\\/www.meydan.tv\\\/az\\\/article\\\/hemin-sekil-hemin-heyat\\\/#primaryimage\",\"url\":\"https:\\\/\\\/www.meydan.tv\\\/wp-content\\\/uploads\\\/20049.jpg\",\"contentUrl\":\"https:\\\/\\\/www.meydan.tv\\\/wp-content\\\/uploads\\\/20049.jpg\",\"width\":500,\"height\":500,\"caption\":\"Source:\"},{\"@type\":\"BreadcrumbList\",\"@id\":\"https:\\\/\\\/www.meydan.tv\\\/az\\\/article\\\/hemin-sekil-hemin-heyat\\\/#breadcrumb\",\"itemListElement\":[{\"@type\":\"ListItem\",\"position\":1,\"name\":\"Ana s\u0259hif\u0259\",\"item\":\"https:\\\/\\\/www.meydan.tv\\\/az\\\/\"},{\"@type\":\"ListItem\",\"position\":2,\"name\":\"M\u0259nim Fikrimc\u0259\",\"item\":\"https:\\\/\\\/www.meydan.tv\\\/az\\\/section\\\/menim-fikrimce\\\/\"},{\"@type\":\"ListItem\",\"position\":3,\"name\":\"H\u0259min \u015f\u0259kil, h\u0259min h\u0259yat\"}]},{\"@type\":\"WebSite\",\"@id\":\"https:\\\/\\\/www.meydan.tv\\\/az\\\/#website\",\"url\":\"https:\\\/\\\/www.meydan.tv\\\/az\\\/\",\"name\":\"MEYDAN.TV\",\"description\":\"Meydan TV Az\u0259rbaycan\u0131n media m\u0259kan\u0131ndak\u0131 alternativ s\u0259sidir\",\"publisher\":{\"@id\":\"https:\\\/\\\/www.meydan.tv\\\/az\\\/#organization\"},\"potentialAction\":[{\"@type\":\"SearchAction\",\"target\":{\"@type\":\"EntryPoint\",\"urlTemplate\":\"https:\\\/\\\/www.meydan.tv\\\/az\\\/?s={search_term_string}\"},\"query-input\":{\"@type\":\"PropertyValueSpecification\",\"valueRequired\":true,\"valueName\":\"search_term_string\"}}],\"inLanguage\":\"az\"},{\"@type\":\"Organization\",\"@id\":\"https:\\\/\\\/www.meydan.tv\\\/az\\\/#organization\",\"name\":\"Meydan TV\",\"url\":\"https:\\\/\\\/www.meydan.tv\\\/az\\\/\",\"logo\":{\"@type\":\"ImageObject\",\"inLanguage\":\"az\",\"@id\":\"https:\\\/\\\/www.meydan.tv\\\/az\\\/#\\\/schema\\\/logo\\\/image\\\/\",\"url\":\"https:\\\/\\\/www.meydan.tv\\\/wp-content\\\/uploads\\\/2021\\\/07\\\/meydan-logo.svg\",\"contentUrl\":\"https:\\\/\\\/www.meydan.tv\\\/wp-content\\\/uploads\\\/2021\\\/07\\\/meydan-logo.svg\",\"width\":195,\"height\":46,\"caption\":\"Meydan TV\"},\"image\":{\"@id\":\"https:\\\/\\\/www.meydan.tv\\\/az\\\/#\\\/schema\\\/logo\\\/image\\\/\"}},{\"@type\":\"Person\",\"@id\":\"https:\\\/\\\/www.meydan.tv\\\/az\\\/#\\\/schema\\\/person\\\/10d11eccf6da3662cf5fdab9806ea91a\",\"name\":\"user-manager\"}]}<\/script>\n<!-- \/ Yoast SEO plugin. -->","yoast_head_json":{"title":"H\u0259min \u015f\u0259kil, h\u0259min h\u0259yat - MEYDAN.TV","robots":{"index":"index","follow":"follow","max-snippet":"max-snippet:-1","max-image-preview":"max-image-preview:large","max-video-preview":"max-video-preview:-1"},"canonical":"https:\/\/www.meydan.tv\/az\/article\/hemin-sekil-hemin-heyat\/","og_locale":"az_AZ","og_type":"article","og_title":"H\u0259min \u015f\u0259kil, h\u0259min h\u0259yat - MEYDAN.TV","og_description":"Yetimin papa\u011f\u0131n\u0131 al\u0131b, a\u011flayanda \u00f6z\u00fcn\u0259 qaytar\u0131rlar","og_url":"https:\/\/www.meydan.tv\/az\/article\/hemin-sekil-hemin-heyat\/","og_site_name":"MEYDAN.TV","article_published_time":"2016-04-01T20:55:13+00:00","og_image":[{"width":500,"height":500,"url":"https:\/\/www.meydan.tv\/wp-content\/uploads\/20049.jpg","type":"image\/jpeg"}],"author":"user-manager","twitter_card":"summary_large_image","schema":{"@context":"https:\/\/schema.org","@graph":[{"@type":"Article","@id":"https:\/\/www.meydan.tv\/az\/article\/hemin-sekil-hemin-heyat\/#article","isPartOf":{"@id":"https:\/\/www.meydan.tv\/az\/article\/hemin-sekil-hemin-heyat\/"},"author":{"name":"user-manager","@id":"https:\/\/www.meydan.tv\/az\/#\/schema\/person\/10d11eccf6da3662cf5fdab9806ea91a"},"headline":"H\u0259min \u015f\u0259kil, h\u0259min h\u0259yat","datePublished":"2016-04-01T20:55:13+00:00","mainEntityOfPage":{"@id":"https:\/\/www.meydan.tv\/az\/article\/hemin-sekil-hemin-heyat\/"},"wordCount":606,"publisher":{"@id":"https:\/\/www.meydan.tv\/az\/#organization"},"image":{"@id":"https:\/\/www.meydan.tv\/az\/article\/hemin-sekil-hemin-heyat\/#primaryimage"},"thumbnailUrl":"https:\/\/www.meydan.tv\/wp-content\/uploads\/20049.jpg","articleSection":["M\u0259nim Fikrimc\u0259"],"inLanguage":"az"},{"@type":"WebPage","@id":"https:\/\/www.meydan.tv\/az\/article\/hemin-sekil-hemin-heyat\/","url":"https:\/\/www.meydan.tv\/az\/article\/hemin-sekil-hemin-heyat\/","name":"H\u0259min \u015f\u0259kil, h\u0259min h\u0259yat - MEYDAN.TV","isPartOf":{"@id":"https:\/\/www.meydan.tv\/az\/#website"},"primaryImageOfPage":{"@id":"https:\/\/www.meydan.tv\/az\/article\/hemin-sekil-hemin-heyat\/#primaryimage"},"image":{"@id":"https:\/\/www.meydan.tv\/az\/article\/hemin-sekil-hemin-heyat\/#primaryimage"},"thumbnailUrl":"https:\/\/www.meydan.tv\/wp-content\/uploads\/20049.jpg","datePublished":"2016-04-01T20:55:13+00:00","breadcrumb":{"@id":"https:\/\/www.meydan.tv\/az\/article\/hemin-sekil-hemin-heyat\/#breadcrumb"},"inLanguage":"az","potentialAction":[{"@type":"ReadAction","target":["https:\/\/www.meydan.tv\/az\/article\/hemin-sekil-hemin-heyat\/"]}]},{"@type":"ImageObject","inLanguage":"az","@id":"https:\/\/www.meydan.tv\/az\/article\/hemin-sekil-hemin-heyat\/#primaryimage","url":"https:\/\/www.meydan.tv\/wp-content\/uploads\/20049.jpg","contentUrl":"https:\/\/www.meydan.tv\/wp-content\/uploads\/20049.jpg","width":500,"height":500,"caption":"Source:"},{"@type":"BreadcrumbList","@id":"https:\/\/www.meydan.tv\/az\/article\/hemin-sekil-hemin-heyat\/#breadcrumb","itemListElement":[{"@type":"ListItem","position":1,"name":"Ana s\u0259hif\u0259","item":"https:\/\/www.meydan.tv\/az\/"},{"@type":"ListItem","position":2,"name":"M\u0259nim Fikrimc\u0259","item":"https:\/\/www.meydan.tv\/az\/section\/menim-fikrimce\/"},{"@type":"ListItem","position":3,"name":"H\u0259min \u015f\u0259kil, h\u0259min h\u0259yat"}]},{"@type":"WebSite","@id":"https:\/\/www.meydan.tv\/az\/#website","url":"https:\/\/www.meydan.tv\/az\/","name":"MEYDAN.TV","description":"Meydan TV Az\u0259rbaycan\u0131n media m\u0259kan\u0131ndak\u0131 alternativ s\u0259sidir","publisher":{"@id":"https:\/\/www.meydan.tv\/az\/#organization"},"potentialAction":[{"@type":"SearchAction","target":{"@type":"EntryPoint","urlTemplate":"https:\/\/www.meydan.tv\/az\/?s={search_term_string}"},"query-input":{"@type":"PropertyValueSpecification","valueRequired":true,"valueName":"search_term_string"}}],"inLanguage":"az"},{"@type":"Organization","@id":"https:\/\/www.meydan.tv\/az\/#organization","name":"Meydan TV","url":"https:\/\/www.meydan.tv\/az\/","logo":{"@type":"ImageObject","inLanguage":"az","@id":"https:\/\/www.meydan.tv\/az\/#\/schema\/logo\/image\/","url":"https:\/\/www.meydan.tv\/wp-content\/uploads\/2021\/07\/meydan-logo.svg","contentUrl":"https:\/\/www.meydan.tv\/wp-content\/uploads\/2021\/07\/meydan-logo.svg","width":195,"height":46,"caption":"Meydan TV"},"image":{"@id":"https:\/\/www.meydan.tv\/az\/#\/schema\/logo\/image\/"}},{"@type":"Person","@id":"https:\/\/www.meydan.tv\/az\/#\/schema\/person\/10d11eccf6da3662cf5fdab9806ea91a","name":"user-manager"}]}},"_links":{"self":[{"href":"https:\/\/www.meydan.tv\/az\/wp-json\/wp\/v2\/posts\/174755","targetHints":{"allow":["GET"]}}],"collection":[{"href":"https:\/\/www.meydan.tv\/az\/wp-json\/wp\/v2\/posts"}],"about":[{"href":"https:\/\/www.meydan.tv\/az\/wp-json\/wp\/v2\/types\/post"}],"author":[{"embeddable":true,"href":"https:\/\/www.meydan.tv\/az\/wp-json\/wp\/v2\/users\/11"}],"replies":[{"embeddable":true,"href":"https:\/\/www.meydan.tv\/az\/wp-json\/wp\/v2\/comments?post=174755"}],"version-history":[{"count":0,"href":"https:\/\/www.meydan.tv\/az\/wp-json\/wp\/v2\/posts\/174755\/revisions"}],"wp:featuredmedia":[{"embeddable":true,"href":"https:\/\/www.meydan.tv\/az\/wp-json\/wp\/v2\/media\/53135"}],"wp:attachment":[{"href":"https:\/\/www.meydan.tv\/az\/wp-json\/wp\/v2\/media?parent=174755"}],"wp:term":[{"taxonomy":"category","embeddable":true,"href":"https:\/\/www.meydan.tv\/az\/wp-json\/wp\/v2\/categories?post=174755"},{"taxonomy":"post_tag","embeddable":true,"href":"https:\/\/www.meydan.tv\/az\/wp-json\/wp\/v2\/tags?post=174755"}],"curies":[{"name":"wp","href":"https:\/\/api.w.org\/{rel}","templated":true}]}}