{"id":174744,"date":"2016-04-01T17:26:08","date_gmt":"2016-04-01T17:26:08","guid":{"rendered":"https:\/\/www.meydan.tv\/article\/analarin-ayaqlari-altindaki-cennet\/"},"modified":"2016-04-01T17:26:08","modified_gmt":"2016-04-01T17:26:08","slug":"analarin-ayaqlari-altindaki-cennet","status":"publish","type":"post","link":"https:\/\/www.meydan.tv\/az\/article\/analarin-ayaqlari-altindaki-cennet\/","title":{"rendered":"Analar\u0131n ayaqlar\u0131 alt\u0131ndak\u0131 c\u0259nn\u0259t"},"content":{"rendered":"<figure class=\"wp-block-image size-large\">\n  <img decoding=\"async\" src=\"https:\/\/www.meydan.tv\/az\/53057\/\" alt=\"\" class=\"wp-image-53057\"\/><figcaption><\/figcaption><\/figure>\n<figure class=\"wp-block-image size-large\">\n  <img decoding=\"async\" src=\"https:\/\/www.meydan.tv\/az\/53060\/\" alt=\"\" class=\"wp-image-53060\"\/><figcaption><\/figcaption><\/figure>\n<blockquote><p>\n  \u0130ll\u0259r ke\u00e7mi\u015fdi&#8230; 1990-c\u0131 ilin 20 yanvar\u0131ndan 24 il ke\u00e7irdi&#8230; 2004-c\u00fc ilin 2 aprelind\u0259 h\u0259bsd\u0259n \u00e7\u0131xandan sonra yen\u0259 \u00fczrxahl\u0131q etm\u0259k ist\u0259yirdim&#8230; Amma, yen\u0259 al\u0131nm\u0131rd\u0131&#8230;\n<\/p><\/blockquote>\n<p>\n  D\u0259y\u0259rli dostum \u0130ntiqam b\u0259yin h\u0259bsd\u0259n \u00e7\u0131x\u0131b ev\u0259 g\u0259ldiyi zaman qar\u015f\u0131lanma s\u0259hn\u0259sinin videosuna baxd\u0131m. &#8221;Anacan! Anacan! Anacan!&#8221; \u2013 t\u0259krar-t\u0259krar dey\u0259r\u0259k, m\u00f6ht\u0259r\u0259m m\u00f6min\u0259 anas\u0131n\u0131n g\u00f6z ya\u015flar\u0131n\u0131 qabaqlamaq ist\u0259yirdi&#8230;\n<\/p>\n<p>\n  Analar&#8230; Analar&#8230; Analar&#8230; Sizl\u0259r n\u0259 q\u0259d\u0259r m\u00f6ht\u0259\u015f\u0259msiniz!\n<\/p>\n<p>\n  O kadrlara baxd\u0131qda, r\u0259hm\u0259tlik \u0259ziz anam yad\u0131ma d\u00fc\u015fd\u00fc. H\u0259bsd\u0259n \u00e7\u0131xd\u0131qdan sonra, bir g\u00fcn d\u0259rdl\u0259\u015f\u0259nd\u0259, bir n\u00f6v \u00fczrxahl\u0131q ed\u0259r\u0259k, n\u0259 is\u0259 dan\u0131\u015fmaq ist\u0259yirdim. \u00c7\u0259tin idi. 1941-ci il t\u0259v\u0259ll\u00fcdl\u00fc ali t\u0259hsilli neft m\u00fch\u0259ndisi olan anama, Stalinin \u201c\u043a\u0443\u043b\u044c\u0442 \u043b\u0438\u0447\u043d\u043e\u0441\u0442\u0438\u201d d\u00f6vr\u00fcn\u00fc g\u00f6rm\u00fc\u015f, Xru\u015f\u015fovun \u201c\u043e\u0442\u0442\u0435\u043f\u0435\u043b\u044c\u201dini g\u00f6rm\u00fc\u015f, Brejnevin \u00ab\u0437\u0430\u0441\u0442\u043e\u0439\u00bbunu, Andropovun \u00ab\u0437\u0430\u0432\u0438\u043d\u0447\u0438\u0432\u0430\u043d\u0438\u0435 \u0433\u0430\u0435\u043a\u00bb t\u0259\u015f\u0259bb\u00fcs\u00fcn\u00fc, Qorba\u00e7ovun \u00ab\u0433\u043b\u0430\u0441\u043d\u043e\u0441\u0442\u044c\u00bb, \u201c\u043f\u0435\u0440\u0435\u0441\u0442\u0440\u043e\u0439\u043a\u0430\u201ds\u0131ndan tutmu\u015f, 20 Yanvar cinay\u0259tind\u0259 q\u0259d\u0259rini ya\u015fam\u0131\u015f anama n\u0259 is\u0259 dem\u0259k, verdiyim \u0259ziyy\u0259tl\u0259r\u0259 g\u00f6r\u0259 \u00fczrxahl\u0131q etm\u0259k ist\u0259yirdim\u00a0\u2026\n<\/p>\n<p>\n  Amma bizim onunla siyas\u0259td\u0259n dan\u0131\u015fma f\u00fcrs\u0259timiz olmam\u0131\u015fd\u0131&#8230;\n<\/p>\n<p>\n  \u0130ll\u0259r \u00f6nc\u0259 &#8211; leninizmin mif oldu\u011fu \u00fcz\u0259 \u00e7\u0131xan ke\u00e7\u0259n \u0259srin s\u0259ks\u0259nl\u0259rind\u0259, m\u0259tb\u0259xd\u0259 he\u00e7 kim olmad\u0131\u011f\u0131 zaman, sakitc\u0259: &#8220;Bel\u0259 \u00e7\u0131x\u0131r ki, Lenin d\u0259 zay adam imi\u015f?&#8221; soru\u015fanda, dolay\u0131 cavab\u0131 il\u0259 h\u0259r \u015feyi m\u0259n\u0259 ba\u015fa salan \u0259ziz anam&#8230;\n<\/p>\n<p>\n  Anacan, m\u0259n bel\u0259 \u00fczrxahl\u0131qlar \u00f6nc\u0259l\u0259r d\u0259 etm\u0259k ist\u0259mi\u015fdim. Amma al\u0131nmam\u0131\u015fd\u0131&#8230;\n<\/p>\n<blockquote><p>\n  Sonradan bu pasport alma minbir m\u00fcsib\u0259tl\u0259 ba\u015fa g\u0259lmi\u015fdi. Bir d\u0259f\u0259 d\u0259, el\u0259 yen\u0259 d\u0259 20 Yanvardan sonra m\u0259kt\u0259bd\u0259 apard\u0131\u011f\u0131m\u0131z anti-sovet t\u0259bli\u011fat\u0131na, imperiyan\u0131n q\u0259sbkar siyas\u0259tin\u0259 etiraza g\u00f6r\u0259 az qala m\u0259kt\u0259bi bitirm\u0259y\u0259 ciddi mane\u0259 yarad\u0131lma\u011fa q\u0259d\u0259r problem yaranm\u0131\u015fd\u0131. O zaman valideynl\u0259rim m\u0259kt\u0259b\u0259 \u00e7a\u011f\u0131r\u0131landa da, \u00fczrxahl\u0131q etm\u0259k ist\u0259yirdim&#8230;\n<\/p><\/blockquote>\n<p>\n  20 Yanvardan sonra yetkinlik ya\u015f\u0131na \u00e7atmaq \u00fc\u00e7\u00fcn pasport alma\u011fa m\u00fcraci\u0259t etdiyimiz zaman, qeyri-adekvat ictimai r\u0259ftar\u0131na g\u00f6r\u0259 pasport \u015f\u00f6b\u0259sinin r\u0259isini ictimai t\u0259nqid etm\u0259li olmu\u015fdum. Sonradan bu pasport alma minbir m\u00fcsib\u0259tl\u0259 ba\u015fa g\u0259lmi\u015fdi. Bir d\u0259f\u0259 d\u0259, el\u0259 yen\u0259 d\u0259 20 Yanvardan sonra m\u0259kt\u0259bd\u0259 apard\u0131\u011f\u0131m\u0131z anti-sovet t\u0259bli\u011fat\u0131na, imperiyan\u0131n q\u0259sbkar siyas\u0259tin\u0259 etiraza g\u00f6r\u0259 az qala m\u0259kt\u0259bi bitirm\u0259y\u0259 ciddi mane\u0259 yarad\u0131lma\u011fa q\u0259d\u0259r problem yaranm\u0131\u015fd\u0131. O zaman valideynl\u0259rim m\u0259kt\u0259b\u0259 \u00e7a\u011f\u0131r\u0131landa da, \u00fczrxahl\u0131q etm\u0259k ist\u0259yirdim&#8230;\n<\/p>\n<p>\n  \u0130ll\u0259r ke\u00e7mi\u015fdi&#8230; 1990-c\u0131 ilin 20 yanvar\u0131ndan 24 il ke\u00e7irdi&#8230; 2004-c\u00fc ilin 2 aprelind\u0259 h\u0259bsd\u0259n \u00e7\u0131xandan sonra yen\u0259 \u00fczrxahl\u0131q etm\u0259k ist\u0259yirdim&#8230; Amma, yen\u0259 al\u0131nm\u0131rd\u0131&#8230;\n<\/p>\n<p>\n  Dill\u0259 ifad\u0259 edil\u0259n deyil idi&#8230; Y\u0259ni, n\u0259 dey\u0259ydim?! Ba\u011f\u0131\u015fla m\u0259ni. Ona g\u00f6r\u0259 ki, m\u0259ni bel\u0259 b\u00f6y\u00fctm\u00fcs\u0259n, insan olmaq, insan qalmaq ist\u0259yir\u0259m. Bunumu dey\u0259ydim s\u0259n\u0259?\n<\/p>\n<p>\n  Sonuncu d\u0259f\u0259si d\u0259 yad\u0131mdad\u0131r&#8230; Bu d\u0259f\u0259, bir az siyasi s\u00f6hb\u0259t d\u0259 etdik. Sad\u0259, lakonik, ancaq tam d\u0259rin v\u0259 m\u0259zmunlu. \u018fsil b\u0259la\u011f\u0259t v\u0259 f\u0259sah\u0259t qaydalar\u0131na uy\u011fun olaraq. C\u00fcm\u0259 g\u00fcn\u00fc idi. Anam\u0131n x\u0259st\u0259liyi il\u0259 ba\u011fl\u0131 \u0259ziz \u0130mam Rzan\u0131n (\u0259) qona\u011f\u0131 idik.\n<\/p>\n<p>\n  V\u0259t\u0259nd\u0259n daha bir ruhaninin h\u0259bsi x\u0259b\u0259ri g\u0259ldi. Bununla ba\u011fl\u0131 a\u00e7\u0131qlama-status yazd\u0131m. Statusun h\u0259rar\u0259tind\u0259n m\u0259ni \u0259ndi\u015f\u0259l\u0259nmi\u015f g\u00f6r\u0259n anama: &#8221;Bilirs\u0259n, ana, \u00f6lk\u0259 insan\u0131 iki se\u00e7im aras\u0131nda qal\u0131b: insan qalmaq, ya h\u0259\u015farata \u00e7evrilm\u0259k. \u0130nstinktl\u0259rin quluna \u00e7evrilib s\u00fcr\u00fcnm\u0259k, ya Allah b\u0259nd\u0259si olaraq, irad\u0259li varl\u0131q kimi izz\u0259tli olmaq v\u0259cdini ya\u015famaq\u201d.\n<\/p>\n<p>\n  H\u0259, \u0259ziz Analar! Can\u0131m\u0131z, \u0259zizimiz H\u0259zr\u0259t Fatim\u0259yi-Z\u0259hran\u0131n (s.\u0259) m\u00f6vludu \u0259r\u0259f\u0259sind\u0259yik.\n<\/p>\n<p>\n  C\u0259nn\u0259t Sizin ayaqlar\u0131n\u0131z alt\u0131ndad\u0131r. \u00c7\u00fcnki ora ke\u00e7\u0259n yol, Sizin pak \u0259t\u0259kl\u0259rinizd\u0259n ke\u00e7ir. Sizin d\u00fcr\u00fcst t\u0259rbiy\u0259nizd\u0259n ke\u00e7ir. Sizin: \u201c\u0130nsafl\u0131 davran, yoxsa s\u00fcd\u00fcm\u00fc s\u0259n\u0259 halal etm\u0259r\u0259m\u201d kimi n\u0259sih\u0259tl\u0259rinizd\u0259n ke\u00e7ir. Sizin bu robotla\u015fan, zombil\u0259\u015f\u0259n, mexanikl\u0259\u015f\u0259n, eqola\u015fan d\u00fcnyan\u0131n i\u00e7ind\u0259, b\u00fct\u00fcn f\u0259dakarl\u0131qlara qat\u0131l\u0131b, insan \u00f6vlad\u0131n\u0131 d\u00fcnyaya g\u0259trim\u0259k \u015f\u0259r\u0259fli missiyan\u0131zdan ke\u00e7ir&#8230;\n<\/p>\n<p>\n  \u018fziz analar! \u018fziz analar! \u018fziz analar!\n<\/p>\n<p>\n  Bayram\u0131n\u0131z m\u00fcbar\u0259k!\n<\/p>\n<p>\n  <b><br \/>\n    Yaz\u0131 m\u00fc\u0259llifin \u015f\u0259xsi m\u00f6vqeyini \u0259ks etdirir&#8230;<br \/>\n  <\/b><\/p>\n","protected":false},"excerpt":{"rendered":"<p>O m\u00f6ht\u0259r\u0259m, m\u00f6min\u0259 qad\u0131n&#8230;<\/p>\n","protected":false},"author":11,"featured_media":53057,"comment_status":"closed","ping_status":"open","sticky":false,"template":"","format":"standard","meta":{"_acf_changed":false,"_sitemap_exclude":false,"_sitemap_priority":"","_sitemap_frequency":"","footnotes":""},"categories":[57],"tags":[],"class_list":["post-174744","post","type-post","status-publish","format-standard","has-post-thumbnail","hentry","category-menim-fikrimce","infinite-scroll-item","generate-columns","tablet-grid-50","mobile-grid-100","grid-parent","grid-33","no-featured-image-padding"],"acf":[],"yoast_head":"<!-- This site is optimized with the Yoast SEO plugin v27.5 - https:\/\/yoast.com\/product\/yoast-seo-wordpress\/ -->\n<title>Analar\u0131n ayaqlar\u0131 alt\u0131ndak\u0131 c\u0259nn\u0259t - MEYDAN.TV<\/title>\n<meta name=\"robots\" content=\"index, follow, max-snippet:-1, max-image-preview:large, max-video-preview:-1\" \/>\n<link rel=\"canonical\" href=\"https:\/\/www.meydan.tv\/az\/article\/analarin-ayaqlari-altindaki-cennet\/\" \/>\n<meta property=\"og:locale\" content=\"az_AZ\" \/>\n<meta property=\"og:type\" content=\"article\" \/>\n<meta property=\"og:title\" content=\"Analar\u0131n ayaqlar\u0131 alt\u0131ndak\u0131 c\u0259nn\u0259t - MEYDAN.TV\" \/>\n<meta property=\"og:description\" content=\"O m\u00f6ht\u0259r\u0259m, m\u00f6min\u0259 qad\u0131n...\" \/>\n<meta property=\"og:url\" content=\"https:\/\/www.meydan.tv\/az\/article\/analarin-ayaqlari-altindaki-cennet\/\" \/>\n<meta property=\"og:site_name\" content=\"MEYDAN.TV\" \/>\n<meta property=\"article:published_time\" content=\"2016-04-01T17:26:08+00:00\" \/>\n<meta property=\"og:image\" content=\"https:\/\/www.meydan.tv\/wp-content\/uploads\/20027.jpg\" \/>\n\t<meta property=\"og:image:width\" content=\"500\" \/>\n\t<meta property=\"og:image:height\" content=\"500\" \/>\n\t<meta property=\"og:image:type\" content=\"image\/jpeg\" \/>\n<meta name=\"author\" content=\"user-manager\" \/>\n<meta name=\"twitter:card\" content=\"summary_large_image\" \/>\n<script type=\"application\/ld+json\" class=\"yoast-schema-graph\">{\"@context\":\"https:\\\/\\\/schema.org\",\"@graph\":[{\"@type\":\"Article\",\"@id\":\"https:\\\/\\\/www.meydan.tv\\\/az\\\/article\\\/analarin-ayaqlari-altindaki-cennet\\\/#article\",\"isPartOf\":{\"@id\":\"https:\\\/\\\/www.meydan.tv\\\/az\\\/article\\\/analarin-ayaqlari-altindaki-cennet\\\/\"},\"author\":{\"name\":\"user-manager\",\"@id\":\"https:\\\/\\\/www.meydan.tv\\\/az\\\/#\\\/schema\\\/person\\\/10d11eccf6da3662cf5fdab9806ea91a\"},\"headline\":\"Analar\u0131n ayaqlar\u0131 alt\u0131ndak\u0131 c\u0259nn\u0259t\",\"datePublished\":\"2016-04-01T17:26:08+00:00\",\"mainEntityOfPage\":{\"@id\":\"https:\\\/\\\/www.meydan.tv\\\/az\\\/article\\\/analarin-ayaqlari-altindaki-cennet\\\/\"},\"wordCount\":964,\"publisher\":{\"@id\":\"https:\\\/\\\/www.meydan.tv\\\/az\\\/#organization\"},\"image\":{\"@id\":\"https:\\\/\\\/www.meydan.tv\\\/az\\\/article\\\/analarin-ayaqlari-altindaki-cennet\\\/#primaryimage\"},\"thumbnailUrl\":\"https:\\\/\\\/www.meydan.tv\\\/wp-content\\\/uploads\\\/20027.jpg\",\"articleSection\":[\"M\u0259nim Fikrimc\u0259\"],\"inLanguage\":\"az\"},{\"@type\":\"WebPage\",\"@id\":\"https:\\\/\\\/www.meydan.tv\\\/az\\\/article\\\/analarin-ayaqlari-altindaki-cennet\\\/\",\"url\":\"https:\\\/\\\/www.meydan.tv\\\/az\\\/article\\\/analarin-ayaqlari-altindaki-cennet\\\/\",\"name\":\"Analar\u0131n ayaqlar\u0131 alt\u0131ndak\u0131 c\u0259nn\u0259t - MEYDAN.TV\",\"isPartOf\":{\"@id\":\"https:\\\/\\\/www.meydan.tv\\\/az\\\/#website\"},\"primaryImageOfPage\":{\"@id\":\"https:\\\/\\\/www.meydan.tv\\\/az\\\/article\\\/analarin-ayaqlari-altindaki-cennet\\\/#primaryimage\"},\"image\":{\"@id\":\"https:\\\/\\\/www.meydan.tv\\\/az\\\/article\\\/analarin-ayaqlari-altindaki-cennet\\\/#primaryimage\"},\"thumbnailUrl\":\"https:\\\/\\\/www.meydan.tv\\\/wp-content\\\/uploads\\\/20027.jpg\",\"datePublished\":\"2016-04-01T17:26:08+00:00\",\"breadcrumb\":{\"@id\":\"https:\\\/\\\/www.meydan.tv\\\/az\\\/article\\\/analarin-ayaqlari-altindaki-cennet\\\/#breadcrumb\"},\"inLanguage\":\"az\",\"potentialAction\":[{\"@type\":\"ReadAction\",\"target\":[\"https:\\\/\\\/www.meydan.tv\\\/az\\\/article\\\/analarin-ayaqlari-altindaki-cennet\\\/\"]}]},{\"@type\":\"ImageObject\",\"inLanguage\":\"az\",\"@id\":\"https:\\\/\\\/www.meydan.tv\\\/az\\\/article\\\/analarin-ayaqlari-altindaki-cennet\\\/#primaryimage\",\"url\":\"https:\\\/\\\/www.meydan.tv\\\/wp-content\\\/uploads\\\/20027.jpg\",\"contentUrl\":\"https:\\\/\\\/www.meydan.tv\\\/wp-content\\\/uploads\\\/20027.jpg\",\"width\":500,\"height\":500,\"caption\":\"Source:\"},{\"@type\":\"BreadcrumbList\",\"@id\":\"https:\\\/\\\/www.meydan.tv\\\/az\\\/article\\\/analarin-ayaqlari-altindaki-cennet\\\/#breadcrumb\",\"itemListElement\":[{\"@type\":\"ListItem\",\"position\":1,\"name\":\"Ana s\u0259hif\u0259\",\"item\":\"https:\\\/\\\/www.meydan.tv\\\/az\\\/\"},{\"@type\":\"ListItem\",\"position\":2,\"name\":\"M\u0259nim Fikrimc\u0259\",\"item\":\"https:\\\/\\\/www.meydan.tv\\\/az\\\/section\\\/menim-fikrimce\\\/\"},{\"@type\":\"ListItem\",\"position\":3,\"name\":\"Analar\u0131n ayaqlar\u0131 alt\u0131ndak\u0131 c\u0259nn\u0259t\"}]},{\"@type\":\"WebSite\",\"@id\":\"https:\\\/\\\/www.meydan.tv\\\/az\\\/#website\",\"url\":\"https:\\\/\\\/www.meydan.tv\\\/az\\\/\",\"name\":\"MEYDAN.TV\",\"description\":\"Meydan TV Az\u0259rbaycan\u0131n media m\u0259kan\u0131ndak\u0131 alternativ s\u0259sidir\",\"publisher\":{\"@id\":\"https:\\\/\\\/www.meydan.tv\\\/az\\\/#organization\"},\"potentialAction\":[{\"@type\":\"SearchAction\",\"target\":{\"@type\":\"EntryPoint\",\"urlTemplate\":\"https:\\\/\\\/www.meydan.tv\\\/az\\\/?s={search_term_string}\"},\"query-input\":{\"@type\":\"PropertyValueSpecification\",\"valueRequired\":true,\"valueName\":\"search_term_string\"}}],\"inLanguage\":\"az\"},{\"@type\":\"Organization\",\"@id\":\"https:\\\/\\\/www.meydan.tv\\\/az\\\/#organization\",\"name\":\"Meydan TV\",\"url\":\"https:\\\/\\\/www.meydan.tv\\\/az\\\/\",\"logo\":{\"@type\":\"ImageObject\",\"inLanguage\":\"az\",\"@id\":\"https:\\\/\\\/www.meydan.tv\\\/az\\\/#\\\/schema\\\/logo\\\/image\\\/\",\"url\":\"https:\\\/\\\/www.meydan.tv\\\/wp-content\\\/uploads\\\/2021\\\/07\\\/meydan-logo.svg\",\"contentUrl\":\"https:\\\/\\\/www.meydan.tv\\\/wp-content\\\/uploads\\\/2021\\\/07\\\/meydan-logo.svg\",\"width\":195,\"height\":46,\"caption\":\"Meydan TV\"},\"image\":{\"@id\":\"https:\\\/\\\/www.meydan.tv\\\/az\\\/#\\\/schema\\\/logo\\\/image\\\/\"}},{\"@type\":\"Person\",\"@id\":\"https:\\\/\\\/www.meydan.tv\\\/az\\\/#\\\/schema\\\/person\\\/10d11eccf6da3662cf5fdab9806ea91a\",\"name\":\"user-manager\"}]}<\/script>\n<!-- \/ Yoast SEO plugin. -->","yoast_head_json":{"title":"Analar\u0131n ayaqlar\u0131 alt\u0131ndak\u0131 c\u0259nn\u0259t - MEYDAN.TV","robots":{"index":"index","follow":"follow","max-snippet":"max-snippet:-1","max-image-preview":"max-image-preview:large","max-video-preview":"max-video-preview:-1"},"canonical":"https:\/\/www.meydan.tv\/az\/article\/analarin-ayaqlari-altindaki-cennet\/","og_locale":"az_AZ","og_type":"article","og_title":"Analar\u0131n ayaqlar\u0131 alt\u0131ndak\u0131 c\u0259nn\u0259t - MEYDAN.TV","og_description":"O m\u00f6ht\u0259r\u0259m, m\u00f6min\u0259 qad\u0131n...","og_url":"https:\/\/www.meydan.tv\/az\/article\/analarin-ayaqlari-altindaki-cennet\/","og_site_name":"MEYDAN.TV","article_published_time":"2016-04-01T17:26:08+00:00","og_image":[{"width":500,"height":500,"url":"https:\/\/www.meydan.tv\/wp-content\/uploads\/20027.jpg","type":"image\/jpeg"}],"author":"user-manager","twitter_card":"summary_large_image","schema":{"@context":"https:\/\/schema.org","@graph":[{"@type":"Article","@id":"https:\/\/www.meydan.tv\/az\/article\/analarin-ayaqlari-altindaki-cennet\/#article","isPartOf":{"@id":"https:\/\/www.meydan.tv\/az\/article\/analarin-ayaqlari-altindaki-cennet\/"},"author":{"name":"user-manager","@id":"https:\/\/www.meydan.tv\/az\/#\/schema\/person\/10d11eccf6da3662cf5fdab9806ea91a"},"headline":"Analar\u0131n ayaqlar\u0131 alt\u0131ndak\u0131 c\u0259nn\u0259t","datePublished":"2016-04-01T17:26:08+00:00","mainEntityOfPage":{"@id":"https:\/\/www.meydan.tv\/az\/article\/analarin-ayaqlari-altindaki-cennet\/"},"wordCount":964,"publisher":{"@id":"https:\/\/www.meydan.tv\/az\/#organization"},"image":{"@id":"https:\/\/www.meydan.tv\/az\/article\/analarin-ayaqlari-altindaki-cennet\/#primaryimage"},"thumbnailUrl":"https:\/\/www.meydan.tv\/wp-content\/uploads\/20027.jpg","articleSection":["M\u0259nim Fikrimc\u0259"],"inLanguage":"az"},{"@type":"WebPage","@id":"https:\/\/www.meydan.tv\/az\/article\/analarin-ayaqlari-altindaki-cennet\/","url":"https:\/\/www.meydan.tv\/az\/article\/analarin-ayaqlari-altindaki-cennet\/","name":"Analar\u0131n ayaqlar\u0131 alt\u0131ndak\u0131 c\u0259nn\u0259t - MEYDAN.TV","isPartOf":{"@id":"https:\/\/www.meydan.tv\/az\/#website"},"primaryImageOfPage":{"@id":"https:\/\/www.meydan.tv\/az\/article\/analarin-ayaqlari-altindaki-cennet\/#primaryimage"},"image":{"@id":"https:\/\/www.meydan.tv\/az\/article\/analarin-ayaqlari-altindaki-cennet\/#primaryimage"},"thumbnailUrl":"https:\/\/www.meydan.tv\/wp-content\/uploads\/20027.jpg","datePublished":"2016-04-01T17:26:08+00:00","breadcrumb":{"@id":"https:\/\/www.meydan.tv\/az\/article\/analarin-ayaqlari-altindaki-cennet\/#breadcrumb"},"inLanguage":"az","potentialAction":[{"@type":"ReadAction","target":["https:\/\/www.meydan.tv\/az\/article\/analarin-ayaqlari-altindaki-cennet\/"]}]},{"@type":"ImageObject","inLanguage":"az","@id":"https:\/\/www.meydan.tv\/az\/article\/analarin-ayaqlari-altindaki-cennet\/#primaryimage","url":"https:\/\/www.meydan.tv\/wp-content\/uploads\/20027.jpg","contentUrl":"https:\/\/www.meydan.tv\/wp-content\/uploads\/20027.jpg","width":500,"height":500,"caption":"Source:"},{"@type":"BreadcrumbList","@id":"https:\/\/www.meydan.tv\/az\/article\/analarin-ayaqlari-altindaki-cennet\/#breadcrumb","itemListElement":[{"@type":"ListItem","position":1,"name":"Ana s\u0259hif\u0259","item":"https:\/\/www.meydan.tv\/az\/"},{"@type":"ListItem","position":2,"name":"M\u0259nim Fikrimc\u0259","item":"https:\/\/www.meydan.tv\/az\/section\/menim-fikrimce\/"},{"@type":"ListItem","position":3,"name":"Analar\u0131n ayaqlar\u0131 alt\u0131ndak\u0131 c\u0259nn\u0259t"}]},{"@type":"WebSite","@id":"https:\/\/www.meydan.tv\/az\/#website","url":"https:\/\/www.meydan.tv\/az\/","name":"MEYDAN.TV","description":"Meydan TV Az\u0259rbaycan\u0131n media m\u0259kan\u0131ndak\u0131 alternativ s\u0259sidir","publisher":{"@id":"https:\/\/www.meydan.tv\/az\/#organization"},"potentialAction":[{"@type":"SearchAction","target":{"@type":"EntryPoint","urlTemplate":"https:\/\/www.meydan.tv\/az\/?s={search_term_string}"},"query-input":{"@type":"PropertyValueSpecification","valueRequired":true,"valueName":"search_term_string"}}],"inLanguage":"az"},{"@type":"Organization","@id":"https:\/\/www.meydan.tv\/az\/#organization","name":"Meydan TV","url":"https:\/\/www.meydan.tv\/az\/","logo":{"@type":"ImageObject","inLanguage":"az","@id":"https:\/\/www.meydan.tv\/az\/#\/schema\/logo\/image\/","url":"https:\/\/www.meydan.tv\/wp-content\/uploads\/2021\/07\/meydan-logo.svg","contentUrl":"https:\/\/www.meydan.tv\/wp-content\/uploads\/2021\/07\/meydan-logo.svg","width":195,"height":46,"caption":"Meydan TV"},"image":{"@id":"https:\/\/www.meydan.tv\/az\/#\/schema\/logo\/image\/"}},{"@type":"Person","@id":"https:\/\/www.meydan.tv\/az\/#\/schema\/person\/10d11eccf6da3662cf5fdab9806ea91a","name":"user-manager"}]}},"_links":{"self":[{"href":"https:\/\/www.meydan.tv\/az\/wp-json\/wp\/v2\/posts\/174744","targetHints":{"allow":["GET"]}}],"collection":[{"href":"https:\/\/www.meydan.tv\/az\/wp-json\/wp\/v2\/posts"}],"about":[{"href":"https:\/\/www.meydan.tv\/az\/wp-json\/wp\/v2\/types\/post"}],"author":[{"embeddable":true,"href":"https:\/\/www.meydan.tv\/az\/wp-json\/wp\/v2\/users\/11"}],"replies":[{"embeddable":true,"href":"https:\/\/www.meydan.tv\/az\/wp-json\/wp\/v2\/comments?post=174744"}],"version-history":[{"count":0,"href":"https:\/\/www.meydan.tv\/az\/wp-json\/wp\/v2\/posts\/174744\/revisions"}],"wp:featuredmedia":[{"embeddable":true,"href":"https:\/\/www.meydan.tv\/az\/wp-json\/wp\/v2\/media\/53057"}],"wp:attachment":[{"href":"https:\/\/www.meydan.tv\/az\/wp-json\/wp\/v2\/media?parent=174744"}],"wp:term":[{"taxonomy":"category","embeddable":true,"href":"https:\/\/www.meydan.tv\/az\/wp-json\/wp\/v2\/categories?post=174744"},{"taxonomy":"post_tag","embeddable":true,"href":"https:\/\/www.meydan.tv\/az\/wp-json\/wp\/v2\/tags?post=174744"}],"curies":[{"name":"wp","href":"https:\/\/api.w.org\/{rel}","templated":true}]}}