{"id":174726,"date":"2016-04-01T00:44:36","date_gmt":"2016-04-01T00:44:36","guid":{"rendered":"https:\/\/www.meydan.tv\/article\/yeni-teatr-o-azad-ola-bilecekmi\/"},"modified":"2016-04-01T00:44:36","modified_gmt":"2016-04-01T00:44:36","slug":"yeni-teatr-o-azad-ola-bilecekmi","status":"publish","type":"post","link":"https:\/\/www.meydan.tv\/az\/article\/yeni-teatr-o-azad-ola-bilecekmi\/","title":{"rendered":"Yeni teatr \u2013 o, azad ola bil\u0259c\u0259kmi&#8230;"},"content":{"rendered":"<figure class=\"wp-block-image size-large\">\n  <img decoding=\"async\" src=\"https:\/\/www.meydan.tv\/az\/52973\/\" alt=\"\" class=\"wp-image-52973\"\/><figcaption><\/figcaption><\/figure>\n<figure class=\"wp-block-image size-large\">\n  <img decoding=\"async\" src=\"https:\/\/www.meydan.tv\/az\/52970\/\" alt=\"\" class=\"wp-image-52970\"\/><figcaption><\/figcaption><\/figure>\n<p>\n  <i><br \/>\n    <b><br \/>\n      Yen\u0259 biz \u00f6z milli-m\u0259n\u0259vi s\u00fcqutumuzu ya\u015fay\u0131r\u0131q. Yen\u0259 s\u0259n\u0259t Az\u0259rbaycan h\u00fcdudlar\u0131nda m\u0259d\u0259niyy\u0259tin f\u00f6vq\u00fcn\u0259 can at\u0131r&#8230;<br \/>\n    <\/b><br \/>\n  <\/i>\n<\/p>\n<p>\n  Bir d\u0259qiq\u0259&#8230; Az\u0259rbaycanda yeni azad teatr yarand\u0131. \u00d6z\u00fc d\u0259 monumental binalar\u0131n s\u00f6k\u00fcld\u00fcy\u00fc, m\u00fcst\u0259qil ODA teatr\u0131n\u0131n bir ne\u00e7\u0259 d\u0259f\u0259 ba\u011flanma\u011fa m\u0259cbur oldu\u011fu, acl\u0131q, devalvasiya d\u00f6vr\u00fcnd\u0259.\n<\/p>\n<p>\n  Tarixi 20-ci \u0259srin \u0259vv\u0259ll\u0259rin\u0259 dayanan &#8220;Az\u0259rbaycan&#8221; kinoteatr\u0131 s\u00f6k\u00fcl\u00fcb, yerind\u0259 kafe tikilir. Ondan dahaq\u0259dim YU\u011e Teatr\u0131n\u0131n binas\u0131 s\u00f6k\u00fcl\u00fcr. Kukla Teatr\u0131na k\u00f6\u00e7\u00fcr\u00fcl\u00fcr. Bel\u0259 bir vaxtda Az\u0259rbaycan\u0131n ikinci azad teatr\u0131 &#8220;M.Teatr Production&#8221; yaran\u0131r.\n<\/p>\n<p>\n  Ham\u0131n\u0131n 90-c\u0131 ill\u0259rl\u0259 m\u00fcqayis\u0259 apard\u0131\u011f\u0131 bu zamanda inc\u0259s\u0259n\u0259t \u00f6z\u00fcn\u00fcn \u0259n dinamik, co\u015f\u011fun ill\u0259rini ya\u015fay\u0131r. Bel\u0259 hal h\u0259min d\u00f6vrl\u0259rd\u0259 d\u0259 ya\u015fanm\u0131\u015fd\u0131. YU\u011e Teatr\u0131 yaranm\u0131\u015fd\u0131, \u0259d\u0259biyyat inki\u015fafa, f\u0259rqliliy\u0259 qa\u00e7\u0131rd\u0131, musiqi qruplar\u0131 yaran\u0131rd\u0131 v\u0259 s.\n<\/p>\n<p>\n  Yen\u0259 biz \u00f6z milli-m\u0259n\u0259vi s\u00fcqutumuzu ya\u015fay\u0131r\u0131q. Yen\u0259 s\u0259n\u0259t Az\u0259rbaycan h\u00fcdudlar\u0131nda m\u0259d\u0259niyy\u0259tin f\u00f6vq\u00fcn\u0259 can at\u0131r. YU\u011e Teatr\u0131nda Az\u0259rbaycanda ilk d\u0259f\u0259 a\u00e7\u0131q oxunu\u015f (\u00e7itka) ke\u00e7irildi. Teatr konfranslar\u0131, ODA Teatr\u0131n\u0131n t\u0259rkibind\u0259 yeni ADO Teatr\u0131 yarand\u0131. \u018fn \u00f6n\u0259mlisi aktyor, \u0259m\u0259kdar artist v\u0259 h\u0259m d\u0259 teatr\u0131n b\u0259dii r\u0259hb\u0259ri Vidadi H\u0259s\u0259novun t\u0259\u015f\u0259bb\u00fcs\u00fc il\u0259 ikinci azad teatr (m\u0259n &#8220;m\u00fcst\u0259qil&#8221; s\u00f6z\u00fcnd\u0259n daha \u00e7ox &#8220;azad&#8221; s\u00f6z\u00fcn\u00fc i\u015fl\u0259tm\u0259yi r\u0259va bil\u0259rdim) &#8220;M.Teatr Production&#8221; do\u011fuldu.\n<\/p>\n<p>\n  \u00d6z\u00fcn\u0259 &#8220;M.Teatr&#8221; y\u0259ni, &#8220;M\u0259nim Teatr\u0131m&#8221; ad\u0131n\u0131 ver\u0259n bu teatr \u00f6z istedadl\u0131 aktyor v\u0259 idar\u0259 hey\u0259ti il\u0259 inan\u0131ram ki, qar\u015f\u0131lar\u0131na ciddi m\u0259qs\u0259dl\u0259r qoyub. \u00c7\u00fcnki, M\u0259nim Teatr\u0131m \u0259hali, xalq olaraq h\u0259r birimizin teatr\u0131d\u0131r.\n<\/p>\n<p>\n  \u0130lk \u00e7\u0131x\u0131\u015f\u0131n\u0131 \u00dczeyir Hac\u0131b\u0259yovun &#8220;Ordan-burdan&#8221; \u0259s\u0259rinin \u0259sas\u0131nda haz\u0131rlanm\u0131\u015f &#8220;M\u0259s\u0259l-ya&#8221; adl\u0131 oyunla a\u00e7an teatr mart ay\u0131n\u0131n 29-u g\u00f6st\u0259rdiyi tama\u015fa il\u0259 m\u00fcsb\u0259t aura v\u0259 b\u00f6y\u00fck \u00fcmidl\u0259r yaratd\u0131. Tama\u015fada H.V.\u0130smay\u0131l\u0131n mahn\u0131lar\u0131, Mirz\u0259 \u018fl\u0259kb\u0259r Sabirin \u015feirl\u0259rind\u0259n geni\u015f \u015f\u0259kild\u0259 istifad\u0259 olunmu\u015fdu. H\u0259m musiqili, h\u0259m d\u0259 konseptual xarakterli bir tama\u015fa al\u0131nm\u0131\u015fd\u0131.\n<\/p>\n<p>\n  Vidadi H\u0259s\u0259nov v\u0259 aktyorlar (Oqtay Mehtiyev, Amid Qas\u0131mov, Elg\u00fcn H\u0259midov, V\u00fcqar Hac\u0131yev v\u0259 G\u00fcnay \u018fhm\u0259d) &#8220;M.\u018f.Sabir &#8211; \u00dc.Hac\u0131b\u0259yov &#8211; 20-ci \u0259sr&#8221; \u00fc\u00e7buca\u011f\u0131n\u0131n konteksti daxilind\u0259 m\u00fcasir d\u00fcnyam\u0131za baxma\u011fa \u00e7al\u0131\u015f\u0131rd\u0131. Aktual siyasi m\u0259s\u0259l\u0259l\u0259ri &#8211; terror, siyasi v\u0259ziyy\u0259timiz, m\u0259murlar v\u0259 s. kimi probleml\u0259ri ortaya qoyan teatr tama\u015fa\u00e7\u0131 qar\u015f\u0131s\u0131na c\u0259sar\u0259tli m\u00f6vzularla \u00e7\u0131xm\u0131\u015fd\u0131.\n<\/p>\n<p>\n  Onlar t\u0259kc\u0259 tama\u015fa\u00e7\u0131ya yox, ya\u015fad\u0131\u011f\u0131m\u0131z d\u00fcnyaya qar\u015f\u0131 m\u00fcqavim\u0259t\u0259 ba\u015flay\u0131rd\u0131lar. \u00dc.Hac\u0131b\u0259yovun publisistik m\u0259qal\u0259l\u0259rind\u0259n pe\u015f\u0259kar v\u0259 \u00f6z\u00fcn\u0259m\u0259xsus formada istifad\u0259 edib, oyun quran Vidadi H\u0259s\u0259nov tama\u015fa\u00e7\u0131lar\u0131n reaksiyas\u0131ndan bel\u0259 g\u00f6r\u00fcnd\u00fc ki, u\u011furlu i\u015f g\u00f6r\u00fcb. Oyunda t\u0259kc\u0259 s\u00f6zl\u0259r yox, h\u0259m d\u0259 onun s\u0259hn\u0259d\u0259 qurdu\u011fu modell\u0259r dan\u0131\u015f\u0131rd\u0131.\n<\/p>\n<p>\n  Aktyorlar\u0131n oyunun sonunda tama\u015fa\u00e7\u0131lar\u0131n yan\u0131nda d\u00fc\u015f\u00fcb, \u00f6zl\u0259rini xalqa qatmas\u0131n\u0131 &#8211; \u0259slind\u0259 &#8220;M\u0259nim Teatr\u0131m&#8221;-\u0131n ba\u015fl\u0131ca ideyas\u0131 kimi q\u0259bul etdim.\n<\/p>\n<p>\n  H\u0259r\u00e7\u0259nd, m\u0259nim f\u0259rdi fikrim\u0259 g\u00f6r\u0259, bu m\u00f6vzu otaqlar\u0131n\u0131n qap\u0131s\u0131n\u0131 \u00e7oxdan ba\u011flay\u0131b m\u00fcasir teatr kimi yeni kitablara m\u00fcraci\u0259t etm\u0259liydi. Amma bunlardan dan\u0131\u015fmaq \u00fc\u00e7\u00fcn h\u0259l\u0259 tezdir.\n<\/p>\n<p>\n  G\u00f6r\u0259s\u0259n, &#8220;M.Teatr&#8221; azadl\u0131\u011fa tab g\u0259tirib, teatral m\u00fchitimizin vizit-kart\u0131na \u00e7evril\u0259 bil\u0259c\u0259kmi?\n<\/p>\n<p>\n  Bu s\u0259n\u0259t dir\u0259ni\u015find\u0259n birlikd\u0259 qalib \u00e7\u0131xmaq arzusu il\u0259&#8230;\n<\/p>\n<p>\n  <b><br \/>\n    Yaz\u0131 m\u00fc\u0259llifin \u015f\u0259xsi m\u00f6vqeyini \u0259ks etdirir&#8230;<br \/>\n  <\/b><\/p>\n","protected":false},"excerpt":{"rendered":"<p>\u201cM\u0259nim\u201d Teatr\u0131m d\u00fcnyaya nec\u0259 g\u00f6z a\u00e7d\u0131.<\/p>\n","protected":false},"author":11,"featured_media":52973,"comment_status":"closed","ping_status":"open","sticky":false,"template":"","format":"standard","meta":{"_acf_changed":false,"_sitemap_exclude":false,"_sitemap_priority":"","_sitemap_frequency":"","footnotes":""},"categories":[57],"tags":[],"class_list":["post-174726","post","type-post","status-publish","format-standard","has-post-thumbnail","hentry","category-menim-fikrimce","infinite-scroll-item","generate-columns","tablet-grid-50","mobile-grid-100","grid-parent","grid-33","no-featured-image-padding"],"acf":[],"yoast_head":"<!-- This site is optimized with the Yoast SEO plugin v27.5 - https:\/\/yoast.com\/product\/yoast-seo-wordpress\/ -->\n<title>Yeni teatr \u2013 o, azad ola bil\u0259c\u0259kmi... - MEYDAN.TV<\/title>\n<meta name=\"robots\" content=\"index, follow, max-snippet:-1, max-image-preview:large, max-video-preview:-1\" \/>\n<link rel=\"canonical\" href=\"https:\/\/www.meydan.tv\/az\/article\/yeni-teatr-o-azad-ola-bilecekmi\/\" \/>\n<meta property=\"og:locale\" content=\"az_AZ\" \/>\n<meta property=\"og:type\" content=\"article\" \/>\n<meta property=\"og:title\" content=\"Yeni teatr \u2013 o, azad ola bil\u0259c\u0259kmi... - MEYDAN.TV\" \/>\n<meta property=\"og:description\" content=\"\u201cM\u0259nim\u201d Teatr\u0131m d\u00fcnyaya nec\u0259 g\u00f6z a\u00e7d\u0131.\" \/>\n<meta property=\"og:url\" content=\"https:\/\/www.meydan.tv\/az\/article\/yeni-teatr-o-azad-ola-bilecekmi\/\" \/>\n<meta property=\"og:site_name\" content=\"MEYDAN.TV\" \/>\n<meta property=\"article:published_time\" content=\"2016-04-01T00:44:36+00:00\" \/>\n<meta property=\"og:image\" content=\"https:\/\/www.meydan.tv\/wp-content\/uploads\/20010.jpg\" \/>\n\t<meta property=\"og:image:width\" content=\"500\" \/>\n\t<meta property=\"og:image:height\" content=\"500\" \/>\n\t<meta property=\"og:image:type\" content=\"image\/jpeg\" \/>\n<meta name=\"author\" content=\"user-manager\" \/>\n<meta name=\"twitter:card\" content=\"summary_large_image\" \/>\n<script type=\"application\/ld+json\" class=\"yoast-schema-graph\">{\"@context\":\"https:\\\/\\\/schema.org\",\"@graph\":[{\"@type\":\"Article\",\"@id\":\"https:\\\/\\\/www.meydan.tv\\\/az\\\/article\\\/yeni-teatr-o-azad-ola-bilecekmi\\\/#article\",\"isPartOf\":{\"@id\":\"https:\\\/\\\/www.meydan.tv\\\/az\\\/article\\\/yeni-teatr-o-azad-ola-bilecekmi\\\/\"},\"author\":{\"name\":\"user-manager\",\"@id\":\"https:\\\/\\\/www.meydan.tv\\\/az\\\/#\\\/schema\\\/person\\\/10d11eccf6da3662cf5fdab9806ea91a\"},\"headline\":\"Yeni teatr \u2013 o, azad ola bil\u0259c\u0259kmi&#8230;\",\"datePublished\":\"2016-04-01T00:44:36+00:00\",\"mainEntityOfPage\":{\"@id\":\"https:\\\/\\\/www.meydan.tv\\\/az\\\/article\\\/yeni-teatr-o-azad-ola-bilecekmi\\\/\"},\"wordCount\":712,\"publisher\":{\"@id\":\"https:\\\/\\\/www.meydan.tv\\\/az\\\/#organization\"},\"image\":{\"@id\":\"https:\\\/\\\/www.meydan.tv\\\/az\\\/article\\\/yeni-teatr-o-azad-ola-bilecekmi\\\/#primaryimage\"},\"thumbnailUrl\":\"https:\\\/\\\/www.meydan.tv\\\/wp-content\\\/uploads\\\/20010.jpg\",\"articleSection\":[\"M\u0259nim Fikrimc\u0259\"],\"inLanguage\":\"az\"},{\"@type\":\"WebPage\",\"@id\":\"https:\\\/\\\/www.meydan.tv\\\/az\\\/article\\\/yeni-teatr-o-azad-ola-bilecekmi\\\/\",\"url\":\"https:\\\/\\\/www.meydan.tv\\\/az\\\/article\\\/yeni-teatr-o-azad-ola-bilecekmi\\\/\",\"name\":\"Yeni teatr \u2013 o, azad ola bil\u0259c\u0259kmi... - MEYDAN.TV\",\"isPartOf\":{\"@id\":\"https:\\\/\\\/www.meydan.tv\\\/az\\\/#website\"},\"primaryImageOfPage\":{\"@id\":\"https:\\\/\\\/www.meydan.tv\\\/az\\\/article\\\/yeni-teatr-o-azad-ola-bilecekmi\\\/#primaryimage\"},\"image\":{\"@id\":\"https:\\\/\\\/www.meydan.tv\\\/az\\\/article\\\/yeni-teatr-o-azad-ola-bilecekmi\\\/#primaryimage\"},\"thumbnailUrl\":\"https:\\\/\\\/www.meydan.tv\\\/wp-content\\\/uploads\\\/20010.jpg\",\"datePublished\":\"2016-04-01T00:44:36+00:00\",\"breadcrumb\":{\"@id\":\"https:\\\/\\\/www.meydan.tv\\\/az\\\/article\\\/yeni-teatr-o-azad-ola-bilecekmi\\\/#breadcrumb\"},\"inLanguage\":\"az\",\"potentialAction\":[{\"@type\":\"ReadAction\",\"target\":[\"https:\\\/\\\/www.meydan.tv\\\/az\\\/article\\\/yeni-teatr-o-azad-ola-bilecekmi\\\/\"]}]},{\"@type\":\"ImageObject\",\"inLanguage\":\"az\",\"@id\":\"https:\\\/\\\/www.meydan.tv\\\/az\\\/article\\\/yeni-teatr-o-azad-ola-bilecekmi\\\/#primaryimage\",\"url\":\"https:\\\/\\\/www.meydan.tv\\\/wp-content\\\/uploads\\\/20010.jpg\",\"contentUrl\":\"https:\\\/\\\/www.meydan.tv\\\/wp-content\\\/uploads\\\/20010.jpg\",\"width\":500,\"height\":500,\"caption\":\"Source:\"},{\"@type\":\"BreadcrumbList\",\"@id\":\"https:\\\/\\\/www.meydan.tv\\\/az\\\/article\\\/yeni-teatr-o-azad-ola-bilecekmi\\\/#breadcrumb\",\"itemListElement\":[{\"@type\":\"ListItem\",\"position\":1,\"name\":\"Ana s\u0259hif\u0259\",\"item\":\"https:\\\/\\\/www.meydan.tv\\\/az\\\/\"},{\"@type\":\"ListItem\",\"position\":2,\"name\":\"M\u0259nim Fikrimc\u0259\",\"item\":\"https:\\\/\\\/www.meydan.tv\\\/az\\\/section\\\/menim-fikrimce\\\/\"},{\"@type\":\"ListItem\",\"position\":3,\"name\":\"Yeni teatr \u2013 o, azad ola bil\u0259c\u0259kmi&#8230;\"}]},{\"@type\":\"WebSite\",\"@id\":\"https:\\\/\\\/www.meydan.tv\\\/az\\\/#website\",\"url\":\"https:\\\/\\\/www.meydan.tv\\\/az\\\/\",\"name\":\"MEYDAN.TV\",\"description\":\"Meydan TV Az\u0259rbaycan\u0131n media m\u0259kan\u0131ndak\u0131 alternativ s\u0259sidir\",\"publisher\":{\"@id\":\"https:\\\/\\\/www.meydan.tv\\\/az\\\/#organization\"},\"potentialAction\":[{\"@type\":\"SearchAction\",\"target\":{\"@type\":\"EntryPoint\",\"urlTemplate\":\"https:\\\/\\\/www.meydan.tv\\\/az\\\/?s={search_term_string}\"},\"query-input\":{\"@type\":\"PropertyValueSpecification\",\"valueRequired\":true,\"valueName\":\"search_term_string\"}}],\"inLanguage\":\"az\"},{\"@type\":\"Organization\",\"@id\":\"https:\\\/\\\/www.meydan.tv\\\/az\\\/#organization\",\"name\":\"Meydan TV\",\"url\":\"https:\\\/\\\/www.meydan.tv\\\/az\\\/\",\"logo\":{\"@type\":\"ImageObject\",\"inLanguage\":\"az\",\"@id\":\"https:\\\/\\\/www.meydan.tv\\\/az\\\/#\\\/schema\\\/logo\\\/image\\\/\",\"url\":\"https:\\\/\\\/www.meydan.tv\\\/wp-content\\\/uploads\\\/2021\\\/07\\\/meydan-logo.svg\",\"contentUrl\":\"https:\\\/\\\/www.meydan.tv\\\/wp-content\\\/uploads\\\/2021\\\/07\\\/meydan-logo.svg\",\"width\":195,\"height\":46,\"caption\":\"Meydan TV\"},\"image\":{\"@id\":\"https:\\\/\\\/www.meydan.tv\\\/az\\\/#\\\/schema\\\/logo\\\/image\\\/\"}},{\"@type\":\"Person\",\"@id\":\"https:\\\/\\\/www.meydan.tv\\\/az\\\/#\\\/schema\\\/person\\\/10d11eccf6da3662cf5fdab9806ea91a\",\"name\":\"user-manager\"}]}<\/script>\n<!-- \/ Yoast SEO plugin. -->","yoast_head_json":{"title":"Yeni teatr \u2013 o, azad ola bil\u0259c\u0259kmi... - MEYDAN.TV","robots":{"index":"index","follow":"follow","max-snippet":"max-snippet:-1","max-image-preview":"max-image-preview:large","max-video-preview":"max-video-preview:-1"},"canonical":"https:\/\/www.meydan.tv\/az\/article\/yeni-teatr-o-azad-ola-bilecekmi\/","og_locale":"az_AZ","og_type":"article","og_title":"Yeni teatr \u2013 o, azad ola bil\u0259c\u0259kmi... - MEYDAN.TV","og_description":"\u201cM\u0259nim\u201d Teatr\u0131m d\u00fcnyaya nec\u0259 g\u00f6z a\u00e7d\u0131.","og_url":"https:\/\/www.meydan.tv\/az\/article\/yeni-teatr-o-azad-ola-bilecekmi\/","og_site_name":"MEYDAN.TV","article_published_time":"2016-04-01T00:44:36+00:00","og_image":[{"width":500,"height":500,"url":"https:\/\/www.meydan.tv\/wp-content\/uploads\/20010.jpg","type":"image\/jpeg"}],"author":"user-manager","twitter_card":"summary_large_image","schema":{"@context":"https:\/\/schema.org","@graph":[{"@type":"Article","@id":"https:\/\/www.meydan.tv\/az\/article\/yeni-teatr-o-azad-ola-bilecekmi\/#article","isPartOf":{"@id":"https:\/\/www.meydan.tv\/az\/article\/yeni-teatr-o-azad-ola-bilecekmi\/"},"author":{"name":"user-manager","@id":"https:\/\/www.meydan.tv\/az\/#\/schema\/person\/10d11eccf6da3662cf5fdab9806ea91a"},"headline":"Yeni teatr \u2013 o, azad ola bil\u0259c\u0259kmi&#8230;","datePublished":"2016-04-01T00:44:36+00:00","mainEntityOfPage":{"@id":"https:\/\/www.meydan.tv\/az\/article\/yeni-teatr-o-azad-ola-bilecekmi\/"},"wordCount":712,"publisher":{"@id":"https:\/\/www.meydan.tv\/az\/#organization"},"image":{"@id":"https:\/\/www.meydan.tv\/az\/article\/yeni-teatr-o-azad-ola-bilecekmi\/#primaryimage"},"thumbnailUrl":"https:\/\/www.meydan.tv\/wp-content\/uploads\/20010.jpg","articleSection":["M\u0259nim Fikrimc\u0259"],"inLanguage":"az"},{"@type":"WebPage","@id":"https:\/\/www.meydan.tv\/az\/article\/yeni-teatr-o-azad-ola-bilecekmi\/","url":"https:\/\/www.meydan.tv\/az\/article\/yeni-teatr-o-azad-ola-bilecekmi\/","name":"Yeni teatr \u2013 o, azad ola bil\u0259c\u0259kmi... - MEYDAN.TV","isPartOf":{"@id":"https:\/\/www.meydan.tv\/az\/#website"},"primaryImageOfPage":{"@id":"https:\/\/www.meydan.tv\/az\/article\/yeni-teatr-o-azad-ola-bilecekmi\/#primaryimage"},"image":{"@id":"https:\/\/www.meydan.tv\/az\/article\/yeni-teatr-o-azad-ola-bilecekmi\/#primaryimage"},"thumbnailUrl":"https:\/\/www.meydan.tv\/wp-content\/uploads\/20010.jpg","datePublished":"2016-04-01T00:44:36+00:00","breadcrumb":{"@id":"https:\/\/www.meydan.tv\/az\/article\/yeni-teatr-o-azad-ola-bilecekmi\/#breadcrumb"},"inLanguage":"az","potentialAction":[{"@type":"ReadAction","target":["https:\/\/www.meydan.tv\/az\/article\/yeni-teatr-o-azad-ola-bilecekmi\/"]}]},{"@type":"ImageObject","inLanguage":"az","@id":"https:\/\/www.meydan.tv\/az\/article\/yeni-teatr-o-azad-ola-bilecekmi\/#primaryimage","url":"https:\/\/www.meydan.tv\/wp-content\/uploads\/20010.jpg","contentUrl":"https:\/\/www.meydan.tv\/wp-content\/uploads\/20010.jpg","width":500,"height":500,"caption":"Source:"},{"@type":"BreadcrumbList","@id":"https:\/\/www.meydan.tv\/az\/article\/yeni-teatr-o-azad-ola-bilecekmi\/#breadcrumb","itemListElement":[{"@type":"ListItem","position":1,"name":"Ana s\u0259hif\u0259","item":"https:\/\/www.meydan.tv\/az\/"},{"@type":"ListItem","position":2,"name":"M\u0259nim Fikrimc\u0259","item":"https:\/\/www.meydan.tv\/az\/section\/menim-fikrimce\/"},{"@type":"ListItem","position":3,"name":"Yeni teatr \u2013 o, azad ola bil\u0259c\u0259kmi&#8230;"}]},{"@type":"WebSite","@id":"https:\/\/www.meydan.tv\/az\/#website","url":"https:\/\/www.meydan.tv\/az\/","name":"MEYDAN.TV","description":"Meydan TV Az\u0259rbaycan\u0131n media m\u0259kan\u0131ndak\u0131 alternativ s\u0259sidir","publisher":{"@id":"https:\/\/www.meydan.tv\/az\/#organization"},"potentialAction":[{"@type":"SearchAction","target":{"@type":"EntryPoint","urlTemplate":"https:\/\/www.meydan.tv\/az\/?s={search_term_string}"},"query-input":{"@type":"PropertyValueSpecification","valueRequired":true,"valueName":"search_term_string"}}],"inLanguage":"az"},{"@type":"Organization","@id":"https:\/\/www.meydan.tv\/az\/#organization","name":"Meydan TV","url":"https:\/\/www.meydan.tv\/az\/","logo":{"@type":"ImageObject","inLanguage":"az","@id":"https:\/\/www.meydan.tv\/az\/#\/schema\/logo\/image\/","url":"https:\/\/www.meydan.tv\/wp-content\/uploads\/2021\/07\/meydan-logo.svg","contentUrl":"https:\/\/www.meydan.tv\/wp-content\/uploads\/2021\/07\/meydan-logo.svg","width":195,"height":46,"caption":"Meydan TV"},"image":{"@id":"https:\/\/www.meydan.tv\/az\/#\/schema\/logo\/image\/"}},{"@type":"Person","@id":"https:\/\/www.meydan.tv\/az\/#\/schema\/person\/10d11eccf6da3662cf5fdab9806ea91a","name":"user-manager"}]}},"_links":{"self":[{"href":"https:\/\/www.meydan.tv\/az\/wp-json\/wp\/v2\/posts\/174726","targetHints":{"allow":["GET"]}}],"collection":[{"href":"https:\/\/www.meydan.tv\/az\/wp-json\/wp\/v2\/posts"}],"about":[{"href":"https:\/\/www.meydan.tv\/az\/wp-json\/wp\/v2\/types\/post"}],"author":[{"embeddable":true,"href":"https:\/\/www.meydan.tv\/az\/wp-json\/wp\/v2\/users\/11"}],"replies":[{"embeddable":true,"href":"https:\/\/www.meydan.tv\/az\/wp-json\/wp\/v2\/comments?post=174726"}],"version-history":[{"count":0,"href":"https:\/\/www.meydan.tv\/az\/wp-json\/wp\/v2\/posts\/174726\/revisions"}],"wp:featuredmedia":[{"embeddable":true,"href":"https:\/\/www.meydan.tv\/az\/wp-json\/wp\/v2\/media\/52973"}],"wp:attachment":[{"href":"https:\/\/www.meydan.tv\/az\/wp-json\/wp\/v2\/media?parent=174726"}],"wp:term":[{"taxonomy":"category","embeddable":true,"href":"https:\/\/www.meydan.tv\/az\/wp-json\/wp\/v2\/categories?post=174726"},{"taxonomy":"post_tag","embeddable":true,"href":"https:\/\/www.meydan.tv\/az\/wp-json\/wp\/v2\/tags?post=174726"}],"curies":[{"name":"wp","href":"https:\/\/api.w.org\/{rel}","templated":true}]}}