{"id":174627,"date":"2016-03-28T22:06:21","date_gmt":"2016-03-28T22:06:21","guid":{"rendered":"https:\/\/www.meydan.tv\/article\/deliden-dogru-xeber\/"},"modified":"2016-03-28T22:06:21","modified_gmt":"2016-03-28T22:06:21","slug":"deliden-dogru-xeber","status":"publish","type":"post","link":"https:\/\/www.meydan.tv\/az\/article\/deliden-dogru-xeber\/","title":{"rendered":"D\u0259lid\u0259n do\u011fru x\u0259b\u0259r"},"content":{"rendered":"<figure class=\"wp-block-image size-large\">\n  <img decoding=\"async\" src=\"https:\/\/www.meydan.tv\/az\/52584\/\" alt=\"\" class=\"wp-image-52584\"\/><figcaption><\/figcaption><\/figure>\n<figure class=\"wp-block-image size-large\">\n  <img decoding=\"async\" src=\"https:\/\/www.meydan.tv\/az\/52593\/\" alt=\"\" class=\"wp-image-52593\"\/><figcaption><\/figcaption><\/figure>\n<p>\n  Br\u00fcsseld\u0259ki terror hadis\u0259si ham\u0131n\u0131 sars\u0131td\u0131. Avropa mat\u0259m saxlay\u0131r. Avropa terrorizml\u0259 s\u0259rt m\u00fcbariz\u0259 aparaca\u011f\u0131n\u0131 q\u0259tiyy\u0259tl\u0259 bildirir.\n<\/p>\n<p>\n  Neyn\u0259k, apars\u0131n. H\u0259r\u0259nin \u00f6z m\u0259\u015f\u011fuliyy\u0259ti var. Ba\u015fdan m\u0259fra\u011f terror\u00e7ular dinc insanlar\u0131 partlad\u0131r. Q\u0259rb h\u00f6kum\u0259tl\u0259ri terror\u00e7ularla s\u0259rt m\u00fcbariz\u0259 apar\u0131r. Ham\u0131 m\u0259\u015f\u011fuldur.\n<\/p>\n<p>\n  Sizin f\u0259qir b\u0259nd\u0259nizd\u0259n soru\u015fanda deyir\u0259m ki, a\u011f\u0131ll\u0131 Q\u0259rb s\u0259b\u0259bi qoyub, n\u0259tic\u0259yl\u0259 s\u0259rt m\u00fcbariz\u0259 apar\u0131r. Loru dill\u0259 des\u0259k, \u201ce\u015f\u015f\u0259yi qoyub, palan\u0131 d\u00f6y\u0259cl\u0259yir\u201d.\n<\/p>\n<p>\n  A\u011f\u0131ls\u0131z terror\u00e7ular da s\u0259b\u0259bi g\u00f6rm\u0259yib, n\u0259tic\u0259y\u0259 g\u00f6r\u0259 \u00f6zl\u0259rini partlad\u0131rlar. Burunlar\u0131n\u0131n ucunda olan, loru dill\u0259 des\u0259k, \u201ce\u015f\u015f\u0259k boyda s\u0259b\u0259bi g\u00f6rm\u0259yib, mil\u00e7\u0259k boyda n\u0259tic\u0259yl\u0259\u201d vuru\u015furlar. Ham\u0131n\u0131n ba\u015f\u0131 vacib i\u015fl\u0259r\u0259 qar\u0131\u015f\u0131b.\n<\/p>\n<p>\n  Q\u0259rb k\u0259\u015ffiyyat\u00e7\u0131lar\u0131 h\u0259r bir m\u00fcs\u0259lman\u0131 z\u0259rr\u0259binl\u0259 \u00f6yr\u0259nirl\u0259r. M\u0259n\u015f\u0259yi, t\u0259hsili, u\u015faql\u0131q dostlar\u0131, yat\u0131b-durdu\u011fu adamlar, kim\u0259 n\u0259 deyib, kim\u0259 n\u0259 yaz\u0131b. M\u00fcs\u0259lmanlar\u0131n say\u0131 milyonlarlad\u0131r, ham\u0131s\u0131n\u0131n telefonu v\u0259 bank hesablar\u0131 n\u0259zar\u0259td\u0259dir. K\u0259\u015ffiyyat\u00e7\u0131lar gec\u0259-g\u00fcnd\u00fcz rahatl\u0131q bilmirl\u0259r, el\u0259 hey izl\u0259yirl\u0259r v\u0259 pusurlar. \u018fks\u0259r terror h\u0259v\u0259skarlar\u0131n\u0131 z\u0259r\u0259rsizl\u0259\u015fdir\u0259 bilirl\u0259r. Amma h\u0259rd\u0259n b\u0259zil\u0259ri yay\u0131n\u0131b-sivi\u015fib \u00f6zl\u0259rini partlada bilir. N\u0259 etm\u0259li, i\u015fl\u0259y\u0259nin s\u0259hvi d\u0259 olar&#8230;\n<\/p>\n<p>\n  Terror\u00e7ular da dinclik-rahatl\u0131q bilmirl\u0259r. G\u0259rgin i\u015fl\u0259yirl\u0259r. B\u0259s nec\u0259? El\u0259 bilirsiniz, q\u00fcdr\u0259tli Q\u0259rb k\u0259\u015ffiyyat\u0131n\u0131n torundan yay\u0131n\u0131b Avropan\u0131n \u0259sas \u015f\u0259h\u0259rl\u0259rind\u0259 \u00f6z\u00fcnl\u0259 b\u0259rab\u0259r xeyli dinc insan\u0131 q\u0259tl\u0259 yetirm\u0259k asan i\u015fdir? Bunun \u00fc\u00e7\u00fcn n\u0259 q\u0259d\u0259r hiyl\u0259, t\u0259dbir v\u0259 f\u0259nd g\u0259r\u0259kdir. Yuxusuz gec\u0259l\u0259r, gizli m\u00fc\u015favir\u0259l\u0259r, \u0259t\u0259k-\u0259t\u0259k x\u0259rc&#8230; H\u0259r adam\u0131n h\u00fcn\u0259ri deyil. Ancaq x\u00fcsusi haz\u0131rl\u0131\u011f\u0131 v\u0259 qabiliyy\u0259ti olan adamlar bunu bacarar. \u018fv\u0259zind\u0259 d\u0259 birba\u015fa c\u0259nn\u0259t\u0259 biznes-klass bilet. Huril\u0259r n\u00f6vb\u0259y\u0259 d\u00fcz\u00fcl\u00fcb s\u0259brsizlikl\u0259 g\u00f6zl\u0259yirl\u0259r. Bel\u0259 parlaq g\u0259l\u0259c\u0259y\u0259 g\u00f6r\u0259 \u015firin candan ke\u00e7m\u0259y\u0259 d\u0259y\u0259r.<br \/>\n  <br \/>\n  Ke\u00e7irl\u0259r d\u0259&#8230;\n<\/p>\n<p>\n  H\u0259r b\u00f6y\u00fck terror hadis\u0259sind\u0259n sonra ba\u015fbil\u0259nl\u0259r t\u0259nt\u0259n\u0259 il\u0259 k\u00fclli-al\u0259m\u0259 car \u00e7\u0259kirl\u0259r ki, \u201cbundan sonra \u0259vv\u0259lkit\u0259k olmayacaq. Bundan sonra h\u0259r \u015fey d\u0259yi\u015f\u0259c\u0259k\u201d.\n<\/p>\n<p>\n  Ay-hay d\u0259yi\u015fdi. K\u00f6hn\u0259 hamam, k\u00f6hn\u0259 tas. Q\u0259rbin k\u00f6hn\u0259 siyas\u0259ti, \u00e7ar\u0259siz terror\u00e7ular\u0131n \u0259n\u0259n\u0259vi \u00fcsullar\u0131. Qozbeli q\u0259bir d\u00fcz\u0259ld\u0259r.\n<\/p>\n<p>\n  H\u0259tta bu misal da sual do\u011furur: q\u0259bir bunlar\u0131 d\u00fcz\u0259ld\u0259 bil\u0259rmi?\n<\/p>\n<p>\n  Terrorun s\u0259b\u0259bi n\u0259dir? N\u0259 \u00fc\u00e7\u00fcn cavan-cavan adamlar \u015firin can\u0131ndan ke\u00e7ib \u00f6zl\u0259rini partlatmaq namin\u0259 bu q\u0259d\u0259r \u0259ziyy\u0259r \u00e7\u0259kirl\u0259r? Naraz\u0131d\u0131rlar? Avropa biz\u0259 \u00f6yr\u0259dir ki, naraz\u0131 adam g\u0259r\u0259k m\u0259hk\u0259m\u0259y\u0259 m\u00fcraci\u0259t etsin. B\u0259li, m\u0259hk\u0259m\u0259!<br \/>\n  <br \/>\n  F\u0259q\u0259t, terror\u00e7ular m\u0259hk\u0259m\u0259 s\u00f6z\u00fcn\u00fc e\u015fitc\u0259k ba\u015flay\u0131rlar \u0259s\u0259bi g\u00fclm\u0259y\u0259. Niy\u0259? Onlar deyirl\u0259r ki, \u015fikay\u0259t etdikl\u0259ri m\u0259s\u0259l\u0259l\u0259r\u0259 baxan Q\u0259rb m\u0259hk\u0259m\u0259l\u0259ri Az\u0259rbaycan m\u0259hk\u0259m\u0259l\u0259rinin tay\u0131d\u0131r. Y\u0259ni onlar \u0259dal\u0259t \u00fc\u00e7\u00fcn deyil, sifari\u015fli z\u00fclm \u00fc\u00e7\u00fcn qurulub.\n<\/p>\n<p>\n  M\u0259s\u0259l\u0259n, d\u00fcnyada \u018fn B\u00f6y\u00fck m\u0259hk\u0259m\u0259 olan Birl\u0259\u015fmi\u015f Mill\u0259tl\u0259r T\u0259\u015fkilat\u0131na \u015fikay\u0259t edirl\u0259r ki, \u0130srail d\u00f6vl\u0259ti F\u0259l\u0259stin m\u00fcs\u0259lmanlar\u0131n\u0131n torpa\u011f\u0131n\u0131 zorla q\u0259sb edir. BMT n\u0259 edir? Barma\u011f\u0131 il\u0259 \u0130sraili h\u0259d\u0259l\u0259yib deyir ki, \u201cAy-ay-ay, he\u00e7 yax\u015f\u0131 i\u015f g\u00f6rm\u00fcrs\u0259n ha, insaf yax\u015f\u0131 \u015feydir, b\u0259sdir bu m\u0259zlum f\u0259l\u0259stinlil\u0259ri incitdin, haqlar\u0131n\u0131 pozdun, torpaqlar\u0131n\u0131 q\u0259sb etdin\u201d. \u0130srail d\u0259 cavab\u0131nda, bizim lotu dili il\u0259 des\u0259k, deyir ki, \u201cGet hoppanma\u011f\u0131n\u0131n dal\u0131yca, \u0259c\u0259b edir\u0259m!\u201d<br \/>\n  <br \/>\n  Buna cavab olaraq a\u011f\u0131ll\u0131 Q\u0259rb imkan\u0131nda olan b\u00fct\u00fcn siyasi, iqtisadi, informasiya v\u0259 diplomatiya d\u0259st\u0259yini qoyur i\u015f\u011fal\u00e7\u0131 \u0130srailin xidm\u0259tind\u0259.\n<\/p>\n<p>\n  Bax, bel\u0259c\u0259 bir il, iki il, on il, iyirmi il, \u0259lli il&#8230; Bir fanatikin a\u011fl\u0131 \u00e7a\u015f\u0131r, \u015f\u0259hid k\u0259m\u0259rini ba\u011flay\u0131r belin\u0259, yollan\u0131r Avropan\u0131n g\u00f6z\u0259l \u015f\u0259h\u0259rl\u0259rinin metro v\u0259 va\u011fzallar\u0131na, ba\u015flay\u0131r g\u00fcnahs\u0131z dinc insanlar\u0131 partlatma\u011fa. Niy\u0259? \u00c7\u00fcnki ona m\u0259sl\u0259h\u0259t g\u00f6r\u00fcl\u0259n m\u0259hk\u0259m\u0259d\u0259n \u0259lini \u00fcz\u00fcb, \u00e7ar\u0259si qal\u0131b \u00f6z\u00fcn\u00fc partlatma\u011fa&#8230;\n<\/p>\n<p>\n  N\u0259 etm\u0259k olar? He\u00e7 n\u0259. He\u00e7 kim he\u00e7 n\u0259 ed\u0259 bilm\u0259z. B\u0259\u015f\u0259riyy\u0259t bu tilsimli \u201cantiterror\u201d dair\u0259sin\u0259 d\u00fc\u015f\u00fcb f\u0131rlan\u0131r. D\u00fcnyada y\u00fcr\u00fcd\u00fcl\u0259n real siyas\u0259t \u00fc\u00e7\u00fcn bu \u201cantiterror\u201ddan faydal\u0131 \u015fey ola bilm\u0259z. Bu \u201cantiterror\u201d a\u011f\u0131ll\u0131 Q\u0259rb \u00fc\u00e7\u00fcn g\u00f6yd\u0259n Yer\u0259 d\u00fc\u015fm\u00fc\u015f \u0259n b\u00f6y\u00fck h\u0259diyy\u0259dir. B\u00fct\u00fcn bihesabl\u0131qlar\u0131n\u0131n \u00fcst\u00fcn\u00fc bu \u201cantiterror\u201d siyas\u0259ti il\u0259 \u00f6rt\u00fcr.\n<\/p>\n<p>\n  Orta \u0259srl\u0259rd\u0259n qopub m\u00fcasir z\u0259man\u0259y\u0259 d\u00fc\u015fm\u00fc\u015f o\u011fru m\u00fcst\u0259bidl\u0259rl\u0259 i\u015f birliyi n\u0259yin namin\u0259dir? Ay sa\u011f ol, \u201cantiterror\u201d namin\u0259&#8230; Beyn\u0259lxalq qanunlara t\u00fcp\u00fcr\u00fcb m\u00fcst\u0259qil d\u00f6vl\u0259tl\u0259rin \u0259razisin\u0259 niy\u0259 silahl\u0131 qo\u015fun yeridirs\u0259n? \u018flb\u0259tt\u0259 ki, m\u00fcq\u0259dd\u0259s \u201cantiterror\u201d namin\u0259&#8230;\n<\/p>\n<p>\n  N\u0259 a\u011f\u0131ll\u0131 Q\u0259rbd\u0259, n\u0259 d\u0259 a\u011f\u0131ls\u0131z \u015e\u0259rqd\u0259 bu tilsimli dair\u0259d\u0259n \u00e7\u0131xmaq \u00fc\u00e7\u00fcn t\u0259l\u0259b olunan a\u011f\u0131l v\u0259 h\u00fcn\u0259r var. Q\u0259rb \u00f6z\u00fcn\u00fcn incitdiyi, b\u0259d\u0259lini m\u00fcs\u0259lmanlar\u0131n hesab\u0131na \u00f6d\u0259diyi y\u0259hudil\u0259r\u0259 beyn\u0259lxalq h\u00fcququn h\u0259ddini v\u0259 g\u00fcc\u00fcn\u00fc g\u00f6st\u0259rm\u0259y\u0259 \u00f6z\u00fcnd\u0259 t\u0259p\u0259r tapa bilmir. \u018fv\u0259zind\u0259 ucu-buca\u011f\u0131 g\u00f6r\u00fcnm\u0259y\u0259n \u201cantiterror \u0259m\u0259liyyat\u0131\u201d apar\u0131r.<br \/>\n  <br \/>\n  \u015e\u0259rq d\u0259 he\u00e7 n\u0259 ed\u0259mm\u0259z. Ets\u0259ydi, a\u011f\u0131ls\u0131z \u015e\u0259rq olmazd\u0131.\n<\/p>\n<p>\n  N\u0259 ed\u0259 bil\u0259rdi?B\u00f6rk\u00fcn\u00fc qaba\u011f\u0131na qoyub fikirl\u0259\u015f\u0259 bil\u0259rdi ki, \u201cBiz niy\u0259 bu g\u00fcn\u0259 d\u00fc\u015fd\u00fck? Bizi niy\u0259 \u0259zirl\u0259r, t\u0259pikl\u0259yirl\u0259r, minirl\u0259r, talay\u0131rlar?\u201d Bu sual\u0131 vers\u0259ydi, k\u0259nardan sizin f\u0259qir b\u0259nd\u0259nizin (v\u0259 eynil\u0259 d\u00fc\u015f\u00fcn\u0259n on minl\u0259rl\u0259 b\u0259nd\u0259nin) s\u0259si e\u015fidil\u0259rdi: \u201c\u00c7\u00fcnki siz \u00f6z \u00f6r\u00fc\u015f\u00fcn\u00fcz\u00fc \u00e7\u0259p\u0259rl\u0259m\u0259m\u0259siniz. Siz z\u0259ifsiniz. Milli m\u0259nafe deyil\u0259n \u00f6r\u00fc\u015f\u00fc \u00e7\u0259p\u0259rl\u0259m\u0259k \u00fc\u00e7\u00fcn q\u00fcdr\u0259tli d\u00f6vl\u0259t, g\u00fccl\u00fc s\u0259naye v\u0259 elm, bunun \u00fc\u00e7\u00fcn m\u00fck\u0259mm\u0259l t\u0259hsil v\u0259 xalq\u0131n \u0259n yax\u015f\u0131 \u00f6vlad\u0131n\u0131 ir\u0259li \u00e7\u0259k\u0259n m\u00fct\u0259r\u0259qqi demokratik qurulu\u015f olmal\u0131d\u0131r.\n<\/p>\n<p>\n  Siz is\u0259 bunun \u0259v\u0259zin\u0259 tamahkar v\u0259 ba\u015f\u0131bo\u015f m\u00fcst\u0259bidl\u0259r\u0259 meydan a\u00e7\u0131b elm \u0259v\u0259zin\u0259 c\u0259hal\u0259ti, t\u0259hsil \u0259v\u0259zin\u0259 m\u00f6vhumat\u0131, elm \u0259v\u0259zin\u0259 guya ilahiyyat\u0131, istehsal \u0259v\u0259sin\u0259 istehlak\u0131 \u00e7i\u00e7\u0259kl\u0259ndirirsiniz. N\u0259tic\u0259d\u0259 \u00f6z milli m\u0259nafeyini qoruya bilm\u0259y\u0259n z\u0259if m\u00fcs\u0259lman d\u00f6vl\u0259tl\u0259ri v\u0259 \u0259halisi d\u00fcnya miqyas\u0131nda z\u00fclm v\u0259 t\u0259hqir il\u0259 \u00fczl\u0259\u015fm\u0259li olur. M\u00fcs\u0259lmanlar da \u00e7ar\u0259sizlikd\u0259n gedib \u015f\u0259hid k\u0259m\u0259ri ba\u011flay\u0131r.\u201d\n<\/p>\n<p>\n  \u0130nsaf\u0259n, n\u0259 a\u011f\u0131ll\u0131 Q\u0259rb, n\u0259 d\u0259 a\u011f\u0131ls\u0131z \u015e\u0259rq d\u0259lid\u0259n bu do\u011fru x\u0259b\u0259ri e\u015fitm\u0259k ist\u0259mir. \u018fv\u0259zind\u0259 \u015e\u0259rq \u201ccihad\u201d, Q\u0259rb \u201cantiterror\u201d il\u0259 m\u0259\u015f\u011ful olur.\n<\/p>\n<p>\n  Daha do\u011frusu, \u201cm\u0259\u015f\u011fulat\u201d edir.\n<\/p>\n<p>\n  <b><br \/>\n    Yaz\u0131 m\u00fc\u0259llifin \u015f\u0259xsi m\u00f6vqeyini \u0259ks etdirir&#8230;<br \/>\n  <\/b><\/p>\n","protected":false},"excerpt":{"rendered":"<p>Avropa mat\u0259m saxlay\u0131r<\/p>\n","protected":false},"author":11,"featured_media":52584,"comment_status":"closed","ping_status":"open","sticky":false,"template":"","format":"standard","meta":{"_acf_changed":false,"_sitemap_exclude":false,"_sitemap_priority":"","_sitemap_frequency":"","footnotes":""},"categories":[57],"tags":[],"class_list":["post-174627","post","type-post","status-publish","format-standard","has-post-thumbnail","hentry","category-menim-fikrimce","infinite-scroll-item","generate-columns","tablet-grid-50","mobile-grid-100","grid-parent","grid-33","no-featured-image-padding"],"acf":[],"yoast_head":"<!-- This site is optimized with the Yoast SEO plugin v27.5 - https:\/\/yoast.com\/product\/yoast-seo-wordpress\/ -->\n<title>D\u0259lid\u0259n do\u011fru x\u0259b\u0259r - MEYDAN.TV<\/title>\n<meta name=\"robots\" content=\"index, follow, max-snippet:-1, max-image-preview:large, max-video-preview:-1\" \/>\n<link rel=\"canonical\" href=\"https:\/\/www.meydan.tv\/az\/article\/deliden-dogru-xeber\/\" \/>\n<meta property=\"og:locale\" content=\"az_AZ\" \/>\n<meta property=\"og:type\" content=\"article\" \/>\n<meta property=\"og:title\" content=\"D\u0259lid\u0259n do\u011fru x\u0259b\u0259r - MEYDAN.TV\" \/>\n<meta property=\"og:description\" content=\"Avropa mat\u0259m saxlay\u0131r\" \/>\n<meta property=\"og:url\" content=\"https:\/\/www.meydan.tv\/az\/article\/deliden-dogru-xeber\/\" \/>\n<meta property=\"og:site_name\" content=\"MEYDAN.TV\" \/>\n<meta property=\"article:published_time\" content=\"2016-03-28T22:06:21+00:00\" \/>\n<meta property=\"og:image\" content=\"https:\/\/www.meydan.tv\/wp-content\/uploads\/19832.jpg\" \/>\n\t<meta property=\"og:image:width\" content=\"500\" \/>\n\t<meta property=\"og:image:height\" content=\"500\" \/>\n\t<meta property=\"og:image:type\" content=\"image\/jpeg\" \/>\n<meta name=\"author\" content=\"user-manager\" \/>\n<meta name=\"twitter:card\" content=\"summary_large_image\" \/>\n<script type=\"application\/ld+json\" class=\"yoast-schema-graph\">{\"@context\":\"https:\\\/\\\/schema.org\",\"@graph\":[{\"@type\":\"Article\",\"@id\":\"https:\\\/\\\/www.meydan.tv\\\/az\\\/article\\\/deliden-dogru-xeber\\\/#article\",\"isPartOf\":{\"@id\":\"https:\\\/\\\/www.meydan.tv\\\/az\\\/article\\\/deliden-dogru-xeber\\\/\"},\"author\":{\"name\":\"user-manager\",\"@id\":\"https:\\\/\\\/www.meydan.tv\\\/az\\\/#\\\/schema\\\/person\\\/10d11eccf6da3662cf5fdab9806ea91a\"},\"headline\":\"D\u0259lid\u0259n do\u011fru x\u0259b\u0259r\",\"datePublished\":\"2016-03-28T22:06:21+00:00\",\"mainEntityOfPage\":{\"@id\":\"https:\\\/\\\/www.meydan.tv\\\/az\\\/article\\\/deliden-dogru-xeber\\\/\"},\"wordCount\":1362,\"publisher\":{\"@id\":\"https:\\\/\\\/www.meydan.tv\\\/az\\\/#organization\"},\"image\":{\"@id\":\"https:\\\/\\\/www.meydan.tv\\\/az\\\/article\\\/deliden-dogru-xeber\\\/#primaryimage\"},\"thumbnailUrl\":\"https:\\\/\\\/www.meydan.tv\\\/wp-content\\\/uploads\\\/19832.jpg\",\"articleSection\":[\"M\u0259nim Fikrimc\u0259\"],\"inLanguage\":\"az\"},{\"@type\":\"WebPage\",\"@id\":\"https:\\\/\\\/www.meydan.tv\\\/az\\\/article\\\/deliden-dogru-xeber\\\/\",\"url\":\"https:\\\/\\\/www.meydan.tv\\\/az\\\/article\\\/deliden-dogru-xeber\\\/\",\"name\":\"D\u0259lid\u0259n do\u011fru x\u0259b\u0259r - MEYDAN.TV\",\"isPartOf\":{\"@id\":\"https:\\\/\\\/www.meydan.tv\\\/az\\\/#website\"},\"primaryImageOfPage\":{\"@id\":\"https:\\\/\\\/www.meydan.tv\\\/az\\\/article\\\/deliden-dogru-xeber\\\/#primaryimage\"},\"image\":{\"@id\":\"https:\\\/\\\/www.meydan.tv\\\/az\\\/article\\\/deliden-dogru-xeber\\\/#primaryimage\"},\"thumbnailUrl\":\"https:\\\/\\\/www.meydan.tv\\\/wp-content\\\/uploads\\\/19832.jpg\",\"datePublished\":\"2016-03-28T22:06:21+00:00\",\"breadcrumb\":{\"@id\":\"https:\\\/\\\/www.meydan.tv\\\/az\\\/article\\\/deliden-dogru-xeber\\\/#breadcrumb\"},\"inLanguage\":\"az\",\"potentialAction\":[{\"@type\":\"ReadAction\",\"target\":[\"https:\\\/\\\/www.meydan.tv\\\/az\\\/article\\\/deliden-dogru-xeber\\\/\"]}]},{\"@type\":\"ImageObject\",\"inLanguage\":\"az\",\"@id\":\"https:\\\/\\\/www.meydan.tv\\\/az\\\/article\\\/deliden-dogru-xeber\\\/#primaryimage\",\"url\":\"https:\\\/\\\/www.meydan.tv\\\/wp-content\\\/uploads\\\/19832.jpg\",\"contentUrl\":\"https:\\\/\\\/www.meydan.tv\\\/wp-content\\\/uploads\\\/19832.jpg\",\"width\":500,\"height\":500,\"caption\":\"Source:\"},{\"@type\":\"BreadcrumbList\",\"@id\":\"https:\\\/\\\/www.meydan.tv\\\/az\\\/article\\\/deliden-dogru-xeber\\\/#breadcrumb\",\"itemListElement\":[{\"@type\":\"ListItem\",\"position\":1,\"name\":\"Ana s\u0259hif\u0259\",\"item\":\"https:\\\/\\\/www.meydan.tv\\\/az\\\/\"},{\"@type\":\"ListItem\",\"position\":2,\"name\":\"M\u0259nim Fikrimc\u0259\",\"item\":\"https:\\\/\\\/www.meydan.tv\\\/az\\\/section\\\/menim-fikrimce\\\/\"},{\"@type\":\"ListItem\",\"position\":3,\"name\":\"D\u0259lid\u0259n do\u011fru x\u0259b\u0259r\"}]},{\"@type\":\"WebSite\",\"@id\":\"https:\\\/\\\/www.meydan.tv\\\/az\\\/#website\",\"url\":\"https:\\\/\\\/www.meydan.tv\\\/az\\\/\",\"name\":\"MEYDAN.TV\",\"description\":\"Meydan TV Az\u0259rbaycan\u0131n media m\u0259kan\u0131ndak\u0131 alternativ s\u0259sidir\",\"publisher\":{\"@id\":\"https:\\\/\\\/www.meydan.tv\\\/az\\\/#organization\"},\"potentialAction\":[{\"@type\":\"SearchAction\",\"target\":{\"@type\":\"EntryPoint\",\"urlTemplate\":\"https:\\\/\\\/www.meydan.tv\\\/az\\\/?s={search_term_string}\"},\"query-input\":{\"@type\":\"PropertyValueSpecification\",\"valueRequired\":true,\"valueName\":\"search_term_string\"}}],\"inLanguage\":\"az\"},{\"@type\":\"Organization\",\"@id\":\"https:\\\/\\\/www.meydan.tv\\\/az\\\/#organization\",\"name\":\"Meydan TV\",\"url\":\"https:\\\/\\\/www.meydan.tv\\\/az\\\/\",\"logo\":{\"@type\":\"ImageObject\",\"inLanguage\":\"az\",\"@id\":\"https:\\\/\\\/www.meydan.tv\\\/az\\\/#\\\/schema\\\/logo\\\/image\\\/\",\"url\":\"https:\\\/\\\/www.meydan.tv\\\/wp-content\\\/uploads\\\/2021\\\/07\\\/meydan-logo.svg\",\"contentUrl\":\"https:\\\/\\\/www.meydan.tv\\\/wp-content\\\/uploads\\\/2021\\\/07\\\/meydan-logo.svg\",\"width\":195,\"height\":46,\"caption\":\"Meydan TV\"},\"image\":{\"@id\":\"https:\\\/\\\/www.meydan.tv\\\/az\\\/#\\\/schema\\\/logo\\\/image\\\/\"}},{\"@type\":\"Person\",\"@id\":\"https:\\\/\\\/www.meydan.tv\\\/az\\\/#\\\/schema\\\/person\\\/10d11eccf6da3662cf5fdab9806ea91a\",\"name\":\"user-manager\"}]}<\/script>\n<!-- \/ Yoast SEO plugin. -->","yoast_head_json":{"title":"D\u0259lid\u0259n do\u011fru x\u0259b\u0259r - MEYDAN.TV","robots":{"index":"index","follow":"follow","max-snippet":"max-snippet:-1","max-image-preview":"max-image-preview:large","max-video-preview":"max-video-preview:-1"},"canonical":"https:\/\/www.meydan.tv\/az\/article\/deliden-dogru-xeber\/","og_locale":"az_AZ","og_type":"article","og_title":"D\u0259lid\u0259n do\u011fru x\u0259b\u0259r - MEYDAN.TV","og_description":"Avropa mat\u0259m saxlay\u0131r","og_url":"https:\/\/www.meydan.tv\/az\/article\/deliden-dogru-xeber\/","og_site_name":"MEYDAN.TV","article_published_time":"2016-03-28T22:06:21+00:00","og_image":[{"width":500,"height":500,"url":"https:\/\/www.meydan.tv\/wp-content\/uploads\/19832.jpg","type":"image\/jpeg"}],"author":"user-manager","twitter_card":"summary_large_image","schema":{"@context":"https:\/\/schema.org","@graph":[{"@type":"Article","@id":"https:\/\/www.meydan.tv\/az\/article\/deliden-dogru-xeber\/#article","isPartOf":{"@id":"https:\/\/www.meydan.tv\/az\/article\/deliden-dogru-xeber\/"},"author":{"name":"user-manager","@id":"https:\/\/www.meydan.tv\/az\/#\/schema\/person\/10d11eccf6da3662cf5fdab9806ea91a"},"headline":"D\u0259lid\u0259n do\u011fru x\u0259b\u0259r","datePublished":"2016-03-28T22:06:21+00:00","mainEntityOfPage":{"@id":"https:\/\/www.meydan.tv\/az\/article\/deliden-dogru-xeber\/"},"wordCount":1362,"publisher":{"@id":"https:\/\/www.meydan.tv\/az\/#organization"},"image":{"@id":"https:\/\/www.meydan.tv\/az\/article\/deliden-dogru-xeber\/#primaryimage"},"thumbnailUrl":"https:\/\/www.meydan.tv\/wp-content\/uploads\/19832.jpg","articleSection":["M\u0259nim Fikrimc\u0259"],"inLanguage":"az"},{"@type":"WebPage","@id":"https:\/\/www.meydan.tv\/az\/article\/deliden-dogru-xeber\/","url":"https:\/\/www.meydan.tv\/az\/article\/deliden-dogru-xeber\/","name":"D\u0259lid\u0259n do\u011fru x\u0259b\u0259r - MEYDAN.TV","isPartOf":{"@id":"https:\/\/www.meydan.tv\/az\/#website"},"primaryImageOfPage":{"@id":"https:\/\/www.meydan.tv\/az\/article\/deliden-dogru-xeber\/#primaryimage"},"image":{"@id":"https:\/\/www.meydan.tv\/az\/article\/deliden-dogru-xeber\/#primaryimage"},"thumbnailUrl":"https:\/\/www.meydan.tv\/wp-content\/uploads\/19832.jpg","datePublished":"2016-03-28T22:06:21+00:00","breadcrumb":{"@id":"https:\/\/www.meydan.tv\/az\/article\/deliden-dogru-xeber\/#breadcrumb"},"inLanguage":"az","potentialAction":[{"@type":"ReadAction","target":["https:\/\/www.meydan.tv\/az\/article\/deliden-dogru-xeber\/"]}]},{"@type":"ImageObject","inLanguage":"az","@id":"https:\/\/www.meydan.tv\/az\/article\/deliden-dogru-xeber\/#primaryimage","url":"https:\/\/www.meydan.tv\/wp-content\/uploads\/19832.jpg","contentUrl":"https:\/\/www.meydan.tv\/wp-content\/uploads\/19832.jpg","width":500,"height":500,"caption":"Source:"},{"@type":"BreadcrumbList","@id":"https:\/\/www.meydan.tv\/az\/article\/deliden-dogru-xeber\/#breadcrumb","itemListElement":[{"@type":"ListItem","position":1,"name":"Ana s\u0259hif\u0259","item":"https:\/\/www.meydan.tv\/az\/"},{"@type":"ListItem","position":2,"name":"M\u0259nim Fikrimc\u0259","item":"https:\/\/www.meydan.tv\/az\/section\/menim-fikrimce\/"},{"@type":"ListItem","position":3,"name":"D\u0259lid\u0259n do\u011fru x\u0259b\u0259r"}]},{"@type":"WebSite","@id":"https:\/\/www.meydan.tv\/az\/#website","url":"https:\/\/www.meydan.tv\/az\/","name":"MEYDAN.TV","description":"Meydan TV Az\u0259rbaycan\u0131n media m\u0259kan\u0131ndak\u0131 alternativ s\u0259sidir","publisher":{"@id":"https:\/\/www.meydan.tv\/az\/#organization"},"potentialAction":[{"@type":"SearchAction","target":{"@type":"EntryPoint","urlTemplate":"https:\/\/www.meydan.tv\/az\/?s={search_term_string}"},"query-input":{"@type":"PropertyValueSpecification","valueRequired":true,"valueName":"search_term_string"}}],"inLanguage":"az"},{"@type":"Organization","@id":"https:\/\/www.meydan.tv\/az\/#organization","name":"Meydan TV","url":"https:\/\/www.meydan.tv\/az\/","logo":{"@type":"ImageObject","inLanguage":"az","@id":"https:\/\/www.meydan.tv\/az\/#\/schema\/logo\/image\/","url":"https:\/\/www.meydan.tv\/wp-content\/uploads\/2021\/07\/meydan-logo.svg","contentUrl":"https:\/\/www.meydan.tv\/wp-content\/uploads\/2021\/07\/meydan-logo.svg","width":195,"height":46,"caption":"Meydan TV"},"image":{"@id":"https:\/\/www.meydan.tv\/az\/#\/schema\/logo\/image\/"}},{"@type":"Person","@id":"https:\/\/www.meydan.tv\/az\/#\/schema\/person\/10d11eccf6da3662cf5fdab9806ea91a","name":"user-manager"}]}},"_links":{"self":[{"href":"https:\/\/www.meydan.tv\/az\/wp-json\/wp\/v2\/posts\/174627","targetHints":{"allow":["GET"]}}],"collection":[{"href":"https:\/\/www.meydan.tv\/az\/wp-json\/wp\/v2\/posts"}],"about":[{"href":"https:\/\/www.meydan.tv\/az\/wp-json\/wp\/v2\/types\/post"}],"author":[{"embeddable":true,"href":"https:\/\/www.meydan.tv\/az\/wp-json\/wp\/v2\/users\/11"}],"replies":[{"embeddable":true,"href":"https:\/\/www.meydan.tv\/az\/wp-json\/wp\/v2\/comments?post=174627"}],"version-history":[{"count":0,"href":"https:\/\/www.meydan.tv\/az\/wp-json\/wp\/v2\/posts\/174627\/revisions"}],"wp:featuredmedia":[{"embeddable":true,"href":"https:\/\/www.meydan.tv\/az\/wp-json\/wp\/v2\/media\/52584"}],"wp:attachment":[{"href":"https:\/\/www.meydan.tv\/az\/wp-json\/wp\/v2\/media?parent=174627"}],"wp:term":[{"taxonomy":"category","embeddable":true,"href":"https:\/\/www.meydan.tv\/az\/wp-json\/wp\/v2\/categories?post=174627"},{"taxonomy":"post_tag","embeddable":true,"href":"https:\/\/www.meydan.tv\/az\/wp-json\/wp\/v2\/tags?post=174627"}],"curies":[{"name":"wp","href":"https:\/\/api.w.org\/{rel}","templated":true}]}}