{"id":174563,"date":"2016-03-24T18:01:41","date_gmt":"2016-03-24T18:01:41","guid":{"rendered":"https:\/\/www.meydan.tv\/article\/dervis-brusseli-partladir-nagili\/"},"modified":"2016-03-24T18:01:41","modified_gmt":"2016-03-24T18:01:41","slug":"dervis-brusseli-partladir-nagili","status":"publish","type":"post","link":"https:\/\/www.meydan.tv\/az\/article\/dervis-brusseli-partladir-nagili\/","title":{"rendered":"D\u0259rvi\u015f Br\u00fcsseli partlad\u0131r na\u011f\u0131l\u0131"},"content":{"rendered":"<figure class=\"wp-block-image size-large\">\n  <img decoding=\"async\" src=\"https:\/\/www.meydan.tv\/az\/52275\/\" alt=\"\" class=\"wp-image-52275\"\/><figcaption><\/figcaption><\/figure>\n<figure class=\"wp-block-image size-large\">\n  <img decoding=\"async\" src=\"https:\/\/www.meydan.tv\/az\/52278\/\" alt=\"\" class=\"wp-image-52278\"\/><figcaption><\/figcaption><\/figure>\n<p>\n  D\u00fcn\u0259n Avropa Birliyinin inzibati v\u0259 eyni zamanda r\u0259mzi paytaxt\u0131 Br\u00fcsselin Zaventem aeroportunda, sonra da \u015f\u0259h\u0259r m\u0259rk\u0259zind\u0259 yerl\u0259\u015f\u0259n Maalbeek Metro stansiyas\u0131nda terror aktlar\u0131 h\u0259yata ke\u00e7irildi. Son m\u0259lumatlara g\u00f6r\u0259 bu aktlar\u0131n n\u0259tic\u0259sind\u0259 31 n\u0259f\u0259r h\u0259lak olub, \u00e7oxlu da yaral\u0131 var, Br\u00fcssel iki g\u00fcn \u0259vv\u0259l tamamil\u0259 iflic hal\u0131nda idi. Haz\u0131rda Bel\u00e7ikan\u0131n s\u0259rh\u0259dl\u0259ri ba\u011fl\u0131d\u0131r, 1975-ci il t\u0259v\u0259ll\u00fcdl\u00fc ba\u015f nazir Charles Michel is\u0259 bu terror akt\u0131n\u0131 \u00f6lk\u0259 tarixind\u0259 \u0259n b\u00f6y\u00fck faci\u0259 kimi qiym\u0259tl\u0259ndirdi.\n<\/p>\n<p>\n  M\u0259s\u0259l\u0259 \u0259lb\u0259tt\u0259 ki, bunlarda deyil, \u0259sla, r\u0259q\u0259ml\u0259rin burada he\u00e7 bir \u0259h\u0259miyy\u0259ti yoxdur. \u00c7\u00fcnki bu r\u0259mzi aksiya idi. Qorxudulma v\u0259 v\u0259h\u015f\u0259t aksiyas\u0131. Facebook lentimd\u0259 bir musiqi\u00e7i h\u0259mkar\u0131m\u0131n, violin ifa\u00e7\u0131s\u0131 alman xan\u0131m\u0131n d\u00fcn\u0259n s\u0259h\u0259r iki ki\u00e7ik u\u015fa\u011f\u0131 il\u0259 Berlinin Tegel aeroportunda qeydiyyatdan ke\u00e7m\u0259si, sonra hans\u0131sa s\u0259b\u0259bl\u0259r ucbat\u0131ndan Br\u00fcssel u\u00e7a\u011f\u0131na mini\u015fin gecikdirilm\u0259si haqda g\u00f6yl\u0259r\u0259 minn\u0259tdarl\u0131q dolu qeydin\u0259 y\u00fczl\u0259rl\u0259 m\u00fcxt\u0259lif xarakterli \u015f\u0259rh g\u0259lmi\u015fdi. S\u0259h\u0259r \u00e7a\u011f\u0131 qatarla ged\u0259rk\u0259n bunlar\u0131 g\u00f6r\u00fcb d\u0259h\u015f\u0259t\u0259 g\u0259ldim. Kimis\u0259 \u015f\u0259xs\u0259n tan\u0131y\u0131rsansa, m\u0259s\u0259l\u0259 sanki b\u00f6y\u00fcd\u00fcc\u00fc \u015f\u00fc\u015f\u0259 alt\u0131ndan s\u0259n\u0259 g\u00f6r\u00fcn\u00fcr, problemin n\u0259 q\u0259d\u0259r qorxunc oldu\u011funu d\u0259rinl\u0259 hiss etm\u0259y\u0259 ba\u015flay\u0131rsan.\n<\/p>\n<p>\n  D\u00fcn\u0259nki hadis\u0259 haqda qeyd etmi\u015fdim ki, bu art\u0131q Avropada fa\u015fistl\u0259r\u0259 pas da deyildi, bu &#8220;uqlovoydan&#8221; verilmi\u015f &#8220;kru\u00e7eni&#8221; idi. Bundan sonra he\u00e7 kim Avropada ba\u015f qald\u0131racaq fa\u015fizmd\u0259n rahat dan\u0131\u015fa bilm\u0259y\u0259c\u0259k. Sa\u011flar\u0131n Avropada b\u00f6y\u00fck bir revan\u015f\u0131n\u0131n ba\u015f ver\u0259c\u0259yin\u0259 art\u0131q kims\u0259d\u0259 \u015f\u00fcbh\u0259 qalmad\u0131. Art\u0131q Q\u0259rbi Avropada Oswald Spengler&#8217;in y\u00fcz il \u00f6nc\u0259ki yazd\u0131\u011f\u0131 &#8220;Avropan\u0131n q\u00fcrubu. D\u00fcnya tarixi morfologiyas\u0131n\u0131n s\u0259thl\u0259ri&#8221; (&#8220;Der Untergang Des Abedlandes. Umrisse einer Morphologie der Weltgeschichte&#8221;, 1918) \u0259s\u0259rind\u0259 &#8220;K\u00f6hn\u0259 D\u00fcnya&#8221; haqda verdiyi qorxunc proqnozlar \u00f6z\u00fcn\u00fc a\u00e7\u0131q-a\u015fkar do\u011frultmaqdad\u0131r.\n<\/p>\n<p>\n  Sanki onun t\u0259svir etm\u0259y\u0259 \u00e7al\u0131\u015fd\u0131\u011f\u0131 h\u0259min o &#8220;Avropan\u0131n q\u00fcrubu&#8221;nu g\u00f6zl\u0259rimizl\u0259 g\u00f6r\u00fcr\u00fck. \u00c7\u00fcnki bu problemin h\u0259l\u0259lik real bir h\u0259lli \u00fcf\u00fcqd\u0259 g\u00f6r\u00fcnm\u00fcr, sa\u011flar\u0131n g\u0259li\u015fi d\u0259 n\u0259yis\u0259 d\u0259yi\u015fm\u0259y\u0259c\u0259k, tam \u0259ksin\u0259. V\u0259 m\u0259s\u0259l\u0259 \u0259sla \u00e7oxlar\u0131n\u0131n dediyi kimi, sosial probleml\u0259rd\u0259 deyil, sosial b\u0259rab\u0259rlik-filan bu i\u015fi \u00e7oz\u0259c\u0259k n\u0259sn\u0259 deyildir.\n<\/p>\n<p>\n  Xat\u0131rlay\u0131n, ke\u00e7\u0259n ilki Paris hadis\u0259l\u0259rind\u0259n \u00e7ox deyildi, \u00e7ox yaz\u0131ld\u0131, h\u0259m \u0421harlie Hebdo, h\u0259m noyabrdak\u0131 terror akt\u0131, ondan sonra n\u0259l\u0259r oldu? \u018fslind\u0259 he\u00e7 d\u0259. Maraql\u0131d\u0131r ki, Br\u00fcsseld\u0259ki teraktdan c\u0259mi birc\u0259 g\u00fcn \u00f6nc\u0259 bir kafed\u0259 almanca x\u0259b\u0259rl\u0259r\u0259 rastlad\u0131qda, orada Salah Abdeslam adl\u0131 terror\u00e7uluqda \u015f\u00fcbh\u0259li bilin\u0259n birisi haqda dan\u0131\u015f\u0131l\u0131r, Br\u00fcssel prokurorlu\u011funun onun terror ed\u0259c\u0259yi haqdak\u0131 ifad\u0259l\u0259rin\u0259 &#8220;ehtiyatla yana\u015fmaq laz\u0131m g\u0259ldiyi&#8221; haqda b\u0259yanat\u0131 s\u0259sl\u0259nirdi. Deyir &#8220;\u00e7ox ke\u00e7m\u0259z, sevindirr\u0259m sizi&#8221;.\n<\/p>\n<p>\n  Ke\u00e7\u0259n ilin yay\u0131nda Pol\u015fadak\u0131 prezident se\u00e7kisind\u0259 sa\u011flar qalib olanda yazm\u0131\u015fd\u0131m, bu \u015f\u00fcbh\u0259siz ki, Avropa b\u00f6hran\u0131d\u0131r, amma \u015e\u0259rqi Avropan\u0131 Q\u0259rbi Avropadan m\u00fctl\u0259q ay\u0131rmaq g\u0259r\u0259kdir, \u00e7\u00fcnki \u015f\u0259rqd\u0259 kommunizmin yerini dolduracaq yeni t\u0259f\u0259kk\u00fcr t\u0259rzi tam olaraq liberal d\u0259y\u0259rl\u0259r olmad\u0131. \u018fksin\u0259, din v\u0259 mill\u0259t\u00e7ilik g\u0259lm\u0259y\u0259 ba\u015flad\u0131, konkret olaraq m\u0259qal\u0259d\u0259 b\u0259hs edil\u0259n Pol\u015fa, Viktor Orb\u00e1n Macar\u0131stan\u0131 v\u0259 \u00c7exiyada bu ba\u015f verdi. Bunlar da ist\u0259nil\u0259n parametrd\u0259n \u015e\u0259rqi Avropan\u0131n \u0259n ba\u015fl\u0131ca \u00f6lk\u0259l\u0259ridir.\n<\/p>\n<p>\n  \u0130ndi oraya miqrantlar\u0131n k\u00f6\u00e7m\u0259si \u0259lb\u0259tt\u0259 ki, \u00e7ox m\u00fc\u015fk\u00fcld\u00fcr. Bu \u00f6lk\u0259l\u0259rd\u0259 b\u00f6y\u00fck miqrant ax\u0131n\u0131n\u0131n olmamas\u0131n\u0131n ba\u015fqa bir s\u0259b\u0259bi d\u0259, bu \u00f6lk\u0259l\u0259rin Q\u0259rbi Avropa kimi b\u00f6y\u00fck kolonial tarixinin olmamas\u0131 idi, bu regionlara he\u00e7 zaman ba\u015fqa kontinentl\u0259rd\u0259n n\u0259 q\u0259d\u0259r insan\u0131 g\u0259tirilib k\u00f6l\u0259 kimi i\u015fl\u0259dilm\u0259mi\u015fdi. O \u00fczd\u0259n d\u0259 bu c\u0259miyy\u0259t onlara sanki tarixi m\u0259nada \u00f6yr\u0259\u015fm\u0259mi\u015fdi. XX \u0259srin bir n\u00f6v tarixi &#8220;ekvatoru&#8221; rolunu oynayan II D\u00fcnya M\u00fcharib\u0259sind\u0259n sonrak\u0131 kommunist d\u00f6vr\u00fcnd\u0259 is\u0259 bu \u00f6lk\u0259l\u0259r dem\u0259k olar ki, tam qapal\u0131, hermetik rejiml\u0259r alt\u0131nda ya\u015fam\u0131\u015fd\u0131lar. Bu s\u0259b\u0259bl\u0259rd\u0259n bu \u00f6lk\u0259l\u0259rd\u0259 k\u00fctl\u0259vi miqrant gettolar\u0131 yoxdur v\u0259 yax\u0131n m\u00fcdd\u0259td\u0259 olmayacaq da.\n<\/p>\n<p>\n  Xatirim\u0259 lap 6-c\u0131 sinifd\u0259 ke\u00e7diyimiz v\u0259 sev\u0259-sev\u0259 oxudu\u011fum tarix f\u0259nni kitab\u0131n\u0131n son s\u0259hif\u0259l\u0259ri d\u00fc\u015f\u00fcr. Roma imperiyas\u0131n\u0131n iki yer\u0259 b\u00f6l\u00fcnm\u0259sind\u0259n sonrak\u0131, 476-c\u0131 ilind\u0259 Q\u0259rbi Roma imperiyas\u0131n\u0131n s\u00fcqutu t\u0259sad\u00fcf edirdi. Orada bel\u0259 bir c\u00fcml\u0259 vard\u0131 &#8211; bu zaman \u015e\u0259rqi \u0130mperiya \u00f6z\u00fcn\u00fc barbarlardan \u00e7\u0259tinlikl\u0259 d\u0259 olsa, m\u00fcdafi\u0259 edirdi&#8230;\n<\/p>\n<p>\n  Bu s\u0259tirl\u0259ri yazark\u0259n, ke\u00e7\u0259n d\u0259f\u0259ki hissl\u0259ri ke\u00e7irdim: yazan, t\u0259hlil ed\u0259n b\u00fct\u00fcn insanlarda bel\u0259 olur ki, beyin m\u0259ntiql\u0259 dikt\u0259 edir, q\u0259lb is\u0259 buna inanmaq ist\u0259mir v\u0259 yazaraq sanki gizlinc\u0259 inanmaq ist\u0259yirs\u0259n &#8211; b\u0259lk\u0259 bunlar he\u00e7 ba\u015f verm\u0259di? Amma tarix v\u0259 zaman \u00e7ox amans\u0131zd\u0131r, Qumilyovun n\u0259z\u0259riyy\u0259si d\u0259 bunu t\u0259sdiq edir &#8211; &#8220;q\u0131z\u0131l d\u00f6vr\u00fcn\u00fc&#8221; bitir\u0259n sivilizasiyalar \u00f6l\u00fcm\u0259 m\u0259hkumdur v\u0259 barbarlar\u0131n, passionar qara q\u00fcvv\u0259l\u0259rin g\u0259li\u015fi \u00f6z\u00fcn\u00fc \u00e7ox g\u00f6zl\u0259tm\u0259y\u0259c\u0259k. G\u00f6r\u00fcn\u00fcr, biz b\u00fct\u00fcn bunlar\u0131n canl\u0131 \u015fahidi olaca\u011f\u0131q, nec\u0259 ki, b\u00f6y\u00fck insan k\u00fctl\u0259sinin qit\u0259l\u0259rd\u0259n nec\u0259 k\u00f6\u00e7d\u00fcy\u00fcn\u00fcn \u015fahidi olduq&#8230;\n<\/p>\n<p>\n  P.S. \u018fn do\u011frusunu h\u0259l\u0259 o zaman dahi Axundov yazm\u0131\u015fd\u0131 &#8211; kim partlad\u0131b Parisi? Cinl\u0259r, ifrit\u0259l\u0259r&#8230;\n<\/p>\n<\/p>\n<p>\n  <b><br \/>\n    Yaz\u0131 m\u00fc\u0259llifin \u015f\u0259xsi m\u00f6vqeyini \u0259ks etdirir&#8230;<br \/>\n  <\/b><\/p>\n","protected":false},"excerpt":{"rendered":"<p>Q\u0131z\u0131l d\u00f6vr\u00fcn\u00fc bitirmi\u015f sivilizasiyalar<\/p>\n","protected":false},"author":11,"featured_media":52275,"comment_status":"closed","ping_status":"open","sticky":false,"template":"","format":"standard","meta":{"_acf_changed":false,"_sitemap_exclude":false,"_sitemap_priority":"","_sitemap_frequency":"","footnotes":""},"categories":[57],"tags":[],"class_list":["post-174563","post","type-post","status-publish","format-standard","has-post-thumbnail","hentry","category-menim-fikrimce","infinite-scroll-item","generate-columns","tablet-grid-50","mobile-grid-100","grid-parent","grid-33","no-featured-image-padding"],"acf":[],"yoast_head":"<!-- This site is optimized with the Yoast SEO plugin v27.5 - https:\/\/yoast.com\/product\/yoast-seo-wordpress\/ -->\n<title>D\u0259rvi\u015f Br\u00fcsseli partlad\u0131r na\u011f\u0131l\u0131 - MEYDAN.TV<\/title>\n<meta name=\"robots\" content=\"index, follow, max-snippet:-1, max-image-preview:large, max-video-preview:-1\" \/>\n<link rel=\"canonical\" href=\"https:\/\/www.meydan.tv\/az\/article\/dervis-brusseli-partladir-nagili\/\" \/>\n<meta property=\"og:locale\" content=\"az_AZ\" \/>\n<meta property=\"og:type\" content=\"article\" \/>\n<meta property=\"og:title\" content=\"D\u0259rvi\u015f Br\u00fcsseli partlad\u0131r na\u011f\u0131l\u0131 - MEYDAN.TV\" \/>\n<meta property=\"og:description\" content=\"Q\u0131z\u0131l d\u00f6vr\u00fcn\u00fc bitirmi\u015f sivilizasiyalar\" \/>\n<meta property=\"og:url\" content=\"https:\/\/www.meydan.tv\/az\/article\/dervis-brusseli-partladir-nagili\/\" \/>\n<meta property=\"og:site_name\" content=\"MEYDAN.TV\" \/>\n<meta property=\"article:published_time\" content=\"2016-03-24T18:01:41+00:00\" \/>\n<meta property=\"og:image\" content=\"https:\/\/www.meydan.tv\/wp-content\/uploads\/19734.jpg\" \/>\n\t<meta property=\"og:image:width\" content=\"500\" \/>\n\t<meta property=\"og:image:height\" content=\"500\" \/>\n\t<meta property=\"og:image:type\" content=\"image\/jpeg\" \/>\n<meta name=\"author\" content=\"user-manager\" \/>\n<meta name=\"twitter:card\" content=\"summary_large_image\" \/>\n<script type=\"application\/ld+json\" class=\"yoast-schema-graph\">{\"@context\":\"https:\\\/\\\/schema.org\",\"@graph\":[{\"@type\":\"Article\",\"@id\":\"https:\\\/\\\/www.meydan.tv\\\/az\\\/article\\\/dervis-brusseli-partladir-nagili\\\/#article\",\"isPartOf\":{\"@id\":\"https:\\\/\\\/www.meydan.tv\\\/az\\\/article\\\/dervis-brusseli-partladir-nagili\\\/\"},\"author\":{\"name\":\"user-manager\",\"@id\":\"https:\\\/\\\/www.meydan.tv\\\/az\\\/#\\\/schema\\\/person\\\/10d11eccf6da3662cf5fdab9806ea91a\"},\"headline\":\"D\u0259rvi\u015f Br\u00fcsseli partlad\u0131r na\u011f\u0131l\u0131\",\"datePublished\":\"2016-03-24T18:01:41+00:00\",\"mainEntityOfPage\":{\"@id\":\"https:\\\/\\\/www.meydan.tv\\\/az\\\/article\\\/dervis-brusseli-partladir-nagili\\\/\"},\"wordCount\":1264,\"publisher\":{\"@id\":\"https:\\\/\\\/www.meydan.tv\\\/az\\\/#organization\"},\"image\":{\"@id\":\"https:\\\/\\\/www.meydan.tv\\\/az\\\/article\\\/dervis-brusseli-partladir-nagili\\\/#primaryimage\"},\"thumbnailUrl\":\"https:\\\/\\\/www.meydan.tv\\\/wp-content\\\/uploads\\\/19734.jpg\",\"articleSection\":[\"M\u0259nim Fikrimc\u0259\"],\"inLanguage\":\"az\"},{\"@type\":\"WebPage\",\"@id\":\"https:\\\/\\\/www.meydan.tv\\\/az\\\/article\\\/dervis-brusseli-partladir-nagili\\\/\",\"url\":\"https:\\\/\\\/www.meydan.tv\\\/az\\\/article\\\/dervis-brusseli-partladir-nagili\\\/\",\"name\":\"D\u0259rvi\u015f Br\u00fcsseli partlad\u0131r na\u011f\u0131l\u0131 - MEYDAN.TV\",\"isPartOf\":{\"@id\":\"https:\\\/\\\/www.meydan.tv\\\/az\\\/#website\"},\"primaryImageOfPage\":{\"@id\":\"https:\\\/\\\/www.meydan.tv\\\/az\\\/article\\\/dervis-brusseli-partladir-nagili\\\/#primaryimage\"},\"image\":{\"@id\":\"https:\\\/\\\/www.meydan.tv\\\/az\\\/article\\\/dervis-brusseli-partladir-nagili\\\/#primaryimage\"},\"thumbnailUrl\":\"https:\\\/\\\/www.meydan.tv\\\/wp-content\\\/uploads\\\/19734.jpg\",\"datePublished\":\"2016-03-24T18:01:41+00:00\",\"breadcrumb\":{\"@id\":\"https:\\\/\\\/www.meydan.tv\\\/az\\\/article\\\/dervis-brusseli-partladir-nagili\\\/#breadcrumb\"},\"inLanguage\":\"az\",\"potentialAction\":[{\"@type\":\"ReadAction\",\"target\":[\"https:\\\/\\\/www.meydan.tv\\\/az\\\/article\\\/dervis-brusseli-partladir-nagili\\\/\"]}]},{\"@type\":\"ImageObject\",\"inLanguage\":\"az\",\"@id\":\"https:\\\/\\\/www.meydan.tv\\\/az\\\/article\\\/dervis-brusseli-partladir-nagili\\\/#primaryimage\",\"url\":\"https:\\\/\\\/www.meydan.tv\\\/wp-content\\\/uploads\\\/19734.jpg\",\"contentUrl\":\"https:\\\/\\\/www.meydan.tv\\\/wp-content\\\/uploads\\\/19734.jpg\",\"width\":500,\"height\":500,\"caption\":\"Source:\"},{\"@type\":\"BreadcrumbList\",\"@id\":\"https:\\\/\\\/www.meydan.tv\\\/az\\\/article\\\/dervis-brusseli-partladir-nagili\\\/#breadcrumb\",\"itemListElement\":[{\"@type\":\"ListItem\",\"position\":1,\"name\":\"Ana s\u0259hif\u0259\",\"item\":\"https:\\\/\\\/www.meydan.tv\\\/az\\\/\"},{\"@type\":\"ListItem\",\"position\":2,\"name\":\"M\u0259nim Fikrimc\u0259\",\"item\":\"https:\\\/\\\/www.meydan.tv\\\/az\\\/section\\\/menim-fikrimce\\\/\"},{\"@type\":\"ListItem\",\"position\":3,\"name\":\"D\u0259rvi\u015f Br\u00fcsseli partlad\u0131r na\u011f\u0131l\u0131\"}]},{\"@type\":\"WebSite\",\"@id\":\"https:\\\/\\\/www.meydan.tv\\\/az\\\/#website\",\"url\":\"https:\\\/\\\/www.meydan.tv\\\/az\\\/\",\"name\":\"MEYDAN.TV\",\"description\":\"Meydan TV Az\u0259rbaycan\u0131n media m\u0259kan\u0131ndak\u0131 alternativ s\u0259sidir\",\"publisher\":{\"@id\":\"https:\\\/\\\/www.meydan.tv\\\/az\\\/#organization\"},\"potentialAction\":[{\"@type\":\"SearchAction\",\"target\":{\"@type\":\"EntryPoint\",\"urlTemplate\":\"https:\\\/\\\/www.meydan.tv\\\/az\\\/?s={search_term_string}\"},\"query-input\":{\"@type\":\"PropertyValueSpecification\",\"valueRequired\":true,\"valueName\":\"search_term_string\"}}],\"inLanguage\":\"az\"},{\"@type\":\"Organization\",\"@id\":\"https:\\\/\\\/www.meydan.tv\\\/az\\\/#organization\",\"name\":\"Meydan TV\",\"url\":\"https:\\\/\\\/www.meydan.tv\\\/az\\\/\",\"logo\":{\"@type\":\"ImageObject\",\"inLanguage\":\"az\",\"@id\":\"https:\\\/\\\/www.meydan.tv\\\/az\\\/#\\\/schema\\\/logo\\\/image\\\/\",\"url\":\"https:\\\/\\\/www.meydan.tv\\\/wp-content\\\/uploads\\\/2021\\\/07\\\/meydan-logo.svg\",\"contentUrl\":\"https:\\\/\\\/www.meydan.tv\\\/wp-content\\\/uploads\\\/2021\\\/07\\\/meydan-logo.svg\",\"width\":195,\"height\":46,\"caption\":\"Meydan TV\"},\"image\":{\"@id\":\"https:\\\/\\\/www.meydan.tv\\\/az\\\/#\\\/schema\\\/logo\\\/image\\\/\"}},{\"@type\":\"Person\",\"@id\":\"https:\\\/\\\/www.meydan.tv\\\/az\\\/#\\\/schema\\\/person\\\/10d11eccf6da3662cf5fdab9806ea91a\",\"name\":\"user-manager\"}]}<\/script>\n<!-- \/ Yoast SEO plugin. -->","yoast_head_json":{"title":"D\u0259rvi\u015f Br\u00fcsseli partlad\u0131r na\u011f\u0131l\u0131 - MEYDAN.TV","robots":{"index":"index","follow":"follow","max-snippet":"max-snippet:-1","max-image-preview":"max-image-preview:large","max-video-preview":"max-video-preview:-1"},"canonical":"https:\/\/www.meydan.tv\/az\/article\/dervis-brusseli-partladir-nagili\/","og_locale":"az_AZ","og_type":"article","og_title":"D\u0259rvi\u015f Br\u00fcsseli partlad\u0131r na\u011f\u0131l\u0131 - MEYDAN.TV","og_description":"Q\u0131z\u0131l d\u00f6vr\u00fcn\u00fc bitirmi\u015f sivilizasiyalar","og_url":"https:\/\/www.meydan.tv\/az\/article\/dervis-brusseli-partladir-nagili\/","og_site_name":"MEYDAN.TV","article_published_time":"2016-03-24T18:01:41+00:00","og_image":[{"width":500,"height":500,"url":"https:\/\/www.meydan.tv\/wp-content\/uploads\/19734.jpg","type":"image\/jpeg"}],"author":"user-manager","twitter_card":"summary_large_image","schema":{"@context":"https:\/\/schema.org","@graph":[{"@type":"Article","@id":"https:\/\/www.meydan.tv\/az\/article\/dervis-brusseli-partladir-nagili\/#article","isPartOf":{"@id":"https:\/\/www.meydan.tv\/az\/article\/dervis-brusseli-partladir-nagili\/"},"author":{"name":"user-manager","@id":"https:\/\/www.meydan.tv\/az\/#\/schema\/person\/10d11eccf6da3662cf5fdab9806ea91a"},"headline":"D\u0259rvi\u015f Br\u00fcsseli partlad\u0131r na\u011f\u0131l\u0131","datePublished":"2016-03-24T18:01:41+00:00","mainEntityOfPage":{"@id":"https:\/\/www.meydan.tv\/az\/article\/dervis-brusseli-partladir-nagili\/"},"wordCount":1264,"publisher":{"@id":"https:\/\/www.meydan.tv\/az\/#organization"},"image":{"@id":"https:\/\/www.meydan.tv\/az\/article\/dervis-brusseli-partladir-nagili\/#primaryimage"},"thumbnailUrl":"https:\/\/www.meydan.tv\/wp-content\/uploads\/19734.jpg","articleSection":["M\u0259nim Fikrimc\u0259"],"inLanguage":"az"},{"@type":"WebPage","@id":"https:\/\/www.meydan.tv\/az\/article\/dervis-brusseli-partladir-nagili\/","url":"https:\/\/www.meydan.tv\/az\/article\/dervis-brusseli-partladir-nagili\/","name":"D\u0259rvi\u015f Br\u00fcsseli partlad\u0131r na\u011f\u0131l\u0131 - MEYDAN.TV","isPartOf":{"@id":"https:\/\/www.meydan.tv\/az\/#website"},"primaryImageOfPage":{"@id":"https:\/\/www.meydan.tv\/az\/article\/dervis-brusseli-partladir-nagili\/#primaryimage"},"image":{"@id":"https:\/\/www.meydan.tv\/az\/article\/dervis-brusseli-partladir-nagili\/#primaryimage"},"thumbnailUrl":"https:\/\/www.meydan.tv\/wp-content\/uploads\/19734.jpg","datePublished":"2016-03-24T18:01:41+00:00","breadcrumb":{"@id":"https:\/\/www.meydan.tv\/az\/article\/dervis-brusseli-partladir-nagili\/#breadcrumb"},"inLanguage":"az","potentialAction":[{"@type":"ReadAction","target":["https:\/\/www.meydan.tv\/az\/article\/dervis-brusseli-partladir-nagili\/"]}]},{"@type":"ImageObject","inLanguage":"az","@id":"https:\/\/www.meydan.tv\/az\/article\/dervis-brusseli-partladir-nagili\/#primaryimage","url":"https:\/\/www.meydan.tv\/wp-content\/uploads\/19734.jpg","contentUrl":"https:\/\/www.meydan.tv\/wp-content\/uploads\/19734.jpg","width":500,"height":500,"caption":"Source:"},{"@type":"BreadcrumbList","@id":"https:\/\/www.meydan.tv\/az\/article\/dervis-brusseli-partladir-nagili\/#breadcrumb","itemListElement":[{"@type":"ListItem","position":1,"name":"Ana s\u0259hif\u0259","item":"https:\/\/www.meydan.tv\/az\/"},{"@type":"ListItem","position":2,"name":"M\u0259nim Fikrimc\u0259","item":"https:\/\/www.meydan.tv\/az\/section\/menim-fikrimce\/"},{"@type":"ListItem","position":3,"name":"D\u0259rvi\u015f Br\u00fcsseli partlad\u0131r na\u011f\u0131l\u0131"}]},{"@type":"WebSite","@id":"https:\/\/www.meydan.tv\/az\/#website","url":"https:\/\/www.meydan.tv\/az\/","name":"MEYDAN.TV","description":"Meydan TV Az\u0259rbaycan\u0131n media m\u0259kan\u0131ndak\u0131 alternativ s\u0259sidir","publisher":{"@id":"https:\/\/www.meydan.tv\/az\/#organization"},"potentialAction":[{"@type":"SearchAction","target":{"@type":"EntryPoint","urlTemplate":"https:\/\/www.meydan.tv\/az\/?s={search_term_string}"},"query-input":{"@type":"PropertyValueSpecification","valueRequired":true,"valueName":"search_term_string"}}],"inLanguage":"az"},{"@type":"Organization","@id":"https:\/\/www.meydan.tv\/az\/#organization","name":"Meydan TV","url":"https:\/\/www.meydan.tv\/az\/","logo":{"@type":"ImageObject","inLanguage":"az","@id":"https:\/\/www.meydan.tv\/az\/#\/schema\/logo\/image\/","url":"https:\/\/www.meydan.tv\/wp-content\/uploads\/2021\/07\/meydan-logo.svg","contentUrl":"https:\/\/www.meydan.tv\/wp-content\/uploads\/2021\/07\/meydan-logo.svg","width":195,"height":46,"caption":"Meydan TV"},"image":{"@id":"https:\/\/www.meydan.tv\/az\/#\/schema\/logo\/image\/"}},{"@type":"Person","@id":"https:\/\/www.meydan.tv\/az\/#\/schema\/person\/10d11eccf6da3662cf5fdab9806ea91a","name":"user-manager"}]}},"_links":{"self":[{"href":"https:\/\/www.meydan.tv\/az\/wp-json\/wp\/v2\/posts\/174563","targetHints":{"allow":["GET"]}}],"collection":[{"href":"https:\/\/www.meydan.tv\/az\/wp-json\/wp\/v2\/posts"}],"about":[{"href":"https:\/\/www.meydan.tv\/az\/wp-json\/wp\/v2\/types\/post"}],"author":[{"embeddable":true,"href":"https:\/\/www.meydan.tv\/az\/wp-json\/wp\/v2\/users\/11"}],"replies":[{"embeddable":true,"href":"https:\/\/www.meydan.tv\/az\/wp-json\/wp\/v2\/comments?post=174563"}],"version-history":[{"count":0,"href":"https:\/\/www.meydan.tv\/az\/wp-json\/wp\/v2\/posts\/174563\/revisions"}],"wp:featuredmedia":[{"embeddable":true,"href":"https:\/\/www.meydan.tv\/az\/wp-json\/wp\/v2\/media\/52275"}],"wp:attachment":[{"href":"https:\/\/www.meydan.tv\/az\/wp-json\/wp\/v2\/media?parent=174563"}],"wp:term":[{"taxonomy":"category","embeddable":true,"href":"https:\/\/www.meydan.tv\/az\/wp-json\/wp\/v2\/categories?post=174563"},{"taxonomy":"post_tag","embeddable":true,"href":"https:\/\/www.meydan.tv\/az\/wp-json\/wp\/v2\/tags?post=174563"}],"curies":[{"name":"wp","href":"https:\/\/api.w.org\/{rel}","templated":true}]}}